{"id":10010,"date":"2025-06-18T12:35:07","date_gmt":"2025-06-18T12:35:07","guid":{"rendered":"https:\/\/estadocomarte.pt\/site\/?p=10010"},"modified":"2025-06-18T12:35:07","modified_gmt":"2025-06-18T12:35:07","slug":"violencia-domestica-do-grevio-ao-programa-de-governo-para-a-justica","status":"publish","type":"post","link":"https:\/\/estadocomarte.pt\/site\/2025\/06\/18\/violencia-domestica-do-grevio-ao-programa-de-governo-para-a-justica\/","title":{"rendered":"Viol\u00eancia dom\u00e9stica: do GREVIO ao Programa de Governo para a Justi\u00e7a"},"content":{"rendered":"<p align=\"justify\"><strong><span style=\"font-family: Arial, serif;\"><span style=\"font-size: medium;\">O Programa do governo para a Justi\u00e7a borda tamb\u00e9m a celeridade processual, contudo sem mencionar a viol\u00eancia dom\u00e9stica. Ora, um dos atuais problemas de morosidade na Justi\u00e7a prende-se, precisamente, com a excessiva demora da fase de inqu\u00e9rito neste tipo de criminalidade. Os atrasos nestes processos potenciam a revitimiza\u00e7\u00e3o e colidem com os princ\u00edpios da Conven\u00e7\u00e3o de Istambul e da Diretiva (UE) 2024\/1385.<\/span><\/span><\/strong><\/p>\n<p align=\"justify\"><span style=\"font-family: Arial, serif;\"><span style=\"font-size: medium;\">No dia 14 de junho foi apresentado o Programa de Governo, que dedica 14 p\u00e1ginas \u00e0s metas para a \u00e1rea da Justi\u00e7a. Fomos \u00e0 procura das que poder\u00e3o responder aos anseios do GREVIO (Grupo de peritos para o combate \u00e0 viol\u00eancia contra as mulheres e a viol\u00eancia dom\u00e9stica, do Conselho da Europa), que a 27 de maio tinha publicado o seu primeiro relat\u00f3rio tem\u00e1tico sobre Portugal no \u00e2mbito da aplica\u00e7\u00e3o da Conven\u00e7\u00e3o de Istambul.<\/span><\/span><\/p>\n<p align=\"justify\"><span style=\"font-family: Arial, serif;\"><span style=\"font-size: medium;\">Cruzando as recomenda\u00e7\u00f5es do GREVIO para Portugal com o Programa para a Justi\u00e7a, temos, desde logo, a meta do Governo de \u201c<\/span><\/span><span style=\"font-family: Arial, serif;\"><span style=\"font-size: medium;\"><i>estabelecer programas de forma\u00e7\u00e3o cont\u00ednua para magistrados e demais agentes, nomeadamente, focados<\/i><\/span><\/span><span style=\"font-family: Arial, serif;\"><span style=\"font-size: medium;\"> (&#8230;) <\/span><\/span><span style=\"font-family: Arial, serif;\"><span style=\"font-size: medium;\"><i>em mat\u00e9rias como a de viol\u00eancia dom\u00e9stica<\/i><\/span><\/span><span style=\"font-family: Arial, serif;\"><span style=\"font-size: medium;\">\u201d. Falta, naturalmente, concretizar os moldes da forma\u00e7\u00e3o, mas, tal como o GREVIO, consideramos que dever\u00e1 ser frequente e obrigat\u00f3ria. A forma\u00e7\u00e3o espec\u00edfica \u00e9 essencial.<\/span><\/span><\/p>\n<p align=\"justify\"><span style=\"font-family: Arial, serif;\"><span style=\"font-size: medium;\">O Programa aborda tamb\u00e9m a celeridade processual, contudo sem mencionar a viol\u00eancia dom\u00e9stica. Ora, um dos atuais problemas de morosidade na Justi\u00e7a prende-se, precisamente, com a excessiva demora da fase de inqu\u00e9rito neste tipo de criminalidade. Os atrasos nestes processos potenciam a revitimiza\u00e7\u00e3o e colidem com os princ\u00edpios da Conven\u00e7\u00e3o de Istambul e da Diretiva (UE) 2024\/1385, <\/span><\/span><span style=\"color: #000000;\"><span style=\"font-family: Arial, serif;\"><span style=\"font-size: medium;\">relativa ao combate \u00e0 viol\u00eancia contra as mulheres e \u00e0 viol\u00eancia dom\u00e9stica, pelo que se exigia uma meta nesta \u00e1rea e espera-se uma atua\u00e7\u00e3o imediata.<\/span><\/span><\/span><\/p>\n<p align=\"justify\"><span style=\"font-family: Arial, serif;\"><span style=\"font-size: medium;\">A meio do Programa encontramos, finalmente, um cap\u00edtulo destinado \u00e0 \u201c<\/span><\/span><span style=\"font-family: Arial, serif;\"><span style=\"font-size: medium;\"><i>promo\u00e7\u00e3o dos direitos das v\u00edtimas de crime<\/i><\/span><\/span><span style=\"font-family: Arial, serif;\"><span style=\"font-size: medium;\">\u201d, destacando no primeiro ponto a \u201c<\/span><\/span><span style=\"font-family: Arial, serif;\"><span style=\"font-size: medium;\"><i>participa\u00e7\u00e3o ativa na interven\u00e7\u00e3o integrada do Estado no combate \u00e0 viol\u00eancia dom\u00e9stica<\/i><\/span><\/span><span style=\"font-family: Arial, serif;\"><span style=\"font-size: medium;\">\u201d, o que, mesmo sendo vago, indicia uma boa inten\u00e7\u00e3o.<\/span><\/span><\/p>\n<p align=\"justify\"><span style=\"font-family: Arial, serif;\"><span style=\"font-size: medium;\">E continua com a meta de \u201c<\/span><\/span><span style=\"font-family: Arial, serif;\"><span style=\"font-size: medium;\"><i>desenvolver solu\u00e7\u00f5es inovadoras e boas pr\u00e1ticas em mat\u00e9ria de apoio \u00e0s v\u00edtimas de crime, designadamente atrav\u00e9s de projetos nacionais ou internacionais, com colabora\u00e7\u00e3o de entidades nacionais e europeias de apoio \u00e0s v\u00edtimas de crime<\/i><\/span><\/span><span style=\"font-family: Arial, serif;\"><span style=\"font-size: medium;\">\u201d e ainda com a \u201c<\/span><\/span><span style=\"font-family: Arial, serif;\"><span style=\"font-size: medium;\"><i>cria\u00e7\u00e3o de centros de crise para v\u00edtimas de viol\u00eancia sexual, com o objetivo de garantir uma resposta imediata<\/i><\/span><\/span><span style=\"font-family: Arial, serif;\"><span style=\"font-size: medium;\">, <\/span><\/span><span style=\"font-family: Arial, serif;\"><span style=\"font-size: medium;\"><i>especializada, multidisciplinar e confidencial a pessoas, jovens e crian\u00e7as em situa\u00e7\u00e3o de agress\u00e3o sexual<\/i><\/span><\/span><span style=\"font-family: Arial, serif;\"><span style=\"font-size: medium;\">\u201d. Por\u00e9m, estes centros de crise dever\u00e3o poder acolher v\u00edtimas de viol\u00eancia dom\u00e9stica, ou dever\u00e3o ser criados centros pr\u00f3prios para estas v\u00edtimas, devido ao grave e profundo impacto, a v\u00e1rios n\u00edveis, deste crime. Para quando a implementa\u00e7\u00e3o do modelo Barnahus?<\/span><\/span><\/p>\n<p align=\"justify\"><span style=\"font-family: Arial, serif;\"><span style=\"font-size: medium;\">Sabemos que o documento em causa \u00e9 um programa de inten\u00e7\u00f5es, que poder\u00e1 ser, ou n\u00e3o, concretizado. Mas, mesmo com ideias vagas ou gen\u00e9ricas, cremos que, apesar de positivas, se exigia mais em mat\u00e9ria de prote\u00e7\u00e3o das v\u00edtimas, cujo regime precisa desesperadamente de ser revisto.<\/span><\/span><\/p>\n<p align=\"justify\"><span style=\"font-family: Arial, serif;\"><span style=\"font-size: medium;\">Esperemos agora pela sua aplica\u00e7\u00e3o, otimistas de que venham a adotar medidas efetivas em mat\u00e9ria de combate e preven\u00e7\u00e3o contra este flagelo, que j\u00e1 tardam. Portugal tem um grav\u00edssimo problema de viol\u00eancia dom\u00e9stica e o sistema apresenta enormes entraves para o resolver. Urge ser dotado de meios para que se possa, efetivamente, atuar em conformidade.<\/span><\/span><\/p>\n","protected":false},"excerpt":{"rendered":"<p>Ricardo Sardo,<br \/>\nAdvogado<\/p>\n","protected":false},"author":1,"featured_media":10011,"comment_status":"open","ping_status":"open","sticky":false,"template":"","format":"standard","meta":{"site-sidebar-layout":"default","site-content-layout":"default","ast-global-header-display":"","ast-banner-title-visibility":"","ast-main-header-display":"","ast-hfb-above-header-display":"","ast-hfb-below-header-display":"","ast-hfb-mobile-header-display":"","site-post-title":"","ast-breadcrumbs-content":"","ast-featured-img":"","footer-sml-layout":"","theme-transparent-header-meta":"default","adv-header-id-meta":"","stick-header-meta":"","header-above-stick-meta":"","header-main-stick-meta":"","header-below-stick-meta":"","footnotes":""},"categories":[64,87],"tags":[956],"class_list":["post-10010","post","type-post","status-publish","format-standard","has-post-thumbnail","hentry","category-isto-para-nos","category-vice-versa","tag-ricardo-sardo"],"yoast_head":"<!-- This site is optimized with the Yoast SEO plugin v25.1 - https:\/\/yoast.com\/wordpress\/plugins\/seo\/ -->\n<title>Viol\u00eancia dom\u00e9stica: do GREVIO ao Programa de Governo para a Justi\u00e7a - Estado com Arte<\/title>\n<meta name=\"robots\" content=\"index, follow, max-snippet:-1, max-image-preview:large, max-video-preview:-1\" \/>\n<link rel=\"canonical\" href=\"https:\/\/estadocomarte.pt\/site\/2025\/06\/18\/violencia-domestica-do-grevio-ao-programa-de-governo-para-a-justica\/\" \/>\n<meta property=\"og:locale\" content=\"pt_PT\" \/>\n<meta property=\"og:type\" content=\"article\" \/>\n<meta property=\"og:title\" content=\"Viol\u00eancia dom\u00e9stica: do GREVIO ao Programa de Governo para a Justi\u00e7a - Estado com Arte\" \/>\n<meta property=\"og:description\" content=\"Ricardo Sardo, Advogado\" \/>\n<meta property=\"og:url\" content=\"https:\/\/estadocomarte.pt\/site\/2025\/06\/18\/violencia-domestica-do-grevio-ao-programa-de-governo-para-a-justica\/\" \/>\n<meta property=\"og:site_name\" content=\"Estado com Arte\" \/>\n<meta property=\"article:published_time\" content=\"2025-06-18T12:35:07+00:00\" \/>\n<meta property=\"og:image\" content=\"https:\/\/estadocomarte.pt\/site\/wp-content\/uploads\/2025\/06\/ricardo-sardo.jpeg\" \/>\n\t<meta property=\"og:image:width\" content=\"800\" \/>\n\t<meta property=\"og:image:height\" content=\"800\" \/>\n\t<meta property=\"og:image:type\" content=\"image\/jpeg\" \/>\n<meta name=\"author\" content=\"admin\" \/>\n<meta name=\"twitter:card\" content=\"summary_large_image\" \/>\n<meta name=\"twitter:label1\" content=\"Escrito por\" \/>\n\t<meta name=\"twitter:data1\" content=\"admin\" \/>\n\t<meta name=\"twitter:label2\" content=\"Tempo estimado de leitura\" \/>\n\t<meta name=\"twitter:data2\" content=\"4 minutos\" \/>\n<script type=\"application\/ld+json\" class=\"yoast-schema-graph\">{\"@context\":\"https:\/\/schema.org\",\"@graph\":[{\"@type\":\"Article\",\"@id\":\"https:\/\/estadocomarte.pt\/site\/2025\/06\/18\/violencia-domestica-do-grevio-ao-programa-de-governo-para-a-justica\/#article\",\"isPartOf\":{\"@id\":\"https:\/\/estadocomarte.pt\/site\/2025\/06\/18\/violencia-domestica-do-grevio-ao-programa-de-governo-para-a-justica\/\"},\"author\":{\"name\":\"admin\",\"@id\":\"https:\/\/estadocomarte.pt\/site\/#\/schema\/person\/c0943a071216c1e5b21f85304151e4ba\"},\"headline\":\"Viol\u00eancia dom\u00e9stica: do GREVIO ao Programa de Governo para a Justi\u00e7a\",\"datePublished\":\"2025-06-18T12:35:07+00:00\",\"mainEntityOfPage\":{\"@id\":\"https:\/\/estadocomarte.pt\/site\/2025\/06\/18\/violencia-domestica-do-grevio-ao-programa-de-governo-para-a-justica\/\"},\"wordCount\":627,\"commentCount\":0,\"publisher\":{\"@id\":\"https:\/\/estadocomarte.pt\/site\/#organization\"},\"image\":{\"@id\":\"https:\/\/estadocomarte.pt\/site\/2025\/06\/18\/violencia-domestica-do-grevio-ao-programa-de-governo-para-a-justica\/#primaryimage\"},\"thumbnailUrl\":\"https:\/\/estadocomarte.pt\/site\/wp-content\/uploads\/2025\/06\/ricardo-sardo.jpeg\",\"keywords\":[\"ricardo sardo\"],\"articleSection\":[\"Isto Para N\u00f3s\",\"Vice-versa\"],\"inLanguage\":\"pt-PT\",\"potentialAction\":[{\"@type\":\"CommentAction\",\"name\":\"Comment\",\"target\":[\"https:\/\/estadocomarte.pt\/site\/2025\/06\/18\/violencia-domestica-do-grevio-ao-programa-de-governo-para-a-justica\/#respond\"]}]},{\"@type\":\"WebPage\",\"@id\":\"https:\/\/estadocomarte.pt\/site\/2025\/06\/18\/violencia-domestica-do-grevio-ao-programa-de-governo-para-a-justica\/\",\"url\":\"https:\/\/estadocomarte.pt\/site\/2025\/06\/18\/violencia-domestica-do-grevio-ao-programa-de-governo-para-a-justica\/\",\"name\":\"Viol\u00eancia dom\u00e9stica: do GREVIO ao Programa de Governo para a Justi\u00e7a - Estado com Arte\",\"isPartOf\":{\"@id\":\"https:\/\/estadocomarte.pt\/site\/#website\"},\"primaryImageOfPage\":{\"@id\":\"https:\/\/estadocomarte.pt\/site\/2025\/06\/18\/violencia-domestica-do-grevio-ao-programa-de-governo-para-a-justica\/#primaryimage\"},\"image\":{\"@id\":\"https:\/\/estadocomarte.pt\/site\/2025\/06\/18\/violencia-domestica-do-grevio-ao-programa-de-governo-para-a-justica\/#primaryimage\"},\"thumbnailUrl\":\"https:\/\/estadocomarte.pt\/site\/wp-content\/uploads\/2025\/06\/ricardo-sardo.jpeg\",\"datePublished\":\"2025-06-18T12:35:07+00:00\",\"breadcrumb\":{\"@id\":\"https:\/\/estadocomarte.pt\/site\/2025\/06\/18\/violencia-domestica-do-grevio-ao-programa-de-governo-para-a-justica\/#breadcrumb\"},\"inLanguage\":\"pt-PT\",\"potentialAction\":[{\"@type\":\"ReadAction\",\"target\":[\"https:\/\/estadocomarte.pt\/site\/2025\/06\/18\/violencia-domestica-do-grevio-ao-programa-de-governo-para-a-justica\/\"]}]},{\"@type\":\"ImageObject\",\"inLanguage\":\"pt-PT\",\"@id\":\"https:\/\/estadocomarte.pt\/site\/2025\/06\/18\/violencia-domestica-do-grevio-ao-programa-de-governo-para-a-justica\/#primaryimage\",\"url\":\"https:\/\/estadocomarte.pt\/site\/wp-content\/uploads\/2025\/06\/ricardo-sardo.jpeg\",\"contentUrl\":\"https:\/\/estadocomarte.pt\/site\/wp-content\/uploads\/2025\/06\/ricardo-sardo.jpeg\",\"width\":800,\"height\":800},{\"@type\":\"BreadcrumbList\",\"@id\":\"https:\/\/estadocomarte.pt\/site\/2025\/06\/18\/violencia-domestica-do-grevio-ao-programa-de-governo-para-a-justica\/#breadcrumb\",\"itemListElement\":[{\"@type\":\"ListItem\",\"position\":1,\"name\":\"In\u00edcio\",\"item\":\"https:\/\/estadocomarte.pt\/site\/\"},{\"@type\":\"ListItem\",\"position\":2,\"name\":\"Viol\u00eancia dom\u00e9stica: do GREVIO ao Programa de Governo para a Justi\u00e7a\"}]},{\"@type\":\"WebSite\",\"@id\":\"https:\/\/estadocomarte.pt\/site\/#website\",\"url\":\"https:\/\/estadocomarte.pt\/site\/\",\"name\":\"Estado com Arte Magazine\",\"description\":\"Magazine\",\"publisher\":{\"@id\":\"https:\/\/estadocomarte.pt\/site\/#organization\"},\"alternateName\":\"Magazine semanal sobre pol\u00edtica e cultura, com autores, opini\u00e3o e cr\u00edticas.\",\"potentialAction\":[{\"@type\":\"SearchAction\",\"target\":{\"@type\":\"EntryPoint\",\"urlTemplate\":\"https:\/\/estadocomarte.pt\/site\/?s={search_term_string}\"},\"query-input\":{\"@type\":\"PropertyValueSpecification\",\"valueRequired\":true,\"valueName\":\"search_term_string\"}}],\"inLanguage\":\"pt-PT\"},{\"@type\":\"Organization\",\"@id\":\"https:\/\/estadocomarte.pt\/site\/#organization\",\"name\":\"Estado com Arte Magazine\",\"alternateName\":\"Magazine semanal sobre pol\u00edtica e cultura, com autores, opini\u00e3o e cr\u00edticas.\",\"url\":\"https:\/\/estadocomarte.pt\/site\/\",\"logo\":{\"@type\":\"ImageObject\",\"inLanguage\":\"pt-PT\",\"@id\":\"https:\/\/estadocomarte.pt\/site\/#\/schema\/logo\/image\/\",\"url\":\"https:\/\/estadocomarte.pt\/site\/wp-content\/uploads\/2023\/06\/cropped-cropped-Prancheta-2@2x-100.jpg\",\"contentUrl\":\"https:\/\/estadocomarte.pt\/site\/wp-content\/uploads\/2023\/06\/cropped-cropped-Prancheta-2@2x-100.jpg\",\"width\":1777,\"height\":592,\"caption\":\"Estado com Arte Magazine\"},\"image\":{\"@id\":\"https:\/\/estadocomarte.pt\/site\/#\/schema\/logo\/image\/\"},\"sameAs\":[\"https:\/\/www.instagram.com\/estadocomartemagazine\"]},{\"@type\":\"Person\",\"@id\":\"https:\/\/estadocomarte.pt\/site\/#\/schema\/person\/c0943a071216c1e5b21f85304151e4ba\",\"name\":\"admin\",\"image\":{\"@type\":\"ImageObject\",\"inLanguage\":\"pt-PT\",\"@id\":\"https:\/\/estadocomarte.pt\/site\/#\/schema\/person\/image\/\",\"url\":\"https:\/\/secure.gravatar.com\/avatar\/e6f378fd6914c8505d3e1d40f51fa953b21bab0f3a5658a33bc84cb5bda780f9?s=96&d=mm&r=g\",\"contentUrl\":\"https:\/\/secure.gravatar.com\/avatar\/e6f378fd6914c8505d3e1d40f51fa953b21bab0f3a5658a33bc84cb5bda780f9?s=96&d=mm&r=g\",\"caption\":\"admin\"},\"sameAs\":[\"https:\/\/estadocomarte.pt\/site\"],\"url\":\"https:\/\/estadocomarte.pt\/site\/author\/admin\/\"}]}<\/script>\n<!-- \/ Yoast SEO plugin. -->","yoast_head_json":{"title":"Viol\u00eancia dom\u00e9stica: do GREVIO ao Programa de Governo para a Justi\u00e7a - Estado com Arte","robots":{"index":"index","follow":"follow","max-snippet":"max-snippet:-1","max-image-preview":"max-image-preview:large","max-video-preview":"max-video-preview:-1"},"canonical":"https:\/\/estadocomarte.pt\/site\/2025\/06\/18\/violencia-domestica-do-grevio-ao-programa-de-governo-para-a-justica\/","og_locale":"pt_PT","og_type":"article","og_title":"Viol\u00eancia dom\u00e9stica: do GREVIO ao Programa de Governo para a Justi\u00e7a - Estado com Arte","og_description":"Ricardo Sardo, Advogado","og_url":"https:\/\/estadocomarte.pt\/site\/2025\/06\/18\/violencia-domestica-do-grevio-ao-programa-de-governo-para-a-justica\/","og_site_name":"Estado com Arte","article_published_time":"2025-06-18T12:35:07+00:00","og_image":[{"width":800,"height":800,"url":"https:\/\/estadocomarte.pt\/site\/wp-content\/uploads\/2025\/06\/ricardo-sardo.jpeg","type":"image\/jpeg"}],"author":"admin","twitter_card":"summary_large_image","twitter_misc":{"Escrito por":"admin","Tempo estimado de leitura":"4 minutos"},"schema":{"@context":"https:\/\/schema.org","@graph":[{"@type":"Article","@id":"https:\/\/estadocomarte.pt\/site\/2025\/06\/18\/violencia-domestica-do-grevio-ao-programa-de-governo-para-a-justica\/#article","isPartOf":{"@id":"https:\/\/estadocomarte.pt\/site\/2025\/06\/18\/violencia-domestica-do-grevio-ao-programa-de-governo-para-a-justica\/"},"author":{"name":"admin","@id":"https:\/\/estadocomarte.pt\/site\/#\/schema\/person\/c0943a071216c1e5b21f85304151e4ba"},"headline":"Viol\u00eancia dom\u00e9stica: do GREVIO ao Programa de Governo para a Justi\u00e7a","datePublished":"2025-06-18T12:35:07+00:00","mainEntityOfPage":{"@id":"https:\/\/estadocomarte.pt\/site\/2025\/06\/18\/violencia-domestica-do-grevio-ao-programa-de-governo-para-a-justica\/"},"wordCount":627,"commentCount":0,"publisher":{"@id":"https:\/\/estadocomarte.pt\/site\/#organization"},"image":{"@id":"https:\/\/estadocomarte.pt\/site\/2025\/06\/18\/violencia-domestica-do-grevio-ao-programa-de-governo-para-a-justica\/#primaryimage"},"thumbnailUrl":"https:\/\/estadocomarte.pt\/site\/wp-content\/uploads\/2025\/06\/ricardo-sardo.jpeg","keywords":["ricardo sardo"],"articleSection":["Isto Para N\u00f3s","Vice-versa"],"inLanguage":"pt-PT","potentialAction":[{"@type":"CommentAction","name":"Comment","target":["https:\/\/estadocomarte.pt\/site\/2025\/06\/18\/violencia-domestica-do-grevio-ao-programa-de-governo-para-a-justica\/#respond"]}]},{"@type":"WebPage","@id":"https:\/\/estadocomarte.pt\/site\/2025\/06\/18\/violencia-domestica-do-grevio-ao-programa-de-governo-para-a-justica\/","url":"https:\/\/estadocomarte.pt\/site\/2025\/06\/18\/violencia-domestica-do-grevio-ao-programa-de-governo-para-a-justica\/","name":"Viol\u00eancia dom\u00e9stica: do GREVIO ao Programa de Governo para a Justi\u00e7a - Estado com Arte","isPartOf":{"@id":"https:\/\/estadocomarte.pt\/site\/#website"},"primaryImageOfPage":{"@id":"https:\/\/estadocomarte.pt\/site\/2025\/06\/18\/violencia-domestica-do-grevio-ao-programa-de-governo-para-a-justica\/#primaryimage"},"image":{"@id":"https:\/\/estadocomarte.pt\/site\/2025\/06\/18\/violencia-domestica-do-grevio-ao-programa-de-governo-para-a-justica\/#primaryimage"},"thumbnailUrl":"https:\/\/estadocomarte.pt\/site\/wp-content\/uploads\/2025\/06\/ricardo-sardo.jpeg","datePublished":"2025-06-18T12:35:07+00:00","breadcrumb":{"@id":"https:\/\/estadocomarte.pt\/site\/2025\/06\/18\/violencia-domestica-do-grevio-ao-programa-de-governo-para-a-justica\/#breadcrumb"},"inLanguage":"pt-PT","potentialAction":[{"@type":"ReadAction","target":["https:\/\/estadocomarte.pt\/site\/2025\/06\/18\/violencia-domestica-do-grevio-ao-programa-de-governo-para-a-justica\/"]}]},{"@type":"ImageObject","inLanguage":"pt-PT","@id":"https:\/\/estadocomarte.pt\/site\/2025\/06\/18\/violencia-domestica-do-grevio-ao-programa-de-governo-para-a-justica\/#primaryimage","url":"https:\/\/estadocomarte.pt\/site\/wp-content\/uploads\/2025\/06\/ricardo-sardo.jpeg","contentUrl":"https:\/\/estadocomarte.pt\/site\/wp-content\/uploads\/2025\/06\/ricardo-sardo.jpeg","width":800,"height":800},{"@type":"BreadcrumbList","@id":"https:\/\/estadocomarte.pt\/site\/2025\/06\/18\/violencia-domestica-do-grevio-ao-programa-de-governo-para-a-justica\/#breadcrumb","itemListElement":[{"@type":"ListItem","position":1,"name":"In\u00edcio","item":"https:\/\/estadocomarte.pt\/site\/"},{"@type":"ListItem","position":2,"name":"Viol\u00eancia dom\u00e9stica: do GREVIO ao Programa de Governo para a Justi\u00e7a"}]},{"@type":"WebSite","@id":"https:\/\/estadocomarte.pt\/site\/#website","url":"https:\/\/estadocomarte.pt\/site\/","name":"Estado com Arte Magazine","description":"Magazine","publisher":{"@id":"https:\/\/estadocomarte.pt\/site\/#organization"},"alternateName":"Magazine semanal sobre pol\u00edtica e cultura, com autores, opini\u00e3o e cr\u00edticas.","potentialAction":[{"@type":"SearchAction","target":{"@type":"EntryPoint","urlTemplate":"https:\/\/estadocomarte.pt\/site\/?s={search_term_string}"},"query-input":{"@type":"PropertyValueSpecification","valueRequired":true,"valueName":"search_term_string"}}],"inLanguage":"pt-PT"},{"@type":"Organization","@id":"https:\/\/estadocomarte.pt\/site\/#organization","name":"Estado com Arte Magazine","alternateName":"Magazine semanal sobre pol\u00edtica e cultura, com autores, opini\u00e3o e cr\u00edticas.","url":"https:\/\/estadocomarte.pt\/site\/","logo":{"@type":"ImageObject","inLanguage":"pt-PT","@id":"https:\/\/estadocomarte.pt\/site\/#\/schema\/logo\/image\/","url":"https:\/\/estadocomarte.pt\/site\/wp-content\/uploads\/2023\/06\/cropped-cropped-Prancheta-2@2x-100.jpg","contentUrl":"https:\/\/estadocomarte.pt\/site\/wp-content\/uploads\/2023\/06\/cropped-cropped-Prancheta-2@2x-100.jpg","width":1777,"height":592,"caption":"Estado com Arte Magazine"},"image":{"@id":"https:\/\/estadocomarte.pt\/site\/#\/schema\/logo\/image\/"},"sameAs":["https:\/\/www.instagram.com\/estadocomartemagazine"]},{"@type":"Person","@id":"https:\/\/estadocomarte.pt\/site\/#\/schema\/person\/c0943a071216c1e5b21f85304151e4ba","name":"admin","image":{"@type":"ImageObject","inLanguage":"pt-PT","@id":"https:\/\/estadocomarte.pt\/site\/#\/schema\/person\/image\/","url":"https:\/\/secure.gravatar.com\/avatar\/e6f378fd6914c8505d3e1d40f51fa953b21bab0f3a5658a33bc84cb5bda780f9?s=96&d=mm&r=g","contentUrl":"https:\/\/secure.gravatar.com\/avatar\/e6f378fd6914c8505d3e1d40f51fa953b21bab0f3a5658a33bc84cb5bda780f9?s=96&d=mm&r=g","caption":"admin"},"sameAs":["https:\/\/estadocomarte.pt\/site"],"url":"https:\/\/estadocomarte.pt\/site\/author\/admin\/"}]}},"_links":{"self":[{"href":"https:\/\/estadocomarte.pt\/site\/wp-json\/wp\/v2\/posts\/10010","targetHints":{"allow":["GET"]}}],"collection":[{"href":"https:\/\/estadocomarte.pt\/site\/wp-json\/wp\/v2\/posts"}],"about":[{"href":"https:\/\/estadocomarte.pt\/site\/wp-json\/wp\/v2\/types\/post"}],"author":[{"embeddable":true,"href":"https:\/\/estadocomarte.pt\/site\/wp-json\/wp\/v2\/users\/1"}],"replies":[{"embeddable":true,"href":"https:\/\/estadocomarte.pt\/site\/wp-json\/wp\/v2\/comments?post=10010"}],"version-history":[{"count":1,"href":"https:\/\/estadocomarte.pt\/site\/wp-json\/wp\/v2\/posts\/10010\/revisions"}],"predecessor-version":[{"id":10012,"href":"https:\/\/estadocomarte.pt\/site\/wp-json\/wp\/v2\/posts\/10010\/revisions\/10012"}],"wp:featuredmedia":[{"embeddable":true,"href":"https:\/\/estadocomarte.pt\/site\/wp-json\/wp\/v2\/media\/10011"}],"wp:attachment":[{"href":"https:\/\/estadocomarte.pt\/site\/wp-json\/wp\/v2\/media?parent=10010"}],"wp:term":[{"taxonomy":"category","embeddable":true,"href":"https:\/\/estadocomarte.pt\/site\/wp-json\/wp\/v2\/categories?post=10010"},{"taxonomy":"post_tag","embeddable":true,"href":"https:\/\/estadocomarte.pt\/site\/wp-json\/wp\/v2\/tags?post=10010"}],"curies":[{"name":"wp","href":"https:\/\/api.w.org\/{rel}","templated":true}]}}