{"id":10057,"date":"2025-06-26T10:35:34","date_gmt":"2025-06-26T10:35:34","guid":{"rendered":"https:\/\/estadocomarte.pt\/site\/?p=10057"},"modified":"2025-06-26T10:38:00","modified_gmt":"2025-06-26T10:38:00","slug":"imigracao-aima-notifica-5-dezenas-de-imigrantes-a-trabalhar-nos-anjos-para-sair-do-pais","status":"publish","type":"post","link":"https:\/\/estadocomarte.pt\/site\/2025\/06\/26\/imigracao-aima-notifica-5-dezenas-de-imigrantes-a-trabalhar-nos-anjos-para-sair-do-pais\/","title":{"rendered":"Imigra\u00e7\u00e3o. AIMA notifica 5 dezenas de imigrantes a trabalhar nos Anjos para sair do pa\u00eds"},"content":{"rendered":"<p><strong>A Ag\u00eancia para a Integra\u00e7\u00e3o, Migra\u00e7\u00f5es e Asilo (AIMA) e o Governo recusaram o pedido de autoriza\u00e7\u00e3o de resid\u00eancia por &#8220;raz\u00f5es humanit\u00e1rias&#8221; de mais de cinco dezenas de imigrantes que, numa situa\u00e7\u00e3o de indignidade, pernoitaram, por largos meses, nas imedia\u00e7\u00f5es da Igreja dos Anjos, em Lisboa.<\/strong><\/p>\n<p>&#8220;Ao mesmo tempo, a AIMA notificou-os para abandonarem voluntariamente o pa\u00eds num prazo de 20 dias, amea\u00e7ando com a eventual deten\u00e7\u00e3o e instaura\u00e7\u00e3o de procedimento de afastamento coercivo findo esse mesmo prazo,&#8221; diz Mariana Carneiro, dirigente da SOS Racismo, em comunicado a que o Estado com Arte Magazine teve acesso.<\/p>\n<p>Foi lan\u00e7ada uma campanha de angaria\u00e7\u00e3o de fundos atrav\u00e9s da Cozinha Migrante dos Anjos para recorrer desta decis\u00e3o. As despesas diretamente associadas aos processos de impugna\u00e7\u00e3o judicial s\u00e3o de 306 euros por pessoa. &#8220;Em cerca de um ter\u00e7o dos casos, a \u00fanica via de resposta ser\u00e1 mesmo a impugna\u00e7\u00e3o judicial. Os prazos s\u00e3o muito apertados, para a semana temos de avan\u00e7ar com os processos,&#8221; admite Mariana Carneiro.<\/p>\n<p>Os imigrantes vieram do Senegal, da G\u00e2mbia, da Maurit\u00e2nia. &#8220;Atravessaram o Atl\u00e2ntico numa piroga e arriscaram a vida. No caminho rumo \u00e0 Europa, viram morrer amigos e irm\u00e3os. Fugiram da mis\u00e9ria e da falta de oportunidades \u00e0 procura de um futuro melhor, de um futuro digno. Alguns foram v\u00edtimas de persegui\u00e7\u00e3o e viol\u00eancia nos seus pa\u00edses de origem.&#8221;<\/p>\n<p>Depois de uma breve passagem por Espanha, e chegadas, no in\u00edcio de 2024, ao seu destino de sonho &#8211; Portugal &#8211; estas pessoas procuraram, de imediato, a AIMA, por forma a regularizarem a sua situa\u00e7\u00e3o documental, assegura a defensora de direitos humanos. Considera que os seus pedidos de prote\u00e7\u00e3o internacional foram analisados em tempo recorde e de forma \u201catabalhoada\u201d, a resposta &#8220;foi indistinta e sem considera\u00e7\u00e3o pela situa\u00e7\u00e3o individual de cada um: a ag\u00eancia decidiu indeferir os pedidos, atirar estas pessoas para a rua sem alternativas e sem qualquer apoio.&#8221;<\/p>\n<p>Apenas contam com o apoio de coletivos e ativistas que conseguiram encetar um novo processo de regulariza\u00e7\u00e3o, por via da al\u00ednea b) do artigo 123\u00ba da \u201cLei da Imigra\u00e7\u00e3o\u201d, que prev\u00ea a concess\u00e3o de autoriza\u00e7\u00f5es de resid\u00eancia com car\u00e1ter excecional por raz\u00f5es humanit\u00e1rias. Foi tamb\u00e9m o apoio da sociedade civil que &#8220;permitiu mitigar um pouco os efeitos da desumanidade a que foram votados,&#8221; diz a nota de comunica\u00e7\u00e3o.<\/p>\n<p>Durante quase dez meses, em que se sucederam v\u00e1rias promessas por parte do executivo camar\u00e1rio e do Governo, no sentido de assegurarem uma resposta de emerg\u00eancia, estes imigrantes t\u00eam dormido na rua, bem no centro da capital, em condi\u00e7\u00f5es de &#8220;manifesta insalubridade, sem acesso a uma alimenta\u00e7\u00e3o minimamente equilibrada, sem o devido acompanhamento de sa\u00fade, sem um ponto de \u00e1gua pot\u00e1vel dispon\u00edvel, sem qualquer privacidade, sem qualquer prote\u00e7\u00e3o, sem qualquer seguran\u00e7a. Numa situa\u00e7\u00e3o de flagrante viola\u00e7\u00e3o dos mais elementares direitos humanos, da dignidade humana,&#8221; sublinha Mariana Carneiro.<\/p>\n<p>Apesar da extrema fragilidade e precariedade em que se encontravam, estes imigrantes encetaram todos os esfor\u00e7os para se integrarem na sociedade: no \u00e2mbito do projeto comunit\u00e1rio Cozinha Migrante dos Anjos, auto-organizaram-se para confecionar e servir mais de 100 refei\u00e7\u00f5es di\u00e1rias a todos aqueles que pernoitavam nos arredores da Igreja dos Anjos; face \u00e0s tentativas frustradas de ingressarem em programas de Portugu\u00eas L\u00edngua de Acolhimento, devido \u00e0 escassez \u00f3bvia de vagas, frequentaram aulas informais de portugu\u00eas; participaram, nomeadamente, em jogos de futebol nas instala\u00e7\u00f5es de uma Associa\u00e7\u00e3o Desportiva Recreativa local; organizaram a\u00e7\u00f5es de limpeza; promoveram a\u00e7\u00f5es de informa\u00e7\u00e3o e sensibiliza\u00e7\u00e3o sobre a sua situa\u00e7\u00e3o; participaram em in\u00fameras iniciativas culturais.<\/p>\n<p>Tentaram ingressar no mercado de trabalho: solicitaram o NIF e NISS, inscreveram-se no IEFP; inscreveram-se em empresas de trabalho tempor\u00e1rio e de presta\u00e7\u00e3o de servi\u00e7os agr\u00edcolas; procuraram ativamente trabalho por todos os meios poss\u00edveis.<\/p>\n<p>A grande maioria abandonou, pelos seus pr\u00f3prios meios, Lisboa, e rumou a outras paragens, de Norte a Sul do pa\u00eds. Poucos foram os que se mantiveram na capital, e que acabaram por ser transferidos, j\u00e1 em outubro de 2024, e num primeiro momento, para estabelecimentos hoteleiros, sem as condi\u00e7\u00f5es desejadas e sem o t\u00e3o o falado &#8220;apoio multidisciplinar.&#8221;<\/p>\n<p>&#8220;Ao dificultarem a sua regulariza\u00e7\u00e3o, as autoridades portuguesas condenaram estes imigrantes a uma situa\u00e7\u00e3o de indignidade, e deixaram-nos perme\u00e1veis a todo o tipo de abusos. Estas pessoas sujeitaram-se a trabalho sem contrato e\/ou sem direitos. Houve quem ca\u00edsse em verdadeiras redes de tr\u00e1fico humano,&#8221; explica a dirigente.<\/p>\n<p>Entretanto, alguns imigrantes conseguiram firmar um contrato de trabalho. &#8220;O sal\u00e1rio \u00e9 mais que parco. Ainda assim, congratulam-se com o facto de poderem pagar impostos em Portugal. \u00c9 aqui que querem viver, \u00e9 aqui que querem trabalhar. Precisam de ajudar as suas fam\u00edlias, mas querem tamb\u00e9m ajudar a construir este pa\u00eds.&#8221;<\/p>\n<p><strong>O caso dos imigrantes da Igreja dos Anjos &#8220;\u00e9 ilustrativo a v\u00e1rios n\u00edveis&#8221;<\/strong><\/p>\n<p>Segundo a respons\u00e1vel do SOS racismo este caso dos imigrantes dos Anjos revela por um lado &#8220;no que respeita aos sistem\u00e1ticos atropelos aos direitos humanos; \u00e0 desresponsabiliza\u00e7\u00e3o e ao \u201cpassa culpas\u201d por parte das autoridades competentes; \u00e0 desumaniza\u00e7\u00e3o das pol\u00edticas e dos procedimentos na \u00e1rea da imigra\u00e7\u00e3o. Por outro lado revela\u00a0 a resili\u00eancia, a coragem, ao esfor\u00e7o destes imigrantes. Ao seu exemplo de entre-ajuda, de solidariedade, de determina\u00e7\u00e3o.&#8221;<\/p>\n<p>Mais de um ano depois, e depois de incumpridos os prazos legais para resposta aos seus pedidos de autoriza\u00e7\u00e3o de resid\u00eancia, a AIMA e o Governo &#8220;decidiram emitir, dezenas de respostas padronizadas, sem analisar e responder aos fundamentos humanit\u00e1rios apresentados. Respostas estas cujo conte\u00fado \u00e9, em grande extens\u00e3o, um verdadeiro copy paste, exibindo, inclusive, incorre\u00e7\u00f5es factuais. E a ag\u00eancia de imigra\u00e7\u00e3o decidiu tamb\u00e9m emitir notifica\u00e7\u00f5es de abandono volunt\u00e1rio do pa\u00eds para todos sem, inclusive, sequer ter em conta se os imigrantes est\u00e3o inseridos no mercado de trabalho, pagando os respetivos impostos, e na sociedade e\/ou se, entretanto, t\u00eam outro processo de regulariza\u00e7\u00e3o em curso,&#8221; justifica.<\/p>\n<p>Desde a sua chegada a Portugal destes imigrantes o pa\u00eds assistiu a mudan\u00e7a de Governo, ao endurecimento das pol\u00edticas de imigra\u00e7\u00e3o, nomeadamente com a extin\u00e7\u00e3o das Manifesta\u00e7\u00f5es de Interesse, o que no entender de Mariana Carneiro &#8220;deixou a porta escancarada \u00e0 explora\u00e7\u00e3o, \u00e0 clandestinidade, \u00e0 invisibilidade, ao abuso generalizado, \u00e0 destrui\u00e7\u00e3o de direitos, \u00e0s vidas suspensas. A criminaliza\u00e7\u00e3o, a persegui\u00e7\u00e3o, numa verdadeira ca\u00e7a ao imigrante, intensificou-se,&#8221; acredita a ativista.<\/p>\n","protected":false},"excerpt":{"rendered":"<p>Estado com Arte Magazine<\/p>\n","protected":false},"author":1,"featured_media":10071,"comment_status":"open","ping_status":"open","sticky":false,"template":"","format":"standard","meta":{"site-sidebar-layout":"default","site-content-layout":"default","ast-global-header-display":"","ast-banner-title-visibility":"","ast-main-header-display":"","ast-hfb-above-header-display":"","ast-hfb-below-header-display":"","ast-hfb-mobile-header-display":"","site-post-title":"","ast-breadcrumbs-content":"","ast-featured-img":"","footer-sml-layout":"","theme-transparent-header-meta":"default","adv-header-id-meta":"","stick-header-meta":"","header-above-stick-meta":"","header-main-stick-meta":"","header-below-stick-meta":"","footnotes":""},"categories":[8],"tags":[970,969,971],"class_list":["post-10057","post","type-post","status-publish","format-standard","has-post-thumbnail","hentry","category-sociedade","tag-anjos","tag-imigrantes","tag-sos-racismo"],"yoast_head":"<!-- This site is optimized with the Yoast SEO plugin v25.1 - https:\/\/yoast.com\/wordpress\/plugins\/seo\/ -->\n<title>Imigra\u00e7\u00e3o. AIMA notifica 5 dezenas de imigrantes a trabalhar nos Anjos para sair do pa\u00eds - Estado com Arte<\/title>\n<meta name=\"robots\" content=\"index, follow, max-snippet:-1, max-image-preview:large, max-video-preview:-1\" \/>\n<link rel=\"canonical\" href=\"https:\/\/estadocomarte.pt\/site\/2025\/06\/26\/imigracao-aima-notifica-5-dezenas-de-imigrantes-a-trabalhar-nos-anjos-para-sair-do-pais\/\" \/>\n<meta property=\"og:locale\" content=\"pt_PT\" \/>\n<meta property=\"og:type\" content=\"article\" \/>\n<meta property=\"og:title\" content=\"Imigra\u00e7\u00e3o. AIMA notifica 5 dezenas de imigrantes a trabalhar nos Anjos para sair do pa\u00eds - Estado com Arte\" \/>\n<meta property=\"og:description\" content=\"Estado com Arte Magazine\" \/>\n<meta property=\"og:url\" content=\"https:\/\/estadocomarte.pt\/site\/2025\/06\/26\/imigracao-aima-notifica-5-dezenas-de-imigrantes-a-trabalhar-nos-anjos-para-sair-do-pais\/\" \/>\n<meta property=\"og:site_name\" content=\"Estado com Arte\" \/>\n<meta property=\"article:published_time\" content=\"2025-06-26T10:35:34+00:00\" \/>\n<meta property=\"article:modified_time\" content=\"2025-06-26T10:38:00+00:00\" \/>\n<meta property=\"og:image\" content=\"https:\/\/estadocomarte.pt\/site\/wp-content\/uploads\/2025\/06\/anjos.jpg\" \/>\n\t<meta property=\"og:image:width\" content=\"225\" \/>\n\t<meta property=\"og:image:height\" content=\"225\" \/>\n\t<meta property=\"og:image:type\" content=\"image\/jpeg\" \/>\n<meta name=\"author\" content=\"admin\" \/>\n<meta name=\"twitter:card\" content=\"summary_large_image\" \/>\n<meta name=\"twitter:label1\" content=\"Escrito por\" \/>\n\t<meta name=\"twitter:data1\" content=\"admin\" \/>\n\t<meta name=\"twitter:label2\" content=\"Tempo estimado de leitura\" \/>\n\t<meta name=\"twitter:data2\" content=\"6 minutos\" \/>\n<script type=\"application\/ld+json\" class=\"yoast-schema-graph\">{\"@context\":\"https:\/\/schema.org\",\"@graph\":[{\"@type\":\"Article\",\"@id\":\"https:\/\/estadocomarte.pt\/site\/2025\/06\/26\/imigracao-aima-notifica-5-dezenas-de-imigrantes-a-trabalhar-nos-anjos-para-sair-do-pais\/#article\",\"isPartOf\":{\"@id\":\"https:\/\/estadocomarte.pt\/site\/2025\/06\/26\/imigracao-aima-notifica-5-dezenas-de-imigrantes-a-trabalhar-nos-anjos-para-sair-do-pais\/\"},\"author\":{\"name\":\"admin\",\"@id\":\"https:\/\/estadocomarte.pt\/site\/#\/schema\/person\/c0943a071216c1e5b21f85304151e4ba\"},\"headline\":\"Imigra\u00e7\u00e3o. AIMA notifica 5 dezenas de imigrantes a trabalhar nos Anjos para sair do pa\u00eds\",\"datePublished\":\"2025-06-26T10:35:34+00:00\",\"dateModified\":\"2025-06-26T10:38:00+00:00\",\"mainEntityOfPage\":{\"@id\":\"https:\/\/estadocomarte.pt\/site\/2025\/06\/26\/imigracao-aima-notifica-5-dezenas-de-imigrantes-a-trabalhar-nos-anjos-para-sair-do-pais\/\"},\"wordCount\":1149,\"commentCount\":0,\"publisher\":{\"@id\":\"https:\/\/estadocomarte.pt\/site\/#organization\"},\"image\":{\"@id\":\"https:\/\/estadocomarte.pt\/site\/2025\/06\/26\/imigracao-aima-notifica-5-dezenas-de-imigrantes-a-trabalhar-nos-anjos-para-sair-do-pais\/#primaryimage\"},\"thumbnailUrl\":\"https:\/\/estadocomarte.pt\/site\/wp-content\/uploads\/2025\/06\/anjos.jpg\",\"keywords\":[\"anjos\",\"imigrantes\",\"sos racismo\"],\"articleSection\":[\"Sociedade\"],\"inLanguage\":\"pt-PT\",\"potentialAction\":[{\"@type\":\"CommentAction\",\"name\":\"Comment\",\"target\":[\"https:\/\/estadocomarte.pt\/site\/2025\/06\/26\/imigracao-aima-notifica-5-dezenas-de-imigrantes-a-trabalhar-nos-anjos-para-sair-do-pais\/#respond\"]}]},{\"@type\":\"WebPage\",\"@id\":\"https:\/\/estadocomarte.pt\/site\/2025\/06\/26\/imigracao-aima-notifica-5-dezenas-de-imigrantes-a-trabalhar-nos-anjos-para-sair-do-pais\/\",\"url\":\"https:\/\/estadocomarte.pt\/site\/2025\/06\/26\/imigracao-aima-notifica-5-dezenas-de-imigrantes-a-trabalhar-nos-anjos-para-sair-do-pais\/\",\"name\":\"Imigra\u00e7\u00e3o. AIMA notifica 5 dezenas de imigrantes a trabalhar nos Anjos para sair do pa\u00eds - Estado com Arte\",\"isPartOf\":{\"@id\":\"https:\/\/estadocomarte.pt\/site\/#website\"},\"primaryImageOfPage\":{\"@id\":\"https:\/\/estadocomarte.pt\/site\/2025\/06\/26\/imigracao-aima-notifica-5-dezenas-de-imigrantes-a-trabalhar-nos-anjos-para-sair-do-pais\/#primaryimage\"},\"image\":{\"@id\":\"https:\/\/estadocomarte.pt\/site\/2025\/06\/26\/imigracao-aima-notifica-5-dezenas-de-imigrantes-a-trabalhar-nos-anjos-para-sair-do-pais\/#primaryimage\"},\"thumbnailUrl\":\"https:\/\/estadocomarte.pt\/site\/wp-content\/uploads\/2025\/06\/anjos.jpg\",\"datePublished\":\"2025-06-26T10:35:34+00:00\",\"dateModified\":\"2025-06-26T10:38:00+00:00\",\"breadcrumb\":{\"@id\":\"https:\/\/estadocomarte.pt\/site\/2025\/06\/26\/imigracao-aima-notifica-5-dezenas-de-imigrantes-a-trabalhar-nos-anjos-para-sair-do-pais\/#breadcrumb\"},\"inLanguage\":\"pt-PT\",\"potentialAction\":[{\"@type\":\"ReadAction\",\"target\":[\"https:\/\/estadocomarte.pt\/site\/2025\/06\/26\/imigracao-aima-notifica-5-dezenas-de-imigrantes-a-trabalhar-nos-anjos-para-sair-do-pais\/\"]}]},{\"@type\":\"ImageObject\",\"inLanguage\":\"pt-PT\",\"@id\":\"https:\/\/estadocomarte.pt\/site\/2025\/06\/26\/imigracao-aima-notifica-5-dezenas-de-imigrantes-a-trabalhar-nos-anjos-para-sair-do-pais\/#primaryimage\",\"url\":\"https:\/\/estadocomarte.pt\/site\/wp-content\/uploads\/2025\/06\/anjos.jpg\",\"contentUrl\":\"https:\/\/estadocomarte.pt\/site\/wp-content\/uploads\/2025\/06\/anjos.jpg\",\"width\":225,\"height\":225},{\"@type\":\"BreadcrumbList\",\"@id\":\"https:\/\/estadocomarte.pt\/site\/2025\/06\/26\/imigracao-aima-notifica-5-dezenas-de-imigrantes-a-trabalhar-nos-anjos-para-sair-do-pais\/#breadcrumb\",\"itemListElement\":[{\"@type\":\"ListItem\",\"position\":1,\"name\":\"In\u00edcio\",\"item\":\"https:\/\/estadocomarte.pt\/site\/\"},{\"@type\":\"ListItem\",\"position\":2,\"name\":\"Imigra\u00e7\u00e3o. AIMA notifica 5 dezenas de imigrantes a trabalhar nos Anjos para sair do pa\u00eds\"}]},{\"@type\":\"WebSite\",\"@id\":\"https:\/\/estadocomarte.pt\/site\/#website\",\"url\":\"https:\/\/estadocomarte.pt\/site\/\",\"name\":\"Estado com Arte Magazine\",\"description\":\"Magazine\",\"publisher\":{\"@id\":\"https:\/\/estadocomarte.pt\/site\/#organization\"},\"alternateName\":\"Magazine semanal sobre pol\u00edtica e cultura, com autores, opini\u00e3o e cr\u00edticas.\",\"potentialAction\":[{\"@type\":\"SearchAction\",\"target\":{\"@type\":\"EntryPoint\",\"urlTemplate\":\"https:\/\/estadocomarte.pt\/site\/?s={search_term_string}\"},\"query-input\":{\"@type\":\"PropertyValueSpecification\",\"valueRequired\":true,\"valueName\":\"search_term_string\"}}],\"inLanguage\":\"pt-PT\"},{\"@type\":\"Organization\",\"@id\":\"https:\/\/estadocomarte.pt\/site\/#organization\",\"name\":\"Estado com Arte Magazine\",\"alternateName\":\"Magazine semanal sobre pol\u00edtica e cultura, com autores, opini\u00e3o e cr\u00edticas.\",\"url\":\"https:\/\/estadocomarte.pt\/site\/\",\"logo\":{\"@type\":\"ImageObject\",\"inLanguage\":\"pt-PT\",\"@id\":\"https:\/\/estadocomarte.pt\/site\/#\/schema\/logo\/image\/\",\"url\":\"https:\/\/estadocomarte.pt\/site\/wp-content\/uploads\/2023\/06\/cropped-cropped-Prancheta-2@2x-100.jpg\",\"contentUrl\":\"https:\/\/estadocomarte.pt\/site\/wp-content\/uploads\/2023\/06\/cropped-cropped-Prancheta-2@2x-100.jpg\",\"width\":1777,\"height\":592,\"caption\":\"Estado com Arte Magazine\"},\"image\":{\"@id\":\"https:\/\/estadocomarte.pt\/site\/#\/schema\/logo\/image\/\"},\"sameAs\":[\"https:\/\/www.instagram.com\/estadocomartemagazine\"]},{\"@type\":\"Person\",\"@id\":\"https:\/\/estadocomarte.pt\/site\/#\/schema\/person\/c0943a071216c1e5b21f85304151e4ba\",\"name\":\"admin\",\"image\":{\"@type\":\"ImageObject\",\"inLanguage\":\"pt-PT\",\"@id\":\"https:\/\/estadocomarte.pt\/site\/#\/schema\/person\/image\/\",\"url\":\"https:\/\/secure.gravatar.com\/avatar\/e6f378fd6914c8505d3e1d40f51fa953b21bab0f3a5658a33bc84cb5bda780f9?s=96&d=mm&r=g\",\"contentUrl\":\"https:\/\/secure.gravatar.com\/avatar\/e6f378fd6914c8505d3e1d40f51fa953b21bab0f3a5658a33bc84cb5bda780f9?s=96&d=mm&r=g\",\"caption\":\"admin\"},\"sameAs\":[\"https:\/\/estadocomarte.pt\/site\"],\"url\":\"https:\/\/estadocomarte.pt\/site\/author\/admin\/\"}]}<\/script>\n<!-- \/ Yoast SEO plugin. -->","yoast_head_json":{"title":"Imigra\u00e7\u00e3o. AIMA notifica 5 dezenas de imigrantes a trabalhar nos Anjos para sair do pa\u00eds - Estado com Arte","robots":{"index":"index","follow":"follow","max-snippet":"max-snippet:-1","max-image-preview":"max-image-preview:large","max-video-preview":"max-video-preview:-1"},"canonical":"https:\/\/estadocomarte.pt\/site\/2025\/06\/26\/imigracao-aima-notifica-5-dezenas-de-imigrantes-a-trabalhar-nos-anjos-para-sair-do-pais\/","og_locale":"pt_PT","og_type":"article","og_title":"Imigra\u00e7\u00e3o. AIMA notifica 5 dezenas de imigrantes a trabalhar nos Anjos para sair do pa\u00eds - Estado com Arte","og_description":"Estado com Arte Magazine","og_url":"https:\/\/estadocomarte.pt\/site\/2025\/06\/26\/imigracao-aima-notifica-5-dezenas-de-imigrantes-a-trabalhar-nos-anjos-para-sair-do-pais\/","og_site_name":"Estado com Arte","article_published_time":"2025-06-26T10:35:34+00:00","article_modified_time":"2025-06-26T10:38:00+00:00","og_image":[{"width":225,"height":225,"url":"https:\/\/estadocomarte.pt\/site\/wp-content\/uploads\/2025\/06\/anjos.jpg","type":"image\/jpeg"}],"author":"admin","twitter_card":"summary_large_image","twitter_misc":{"Escrito por":"admin","Tempo estimado de leitura":"6 minutos"},"schema":{"@context":"https:\/\/schema.org","@graph":[{"@type":"Article","@id":"https:\/\/estadocomarte.pt\/site\/2025\/06\/26\/imigracao-aima-notifica-5-dezenas-de-imigrantes-a-trabalhar-nos-anjos-para-sair-do-pais\/#article","isPartOf":{"@id":"https:\/\/estadocomarte.pt\/site\/2025\/06\/26\/imigracao-aima-notifica-5-dezenas-de-imigrantes-a-trabalhar-nos-anjos-para-sair-do-pais\/"},"author":{"name":"admin","@id":"https:\/\/estadocomarte.pt\/site\/#\/schema\/person\/c0943a071216c1e5b21f85304151e4ba"},"headline":"Imigra\u00e7\u00e3o. AIMA notifica 5 dezenas de imigrantes a trabalhar nos Anjos para sair do pa\u00eds","datePublished":"2025-06-26T10:35:34+00:00","dateModified":"2025-06-26T10:38:00+00:00","mainEntityOfPage":{"@id":"https:\/\/estadocomarte.pt\/site\/2025\/06\/26\/imigracao-aima-notifica-5-dezenas-de-imigrantes-a-trabalhar-nos-anjos-para-sair-do-pais\/"},"wordCount":1149,"commentCount":0,"publisher":{"@id":"https:\/\/estadocomarte.pt\/site\/#organization"},"image":{"@id":"https:\/\/estadocomarte.pt\/site\/2025\/06\/26\/imigracao-aima-notifica-5-dezenas-de-imigrantes-a-trabalhar-nos-anjos-para-sair-do-pais\/#primaryimage"},"thumbnailUrl":"https:\/\/estadocomarte.pt\/site\/wp-content\/uploads\/2025\/06\/anjos.jpg","keywords":["anjos","imigrantes","sos racismo"],"articleSection":["Sociedade"],"inLanguage":"pt-PT","potentialAction":[{"@type":"CommentAction","name":"Comment","target":["https:\/\/estadocomarte.pt\/site\/2025\/06\/26\/imigracao-aima-notifica-5-dezenas-de-imigrantes-a-trabalhar-nos-anjos-para-sair-do-pais\/#respond"]}]},{"@type":"WebPage","@id":"https:\/\/estadocomarte.pt\/site\/2025\/06\/26\/imigracao-aima-notifica-5-dezenas-de-imigrantes-a-trabalhar-nos-anjos-para-sair-do-pais\/","url":"https:\/\/estadocomarte.pt\/site\/2025\/06\/26\/imigracao-aima-notifica-5-dezenas-de-imigrantes-a-trabalhar-nos-anjos-para-sair-do-pais\/","name":"Imigra\u00e7\u00e3o. AIMA notifica 5 dezenas de imigrantes a trabalhar nos Anjos para sair do pa\u00eds - Estado com Arte","isPartOf":{"@id":"https:\/\/estadocomarte.pt\/site\/#website"},"primaryImageOfPage":{"@id":"https:\/\/estadocomarte.pt\/site\/2025\/06\/26\/imigracao-aima-notifica-5-dezenas-de-imigrantes-a-trabalhar-nos-anjos-para-sair-do-pais\/#primaryimage"},"image":{"@id":"https:\/\/estadocomarte.pt\/site\/2025\/06\/26\/imigracao-aima-notifica-5-dezenas-de-imigrantes-a-trabalhar-nos-anjos-para-sair-do-pais\/#primaryimage"},"thumbnailUrl":"https:\/\/estadocomarte.pt\/site\/wp-content\/uploads\/2025\/06\/anjos.jpg","datePublished":"2025-06-26T10:35:34+00:00","dateModified":"2025-06-26T10:38:00+00:00","breadcrumb":{"@id":"https:\/\/estadocomarte.pt\/site\/2025\/06\/26\/imigracao-aima-notifica-5-dezenas-de-imigrantes-a-trabalhar-nos-anjos-para-sair-do-pais\/#breadcrumb"},"inLanguage":"pt-PT","potentialAction":[{"@type":"ReadAction","target":["https:\/\/estadocomarte.pt\/site\/2025\/06\/26\/imigracao-aima-notifica-5-dezenas-de-imigrantes-a-trabalhar-nos-anjos-para-sair-do-pais\/"]}]},{"@type":"ImageObject","inLanguage":"pt-PT","@id":"https:\/\/estadocomarte.pt\/site\/2025\/06\/26\/imigracao-aima-notifica-5-dezenas-de-imigrantes-a-trabalhar-nos-anjos-para-sair-do-pais\/#primaryimage","url":"https:\/\/estadocomarte.pt\/site\/wp-content\/uploads\/2025\/06\/anjos.jpg","contentUrl":"https:\/\/estadocomarte.pt\/site\/wp-content\/uploads\/2025\/06\/anjos.jpg","width":225,"height":225},{"@type":"BreadcrumbList","@id":"https:\/\/estadocomarte.pt\/site\/2025\/06\/26\/imigracao-aima-notifica-5-dezenas-de-imigrantes-a-trabalhar-nos-anjos-para-sair-do-pais\/#breadcrumb","itemListElement":[{"@type":"ListItem","position":1,"name":"In\u00edcio","item":"https:\/\/estadocomarte.pt\/site\/"},{"@type":"ListItem","position":2,"name":"Imigra\u00e7\u00e3o. AIMA notifica 5 dezenas de imigrantes a trabalhar nos Anjos para sair do pa\u00eds"}]},{"@type":"WebSite","@id":"https:\/\/estadocomarte.pt\/site\/#website","url":"https:\/\/estadocomarte.pt\/site\/","name":"Estado com Arte Magazine","description":"Magazine","publisher":{"@id":"https:\/\/estadocomarte.pt\/site\/#organization"},"alternateName":"Magazine semanal sobre pol\u00edtica e cultura, com autores, opini\u00e3o e cr\u00edticas.","potentialAction":[{"@type":"SearchAction","target":{"@type":"EntryPoint","urlTemplate":"https:\/\/estadocomarte.pt\/site\/?s={search_term_string}"},"query-input":{"@type":"PropertyValueSpecification","valueRequired":true,"valueName":"search_term_string"}}],"inLanguage":"pt-PT"},{"@type":"Organization","@id":"https:\/\/estadocomarte.pt\/site\/#organization","name":"Estado com Arte Magazine","alternateName":"Magazine semanal sobre pol\u00edtica e cultura, com autores, opini\u00e3o e cr\u00edticas.","url":"https:\/\/estadocomarte.pt\/site\/","logo":{"@type":"ImageObject","inLanguage":"pt-PT","@id":"https:\/\/estadocomarte.pt\/site\/#\/schema\/logo\/image\/","url":"https:\/\/estadocomarte.pt\/site\/wp-content\/uploads\/2023\/06\/cropped-cropped-Prancheta-2@2x-100.jpg","contentUrl":"https:\/\/estadocomarte.pt\/site\/wp-content\/uploads\/2023\/06\/cropped-cropped-Prancheta-2@2x-100.jpg","width":1777,"height":592,"caption":"Estado com Arte Magazine"},"image":{"@id":"https:\/\/estadocomarte.pt\/site\/#\/schema\/logo\/image\/"},"sameAs":["https:\/\/www.instagram.com\/estadocomartemagazine"]},{"@type":"Person","@id":"https:\/\/estadocomarte.pt\/site\/#\/schema\/person\/c0943a071216c1e5b21f85304151e4ba","name":"admin","image":{"@type":"ImageObject","inLanguage":"pt-PT","@id":"https:\/\/estadocomarte.pt\/site\/#\/schema\/person\/image\/","url":"https:\/\/secure.gravatar.com\/avatar\/e6f378fd6914c8505d3e1d40f51fa953b21bab0f3a5658a33bc84cb5bda780f9?s=96&d=mm&r=g","contentUrl":"https:\/\/secure.gravatar.com\/avatar\/e6f378fd6914c8505d3e1d40f51fa953b21bab0f3a5658a33bc84cb5bda780f9?s=96&d=mm&r=g","caption":"admin"},"sameAs":["https:\/\/estadocomarte.pt\/site"],"url":"https:\/\/estadocomarte.pt\/site\/author\/admin\/"}]}},"_links":{"self":[{"href":"https:\/\/estadocomarte.pt\/site\/wp-json\/wp\/v2\/posts\/10057","targetHints":{"allow":["GET"]}}],"collection":[{"href":"https:\/\/estadocomarte.pt\/site\/wp-json\/wp\/v2\/posts"}],"about":[{"href":"https:\/\/estadocomarte.pt\/site\/wp-json\/wp\/v2\/types\/post"}],"author":[{"embeddable":true,"href":"https:\/\/estadocomarte.pt\/site\/wp-json\/wp\/v2\/users\/1"}],"replies":[{"embeddable":true,"href":"https:\/\/estadocomarte.pt\/site\/wp-json\/wp\/v2\/comments?post=10057"}],"version-history":[{"count":2,"href":"https:\/\/estadocomarte.pt\/site\/wp-json\/wp\/v2\/posts\/10057\/revisions"}],"predecessor-version":[{"id":10074,"href":"https:\/\/estadocomarte.pt\/site\/wp-json\/wp\/v2\/posts\/10057\/revisions\/10074"}],"wp:featuredmedia":[{"embeddable":true,"href":"https:\/\/estadocomarte.pt\/site\/wp-json\/wp\/v2\/media\/10071"}],"wp:attachment":[{"href":"https:\/\/estadocomarte.pt\/site\/wp-json\/wp\/v2\/media?parent=10057"}],"wp:term":[{"taxonomy":"category","embeddable":true,"href":"https:\/\/estadocomarte.pt\/site\/wp-json\/wp\/v2\/categories?post=10057"},{"taxonomy":"post_tag","embeddable":true,"href":"https:\/\/estadocomarte.pt\/site\/wp-json\/wp\/v2\/tags?post=10057"}],"curies":[{"name":"wp","href":"https:\/\/api.w.org\/{rel}","templated":true}]}}