{"id":10101,"date":"2025-07-01T09:41:52","date_gmt":"2025-07-01T09:41:52","guid":{"rendered":"https:\/\/estadocomarte.pt\/site\/?p=10101"},"modified":"2025-07-01T13:57:41","modified_gmt":"2025-07-01T13:57:41","slug":"filipa-amorim-acho-que-nunca-perdi-aquele-prazer-que-temos-em-crianca-de-desvendar-misterios","status":"publish","type":"post","link":"https:\/\/estadocomarte.pt\/site\/2025\/07\/01\/filipa-amorim-acho-que-nunca-perdi-aquele-prazer-que-temos-em-crianca-de-desvendar-misterios\/","title":{"rendered":"Filipa Amorim: &#8220;Acho que nunca perdi aquele prazer que temos em crian\u00e7a de desvendar mist\u00e9rios.&#8221;"},"content":{"rendered":"<p><strong>Filipa Amorim \u00e9 uma jovem escritora portuguesa, com forma\u00e7\u00e3o em jornalismo,\u00a0 descobriu aos dez anos o seu verdadeiro amor: a escrita. <\/strong><strong>Inspirada, desde ent\u00e3o, na ic\u00f3nica s\u00e9rie de Ana Maria Magalh\u00e3es e Isabel Al\u00e7ada, &#8220;Uma Aventura&#8230;&#8221; , que a fez crescer e ressaltar mil ideias sobre thrillers e hist\u00f3rias policiais a toda a hora.<\/strong><\/p>\n<p><strong>Sente que nunca perdeu o prazer de crian\u00e7a em desvendar mist\u00e9rios. Agora, autora publicada, mant\u00e9m o mote do eixo tem\u00e1tico de chegar \u00e0s respostas e \u00e0 verdade. De &#8220;chegar ao eureka!&#8221;, revela enfaticamente.<\/strong><\/p>\n<p><strong>Nasceu durante os anos 90 nos arredores de Lisboa. Trabalha como assessora de imprensa. Os thrillers e os policiais n\u00f3rdicos preenchem as estantes de sua casa. Espera um dia preencher as suas narrativas. <\/strong><strong>Com o primeiro livro publicado &#8220;A Corrente&#8221;, em 2024, chega agora \u00e0s livrarias &#8220;A Noite da Tempestade&#8221;, ambos pela editora Penguin. <\/strong><\/p>\n<p><strong>Os seus livros t\u00eam como cen\u00e1rio, Santa Cruz, em Torres Vedras, onde se desenrola a ac\u00e7\u00e3o. <\/strong><strong>&#8220;Ela quer a verdade&#8230;mas a que custo?&#8221; \u00e9 o mote do seu mais recente livro.<\/strong><\/p>\n<p><strong>Quem \u00e9 a Filipa Amorim? A escritora, a mulher, a amante dos livros.<\/strong><br \/>\nSou uma amante dos livros, de facto. Sempre fui, comecei a ler muito nova e nunca perdi este amor \u00e0s p\u00e1ginas e aos mundos imagin\u00e1rios para onde elas nos transportam. Penso que a leitura me tornou tamb\u00e9m muito sonhadora, com uma imagina\u00e7\u00e3o \u00e0s vezes at\u00e9 galopante demais, mas que me deu umas lentes diferentes para ver o mundo e a vida e o dia-a-dia.<\/p>\n<p><strong>Qual foi o seu caminho entre o primeiro texto escrito e o primeiro livro terminado?<\/strong><\/p>\n<p>Comecei a escrever, devia ter uns 10 ou 11 anos quando peguei no papel e na caneta pela primeira vez, e esse &#8220;bichinho&#8221; nunca me abandonou. Desde ent\u00e3o, escrevi sempre, g\u00e9neros diferentes e com diferentes n\u00edveis de confian\u00e7a no que criava, mas foi com A Corrente que senti pela primeira vez \u00abGostava de mostrar isto a algu\u00e9m, para avaliarem se tem potencial para ser publicado\u00bb. Comecei a escrev\u00ea-lo quando estava na faculdade, a cursar Jornalismo, mas s\u00f3 muitos anos depois \u00e9 que senti que tinha chegado a um ponto em que pudesse ser publicado. A\u00ed, enviei-o a quem me poderia aconselhar e que me fez chegar \u00e0 Penguin Random House, onde hoje estou muito feliz.<\/p>\n<p><strong>Que influ\u00eancias liter\u00e1rias tem?<\/strong><\/p>\n<p>Leio um pouco de tudo, mas principalmente thrillers e policiais, que s\u00e3o tamb\u00e9m o g\u00e9nero que escrevo. Entre os autores nacionais, destaco a Mafalda Santos, uma das nossas melhores escritoras, e tamb\u00e9m o Louren\u00e7o Seruya, Bruno M. Franco, Miguel d&#8217;Alte, F\u00e1bio Ventura e Pedro Miguel Ribeiro. Entre autores estrangeiros, leio muito Agatha Christie, a rainha do policial, e tamb\u00e9m Camilla L\u00e4ckberg, J\u00f6el Dicker, Stieg Larsson, Peter May, Lianne Moriarty, entre outros.<\/p>\n<p><strong>Os mist\u00e9rios alimentam a autora ou a autora vive os mist\u00e9rios? Como se apaixonou por este g\u00e9nero liter\u00e1rio, pelos thrillers?<\/strong><br \/>\nAcho que nunca perdi aquele prazer que temos em crian\u00e7a de desvendar mist\u00e9rios, chegar \u00e0s respostas e \u00e0 verdade, aquele momento &#8220;eureka!&#8221;, por isso \u00e9 que continuo a gostar tanto de ler e de escrever thrillers e policiais. H\u00e1 sempre pistas falsas, um constante questionar se estaremos a perceber bem o que o autor nos quer dizer ou se estaremos a ser propositadamente induzidos em erro, e essa tens\u00e3o permanente d\u00e1-me muito prazer, alimenta-me muito.<\/p>\n<figure id=\"attachment_10104\" aria-describedby=\"caption-attachment-10104\" style=\"width: 380px\" class=\"wp-caption alignnone\"><img fetchpriority=\"high\" decoding=\"async\" class=\"wp-image-10104 \" src=\"https:\/\/estadocomarte.pt\/site\/wp-content\/uploads\/2025\/07\/Campanha-Suma_Elsinore-03-300x113.jpg\" alt=\"\" width=\"380\" height=\"143\" srcset=\"https:\/\/estadocomarte.pt\/site\/wp-content\/uploads\/2025\/07\/Campanha-Suma_Elsinore-03-300x113.jpg 300w, https:\/\/estadocomarte.pt\/site\/wp-content\/uploads\/2025\/07\/Campanha-Suma_Elsinore-03-1024x387.jpg 1024w, https:\/\/estadocomarte.pt\/site\/wp-content\/uploads\/2025\/07\/Campanha-Suma_Elsinore-03-768x290.jpg 768w, https:\/\/estadocomarte.pt\/site\/wp-content\/uploads\/2025\/07\/Campanha-Suma_Elsinore-03-1536x581.jpg 1536w, https:\/\/estadocomarte.pt\/site\/wp-content\/uploads\/2025\/07\/Campanha-Suma_Elsinore-03-2048x774.jpg 2048w\" sizes=\"(max-width: 380px) 100vw, 380px\" \/><figcaption id=\"caption-attachment-10104\" class=\"wp-caption-text\">A Noite da Tempestade, \u00e9 o \u00faltimo livro de Filipa Amorim, da Editora Penguin Random House<\/figcaption><\/figure>\n<p><strong>O que sentiU quando publicou &#8220;A Corrente&#8221;?<\/strong><br \/>\nFoi o concretizar de um sonho muito antigo, e foi mil vezes melhor do que podia ter esperado.<\/p>\n<p><strong>Qual \u00e9 a sua rela\u00e7\u00e3o com as personagens d&#8217; &#8220;A Noite da Tempestade &#8220;?<\/strong><br \/>\nS\u00e3o todas personagens fict\u00edcias, mas inspiradas, como todas as que escrevo, em mim, nos meus amigos, nas pessoas que conhe\u00e7o e cujas hist\u00f3rias acompanho e me v\u00e3o alimentando a criatividade. Sinto-me muito pr\u00f3xima da Sofia e da Marta, a n\u00edvel de personalidade e de percurso de vida, mas as restantes personagens tamb\u00e9m t\u00eam muitas das minhas caracter\u00edsticas, gostos e opini\u00f5es. N\u00e3o s\u00e3o, contudo, um retrato \u00e0 lupa de ningu\u00e9m em particular.<\/p>\n<p><strong>Os habitantes da pacata terra Santa Cruz vivem as suas hist\u00f3rias? Como a abordam e a sentem?<\/strong><br \/>\nO feedback dos leitores de Santa Cruz e arredores tem sido uma das descobertas mais bonitas deste percurso de in\u00edcio de escrita. T\u00eam todos recebido t\u00e3o bem as hist\u00f3rias, t\u00eam-me vindo dar tanto apoio e tanto carinho, tem sido incr\u00edvel. D\u00e1-me vontade de continuar a escrever livros passados l\u00e1 para sempre!<\/p>\n<p><strong>O que lhe dizem as vozes das suas personagens quando vai dormir?<\/strong><br \/>\nEra bom que elas me deixassem dormir, n\u00e3o era? (risos)<\/p>\n<p><strong>Planeia as suas hist\u00f3rias ou vive mergulhada na narrativa?<\/strong><br \/>\nPlaneio os tra\u00e7os gerais, mas quando come\u00e7o a escrever deixo que as personagens e o enredo me conduzam muitas vezes para onde querem ir. Esse \u00e9 um dos maiores prazeres da escrita: sentir que as personagens nos roubam o leme das m\u00e3os e conduzem elas o barco, e sermos surpreendidos pela dire\u00e7\u00e3o que a hist\u00f3ria vai tomando.<\/p>\n<p><strong>Qual \u00e9 a sua rotina de escrita?<\/strong><br \/>\nNormalmente, escrevo de manh\u00e3zinha, aos fins de semana ou durante as f\u00e9rias. N\u00e3o sou uma escritora noct\u00edvaga, como alguns colegas meus (quem me dera ser, assim chegava a casa do trabalho, no dia-a-dia, e conseguia sentar-me e escrever um bom bocado, mas n\u00e3o d\u00e1). A inspira\u00e7\u00e3o surge, no meu caso, pela manh\u00e3, com uma caneca de caf\u00e9 bem cheia ao meu lado na secret\u00e1ria, e m\u00fasica a tocar \u00e0 minha volta.<\/p>\n<p><strong>H\u00e1 outro livro a ser preparado?<\/strong><br \/>\nH\u00e1 sempre outro livro a ser preparado. N\u00e3o sei estar sem um livro a meio.<\/p>\n<p><strong>Qual foi a cr\u00edtica mais intimista que um leitor lhe fez? Qual a emocionou mais?<\/strong><\/p>\n<p>Foi a opini\u00e3o que um dos meus amigos mais pr\u00f3ximos me deu depois de ler A Corrente. N\u00e3o querendo estragar a surpresa e o<em> twist<\/em> para quem ainda n\u00e3o leu, ele identificou-se bastante com aquilo que acontece na hist\u00f3ria e a forma como mo confessou tamb\u00e9m mexeu muito comigo. \u00c9 uma das pessoas que mais adoro no mundo, e perceber o quanto o livro o tocou, tocou-me tamb\u00e9m bastante.<\/p>\n","protected":false},"excerpt":{"rendered":"<p>Pedro Gaspar<\/p>\n","protected":false},"author":1,"featured_media":10107,"comment_status":"open","ping_status":"open","sticky":false,"template":"","format":"standard","meta":{"site-sidebar-layout":"default","site-content-layout":"default","ast-global-header-display":"","ast-banner-title-visibility":"","ast-main-header-display":"","ast-hfb-above-header-display":"","ast-hfb-below-header-display":"","ast-hfb-mobile-header-display":"","site-post-title":"","ast-breadcrumbs-content":"","ast-featured-img":"","footer-sml-layout":"","theme-transparent-header-meta":"default","adv-header-id-meta":"","stick-header-meta":"","header-above-stick-meta":"","header-main-stick-meta":"","header-below-stick-meta":"","footnotes":""},"categories":[7],"tags":[975,968],"class_list":["post-10101","post","type-post","status-publish","format-standard","has-post-thumbnail","hentry","category-cultura","tag-filipa-amorim","tag-pedro-gaspar"],"yoast_head":"<!-- This site is optimized with the Yoast SEO plugin v25.1 - https:\/\/yoast.com\/wordpress\/plugins\/seo\/ -->\n<title>Filipa Amorim: &quot;Acho que nunca perdi aquele prazer que temos em crian\u00e7a de desvendar mist\u00e9rios.&quot; - Estado com Arte<\/title>\n<meta name=\"robots\" content=\"index, follow, max-snippet:-1, max-image-preview:large, max-video-preview:-1\" \/>\n<link rel=\"canonical\" href=\"https:\/\/estadocomarte.pt\/site\/2025\/07\/01\/filipa-amorim-acho-que-nunca-perdi-aquele-prazer-que-temos-em-crianca-de-desvendar-misterios\/\" \/>\n<meta property=\"og:locale\" content=\"pt_PT\" \/>\n<meta property=\"og:type\" content=\"article\" \/>\n<meta property=\"og:title\" content=\"Filipa Amorim: &quot;Acho que nunca perdi aquele prazer que temos em crian\u00e7a de desvendar mist\u00e9rios.&quot; - Estado com Arte\" \/>\n<meta property=\"og:description\" content=\"Pedro Gaspar\" \/>\n<meta property=\"og:url\" content=\"https:\/\/estadocomarte.pt\/site\/2025\/07\/01\/filipa-amorim-acho-que-nunca-perdi-aquele-prazer-que-temos-em-crianca-de-desvendar-misterios\/\" \/>\n<meta property=\"og:site_name\" content=\"Estado com Arte\" \/>\n<meta property=\"article:published_time\" content=\"2025-07-01T09:41:52+00:00\" \/>\n<meta property=\"article:modified_time\" content=\"2025-07-01T13:57:41+00:00\" \/>\n<meta property=\"og:image\" content=\"https:\/\/estadocomarte.pt\/site\/wp-content\/uploads\/2025\/07\/Filipa-Amorim2.jpg\" \/>\n\t<meta property=\"og:image:width\" content=\"1440\" \/>\n\t<meta property=\"og:image:height\" content=\"1920\" \/>\n\t<meta property=\"og:image:type\" content=\"image\/jpeg\" \/>\n<meta name=\"author\" content=\"admin\" \/>\n<meta name=\"twitter:card\" content=\"summary_large_image\" \/>\n<meta name=\"twitter:label1\" content=\"Escrito por\" \/>\n\t<meta name=\"twitter:data1\" content=\"admin\" \/>\n\t<meta name=\"twitter:label2\" content=\"Tempo estimado de leitura\" \/>\n\t<meta name=\"twitter:data2\" content=\"7 minutos\" \/>\n<script type=\"application\/ld+json\" class=\"yoast-schema-graph\">{\"@context\":\"https:\/\/schema.org\",\"@graph\":[{\"@type\":\"Article\",\"@id\":\"https:\/\/estadocomarte.pt\/site\/2025\/07\/01\/filipa-amorim-acho-que-nunca-perdi-aquele-prazer-que-temos-em-crianca-de-desvendar-misterios\/#article\",\"isPartOf\":{\"@id\":\"https:\/\/estadocomarte.pt\/site\/2025\/07\/01\/filipa-amorim-acho-que-nunca-perdi-aquele-prazer-que-temos-em-crianca-de-desvendar-misterios\/\"},\"author\":{\"name\":\"admin\",\"@id\":\"https:\/\/estadocomarte.pt\/site\/#\/schema\/person\/c0943a071216c1e5b21f85304151e4ba\"},\"headline\":\"Filipa Amorim: &#8220;Acho que nunca perdi aquele prazer que temos em crian\u00e7a de desvendar mist\u00e9rios.&#8221;\",\"datePublished\":\"2025-07-01T09:41:52+00:00\",\"dateModified\":\"2025-07-01T13:57:41+00:00\",\"mainEntityOfPage\":{\"@id\":\"https:\/\/estadocomarte.pt\/site\/2025\/07\/01\/filipa-amorim-acho-que-nunca-perdi-aquele-prazer-que-temos-em-crianca-de-desvendar-misterios\/\"},\"wordCount\":1110,\"commentCount\":0,\"publisher\":{\"@id\":\"https:\/\/estadocomarte.pt\/site\/#organization\"},\"image\":{\"@id\":\"https:\/\/estadocomarte.pt\/site\/2025\/07\/01\/filipa-amorim-acho-que-nunca-perdi-aquele-prazer-que-temos-em-crianca-de-desvendar-misterios\/#primaryimage\"},\"thumbnailUrl\":\"https:\/\/estadocomarte.pt\/site\/wp-content\/uploads\/2025\/07\/Filipa-Amorim2.jpg\",\"keywords\":[\"Filipa Amorim\",\"Pedro Gaspar\"],\"articleSection\":[\"Cultura\"],\"inLanguage\":\"pt-PT\",\"potentialAction\":[{\"@type\":\"CommentAction\",\"name\":\"Comment\",\"target\":[\"https:\/\/estadocomarte.pt\/site\/2025\/07\/01\/filipa-amorim-acho-que-nunca-perdi-aquele-prazer-que-temos-em-crianca-de-desvendar-misterios\/#respond\"]}]},{\"@type\":\"WebPage\",\"@id\":\"https:\/\/estadocomarte.pt\/site\/2025\/07\/01\/filipa-amorim-acho-que-nunca-perdi-aquele-prazer-que-temos-em-crianca-de-desvendar-misterios\/\",\"url\":\"https:\/\/estadocomarte.pt\/site\/2025\/07\/01\/filipa-amorim-acho-que-nunca-perdi-aquele-prazer-que-temos-em-crianca-de-desvendar-misterios\/\",\"name\":\"Filipa Amorim: \\\"Acho que nunca perdi aquele prazer que temos em crian\u00e7a de desvendar mist\u00e9rios.\\\" - Estado com Arte\",\"isPartOf\":{\"@id\":\"https:\/\/estadocomarte.pt\/site\/#website\"},\"primaryImageOfPage\":{\"@id\":\"https:\/\/estadocomarte.pt\/site\/2025\/07\/01\/filipa-amorim-acho-que-nunca-perdi-aquele-prazer-que-temos-em-crianca-de-desvendar-misterios\/#primaryimage\"},\"image\":{\"@id\":\"https:\/\/estadocomarte.pt\/site\/2025\/07\/01\/filipa-amorim-acho-que-nunca-perdi-aquele-prazer-que-temos-em-crianca-de-desvendar-misterios\/#primaryimage\"},\"thumbnailUrl\":\"https:\/\/estadocomarte.pt\/site\/wp-content\/uploads\/2025\/07\/Filipa-Amorim2.jpg\",\"datePublished\":\"2025-07-01T09:41:52+00:00\",\"dateModified\":\"2025-07-01T13:57:41+00:00\",\"breadcrumb\":{\"@id\":\"https:\/\/estadocomarte.pt\/site\/2025\/07\/01\/filipa-amorim-acho-que-nunca-perdi-aquele-prazer-que-temos-em-crianca-de-desvendar-misterios\/#breadcrumb\"},\"inLanguage\":\"pt-PT\",\"potentialAction\":[{\"@type\":\"ReadAction\",\"target\":[\"https:\/\/estadocomarte.pt\/site\/2025\/07\/01\/filipa-amorim-acho-que-nunca-perdi-aquele-prazer-que-temos-em-crianca-de-desvendar-misterios\/\"]}]},{\"@type\":\"ImageObject\",\"inLanguage\":\"pt-PT\",\"@id\":\"https:\/\/estadocomarte.pt\/site\/2025\/07\/01\/filipa-amorim-acho-que-nunca-perdi-aquele-prazer-que-temos-em-crianca-de-desvendar-misterios\/#primaryimage\",\"url\":\"https:\/\/estadocomarte.pt\/site\/wp-content\/uploads\/2025\/07\/Filipa-Amorim2.jpg\",\"contentUrl\":\"https:\/\/estadocomarte.pt\/site\/wp-content\/uploads\/2025\/07\/Filipa-Amorim2.jpg\",\"width\":1440,\"height\":1920},{\"@type\":\"BreadcrumbList\",\"@id\":\"https:\/\/estadocomarte.pt\/site\/2025\/07\/01\/filipa-amorim-acho-que-nunca-perdi-aquele-prazer-que-temos-em-crianca-de-desvendar-misterios\/#breadcrumb\",\"itemListElement\":[{\"@type\":\"ListItem\",\"position\":1,\"name\":\"In\u00edcio\",\"item\":\"https:\/\/estadocomarte.pt\/site\/\"},{\"@type\":\"ListItem\",\"position\":2,\"name\":\"Filipa Amorim: &#8220;Acho que nunca perdi aquele prazer que temos em crian\u00e7a de desvendar mist\u00e9rios.&#8221;\"}]},{\"@type\":\"WebSite\",\"@id\":\"https:\/\/estadocomarte.pt\/site\/#website\",\"url\":\"https:\/\/estadocomarte.pt\/site\/\",\"name\":\"Estado com Arte Magazine\",\"description\":\"Magazine\",\"publisher\":{\"@id\":\"https:\/\/estadocomarte.pt\/site\/#organization\"},\"alternateName\":\"Magazine semanal sobre pol\u00edtica e cultura, com autores, opini\u00e3o e cr\u00edticas.\",\"potentialAction\":[{\"@type\":\"SearchAction\",\"target\":{\"@type\":\"EntryPoint\",\"urlTemplate\":\"https:\/\/estadocomarte.pt\/site\/?s={search_term_string}\"},\"query-input\":{\"@type\":\"PropertyValueSpecification\",\"valueRequired\":true,\"valueName\":\"search_term_string\"}}],\"inLanguage\":\"pt-PT\"},{\"@type\":\"Organization\",\"@id\":\"https:\/\/estadocomarte.pt\/site\/#organization\",\"name\":\"Estado com Arte Magazine\",\"alternateName\":\"Magazine semanal sobre pol\u00edtica e cultura, com autores, opini\u00e3o e cr\u00edticas.\",\"url\":\"https:\/\/estadocomarte.pt\/site\/\",\"logo\":{\"@type\":\"ImageObject\",\"inLanguage\":\"pt-PT\",\"@id\":\"https:\/\/estadocomarte.pt\/site\/#\/schema\/logo\/image\/\",\"url\":\"https:\/\/estadocomarte.pt\/site\/wp-content\/uploads\/2023\/06\/cropped-cropped-Prancheta-2@2x-100.jpg\",\"contentUrl\":\"https:\/\/estadocomarte.pt\/site\/wp-content\/uploads\/2023\/06\/cropped-cropped-Prancheta-2@2x-100.jpg\",\"width\":1777,\"height\":592,\"caption\":\"Estado com Arte Magazine\"},\"image\":{\"@id\":\"https:\/\/estadocomarte.pt\/site\/#\/schema\/logo\/image\/\"},\"sameAs\":[\"https:\/\/www.instagram.com\/estadocomartemagazine\"]},{\"@type\":\"Person\",\"@id\":\"https:\/\/estadocomarte.pt\/site\/#\/schema\/person\/c0943a071216c1e5b21f85304151e4ba\",\"name\":\"admin\",\"image\":{\"@type\":\"ImageObject\",\"inLanguage\":\"pt-PT\",\"@id\":\"https:\/\/estadocomarte.pt\/site\/#\/schema\/person\/image\/\",\"url\":\"https:\/\/secure.gravatar.com\/avatar\/e6f378fd6914c8505d3e1d40f51fa953b21bab0f3a5658a33bc84cb5bda780f9?s=96&d=mm&r=g\",\"contentUrl\":\"https:\/\/secure.gravatar.com\/avatar\/e6f378fd6914c8505d3e1d40f51fa953b21bab0f3a5658a33bc84cb5bda780f9?s=96&d=mm&r=g\",\"caption\":\"admin\"},\"sameAs\":[\"https:\/\/estadocomarte.pt\/site\"],\"url\":\"https:\/\/estadocomarte.pt\/site\/author\/admin\/\"}]}<\/script>\n<!-- \/ Yoast SEO plugin. -->","yoast_head_json":{"title":"Filipa Amorim: \"Acho que nunca perdi aquele prazer que temos em crian\u00e7a de desvendar mist\u00e9rios.\" - Estado com Arte","robots":{"index":"index","follow":"follow","max-snippet":"max-snippet:-1","max-image-preview":"max-image-preview:large","max-video-preview":"max-video-preview:-1"},"canonical":"https:\/\/estadocomarte.pt\/site\/2025\/07\/01\/filipa-amorim-acho-que-nunca-perdi-aquele-prazer-que-temos-em-crianca-de-desvendar-misterios\/","og_locale":"pt_PT","og_type":"article","og_title":"Filipa Amorim: \"Acho que nunca perdi aquele prazer que temos em crian\u00e7a de desvendar mist\u00e9rios.\" - Estado com Arte","og_description":"Pedro Gaspar","og_url":"https:\/\/estadocomarte.pt\/site\/2025\/07\/01\/filipa-amorim-acho-que-nunca-perdi-aquele-prazer-que-temos-em-crianca-de-desvendar-misterios\/","og_site_name":"Estado com Arte","article_published_time":"2025-07-01T09:41:52+00:00","article_modified_time":"2025-07-01T13:57:41+00:00","og_image":[{"width":1440,"height":1920,"url":"https:\/\/estadocomarte.pt\/site\/wp-content\/uploads\/2025\/07\/Filipa-Amorim2.jpg","type":"image\/jpeg"}],"author":"admin","twitter_card":"summary_large_image","twitter_misc":{"Escrito por":"admin","Tempo estimado de leitura":"7 minutos"},"schema":{"@context":"https:\/\/schema.org","@graph":[{"@type":"Article","@id":"https:\/\/estadocomarte.pt\/site\/2025\/07\/01\/filipa-amorim-acho-que-nunca-perdi-aquele-prazer-que-temos-em-crianca-de-desvendar-misterios\/#article","isPartOf":{"@id":"https:\/\/estadocomarte.pt\/site\/2025\/07\/01\/filipa-amorim-acho-que-nunca-perdi-aquele-prazer-que-temos-em-crianca-de-desvendar-misterios\/"},"author":{"name":"admin","@id":"https:\/\/estadocomarte.pt\/site\/#\/schema\/person\/c0943a071216c1e5b21f85304151e4ba"},"headline":"Filipa Amorim: &#8220;Acho que nunca perdi aquele prazer que temos em crian\u00e7a de desvendar mist\u00e9rios.&#8221;","datePublished":"2025-07-01T09:41:52+00:00","dateModified":"2025-07-01T13:57:41+00:00","mainEntityOfPage":{"@id":"https:\/\/estadocomarte.pt\/site\/2025\/07\/01\/filipa-amorim-acho-que-nunca-perdi-aquele-prazer-que-temos-em-crianca-de-desvendar-misterios\/"},"wordCount":1110,"commentCount":0,"publisher":{"@id":"https:\/\/estadocomarte.pt\/site\/#organization"},"image":{"@id":"https:\/\/estadocomarte.pt\/site\/2025\/07\/01\/filipa-amorim-acho-que-nunca-perdi-aquele-prazer-que-temos-em-crianca-de-desvendar-misterios\/#primaryimage"},"thumbnailUrl":"https:\/\/estadocomarte.pt\/site\/wp-content\/uploads\/2025\/07\/Filipa-Amorim2.jpg","keywords":["Filipa Amorim","Pedro Gaspar"],"articleSection":["Cultura"],"inLanguage":"pt-PT","potentialAction":[{"@type":"CommentAction","name":"Comment","target":["https:\/\/estadocomarte.pt\/site\/2025\/07\/01\/filipa-amorim-acho-que-nunca-perdi-aquele-prazer-que-temos-em-crianca-de-desvendar-misterios\/#respond"]}]},{"@type":"WebPage","@id":"https:\/\/estadocomarte.pt\/site\/2025\/07\/01\/filipa-amorim-acho-que-nunca-perdi-aquele-prazer-que-temos-em-crianca-de-desvendar-misterios\/","url":"https:\/\/estadocomarte.pt\/site\/2025\/07\/01\/filipa-amorim-acho-que-nunca-perdi-aquele-prazer-que-temos-em-crianca-de-desvendar-misterios\/","name":"Filipa Amorim: \"Acho que nunca perdi aquele prazer que temos em crian\u00e7a de desvendar mist\u00e9rios.\" - Estado com Arte","isPartOf":{"@id":"https:\/\/estadocomarte.pt\/site\/#website"},"primaryImageOfPage":{"@id":"https:\/\/estadocomarte.pt\/site\/2025\/07\/01\/filipa-amorim-acho-que-nunca-perdi-aquele-prazer-que-temos-em-crianca-de-desvendar-misterios\/#primaryimage"},"image":{"@id":"https:\/\/estadocomarte.pt\/site\/2025\/07\/01\/filipa-amorim-acho-que-nunca-perdi-aquele-prazer-que-temos-em-crianca-de-desvendar-misterios\/#primaryimage"},"thumbnailUrl":"https:\/\/estadocomarte.pt\/site\/wp-content\/uploads\/2025\/07\/Filipa-Amorim2.jpg","datePublished":"2025-07-01T09:41:52+00:00","dateModified":"2025-07-01T13:57:41+00:00","breadcrumb":{"@id":"https:\/\/estadocomarte.pt\/site\/2025\/07\/01\/filipa-amorim-acho-que-nunca-perdi-aquele-prazer-que-temos-em-crianca-de-desvendar-misterios\/#breadcrumb"},"inLanguage":"pt-PT","potentialAction":[{"@type":"ReadAction","target":["https:\/\/estadocomarte.pt\/site\/2025\/07\/01\/filipa-amorim-acho-que-nunca-perdi-aquele-prazer-que-temos-em-crianca-de-desvendar-misterios\/"]}]},{"@type":"ImageObject","inLanguage":"pt-PT","@id":"https:\/\/estadocomarte.pt\/site\/2025\/07\/01\/filipa-amorim-acho-que-nunca-perdi-aquele-prazer-que-temos-em-crianca-de-desvendar-misterios\/#primaryimage","url":"https:\/\/estadocomarte.pt\/site\/wp-content\/uploads\/2025\/07\/Filipa-Amorim2.jpg","contentUrl":"https:\/\/estadocomarte.pt\/site\/wp-content\/uploads\/2025\/07\/Filipa-Amorim2.jpg","width":1440,"height":1920},{"@type":"BreadcrumbList","@id":"https:\/\/estadocomarte.pt\/site\/2025\/07\/01\/filipa-amorim-acho-que-nunca-perdi-aquele-prazer-que-temos-em-crianca-de-desvendar-misterios\/#breadcrumb","itemListElement":[{"@type":"ListItem","position":1,"name":"In\u00edcio","item":"https:\/\/estadocomarte.pt\/site\/"},{"@type":"ListItem","position":2,"name":"Filipa Amorim: &#8220;Acho que nunca perdi aquele prazer que temos em crian\u00e7a de desvendar mist\u00e9rios.&#8221;"}]},{"@type":"WebSite","@id":"https:\/\/estadocomarte.pt\/site\/#website","url":"https:\/\/estadocomarte.pt\/site\/","name":"Estado com Arte Magazine","description":"Magazine","publisher":{"@id":"https:\/\/estadocomarte.pt\/site\/#organization"},"alternateName":"Magazine semanal sobre pol\u00edtica e cultura, com autores, opini\u00e3o e cr\u00edticas.","potentialAction":[{"@type":"SearchAction","target":{"@type":"EntryPoint","urlTemplate":"https:\/\/estadocomarte.pt\/site\/?s={search_term_string}"},"query-input":{"@type":"PropertyValueSpecification","valueRequired":true,"valueName":"search_term_string"}}],"inLanguage":"pt-PT"},{"@type":"Organization","@id":"https:\/\/estadocomarte.pt\/site\/#organization","name":"Estado com Arte Magazine","alternateName":"Magazine semanal sobre pol\u00edtica e cultura, com autores, opini\u00e3o e cr\u00edticas.","url":"https:\/\/estadocomarte.pt\/site\/","logo":{"@type":"ImageObject","inLanguage":"pt-PT","@id":"https:\/\/estadocomarte.pt\/site\/#\/schema\/logo\/image\/","url":"https:\/\/estadocomarte.pt\/site\/wp-content\/uploads\/2023\/06\/cropped-cropped-Prancheta-2@2x-100.jpg","contentUrl":"https:\/\/estadocomarte.pt\/site\/wp-content\/uploads\/2023\/06\/cropped-cropped-Prancheta-2@2x-100.jpg","width":1777,"height":592,"caption":"Estado com Arte Magazine"},"image":{"@id":"https:\/\/estadocomarte.pt\/site\/#\/schema\/logo\/image\/"},"sameAs":["https:\/\/www.instagram.com\/estadocomartemagazine"]},{"@type":"Person","@id":"https:\/\/estadocomarte.pt\/site\/#\/schema\/person\/c0943a071216c1e5b21f85304151e4ba","name":"admin","image":{"@type":"ImageObject","inLanguage":"pt-PT","@id":"https:\/\/estadocomarte.pt\/site\/#\/schema\/person\/image\/","url":"https:\/\/secure.gravatar.com\/avatar\/e6f378fd6914c8505d3e1d40f51fa953b21bab0f3a5658a33bc84cb5bda780f9?s=96&d=mm&r=g","contentUrl":"https:\/\/secure.gravatar.com\/avatar\/e6f378fd6914c8505d3e1d40f51fa953b21bab0f3a5658a33bc84cb5bda780f9?s=96&d=mm&r=g","caption":"admin"},"sameAs":["https:\/\/estadocomarte.pt\/site"],"url":"https:\/\/estadocomarte.pt\/site\/author\/admin\/"}]}},"_links":{"self":[{"href":"https:\/\/estadocomarte.pt\/site\/wp-json\/wp\/v2\/posts\/10101","targetHints":{"allow":["GET"]}}],"collection":[{"href":"https:\/\/estadocomarte.pt\/site\/wp-json\/wp\/v2\/posts"}],"about":[{"href":"https:\/\/estadocomarte.pt\/site\/wp-json\/wp\/v2\/types\/post"}],"author":[{"embeddable":true,"href":"https:\/\/estadocomarte.pt\/site\/wp-json\/wp\/v2\/users\/1"}],"replies":[{"embeddable":true,"href":"https:\/\/estadocomarte.pt\/site\/wp-json\/wp\/v2\/comments?post=10101"}],"version-history":[{"count":4,"href":"https:\/\/estadocomarte.pt\/site\/wp-json\/wp\/v2\/posts\/10101\/revisions"}],"predecessor-version":[{"id":10112,"href":"https:\/\/estadocomarte.pt\/site\/wp-json\/wp\/v2\/posts\/10101\/revisions\/10112"}],"wp:featuredmedia":[{"embeddable":true,"href":"https:\/\/estadocomarte.pt\/site\/wp-json\/wp\/v2\/media\/10107"}],"wp:attachment":[{"href":"https:\/\/estadocomarte.pt\/site\/wp-json\/wp\/v2\/media?parent=10101"}],"wp:term":[{"taxonomy":"category","embeddable":true,"href":"https:\/\/estadocomarte.pt\/site\/wp-json\/wp\/v2\/categories?post=10101"},{"taxonomy":"post_tag","embeddable":true,"href":"https:\/\/estadocomarte.pt\/site\/wp-json\/wp\/v2\/tags?post=10101"}],"curies":[{"name":"wp","href":"https:\/\/api.w.org\/{rel}","templated":true}]}}