{"id":10113,"date":"2025-07-01T17:05:48","date_gmt":"2025-07-01T17:05:48","guid":{"rendered":"https:\/\/estadocomarte.pt\/site\/?p=10113"},"modified":"2025-07-01T17:09:48","modified_gmt":"2025-07-01T17:09:48","slug":"festival-de-filosofia-espanto-pensar-nao-e-um-luxo-reservado-a-academia-mas-uma-necessidade-vital","status":"publish","type":"post","link":"https:\/\/estadocomarte.pt\/site\/2025\/07\/01\/festival-de-filosofia-espanto-pensar-nao-e-um-luxo-reservado-a-academia-mas-uma-necessidade-vital\/","title":{"rendered":"Festival de Filosofia \u201cEspanto\u201d. Pensar &#8220;n\u00e3o \u00e9 um luxo reservado&#8221; \u00e0 academia, mas uma &#8220;necessidade vital&#8221;"},"content":{"rendered":"<p><strong>O Festival Internacional de Filosofia &#8211; &#8221; Espanto&#8221; levou cerca de 1.350 visitantes a Cascais, entre 19 e 22 de junho. Mais de 30 fil\u00f3sofos, oradores e especialistas nacionais e internacionais subiram a palco para refletir sobre \u201co medo\u201d.<\/strong><br \/>\n<strong>Evento terminou com uma emocionante homenagem a Jos\u00e9 Gil, um dos principais pensadores contempor\u00e2neos nacionais.<\/strong><\/p>\n<p>Terminou este domingo a primeira edi\u00e7\u00e3o do \u201cEspanto\u201d \u2013 Festival Internacional de Filosofia, uma iniciativa in\u00e9dita em Portugal que transformou a vila de Cascais, durante quatro dias, num espa\u00e7o vibrante de ideias, di\u00e1logo e emo\u00e7\u00e3o. O festival, que levou a Filosofia para fora da academia, representou um novo cap\u00edtulo na forma como esta \u00e1rea do conhecimento \u00e9 entendida e vivida em Portugal.<\/p>\n<p>Segundo Catarina G. Barosa, fundadora do festival, \u201co pensamento est\u00e1 em perigo e, por isso, tornou-se urgente criar este evento\u201d. Questionou ainda \u201cat\u00e9 onde nos pode levar a ren\u00fancia ao pensamento?\u201d, e que \u201cesta \u00e9 a pergunta que nos deve perseguir nos tempos atuais. A Filosofia, enquanto disciplina de amor \u00e0 sabedoria, pode salvar-nos das puls\u00f5es do nosso tempo.\u201d<\/p>\n<p>O tema escolhido para esta primeira edi\u00e7\u00e3o \u2013 \u201co medo\u201d \u2013 revelou-se particularmente relevante. \u201cPor ser um sentimento relacionado com a finitude que nos define, associada \u00e0 nossa fr\u00e1gil passagem pela vida, \u00e0 vulnerabilidade dos nossos corpos, \u00e0 avalanche de sentimentos a que somos submetidos todos os dias, uns atr\u00e1s dos outros, habita-nos a todos e \u00e9, por isso, um elemento unificador, uma raz\u00e3o suficiente para, num primeiro festival de filosofia no nosso pa\u00eds, nos juntar a todos\u201d, destacou Catarina G. Barosa.<\/p>\n<p>O \u201cEspanto\u201d contou com a presen\u00e7a de figuras como Peter Sloterdijk, Gilles Lipovetsky, Michel Eltchaninoff, Donatella Di Cesare, Samantha Rose Hill, Daniel Innerarity, Bernat Castany Prado, Beatriz Batarda, Joana B\u00e9rtholo, Arlindo Oliveira, Artur Ribeiro, Lu\u00edsa V. Lopes, Edson Athayde, Paulo Pascoal, David Erlich, Joana Rita Sousa e Laura Luz Silva, entre muitos outros nomes das artes, da ci\u00eancia, da literatura e da filosofia. A\u00a0 organiza\u00e7\u00e3o do Festival contou com o apoio da C\u00e2mara Municipal de Cascais e da Funda\u00e7\u00e3o D. Lu\u00eds.<\/p>\n<p>Para Salvato Teles de Menezes, Presidente do Conselho Diretivo da Funda\u00e7\u00e3o D. Lu\u00eds, \u201co medo tem sido sempre motor e mat\u00e9ria da arte e do pensamento. Esta iniciativa \u00e9 tamb\u00e9m uma tentativa de encontrar abrigo no meio dessa paisagem \u00e1rida que \u00e9, tantas vezes, a nossa contemporaneidade\u201d.<\/p>\n<p>Um dos momentos mais marcantes aconteceu logo nos dois primeiros dias, quando cinco fil\u00f3sofos visitaram os bairros comunit\u00e1rios 25 de abril, Torre e Adroana, para dinamizar sess\u00f5es abertas \u00e0 comunidade, seguidas de atua\u00e7\u00f5es de artistas locais.<\/p>\n<figure id=\"attachment_10120\" aria-describedby=\"caption-attachment-10120\" style=\"width: 300px\" class=\"wp-caption alignnone\"><img fetchpriority=\"high\" decoding=\"async\" class=\"wp-image-10120 size-medium\" src=\"https:\/\/estadocomarte.pt\/site\/wp-content\/uploads\/2025\/07\/Espanto-nos-Bairros-Sociais-de-Cascais-300x300.jpg\" alt=\"\" width=\"300\" height=\"300\" srcset=\"https:\/\/estadocomarte.pt\/site\/wp-content\/uploads\/2025\/07\/Espanto-nos-Bairros-Sociais-de-Cascais-300x300.jpg 300w, https:\/\/estadocomarte.pt\/site\/wp-content\/uploads\/2025\/07\/Espanto-nos-Bairros-Sociais-de-Cascais-1024x1024.jpg 1024w, https:\/\/estadocomarte.pt\/site\/wp-content\/uploads\/2025\/07\/Espanto-nos-Bairros-Sociais-de-Cascais-150x150.jpg 150w, https:\/\/estadocomarte.pt\/site\/wp-content\/uploads\/2025\/07\/Espanto-nos-Bairros-Sociais-de-Cascais-768x768.jpg 768w, https:\/\/estadocomarte.pt\/site\/wp-content\/uploads\/2025\/07\/Espanto-nos-Bairros-Sociais-de-Cascais-1536x1536.jpg 1536w, https:\/\/estadocomarte.pt\/site\/wp-content\/uploads\/2025\/07\/Espanto-nos-Bairros-Sociais-de-Cascais.jpg 2048w\" sizes=\"(max-width: 300px) 100vw, 300px\" \/><figcaption id=\"caption-attachment-10120\" class=\"wp-caption-text\">Sess\u00e3o de filosofia nos bairros comunit\u00e1rios 25 de abril, Torre e Adroana.<\/figcaption><\/figure>\n<p><span style=\"font-size: 16px;\">Estas a\u00e7\u00f5es demonstraram que &#8220;a reflex\u00e3o cr\u00edtica e o di\u00e1logo n\u00e3o s\u00e3o exclusivos de audit\u00f3rios ou universidades. Pelo contr\u00e1rio, podem e devem habitar os espa\u00e7os onde mais se sentem os efeitos da exclus\u00e3o, da vulnerabilidade e do medo \u2013 tema central da edi\u00e7\u00e3o de estreia.&#8221;<\/span><\/p>\n<p>Na sexta-feira, o jantar \u201cIn Vino Veritas\u201d marcou a abertura oficial do festival. Num ambiente intimista, no restaurante Conversas da Gandarinha, Jos\u00e9 Gil, personalidade homenageada desta edi\u00e7\u00e3o, foi o convidado especial da noite e deixou uma reflex\u00e3o poderosa sobre o estado atual do pensamento. O momento foi ainda assinalado por um microfone aberto, onde todos os presentes foram convidados a partilhar os seus medos, num raro exerc\u00edcio de escuta, vulnerabilidade e liberdade filos\u00f3fica.<\/p>\n<p>A Casa das Hist\u00f3rias Paula Rego foi um dos cen\u00e1rios principais do festival, com sess\u00f5es filos\u00f3ficas no audit\u00f3rio e atividades ao ar livre nas quatro \u00c1goras instaladas nos jardins. Estas pra\u00e7as modernas acolheram desde debates com pensadores consagrados a oficinas para crian\u00e7as e jovens, concursos de discursos e leituras encenadas, com o objetivo de estimular o pensamento e promover a curiosidade, em qualquer idade.<\/p>\n<p>No s\u00e1bado, o P\u00e1tio da Cidadela de Cascais acolheu a atua\u00e7\u00e3o da cantora portuguesa Milhanas, numa noite que ainda teve espa\u00e7o para aulas magnas sob as estrelas. O festival encerrou-se neste mesmo local com a leitura encenada da obra \u201cPortugal, Hoje \u2013 O Medo de Existir\u201d, de Jos\u00e9 Gil, pela atriz Beatriz Batarda.<\/p>\n<p><strong>Homenagem a Jos\u00e9 Gil<\/strong><\/p>\n<figure id=\"attachment_10114\" aria-describedby=\"caption-attachment-10114\" style=\"width: 300px\" class=\"wp-caption alignnone\"><img decoding=\"async\" class=\"size-medium wp-image-10114\" src=\"https:\/\/estadocomarte.pt\/site\/wp-content\/uploads\/2025\/07\/Homenagem-a-Jose-Gil-300x200.jpg\" alt=\"\" width=\"300\" height=\"200\" srcset=\"https:\/\/estadocomarte.pt\/site\/wp-content\/uploads\/2025\/07\/Homenagem-a-Jose-Gil-300x200.jpg 300w, https:\/\/estadocomarte.pt\/site\/wp-content\/uploads\/2025\/07\/Homenagem-a-Jose-Gil-1024x683.jpg 1024w, https:\/\/estadocomarte.pt\/site\/wp-content\/uploads\/2025\/07\/Homenagem-a-Jose-Gil-768x512.jpg 768w, https:\/\/estadocomarte.pt\/site\/wp-content\/uploads\/2025\/07\/Homenagem-a-Jose-Gil.jpg 1402w\" sizes=\"(max-width: 300px) 100vw, 300px\" \/><figcaption id=\"caption-attachment-10114\" class=\"wp-caption-text\">J MORGADO COLOR SHOP<\/figcaption><\/figure>\n<p>O encerramento do \u201cEspanto\u201d ficou marcado por uma emocionante homenagem a Jos\u00e9 Gil. O fil\u00f3sofo e ensa\u00edsta portugu\u00eas, figura incontorn\u00e1vel da Filosofia contempor\u00e2nea, foi reconhecido pelo seu contributo para o pensamento nacional e europeu, numa cerim\u00f3nia que que recordou n\u00e3o apenas o seu legado, mas tamb\u00e9m todos os que fazem da Filosofia um exerc\u00edcio cont\u00ednuo de resist\u00eancia, lucidez e esperan\u00e7a.<\/p>\n<p>Nas suas palavras de agradecimento, Jos\u00e9 Gil, sublinhou que \u201ccelebrar este esfor\u00e7o que n\u00f3s todos fazemos, significa para mim uma homenagem e uma celebra\u00e7\u00e3o a todos n\u00f3s, n\u00e3o s\u00f3 a mim, a todos os que praticam esta atividade um pouco estranha e bizarra que \u00e9 tentar pensar filosoficamente, e entender o que se passa. Com tantas quebras, com tantas falhas com tantas desilus\u00f5es que acontecem no mundo. E uns certos prazeres, umas certas recompensas pelo que se fez aqui e ali, pequeninamente\u201d.<\/p>\n<p>\u201cO festival superou todas as nossas expectativas. A ades\u00e3o das pessoas foi muito grande, o que nos motiva para continuar. Os fil\u00f3sofos participantes foram not\u00e1veis na forma como apresentaram as suas ideias sobre o medo e as conversas entre eles e o p\u00fablico nas \u00c1goras dos jardins da Casa das Hist\u00f3rias Paula Rego estiveram sempre lotadas. Um sucesso!\u201d, concluiu Catarina G. Barosa.<\/p>\n<p>&#8220;O \u201cEspanto\u201d mostrou que pensar n\u00e3o \u00e9 um luxo reservado \u00e0 academia, mas uma necessidade vital, especialmente em tempos de medo e incerteza. Foi o in\u00edcio de uma transforma\u00e7\u00e3o cultural que restitui \u00e0 Filosofia o seu lugar na esfera p\u00fablica, enquanto disciplina viva, acess\u00edvel, inter geracional e pol\u00edticamente relevante,&#8221; admite a fundadora do Festival.<\/p>\n","protected":false},"excerpt":{"rendered":"<p>Estado com Arte Magazine<\/p>\n","protected":false},"author":1,"featured_media":10115,"comment_status":"open","ping_status":"open","sticky":false,"template":"","format":"standard","meta":{"site-sidebar-layout":"default","site-content-layout":"default","ast-global-header-display":"","ast-banner-title-visibility":"","ast-main-header-display":"","ast-hfb-above-header-display":"","ast-hfb-below-header-display":"","ast-hfb-mobile-header-display":"","site-post-title":"","ast-breadcrumbs-content":"","ast-featured-img":"","footer-sml-layout":"","theme-transparent-header-meta":"default","adv-header-id-meta":"","stick-header-meta":"","header-above-stick-meta":"","header-main-stick-meta":"","header-below-stick-meta":"","footnotes":""},"categories":[7],"tags":[977,976],"class_list":["post-10113","post","type-post","status-publish","format-standard","has-post-thumbnail","hentry","category-cultura","tag-catarina-g-barosa","tag-festival-espanto"],"yoast_head":"<!-- This site is optimized with the Yoast SEO plugin v25.1 - https:\/\/yoast.com\/wordpress\/plugins\/seo\/ -->\n<title>Festival de Filosofia \u201cEspanto\u201d. Pensar &quot;n\u00e3o \u00e9 um luxo reservado&quot; \u00e0 academia, mas uma &quot;necessidade vital&quot; - Estado com Arte<\/title>\n<meta name=\"robots\" content=\"index, follow, max-snippet:-1, max-image-preview:large, max-video-preview:-1\" \/>\n<link rel=\"canonical\" href=\"https:\/\/estadocomarte.pt\/site\/2025\/07\/01\/festival-de-filosofia-espanto-pensar-nao-e-um-luxo-reservado-a-academia-mas-uma-necessidade-vital\/\" \/>\n<meta property=\"og:locale\" content=\"pt_PT\" \/>\n<meta property=\"og:type\" content=\"article\" \/>\n<meta property=\"og:title\" content=\"Festival de Filosofia \u201cEspanto\u201d. Pensar &quot;n\u00e3o \u00e9 um luxo reservado&quot; \u00e0 academia, mas uma &quot;necessidade vital&quot; - Estado com Arte\" \/>\n<meta property=\"og:description\" content=\"Estado com Arte Magazine\" \/>\n<meta property=\"og:url\" content=\"https:\/\/estadocomarte.pt\/site\/2025\/07\/01\/festival-de-filosofia-espanto-pensar-nao-e-um-luxo-reservado-a-academia-mas-uma-necessidade-vital\/\" \/>\n<meta property=\"og:site_name\" content=\"Estado com Arte\" \/>\n<meta property=\"article:published_time\" content=\"2025-07-01T17:05:48+00:00\" \/>\n<meta property=\"article:modified_time\" content=\"2025-07-01T17:09:48+00:00\" \/>\n<meta property=\"og:image\" content=\"https:\/\/estadocomarte.pt\/site\/wp-content\/uploads\/2025\/07\/Catarina-G.-Barosa-Fundadora-Espanto.jpg\" \/>\n\t<meta property=\"og:image:width\" content=\"1226\" \/>\n\t<meta property=\"og:image:height\" content=\"818\" \/>\n\t<meta property=\"og:image:type\" content=\"image\/jpeg\" \/>\n<meta name=\"author\" content=\"admin\" \/>\n<meta name=\"twitter:card\" content=\"summary_large_image\" \/>\n<meta name=\"twitter:label1\" content=\"Escrito por\" \/>\n\t<meta name=\"twitter:data1\" content=\"admin\" \/>\n\t<meta name=\"twitter:label2\" content=\"Tempo estimado de leitura\" \/>\n\t<meta name=\"twitter:data2\" content=\"6 minutos\" \/>\n<script type=\"application\/ld+json\" class=\"yoast-schema-graph\">{\"@context\":\"https:\/\/schema.org\",\"@graph\":[{\"@type\":\"Article\",\"@id\":\"https:\/\/estadocomarte.pt\/site\/2025\/07\/01\/festival-de-filosofia-espanto-pensar-nao-e-um-luxo-reservado-a-academia-mas-uma-necessidade-vital\/#article\",\"isPartOf\":{\"@id\":\"https:\/\/estadocomarte.pt\/site\/2025\/07\/01\/festival-de-filosofia-espanto-pensar-nao-e-um-luxo-reservado-a-academia-mas-uma-necessidade-vital\/\"},\"author\":{\"name\":\"admin\",\"@id\":\"https:\/\/estadocomarte.pt\/site\/#\/schema\/person\/c0943a071216c1e5b21f85304151e4ba\"},\"headline\":\"Festival de Filosofia \u201cEspanto\u201d. Pensar &#8220;n\u00e3o \u00e9 um luxo reservado&#8221; \u00e0 academia, mas uma &#8220;necessidade vital&#8221;\",\"datePublished\":\"2025-07-01T17:05:48+00:00\",\"dateModified\":\"2025-07-01T17:09:48+00:00\",\"mainEntityOfPage\":{\"@id\":\"https:\/\/estadocomarte.pt\/site\/2025\/07\/01\/festival-de-filosofia-espanto-pensar-nao-e-um-luxo-reservado-a-academia-mas-uma-necessidade-vital\/\"},\"wordCount\":1025,\"commentCount\":0,\"publisher\":{\"@id\":\"https:\/\/estadocomarte.pt\/site\/#organization\"},\"image\":{\"@id\":\"https:\/\/estadocomarte.pt\/site\/2025\/07\/01\/festival-de-filosofia-espanto-pensar-nao-e-um-luxo-reservado-a-academia-mas-uma-necessidade-vital\/#primaryimage\"},\"thumbnailUrl\":\"https:\/\/estadocomarte.pt\/site\/wp-content\/uploads\/2025\/07\/Catarina-G.-Barosa-Fundadora-Espanto.jpg\",\"keywords\":[\"Catarina G. Barosa\",\"Festival espanto\"],\"articleSection\":[\"Cultura\"],\"inLanguage\":\"pt-PT\",\"potentialAction\":[{\"@type\":\"CommentAction\",\"name\":\"Comment\",\"target\":[\"https:\/\/estadocomarte.pt\/site\/2025\/07\/01\/festival-de-filosofia-espanto-pensar-nao-e-um-luxo-reservado-a-academia-mas-uma-necessidade-vital\/#respond\"]}]},{\"@type\":\"WebPage\",\"@id\":\"https:\/\/estadocomarte.pt\/site\/2025\/07\/01\/festival-de-filosofia-espanto-pensar-nao-e-um-luxo-reservado-a-academia-mas-uma-necessidade-vital\/\",\"url\":\"https:\/\/estadocomarte.pt\/site\/2025\/07\/01\/festival-de-filosofia-espanto-pensar-nao-e-um-luxo-reservado-a-academia-mas-uma-necessidade-vital\/\",\"name\":\"Festival de Filosofia \u201cEspanto\u201d. Pensar \\\"n\u00e3o \u00e9 um luxo reservado\\\" \u00e0 academia, mas uma \\\"necessidade vital\\\" - Estado com Arte\",\"isPartOf\":{\"@id\":\"https:\/\/estadocomarte.pt\/site\/#website\"},\"primaryImageOfPage\":{\"@id\":\"https:\/\/estadocomarte.pt\/site\/2025\/07\/01\/festival-de-filosofia-espanto-pensar-nao-e-um-luxo-reservado-a-academia-mas-uma-necessidade-vital\/#primaryimage\"},\"image\":{\"@id\":\"https:\/\/estadocomarte.pt\/site\/2025\/07\/01\/festival-de-filosofia-espanto-pensar-nao-e-um-luxo-reservado-a-academia-mas-uma-necessidade-vital\/#primaryimage\"},\"thumbnailUrl\":\"https:\/\/estadocomarte.pt\/site\/wp-content\/uploads\/2025\/07\/Catarina-G.-Barosa-Fundadora-Espanto.jpg\",\"datePublished\":\"2025-07-01T17:05:48+00:00\",\"dateModified\":\"2025-07-01T17:09:48+00:00\",\"breadcrumb\":{\"@id\":\"https:\/\/estadocomarte.pt\/site\/2025\/07\/01\/festival-de-filosofia-espanto-pensar-nao-e-um-luxo-reservado-a-academia-mas-uma-necessidade-vital\/#breadcrumb\"},\"inLanguage\":\"pt-PT\",\"potentialAction\":[{\"@type\":\"ReadAction\",\"target\":[\"https:\/\/estadocomarte.pt\/site\/2025\/07\/01\/festival-de-filosofia-espanto-pensar-nao-e-um-luxo-reservado-a-academia-mas-uma-necessidade-vital\/\"]}]},{\"@type\":\"ImageObject\",\"inLanguage\":\"pt-PT\",\"@id\":\"https:\/\/estadocomarte.pt\/site\/2025\/07\/01\/festival-de-filosofia-espanto-pensar-nao-e-um-luxo-reservado-a-academia-mas-uma-necessidade-vital\/#primaryimage\",\"url\":\"https:\/\/estadocomarte.pt\/site\/wp-content\/uploads\/2025\/07\/Catarina-G.-Barosa-Fundadora-Espanto.jpg\",\"contentUrl\":\"https:\/\/estadocomarte.pt\/site\/wp-content\/uploads\/2025\/07\/Catarina-G.-Barosa-Fundadora-Espanto.jpg\",\"width\":1226,\"height\":818,\"caption\":\"????????????????????\"},{\"@type\":\"BreadcrumbList\",\"@id\":\"https:\/\/estadocomarte.pt\/site\/2025\/07\/01\/festival-de-filosofia-espanto-pensar-nao-e-um-luxo-reservado-a-academia-mas-uma-necessidade-vital\/#breadcrumb\",\"itemListElement\":[{\"@type\":\"ListItem\",\"position\":1,\"name\":\"In\u00edcio\",\"item\":\"https:\/\/estadocomarte.pt\/site\/\"},{\"@type\":\"ListItem\",\"position\":2,\"name\":\"Festival de Filosofia \u201cEspanto\u201d. Pensar &#8220;n\u00e3o \u00e9 um luxo reservado&#8221; \u00e0 academia, mas uma &#8220;necessidade vital&#8221;\"}]},{\"@type\":\"WebSite\",\"@id\":\"https:\/\/estadocomarte.pt\/site\/#website\",\"url\":\"https:\/\/estadocomarte.pt\/site\/\",\"name\":\"Estado com Arte Magazine\",\"description\":\"Magazine\",\"publisher\":{\"@id\":\"https:\/\/estadocomarte.pt\/site\/#organization\"},\"alternateName\":\"Magazine semanal sobre pol\u00edtica e cultura, com autores, opini\u00e3o e cr\u00edticas.\",\"potentialAction\":[{\"@type\":\"SearchAction\",\"target\":{\"@type\":\"EntryPoint\",\"urlTemplate\":\"https:\/\/estadocomarte.pt\/site\/?s={search_term_string}\"},\"query-input\":{\"@type\":\"PropertyValueSpecification\",\"valueRequired\":true,\"valueName\":\"search_term_string\"}}],\"inLanguage\":\"pt-PT\"},{\"@type\":\"Organization\",\"@id\":\"https:\/\/estadocomarte.pt\/site\/#organization\",\"name\":\"Estado com Arte Magazine\",\"alternateName\":\"Magazine semanal sobre pol\u00edtica e cultura, com autores, opini\u00e3o e cr\u00edticas.\",\"url\":\"https:\/\/estadocomarte.pt\/site\/\",\"logo\":{\"@type\":\"ImageObject\",\"inLanguage\":\"pt-PT\",\"@id\":\"https:\/\/estadocomarte.pt\/site\/#\/schema\/logo\/image\/\",\"url\":\"https:\/\/estadocomarte.pt\/site\/wp-content\/uploads\/2023\/06\/cropped-cropped-Prancheta-2@2x-100.jpg\",\"contentUrl\":\"https:\/\/estadocomarte.pt\/site\/wp-content\/uploads\/2023\/06\/cropped-cropped-Prancheta-2@2x-100.jpg\",\"width\":1777,\"height\":592,\"caption\":\"Estado com Arte Magazine\"},\"image\":{\"@id\":\"https:\/\/estadocomarte.pt\/site\/#\/schema\/logo\/image\/\"},\"sameAs\":[\"https:\/\/www.instagram.com\/estadocomartemagazine\"]},{\"@type\":\"Person\",\"@id\":\"https:\/\/estadocomarte.pt\/site\/#\/schema\/person\/c0943a071216c1e5b21f85304151e4ba\",\"name\":\"admin\",\"image\":{\"@type\":\"ImageObject\",\"inLanguage\":\"pt-PT\",\"@id\":\"https:\/\/estadocomarte.pt\/site\/#\/schema\/person\/image\/\",\"url\":\"https:\/\/secure.gravatar.com\/avatar\/e6f378fd6914c8505d3e1d40f51fa953b21bab0f3a5658a33bc84cb5bda780f9?s=96&d=mm&r=g\",\"contentUrl\":\"https:\/\/secure.gravatar.com\/avatar\/e6f378fd6914c8505d3e1d40f51fa953b21bab0f3a5658a33bc84cb5bda780f9?s=96&d=mm&r=g\",\"caption\":\"admin\"},\"sameAs\":[\"https:\/\/estadocomarte.pt\/site\"],\"url\":\"https:\/\/estadocomarte.pt\/site\/author\/admin\/\"}]}<\/script>\n<!-- \/ Yoast SEO plugin. -->","yoast_head_json":{"title":"Festival de Filosofia \u201cEspanto\u201d. Pensar \"n\u00e3o \u00e9 um luxo reservado\" \u00e0 academia, mas uma \"necessidade vital\" - Estado com Arte","robots":{"index":"index","follow":"follow","max-snippet":"max-snippet:-1","max-image-preview":"max-image-preview:large","max-video-preview":"max-video-preview:-1"},"canonical":"https:\/\/estadocomarte.pt\/site\/2025\/07\/01\/festival-de-filosofia-espanto-pensar-nao-e-um-luxo-reservado-a-academia-mas-uma-necessidade-vital\/","og_locale":"pt_PT","og_type":"article","og_title":"Festival de Filosofia \u201cEspanto\u201d. Pensar \"n\u00e3o \u00e9 um luxo reservado\" \u00e0 academia, mas uma \"necessidade vital\" - Estado com Arte","og_description":"Estado com Arte Magazine","og_url":"https:\/\/estadocomarte.pt\/site\/2025\/07\/01\/festival-de-filosofia-espanto-pensar-nao-e-um-luxo-reservado-a-academia-mas-uma-necessidade-vital\/","og_site_name":"Estado com Arte","article_published_time":"2025-07-01T17:05:48+00:00","article_modified_time":"2025-07-01T17:09:48+00:00","og_image":[{"width":1226,"height":818,"url":"https:\/\/estadocomarte.pt\/site\/wp-content\/uploads\/2025\/07\/Catarina-G.-Barosa-Fundadora-Espanto.jpg","type":"image\/jpeg"}],"author":"admin","twitter_card":"summary_large_image","twitter_misc":{"Escrito por":"admin","Tempo estimado de leitura":"6 minutos"},"schema":{"@context":"https:\/\/schema.org","@graph":[{"@type":"Article","@id":"https:\/\/estadocomarte.pt\/site\/2025\/07\/01\/festival-de-filosofia-espanto-pensar-nao-e-um-luxo-reservado-a-academia-mas-uma-necessidade-vital\/#article","isPartOf":{"@id":"https:\/\/estadocomarte.pt\/site\/2025\/07\/01\/festival-de-filosofia-espanto-pensar-nao-e-um-luxo-reservado-a-academia-mas-uma-necessidade-vital\/"},"author":{"name":"admin","@id":"https:\/\/estadocomarte.pt\/site\/#\/schema\/person\/c0943a071216c1e5b21f85304151e4ba"},"headline":"Festival de Filosofia \u201cEspanto\u201d. Pensar &#8220;n\u00e3o \u00e9 um luxo reservado&#8221; \u00e0 academia, mas uma &#8220;necessidade vital&#8221;","datePublished":"2025-07-01T17:05:48+00:00","dateModified":"2025-07-01T17:09:48+00:00","mainEntityOfPage":{"@id":"https:\/\/estadocomarte.pt\/site\/2025\/07\/01\/festival-de-filosofia-espanto-pensar-nao-e-um-luxo-reservado-a-academia-mas-uma-necessidade-vital\/"},"wordCount":1025,"commentCount":0,"publisher":{"@id":"https:\/\/estadocomarte.pt\/site\/#organization"},"image":{"@id":"https:\/\/estadocomarte.pt\/site\/2025\/07\/01\/festival-de-filosofia-espanto-pensar-nao-e-um-luxo-reservado-a-academia-mas-uma-necessidade-vital\/#primaryimage"},"thumbnailUrl":"https:\/\/estadocomarte.pt\/site\/wp-content\/uploads\/2025\/07\/Catarina-G.-Barosa-Fundadora-Espanto.jpg","keywords":["Catarina G. Barosa","Festival espanto"],"articleSection":["Cultura"],"inLanguage":"pt-PT","potentialAction":[{"@type":"CommentAction","name":"Comment","target":["https:\/\/estadocomarte.pt\/site\/2025\/07\/01\/festival-de-filosofia-espanto-pensar-nao-e-um-luxo-reservado-a-academia-mas-uma-necessidade-vital\/#respond"]}]},{"@type":"WebPage","@id":"https:\/\/estadocomarte.pt\/site\/2025\/07\/01\/festival-de-filosofia-espanto-pensar-nao-e-um-luxo-reservado-a-academia-mas-uma-necessidade-vital\/","url":"https:\/\/estadocomarte.pt\/site\/2025\/07\/01\/festival-de-filosofia-espanto-pensar-nao-e-um-luxo-reservado-a-academia-mas-uma-necessidade-vital\/","name":"Festival de Filosofia \u201cEspanto\u201d. Pensar \"n\u00e3o \u00e9 um luxo reservado\" \u00e0 academia, mas uma \"necessidade vital\" - Estado com Arte","isPartOf":{"@id":"https:\/\/estadocomarte.pt\/site\/#website"},"primaryImageOfPage":{"@id":"https:\/\/estadocomarte.pt\/site\/2025\/07\/01\/festival-de-filosofia-espanto-pensar-nao-e-um-luxo-reservado-a-academia-mas-uma-necessidade-vital\/#primaryimage"},"image":{"@id":"https:\/\/estadocomarte.pt\/site\/2025\/07\/01\/festival-de-filosofia-espanto-pensar-nao-e-um-luxo-reservado-a-academia-mas-uma-necessidade-vital\/#primaryimage"},"thumbnailUrl":"https:\/\/estadocomarte.pt\/site\/wp-content\/uploads\/2025\/07\/Catarina-G.-Barosa-Fundadora-Espanto.jpg","datePublished":"2025-07-01T17:05:48+00:00","dateModified":"2025-07-01T17:09:48+00:00","breadcrumb":{"@id":"https:\/\/estadocomarte.pt\/site\/2025\/07\/01\/festival-de-filosofia-espanto-pensar-nao-e-um-luxo-reservado-a-academia-mas-uma-necessidade-vital\/#breadcrumb"},"inLanguage":"pt-PT","potentialAction":[{"@type":"ReadAction","target":["https:\/\/estadocomarte.pt\/site\/2025\/07\/01\/festival-de-filosofia-espanto-pensar-nao-e-um-luxo-reservado-a-academia-mas-uma-necessidade-vital\/"]}]},{"@type":"ImageObject","inLanguage":"pt-PT","@id":"https:\/\/estadocomarte.pt\/site\/2025\/07\/01\/festival-de-filosofia-espanto-pensar-nao-e-um-luxo-reservado-a-academia-mas-uma-necessidade-vital\/#primaryimage","url":"https:\/\/estadocomarte.pt\/site\/wp-content\/uploads\/2025\/07\/Catarina-G.-Barosa-Fundadora-Espanto.jpg","contentUrl":"https:\/\/estadocomarte.pt\/site\/wp-content\/uploads\/2025\/07\/Catarina-G.-Barosa-Fundadora-Espanto.jpg","width":1226,"height":818,"caption":"????????????????????"},{"@type":"BreadcrumbList","@id":"https:\/\/estadocomarte.pt\/site\/2025\/07\/01\/festival-de-filosofia-espanto-pensar-nao-e-um-luxo-reservado-a-academia-mas-uma-necessidade-vital\/#breadcrumb","itemListElement":[{"@type":"ListItem","position":1,"name":"In\u00edcio","item":"https:\/\/estadocomarte.pt\/site\/"},{"@type":"ListItem","position":2,"name":"Festival de Filosofia \u201cEspanto\u201d. Pensar &#8220;n\u00e3o \u00e9 um luxo reservado&#8221; \u00e0 academia, mas uma &#8220;necessidade vital&#8221;"}]},{"@type":"WebSite","@id":"https:\/\/estadocomarte.pt\/site\/#website","url":"https:\/\/estadocomarte.pt\/site\/","name":"Estado com Arte Magazine","description":"Magazine","publisher":{"@id":"https:\/\/estadocomarte.pt\/site\/#organization"},"alternateName":"Magazine semanal sobre pol\u00edtica e cultura, com autores, opini\u00e3o e cr\u00edticas.","potentialAction":[{"@type":"SearchAction","target":{"@type":"EntryPoint","urlTemplate":"https:\/\/estadocomarte.pt\/site\/?s={search_term_string}"},"query-input":{"@type":"PropertyValueSpecification","valueRequired":true,"valueName":"search_term_string"}}],"inLanguage":"pt-PT"},{"@type":"Organization","@id":"https:\/\/estadocomarte.pt\/site\/#organization","name":"Estado com Arte Magazine","alternateName":"Magazine semanal sobre pol\u00edtica e cultura, com autores, opini\u00e3o e cr\u00edticas.","url":"https:\/\/estadocomarte.pt\/site\/","logo":{"@type":"ImageObject","inLanguage":"pt-PT","@id":"https:\/\/estadocomarte.pt\/site\/#\/schema\/logo\/image\/","url":"https:\/\/estadocomarte.pt\/site\/wp-content\/uploads\/2023\/06\/cropped-cropped-Prancheta-2@2x-100.jpg","contentUrl":"https:\/\/estadocomarte.pt\/site\/wp-content\/uploads\/2023\/06\/cropped-cropped-Prancheta-2@2x-100.jpg","width":1777,"height":592,"caption":"Estado com Arte Magazine"},"image":{"@id":"https:\/\/estadocomarte.pt\/site\/#\/schema\/logo\/image\/"},"sameAs":["https:\/\/www.instagram.com\/estadocomartemagazine"]},{"@type":"Person","@id":"https:\/\/estadocomarte.pt\/site\/#\/schema\/person\/c0943a071216c1e5b21f85304151e4ba","name":"admin","image":{"@type":"ImageObject","inLanguage":"pt-PT","@id":"https:\/\/estadocomarte.pt\/site\/#\/schema\/person\/image\/","url":"https:\/\/secure.gravatar.com\/avatar\/e6f378fd6914c8505d3e1d40f51fa953b21bab0f3a5658a33bc84cb5bda780f9?s=96&d=mm&r=g","contentUrl":"https:\/\/secure.gravatar.com\/avatar\/e6f378fd6914c8505d3e1d40f51fa953b21bab0f3a5658a33bc84cb5bda780f9?s=96&d=mm&r=g","caption":"admin"},"sameAs":["https:\/\/estadocomarte.pt\/site"],"url":"https:\/\/estadocomarte.pt\/site\/author\/admin\/"}]}},"_links":{"self":[{"href":"https:\/\/estadocomarte.pt\/site\/wp-json\/wp\/v2\/posts\/10113","targetHints":{"allow":["GET"]}}],"collection":[{"href":"https:\/\/estadocomarte.pt\/site\/wp-json\/wp\/v2\/posts"}],"about":[{"href":"https:\/\/estadocomarte.pt\/site\/wp-json\/wp\/v2\/types\/post"}],"author":[{"embeddable":true,"href":"https:\/\/estadocomarte.pt\/site\/wp-json\/wp\/v2\/users\/1"}],"replies":[{"embeddable":true,"href":"https:\/\/estadocomarte.pt\/site\/wp-json\/wp\/v2\/comments?post=10113"}],"version-history":[{"count":4,"href":"https:\/\/estadocomarte.pt\/site\/wp-json\/wp\/v2\/posts\/10113\/revisions"}],"predecessor-version":[{"id":10122,"href":"https:\/\/estadocomarte.pt\/site\/wp-json\/wp\/v2\/posts\/10113\/revisions\/10122"}],"wp:featuredmedia":[{"embeddable":true,"href":"https:\/\/estadocomarte.pt\/site\/wp-json\/wp\/v2\/media\/10115"}],"wp:attachment":[{"href":"https:\/\/estadocomarte.pt\/site\/wp-json\/wp\/v2\/media?parent=10113"}],"wp:term":[{"taxonomy":"category","embeddable":true,"href":"https:\/\/estadocomarte.pt\/site\/wp-json\/wp\/v2\/categories?post=10113"},{"taxonomy":"post_tag","embeddable":true,"href":"https:\/\/estadocomarte.pt\/site\/wp-json\/wp\/v2\/tags?post=10113"}],"curies":[{"name":"wp","href":"https:\/\/api.w.org\/{rel}","templated":true}]}}