{"id":10127,"date":"2025-07-03T09:59:15","date_gmt":"2025-07-03T09:59:15","guid":{"rendered":"https:\/\/estadocomarte.pt\/site\/?p=10127"},"modified":"2025-07-03T12:05:13","modified_gmt":"2025-07-03T12:05:13","slug":"teatro-troianas-de-seneca-no-s-luiz-a-10-de-julho","status":"publish","type":"post","link":"https:\/\/estadocomarte.pt\/site\/2025\/07\/03\/teatro-troianas-de-seneca-no-s-luiz-a-10-de-julho\/","title":{"rendered":"Teatro. Troianas de S\u00e9neca no S. Luiz a 10 de julho"},"content":{"rendered":"<p><strong>Estreia a 10 de julho, no Teatro S\u00e3o Luiz, o espet\u00e1culo TROIANAS, de S\u00e9neca, encena\u00e7\u00e3o de Renata Portas e interpreta\u00e7\u00e3o de B\u00e1rbara Bruno, Diogo Tormenta, Mariana de S\u00e3o Pedro Lamego, Maur\u00edcia Barreira Neves, Tiago Sines.<\/strong><\/p>\n<p>Dez anos de guerra entre duas civiliza\u00e7\u00f5es: gregos e troianos. O encontro amoroso entre Helena e P\u00e1ris leva \u00e0 queda de Tr\u00f3ia, incendiada ao fim de dez anos de guerra. Os gregos exigem a morte de Astianax, filho de Heitor com Andr\u00f3maca. H\u00e9cuba \u00e9 feita prisioneira. A hist\u00f3ria \u00e9 conhecida. Entre mitos, desamores, reescritas dos historiadores, o que nos interessa em Troianas? E em S\u00e9neca?<\/p>\n<p>A guerra nunca esteve ausente do mundo, mas nos \u00faltimos anos, de Kiev \u00e0 Palestina, foram v\u00e1rias as convuls\u00f5es e focos que escalaram. &#8220;O amor pela guerra, pela viol\u00eancia, a falta de g\u00e1s, a amea\u00e7a da bomba. Do amor pela bomba, como diria o Dr. Strangelove de Kubrick. A guerra n\u00e3o \u00e9 o espanto. O que nos interessa \u00e9 o gesto b\u00e1rbaro, violento e a sua raiz. Com S\u00e9neca, podemos interrogar de novo o lugar a que relegamos o Outro, esse desconhecido,\u201d sublinha Renata Portas.<\/p>\n<p>A companhia de Renata Portas, fundada em 2013, dedica-se a aprofundar a pesquisa te\u00f3rica e c\u00e9nica de Renata Portas, assente na morte, na aus\u00eancia e na linguagem como matriz c\u00e9nica.<\/p>\n<p>Apresentaram v\u00e1rias cria\u00e7\u00f5es como: <em>Te deum<\/em> &#8211; orat\u00f3ria a um deus desconhecido (Contagiarte, 2013); A Cena, de Val\u00e8re Novarina (2014, co-produ\u00e7\u00e3o TeCA\/TNSJ); Dramat\u00edculos de Samuel Beckett (Co-produ\u00e7\u00e3o TMP, 2021); Buraco Negro Ou V\u00f3rtice Amoroso Em Forma de Espinho (Zero Box Lodge, Renata Portas, 2019), Adramalech, de Val\u00e8re Novarina (Rua das Gaivotas, 2022); Kung Fu, de Dieudon\u00e9e Niangouna (ESAP, 2025); entre outros. Desenvolvem trabalho editorial e ensa\u00edstico.<\/p>\n","protected":false},"excerpt":{"rendered":"<p>Estado com Arte Magazine<\/p>\n","protected":false},"author":1,"featured_media":10132,"comment_status":"open","ping_status":"open","sticky":false,"template":"","format":"standard","meta":{"site-sidebar-layout":"default","site-content-layout":"default","ast-global-header-display":"","ast-banner-title-visibility":"","ast-main-header-display":"","ast-hfb-above-header-display":"","ast-hfb-below-header-display":"","ast-hfb-mobile-header-display":"","site-post-title":"","ast-breadcrumbs-content":"","ast-featured-img":"","footer-sml-layout":"","theme-transparent-header-meta":"default","adv-header-id-meta":"","stick-header-meta":"","header-above-stick-meta":"","header-main-stick-meta":"","header-below-stick-meta":"","footnotes":""},"categories":[7,64],"tags":[981,743,980],"class_list":["post-10127","post","type-post","status-publish","format-standard","has-post-thumbnail","hentry","category-cultura","category-isto-para-nos","tag-renata-portas","tag-teatro-sao-luiz","tag-troianas"],"yoast_head":"<!-- This site is optimized with the Yoast SEO plugin v25.1 - https:\/\/yoast.com\/wordpress\/plugins\/seo\/ -->\n<title>Teatro. Troianas de S\u00e9neca no S. Luiz a 10 de julho - Estado com Arte<\/title>\n<meta name=\"robots\" content=\"index, follow, max-snippet:-1, max-image-preview:large, max-video-preview:-1\" \/>\n<link rel=\"canonical\" href=\"https:\/\/estadocomarte.pt\/site\/2025\/07\/03\/teatro-troianas-de-seneca-no-s-luiz-a-10-de-julho\/\" \/>\n<meta property=\"og:locale\" content=\"pt_PT\" \/>\n<meta property=\"og:type\" content=\"article\" \/>\n<meta property=\"og:title\" content=\"Teatro. Troianas de S\u00e9neca no S. Luiz a 10 de julho - Estado com Arte\" \/>\n<meta property=\"og:description\" content=\"Estado com Arte Magazine\" \/>\n<meta property=\"og:url\" content=\"https:\/\/estadocomarte.pt\/site\/2025\/07\/03\/teatro-troianas-de-seneca-no-s-luiz-a-10-de-julho\/\" \/>\n<meta property=\"og:site_name\" content=\"Estado com Arte\" \/>\n<meta property=\"article:published_time\" content=\"2025-07-03T09:59:15+00:00\" \/>\n<meta property=\"article:modified_time\" content=\"2025-07-03T12:05:13+00:00\" \/>\n<meta property=\"og:image\" content=\"https:\/\/estadocomarte.pt\/site\/wp-content\/uploads\/2025\/07\/Creditos_Val-Kutepov-4_TROIANAS-de-Seneca-encenacao-Renata-Portas-um-espetaculo-Publico-Reservado-scaled.jpg\" \/>\n\t<meta property=\"og:image:width\" content=\"2560\" \/>\n\t<meta property=\"og:image:height\" content=\"1707\" \/>\n\t<meta property=\"og:image:type\" content=\"image\/jpeg\" \/>\n<meta name=\"author\" content=\"admin\" \/>\n<meta name=\"twitter:card\" content=\"summary_large_image\" \/>\n<meta name=\"twitter:label1\" content=\"Escrito por\" \/>\n\t<meta name=\"twitter:data1\" content=\"admin\" \/>\n\t<meta name=\"twitter:label2\" content=\"Tempo estimado de leitura\" \/>\n\t<meta name=\"twitter:data2\" content=\"2 minutos\" \/>\n<script type=\"application\/ld+json\" class=\"yoast-schema-graph\">{\"@context\":\"https:\/\/schema.org\",\"@graph\":[{\"@type\":\"Article\",\"@id\":\"https:\/\/estadocomarte.pt\/site\/2025\/07\/03\/teatro-troianas-de-seneca-no-s-luiz-a-10-de-julho\/#article\",\"isPartOf\":{\"@id\":\"https:\/\/estadocomarte.pt\/site\/2025\/07\/03\/teatro-troianas-de-seneca-no-s-luiz-a-10-de-julho\/\"},\"author\":{\"name\":\"admin\",\"@id\":\"https:\/\/estadocomarte.pt\/site\/#\/schema\/person\/c0943a071216c1e5b21f85304151e4ba\"},\"headline\":\"Teatro. Troianas de S\u00e9neca no S. Luiz a 10 de julho\",\"datePublished\":\"2025-07-03T09:59:15+00:00\",\"dateModified\":\"2025-07-03T12:05:13+00:00\",\"mainEntityOfPage\":{\"@id\":\"https:\/\/estadocomarte.pt\/site\/2025\/07\/03\/teatro-troianas-de-seneca-no-s-luiz-a-10-de-julho\/\"},\"wordCount\":317,\"commentCount\":0,\"publisher\":{\"@id\":\"https:\/\/estadocomarte.pt\/site\/#organization\"},\"image\":{\"@id\":\"https:\/\/estadocomarte.pt\/site\/2025\/07\/03\/teatro-troianas-de-seneca-no-s-luiz-a-10-de-julho\/#primaryimage\"},\"thumbnailUrl\":\"https:\/\/estadocomarte.pt\/site\/wp-content\/uploads\/2025\/07\/Creditos_Val-Kutepov-4_TROIANAS-de-Seneca-encenacao-Renata-Portas-um-espetaculo-Publico-Reservado-scaled.jpg\",\"keywords\":[\"renata portas\",\"teatro s\u00e3o luiz\",\"troianas\"],\"articleSection\":[\"Cultura\",\"Isto Para N\u00f3s\"],\"inLanguage\":\"pt-PT\",\"potentialAction\":[{\"@type\":\"CommentAction\",\"name\":\"Comment\",\"target\":[\"https:\/\/estadocomarte.pt\/site\/2025\/07\/03\/teatro-troianas-de-seneca-no-s-luiz-a-10-de-julho\/#respond\"]}]},{\"@type\":\"WebPage\",\"@id\":\"https:\/\/estadocomarte.pt\/site\/2025\/07\/03\/teatro-troianas-de-seneca-no-s-luiz-a-10-de-julho\/\",\"url\":\"https:\/\/estadocomarte.pt\/site\/2025\/07\/03\/teatro-troianas-de-seneca-no-s-luiz-a-10-de-julho\/\",\"name\":\"Teatro. Troianas de S\u00e9neca no S. Luiz a 10 de julho - Estado com Arte\",\"isPartOf\":{\"@id\":\"https:\/\/estadocomarte.pt\/site\/#website\"},\"primaryImageOfPage\":{\"@id\":\"https:\/\/estadocomarte.pt\/site\/2025\/07\/03\/teatro-troianas-de-seneca-no-s-luiz-a-10-de-julho\/#primaryimage\"},\"image\":{\"@id\":\"https:\/\/estadocomarte.pt\/site\/2025\/07\/03\/teatro-troianas-de-seneca-no-s-luiz-a-10-de-julho\/#primaryimage\"},\"thumbnailUrl\":\"https:\/\/estadocomarte.pt\/site\/wp-content\/uploads\/2025\/07\/Creditos_Val-Kutepov-4_TROIANAS-de-Seneca-encenacao-Renata-Portas-um-espetaculo-Publico-Reservado-scaled.jpg\",\"datePublished\":\"2025-07-03T09:59:15+00:00\",\"dateModified\":\"2025-07-03T12:05:13+00:00\",\"breadcrumb\":{\"@id\":\"https:\/\/estadocomarte.pt\/site\/2025\/07\/03\/teatro-troianas-de-seneca-no-s-luiz-a-10-de-julho\/#breadcrumb\"},\"inLanguage\":\"pt-PT\",\"potentialAction\":[{\"@type\":\"ReadAction\",\"target\":[\"https:\/\/estadocomarte.pt\/site\/2025\/07\/03\/teatro-troianas-de-seneca-no-s-luiz-a-10-de-julho\/\"]}]},{\"@type\":\"ImageObject\",\"inLanguage\":\"pt-PT\",\"@id\":\"https:\/\/estadocomarte.pt\/site\/2025\/07\/03\/teatro-troianas-de-seneca-no-s-luiz-a-10-de-julho\/#primaryimage\",\"url\":\"https:\/\/estadocomarte.pt\/site\/wp-content\/uploads\/2025\/07\/Creditos_Val-Kutepov-4_TROIANAS-de-Seneca-encenacao-Renata-Portas-um-espetaculo-Publico-Reservado-scaled.jpg\",\"contentUrl\":\"https:\/\/estadocomarte.pt\/site\/wp-content\/uploads\/2025\/07\/Creditos_Val-Kutepov-4_TROIANAS-de-Seneca-encenacao-Renata-Portas-um-espetaculo-Publico-Reservado-scaled.jpg\",\"width\":2560,\"height\":1707},{\"@type\":\"BreadcrumbList\",\"@id\":\"https:\/\/estadocomarte.pt\/site\/2025\/07\/03\/teatro-troianas-de-seneca-no-s-luiz-a-10-de-julho\/#breadcrumb\",\"itemListElement\":[{\"@type\":\"ListItem\",\"position\":1,\"name\":\"In\u00edcio\",\"item\":\"https:\/\/estadocomarte.pt\/site\/\"},{\"@type\":\"ListItem\",\"position\":2,\"name\":\"Teatro. Troianas de S\u00e9neca no S. Luiz a 10 de julho\"}]},{\"@type\":\"WebSite\",\"@id\":\"https:\/\/estadocomarte.pt\/site\/#website\",\"url\":\"https:\/\/estadocomarte.pt\/site\/\",\"name\":\"Estado com Arte Magazine\",\"description\":\"Magazine\",\"publisher\":{\"@id\":\"https:\/\/estadocomarte.pt\/site\/#organization\"},\"alternateName\":\"Magazine semanal sobre pol\u00edtica e cultura, com autores, opini\u00e3o e cr\u00edticas.\",\"potentialAction\":[{\"@type\":\"SearchAction\",\"target\":{\"@type\":\"EntryPoint\",\"urlTemplate\":\"https:\/\/estadocomarte.pt\/site\/?s={search_term_string}\"},\"query-input\":{\"@type\":\"PropertyValueSpecification\",\"valueRequired\":true,\"valueName\":\"search_term_string\"}}],\"inLanguage\":\"pt-PT\"},{\"@type\":\"Organization\",\"@id\":\"https:\/\/estadocomarte.pt\/site\/#organization\",\"name\":\"Estado com Arte Magazine\",\"alternateName\":\"Magazine semanal sobre pol\u00edtica e cultura, com autores, opini\u00e3o e cr\u00edticas.\",\"url\":\"https:\/\/estadocomarte.pt\/site\/\",\"logo\":{\"@type\":\"ImageObject\",\"inLanguage\":\"pt-PT\",\"@id\":\"https:\/\/estadocomarte.pt\/site\/#\/schema\/logo\/image\/\",\"url\":\"https:\/\/estadocomarte.pt\/site\/wp-content\/uploads\/2023\/06\/cropped-cropped-Prancheta-2@2x-100.jpg\",\"contentUrl\":\"https:\/\/estadocomarte.pt\/site\/wp-content\/uploads\/2023\/06\/cropped-cropped-Prancheta-2@2x-100.jpg\",\"width\":1777,\"height\":592,\"caption\":\"Estado com Arte Magazine\"},\"image\":{\"@id\":\"https:\/\/estadocomarte.pt\/site\/#\/schema\/logo\/image\/\"},\"sameAs\":[\"https:\/\/www.instagram.com\/estadocomartemagazine\"]},{\"@type\":\"Person\",\"@id\":\"https:\/\/estadocomarte.pt\/site\/#\/schema\/person\/c0943a071216c1e5b21f85304151e4ba\",\"name\":\"admin\",\"image\":{\"@type\":\"ImageObject\",\"inLanguage\":\"pt-PT\",\"@id\":\"https:\/\/estadocomarte.pt\/site\/#\/schema\/person\/image\/\",\"url\":\"https:\/\/secure.gravatar.com\/avatar\/e6f378fd6914c8505d3e1d40f51fa953b21bab0f3a5658a33bc84cb5bda780f9?s=96&d=mm&r=g\",\"contentUrl\":\"https:\/\/secure.gravatar.com\/avatar\/e6f378fd6914c8505d3e1d40f51fa953b21bab0f3a5658a33bc84cb5bda780f9?s=96&d=mm&r=g\",\"caption\":\"admin\"},\"sameAs\":[\"https:\/\/estadocomarte.pt\/site\"],\"url\":\"https:\/\/estadocomarte.pt\/site\/author\/admin\/\"}]}<\/script>\n<!-- \/ Yoast SEO plugin. -->","yoast_head_json":{"title":"Teatro. Troianas de S\u00e9neca no S. Luiz a 10 de julho - Estado com Arte","robots":{"index":"index","follow":"follow","max-snippet":"max-snippet:-1","max-image-preview":"max-image-preview:large","max-video-preview":"max-video-preview:-1"},"canonical":"https:\/\/estadocomarte.pt\/site\/2025\/07\/03\/teatro-troianas-de-seneca-no-s-luiz-a-10-de-julho\/","og_locale":"pt_PT","og_type":"article","og_title":"Teatro. Troianas de S\u00e9neca no S. Luiz a 10 de julho - Estado com Arte","og_description":"Estado com Arte Magazine","og_url":"https:\/\/estadocomarte.pt\/site\/2025\/07\/03\/teatro-troianas-de-seneca-no-s-luiz-a-10-de-julho\/","og_site_name":"Estado com Arte","article_published_time":"2025-07-03T09:59:15+00:00","article_modified_time":"2025-07-03T12:05:13+00:00","og_image":[{"width":2560,"height":1707,"url":"https:\/\/estadocomarte.pt\/site\/wp-content\/uploads\/2025\/07\/Creditos_Val-Kutepov-4_TROIANAS-de-Seneca-encenacao-Renata-Portas-um-espetaculo-Publico-Reservado-scaled.jpg","type":"image\/jpeg"}],"author":"admin","twitter_card":"summary_large_image","twitter_misc":{"Escrito por":"admin","Tempo estimado de leitura":"2 minutos"},"schema":{"@context":"https:\/\/schema.org","@graph":[{"@type":"Article","@id":"https:\/\/estadocomarte.pt\/site\/2025\/07\/03\/teatro-troianas-de-seneca-no-s-luiz-a-10-de-julho\/#article","isPartOf":{"@id":"https:\/\/estadocomarte.pt\/site\/2025\/07\/03\/teatro-troianas-de-seneca-no-s-luiz-a-10-de-julho\/"},"author":{"name":"admin","@id":"https:\/\/estadocomarte.pt\/site\/#\/schema\/person\/c0943a071216c1e5b21f85304151e4ba"},"headline":"Teatro. Troianas de S\u00e9neca no S. Luiz a 10 de julho","datePublished":"2025-07-03T09:59:15+00:00","dateModified":"2025-07-03T12:05:13+00:00","mainEntityOfPage":{"@id":"https:\/\/estadocomarte.pt\/site\/2025\/07\/03\/teatro-troianas-de-seneca-no-s-luiz-a-10-de-julho\/"},"wordCount":317,"commentCount":0,"publisher":{"@id":"https:\/\/estadocomarte.pt\/site\/#organization"},"image":{"@id":"https:\/\/estadocomarte.pt\/site\/2025\/07\/03\/teatro-troianas-de-seneca-no-s-luiz-a-10-de-julho\/#primaryimage"},"thumbnailUrl":"https:\/\/estadocomarte.pt\/site\/wp-content\/uploads\/2025\/07\/Creditos_Val-Kutepov-4_TROIANAS-de-Seneca-encenacao-Renata-Portas-um-espetaculo-Publico-Reservado-scaled.jpg","keywords":["renata portas","teatro s\u00e3o luiz","troianas"],"articleSection":["Cultura","Isto Para N\u00f3s"],"inLanguage":"pt-PT","potentialAction":[{"@type":"CommentAction","name":"Comment","target":["https:\/\/estadocomarte.pt\/site\/2025\/07\/03\/teatro-troianas-de-seneca-no-s-luiz-a-10-de-julho\/#respond"]}]},{"@type":"WebPage","@id":"https:\/\/estadocomarte.pt\/site\/2025\/07\/03\/teatro-troianas-de-seneca-no-s-luiz-a-10-de-julho\/","url":"https:\/\/estadocomarte.pt\/site\/2025\/07\/03\/teatro-troianas-de-seneca-no-s-luiz-a-10-de-julho\/","name":"Teatro. Troianas de S\u00e9neca no S. Luiz a 10 de julho - Estado com Arte","isPartOf":{"@id":"https:\/\/estadocomarte.pt\/site\/#website"},"primaryImageOfPage":{"@id":"https:\/\/estadocomarte.pt\/site\/2025\/07\/03\/teatro-troianas-de-seneca-no-s-luiz-a-10-de-julho\/#primaryimage"},"image":{"@id":"https:\/\/estadocomarte.pt\/site\/2025\/07\/03\/teatro-troianas-de-seneca-no-s-luiz-a-10-de-julho\/#primaryimage"},"thumbnailUrl":"https:\/\/estadocomarte.pt\/site\/wp-content\/uploads\/2025\/07\/Creditos_Val-Kutepov-4_TROIANAS-de-Seneca-encenacao-Renata-Portas-um-espetaculo-Publico-Reservado-scaled.jpg","datePublished":"2025-07-03T09:59:15+00:00","dateModified":"2025-07-03T12:05:13+00:00","breadcrumb":{"@id":"https:\/\/estadocomarte.pt\/site\/2025\/07\/03\/teatro-troianas-de-seneca-no-s-luiz-a-10-de-julho\/#breadcrumb"},"inLanguage":"pt-PT","potentialAction":[{"@type":"ReadAction","target":["https:\/\/estadocomarte.pt\/site\/2025\/07\/03\/teatro-troianas-de-seneca-no-s-luiz-a-10-de-julho\/"]}]},{"@type":"ImageObject","inLanguage":"pt-PT","@id":"https:\/\/estadocomarte.pt\/site\/2025\/07\/03\/teatro-troianas-de-seneca-no-s-luiz-a-10-de-julho\/#primaryimage","url":"https:\/\/estadocomarte.pt\/site\/wp-content\/uploads\/2025\/07\/Creditos_Val-Kutepov-4_TROIANAS-de-Seneca-encenacao-Renata-Portas-um-espetaculo-Publico-Reservado-scaled.jpg","contentUrl":"https:\/\/estadocomarte.pt\/site\/wp-content\/uploads\/2025\/07\/Creditos_Val-Kutepov-4_TROIANAS-de-Seneca-encenacao-Renata-Portas-um-espetaculo-Publico-Reservado-scaled.jpg","width":2560,"height":1707},{"@type":"BreadcrumbList","@id":"https:\/\/estadocomarte.pt\/site\/2025\/07\/03\/teatro-troianas-de-seneca-no-s-luiz-a-10-de-julho\/#breadcrumb","itemListElement":[{"@type":"ListItem","position":1,"name":"In\u00edcio","item":"https:\/\/estadocomarte.pt\/site\/"},{"@type":"ListItem","position":2,"name":"Teatro. Troianas de S\u00e9neca no S. Luiz a 10 de julho"}]},{"@type":"WebSite","@id":"https:\/\/estadocomarte.pt\/site\/#website","url":"https:\/\/estadocomarte.pt\/site\/","name":"Estado com Arte Magazine","description":"Magazine","publisher":{"@id":"https:\/\/estadocomarte.pt\/site\/#organization"},"alternateName":"Magazine semanal sobre pol\u00edtica e cultura, com autores, opini\u00e3o e cr\u00edticas.","potentialAction":[{"@type":"SearchAction","target":{"@type":"EntryPoint","urlTemplate":"https:\/\/estadocomarte.pt\/site\/?s={search_term_string}"},"query-input":{"@type":"PropertyValueSpecification","valueRequired":true,"valueName":"search_term_string"}}],"inLanguage":"pt-PT"},{"@type":"Organization","@id":"https:\/\/estadocomarte.pt\/site\/#organization","name":"Estado com Arte Magazine","alternateName":"Magazine semanal sobre pol\u00edtica e cultura, com autores, opini\u00e3o e cr\u00edticas.","url":"https:\/\/estadocomarte.pt\/site\/","logo":{"@type":"ImageObject","inLanguage":"pt-PT","@id":"https:\/\/estadocomarte.pt\/site\/#\/schema\/logo\/image\/","url":"https:\/\/estadocomarte.pt\/site\/wp-content\/uploads\/2023\/06\/cropped-cropped-Prancheta-2@2x-100.jpg","contentUrl":"https:\/\/estadocomarte.pt\/site\/wp-content\/uploads\/2023\/06\/cropped-cropped-Prancheta-2@2x-100.jpg","width":1777,"height":592,"caption":"Estado com Arte Magazine"},"image":{"@id":"https:\/\/estadocomarte.pt\/site\/#\/schema\/logo\/image\/"},"sameAs":["https:\/\/www.instagram.com\/estadocomartemagazine"]},{"@type":"Person","@id":"https:\/\/estadocomarte.pt\/site\/#\/schema\/person\/c0943a071216c1e5b21f85304151e4ba","name":"admin","image":{"@type":"ImageObject","inLanguage":"pt-PT","@id":"https:\/\/estadocomarte.pt\/site\/#\/schema\/person\/image\/","url":"https:\/\/secure.gravatar.com\/avatar\/e6f378fd6914c8505d3e1d40f51fa953b21bab0f3a5658a33bc84cb5bda780f9?s=96&d=mm&r=g","contentUrl":"https:\/\/secure.gravatar.com\/avatar\/e6f378fd6914c8505d3e1d40f51fa953b21bab0f3a5658a33bc84cb5bda780f9?s=96&d=mm&r=g","caption":"admin"},"sameAs":["https:\/\/estadocomarte.pt\/site"],"url":"https:\/\/estadocomarte.pt\/site\/author\/admin\/"}]}},"_links":{"self":[{"href":"https:\/\/estadocomarte.pt\/site\/wp-json\/wp\/v2\/posts\/10127","targetHints":{"allow":["GET"]}}],"collection":[{"href":"https:\/\/estadocomarte.pt\/site\/wp-json\/wp\/v2\/posts"}],"about":[{"href":"https:\/\/estadocomarte.pt\/site\/wp-json\/wp\/v2\/types\/post"}],"author":[{"embeddable":true,"href":"https:\/\/estadocomarte.pt\/site\/wp-json\/wp\/v2\/users\/1"}],"replies":[{"embeddable":true,"href":"https:\/\/estadocomarte.pt\/site\/wp-json\/wp\/v2\/comments?post=10127"}],"version-history":[{"count":4,"href":"https:\/\/estadocomarte.pt\/site\/wp-json\/wp\/v2\/posts\/10127\/revisions"}],"predecessor-version":[{"id":10137,"href":"https:\/\/estadocomarte.pt\/site\/wp-json\/wp\/v2\/posts\/10127\/revisions\/10137"}],"wp:featuredmedia":[{"embeddable":true,"href":"https:\/\/estadocomarte.pt\/site\/wp-json\/wp\/v2\/media\/10132"}],"wp:attachment":[{"href":"https:\/\/estadocomarte.pt\/site\/wp-json\/wp\/v2\/media?parent=10127"}],"wp:term":[{"taxonomy":"category","embeddable":true,"href":"https:\/\/estadocomarte.pt\/site\/wp-json\/wp\/v2\/categories?post=10127"},{"taxonomy":"post_tag","embeddable":true,"href":"https:\/\/estadocomarte.pt\/site\/wp-json\/wp\/v2\/tags?post=10127"}],"curies":[{"name":"wp","href":"https:\/\/api.w.org\/{rel}","templated":true}]}}