{"id":10181,"date":"2025-07-10T14:37:40","date_gmt":"2025-07-10T14:37:40","guid":{"rendered":"https:\/\/estadocomarte.pt\/site\/?p=10181"},"modified":"2025-09-05T18:10:23","modified_gmt":"2025-09-05T18:10:23","slug":"a-arte-da-politica-jose-socrates-e-a-estrategia-da-distracao","status":"publish","type":"post","link":"https:\/\/estadocomarte.pt\/site\/2025\/07\/10\/a-arte-da-politica-jose-socrates-e-a-estrategia-da-distracao\/","title":{"rendered":"A Arte da Pol\u00edtica. Jos\u00e9 S\u00f3crates e a estrat\u00e9gia da distra\u00e7\u00e3o"},"content":{"rendered":"<p>A coluna de opini\u00e3o a Arte da Pol\u00edtica \u00e9 da autoria da polit\u00f3loga S\u00edlvia Mangerona<\/p>\n<p><strong>Mas aos jornalistas tamb\u00e9m cabe, por indica\u00e7\u00e3o deontol\u00f3gica, a luta contra as \u201ctentativas de limitar a liberdade de express\u00e3o e o direito de informar\u201d e \u00e9, por isso, \u201cobriga\u00e7\u00e3o do jornalista divulgar as ofensas a estes direitos\u201d. Ser\u00e1 ao abrigo deste 3\u00ba ponto do C\u00f3digo Deontol\u00f3gico dos Jornalistas que far\u00e1 sentido virar as costas a Jos\u00e9 S\u00f3crates se continuar a aproveitar o tempo de antena que a import\u00e2ncia do julgamento lhe confere para realizar ataques ao jornalismo e aos jornalistas. Estas manobras de distra\u00e7\u00e3o seriam at\u00e9 admiss\u00edveis se n\u00e3o resvalassem para a falta de educa\u00e7\u00e3o, para o insulto e para ridiculariza\u00e7\u00e3o pessoal.<\/strong><\/p>\n<p>O Julgamento da Opera\u00e7\u00e3o Marqu\u00eas come\u00e7ou e j\u00e1 tem 53 sess\u00f5es marcadas at\u00e9 o final deste ano. Dezenas de arguidos e centenas de testemunhas ir\u00e3o ser ouvidas, mas \u00e9 o ex-primeiro-ministro quem capitaliza a principal aten\u00e7\u00e3o medi\u00e1tica. Onze anos depois da sua deten\u00e7\u00e3o, Jos\u00e9 S\u00f3crates muda de estrat\u00e9gia substituindo os princ\u00edpios b\u00e1sicos de boa comunica\u00e7\u00e3o pelo ru\u00eddo e pelo insulto indiscriminado ao qual tamb\u00e9m os jornalistas n\u00e3o ficaram a salvo. \u00c9 a conhecida t\u00e9cnica da distra\u00e7\u00e3o: a mais conhecida estrat\u00e9gia para desviar a aten\u00e7\u00e3o do p\u00fablico das quest\u00f5es importantes e dos factos que conduziram a este processo.<\/p>\n<p>Como \u00e9 expect\u00e1vel, tendo em conta a dimens\u00e3o e a relev\u00e2ncia do caso da Opera\u00e7\u00e3o Marqu\u00eas, todos os microfones e todas as c\u00e2maras est\u00e3o apontadas para Jos\u00e9 S\u00f3crates. Pela primeira vez um ex-primeiro-ministro \u00e9 suspeito de corrup\u00e7\u00e3o, branqueamento de capitais e fraude fiscal. Um complexo e enorme processo com 21 arguidos que ser\u00e3o julgados por 117 crimes.<\/p>\n<p>Todos os dias, minutos antes do in\u00edcio das sess\u00f5es no Campus de Justi\u00e7a, os jornalistas perfilam para ouvir aquele que, neste momento, tem mais contas a prestar ao pa\u00eds. Mas n\u00e3o tem sido tarefa f\u00e1cil. Jos\u00e9 S\u00f3crates tem repetido com os jornalistas a mesma indisposi\u00e7\u00e3o e indelicadeza que tem protagonizado na sala de audi\u00eancia. Por t\u00e9cnica ou desespero as acusa\u00e7\u00f5es aos jornalistas t\u00eam sido uma constante.<\/p>\n<p>Sabemos que a comunica\u00e7\u00e3o constr\u00f3i realidades e \u201co sistema medi\u00e1tico alimenta-se de permanentes constru\u00e7\u00f5es da realidade\u201d. No livro &#8211; Comunica\u00e7\u00e3o Riscos e Oportunidades-, publicado em 2016, o autor Lu\u00eds Paulo Rodrigues afirma que \u201co jornalismo \u2013 que consideramos a disciplina da comunica\u00e7\u00e3o que nos d\u00e1 a conhecer fielmente o que acontece na sociedade \u2013 vive, afinal, da cria\u00e7\u00e3o sistem\u00e1tica de uma vers\u00e3o da realidade\u201d. De facto, a possibilidade de criar vers\u00f5es da realidade \u00e9 uma capacidade presente em cada um de n\u00f3s, inerente \u00e0 pr\u00f3pria condi\u00e7\u00e3o humana e muitas vezes uma defesa para conforto ou sobreviv\u00eancia pessoal e\/ou coletiva.<\/p>\n<p>O relato da realidade \u00e9 sempre produto de uma interpreta\u00e7\u00e3o, mais ou menos depurada, do relator. Ainda assim, cabe aos jornalistas por dever deontol\u00f3gico \u201c&#8230; relatar os factos com rigor e exatid\u00e3o e interpret\u00e1-los com honestidade. Os factos devem ser comprovados, ouvindo as partes com interesses atend\u00edveis no caso. A distin\u00e7\u00e3o entre not\u00edcia e opini\u00e3o deve ficar bem clara aos olhos do p\u00fablico.\u201d Este 1\u00ba ponto do C\u00f3digo Deontol\u00f3gico dos Jornalistas \u00e9 claro na indica\u00e7\u00e3o do dever de relatar a realidade com precis\u00e3o, transpar\u00eancia e lisura.<\/p>\n<p>Mas aos jornalistas tamb\u00e9m cabe, por indica\u00e7\u00e3o deontol\u00f3gica, a luta contra as \u201ctentativas de limitar a liberdade de express\u00e3o e o direito de informar\u201d e \u00e9, por isso, \u201cobriga\u00e7\u00e3o do jornalista divulgar as ofensas a estes direitos\u201d. Ser\u00e1 ao abrigo deste 3\u00ba ponto do C\u00f3digo Deontol\u00f3gico dos Jornalistas que far\u00e1 sentido virar as costas a Jos\u00e9 S\u00f3crates se continuar a aproveitar o tempo de antena que a import\u00e2ncia do julgamento lhe confere para realizar ataques ao jornalismo e aos jornalistas. Estas manobras de distra\u00e7\u00e3o seriam at\u00e9 admiss\u00edveis se n\u00e3o resvalassem para a falta de educa\u00e7\u00e3o, para o insulto e para ridiculariza\u00e7\u00e3o pessoal.<\/p>\n<p>Por muitas manobras distrativas que aplique, Jos\u00e9 S\u00f3crates tem que responder a todas as quest\u00f5es que o Minist\u00e9rio P\u00fablico e o coletivo de ju\u00edzes lhe colocam. E perante os jornalistas, \u00e9 bom que comece a responder a algumas quest\u00f5es com mais urbanidade e colabora\u00e7\u00e3o ou ficar\u00e1 sem um \u00fanico microfone dispon\u00edvel para apresentar a sua vers\u00e3o.<\/p>\n","protected":false},"excerpt":{"rendered":"<p>S\u00edlvia Mangerona,<br \/>\nProfessora de Ci\u00eancia Politica,<br \/>\nPolit\u00f3loga<\/p>\n","protected":false},"author":1,"featured_media":3252,"comment_status":"open","ping_status":"open","sticky":false,"template":"","format":"standard","meta":{"site-sidebar-layout":"default","site-content-layout":"default","ast-global-header-display":"","ast-banner-title-visibility":"","ast-main-header-display":"","ast-hfb-above-header-display":"","ast-hfb-below-header-display":"","ast-hfb-mobile-header-display":"","site-post-title":"","ast-breadcrumbs-content":"","ast-featured-img":"","footer-sml-layout":"","theme-transparent-header-meta":"default","adv-header-id-meta":"","stick-header-meta":"","header-above-stick-meta":"","header-main-stick-meta":"","header-below-stick-meta":"","footnotes":""},"categories":[1044,64],"tags":[923,481,987],"class_list":["post-10181","post","type-post","status-publish","format-standard","has-post-thumbnail","hentry","category-a-arte-da-politica","category-isto-para-nos","tag-arte-da-politica","tag-silvia-mangerona","tag-socrates"],"yoast_head":"<!-- This site is optimized with the Yoast SEO plugin v25.1 - https:\/\/yoast.com\/wordpress\/plugins\/seo\/ -->\n<title>A Arte da Pol\u00edtica. Jos\u00e9 S\u00f3crates e a estrat\u00e9gia da distra\u00e7\u00e3o - Estado com Arte<\/title>\n<meta name=\"robots\" content=\"index, follow, max-snippet:-1, max-image-preview:large, max-video-preview:-1\" \/>\n<link rel=\"canonical\" href=\"https:\/\/estadocomarte.pt\/site\/2025\/07\/10\/a-arte-da-politica-jose-socrates-e-a-estrategia-da-distracao\/\" \/>\n<meta property=\"og:locale\" content=\"pt_PT\" \/>\n<meta property=\"og:type\" content=\"article\" \/>\n<meta property=\"og:title\" content=\"A Arte da Pol\u00edtica. Jos\u00e9 S\u00f3crates e a estrat\u00e9gia da distra\u00e7\u00e3o - Estado com Arte\" \/>\n<meta property=\"og:description\" content=\"S\u00edlvia Mangerona, Professora de Ci\u00eancia Politica, Polit\u00f3loga\" \/>\n<meta property=\"og:url\" content=\"https:\/\/estadocomarte.pt\/site\/2025\/07\/10\/a-arte-da-politica-jose-socrates-e-a-estrategia-da-distracao\/\" \/>\n<meta property=\"og:site_name\" content=\"Estado com Arte\" \/>\n<meta property=\"article:published_time\" content=\"2025-07-10T14:37:40+00:00\" \/>\n<meta property=\"article:modified_time\" content=\"2025-09-05T18:10:23+00:00\" \/>\n<meta property=\"og:image\" content=\"https:\/\/estadocomarte.pt\/site\/wp-content\/uploads\/2023\/11\/silvia-mangerona.jpg\" \/>\n\t<meta property=\"og:image:width\" content=\"688\" \/>\n\t<meta property=\"og:image:height\" content=\"688\" \/>\n\t<meta property=\"og:image:type\" content=\"image\/jpeg\" \/>\n<meta name=\"author\" content=\"admin\" \/>\n<meta name=\"twitter:card\" content=\"summary_large_image\" \/>\n<meta name=\"twitter:label1\" content=\"Escrito por\" \/>\n\t<meta name=\"twitter:data1\" content=\"admin\" \/>\n\t<meta name=\"twitter:label2\" content=\"Tempo estimado de leitura\" \/>\n\t<meta name=\"twitter:data2\" content=\"4 minutos\" \/>\n<script type=\"application\/ld+json\" class=\"yoast-schema-graph\">{\"@context\":\"https:\/\/schema.org\",\"@graph\":[{\"@type\":\"Article\",\"@id\":\"https:\/\/estadocomarte.pt\/site\/2025\/07\/10\/a-arte-da-politica-jose-socrates-e-a-estrategia-da-distracao\/#article\",\"isPartOf\":{\"@id\":\"https:\/\/estadocomarte.pt\/site\/2025\/07\/10\/a-arte-da-politica-jose-socrates-e-a-estrategia-da-distracao\/\"},\"author\":{\"name\":\"admin\",\"@id\":\"https:\/\/estadocomarte.pt\/site\/#\/schema\/person\/c0943a071216c1e5b21f85304151e4ba\"},\"headline\":\"A Arte da Pol\u00edtica. Jos\u00e9 S\u00f3crates e a estrat\u00e9gia da distra\u00e7\u00e3o\",\"datePublished\":\"2025-07-10T14:37:40+00:00\",\"dateModified\":\"2025-09-05T18:10:23+00:00\",\"mainEntityOfPage\":{\"@id\":\"https:\/\/estadocomarte.pt\/site\/2025\/07\/10\/a-arte-da-politica-jose-socrates-e-a-estrategia-da-distracao\/\"},\"wordCount\":788,\"commentCount\":0,\"publisher\":{\"@id\":\"https:\/\/estadocomarte.pt\/site\/#organization\"},\"image\":{\"@id\":\"https:\/\/estadocomarte.pt\/site\/2025\/07\/10\/a-arte-da-politica-jose-socrates-e-a-estrategia-da-distracao\/#primaryimage\"},\"thumbnailUrl\":\"https:\/\/estadocomarte.pt\/site\/wp-content\/uploads\/2023\/11\/silvia-mangerona.jpg\",\"keywords\":[\"Arte da Politica\",\"S\u00edlvia Mangerona\",\"S\u00f3crates\"],\"articleSection\":[\"A Arte da Pol\u00edtica\",\"Isto Para N\u00f3s\"],\"inLanguage\":\"pt-PT\",\"potentialAction\":[{\"@type\":\"CommentAction\",\"name\":\"Comment\",\"target\":[\"https:\/\/estadocomarte.pt\/site\/2025\/07\/10\/a-arte-da-politica-jose-socrates-e-a-estrategia-da-distracao\/#respond\"]}]},{\"@type\":\"WebPage\",\"@id\":\"https:\/\/estadocomarte.pt\/site\/2025\/07\/10\/a-arte-da-politica-jose-socrates-e-a-estrategia-da-distracao\/\",\"url\":\"https:\/\/estadocomarte.pt\/site\/2025\/07\/10\/a-arte-da-politica-jose-socrates-e-a-estrategia-da-distracao\/\",\"name\":\"A Arte da Pol\u00edtica. Jos\u00e9 S\u00f3crates e a estrat\u00e9gia da distra\u00e7\u00e3o - Estado com Arte\",\"isPartOf\":{\"@id\":\"https:\/\/estadocomarte.pt\/site\/#website\"},\"primaryImageOfPage\":{\"@id\":\"https:\/\/estadocomarte.pt\/site\/2025\/07\/10\/a-arte-da-politica-jose-socrates-e-a-estrategia-da-distracao\/#primaryimage\"},\"image\":{\"@id\":\"https:\/\/estadocomarte.pt\/site\/2025\/07\/10\/a-arte-da-politica-jose-socrates-e-a-estrategia-da-distracao\/#primaryimage\"},\"thumbnailUrl\":\"https:\/\/estadocomarte.pt\/site\/wp-content\/uploads\/2023\/11\/silvia-mangerona.jpg\",\"datePublished\":\"2025-07-10T14:37:40+00:00\",\"dateModified\":\"2025-09-05T18:10:23+00:00\",\"breadcrumb\":{\"@id\":\"https:\/\/estadocomarte.pt\/site\/2025\/07\/10\/a-arte-da-politica-jose-socrates-e-a-estrategia-da-distracao\/#breadcrumb\"},\"inLanguage\":\"pt-PT\",\"potentialAction\":[{\"@type\":\"ReadAction\",\"target\":[\"https:\/\/estadocomarte.pt\/site\/2025\/07\/10\/a-arte-da-politica-jose-socrates-e-a-estrategia-da-distracao\/\"]}]},{\"@type\":\"ImageObject\",\"inLanguage\":\"pt-PT\",\"@id\":\"https:\/\/estadocomarte.pt\/site\/2025\/07\/10\/a-arte-da-politica-jose-socrates-e-a-estrategia-da-distracao\/#primaryimage\",\"url\":\"https:\/\/estadocomarte.pt\/site\/wp-content\/uploads\/2023\/11\/silvia-mangerona.jpg\",\"contentUrl\":\"https:\/\/estadocomarte.pt\/site\/wp-content\/uploads\/2023\/11\/silvia-mangerona.jpg\",\"width\":688,\"height\":688},{\"@type\":\"BreadcrumbList\",\"@id\":\"https:\/\/estadocomarte.pt\/site\/2025\/07\/10\/a-arte-da-politica-jose-socrates-e-a-estrategia-da-distracao\/#breadcrumb\",\"itemListElement\":[{\"@type\":\"ListItem\",\"position\":1,\"name\":\"In\u00edcio\",\"item\":\"https:\/\/estadocomarte.pt\/site\/\"},{\"@type\":\"ListItem\",\"position\":2,\"name\":\"A Arte da Pol\u00edtica. Jos\u00e9 S\u00f3crates e a estrat\u00e9gia da distra\u00e7\u00e3o\"}]},{\"@type\":\"WebSite\",\"@id\":\"https:\/\/estadocomarte.pt\/site\/#website\",\"url\":\"https:\/\/estadocomarte.pt\/site\/\",\"name\":\"Estado com Arte Magazine\",\"description\":\"Magazine\",\"publisher\":{\"@id\":\"https:\/\/estadocomarte.pt\/site\/#organization\"},\"alternateName\":\"Magazine semanal sobre pol\u00edtica e cultura, com autores, opini\u00e3o e cr\u00edticas.\",\"potentialAction\":[{\"@type\":\"SearchAction\",\"target\":{\"@type\":\"EntryPoint\",\"urlTemplate\":\"https:\/\/estadocomarte.pt\/site\/?s={search_term_string}\"},\"query-input\":{\"@type\":\"PropertyValueSpecification\",\"valueRequired\":true,\"valueName\":\"search_term_string\"}}],\"inLanguage\":\"pt-PT\"},{\"@type\":\"Organization\",\"@id\":\"https:\/\/estadocomarte.pt\/site\/#organization\",\"name\":\"Estado com Arte Magazine\",\"alternateName\":\"Magazine semanal sobre pol\u00edtica e cultura, com autores, opini\u00e3o e cr\u00edticas.\",\"url\":\"https:\/\/estadocomarte.pt\/site\/\",\"logo\":{\"@type\":\"ImageObject\",\"inLanguage\":\"pt-PT\",\"@id\":\"https:\/\/estadocomarte.pt\/site\/#\/schema\/logo\/image\/\",\"url\":\"https:\/\/estadocomarte.pt\/site\/wp-content\/uploads\/2023\/06\/cropped-cropped-Prancheta-2@2x-100.jpg\",\"contentUrl\":\"https:\/\/estadocomarte.pt\/site\/wp-content\/uploads\/2023\/06\/cropped-cropped-Prancheta-2@2x-100.jpg\",\"width\":1777,\"height\":592,\"caption\":\"Estado com Arte Magazine\"},\"image\":{\"@id\":\"https:\/\/estadocomarte.pt\/site\/#\/schema\/logo\/image\/\"},\"sameAs\":[\"https:\/\/www.instagram.com\/estadocomartemagazine\"]},{\"@type\":\"Person\",\"@id\":\"https:\/\/estadocomarte.pt\/site\/#\/schema\/person\/c0943a071216c1e5b21f85304151e4ba\",\"name\":\"admin\",\"image\":{\"@type\":\"ImageObject\",\"inLanguage\":\"pt-PT\",\"@id\":\"https:\/\/estadocomarte.pt\/site\/#\/schema\/person\/image\/\",\"url\":\"https:\/\/secure.gravatar.com\/avatar\/e6f378fd6914c8505d3e1d40f51fa953b21bab0f3a5658a33bc84cb5bda780f9?s=96&d=mm&r=g\",\"contentUrl\":\"https:\/\/secure.gravatar.com\/avatar\/e6f378fd6914c8505d3e1d40f51fa953b21bab0f3a5658a33bc84cb5bda780f9?s=96&d=mm&r=g\",\"caption\":\"admin\"},\"sameAs\":[\"https:\/\/estadocomarte.pt\/site\"],\"url\":\"https:\/\/estadocomarte.pt\/site\/author\/admin\/\"}]}<\/script>\n<!-- \/ Yoast SEO plugin. -->","yoast_head_json":{"title":"A Arte da Pol\u00edtica. Jos\u00e9 S\u00f3crates e a estrat\u00e9gia da distra\u00e7\u00e3o - Estado com Arte","robots":{"index":"index","follow":"follow","max-snippet":"max-snippet:-1","max-image-preview":"max-image-preview:large","max-video-preview":"max-video-preview:-1"},"canonical":"https:\/\/estadocomarte.pt\/site\/2025\/07\/10\/a-arte-da-politica-jose-socrates-e-a-estrategia-da-distracao\/","og_locale":"pt_PT","og_type":"article","og_title":"A Arte da Pol\u00edtica. Jos\u00e9 S\u00f3crates e a estrat\u00e9gia da distra\u00e7\u00e3o - Estado com Arte","og_description":"S\u00edlvia Mangerona, Professora de Ci\u00eancia Politica, Polit\u00f3loga","og_url":"https:\/\/estadocomarte.pt\/site\/2025\/07\/10\/a-arte-da-politica-jose-socrates-e-a-estrategia-da-distracao\/","og_site_name":"Estado com Arte","article_published_time":"2025-07-10T14:37:40+00:00","article_modified_time":"2025-09-05T18:10:23+00:00","og_image":[{"width":688,"height":688,"url":"https:\/\/estadocomarte.pt\/site\/wp-content\/uploads\/2023\/11\/silvia-mangerona.jpg","type":"image\/jpeg"}],"author":"admin","twitter_card":"summary_large_image","twitter_misc":{"Escrito por":"admin","Tempo estimado de leitura":"4 minutos"},"schema":{"@context":"https:\/\/schema.org","@graph":[{"@type":"Article","@id":"https:\/\/estadocomarte.pt\/site\/2025\/07\/10\/a-arte-da-politica-jose-socrates-e-a-estrategia-da-distracao\/#article","isPartOf":{"@id":"https:\/\/estadocomarte.pt\/site\/2025\/07\/10\/a-arte-da-politica-jose-socrates-e-a-estrategia-da-distracao\/"},"author":{"name":"admin","@id":"https:\/\/estadocomarte.pt\/site\/#\/schema\/person\/c0943a071216c1e5b21f85304151e4ba"},"headline":"A Arte da Pol\u00edtica. Jos\u00e9 S\u00f3crates e a estrat\u00e9gia da distra\u00e7\u00e3o","datePublished":"2025-07-10T14:37:40+00:00","dateModified":"2025-09-05T18:10:23+00:00","mainEntityOfPage":{"@id":"https:\/\/estadocomarte.pt\/site\/2025\/07\/10\/a-arte-da-politica-jose-socrates-e-a-estrategia-da-distracao\/"},"wordCount":788,"commentCount":0,"publisher":{"@id":"https:\/\/estadocomarte.pt\/site\/#organization"},"image":{"@id":"https:\/\/estadocomarte.pt\/site\/2025\/07\/10\/a-arte-da-politica-jose-socrates-e-a-estrategia-da-distracao\/#primaryimage"},"thumbnailUrl":"https:\/\/estadocomarte.pt\/site\/wp-content\/uploads\/2023\/11\/silvia-mangerona.jpg","keywords":["Arte da Politica","S\u00edlvia Mangerona","S\u00f3crates"],"articleSection":["A Arte da Pol\u00edtica","Isto Para N\u00f3s"],"inLanguage":"pt-PT","potentialAction":[{"@type":"CommentAction","name":"Comment","target":["https:\/\/estadocomarte.pt\/site\/2025\/07\/10\/a-arte-da-politica-jose-socrates-e-a-estrategia-da-distracao\/#respond"]}]},{"@type":"WebPage","@id":"https:\/\/estadocomarte.pt\/site\/2025\/07\/10\/a-arte-da-politica-jose-socrates-e-a-estrategia-da-distracao\/","url":"https:\/\/estadocomarte.pt\/site\/2025\/07\/10\/a-arte-da-politica-jose-socrates-e-a-estrategia-da-distracao\/","name":"A Arte da Pol\u00edtica. Jos\u00e9 S\u00f3crates e a estrat\u00e9gia da distra\u00e7\u00e3o - Estado com Arte","isPartOf":{"@id":"https:\/\/estadocomarte.pt\/site\/#website"},"primaryImageOfPage":{"@id":"https:\/\/estadocomarte.pt\/site\/2025\/07\/10\/a-arte-da-politica-jose-socrates-e-a-estrategia-da-distracao\/#primaryimage"},"image":{"@id":"https:\/\/estadocomarte.pt\/site\/2025\/07\/10\/a-arte-da-politica-jose-socrates-e-a-estrategia-da-distracao\/#primaryimage"},"thumbnailUrl":"https:\/\/estadocomarte.pt\/site\/wp-content\/uploads\/2023\/11\/silvia-mangerona.jpg","datePublished":"2025-07-10T14:37:40+00:00","dateModified":"2025-09-05T18:10:23+00:00","breadcrumb":{"@id":"https:\/\/estadocomarte.pt\/site\/2025\/07\/10\/a-arte-da-politica-jose-socrates-e-a-estrategia-da-distracao\/#breadcrumb"},"inLanguage":"pt-PT","potentialAction":[{"@type":"ReadAction","target":["https:\/\/estadocomarte.pt\/site\/2025\/07\/10\/a-arte-da-politica-jose-socrates-e-a-estrategia-da-distracao\/"]}]},{"@type":"ImageObject","inLanguage":"pt-PT","@id":"https:\/\/estadocomarte.pt\/site\/2025\/07\/10\/a-arte-da-politica-jose-socrates-e-a-estrategia-da-distracao\/#primaryimage","url":"https:\/\/estadocomarte.pt\/site\/wp-content\/uploads\/2023\/11\/silvia-mangerona.jpg","contentUrl":"https:\/\/estadocomarte.pt\/site\/wp-content\/uploads\/2023\/11\/silvia-mangerona.jpg","width":688,"height":688},{"@type":"BreadcrumbList","@id":"https:\/\/estadocomarte.pt\/site\/2025\/07\/10\/a-arte-da-politica-jose-socrates-e-a-estrategia-da-distracao\/#breadcrumb","itemListElement":[{"@type":"ListItem","position":1,"name":"In\u00edcio","item":"https:\/\/estadocomarte.pt\/site\/"},{"@type":"ListItem","position":2,"name":"A Arte da Pol\u00edtica. Jos\u00e9 S\u00f3crates e a estrat\u00e9gia da distra\u00e7\u00e3o"}]},{"@type":"WebSite","@id":"https:\/\/estadocomarte.pt\/site\/#website","url":"https:\/\/estadocomarte.pt\/site\/","name":"Estado com Arte Magazine","description":"Magazine","publisher":{"@id":"https:\/\/estadocomarte.pt\/site\/#organization"},"alternateName":"Magazine semanal sobre pol\u00edtica e cultura, com autores, opini\u00e3o e cr\u00edticas.","potentialAction":[{"@type":"SearchAction","target":{"@type":"EntryPoint","urlTemplate":"https:\/\/estadocomarte.pt\/site\/?s={search_term_string}"},"query-input":{"@type":"PropertyValueSpecification","valueRequired":true,"valueName":"search_term_string"}}],"inLanguage":"pt-PT"},{"@type":"Organization","@id":"https:\/\/estadocomarte.pt\/site\/#organization","name":"Estado com Arte Magazine","alternateName":"Magazine semanal sobre pol\u00edtica e cultura, com autores, opini\u00e3o e cr\u00edticas.","url":"https:\/\/estadocomarte.pt\/site\/","logo":{"@type":"ImageObject","inLanguage":"pt-PT","@id":"https:\/\/estadocomarte.pt\/site\/#\/schema\/logo\/image\/","url":"https:\/\/estadocomarte.pt\/site\/wp-content\/uploads\/2023\/06\/cropped-cropped-Prancheta-2@2x-100.jpg","contentUrl":"https:\/\/estadocomarte.pt\/site\/wp-content\/uploads\/2023\/06\/cropped-cropped-Prancheta-2@2x-100.jpg","width":1777,"height":592,"caption":"Estado com Arte Magazine"},"image":{"@id":"https:\/\/estadocomarte.pt\/site\/#\/schema\/logo\/image\/"},"sameAs":["https:\/\/www.instagram.com\/estadocomartemagazine"]},{"@type":"Person","@id":"https:\/\/estadocomarte.pt\/site\/#\/schema\/person\/c0943a071216c1e5b21f85304151e4ba","name":"admin","image":{"@type":"ImageObject","inLanguage":"pt-PT","@id":"https:\/\/estadocomarte.pt\/site\/#\/schema\/person\/image\/","url":"https:\/\/secure.gravatar.com\/avatar\/e6f378fd6914c8505d3e1d40f51fa953b21bab0f3a5658a33bc84cb5bda780f9?s=96&d=mm&r=g","contentUrl":"https:\/\/secure.gravatar.com\/avatar\/e6f378fd6914c8505d3e1d40f51fa953b21bab0f3a5658a33bc84cb5bda780f9?s=96&d=mm&r=g","caption":"admin"},"sameAs":["https:\/\/estadocomarte.pt\/site"],"url":"https:\/\/estadocomarte.pt\/site\/author\/admin\/"}]}},"_links":{"self":[{"href":"https:\/\/estadocomarte.pt\/site\/wp-json\/wp\/v2\/posts\/10181","targetHints":{"allow":["GET"]}}],"collection":[{"href":"https:\/\/estadocomarte.pt\/site\/wp-json\/wp\/v2\/posts"}],"about":[{"href":"https:\/\/estadocomarte.pt\/site\/wp-json\/wp\/v2\/types\/post"}],"author":[{"embeddable":true,"href":"https:\/\/estadocomarte.pt\/site\/wp-json\/wp\/v2\/users\/1"}],"replies":[{"embeddable":true,"href":"https:\/\/estadocomarte.pt\/site\/wp-json\/wp\/v2\/comments?post=10181"}],"version-history":[{"count":1,"href":"https:\/\/estadocomarte.pt\/site\/wp-json\/wp\/v2\/posts\/10181\/revisions"}],"predecessor-version":[{"id":10182,"href":"https:\/\/estadocomarte.pt\/site\/wp-json\/wp\/v2\/posts\/10181\/revisions\/10182"}],"wp:featuredmedia":[{"embeddable":true,"href":"https:\/\/estadocomarte.pt\/site\/wp-json\/wp\/v2\/media\/3252"}],"wp:attachment":[{"href":"https:\/\/estadocomarte.pt\/site\/wp-json\/wp\/v2\/media?parent=10181"}],"wp:term":[{"taxonomy":"category","embeddable":true,"href":"https:\/\/estadocomarte.pt\/site\/wp-json\/wp\/v2\/categories?post=10181"},{"taxonomy":"post_tag","embeddable":true,"href":"https:\/\/estadocomarte.pt\/site\/wp-json\/wp\/v2\/tags?post=10181"}],"curies":[{"name":"wp","href":"https:\/\/api.w.org\/{rel}","templated":true}]}}