{"id":10188,"date":"2025-07-11T11:02:29","date_gmt":"2025-07-11T11:02:29","guid":{"rendered":"https:\/\/estadocomarte.pt\/site\/?p=10188"},"modified":"2025-07-11T11:02:29","modified_gmt":"2025-07-11T11:02:29","slug":"corrida-ao-ar-condicionado-continua-mesmo-com-aumento-do-iva","status":"publish","type":"post","link":"https:\/\/estadocomarte.pt\/site\/2025\/07\/11\/corrida-ao-ar-condicionado-continua-mesmo-com-aumento-do-iva\/","title":{"rendered":"Corrida ao AR CONDICIONADO continua mesmo com aumento do IVA"},"content":{"rendered":"<p><strong>\u00adA entrada em vigor da nova taxa de IVA de 23% em equipamentos energ\u00e9ticos \u2014 que substituiu a taxa reduzida de 6% \u2014 provocou uma corrida a aparelhos de Ar Condicionado na \u00faltima semana de junho.<\/strong><\/p>\n<p>A partir de 1 de julho, a taxa de IVA em equipamentos energ\u00e9ticos e de aproveitamento de energias renov\u00e1veis passa de 6% para 23%.<\/p>\n<p>O aumento da tributa\u00e7\u00e3o \u00e9 vista com maus olhos pela Associa\u00e7\u00e3o Portuguesa da Ind\u00fastria de Refrigera\u00e7\u00e3o e Ar Condicionado (APIRAC), que espera que o PRR tenha medidas de apoio.<\/p>\n<p>\u201cAs pessoas que n\u00e3o tem capacidade de absorver o impacto do IVA, obviamente que v\u00e3o ter aqui um desincentivo para a ado\u00e7\u00e3o destas solu\u00e7\u00f5es\u201d, sublinhou Nuno Roque, diretor da APIRAC, em declara\u00e7\u00f5es \u00e0 TSF.<\/p>\n<p>Em compara\u00e7\u00e3o com a semana anterior (19 a 25 de junho), a procura por modelos port\u00e1teis de ar condicionado registou um crescimento de 407%, enquanto a procura por modelos fixos subiu 298%. Globalmente, os equipamentos de climatiza\u00e7\u00e3o, onde se incluem tamb\u00e9m ventoinhas, registaram um crescimento de 227% nesse per\u00edodo, segundo dados do site KuantoKusta revelam um aumento intenso na procura por equipamentos de climatiza\u00e7\u00e3o, com um pico expressivo entre 26 de junho e 3 de julho, nos dias que antecederam a altera\u00e7\u00e3o fiscal.<\/p>\n<p>Mesmo em rela\u00e7\u00e3o ao per\u00edodo hom\u00f3logo de 2024, o aumento da procura foi not\u00f3rio: a procura por ares condicionados port\u00e1teis cresceu 440% e os fixos 286%.<\/p>\n<p>&#8220;Assistimos a uma acelera\u00e7\u00e3o muito significativa da procura na semana que antecedeu a subida do IVA destes artigos. O calor que se fez sentir durante o m\u00eas de junho tamb\u00e9m contribuiu para que os consumidores n\u00e3o hesitassem e antecipassem a compra de equipamentos&#8221;, explica Liliana Azevedo, diretora de marketing do KuantoKusta.<\/p>\n<p>Apesar da altera\u00e7\u00e3o fiscal ter entrado em vigor a 1 de julho, o comparador de pre\u00e7os e marketplace indica que a procura por solu\u00e7\u00f5es de climatiza\u00e7\u00e3o se manteve elevada: comparando a atividade na plataforma de 1 a 8 de julho com os 7 dias anteriores (24 a 30 de junho), o KuantoKusta registou um aumento de 57,06% nas visitas \u00e0 categoria de climatiza\u00e7\u00e3o.<\/p>\n<p>&#8220;Mesmo com os pre\u00e7os a subirem, a procura continuou forte nos primeiros dias de julho. O destaque volta a ir para os modelos port\u00e1teis, que registaram um aumento da procura de 68%. \u00c9 um reflexo da onda de calor&#8221;, acrescenta Liliana Azevedo.<\/p>\n<p>Como esperado, o novo enquadramento fiscal teve impacto nos pre\u00e7os m\u00e9dios dos equipamentos, em particular nos modelos fixos. Segundo a an\u00e1lise ao top 10 de produtos mais populares, os pre\u00e7os m\u00e9dios passaram de 369,06 euros para 416,80 euros entre as semanas de 24\u201330 de junho e 1\u20138 de julho \u2014 uma diferen\u00e7a de 47,74 euros. Apenas dois dos dez modelos registaram uma ligeira descida de pre\u00e7o.<\/p>\n<p>Nos modelos port\u00e1teis, o aumento foi mais contido: uma m\u00e9dia de 12,36 euros no mesmo per\u00edodo. Neste segmento, s\u00f3 um produto do top 10 viu o seu pre\u00e7o m\u00e9dio baixar ap\u00f3s a subida do IVA.<\/p>\n<p>&#8220;A conjuga\u00e7\u00e3o entre a carga fiscal mais elevada e o aumento da procura numa altura cr\u00edtica do ver\u00e3o, com vagas de calor muito intenso, dever\u00e1 continuar a pressionar os pre\u00e7os. Al\u00e9m disso, muitos consumidores anteciparam as suas compras, o que poder\u00e1 ter implica\u00e7\u00f5es nas vendas nas pr\u00f3ximas semanas&#8221;, explica a respons\u00e1vel do KuantoKusta.<\/p>\n<p>Para j\u00e1, a \u00fanica certeza \u00e9 que a climatiza\u00e7\u00e3o se tornou um bem ainda mais valioso \u2014 e mais caro \u2014 num ver\u00e3o em que o calor aperta e o or\u00e7amento familiar j\u00e1 sente o peso da infla\u00e7\u00e3o.<\/p>\n","protected":false},"excerpt":{"rendered":"<p>Estado com Arte Magazine<\/p>\n","protected":false},"author":1,"featured_media":10191,"comment_status":"open","ping_status":"open","sticky":false,"template":"","format":"standard","meta":{"site-sidebar-layout":"default","site-content-layout":"default","ast-global-header-display":"","ast-banner-title-visibility":"","ast-main-header-display":"","ast-hfb-above-header-display":"","ast-hfb-below-header-display":"","ast-hfb-mobile-header-display":"","site-post-title":"","ast-breadcrumbs-content":"","ast-featured-img":"","footer-sml-layout":"","theme-transparent-header-meta":"default","adv-header-id-meta":"","stick-header-meta":"","header-above-stick-meta":"","header-main-stick-meta":"","header-below-stick-meta":"","footnotes":""},"categories":[5],"tags":[709,710,988],"class_list":["post-10188","post","type-post","status-publish","format-standard","has-post-thumbnail","hentry","category-economia","tag-ar-condicionado","tag-avac","tag-iva"],"yoast_head":"<!-- This site is optimized with the Yoast SEO plugin v25.1 - https:\/\/yoast.com\/wordpress\/plugins\/seo\/ -->\n<title>Corrida ao AR CONDICIONADO continua mesmo com aumento do IVA - Estado com Arte<\/title>\n<meta name=\"robots\" content=\"index, follow, max-snippet:-1, max-image-preview:large, max-video-preview:-1\" \/>\n<link rel=\"canonical\" href=\"https:\/\/estadocomarte.pt\/site\/2025\/07\/11\/corrida-ao-ar-condicionado-continua-mesmo-com-aumento-do-iva\/\" \/>\n<meta property=\"og:locale\" content=\"pt_PT\" \/>\n<meta property=\"og:type\" content=\"article\" \/>\n<meta property=\"og:title\" content=\"Corrida ao AR CONDICIONADO continua mesmo com aumento do IVA - Estado com Arte\" \/>\n<meta property=\"og:description\" content=\"Estado com Arte Magazine\" \/>\n<meta property=\"og:url\" content=\"https:\/\/estadocomarte.pt\/site\/2025\/07\/11\/corrida-ao-ar-condicionado-continua-mesmo-com-aumento-do-iva\/\" \/>\n<meta property=\"og:site_name\" content=\"Estado com Arte\" \/>\n<meta property=\"article:published_time\" content=\"2025-07-11T11:02:29+00:00\" \/>\n<meta property=\"og:image\" content=\"https:\/\/estadocomarte.pt\/site\/wp-content\/uploads\/2025\/07\/ar-condicionado.jpg\" \/>\n\t<meta property=\"og:image:width\" content=\"800\" \/>\n\t<meta property=\"og:image:height\" content=\"450\" \/>\n\t<meta property=\"og:image:type\" content=\"image\/jpeg\" \/>\n<meta name=\"author\" content=\"admin\" \/>\n<meta name=\"twitter:card\" content=\"summary_large_image\" \/>\n<meta name=\"twitter:label1\" content=\"Escrito por\" \/>\n\t<meta name=\"twitter:data1\" content=\"admin\" \/>\n\t<meta name=\"twitter:label2\" content=\"Tempo estimado de leitura\" \/>\n\t<meta name=\"twitter:data2\" content=\"4 minutos\" \/>\n<script type=\"application\/ld+json\" class=\"yoast-schema-graph\">{\"@context\":\"https:\/\/schema.org\",\"@graph\":[{\"@type\":\"Article\",\"@id\":\"https:\/\/estadocomarte.pt\/site\/2025\/07\/11\/corrida-ao-ar-condicionado-continua-mesmo-com-aumento-do-iva\/#article\",\"isPartOf\":{\"@id\":\"https:\/\/estadocomarte.pt\/site\/2025\/07\/11\/corrida-ao-ar-condicionado-continua-mesmo-com-aumento-do-iva\/\"},\"author\":{\"name\":\"admin\",\"@id\":\"https:\/\/estadocomarte.pt\/site\/#\/schema\/person\/c0943a071216c1e5b21f85304151e4ba\"},\"headline\":\"Corrida ao AR CONDICIONADO continua mesmo com aumento do IVA\",\"datePublished\":\"2025-07-11T11:02:29+00:00\",\"mainEntityOfPage\":{\"@id\":\"https:\/\/estadocomarte.pt\/site\/2025\/07\/11\/corrida-ao-ar-condicionado-continua-mesmo-com-aumento-do-iva\/\"},\"wordCount\":609,\"commentCount\":0,\"publisher\":{\"@id\":\"https:\/\/estadocomarte.pt\/site\/#organization\"},\"image\":{\"@id\":\"https:\/\/estadocomarte.pt\/site\/2025\/07\/11\/corrida-ao-ar-condicionado-continua-mesmo-com-aumento-do-iva\/#primaryimage\"},\"thumbnailUrl\":\"https:\/\/estadocomarte.pt\/site\/wp-content\/uploads\/2025\/07\/ar-condicionado.jpg\",\"keywords\":[\"Ar Condicionado\",\"AVAC\",\"iva\"],\"articleSection\":[\"Economia\"],\"inLanguage\":\"pt-PT\",\"potentialAction\":[{\"@type\":\"CommentAction\",\"name\":\"Comment\",\"target\":[\"https:\/\/estadocomarte.pt\/site\/2025\/07\/11\/corrida-ao-ar-condicionado-continua-mesmo-com-aumento-do-iva\/#respond\"]}]},{\"@type\":\"WebPage\",\"@id\":\"https:\/\/estadocomarte.pt\/site\/2025\/07\/11\/corrida-ao-ar-condicionado-continua-mesmo-com-aumento-do-iva\/\",\"url\":\"https:\/\/estadocomarte.pt\/site\/2025\/07\/11\/corrida-ao-ar-condicionado-continua-mesmo-com-aumento-do-iva\/\",\"name\":\"Corrida ao AR CONDICIONADO continua mesmo com aumento do IVA - Estado com Arte\",\"isPartOf\":{\"@id\":\"https:\/\/estadocomarte.pt\/site\/#website\"},\"primaryImageOfPage\":{\"@id\":\"https:\/\/estadocomarte.pt\/site\/2025\/07\/11\/corrida-ao-ar-condicionado-continua-mesmo-com-aumento-do-iva\/#primaryimage\"},\"image\":{\"@id\":\"https:\/\/estadocomarte.pt\/site\/2025\/07\/11\/corrida-ao-ar-condicionado-continua-mesmo-com-aumento-do-iva\/#primaryimage\"},\"thumbnailUrl\":\"https:\/\/estadocomarte.pt\/site\/wp-content\/uploads\/2025\/07\/ar-condicionado.jpg\",\"datePublished\":\"2025-07-11T11:02:29+00:00\",\"breadcrumb\":{\"@id\":\"https:\/\/estadocomarte.pt\/site\/2025\/07\/11\/corrida-ao-ar-condicionado-continua-mesmo-com-aumento-do-iva\/#breadcrumb\"},\"inLanguage\":\"pt-PT\",\"potentialAction\":[{\"@type\":\"ReadAction\",\"target\":[\"https:\/\/estadocomarte.pt\/site\/2025\/07\/11\/corrida-ao-ar-condicionado-continua-mesmo-com-aumento-do-iva\/\"]}]},{\"@type\":\"ImageObject\",\"inLanguage\":\"pt-PT\",\"@id\":\"https:\/\/estadocomarte.pt\/site\/2025\/07\/11\/corrida-ao-ar-condicionado-continua-mesmo-com-aumento-do-iva\/#primaryimage\",\"url\":\"https:\/\/estadocomarte.pt\/site\/wp-content\/uploads\/2025\/07\/ar-condicionado.jpg\",\"contentUrl\":\"https:\/\/estadocomarte.pt\/site\/wp-content\/uploads\/2025\/07\/ar-condicionado.jpg\",\"width\":800,\"height\":450},{\"@type\":\"BreadcrumbList\",\"@id\":\"https:\/\/estadocomarte.pt\/site\/2025\/07\/11\/corrida-ao-ar-condicionado-continua-mesmo-com-aumento-do-iva\/#breadcrumb\",\"itemListElement\":[{\"@type\":\"ListItem\",\"position\":1,\"name\":\"In\u00edcio\",\"item\":\"https:\/\/estadocomarte.pt\/site\/\"},{\"@type\":\"ListItem\",\"position\":2,\"name\":\"Corrida ao AR CONDICIONADO continua mesmo com aumento do IVA\"}]},{\"@type\":\"WebSite\",\"@id\":\"https:\/\/estadocomarte.pt\/site\/#website\",\"url\":\"https:\/\/estadocomarte.pt\/site\/\",\"name\":\"Estado com Arte Magazine\",\"description\":\"Magazine\",\"publisher\":{\"@id\":\"https:\/\/estadocomarte.pt\/site\/#organization\"},\"alternateName\":\"Magazine semanal sobre pol\u00edtica e cultura, com autores, opini\u00e3o e cr\u00edticas.\",\"potentialAction\":[{\"@type\":\"SearchAction\",\"target\":{\"@type\":\"EntryPoint\",\"urlTemplate\":\"https:\/\/estadocomarte.pt\/site\/?s={search_term_string}\"},\"query-input\":{\"@type\":\"PropertyValueSpecification\",\"valueRequired\":true,\"valueName\":\"search_term_string\"}}],\"inLanguage\":\"pt-PT\"},{\"@type\":\"Organization\",\"@id\":\"https:\/\/estadocomarte.pt\/site\/#organization\",\"name\":\"Estado com Arte Magazine\",\"alternateName\":\"Magazine semanal sobre pol\u00edtica e cultura, com autores, opini\u00e3o e cr\u00edticas.\",\"url\":\"https:\/\/estadocomarte.pt\/site\/\",\"logo\":{\"@type\":\"ImageObject\",\"inLanguage\":\"pt-PT\",\"@id\":\"https:\/\/estadocomarte.pt\/site\/#\/schema\/logo\/image\/\",\"url\":\"https:\/\/estadocomarte.pt\/site\/wp-content\/uploads\/2023\/06\/cropped-cropped-Prancheta-2@2x-100.jpg\",\"contentUrl\":\"https:\/\/estadocomarte.pt\/site\/wp-content\/uploads\/2023\/06\/cropped-cropped-Prancheta-2@2x-100.jpg\",\"width\":1777,\"height\":592,\"caption\":\"Estado com Arte Magazine\"},\"image\":{\"@id\":\"https:\/\/estadocomarte.pt\/site\/#\/schema\/logo\/image\/\"},\"sameAs\":[\"https:\/\/www.instagram.com\/estadocomartemagazine\"]},{\"@type\":\"Person\",\"@id\":\"https:\/\/estadocomarte.pt\/site\/#\/schema\/person\/c0943a071216c1e5b21f85304151e4ba\",\"name\":\"admin\",\"image\":{\"@type\":\"ImageObject\",\"inLanguage\":\"pt-PT\",\"@id\":\"https:\/\/estadocomarte.pt\/site\/#\/schema\/person\/image\/\",\"url\":\"https:\/\/secure.gravatar.com\/avatar\/e6f378fd6914c8505d3e1d40f51fa953b21bab0f3a5658a33bc84cb5bda780f9?s=96&d=mm&r=g\",\"contentUrl\":\"https:\/\/secure.gravatar.com\/avatar\/e6f378fd6914c8505d3e1d40f51fa953b21bab0f3a5658a33bc84cb5bda780f9?s=96&d=mm&r=g\",\"caption\":\"admin\"},\"sameAs\":[\"https:\/\/estadocomarte.pt\/site\"],\"url\":\"https:\/\/estadocomarte.pt\/site\/author\/admin\/\"}]}<\/script>\n<!-- \/ Yoast SEO plugin. -->","yoast_head_json":{"title":"Corrida ao AR CONDICIONADO continua mesmo com aumento do IVA - Estado com Arte","robots":{"index":"index","follow":"follow","max-snippet":"max-snippet:-1","max-image-preview":"max-image-preview:large","max-video-preview":"max-video-preview:-1"},"canonical":"https:\/\/estadocomarte.pt\/site\/2025\/07\/11\/corrida-ao-ar-condicionado-continua-mesmo-com-aumento-do-iva\/","og_locale":"pt_PT","og_type":"article","og_title":"Corrida ao AR CONDICIONADO continua mesmo com aumento do IVA - Estado com Arte","og_description":"Estado com Arte Magazine","og_url":"https:\/\/estadocomarte.pt\/site\/2025\/07\/11\/corrida-ao-ar-condicionado-continua-mesmo-com-aumento-do-iva\/","og_site_name":"Estado com Arte","article_published_time":"2025-07-11T11:02:29+00:00","og_image":[{"width":800,"height":450,"url":"https:\/\/estadocomarte.pt\/site\/wp-content\/uploads\/2025\/07\/ar-condicionado.jpg","type":"image\/jpeg"}],"author":"admin","twitter_card":"summary_large_image","twitter_misc":{"Escrito por":"admin","Tempo estimado de leitura":"4 minutos"},"schema":{"@context":"https:\/\/schema.org","@graph":[{"@type":"Article","@id":"https:\/\/estadocomarte.pt\/site\/2025\/07\/11\/corrida-ao-ar-condicionado-continua-mesmo-com-aumento-do-iva\/#article","isPartOf":{"@id":"https:\/\/estadocomarte.pt\/site\/2025\/07\/11\/corrida-ao-ar-condicionado-continua-mesmo-com-aumento-do-iva\/"},"author":{"name":"admin","@id":"https:\/\/estadocomarte.pt\/site\/#\/schema\/person\/c0943a071216c1e5b21f85304151e4ba"},"headline":"Corrida ao AR CONDICIONADO continua mesmo com aumento do IVA","datePublished":"2025-07-11T11:02:29+00:00","mainEntityOfPage":{"@id":"https:\/\/estadocomarte.pt\/site\/2025\/07\/11\/corrida-ao-ar-condicionado-continua-mesmo-com-aumento-do-iva\/"},"wordCount":609,"commentCount":0,"publisher":{"@id":"https:\/\/estadocomarte.pt\/site\/#organization"},"image":{"@id":"https:\/\/estadocomarte.pt\/site\/2025\/07\/11\/corrida-ao-ar-condicionado-continua-mesmo-com-aumento-do-iva\/#primaryimage"},"thumbnailUrl":"https:\/\/estadocomarte.pt\/site\/wp-content\/uploads\/2025\/07\/ar-condicionado.jpg","keywords":["Ar Condicionado","AVAC","iva"],"articleSection":["Economia"],"inLanguage":"pt-PT","potentialAction":[{"@type":"CommentAction","name":"Comment","target":["https:\/\/estadocomarte.pt\/site\/2025\/07\/11\/corrida-ao-ar-condicionado-continua-mesmo-com-aumento-do-iva\/#respond"]}]},{"@type":"WebPage","@id":"https:\/\/estadocomarte.pt\/site\/2025\/07\/11\/corrida-ao-ar-condicionado-continua-mesmo-com-aumento-do-iva\/","url":"https:\/\/estadocomarte.pt\/site\/2025\/07\/11\/corrida-ao-ar-condicionado-continua-mesmo-com-aumento-do-iva\/","name":"Corrida ao AR CONDICIONADO continua mesmo com aumento do IVA - Estado com Arte","isPartOf":{"@id":"https:\/\/estadocomarte.pt\/site\/#website"},"primaryImageOfPage":{"@id":"https:\/\/estadocomarte.pt\/site\/2025\/07\/11\/corrida-ao-ar-condicionado-continua-mesmo-com-aumento-do-iva\/#primaryimage"},"image":{"@id":"https:\/\/estadocomarte.pt\/site\/2025\/07\/11\/corrida-ao-ar-condicionado-continua-mesmo-com-aumento-do-iva\/#primaryimage"},"thumbnailUrl":"https:\/\/estadocomarte.pt\/site\/wp-content\/uploads\/2025\/07\/ar-condicionado.jpg","datePublished":"2025-07-11T11:02:29+00:00","breadcrumb":{"@id":"https:\/\/estadocomarte.pt\/site\/2025\/07\/11\/corrida-ao-ar-condicionado-continua-mesmo-com-aumento-do-iva\/#breadcrumb"},"inLanguage":"pt-PT","potentialAction":[{"@type":"ReadAction","target":["https:\/\/estadocomarte.pt\/site\/2025\/07\/11\/corrida-ao-ar-condicionado-continua-mesmo-com-aumento-do-iva\/"]}]},{"@type":"ImageObject","inLanguage":"pt-PT","@id":"https:\/\/estadocomarte.pt\/site\/2025\/07\/11\/corrida-ao-ar-condicionado-continua-mesmo-com-aumento-do-iva\/#primaryimage","url":"https:\/\/estadocomarte.pt\/site\/wp-content\/uploads\/2025\/07\/ar-condicionado.jpg","contentUrl":"https:\/\/estadocomarte.pt\/site\/wp-content\/uploads\/2025\/07\/ar-condicionado.jpg","width":800,"height":450},{"@type":"BreadcrumbList","@id":"https:\/\/estadocomarte.pt\/site\/2025\/07\/11\/corrida-ao-ar-condicionado-continua-mesmo-com-aumento-do-iva\/#breadcrumb","itemListElement":[{"@type":"ListItem","position":1,"name":"In\u00edcio","item":"https:\/\/estadocomarte.pt\/site\/"},{"@type":"ListItem","position":2,"name":"Corrida ao AR CONDICIONADO continua mesmo com aumento do IVA"}]},{"@type":"WebSite","@id":"https:\/\/estadocomarte.pt\/site\/#website","url":"https:\/\/estadocomarte.pt\/site\/","name":"Estado com Arte Magazine","description":"Magazine","publisher":{"@id":"https:\/\/estadocomarte.pt\/site\/#organization"},"alternateName":"Magazine semanal sobre pol\u00edtica e cultura, com autores, opini\u00e3o e cr\u00edticas.","potentialAction":[{"@type":"SearchAction","target":{"@type":"EntryPoint","urlTemplate":"https:\/\/estadocomarte.pt\/site\/?s={search_term_string}"},"query-input":{"@type":"PropertyValueSpecification","valueRequired":true,"valueName":"search_term_string"}}],"inLanguage":"pt-PT"},{"@type":"Organization","@id":"https:\/\/estadocomarte.pt\/site\/#organization","name":"Estado com Arte Magazine","alternateName":"Magazine semanal sobre pol\u00edtica e cultura, com autores, opini\u00e3o e cr\u00edticas.","url":"https:\/\/estadocomarte.pt\/site\/","logo":{"@type":"ImageObject","inLanguage":"pt-PT","@id":"https:\/\/estadocomarte.pt\/site\/#\/schema\/logo\/image\/","url":"https:\/\/estadocomarte.pt\/site\/wp-content\/uploads\/2023\/06\/cropped-cropped-Prancheta-2@2x-100.jpg","contentUrl":"https:\/\/estadocomarte.pt\/site\/wp-content\/uploads\/2023\/06\/cropped-cropped-Prancheta-2@2x-100.jpg","width":1777,"height":592,"caption":"Estado com Arte Magazine"},"image":{"@id":"https:\/\/estadocomarte.pt\/site\/#\/schema\/logo\/image\/"},"sameAs":["https:\/\/www.instagram.com\/estadocomartemagazine"]},{"@type":"Person","@id":"https:\/\/estadocomarte.pt\/site\/#\/schema\/person\/c0943a071216c1e5b21f85304151e4ba","name":"admin","image":{"@type":"ImageObject","inLanguage":"pt-PT","@id":"https:\/\/estadocomarte.pt\/site\/#\/schema\/person\/image\/","url":"https:\/\/secure.gravatar.com\/avatar\/e6f378fd6914c8505d3e1d40f51fa953b21bab0f3a5658a33bc84cb5bda780f9?s=96&d=mm&r=g","contentUrl":"https:\/\/secure.gravatar.com\/avatar\/e6f378fd6914c8505d3e1d40f51fa953b21bab0f3a5658a33bc84cb5bda780f9?s=96&d=mm&r=g","caption":"admin"},"sameAs":["https:\/\/estadocomarte.pt\/site"],"url":"https:\/\/estadocomarte.pt\/site\/author\/admin\/"}]}},"_links":{"self":[{"href":"https:\/\/estadocomarte.pt\/site\/wp-json\/wp\/v2\/posts\/10188","targetHints":{"allow":["GET"]}}],"collection":[{"href":"https:\/\/estadocomarte.pt\/site\/wp-json\/wp\/v2\/posts"}],"about":[{"href":"https:\/\/estadocomarte.pt\/site\/wp-json\/wp\/v2\/types\/post"}],"author":[{"embeddable":true,"href":"https:\/\/estadocomarte.pt\/site\/wp-json\/wp\/v2\/users\/1"}],"replies":[{"embeddable":true,"href":"https:\/\/estadocomarte.pt\/site\/wp-json\/wp\/v2\/comments?post=10188"}],"version-history":[{"count":1,"href":"https:\/\/estadocomarte.pt\/site\/wp-json\/wp\/v2\/posts\/10188\/revisions"}],"predecessor-version":[{"id":10192,"href":"https:\/\/estadocomarte.pt\/site\/wp-json\/wp\/v2\/posts\/10188\/revisions\/10192"}],"wp:featuredmedia":[{"embeddable":true,"href":"https:\/\/estadocomarte.pt\/site\/wp-json\/wp\/v2\/media\/10191"}],"wp:attachment":[{"href":"https:\/\/estadocomarte.pt\/site\/wp-json\/wp\/v2\/media?parent=10188"}],"wp:term":[{"taxonomy":"category","embeddable":true,"href":"https:\/\/estadocomarte.pt\/site\/wp-json\/wp\/v2\/categories?post=10188"},{"taxonomy":"post_tag","embeddable":true,"href":"https:\/\/estadocomarte.pt\/site\/wp-json\/wp\/v2\/tags?post=10188"}],"curies":[{"name":"wp","href":"https:\/\/api.w.org\/{rel}","templated":true}]}}