{"id":10195,"date":"2025-07-11T14:50:28","date_gmt":"2025-07-11T14:50:28","guid":{"rendered":"https:\/\/estadocomarte.pt\/site\/?p=10195"},"modified":"2025-07-12T19:12:21","modified_gmt":"2025-07-12T19:12:21","slug":"obstetricia-nascer-em-risco-a-roleta-das-urgencias-na-grande-lisboa","status":"publish","type":"post","link":"https:\/\/estadocomarte.pt\/site\/2025\/07\/11\/obstetricia-nascer-em-risco-a-roleta-das-urgencias-na-grande-lisboa\/","title":{"rendered":"Obstetr\u00edcia. Nascer em Risco: A Roleta das Urg\u00eancias na Grande Lisboa"},"content":{"rendered":"<p><strong>Um parto na berma da estrada, beb\u00e9s perdidos e uma crise de confian\u00e7a no Servi\u00e7o Nacional de Sa\u00fade (SNS). O fecho recorrente das urg\u00eancias de obstetr\u00edcia em Lisboa e Vale do Tejo est\u00e1 a criar um cen\u00e1rio de medo e incerteza para milhares de gr\u00e1vidas. Enquanto a responsabilidade pol\u00edtica \u00e9 dilu\u00edda, um hospital em Almada mostra que existem solu\u00e7\u00f5es \u2013 se houver vontade para as aplicar.<\/strong><\/p>\n<p>A imagem de um beb\u00e9 a nascer dentro de um carro na via r\u00e1pida IC21, no Barreiro, \u00e9 o retrato mais recente e cru da crise que assola o SNS na regi\u00e3o de Lisboa e Vale do Tejo. Aconteceu na passada quinta-feira. Uma gr\u00e1vida de 33 anos, com 37 semanas de gesta\u00e7\u00e3o, entrou em trabalho de parto e, com a urg\u00eancia de obstetr\u00edcia do Hospital do Barreiro encerrada, a fam\u00edlia tentava a todo o custo chegar ao Hospital Garcia de Orta, em Almada. N\u00e3o conseguiram. O beb\u00e9 nasceu ali mesmo, na estrada, assistido pela pr\u00f3pria fam\u00edlia antes da chegada do INEM.<\/p>\n<p>Este caso, que por sorte teve um desfecho feliz, n\u00e3o \u00e9 um evento isolado. \u00c9 um sintoma grave de uma doen\u00e7a que corr\u00f3i a confian\u00e7a da popula\u00e7\u00e3o no sistema: o fecho sistem\u00e1tico e imprevis\u00edvel das urg\u00eancias. Para muitas fam\u00edlias, a experi\u00eancia tem sido tr\u00e1gica.<\/p>\n<p>Com poucos dias de diferen\u00e7a, a regi\u00e3o de Set\u00fabal foi abalada pela morte de dois beb\u00e9s em circunst\u00e2ncias alarmantes. Numa das situa\u00e7\u00f5es, relatada pela imprensa, uma mulher de 37 anos perdeu a filha ap\u00f3s uma aut\u00eantica peregrina\u00e7\u00e3o por cinco hospitais: Garcia de Orta, Barreiro, Set\u00fabal, Cascais e, finalmente, Santa Maria, onde a beb\u00e9 acabou por morrer ap\u00f3s uma cesariana de urg\u00eancia. As vers\u00f5es contradizem-se: o hospital alega que n\u00e3o havia crit\u00e9rio para internamento; a fam\u00edlia afirma que n\u00e3o havia vagas.<\/p>\n<p>Pouco depois, o jornal Expresso noticiava um novo drama. Uma mulher de 38 anos, gr\u00e1vida de 31 semanas, perdeu o beb\u00e9 a caminho do hospital. Naquela noite, nem Set\u00fabal, nem Santa Maria, nem a Maternidade Alfredo da Costa tinham vagas em Neonatologia. O Garcia de Orta, para onde poderia ir, estava com o servi\u00e7o fechado. O socorro demorou mais de duas horas e meia a chegar ao destino final, em Cascais, mas j\u00e1 era tarde demais.<\/p>\n<p><strong>Os N\u00fameros por Detr\u00e1s da Trag\u00e9dia<\/strong><br \/>\nEstes casos n\u00e3o s\u00e3o meras fatalidades. S\u00e3o o rosto de uma estat\u00edstica fria e preocupante. Em 2024, a taxa de mortalidade infantil em Portugal aumentou 20%, o que se traduz em 252 mortes de crian\u00e7as com menos de um ano. O distrito de Set\u00fabal, de onde eram estas duas m\u00e3es, apresenta o pior registo do pa\u00eds, com uma taxa de 4,9 mortes por cada mil nascimentos.<\/p>\n<p>A realidade exp\u00f5e uma falha sist\u00e9mica grave, especialmente em zonas carenciadas como a Pen\u00ednsula de Set\u00fabal, onde a oferta privada de obstetr\u00edcia \u00e9 inexistente. As gr\u00e1vidas dependem exclusivamente de um SNS que, demasiadas vezes, lhes fecha a porta. Face a isto, as declara\u00e7\u00f5es da Ministra da Sa\u00fade e do Diretor Executivo do SNS, a descartar responsabilidades antes mesmo das conclus\u00f5es das investiga\u00e7\u00f5es, soam a uma tentativa de normalizar o inaceit\u00e1vel.<\/p>\n<p><strong>Uma Luz ao Fundo do T\u00fanel: A Solu\u00e7\u00e3o do Garcia de Orta<\/strong><br \/>\nNo meio da crise, surge um exemplo de que \u00e9 poss\u00edvel encontrar caminhos. Confrontado com a mesma falta de especialistas que afeta outros hospitais, o Hospital Garcia de Orta, em Almada, tomou uma medida pragm\u00e1tica e eficaz: contratou uma equipa inteira de m\u00e9dicos especialistas ao setor privado.<br \/>\nEsta decis\u00e3o permitiu ao hospital garantir o funcionamento ininterrupto da sua urg\u00eancia de ginecologia e obstetr\u00edcia, 24 horas por dia, durante todo o ano. \u00c9 uma solu\u00e7\u00e3o que representa um investimento, sim, mas que responde diretamente ao problema, assegurando previsibilidade e seguran\u00e7a \u00e0s utentes. Prova que, com gest\u00e3o focada e vontade de resolver, \u00e9 poss\u00edvel estancar a sangria de recursos humanos e garantir a continuidade dos cuidados.<\/p>\n<p><strong>Um Des\u00edgnio Nacional<\/strong><br \/>\nO fecho de urg\u00eancias n\u00e3o pode ser visto como um inevit\u00e1vel &#8220;novo normal&#8221;. Os dramas vividos por estas fam\u00edlias devem servir de gatilho para uma reflex\u00e3o s\u00e9ria e uma a\u00e7\u00e3o pol\u00edtica determinada. O modelo do Garcia de Orta aponta uma dire\u00e7\u00e3o. O aumento do investimento em zonas carenciadas e a cria\u00e7\u00e3o de condi\u00e7\u00f5es para fixar profissionais no SNS s\u00e3o outras pe\u00e7as fundamentais do puzzle.<br \/>\nUm pa\u00eds que n\u00e3o consegue garantir a seguran\u00e7a das suas gr\u00e1vidas e rec\u00e9m-nascidos \u00e9 um pa\u00eds que est\u00e1 a falhar no mais b\u00e1sico dos seus deveres. O direito a nascer em seguran\u00e7a em Portugal tem de ser, mais do que uma aspira\u00e7\u00e3o, um des\u00edgnio nacional inegoci\u00e1vel. A sociedade e o poder pol\u00edtico n\u00e3o podem voltar a fechar os olhos.<\/p>\n","protected":false},"excerpt":{"rendered":"<p>Jos\u00e9 Padr\u00e3o Mendes,<br \/>\nM\u00e9dico Neurologista<\/p>\n","protected":false},"author":1,"featured_media":10196,"comment_status":"open","ping_status":"open","sticky":false,"template":"","format":"standard","meta":{"site-sidebar-layout":"default","site-content-layout":"default","ast-global-header-display":"","ast-banner-title-visibility":"","ast-main-header-display":"","ast-hfb-above-header-display":"","ast-hfb-below-header-display":"","ast-hfb-mobile-header-display":"","site-post-title":"","ast-breadcrumbs-content":"","ast-featured-img":"","footer-sml-layout":"","theme-transparent-header-meta":"default","adv-header-id-meta":"","stick-header-meta":"","header-above-stick-meta":"","header-main-stick-meta":"","header-below-stick-meta":"","footnotes":""},"categories":[8],"tags":[319,989],"class_list":["post-10195","post","type-post","status-publish","format-standard","has-post-thumbnail","hentry","category-sociedade","tag-jose-padrao-mendes","tag-urgencia-obstetrica"],"yoast_head":"<!-- This site is optimized with the Yoast SEO plugin v25.1 - https:\/\/yoast.com\/wordpress\/plugins\/seo\/ -->\n<title>Obstetr\u00edcia. Nascer em Risco: A Roleta das Urg\u00eancias na Grande Lisboa - Estado com Arte<\/title>\n<meta name=\"robots\" content=\"index, follow, max-snippet:-1, max-image-preview:large, max-video-preview:-1\" \/>\n<link rel=\"canonical\" href=\"https:\/\/estadocomarte.pt\/site\/2025\/07\/11\/obstetricia-nascer-em-risco-a-roleta-das-urgencias-na-grande-lisboa\/\" \/>\n<meta property=\"og:locale\" content=\"pt_PT\" \/>\n<meta property=\"og:type\" content=\"article\" \/>\n<meta property=\"og:title\" content=\"Obstetr\u00edcia. Nascer em Risco: A Roleta das Urg\u00eancias na Grande Lisboa - Estado com Arte\" \/>\n<meta property=\"og:description\" content=\"Jos\u00e9 Padr\u00e3o Mendes,  M\u00e9dico Neurologista\" \/>\n<meta property=\"og:url\" content=\"https:\/\/estadocomarte.pt\/site\/2025\/07\/11\/obstetricia-nascer-em-risco-a-roleta-das-urgencias-na-grande-lisboa\/\" \/>\n<meta property=\"og:site_name\" content=\"Estado com Arte\" \/>\n<meta property=\"article:published_time\" content=\"2025-07-11T14:50:28+00:00\" \/>\n<meta property=\"article:modified_time\" content=\"2025-07-12T19:12:21+00:00\" \/>\n<meta property=\"og:image\" content=\"https:\/\/estadocomarte.pt\/site\/wp-content\/uploads\/2025\/07\/urgencia.jpg\" \/>\n\t<meta property=\"og:image:width\" content=\"1024\" \/>\n\t<meta property=\"og:image:height\" content=\"683\" \/>\n\t<meta property=\"og:image:type\" content=\"image\/jpeg\" \/>\n<meta name=\"author\" content=\"admin\" \/>\n<meta name=\"twitter:card\" content=\"summary_large_image\" \/>\n<meta name=\"twitter:label1\" content=\"Escrito por\" \/>\n\t<meta name=\"twitter:data1\" content=\"admin\" \/>\n\t<meta name=\"twitter:label2\" content=\"Tempo estimado de leitura\" \/>\n\t<meta name=\"twitter:data2\" content=\"5 minutos\" \/>\n<script type=\"application\/ld+json\" class=\"yoast-schema-graph\">{\"@context\":\"https:\/\/schema.org\",\"@graph\":[{\"@type\":\"Article\",\"@id\":\"https:\/\/estadocomarte.pt\/site\/2025\/07\/11\/obstetricia-nascer-em-risco-a-roleta-das-urgencias-na-grande-lisboa\/#article\",\"isPartOf\":{\"@id\":\"https:\/\/estadocomarte.pt\/site\/2025\/07\/11\/obstetricia-nascer-em-risco-a-roleta-das-urgencias-na-grande-lisboa\/\"},\"author\":{\"name\":\"admin\",\"@id\":\"https:\/\/estadocomarte.pt\/site\/#\/schema\/person\/c0943a071216c1e5b21f85304151e4ba\"},\"headline\":\"Obstetr\u00edcia. Nascer em Risco: A Roleta das Urg\u00eancias na Grande Lisboa\",\"datePublished\":\"2025-07-11T14:50:28+00:00\",\"dateModified\":\"2025-07-12T19:12:21+00:00\",\"mainEntityOfPage\":{\"@id\":\"https:\/\/estadocomarte.pt\/site\/2025\/07\/11\/obstetricia-nascer-em-risco-a-roleta-das-urgencias-na-grande-lisboa\/\"},\"wordCount\":867,\"commentCount\":0,\"publisher\":{\"@id\":\"https:\/\/estadocomarte.pt\/site\/#organization\"},\"image\":{\"@id\":\"https:\/\/estadocomarte.pt\/site\/2025\/07\/11\/obstetricia-nascer-em-risco-a-roleta-das-urgencias-na-grande-lisboa\/#primaryimage\"},\"thumbnailUrl\":\"https:\/\/estadocomarte.pt\/site\/wp-content\/uploads\/2025\/07\/urgencia.jpg\",\"keywords\":[\"jos\u00e9 padr\u00e3o mendes\",\"urg\u00eancia obst\u00e9trica\"],\"articleSection\":[\"Sociedade\"],\"inLanguage\":\"pt-PT\",\"potentialAction\":[{\"@type\":\"CommentAction\",\"name\":\"Comment\",\"target\":[\"https:\/\/estadocomarte.pt\/site\/2025\/07\/11\/obstetricia-nascer-em-risco-a-roleta-das-urgencias-na-grande-lisboa\/#respond\"]}]},{\"@type\":\"WebPage\",\"@id\":\"https:\/\/estadocomarte.pt\/site\/2025\/07\/11\/obstetricia-nascer-em-risco-a-roleta-das-urgencias-na-grande-lisboa\/\",\"url\":\"https:\/\/estadocomarte.pt\/site\/2025\/07\/11\/obstetricia-nascer-em-risco-a-roleta-das-urgencias-na-grande-lisboa\/\",\"name\":\"Obstetr\u00edcia. Nascer em Risco: A Roleta das Urg\u00eancias na Grande Lisboa - Estado com Arte\",\"isPartOf\":{\"@id\":\"https:\/\/estadocomarte.pt\/site\/#website\"},\"primaryImageOfPage\":{\"@id\":\"https:\/\/estadocomarte.pt\/site\/2025\/07\/11\/obstetricia-nascer-em-risco-a-roleta-das-urgencias-na-grande-lisboa\/#primaryimage\"},\"image\":{\"@id\":\"https:\/\/estadocomarte.pt\/site\/2025\/07\/11\/obstetricia-nascer-em-risco-a-roleta-das-urgencias-na-grande-lisboa\/#primaryimage\"},\"thumbnailUrl\":\"https:\/\/estadocomarte.pt\/site\/wp-content\/uploads\/2025\/07\/urgencia.jpg\",\"datePublished\":\"2025-07-11T14:50:28+00:00\",\"dateModified\":\"2025-07-12T19:12:21+00:00\",\"breadcrumb\":{\"@id\":\"https:\/\/estadocomarte.pt\/site\/2025\/07\/11\/obstetricia-nascer-em-risco-a-roleta-das-urgencias-na-grande-lisboa\/#breadcrumb\"},\"inLanguage\":\"pt-PT\",\"potentialAction\":[{\"@type\":\"ReadAction\",\"target\":[\"https:\/\/estadocomarte.pt\/site\/2025\/07\/11\/obstetricia-nascer-em-risco-a-roleta-das-urgencias-na-grande-lisboa\/\"]}]},{\"@type\":\"ImageObject\",\"inLanguage\":\"pt-PT\",\"@id\":\"https:\/\/estadocomarte.pt\/site\/2025\/07\/11\/obstetricia-nascer-em-risco-a-roleta-das-urgencias-na-grande-lisboa\/#primaryimage\",\"url\":\"https:\/\/estadocomarte.pt\/site\/wp-content\/uploads\/2025\/07\/urgencia.jpg\",\"contentUrl\":\"https:\/\/estadocomarte.pt\/site\/wp-content\/uploads\/2025\/07\/urgencia.jpg\",\"width\":1024,\"height\":683},{\"@type\":\"BreadcrumbList\",\"@id\":\"https:\/\/estadocomarte.pt\/site\/2025\/07\/11\/obstetricia-nascer-em-risco-a-roleta-das-urgencias-na-grande-lisboa\/#breadcrumb\",\"itemListElement\":[{\"@type\":\"ListItem\",\"position\":1,\"name\":\"In\u00edcio\",\"item\":\"https:\/\/estadocomarte.pt\/site\/\"},{\"@type\":\"ListItem\",\"position\":2,\"name\":\"Obstetr\u00edcia. Nascer em Risco: A Roleta das Urg\u00eancias na Grande Lisboa\"}]},{\"@type\":\"WebSite\",\"@id\":\"https:\/\/estadocomarte.pt\/site\/#website\",\"url\":\"https:\/\/estadocomarte.pt\/site\/\",\"name\":\"Estado com Arte Magazine\",\"description\":\"Magazine\",\"publisher\":{\"@id\":\"https:\/\/estadocomarte.pt\/site\/#organization\"},\"alternateName\":\"Magazine semanal sobre pol\u00edtica e cultura, com autores, opini\u00e3o e cr\u00edticas.\",\"potentialAction\":[{\"@type\":\"SearchAction\",\"target\":{\"@type\":\"EntryPoint\",\"urlTemplate\":\"https:\/\/estadocomarte.pt\/site\/?s={search_term_string}\"},\"query-input\":{\"@type\":\"PropertyValueSpecification\",\"valueRequired\":true,\"valueName\":\"search_term_string\"}}],\"inLanguage\":\"pt-PT\"},{\"@type\":\"Organization\",\"@id\":\"https:\/\/estadocomarte.pt\/site\/#organization\",\"name\":\"Estado com Arte Magazine\",\"alternateName\":\"Magazine semanal sobre pol\u00edtica e cultura, com autores, opini\u00e3o e cr\u00edticas.\",\"url\":\"https:\/\/estadocomarte.pt\/site\/\",\"logo\":{\"@type\":\"ImageObject\",\"inLanguage\":\"pt-PT\",\"@id\":\"https:\/\/estadocomarte.pt\/site\/#\/schema\/logo\/image\/\",\"url\":\"https:\/\/estadocomarte.pt\/site\/wp-content\/uploads\/2023\/06\/cropped-cropped-Prancheta-2@2x-100.jpg\",\"contentUrl\":\"https:\/\/estadocomarte.pt\/site\/wp-content\/uploads\/2023\/06\/cropped-cropped-Prancheta-2@2x-100.jpg\",\"width\":1777,\"height\":592,\"caption\":\"Estado com Arte Magazine\"},\"image\":{\"@id\":\"https:\/\/estadocomarte.pt\/site\/#\/schema\/logo\/image\/\"},\"sameAs\":[\"https:\/\/www.instagram.com\/estadocomartemagazine\"]},{\"@type\":\"Person\",\"@id\":\"https:\/\/estadocomarte.pt\/site\/#\/schema\/person\/c0943a071216c1e5b21f85304151e4ba\",\"name\":\"admin\",\"image\":{\"@type\":\"ImageObject\",\"inLanguage\":\"pt-PT\",\"@id\":\"https:\/\/estadocomarte.pt\/site\/#\/schema\/person\/image\/\",\"url\":\"https:\/\/secure.gravatar.com\/avatar\/e6f378fd6914c8505d3e1d40f51fa953b21bab0f3a5658a33bc84cb5bda780f9?s=96&d=mm&r=g\",\"contentUrl\":\"https:\/\/secure.gravatar.com\/avatar\/e6f378fd6914c8505d3e1d40f51fa953b21bab0f3a5658a33bc84cb5bda780f9?s=96&d=mm&r=g\",\"caption\":\"admin\"},\"sameAs\":[\"https:\/\/estadocomarte.pt\/site\"],\"url\":\"https:\/\/estadocomarte.pt\/site\/author\/admin\/\"}]}<\/script>\n<!-- \/ Yoast SEO plugin. -->","yoast_head_json":{"title":"Obstetr\u00edcia. Nascer em Risco: A Roleta das Urg\u00eancias na Grande Lisboa - Estado com Arte","robots":{"index":"index","follow":"follow","max-snippet":"max-snippet:-1","max-image-preview":"max-image-preview:large","max-video-preview":"max-video-preview:-1"},"canonical":"https:\/\/estadocomarte.pt\/site\/2025\/07\/11\/obstetricia-nascer-em-risco-a-roleta-das-urgencias-na-grande-lisboa\/","og_locale":"pt_PT","og_type":"article","og_title":"Obstetr\u00edcia. Nascer em Risco: A Roleta das Urg\u00eancias na Grande Lisboa - Estado com Arte","og_description":"Jos\u00e9 Padr\u00e3o Mendes,  M\u00e9dico Neurologista","og_url":"https:\/\/estadocomarte.pt\/site\/2025\/07\/11\/obstetricia-nascer-em-risco-a-roleta-das-urgencias-na-grande-lisboa\/","og_site_name":"Estado com Arte","article_published_time":"2025-07-11T14:50:28+00:00","article_modified_time":"2025-07-12T19:12:21+00:00","og_image":[{"width":1024,"height":683,"url":"https:\/\/estadocomarte.pt\/site\/wp-content\/uploads\/2025\/07\/urgencia.jpg","type":"image\/jpeg"}],"author":"admin","twitter_card":"summary_large_image","twitter_misc":{"Escrito por":"admin","Tempo estimado de leitura":"5 minutos"},"schema":{"@context":"https:\/\/schema.org","@graph":[{"@type":"Article","@id":"https:\/\/estadocomarte.pt\/site\/2025\/07\/11\/obstetricia-nascer-em-risco-a-roleta-das-urgencias-na-grande-lisboa\/#article","isPartOf":{"@id":"https:\/\/estadocomarte.pt\/site\/2025\/07\/11\/obstetricia-nascer-em-risco-a-roleta-das-urgencias-na-grande-lisboa\/"},"author":{"name":"admin","@id":"https:\/\/estadocomarte.pt\/site\/#\/schema\/person\/c0943a071216c1e5b21f85304151e4ba"},"headline":"Obstetr\u00edcia. Nascer em Risco: A Roleta das Urg\u00eancias na Grande Lisboa","datePublished":"2025-07-11T14:50:28+00:00","dateModified":"2025-07-12T19:12:21+00:00","mainEntityOfPage":{"@id":"https:\/\/estadocomarte.pt\/site\/2025\/07\/11\/obstetricia-nascer-em-risco-a-roleta-das-urgencias-na-grande-lisboa\/"},"wordCount":867,"commentCount":0,"publisher":{"@id":"https:\/\/estadocomarte.pt\/site\/#organization"},"image":{"@id":"https:\/\/estadocomarte.pt\/site\/2025\/07\/11\/obstetricia-nascer-em-risco-a-roleta-das-urgencias-na-grande-lisboa\/#primaryimage"},"thumbnailUrl":"https:\/\/estadocomarte.pt\/site\/wp-content\/uploads\/2025\/07\/urgencia.jpg","keywords":["jos\u00e9 padr\u00e3o mendes","urg\u00eancia obst\u00e9trica"],"articleSection":["Sociedade"],"inLanguage":"pt-PT","potentialAction":[{"@type":"CommentAction","name":"Comment","target":["https:\/\/estadocomarte.pt\/site\/2025\/07\/11\/obstetricia-nascer-em-risco-a-roleta-das-urgencias-na-grande-lisboa\/#respond"]}]},{"@type":"WebPage","@id":"https:\/\/estadocomarte.pt\/site\/2025\/07\/11\/obstetricia-nascer-em-risco-a-roleta-das-urgencias-na-grande-lisboa\/","url":"https:\/\/estadocomarte.pt\/site\/2025\/07\/11\/obstetricia-nascer-em-risco-a-roleta-das-urgencias-na-grande-lisboa\/","name":"Obstetr\u00edcia. Nascer em Risco: A Roleta das Urg\u00eancias na Grande Lisboa - Estado com Arte","isPartOf":{"@id":"https:\/\/estadocomarte.pt\/site\/#website"},"primaryImageOfPage":{"@id":"https:\/\/estadocomarte.pt\/site\/2025\/07\/11\/obstetricia-nascer-em-risco-a-roleta-das-urgencias-na-grande-lisboa\/#primaryimage"},"image":{"@id":"https:\/\/estadocomarte.pt\/site\/2025\/07\/11\/obstetricia-nascer-em-risco-a-roleta-das-urgencias-na-grande-lisboa\/#primaryimage"},"thumbnailUrl":"https:\/\/estadocomarte.pt\/site\/wp-content\/uploads\/2025\/07\/urgencia.jpg","datePublished":"2025-07-11T14:50:28+00:00","dateModified":"2025-07-12T19:12:21+00:00","breadcrumb":{"@id":"https:\/\/estadocomarte.pt\/site\/2025\/07\/11\/obstetricia-nascer-em-risco-a-roleta-das-urgencias-na-grande-lisboa\/#breadcrumb"},"inLanguage":"pt-PT","potentialAction":[{"@type":"ReadAction","target":["https:\/\/estadocomarte.pt\/site\/2025\/07\/11\/obstetricia-nascer-em-risco-a-roleta-das-urgencias-na-grande-lisboa\/"]}]},{"@type":"ImageObject","inLanguage":"pt-PT","@id":"https:\/\/estadocomarte.pt\/site\/2025\/07\/11\/obstetricia-nascer-em-risco-a-roleta-das-urgencias-na-grande-lisboa\/#primaryimage","url":"https:\/\/estadocomarte.pt\/site\/wp-content\/uploads\/2025\/07\/urgencia.jpg","contentUrl":"https:\/\/estadocomarte.pt\/site\/wp-content\/uploads\/2025\/07\/urgencia.jpg","width":1024,"height":683},{"@type":"BreadcrumbList","@id":"https:\/\/estadocomarte.pt\/site\/2025\/07\/11\/obstetricia-nascer-em-risco-a-roleta-das-urgencias-na-grande-lisboa\/#breadcrumb","itemListElement":[{"@type":"ListItem","position":1,"name":"In\u00edcio","item":"https:\/\/estadocomarte.pt\/site\/"},{"@type":"ListItem","position":2,"name":"Obstetr\u00edcia. Nascer em Risco: A Roleta das Urg\u00eancias na Grande Lisboa"}]},{"@type":"WebSite","@id":"https:\/\/estadocomarte.pt\/site\/#website","url":"https:\/\/estadocomarte.pt\/site\/","name":"Estado com Arte Magazine","description":"Magazine","publisher":{"@id":"https:\/\/estadocomarte.pt\/site\/#organization"},"alternateName":"Magazine semanal sobre pol\u00edtica e cultura, com autores, opini\u00e3o e cr\u00edticas.","potentialAction":[{"@type":"SearchAction","target":{"@type":"EntryPoint","urlTemplate":"https:\/\/estadocomarte.pt\/site\/?s={search_term_string}"},"query-input":{"@type":"PropertyValueSpecification","valueRequired":true,"valueName":"search_term_string"}}],"inLanguage":"pt-PT"},{"@type":"Organization","@id":"https:\/\/estadocomarte.pt\/site\/#organization","name":"Estado com Arte Magazine","alternateName":"Magazine semanal sobre pol\u00edtica e cultura, com autores, opini\u00e3o e cr\u00edticas.","url":"https:\/\/estadocomarte.pt\/site\/","logo":{"@type":"ImageObject","inLanguage":"pt-PT","@id":"https:\/\/estadocomarte.pt\/site\/#\/schema\/logo\/image\/","url":"https:\/\/estadocomarte.pt\/site\/wp-content\/uploads\/2023\/06\/cropped-cropped-Prancheta-2@2x-100.jpg","contentUrl":"https:\/\/estadocomarte.pt\/site\/wp-content\/uploads\/2023\/06\/cropped-cropped-Prancheta-2@2x-100.jpg","width":1777,"height":592,"caption":"Estado com Arte Magazine"},"image":{"@id":"https:\/\/estadocomarte.pt\/site\/#\/schema\/logo\/image\/"},"sameAs":["https:\/\/www.instagram.com\/estadocomartemagazine"]},{"@type":"Person","@id":"https:\/\/estadocomarte.pt\/site\/#\/schema\/person\/c0943a071216c1e5b21f85304151e4ba","name":"admin","image":{"@type":"ImageObject","inLanguage":"pt-PT","@id":"https:\/\/estadocomarte.pt\/site\/#\/schema\/person\/image\/","url":"https:\/\/secure.gravatar.com\/avatar\/e6f378fd6914c8505d3e1d40f51fa953b21bab0f3a5658a33bc84cb5bda780f9?s=96&d=mm&r=g","contentUrl":"https:\/\/secure.gravatar.com\/avatar\/e6f378fd6914c8505d3e1d40f51fa953b21bab0f3a5658a33bc84cb5bda780f9?s=96&d=mm&r=g","caption":"admin"},"sameAs":["https:\/\/estadocomarte.pt\/site"],"url":"https:\/\/estadocomarte.pt\/site\/author\/admin\/"}]}},"_links":{"self":[{"href":"https:\/\/estadocomarte.pt\/site\/wp-json\/wp\/v2\/posts\/10195","targetHints":{"allow":["GET"]}}],"collection":[{"href":"https:\/\/estadocomarte.pt\/site\/wp-json\/wp\/v2\/posts"}],"about":[{"href":"https:\/\/estadocomarte.pt\/site\/wp-json\/wp\/v2\/types\/post"}],"author":[{"embeddable":true,"href":"https:\/\/estadocomarte.pt\/site\/wp-json\/wp\/v2\/users\/1"}],"replies":[{"embeddable":true,"href":"https:\/\/estadocomarte.pt\/site\/wp-json\/wp\/v2\/comments?post=10195"}],"version-history":[{"count":1,"href":"https:\/\/estadocomarte.pt\/site\/wp-json\/wp\/v2\/posts\/10195\/revisions"}],"predecessor-version":[{"id":10197,"href":"https:\/\/estadocomarte.pt\/site\/wp-json\/wp\/v2\/posts\/10195\/revisions\/10197"}],"wp:featuredmedia":[{"embeddable":true,"href":"https:\/\/estadocomarte.pt\/site\/wp-json\/wp\/v2\/media\/10196"}],"wp:attachment":[{"href":"https:\/\/estadocomarte.pt\/site\/wp-json\/wp\/v2\/media?parent=10195"}],"wp:term":[{"taxonomy":"category","embeddable":true,"href":"https:\/\/estadocomarte.pt\/site\/wp-json\/wp\/v2\/categories?post=10195"},{"taxonomy":"post_tag","embeddable":true,"href":"https:\/\/estadocomarte.pt\/site\/wp-json\/wp\/v2\/tags?post=10195"}],"curies":[{"name":"wp","href":"https:\/\/api.w.org\/{rel}","templated":true}]}}