{"id":10198,"date":"2025-07-12T12:06:51","date_gmt":"2025-07-12T12:06:51","guid":{"rendered":"https:\/\/estadocomarte.pt\/site\/?p=10198"},"modified":"2025-07-14T14:34:05","modified_gmt":"2025-07-14T14:34:05","slug":"duarte-lima-mayer-apresenta-novo-livro-de-ficcao-da-rainha-santa-isabel","status":"publish","type":"post","link":"https:\/\/estadocomarte.pt\/site\/2025\/07\/12\/duarte-lima-mayer-apresenta-novo-livro-de-ficcao-da-rainha-santa-isabel\/","title":{"rendered":"Duarte Lima Mayer apresenta novo livro de fic\u00e7\u00e3o da Rainha Santa Isabel"},"content":{"rendered":"<p><strong>&#8220;A Rainha Santa e o Mist\u00e9rio de S\u00e3o Crist\u00f3v\u00e3o do Rio Mau&#8221; de Duarte de Lima Mayer, uma edi\u00e7\u00e3o da Building Ideas (2025), \u00e9 um conto inspirado na hist\u00f3rica peregrina\u00e7\u00e3o de Isabel de Arag\u00e3o &#8211; a Rainha Santa &#8211; a Santiago de Compostela, h\u00e1 700 anos.<\/strong><\/p>\n<p>A obra foi apresentada na igreja de Santa Isabel na passada quinta feira, no \u00e2mbito dos 400 anos da canoniza\u00e7\u00e3o da Rainha Santa Portuguesa.<\/p>\n<p>O conto &#8220;A Rainha Santa e o Mist\u00e9rio de S\u00e3o Crist\u00f3v\u00e3o do Rio Mau&#8221;, novo livro do autor e advogado Duarte de Lima Mayer, \u00e9 uma fic\u00e7\u00e3o sobre a vida da Rainha Santa portuguesa, Isabel de Arag\u00e3o. A sess\u00e3o contou com a participa\u00e7\u00e3o do Padre M\u00e1rio Azevedo, docente universit\u00e1rio, Sofia T\u00e1vora, advogada, e com um apontamento musical de Hugo Paiva, violoncelista da Orquestra Gulbenkian.<\/p>\n<p>&nbsp;<\/p>\n<p><iframe title=\"Duarte Lima Mayer apresenta novo livro de fic\u00e7\u00e3o by Estado com Arte\" width=\"500\" height=\"400\" scrolling=\"no\" frameborder=\"no\" src=\"https:\/\/w.soundcloud.com\/player\/?visual=true&#038;url=https%3A%2F%2Fapi.soundcloud.com%2Ftracks%2F2127692946&#038;show_artwork=true&#038;maxheight=750&#038;maxwidth=500\"><\/iframe><\/p>\n","protected":false},"excerpt":{"rendered":"<p>Marta Roque<\/p>\n","protected":false},"author":1,"featured_media":7685,"comment_status":"open","ping_status":"open","sticky":false,"template":"","format":"standard","meta":{"site-sidebar-layout":"default","site-content-layout":"default","ast-global-header-display":"","ast-banner-title-visibility":"","ast-main-header-display":"","ast-hfb-above-header-display":"","ast-hfb-below-header-display":"","ast-hfb-mobile-header-display":"","site-post-title":"","ast-breadcrumbs-content":"","ast-featured-img":"","footer-sml-layout":"","theme-transparent-header-meta":"default","adv-header-id-meta":"","stick-header-meta":"","header-above-stick-meta":"","header-main-stick-meta":"","header-below-stick-meta":"","footnotes":""},"categories":[64,10],"tags":[990,985,986],"class_list":["post-10198","post","type-post","status-publish","format-standard","has-post-thumbnail","hentry","category-isto-para-nos","category-podcast","tag-autor","tag-duarte-lima-mayer","tag-rainha-santa-isabel"],"yoast_head":"<!-- This site is optimized with the Yoast SEO plugin v25.1 - https:\/\/yoast.com\/wordpress\/plugins\/seo\/ -->\n<title>Duarte Lima Mayer apresenta novo livro de fic\u00e7\u00e3o da Rainha Santa Isabel - Estado com Arte<\/title>\n<meta name=\"robots\" content=\"index, follow, max-snippet:-1, max-image-preview:large, max-video-preview:-1\" \/>\n<link rel=\"canonical\" href=\"https:\/\/estadocomarte.pt\/site\/2025\/07\/12\/duarte-lima-mayer-apresenta-novo-livro-de-ficcao-da-rainha-santa-isabel\/\" \/>\n<meta property=\"og:locale\" content=\"pt_PT\" \/>\n<meta property=\"og:type\" content=\"article\" \/>\n<meta property=\"og:title\" content=\"Duarte Lima Mayer apresenta novo livro de fic\u00e7\u00e3o da Rainha Santa Isabel - Estado com Arte\" \/>\n<meta property=\"og:description\" content=\"Marta Roque\" \/>\n<meta property=\"og:url\" content=\"https:\/\/estadocomarte.pt\/site\/2025\/07\/12\/duarte-lima-mayer-apresenta-novo-livro-de-ficcao-da-rainha-santa-isabel\/\" \/>\n<meta property=\"og:site_name\" content=\"Estado com Arte\" \/>\n<meta property=\"article:published_time\" content=\"2025-07-12T12:06:51+00:00\" \/>\n<meta property=\"article:modified_time\" content=\"2025-07-14T14:34:05+00:00\" \/>\n<meta property=\"og:image\" content=\"https:\/\/estadocomarte.pt\/site\/wp-content\/uploads\/2023\/07\/cropped-Captura-de-ecra-2023-07-28-as-15.44.44.png\" \/>\n\t<meta property=\"og:image:width\" content=\"512\" \/>\n\t<meta property=\"og:image:height\" content=\"512\" \/>\n\t<meta property=\"og:image:type\" content=\"image\/png\" \/>\n<meta name=\"author\" content=\"admin\" \/>\n<meta name=\"twitter:card\" content=\"summary_large_image\" \/>\n<meta name=\"twitter:label1\" content=\"Escrito por\" \/>\n\t<meta name=\"twitter:data1\" content=\"admin\" \/>\n\t<meta name=\"twitter:label2\" content=\"Tempo estimado de leitura\" \/>\n\t<meta name=\"twitter:data2\" content=\"1 minuto\" \/>\n<script type=\"application\/ld+json\" class=\"yoast-schema-graph\">{\"@context\":\"https:\/\/schema.org\",\"@graph\":[{\"@type\":\"Article\",\"@id\":\"https:\/\/estadocomarte.pt\/site\/2025\/07\/12\/duarte-lima-mayer-apresenta-novo-livro-de-ficcao-da-rainha-santa-isabel\/#article\",\"isPartOf\":{\"@id\":\"https:\/\/estadocomarte.pt\/site\/2025\/07\/12\/duarte-lima-mayer-apresenta-novo-livro-de-ficcao-da-rainha-santa-isabel\/\"},\"author\":{\"name\":\"admin\",\"@id\":\"https:\/\/estadocomarte.pt\/site\/#\/schema\/person\/c0943a071216c1e5b21f85304151e4ba\"},\"headline\":\"Duarte Lima Mayer apresenta novo livro de fic\u00e7\u00e3o da Rainha Santa Isabel\",\"datePublished\":\"2025-07-12T12:06:51+00:00\",\"dateModified\":\"2025-07-14T14:34:05+00:00\",\"mainEntityOfPage\":{\"@id\":\"https:\/\/estadocomarte.pt\/site\/2025\/07\/12\/duarte-lima-mayer-apresenta-novo-livro-de-ficcao-da-rainha-santa-isabel\/\"},\"wordCount\":192,\"commentCount\":0,\"publisher\":{\"@id\":\"https:\/\/estadocomarte.pt\/site\/#organization\"},\"image\":{\"@id\":\"https:\/\/estadocomarte.pt\/site\/2025\/07\/12\/duarte-lima-mayer-apresenta-novo-livro-de-ficcao-da-rainha-santa-isabel\/#primaryimage\"},\"thumbnailUrl\":\"https:\/\/estadocomarte.pt\/site\/wp-content\/uploads\/2024\/12\/Duarte-l.-Mayer.avif\",\"keywords\":[\"autor\",\"Duarte Lima Mayer\",\"rainha santa isabel\"],\"articleSection\":[\"Isto Para N\u00f3s\",\"Podcast\"],\"inLanguage\":\"pt-PT\",\"potentialAction\":[{\"@type\":\"CommentAction\",\"name\":\"Comment\",\"target\":[\"https:\/\/estadocomarte.pt\/site\/2025\/07\/12\/duarte-lima-mayer-apresenta-novo-livro-de-ficcao-da-rainha-santa-isabel\/#respond\"]}]},{\"@type\":\"WebPage\",\"@id\":\"https:\/\/estadocomarte.pt\/site\/2025\/07\/12\/duarte-lima-mayer-apresenta-novo-livro-de-ficcao-da-rainha-santa-isabel\/\",\"url\":\"https:\/\/estadocomarte.pt\/site\/2025\/07\/12\/duarte-lima-mayer-apresenta-novo-livro-de-ficcao-da-rainha-santa-isabel\/\",\"name\":\"Duarte Lima Mayer apresenta novo livro de fic\u00e7\u00e3o da Rainha Santa Isabel - Estado com Arte\",\"isPartOf\":{\"@id\":\"https:\/\/estadocomarte.pt\/site\/#website\"},\"primaryImageOfPage\":{\"@id\":\"https:\/\/estadocomarte.pt\/site\/2025\/07\/12\/duarte-lima-mayer-apresenta-novo-livro-de-ficcao-da-rainha-santa-isabel\/#primaryimage\"},\"image\":{\"@id\":\"https:\/\/estadocomarte.pt\/site\/2025\/07\/12\/duarte-lima-mayer-apresenta-novo-livro-de-ficcao-da-rainha-santa-isabel\/#primaryimage\"},\"thumbnailUrl\":\"https:\/\/estadocomarte.pt\/site\/wp-content\/uploads\/2024\/12\/Duarte-l.-Mayer.avif\",\"datePublished\":\"2025-07-12T12:06:51+00:00\",\"dateModified\":\"2025-07-14T14:34:05+00:00\",\"breadcrumb\":{\"@id\":\"https:\/\/estadocomarte.pt\/site\/2025\/07\/12\/duarte-lima-mayer-apresenta-novo-livro-de-ficcao-da-rainha-santa-isabel\/#breadcrumb\"},\"inLanguage\":\"pt-PT\",\"potentialAction\":[{\"@type\":\"ReadAction\",\"target\":[\"https:\/\/estadocomarte.pt\/site\/2025\/07\/12\/duarte-lima-mayer-apresenta-novo-livro-de-ficcao-da-rainha-santa-isabel\/\"]}]},{\"@type\":\"ImageObject\",\"inLanguage\":\"pt-PT\",\"@id\":\"https:\/\/estadocomarte.pt\/site\/2025\/07\/12\/duarte-lima-mayer-apresenta-novo-livro-de-ficcao-da-rainha-santa-isabel\/#primaryimage\",\"url\":\"https:\/\/estadocomarte.pt\/site\/wp-content\/uploads\/2024\/12\/Duarte-l.-Mayer.avif\",\"contentUrl\":\"https:\/\/estadocomarte.pt\/site\/wp-content\/uploads\/2024\/12\/Duarte-l.-Mayer.avif\",\"width\":450,\"height\":437},{\"@type\":\"BreadcrumbList\",\"@id\":\"https:\/\/estadocomarte.pt\/site\/2025\/07\/12\/duarte-lima-mayer-apresenta-novo-livro-de-ficcao-da-rainha-santa-isabel\/#breadcrumb\",\"itemListElement\":[{\"@type\":\"ListItem\",\"position\":1,\"name\":\"In\u00edcio\",\"item\":\"https:\/\/estadocomarte.pt\/site\/\"},{\"@type\":\"ListItem\",\"position\":2,\"name\":\"Duarte Lima Mayer apresenta novo livro de fic\u00e7\u00e3o da Rainha Santa Isabel\"}]},{\"@type\":\"WebSite\",\"@id\":\"https:\/\/estadocomarte.pt\/site\/#website\",\"url\":\"https:\/\/estadocomarte.pt\/site\/\",\"name\":\"Estado com Arte Magazine\",\"description\":\"Magazine\",\"publisher\":{\"@id\":\"https:\/\/estadocomarte.pt\/site\/#organization\"},\"alternateName\":\"Magazine semanal sobre pol\u00edtica e cultura, com autores, opini\u00e3o e cr\u00edticas.\",\"potentialAction\":[{\"@type\":\"SearchAction\",\"target\":{\"@type\":\"EntryPoint\",\"urlTemplate\":\"https:\/\/estadocomarte.pt\/site\/?s={search_term_string}\"},\"query-input\":{\"@type\":\"PropertyValueSpecification\",\"valueRequired\":true,\"valueName\":\"search_term_string\"}}],\"inLanguage\":\"pt-PT\"},{\"@type\":\"Organization\",\"@id\":\"https:\/\/estadocomarte.pt\/site\/#organization\",\"name\":\"Estado com Arte Magazine\",\"alternateName\":\"Magazine semanal sobre pol\u00edtica e cultura, com autores, opini\u00e3o e cr\u00edticas.\",\"url\":\"https:\/\/estadocomarte.pt\/site\/\",\"logo\":{\"@type\":\"ImageObject\",\"inLanguage\":\"pt-PT\",\"@id\":\"https:\/\/estadocomarte.pt\/site\/#\/schema\/logo\/image\/\",\"url\":\"https:\/\/estadocomarte.pt\/site\/wp-content\/uploads\/2023\/06\/cropped-cropped-Prancheta-2@2x-100.jpg\",\"contentUrl\":\"https:\/\/estadocomarte.pt\/site\/wp-content\/uploads\/2023\/06\/cropped-cropped-Prancheta-2@2x-100.jpg\",\"width\":1777,\"height\":592,\"caption\":\"Estado com Arte Magazine\"},\"image\":{\"@id\":\"https:\/\/estadocomarte.pt\/site\/#\/schema\/logo\/image\/\"},\"sameAs\":[\"https:\/\/www.instagram.com\/estadocomartemagazine\"]},{\"@type\":\"Person\",\"@id\":\"https:\/\/estadocomarte.pt\/site\/#\/schema\/person\/c0943a071216c1e5b21f85304151e4ba\",\"name\":\"admin\",\"image\":{\"@type\":\"ImageObject\",\"inLanguage\":\"pt-PT\",\"@id\":\"https:\/\/estadocomarte.pt\/site\/#\/schema\/person\/image\/\",\"url\":\"https:\/\/secure.gravatar.com\/avatar\/e6f378fd6914c8505d3e1d40f51fa953b21bab0f3a5658a33bc84cb5bda780f9?s=96&d=mm&r=g\",\"contentUrl\":\"https:\/\/secure.gravatar.com\/avatar\/e6f378fd6914c8505d3e1d40f51fa953b21bab0f3a5658a33bc84cb5bda780f9?s=96&d=mm&r=g\",\"caption\":\"admin\"},\"sameAs\":[\"https:\/\/estadocomarte.pt\/site\"],\"url\":\"https:\/\/estadocomarte.pt\/site\/author\/admin\/\"}]}<\/script>\n<!-- \/ Yoast SEO plugin. -->","yoast_head_json":{"title":"Duarte Lima Mayer apresenta novo livro de fic\u00e7\u00e3o da Rainha Santa Isabel - Estado com Arte","robots":{"index":"index","follow":"follow","max-snippet":"max-snippet:-1","max-image-preview":"max-image-preview:large","max-video-preview":"max-video-preview:-1"},"canonical":"https:\/\/estadocomarte.pt\/site\/2025\/07\/12\/duarte-lima-mayer-apresenta-novo-livro-de-ficcao-da-rainha-santa-isabel\/","og_locale":"pt_PT","og_type":"article","og_title":"Duarte Lima Mayer apresenta novo livro de fic\u00e7\u00e3o da Rainha Santa Isabel - Estado com Arte","og_description":"Marta Roque","og_url":"https:\/\/estadocomarte.pt\/site\/2025\/07\/12\/duarte-lima-mayer-apresenta-novo-livro-de-ficcao-da-rainha-santa-isabel\/","og_site_name":"Estado com Arte","article_published_time":"2025-07-12T12:06:51+00:00","article_modified_time":"2025-07-14T14:34:05+00:00","og_image":[{"width":512,"height":512,"url":"https:\/\/estadocomarte.pt\/site\/wp-content\/uploads\/2023\/07\/cropped-Captura-de-ecra-2023-07-28-as-15.44.44.png","type":"image\/png"}],"author":"admin","twitter_card":"summary_large_image","twitter_misc":{"Escrito por":"admin","Tempo estimado de leitura":"1 minuto"},"schema":{"@context":"https:\/\/schema.org","@graph":[{"@type":"Article","@id":"https:\/\/estadocomarte.pt\/site\/2025\/07\/12\/duarte-lima-mayer-apresenta-novo-livro-de-ficcao-da-rainha-santa-isabel\/#article","isPartOf":{"@id":"https:\/\/estadocomarte.pt\/site\/2025\/07\/12\/duarte-lima-mayer-apresenta-novo-livro-de-ficcao-da-rainha-santa-isabel\/"},"author":{"name":"admin","@id":"https:\/\/estadocomarte.pt\/site\/#\/schema\/person\/c0943a071216c1e5b21f85304151e4ba"},"headline":"Duarte Lima Mayer apresenta novo livro de fic\u00e7\u00e3o da Rainha Santa Isabel","datePublished":"2025-07-12T12:06:51+00:00","dateModified":"2025-07-14T14:34:05+00:00","mainEntityOfPage":{"@id":"https:\/\/estadocomarte.pt\/site\/2025\/07\/12\/duarte-lima-mayer-apresenta-novo-livro-de-ficcao-da-rainha-santa-isabel\/"},"wordCount":192,"commentCount":0,"publisher":{"@id":"https:\/\/estadocomarte.pt\/site\/#organization"},"image":{"@id":"https:\/\/estadocomarte.pt\/site\/2025\/07\/12\/duarte-lima-mayer-apresenta-novo-livro-de-ficcao-da-rainha-santa-isabel\/#primaryimage"},"thumbnailUrl":"https:\/\/estadocomarte.pt\/site\/wp-content\/uploads\/2024\/12\/Duarte-l.-Mayer.avif","keywords":["autor","Duarte Lima Mayer","rainha santa isabel"],"articleSection":["Isto Para N\u00f3s","Podcast"],"inLanguage":"pt-PT","potentialAction":[{"@type":"CommentAction","name":"Comment","target":["https:\/\/estadocomarte.pt\/site\/2025\/07\/12\/duarte-lima-mayer-apresenta-novo-livro-de-ficcao-da-rainha-santa-isabel\/#respond"]}]},{"@type":"WebPage","@id":"https:\/\/estadocomarte.pt\/site\/2025\/07\/12\/duarte-lima-mayer-apresenta-novo-livro-de-ficcao-da-rainha-santa-isabel\/","url":"https:\/\/estadocomarte.pt\/site\/2025\/07\/12\/duarte-lima-mayer-apresenta-novo-livro-de-ficcao-da-rainha-santa-isabel\/","name":"Duarte Lima Mayer apresenta novo livro de fic\u00e7\u00e3o da Rainha Santa Isabel - Estado com Arte","isPartOf":{"@id":"https:\/\/estadocomarte.pt\/site\/#website"},"primaryImageOfPage":{"@id":"https:\/\/estadocomarte.pt\/site\/2025\/07\/12\/duarte-lima-mayer-apresenta-novo-livro-de-ficcao-da-rainha-santa-isabel\/#primaryimage"},"image":{"@id":"https:\/\/estadocomarte.pt\/site\/2025\/07\/12\/duarte-lima-mayer-apresenta-novo-livro-de-ficcao-da-rainha-santa-isabel\/#primaryimage"},"thumbnailUrl":"https:\/\/estadocomarte.pt\/site\/wp-content\/uploads\/2024\/12\/Duarte-l.-Mayer.avif","datePublished":"2025-07-12T12:06:51+00:00","dateModified":"2025-07-14T14:34:05+00:00","breadcrumb":{"@id":"https:\/\/estadocomarte.pt\/site\/2025\/07\/12\/duarte-lima-mayer-apresenta-novo-livro-de-ficcao-da-rainha-santa-isabel\/#breadcrumb"},"inLanguage":"pt-PT","potentialAction":[{"@type":"ReadAction","target":["https:\/\/estadocomarte.pt\/site\/2025\/07\/12\/duarte-lima-mayer-apresenta-novo-livro-de-ficcao-da-rainha-santa-isabel\/"]}]},{"@type":"ImageObject","inLanguage":"pt-PT","@id":"https:\/\/estadocomarte.pt\/site\/2025\/07\/12\/duarte-lima-mayer-apresenta-novo-livro-de-ficcao-da-rainha-santa-isabel\/#primaryimage","url":"https:\/\/estadocomarte.pt\/site\/wp-content\/uploads\/2024\/12\/Duarte-l.-Mayer.avif","contentUrl":"https:\/\/estadocomarte.pt\/site\/wp-content\/uploads\/2024\/12\/Duarte-l.-Mayer.avif","width":450,"height":437},{"@type":"BreadcrumbList","@id":"https:\/\/estadocomarte.pt\/site\/2025\/07\/12\/duarte-lima-mayer-apresenta-novo-livro-de-ficcao-da-rainha-santa-isabel\/#breadcrumb","itemListElement":[{"@type":"ListItem","position":1,"name":"In\u00edcio","item":"https:\/\/estadocomarte.pt\/site\/"},{"@type":"ListItem","position":2,"name":"Duarte Lima Mayer apresenta novo livro de fic\u00e7\u00e3o da Rainha Santa Isabel"}]},{"@type":"WebSite","@id":"https:\/\/estadocomarte.pt\/site\/#website","url":"https:\/\/estadocomarte.pt\/site\/","name":"Estado com Arte Magazine","description":"Magazine","publisher":{"@id":"https:\/\/estadocomarte.pt\/site\/#organization"},"alternateName":"Magazine semanal sobre pol\u00edtica e cultura, com autores, opini\u00e3o e cr\u00edticas.","potentialAction":[{"@type":"SearchAction","target":{"@type":"EntryPoint","urlTemplate":"https:\/\/estadocomarte.pt\/site\/?s={search_term_string}"},"query-input":{"@type":"PropertyValueSpecification","valueRequired":true,"valueName":"search_term_string"}}],"inLanguage":"pt-PT"},{"@type":"Organization","@id":"https:\/\/estadocomarte.pt\/site\/#organization","name":"Estado com Arte Magazine","alternateName":"Magazine semanal sobre pol\u00edtica e cultura, com autores, opini\u00e3o e cr\u00edticas.","url":"https:\/\/estadocomarte.pt\/site\/","logo":{"@type":"ImageObject","inLanguage":"pt-PT","@id":"https:\/\/estadocomarte.pt\/site\/#\/schema\/logo\/image\/","url":"https:\/\/estadocomarte.pt\/site\/wp-content\/uploads\/2023\/06\/cropped-cropped-Prancheta-2@2x-100.jpg","contentUrl":"https:\/\/estadocomarte.pt\/site\/wp-content\/uploads\/2023\/06\/cropped-cropped-Prancheta-2@2x-100.jpg","width":1777,"height":592,"caption":"Estado com Arte Magazine"},"image":{"@id":"https:\/\/estadocomarte.pt\/site\/#\/schema\/logo\/image\/"},"sameAs":["https:\/\/www.instagram.com\/estadocomartemagazine"]},{"@type":"Person","@id":"https:\/\/estadocomarte.pt\/site\/#\/schema\/person\/c0943a071216c1e5b21f85304151e4ba","name":"admin","image":{"@type":"ImageObject","inLanguage":"pt-PT","@id":"https:\/\/estadocomarte.pt\/site\/#\/schema\/person\/image\/","url":"https:\/\/secure.gravatar.com\/avatar\/e6f378fd6914c8505d3e1d40f51fa953b21bab0f3a5658a33bc84cb5bda780f9?s=96&d=mm&r=g","contentUrl":"https:\/\/secure.gravatar.com\/avatar\/e6f378fd6914c8505d3e1d40f51fa953b21bab0f3a5658a33bc84cb5bda780f9?s=96&d=mm&r=g","caption":"admin"},"sameAs":["https:\/\/estadocomarte.pt\/site"],"url":"https:\/\/estadocomarte.pt\/site\/author\/admin\/"}]}},"_links":{"self":[{"href":"https:\/\/estadocomarte.pt\/site\/wp-json\/wp\/v2\/posts\/10198","targetHints":{"allow":["GET"]}}],"collection":[{"href":"https:\/\/estadocomarte.pt\/site\/wp-json\/wp\/v2\/posts"}],"about":[{"href":"https:\/\/estadocomarte.pt\/site\/wp-json\/wp\/v2\/types\/post"}],"author":[{"embeddable":true,"href":"https:\/\/estadocomarte.pt\/site\/wp-json\/wp\/v2\/users\/1"}],"replies":[{"embeddable":true,"href":"https:\/\/estadocomarte.pt\/site\/wp-json\/wp\/v2\/comments?post=10198"}],"version-history":[{"count":3,"href":"https:\/\/estadocomarte.pt\/site\/wp-json\/wp\/v2\/posts\/10198\/revisions"}],"predecessor-version":[{"id":10247,"href":"https:\/\/estadocomarte.pt\/site\/wp-json\/wp\/v2\/posts\/10198\/revisions\/10247"}],"wp:featuredmedia":[{"embeddable":true,"href":"https:\/\/estadocomarte.pt\/site\/wp-json\/wp\/v2\/media\/7685"}],"wp:attachment":[{"href":"https:\/\/estadocomarte.pt\/site\/wp-json\/wp\/v2\/media?parent=10198"}],"wp:term":[{"taxonomy":"category","embeddable":true,"href":"https:\/\/estadocomarte.pt\/site\/wp-json\/wp\/v2\/categories?post=10198"},{"taxonomy":"post_tag","embeddable":true,"href":"https:\/\/estadocomarte.pt\/site\/wp-json\/wp\/v2\/tags?post=10198"}],"curies":[{"name":"wp","href":"https:\/\/api.w.org\/{rel}","templated":true}]}}