{"id":10200,"date":"2025-07-12T18:52:33","date_gmt":"2025-07-12T18:52:33","guid":{"rendered":"https:\/\/estadocomarte.pt\/site\/?p=10200"},"modified":"2025-08-23T13:50:17","modified_gmt":"2025-08-23T13:50:17","slug":"da-inteligencia-artificial-a-saude-mental","status":"publish","type":"post","link":"https:\/\/estadocomarte.pt\/site\/2025\/07\/12\/da-inteligencia-artificial-a-saude-mental\/","title":{"rendered":"DA INTELIG\u00caNCIA ARTIFICIAL \u00c0 SA\u00daDE MENTAL"},"content":{"rendered":"<p><strong>C\u00e1 por mim, n\u00e3o fa\u00e7o uma transac\u00e7\u00e3o banc\u00e1ria por internet, n\u00e3o encomendo uma filh\u00f3s pela &#8220;uber eats&#8221;, os &#8220;bairros digitais&#8221; n\u00e3o t\u00eam uma encomenda minha, isto que aqui est\u00e1 foi escrito por mim e por nenhum chat GPT, porque continuo a ler e a escrever, enquanto muitos se deixam adoecer\u2026, ah e continuo a ir \u00e0 rua e a encontrar, a conviver e a dizer \u201cbom dia\u201d de viva voz aos amigos.<\/strong><\/p>\n<p>Inventaram o telem\u00f3vel e as pessoas deixaram de sair de casa para se procurarem e encontrarem. Inventaram o teletrabalho e as pessoas passaram a ficar em casa, deixaram de ir \u00e0 rua e de conviver, porque n\u00e3o precisam. Tamb\u00e9m deixaram de ir ao banco tratar do dinheiro e de caminho encontrar outras pessoas, porque inventaram que tudo isso se faz na &#8220;<em>net<\/em>&#8220;.<\/p>\n<p>Para fazerem reuni\u00f5es, tamb\u00e9m inventaram as videoconfer\u00eancias e assim se eliminou o encontro pessoal, cada um fica no seu s\u00edtio e socializa consigo pr\u00f3prio. Inventaram a &#8220;uber eats&#8221; e as pessoas passaram a ficar em casa, tamb\u00e9m para comer, evitando ir ao restaurante e n\u00e3o encontram outras pessoas e socializam ainda menos. Agora at\u00e9 inventaram o &#8220;bairro digital&#8221;, em que tamb\u00e9m j\u00e1 n\u00e3o \u00e9 preciso sair para ir fazer compras \u00e0 loja da rua ao lado, dar uma volta para ver as montras, os conhecidos e os amigos, j\u00e1 nem isso \u00e9 preciso e as pessoas isolam-se ainda mais.<\/p>\n<p>E o caricato, \u00e9 que os restaurantes e comerciantes em geral, ficaram felizes e contentes com a inven\u00e7\u00e3o destas \u201cferramentas\u201d destruidoras da sociedade, que tamb\u00e9m lhes destroem o neg\u00f3cio, s\u00f3 que eles n\u00e3o percebem que a encomenda &#8220;<em>on-line<\/em>&#8220;, essa coisa que entrou no l\u00e9xico e no dia a dia do cidad\u00e3o comum, limita fortemente o consumo e as consequentes vendas, porque o produto que n\u00e3o aparece, esquece.<\/p>\n<p>Tamb\u00e9m inventaram uns chats, os <em>Ghat GPT<\/em>, ou parecidos, que at\u00e9 fazem os textos \u00e0s pessoas e o &#8220;autor&#8221; n\u00e3o precisa de saber escrever ou ler para aprender, porque o &#8220;chat&#8221; vai copiar e faz por ele.<\/p>\n<p>Em suma, estamos perante o ciclo completo da estupidifica\u00e7\u00e3o humana e da ignor\u00e2ncia suprema, mas as pessoas aderem e rejubilam com o aparecimento das tais &#8220;ferramentas&#8221; que lhes roubam o conv\u00edvio, a socializa\u00e7\u00e3o e a sanidade mental, sem que deem conta.<\/p>\n<p>Esta moda est\u00e1 a fazer adoecer as mentes das pessoas, que padecem de &#8220;depress\u00f5es&#8221; e v\u00e1rias outras maleitas do foro ps\u00edquico, mas que n\u00e3o se d\u00e3o conta e viva o &#8220;progresso&#8221; (disse&#8230; progresso?), pois, progresso.<\/p>\n<p>E no fim de tudo isto, para completar o puzzle, agora, claro, j\u00e1 andam nas escolas a dar \u00e0 miudagem umas aulas de &#8220;sa\u00fade mental&#8221; e fazem-se debates e palestras sobre \u201csa\u00fade mental\u201d, pois evidentemente, pudera, vamos ent\u00e3o recuperar, como se fosse poss\u00edvel, a nossa n\u00e3o, mas a vossa, \u201csa\u00fade mental\u201d.<\/p>\n<p>C\u00e1 por mim, n\u00e3o fa\u00e7o uma transac\u00e7\u00e3o banc\u00e1ria por internet, n\u00e3o encomendo uma filh\u00f3s pela &#8220;uber eats&#8221;, os &#8220;bairros digitais&#8221; n\u00e3o t\u00eam uma encomenda minha, isto que aqui est\u00e1 foi escrito por mim e por nenhum<\/p>\n<p><em>Chat GPT<\/em>, porque continuo a ler e a escrever, enquanto muitos se deixam adoecer\u2026, ah e continuo a ir \u00e0 rua e a encontrar, a conviver e a dizer \u201cbom dia\u201d de viva voz aos amigos.<\/p>\n<p>E sim, claro, quero que se lixe a agora t\u00e3o badalada IA &#8211; Intelig\u00eancia Artificial?? Qual Intelig\u00eancia?<\/p>\n<p>Sim, \u00e9 isso, j\u00e1 sei que sou retr\u00f3grado, saloio, ultrapassado, etc\u2026, for\u00e7a nisso, mas j\u00e1 me esquecia de vos dizer, isso mesmo, fiquem em casa, tranquem-se, mas olhem l\u00e1 a sa\u00fade mental, h\u00e1 por a\u00ed muitas palestras sobre ela.<\/p>\n","protected":false},"excerpt":{"rendered":"<p>Rui Gon\u00e7alves,<br \/>\nArquitecto<\/p>\n","protected":false},"author":1,"featured_media":2202,"comment_status":"open","ping_status":"open","sticky":false,"template":"","format":"standard","meta":{"site-sidebar-layout":"default","site-content-layout":"default","ast-global-header-display":"","ast-banner-title-visibility":"","ast-main-header-display":"","ast-hfb-above-header-display":"","ast-hfb-below-header-display":"","ast-hfb-mobile-header-display":"","site-post-title":"","ast-breadcrumbs-content":"","ast-featured-img":"","footer-sml-layout":"","theme-transparent-header-meta":"default","adv-header-id-meta":"","stick-header-meta":"","header-above-stick-meta":"","header-main-stick-meta":"","header-below-stick-meta":"","footnotes":""},"categories":[6],"tags":[286,233],"class_list":["post-10200","post","type-post","status-publish","format-standard","has-post-thumbnail","hentry","category-lifestyle","tag-ia","tag-rui-goncalves"],"yoast_head":"<!-- This site is optimized with the Yoast SEO plugin v25.1 - https:\/\/yoast.com\/wordpress\/plugins\/seo\/ -->\n<title>DA INTELIG\u00caNCIA ARTIFICIAL \u00c0 SA\u00daDE MENTAL - Estado com Arte<\/title>\n<meta name=\"robots\" content=\"index, follow, max-snippet:-1, max-image-preview:large, max-video-preview:-1\" \/>\n<link rel=\"canonical\" href=\"https:\/\/estadocomarte.pt\/site\/2025\/07\/12\/da-inteligencia-artificial-a-saude-mental\/\" \/>\n<meta property=\"og:locale\" content=\"pt_PT\" \/>\n<meta property=\"og:type\" content=\"article\" \/>\n<meta property=\"og:title\" content=\"DA INTELIG\u00caNCIA ARTIFICIAL \u00c0 SA\u00daDE MENTAL - Estado com Arte\" \/>\n<meta property=\"og:description\" content=\"Rui Gon\u00e7alves, Arquitecto\" \/>\n<meta property=\"og:url\" content=\"https:\/\/estadocomarte.pt\/site\/2025\/07\/12\/da-inteligencia-artificial-a-saude-mental\/\" \/>\n<meta property=\"og:site_name\" content=\"Estado com Arte\" \/>\n<meta property=\"article:published_time\" content=\"2025-07-12T18:52:33+00:00\" \/>\n<meta property=\"article:modified_time\" content=\"2025-08-23T13:50:17+00:00\" \/>\n<meta property=\"og:image\" content=\"https:\/\/estadocomarte.pt\/site\/wp-content\/uploads\/2023\/08\/Rui-Goncalves.jpg\" \/>\n\t<meta property=\"og:image:width\" content=\"536\" \/>\n\t<meta property=\"og:image:height\" content=\"632\" \/>\n\t<meta property=\"og:image:type\" content=\"image\/jpeg\" \/>\n<meta name=\"author\" content=\"admin\" \/>\n<meta name=\"twitter:card\" content=\"summary_large_image\" \/>\n<meta name=\"twitter:label1\" content=\"Escrito por\" \/>\n\t<meta name=\"twitter:data1\" content=\"admin\" \/>\n\t<meta name=\"twitter:label2\" content=\"Tempo estimado de leitura\" \/>\n\t<meta name=\"twitter:data2\" content=\"4 minutos\" \/>\n<script type=\"application\/ld+json\" class=\"yoast-schema-graph\">{\"@context\":\"https:\/\/schema.org\",\"@graph\":[{\"@type\":\"Article\",\"@id\":\"https:\/\/estadocomarte.pt\/site\/2025\/07\/12\/da-inteligencia-artificial-a-saude-mental\/#article\",\"isPartOf\":{\"@id\":\"https:\/\/estadocomarte.pt\/site\/2025\/07\/12\/da-inteligencia-artificial-a-saude-mental\/\"},\"author\":{\"name\":\"admin\",\"@id\":\"https:\/\/estadocomarte.pt\/site\/#\/schema\/person\/c0943a071216c1e5b21f85304151e4ba\"},\"headline\":\"DA INTELIG\u00caNCIA ARTIFICIAL \u00c0 SA\u00daDE MENTAL\",\"datePublished\":\"2025-07-12T18:52:33+00:00\",\"dateModified\":\"2025-08-23T13:50:17+00:00\",\"mainEntityOfPage\":{\"@id\":\"https:\/\/estadocomarte.pt\/site\/2025\/07\/12\/da-inteligencia-artificial-a-saude-mental\/\"},\"wordCount\":648,\"commentCount\":0,\"publisher\":{\"@id\":\"https:\/\/estadocomarte.pt\/site\/#organization\"},\"image\":{\"@id\":\"https:\/\/estadocomarte.pt\/site\/2025\/07\/12\/da-inteligencia-artificial-a-saude-mental\/#primaryimage\"},\"thumbnailUrl\":\"https:\/\/estadocomarte.pt\/site\/wp-content\/uploads\/2023\/08\/Rui-Goncalves.jpg\",\"keywords\":[\"ia\",\"rui gon\u00e7alves\"],\"articleSection\":[\"Lifestyle\"],\"inLanguage\":\"pt-PT\",\"potentialAction\":[{\"@type\":\"CommentAction\",\"name\":\"Comment\",\"target\":[\"https:\/\/estadocomarte.pt\/site\/2025\/07\/12\/da-inteligencia-artificial-a-saude-mental\/#respond\"]}]},{\"@type\":\"WebPage\",\"@id\":\"https:\/\/estadocomarte.pt\/site\/2025\/07\/12\/da-inteligencia-artificial-a-saude-mental\/\",\"url\":\"https:\/\/estadocomarte.pt\/site\/2025\/07\/12\/da-inteligencia-artificial-a-saude-mental\/\",\"name\":\"DA INTELIG\u00caNCIA ARTIFICIAL \u00c0 SA\u00daDE MENTAL - Estado com Arte\",\"isPartOf\":{\"@id\":\"https:\/\/estadocomarte.pt\/site\/#website\"},\"primaryImageOfPage\":{\"@id\":\"https:\/\/estadocomarte.pt\/site\/2025\/07\/12\/da-inteligencia-artificial-a-saude-mental\/#primaryimage\"},\"image\":{\"@id\":\"https:\/\/estadocomarte.pt\/site\/2025\/07\/12\/da-inteligencia-artificial-a-saude-mental\/#primaryimage\"},\"thumbnailUrl\":\"https:\/\/estadocomarte.pt\/site\/wp-content\/uploads\/2023\/08\/Rui-Goncalves.jpg\",\"datePublished\":\"2025-07-12T18:52:33+00:00\",\"dateModified\":\"2025-08-23T13:50:17+00:00\",\"breadcrumb\":{\"@id\":\"https:\/\/estadocomarte.pt\/site\/2025\/07\/12\/da-inteligencia-artificial-a-saude-mental\/#breadcrumb\"},\"inLanguage\":\"pt-PT\",\"potentialAction\":[{\"@type\":\"ReadAction\",\"target\":[\"https:\/\/estadocomarte.pt\/site\/2025\/07\/12\/da-inteligencia-artificial-a-saude-mental\/\"]}]},{\"@type\":\"ImageObject\",\"inLanguage\":\"pt-PT\",\"@id\":\"https:\/\/estadocomarte.pt\/site\/2025\/07\/12\/da-inteligencia-artificial-a-saude-mental\/#primaryimage\",\"url\":\"https:\/\/estadocomarte.pt\/site\/wp-content\/uploads\/2023\/08\/Rui-Goncalves.jpg\",\"contentUrl\":\"https:\/\/estadocomarte.pt\/site\/wp-content\/uploads\/2023\/08\/Rui-Goncalves.jpg\",\"width\":536,\"height\":632,\"caption\":\"Rui Gon\u00e7alvez\"},{\"@type\":\"BreadcrumbList\",\"@id\":\"https:\/\/estadocomarte.pt\/site\/2025\/07\/12\/da-inteligencia-artificial-a-saude-mental\/#breadcrumb\",\"itemListElement\":[{\"@type\":\"ListItem\",\"position\":1,\"name\":\"In\u00edcio\",\"item\":\"https:\/\/estadocomarte.pt\/site\/\"},{\"@type\":\"ListItem\",\"position\":2,\"name\":\"DA INTELIG\u00caNCIA ARTIFICIAL \u00c0 SA\u00daDE MENTAL\"}]},{\"@type\":\"WebSite\",\"@id\":\"https:\/\/estadocomarte.pt\/site\/#website\",\"url\":\"https:\/\/estadocomarte.pt\/site\/\",\"name\":\"Estado com Arte Magazine\",\"description\":\"Magazine\",\"publisher\":{\"@id\":\"https:\/\/estadocomarte.pt\/site\/#organization\"},\"alternateName\":\"Magazine semanal sobre pol\u00edtica e cultura, com autores, opini\u00e3o e cr\u00edticas.\",\"potentialAction\":[{\"@type\":\"SearchAction\",\"target\":{\"@type\":\"EntryPoint\",\"urlTemplate\":\"https:\/\/estadocomarte.pt\/site\/?s={search_term_string}\"},\"query-input\":{\"@type\":\"PropertyValueSpecification\",\"valueRequired\":true,\"valueName\":\"search_term_string\"}}],\"inLanguage\":\"pt-PT\"},{\"@type\":\"Organization\",\"@id\":\"https:\/\/estadocomarte.pt\/site\/#organization\",\"name\":\"Estado com Arte Magazine\",\"alternateName\":\"Magazine semanal sobre pol\u00edtica e cultura, com autores, opini\u00e3o e cr\u00edticas.\",\"url\":\"https:\/\/estadocomarte.pt\/site\/\",\"logo\":{\"@type\":\"ImageObject\",\"inLanguage\":\"pt-PT\",\"@id\":\"https:\/\/estadocomarte.pt\/site\/#\/schema\/logo\/image\/\",\"url\":\"https:\/\/estadocomarte.pt\/site\/wp-content\/uploads\/2023\/06\/cropped-cropped-Prancheta-2@2x-100.jpg\",\"contentUrl\":\"https:\/\/estadocomarte.pt\/site\/wp-content\/uploads\/2023\/06\/cropped-cropped-Prancheta-2@2x-100.jpg\",\"width\":1777,\"height\":592,\"caption\":\"Estado com Arte Magazine\"},\"image\":{\"@id\":\"https:\/\/estadocomarte.pt\/site\/#\/schema\/logo\/image\/\"},\"sameAs\":[\"https:\/\/www.instagram.com\/estadocomartemagazine\"]},{\"@type\":\"Person\",\"@id\":\"https:\/\/estadocomarte.pt\/site\/#\/schema\/person\/c0943a071216c1e5b21f85304151e4ba\",\"name\":\"admin\",\"image\":{\"@type\":\"ImageObject\",\"inLanguage\":\"pt-PT\",\"@id\":\"https:\/\/estadocomarte.pt\/site\/#\/schema\/person\/image\/\",\"url\":\"https:\/\/secure.gravatar.com\/avatar\/e6f378fd6914c8505d3e1d40f51fa953b21bab0f3a5658a33bc84cb5bda780f9?s=96&d=mm&r=g\",\"contentUrl\":\"https:\/\/secure.gravatar.com\/avatar\/e6f378fd6914c8505d3e1d40f51fa953b21bab0f3a5658a33bc84cb5bda780f9?s=96&d=mm&r=g\",\"caption\":\"admin\"},\"sameAs\":[\"https:\/\/estadocomarte.pt\/site\"],\"url\":\"https:\/\/estadocomarte.pt\/site\/author\/admin\/\"}]}<\/script>\n<!-- \/ Yoast SEO plugin. -->","yoast_head_json":{"title":"DA INTELIG\u00caNCIA ARTIFICIAL \u00c0 SA\u00daDE MENTAL - Estado com Arte","robots":{"index":"index","follow":"follow","max-snippet":"max-snippet:-1","max-image-preview":"max-image-preview:large","max-video-preview":"max-video-preview:-1"},"canonical":"https:\/\/estadocomarte.pt\/site\/2025\/07\/12\/da-inteligencia-artificial-a-saude-mental\/","og_locale":"pt_PT","og_type":"article","og_title":"DA INTELIG\u00caNCIA ARTIFICIAL \u00c0 SA\u00daDE MENTAL - Estado com Arte","og_description":"Rui Gon\u00e7alves, Arquitecto","og_url":"https:\/\/estadocomarte.pt\/site\/2025\/07\/12\/da-inteligencia-artificial-a-saude-mental\/","og_site_name":"Estado com Arte","article_published_time":"2025-07-12T18:52:33+00:00","article_modified_time":"2025-08-23T13:50:17+00:00","og_image":[{"width":536,"height":632,"url":"https:\/\/estadocomarte.pt\/site\/wp-content\/uploads\/2023\/08\/Rui-Goncalves.jpg","type":"image\/jpeg"}],"author":"admin","twitter_card":"summary_large_image","twitter_misc":{"Escrito por":"admin","Tempo estimado de leitura":"4 minutos"},"schema":{"@context":"https:\/\/schema.org","@graph":[{"@type":"Article","@id":"https:\/\/estadocomarte.pt\/site\/2025\/07\/12\/da-inteligencia-artificial-a-saude-mental\/#article","isPartOf":{"@id":"https:\/\/estadocomarte.pt\/site\/2025\/07\/12\/da-inteligencia-artificial-a-saude-mental\/"},"author":{"name":"admin","@id":"https:\/\/estadocomarte.pt\/site\/#\/schema\/person\/c0943a071216c1e5b21f85304151e4ba"},"headline":"DA INTELIG\u00caNCIA ARTIFICIAL \u00c0 SA\u00daDE MENTAL","datePublished":"2025-07-12T18:52:33+00:00","dateModified":"2025-08-23T13:50:17+00:00","mainEntityOfPage":{"@id":"https:\/\/estadocomarte.pt\/site\/2025\/07\/12\/da-inteligencia-artificial-a-saude-mental\/"},"wordCount":648,"commentCount":0,"publisher":{"@id":"https:\/\/estadocomarte.pt\/site\/#organization"},"image":{"@id":"https:\/\/estadocomarte.pt\/site\/2025\/07\/12\/da-inteligencia-artificial-a-saude-mental\/#primaryimage"},"thumbnailUrl":"https:\/\/estadocomarte.pt\/site\/wp-content\/uploads\/2023\/08\/Rui-Goncalves.jpg","keywords":["ia","rui gon\u00e7alves"],"articleSection":["Lifestyle"],"inLanguage":"pt-PT","potentialAction":[{"@type":"CommentAction","name":"Comment","target":["https:\/\/estadocomarte.pt\/site\/2025\/07\/12\/da-inteligencia-artificial-a-saude-mental\/#respond"]}]},{"@type":"WebPage","@id":"https:\/\/estadocomarte.pt\/site\/2025\/07\/12\/da-inteligencia-artificial-a-saude-mental\/","url":"https:\/\/estadocomarte.pt\/site\/2025\/07\/12\/da-inteligencia-artificial-a-saude-mental\/","name":"DA INTELIG\u00caNCIA ARTIFICIAL \u00c0 SA\u00daDE MENTAL - Estado com Arte","isPartOf":{"@id":"https:\/\/estadocomarte.pt\/site\/#website"},"primaryImageOfPage":{"@id":"https:\/\/estadocomarte.pt\/site\/2025\/07\/12\/da-inteligencia-artificial-a-saude-mental\/#primaryimage"},"image":{"@id":"https:\/\/estadocomarte.pt\/site\/2025\/07\/12\/da-inteligencia-artificial-a-saude-mental\/#primaryimage"},"thumbnailUrl":"https:\/\/estadocomarte.pt\/site\/wp-content\/uploads\/2023\/08\/Rui-Goncalves.jpg","datePublished":"2025-07-12T18:52:33+00:00","dateModified":"2025-08-23T13:50:17+00:00","breadcrumb":{"@id":"https:\/\/estadocomarte.pt\/site\/2025\/07\/12\/da-inteligencia-artificial-a-saude-mental\/#breadcrumb"},"inLanguage":"pt-PT","potentialAction":[{"@type":"ReadAction","target":["https:\/\/estadocomarte.pt\/site\/2025\/07\/12\/da-inteligencia-artificial-a-saude-mental\/"]}]},{"@type":"ImageObject","inLanguage":"pt-PT","@id":"https:\/\/estadocomarte.pt\/site\/2025\/07\/12\/da-inteligencia-artificial-a-saude-mental\/#primaryimage","url":"https:\/\/estadocomarte.pt\/site\/wp-content\/uploads\/2023\/08\/Rui-Goncalves.jpg","contentUrl":"https:\/\/estadocomarte.pt\/site\/wp-content\/uploads\/2023\/08\/Rui-Goncalves.jpg","width":536,"height":632,"caption":"Rui Gon\u00e7alvez"},{"@type":"BreadcrumbList","@id":"https:\/\/estadocomarte.pt\/site\/2025\/07\/12\/da-inteligencia-artificial-a-saude-mental\/#breadcrumb","itemListElement":[{"@type":"ListItem","position":1,"name":"In\u00edcio","item":"https:\/\/estadocomarte.pt\/site\/"},{"@type":"ListItem","position":2,"name":"DA INTELIG\u00caNCIA ARTIFICIAL \u00c0 SA\u00daDE MENTAL"}]},{"@type":"WebSite","@id":"https:\/\/estadocomarte.pt\/site\/#website","url":"https:\/\/estadocomarte.pt\/site\/","name":"Estado com Arte Magazine","description":"Magazine","publisher":{"@id":"https:\/\/estadocomarte.pt\/site\/#organization"},"alternateName":"Magazine semanal sobre pol\u00edtica e cultura, com autores, opini\u00e3o e cr\u00edticas.","potentialAction":[{"@type":"SearchAction","target":{"@type":"EntryPoint","urlTemplate":"https:\/\/estadocomarte.pt\/site\/?s={search_term_string}"},"query-input":{"@type":"PropertyValueSpecification","valueRequired":true,"valueName":"search_term_string"}}],"inLanguage":"pt-PT"},{"@type":"Organization","@id":"https:\/\/estadocomarte.pt\/site\/#organization","name":"Estado com Arte Magazine","alternateName":"Magazine semanal sobre pol\u00edtica e cultura, com autores, opini\u00e3o e cr\u00edticas.","url":"https:\/\/estadocomarte.pt\/site\/","logo":{"@type":"ImageObject","inLanguage":"pt-PT","@id":"https:\/\/estadocomarte.pt\/site\/#\/schema\/logo\/image\/","url":"https:\/\/estadocomarte.pt\/site\/wp-content\/uploads\/2023\/06\/cropped-cropped-Prancheta-2@2x-100.jpg","contentUrl":"https:\/\/estadocomarte.pt\/site\/wp-content\/uploads\/2023\/06\/cropped-cropped-Prancheta-2@2x-100.jpg","width":1777,"height":592,"caption":"Estado com Arte Magazine"},"image":{"@id":"https:\/\/estadocomarte.pt\/site\/#\/schema\/logo\/image\/"},"sameAs":["https:\/\/www.instagram.com\/estadocomartemagazine"]},{"@type":"Person","@id":"https:\/\/estadocomarte.pt\/site\/#\/schema\/person\/c0943a071216c1e5b21f85304151e4ba","name":"admin","image":{"@type":"ImageObject","inLanguage":"pt-PT","@id":"https:\/\/estadocomarte.pt\/site\/#\/schema\/person\/image\/","url":"https:\/\/secure.gravatar.com\/avatar\/e6f378fd6914c8505d3e1d40f51fa953b21bab0f3a5658a33bc84cb5bda780f9?s=96&d=mm&r=g","contentUrl":"https:\/\/secure.gravatar.com\/avatar\/e6f378fd6914c8505d3e1d40f51fa953b21bab0f3a5658a33bc84cb5bda780f9?s=96&d=mm&r=g","caption":"admin"},"sameAs":["https:\/\/estadocomarte.pt\/site"],"url":"https:\/\/estadocomarte.pt\/site\/author\/admin\/"}]}},"_links":{"self":[{"href":"https:\/\/estadocomarte.pt\/site\/wp-json\/wp\/v2\/posts\/10200","targetHints":{"allow":["GET"]}}],"collection":[{"href":"https:\/\/estadocomarte.pt\/site\/wp-json\/wp\/v2\/posts"}],"about":[{"href":"https:\/\/estadocomarte.pt\/site\/wp-json\/wp\/v2\/types\/post"}],"author":[{"embeddable":true,"href":"https:\/\/estadocomarte.pt\/site\/wp-json\/wp\/v2\/users\/1"}],"replies":[{"embeddable":true,"href":"https:\/\/estadocomarte.pt\/site\/wp-json\/wp\/v2\/comments?post=10200"}],"version-history":[{"count":2,"href":"https:\/\/estadocomarte.pt\/site\/wp-json\/wp\/v2\/posts\/10200\/revisions"}],"predecessor-version":[{"id":10203,"href":"https:\/\/estadocomarte.pt\/site\/wp-json\/wp\/v2\/posts\/10200\/revisions\/10203"}],"wp:featuredmedia":[{"embeddable":true,"href":"https:\/\/estadocomarte.pt\/site\/wp-json\/wp\/v2\/media\/2202"}],"wp:attachment":[{"href":"https:\/\/estadocomarte.pt\/site\/wp-json\/wp\/v2\/media?parent=10200"}],"wp:term":[{"taxonomy":"category","embeddable":true,"href":"https:\/\/estadocomarte.pt\/site\/wp-json\/wp\/v2\/categories?post=10200"},{"taxonomy":"post_tag","embeddable":true,"href":"https:\/\/estadocomarte.pt\/site\/wp-json\/wp\/v2\/tags?post=10200"}],"curies":[{"name":"wp","href":"https:\/\/api.w.org\/{rel}","templated":true}]}}