{"id":10217,"date":"2025-07-13T13:47:29","date_gmt":"2025-07-13T13:47:29","guid":{"rendered":"https:\/\/estadocomarte.pt\/site\/?p=10217"},"modified":"2025-07-13T14:56:41","modified_gmt":"2025-07-13T14:56:41","slug":"gaza","status":"publish","type":"post","link":"https:\/\/estadocomarte.pt\/site\/2025\/07\/13\/gaza\/","title":{"rendered":"Gaza"},"content":{"rendered":"<p><strong>Se \u00e9 inequ\u00edvoco que Israel tem o direito de continuar as opera\u00e7\u00f5es militares at\u00e9 \u00e0 liberta\u00e7\u00e3o de todos os ref\u00e9ns, a forma como as mesmas t\u00eam sido conduzidas \u00e9 deplor\u00e1vel, assim como o aproveitamento da situa\u00e7\u00e3o, n\u00e3o s\u00f3 para assegurar a sobreviv\u00eancia do actual governo israelita, mas tamb\u00e9m para promover os seus planos de apropria\u00e7\u00e3o de mais territ\u00f3rio palestiniano. E at\u00e9 custa a crer que os servi\u00e7os de informa\u00e7\u00e3o militar de Israel, cuja efici\u00eancia \u00e9 not\u00f3ria, ainda n\u00e3o tenham ainda conseguido localizar os ref\u00e9ns em falta.<\/strong><\/p>\n<p>O conflito em Gaza e arredores tem ultrapassado todos os limites no que se refere ao grau de viol\u00eancia, crueldade, n\u00famero de mortes civis, e fome, entre outras calamidades.<\/p>\n<p>\u00c9 particularmente doloroso ver que estes cataclismos se abatem sobre uma popula\u00e7\u00e3o muito jovem, e praticamente indefesa.<\/p>\n<p>Pessoalmente, sempre fui mais pro-israelita do que pro-palestiniano, desde logo porque Israel \u00e9 uma democracia de tipo ocidental, e a palestina um territ\u00f3rio governado por grupos extremistas manipulados pelo Ir\u00e3o, com tudo o que esta diferen\u00e7a importa, como os n\u00edveis das liberdades pol\u00edticas e religiosas, e os direitos das mulheres, entre outros.<\/p>\n<p>Mas ainda que Israel tenha raz\u00e3o em afirmar que o Hamas se apropria da ajuda humanit\u00e1ria e usa a popula\u00e7\u00e3o como escudos humanos, disfar\u00e7ando os seus activos militares em hospitais, campos de refugiados, instala\u00e7\u00f5es da ONU, e ambul\u00e2ncias, \u00e9 imposs\u00edvel continuar a ignorar o desmesurado grau de viol\u00eancia empregue por Israel, e de desconsidera\u00e7\u00e3o pelo enorme sofrimento imposto \u00e0 popula\u00e7\u00e3o civil de Gaza desde o in\u00edcio do conflito.<\/p>\n<p>Se \u00e9 inequ\u00edvoco que Israel tem o direito de continuar as opera\u00e7\u00f5es militares at\u00e9 \u00e0 liberta\u00e7\u00e3o de todos os ref\u00e9ns, a forma como as mesmas t\u00eam sido conduzidas \u00e9 deplor\u00e1vel,\u00a0 assim como o aproveitamento da situa\u00e7\u00e3o, n\u00e3o s\u00f3 para assegurar a sobreviv\u00eancia do actual governo israelita, mas tamb\u00e9m para promover os seus planos de apropria\u00e7\u00e3o de mais territ\u00f3rio palestiniano. E at\u00e9 custa a crer que os servi\u00e7os de informa\u00e7\u00e3o militar de Israel, cuja efici\u00eancia \u00e9 not\u00f3ria, ainda n\u00e3o tenham ainda conseguido localizar os ref\u00e9ns em falta.<\/p>\n<p>Por outro lado, n\u00e3o s\u00f3 o desprezo pelos danos colaterais, como os recentes epis\u00f3dios de disparos contra civis palestinianos junto dos pontos de entrega de ajuda humanit\u00e1ria, parecem dar raz\u00e3o \u00e0s acusa\u00e7\u00f5es de genoc\u00eddio, relativamente \u00e0s quais at\u00e9 aqui tenho sido c\u00e9ptico.<\/p>\n<p>Ao contr\u00e1rio da palestina, Israel \u00e9 uma democracia em que quer o sistema pol\u00edtico, quer o sistema judicial funcionam, ao abrigo da separa\u00e7\u00e3o de poderes. Provas disso s\u00e3o a oposi\u00e7\u00e3o pol\u00edtica que o governo enfrenta, e tamb\u00e9m os processos criminais que amea\u00e7am o primeiro-ministro.<\/p>\n<p>No entanto, o actual governo israelita \u00e9 extremista e militarista, e n\u00e3o se sentir\u00e1 inclinado para procurar a paz, enquanto Israel estiver numa posi\u00e7\u00e3o de vantagem no plano militar, e gozar do apoio praticamente incondicional dos Estados Unidos. A situa\u00e7\u00e3o em Gaza dever\u00e1, por isso manter-se inalterada at\u00e9 \u00e0 queda do governo israelita, ou da administra\u00e7\u00e3o Trump.<\/p>\n<p>A Uni\u00e3o Europeia n\u00e3o tem condi\u00e7\u00f5es de pressionar Trump, mas tem condi\u00e7\u00f5es de pressionar Israel no plano econ\u00f3mico e diplom\u00e1tico, nomeadamente com san\u00e7\u00f5es, o que dever\u00e1 fazer, exigindo a Israel o cumprimento das leis da guerra, e o fim da sua expans\u00e3o territorial em detrimento dos palestinianos.<\/p>\n","protected":false},"excerpt":{"rendered":"<p>Nuno Lumbrales,<br \/>\nAdvogado<\/p>\n","protected":false},"author":1,"featured_media":3539,"comment_status":"open","ping_status":"open","sticky":false,"template":"","format":"standard","meta":{"site-sidebar-layout":"default","site-content-layout":"default","ast-global-header-display":"","ast-banner-title-visibility":"","ast-main-header-display":"","ast-hfb-above-header-display":"","ast-hfb-below-header-display":"","ast-hfb-mobile-header-display":"","site-post-title":"","ast-breadcrumbs-content":"","ast-featured-img":"","footer-sml-layout":"","theme-transparent-header-meta":"default","adv-header-id-meta":"","stick-header-meta":"","header-above-stick-meta":"","header-main-stick-meta":"","header-below-stick-meta":"","footnotes":""},"categories":[54,64],"tags":[993,326],"class_list":["post-10217","post","type-post","status-publish","format-standard","has-post-thumbnail","hentry","category-bolha-mediatica","category-isto-para-nos","tag-gaza-israel","tag-nuno-lumbrales"],"yoast_head":"<!-- This site is optimized with the Yoast SEO plugin v25.1 - https:\/\/yoast.com\/wordpress\/plugins\/seo\/ -->\n<title>Gaza - Estado com Arte<\/title>\n<meta name=\"robots\" content=\"index, follow, max-snippet:-1, max-image-preview:large, max-video-preview:-1\" \/>\n<link rel=\"canonical\" href=\"https:\/\/estadocomarte.pt\/site\/2025\/07\/13\/gaza\/\" \/>\n<meta property=\"og:locale\" content=\"pt_PT\" \/>\n<meta property=\"og:type\" content=\"article\" \/>\n<meta property=\"og:title\" content=\"Gaza - Estado com Arte\" \/>\n<meta property=\"og:description\" content=\"Nuno Lumbrales, Advogado\" \/>\n<meta property=\"og:url\" content=\"https:\/\/estadocomarte.pt\/site\/2025\/07\/13\/gaza\/\" \/>\n<meta property=\"og:site_name\" content=\"Estado com Arte\" \/>\n<meta property=\"article:published_time\" content=\"2025-07-13T13:47:29+00:00\" \/>\n<meta property=\"article:modified_time\" content=\"2025-07-13T14:56:41+00:00\" \/>\n<meta property=\"og:image\" content=\"https:\/\/estadocomarte.pt\/site\/wp-content\/uploads\/2023\/12\/Nunolembralles.png\" \/>\n\t<meta property=\"og:image:width\" content=\"400\" \/>\n\t<meta property=\"og:image:height\" content=\"600\" \/>\n\t<meta property=\"og:image:type\" content=\"image\/png\" \/>\n<meta name=\"author\" content=\"admin\" \/>\n<meta name=\"twitter:card\" content=\"summary_large_image\" \/>\n<meta name=\"twitter:label1\" content=\"Escrito por\" \/>\n\t<meta name=\"twitter:data1\" content=\"admin\" \/>\n\t<meta name=\"twitter:label2\" content=\"Tempo estimado de leitura\" \/>\n\t<meta name=\"twitter:data2\" content=\"4 minutos\" \/>\n<script type=\"application\/ld+json\" class=\"yoast-schema-graph\">{\"@context\":\"https:\/\/schema.org\",\"@graph\":[{\"@type\":\"Article\",\"@id\":\"https:\/\/estadocomarte.pt\/site\/2025\/07\/13\/gaza\/#article\",\"isPartOf\":{\"@id\":\"https:\/\/estadocomarte.pt\/site\/2025\/07\/13\/gaza\/\"},\"author\":{\"name\":\"admin\",\"@id\":\"https:\/\/estadocomarte.pt\/site\/#\/schema\/person\/c0943a071216c1e5b21f85304151e4ba\"},\"headline\":\"Gaza\",\"datePublished\":\"2025-07-13T13:47:29+00:00\",\"dateModified\":\"2025-07-13T14:56:41+00:00\",\"mainEntityOfPage\":{\"@id\":\"https:\/\/estadocomarte.pt\/site\/2025\/07\/13\/gaza\/\"},\"wordCount\":596,\"commentCount\":0,\"publisher\":{\"@id\":\"https:\/\/estadocomarte.pt\/site\/#organization\"},\"image\":{\"@id\":\"https:\/\/estadocomarte.pt\/site\/2025\/07\/13\/gaza\/#primaryimage\"},\"thumbnailUrl\":\"https:\/\/estadocomarte.pt\/site\/wp-content\/uploads\/2023\/12\/Nunolembralles.png\",\"keywords\":[\"gaza. israel\",\"nuno lumbrales\"],\"articleSection\":[\"Bolha Medi\u00e1tica\",\"Isto Para N\u00f3s\"],\"inLanguage\":\"pt-PT\",\"potentialAction\":[{\"@type\":\"CommentAction\",\"name\":\"Comment\",\"target\":[\"https:\/\/estadocomarte.pt\/site\/2025\/07\/13\/gaza\/#respond\"]}]},{\"@type\":\"WebPage\",\"@id\":\"https:\/\/estadocomarte.pt\/site\/2025\/07\/13\/gaza\/\",\"url\":\"https:\/\/estadocomarte.pt\/site\/2025\/07\/13\/gaza\/\",\"name\":\"Gaza - Estado com Arte\",\"isPartOf\":{\"@id\":\"https:\/\/estadocomarte.pt\/site\/#website\"},\"primaryImageOfPage\":{\"@id\":\"https:\/\/estadocomarte.pt\/site\/2025\/07\/13\/gaza\/#primaryimage\"},\"image\":{\"@id\":\"https:\/\/estadocomarte.pt\/site\/2025\/07\/13\/gaza\/#primaryimage\"},\"thumbnailUrl\":\"https:\/\/estadocomarte.pt\/site\/wp-content\/uploads\/2023\/12\/Nunolembralles.png\",\"datePublished\":\"2025-07-13T13:47:29+00:00\",\"dateModified\":\"2025-07-13T14:56:41+00:00\",\"breadcrumb\":{\"@id\":\"https:\/\/estadocomarte.pt\/site\/2025\/07\/13\/gaza\/#breadcrumb\"},\"inLanguage\":\"pt-PT\",\"potentialAction\":[{\"@type\":\"ReadAction\",\"target\":[\"https:\/\/estadocomarte.pt\/site\/2025\/07\/13\/gaza\/\"]}]},{\"@type\":\"ImageObject\",\"inLanguage\":\"pt-PT\",\"@id\":\"https:\/\/estadocomarte.pt\/site\/2025\/07\/13\/gaza\/#primaryimage\",\"url\":\"https:\/\/estadocomarte.pt\/site\/wp-content\/uploads\/2023\/12\/Nunolembralles.png\",\"contentUrl\":\"https:\/\/estadocomarte.pt\/site\/wp-content\/uploads\/2023\/12\/Nunolembralles.png\",\"width\":400,\"height\":600},{\"@type\":\"BreadcrumbList\",\"@id\":\"https:\/\/estadocomarte.pt\/site\/2025\/07\/13\/gaza\/#breadcrumb\",\"itemListElement\":[{\"@type\":\"ListItem\",\"position\":1,\"name\":\"In\u00edcio\",\"item\":\"https:\/\/estadocomarte.pt\/site\/\"},{\"@type\":\"ListItem\",\"position\":2,\"name\":\"Gaza\"}]},{\"@type\":\"WebSite\",\"@id\":\"https:\/\/estadocomarte.pt\/site\/#website\",\"url\":\"https:\/\/estadocomarte.pt\/site\/\",\"name\":\"Estado com Arte Magazine\",\"description\":\"Magazine\",\"publisher\":{\"@id\":\"https:\/\/estadocomarte.pt\/site\/#organization\"},\"alternateName\":\"Magazine semanal sobre pol\u00edtica e cultura, com autores, opini\u00e3o e cr\u00edticas.\",\"potentialAction\":[{\"@type\":\"SearchAction\",\"target\":{\"@type\":\"EntryPoint\",\"urlTemplate\":\"https:\/\/estadocomarte.pt\/site\/?s={search_term_string}\"},\"query-input\":{\"@type\":\"PropertyValueSpecification\",\"valueRequired\":true,\"valueName\":\"search_term_string\"}}],\"inLanguage\":\"pt-PT\"},{\"@type\":\"Organization\",\"@id\":\"https:\/\/estadocomarte.pt\/site\/#organization\",\"name\":\"Estado com Arte Magazine\",\"alternateName\":\"Magazine semanal sobre pol\u00edtica e cultura, com autores, opini\u00e3o e cr\u00edticas.\",\"url\":\"https:\/\/estadocomarte.pt\/site\/\",\"logo\":{\"@type\":\"ImageObject\",\"inLanguage\":\"pt-PT\",\"@id\":\"https:\/\/estadocomarte.pt\/site\/#\/schema\/logo\/image\/\",\"url\":\"https:\/\/estadocomarte.pt\/site\/wp-content\/uploads\/2023\/06\/cropped-cropped-Prancheta-2@2x-100.jpg\",\"contentUrl\":\"https:\/\/estadocomarte.pt\/site\/wp-content\/uploads\/2023\/06\/cropped-cropped-Prancheta-2@2x-100.jpg\",\"width\":1777,\"height\":592,\"caption\":\"Estado com Arte Magazine\"},\"image\":{\"@id\":\"https:\/\/estadocomarte.pt\/site\/#\/schema\/logo\/image\/\"},\"sameAs\":[\"https:\/\/www.instagram.com\/estadocomartemagazine\"]},{\"@type\":\"Person\",\"@id\":\"https:\/\/estadocomarte.pt\/site\/#\/schema\/person\/c0943a071216c1e5b21f85304151e4ba\",\"name\":\"admin\",\"image\":{\"@type\":\"ImageObject\",\"inLanguage\":\"pt-PT\",\"@id\":\"https:\/\/estadocomarte.pt\/site\/#\/schema\/person\/image\/\",\"url\":\"https:\/\/secure.gravatar.com\/avatar\/e6f378fd6914c8505d3e1d40f51fa953b21bab0f3a5658a33bc84cb5bda780f9?s=96&d=mm&r=g\",\"contentUrl\":\"https:\/\/secure.gravatar.com\/avatar\/e6f378fd6914c8505d3e1d40f51fa953b21bab0f3a5658a33bc84cb5bda780f9?s=96&d=mm&r=g\",\"caption\":\"admin\"},\"sameAs\":[\"https:\/\/estadocomarte.pt\/site\"],\"url\":\"https:\/\/estadocomarte.pt\/site\/author\/admin\/\"}]}<\/script>\n<!-- \/ Yoast SEO plugin. -->","yoast_head_json":{"title":"Gaza - Estado com Arte","robots":{"index":"index","follow":"follow","max-snippet":"max-snippet:-1","max-image-preview":"max-image-preview:large","max-video-preview":"max-video-preview:-1"},"canonical":"https:\/\/estadocomarte.pt\/site\/2025\/07\/13\/gaza\/","og_locale":"pt_PT","og_type":"article","og_title":"Gaza - Estado com Arte","og_description":"Nuno Lumbrales, Advogado","og_url":"https:\/\/estadocomarte.pt\/site\/2025\/07\/13\/gaza\/","og_site_name":"Estado com Arte","article_published_time":"2025-07-13T13:47:29+00:00","article_modified_time":"2025-07-13T14:56:41+00:00","og_image":[{"width":400,"height":600,"url":"https:\/\/estadocomarte.pt\/site\/wp-content\/uploads\/2023\/12\/Nunolembralles.png","type":"image\/png"}],"author":"admin","twitter_card":"summary_large_image","twitter_misc":{"Escrito por":"admin","Tempo estimado de leitura":"4 minutos"},"schema":{"@context":"https:\/\/schema.org","@graph":[{"@type":"Article","@id":"https:\/\/estadocomarte.pt\/site\/2025\/07\/13\/gaza\/#article","isPartOf":{"@id":"https:\/\/estadocomarte.pt\/site\/2025\/07\/13\/gaza\/"},"author":{"name":"admin","@id":"https:\/\/estadocomarte.pt\/site\/#\/schema\/person\/c0943a071216c1e5b21f85304151e4ba"},"headline":"Gaza","datePublished":"2025-07-13T13:47:29+00:00","dateModified":"2025-07-13T14:56:41+00:00","mainEntityOfPage":{"@id":"https:\/\/estadocomarte.pt\/site\/2025\/07\/13\/gaza\/"},"wordCount":596,"commentCount":0,"publisher":{"@id":"https:\/\/estadocomarte.pt\/site\/#organization"},"image":{"@id":"https:\/\/estadocomarte.pt\/site\/2025\/07\/13\/gaza\/#primaryimage"},"thumbnailUrl":"https:\/\/estadocomarte.pt\/site\/wp-content\/uploads\/2023\/12\/Nunolembralles.png","keywords":["gaza. israel","nuno lumbrales"],"articleSection":["Bolha Medi\u00e1tica","Isto Para N\u00f3s"],"inLanguage":"pt-PT","potentialAction":[{"@type":"CommentAction","name":"Comment","target":["https:\/\/estadocomarte.pt\/site\/2025\/07\/13\/gaza\/#respond"]}]},{"@type":"WebPage","@id":"https:\/\/estadocomarte.pt\/site\/2025\/07\/13\/gaza\/","url":"https:\/\/estadocomarte.pt\/site\/2025\/07\/13\/gaza\/","name":"Gaza - Estado com Arte","isPartOf":{"@id":"https:\/\/estadocomarte.pt\/site\/#website"},"primaryImageOfPage":{"@id":"https:\/\/estadocomarte.pt\/site\/2025\/07\/13\/gaza\/#primaryimage"},"image":{"@id":"https:\/\/estadocomarte.pt\/site\/2025\/07\/13\/gaza\/#primaryimage"},"thumbnailUrl":"https:\/\/estadocomarte.pt\/site\/wp-content\/uploads\/2023\/12\/Nunolembralles.png","datePublished":"2025-07-13T13:47:29+00:00","dateModified":"2025-07-13T14:56:41+00:00","breadcrumb":{"@id":"https:\/\/estadocomarte.pt\/site\/2025\/07\/13\/gaza\/#breadcrumb"},"inLanguage":"pt-PT","potentialAction":[{"@type":"ReadAction","target":["https:\/\/estadocomarte.pt\/site\/2025\/07\/13\/gaza\/"]}]},{"@type":"ImageObject","inLanguage":"pt-PT","@id":"https:\/\/estadocomarte.pt\/site\/2025\/07\/13\/gaza\/#primaryimage","url":"https:\/\/estadocomarte.pt\/site\/wp-content\/uploads\/2023\/12\/Nunolembralles.png","contentUrl":"https:\/\/estadocomarte.pt\/site\/wp-content\/uploads\/2023\/12\/Nunolembralles.png","width":400,"height":600},{"@type":"BreadcrumbList","@id":"https:\/\/estadocomarte.pt\/site\/2025\/07\/13\/gaza\/#breadcrumb","itemListElement":[{"@type":"ListItem","position":1,"name":"In\u00edcio","item":"https:\/\/estadocomarte.pt\/site\/"},{"@type":"ListItem","position":2,"name":"Gaza"}]},{"@type":"WebSite","@id":"https:\/\/estadocomarte.pt\/site\/#website","url":"https:\/\/estadocomarte.pt\/site\/","name":"Estado com Arte Magazine","description":"Magazine","publisher":{"@id":"https:\/\/estadocomarte.pt\/site\/#organization"},"alternateName":"Magazine semanal sobre pol\u00edtica e cultura, com autores, opini\u00e3o e cr\u00edticas.","potentialAction":[{"@type":"SearchAction","target":{"@type":"EntryPoint","urlTemplate":"https:\/\/estadocomarte.pt\/site\/?s={search_term_string}"},"query-input":{"@type":"PropertyValueSpecification","valueRequired":true,"valueName":"search_term_string"}}],"inLanguage":"pt-PT"},{"@type":"Organization","@id":"https:\/\/estadocomarte.pt\/site\/#organization","name":"Estado com Arte Magazine","alternateName":"Magazine semanal sobre pol\u00edtica e cultura, com autores, opini\u00e3o e cr\u00edticas.","url":"https:\/\/estadocomarte.pt\/site\/","logo":{"@type":"ImageObject","inLanguage":"pt-PT","@id":"https:\/\/estadocomarte.pt\/site\/#\/schema\/logo\/image\/","url":"https:\/\/estadocomarte.pt\/site\/wp-content\/uploads\/2023\/06\/cropped-cropped-Prancheta-2@2x-100.jpg","contentUrl":"https:\/\/estadocomarte.pt\/site\/wp-content\/uploads\/2023\/06\/cropped-cropped-Prancheta-2@2x-100.jpg","width":1777,"height":592,"caption":"Estado com Arte Magazine"},"image":{"@id":"https:\/\/estadocomarte.pt\/site\/#\/schema\/logo\/image\/"},"sameAs":["https:\/\/www.instagram.com\/estadocomartemagazine"]},{"@type":"Person","@id":"https:\/\/estadocomarte.pt\/site\/#\/schema\/person\/c0943a071216c1e5b21f85304151e4ba","name":"admin","image":{"@type":"ImageObject","inLanguage":"pt-PT","@id":"https:\/\/estadocomarte.pt\/site\/#\/schema\/person\/image\/","url":"https:\/\/secure.gravatar.com\/avatar\/e6f378fd6914c8505d3e1d40f51fa953b21bab0f3a5658a33bc84cb5bda780f9?s=96&d=mm&r=g","contentUrl":"https:\/\/secure.gravatar.com\/avatar\/e6f378fd6914c8505d3e1d40f51fa953b21bab0f3a5658a33bc84cb5bda780f9?s=96&d=mm&r=g","caption":"admin"},"sameAs":["https:\/\/estadocomarte.pt\/site"],"url":"https:\/\/estadocomarte.pt\/site\/author\/admin\/"}]}},"_links":{"self":[{"href":"https:\/\/estadocomarte.pt\/site\/wp-json\/wp\/v2\/posts\/10217","targetHints":{"allow":["GET"]}}],"collection":[{"href":"https:\/\/estadocomarte.pt\/site\/wp-json\/wp\/v2\/posts"}],"about":[{"href":"https:\/\/estadocomarte.pt\/site\/wp-json\/wp\/v2\/types\/post"}],"author":[{"embeddable":true,"href":"https:\/\/estadocomarte.pt\/site\/wp-json\/wp\/v2\/users\/1"}],"replies":[{"embeddable":true,"href":"https:\/\/estadocomarte.pt\/site\/wp-json\/wp\/v2\/comments?post=10217"}],"version-history":[{"count":4,"href":"https:\/\/estadocomarte.pt\/site\/wp-json\/wp\/v2\/posts\/10217\/revisions"}],"predecessor-version":[{"id":10226,"href":"https:\/\/estadocomarte.pt\/site\/wp-json\/wp\/v2\/posts\/10217\/revisions\/10226"}],"wp:featuredmedia":[{"embeddable":true,"href":"https:\/\/estadocomarte.pt\/site\/wp-json\/wp\/v2\/media\/3539"}],"wp:attachment":[{"href":"https:\/\/estadocomarte.pt\/site\/wp-json\/wp\/v2\/media?parent=10217"}],"wp:term":[{"taxonomy":"category","embeddable":true,"href":"https:\/\/estadocomarte.pt\/site\/wp-json\/wp\/v2\/categories?post=10217"},{"taxonomy":"post_tag","embeddable":true,"href":"https:\/\/estadocomarte.pt\/site\/wp-json\/wp\/v2\/tags?post=10217"}],"curies":[{"name":"wp","href":"https:\/\/api.w.org\/{rel}","templated":true}]}}