{"id":10289,"date":"2025-07-19T14:04:57","date_gmt":"2025-07-19T14:04:57","guid":{"rendered":"https:\/\/estadocomarte.pt\/site\/?p=10289"},"modified":"2025-07-19T14:11:12","modified_gmt":"2025-07-19T14:11:12","slug":"cancao-de-morte-em-gaza","status":"publish","type":"post","link":"https:\/\/estadocomarte.pt\/site\/2025\/07\/19\/cancao-de-morte-em-gaza\/","title":{"rendered":"Can\u00e7\u00e3o de Morte em Gaza"},"content":{"rendered":"<p><strong>Israel prop\u00f5e tamb\u00e9m a constru\u00e7\u00e3o de um campo maci\u00e7o com o envio de dezenas de milhares de palestinianos, a fim de os separar do Hamas. Os funcion\u00e1rios israelitas chamam-lhe &#8220;cidade humanit\u00e1ria&#8221;. Apesar do t\u00edtulo atrativo, esta cidade representa a fase inicial de um \u00eaxodo em massa conduzido por Israel, para o que se poderia descrever como &#8220;campos de concentra\u00e7\u00e3o&#8221; adjacentes \u00e0 fronteira eg\u00edpcia.\u00a0<\/strong><\/p>\n<p>Desde o in\u00edcio da guerra em Gaza, em outubro de 2023, pelo menos 57.882 palestinianos foram mortos, a maioria mulheres e crian\u00e7as, segundo o Minist\u00e9rio da Sa\u00fade palestiniano. O n\u00famero de mortos continua a aumentar quase diariamente, no meio das dificuldades que enfrentam as negocia\u00e7\u00f5es de cessar-fogo entre Israel e o Hamas, com o apoio do Egito, do Qatar e dos Estados Unidos.<\/p>\n<p>Estas negocia\u00e7\u00f5es parecem limitar-se a quatro pontos: um acordo sobre um cessar-fogo e um calend\u00e1rio para a sua aplica\u00e7\u00e3o; a troca de prisioneiros e detidos; mecanismos para a entrada de ajuda humanit\u00e1ria; e disposi\u00e7\u00f5es de seguran\u00e7a e controlo internacional da aplica\u00e7\u00e3o.<\/p>\n<p>Apesar dos esfor\u00e7os meticulosos do Egito para evitar a escalada do conflito, dada a proximidade da sua fronteira oriental, os ataques israelitas come\u00e7aram recentemente a assumir uma escalada perigosa, visando locais de culto, como o bombardeamento da Igreja Cat\u00f3lica da Sagrada Fam\u00edlia na Cidade Velha de Gaza.<\/p>\n<p>No meio desta tens\u00e3o, o Primeiro-Ministro do Qatar, Mohammed bin Abdulrahman Al Thani, e o Diretor-Geral dos Servi\u00e7os Secretos eg\u00edpcios, General Hassan Rashad, em coordena\u00e7\u00e3o com o enviado dos EUA, Steve Witkoff, est\u00e3o a enviar esfor\u00e7os para ultrapassar os obst\u00e1culos \u00e0s negocia\u00e7\u00f5es entre as partes envolvidas.<br \/>\nDo lado israelita, os relat\u00f3rios indicam que Telavive apresentou mapas que mant\u00eam a sua ocupa\u00e7\u00e3o de cerca de 40% da Faixa de Gaza, incluindo o eixo de Morag que se estende entre Rafah e Khan Yunis.<\/p>\n<p>O Hamas rejeita esta ideia, considerando-a uma tentativa do primeiro-ministro israelita Benjamin Netanyahu de prolongar o conflito com o objetivo de obter ganhos internos para o seu governo. No entanto, h\u00e1 informa\u00e7\u00f5es que indicam que os esfor\u00e7os Eg\u00edto-Qatar conseguiram reduzir o fosso entre as partes palestiniana e israelita, com o apoio dos EUA. Embora Israel e o Hamas prossigam as conversa\u00e7\u00f5es na capital do Qatar, uma quest\u00e3o fundamental continua por resolver: a exig\u00eancia de Israel de manter as suas for\u00e7as na faixa de terra que atravessa o sul de Gaza, que o ex\u00e9rcito israelita tomou h\u00e1 alguns meses. Isto amea\u00e7a desencadear um novo conflito com o Egito, desta vez a p\u00f4r em causa o acordo de paz entre o Cairo e Telavive, em vigor desde 1979.<\/p>\n<p>Israel prop\u00f5e tamb\u00e9m a constru\u00e7\u00e3o de um campo maci\u00e7o com o envio de dezenas de milhares de palestinianos, a fim de os separar do Hamas. Os funcion\u00e1rios israelitas chamam-lhe &#8220;cidade humanit\u00e1ria&#8221;. Apesar do t\u00edtulo atrativo, esta cidade representa a fase inicial de um \u00eaxodo em massa conduzido por Israel para o que se poderia descrever como &#8220;campos de concentra\u00e7\u00e3o&#8221; adjacentes \u00e0 fronteira eg\u00edpcia. Os palestinianos receiam que este seja apenas um passo em dire\u00e7\u00e3o ao objetivo de Israel de for\u00e7ar os habitantes de Gaza a abandonar a Faixa de Gaza de forma permanente.<\/p>\n<p>No que diz respeito ao papel americano, o t\u00e3o esperado encontro entre Donald Trump e o Primeiro-Ministro israelita Benjamin Netanyahu, o terceiro este ano, parece n\u00e3o ter conseguido fazer avan\u00e7ar a agulha no sentido de um cessar-fogo em Gaza, embora ambas as partes tenham manifestado otimismo quanto \u00e0 possibilidade de um acordo dentro de dias.<\/p>\n<p>A situa\u00e7\u00e3o na Faixa de Gaza est\u00e1 a tornar-se cada vez mais complexa, com a popula\u00e7\u00e3o a enfrentar uma campanha de genoc\u00eddio e de fome, que a deixa sem esperan\u00e7a de sobreviv\u00eancia, como se cantasse um hino coletivo de morte, apesar de todos os esfor\u00e7os feitos pelo Egito e pelo Qatar para chegar a um acordo que lhe conceda o direito de viver e permanecer na sua terra.<\/p>\n","protected":false},"excerpt":{"rendered":"<p>Yasser El-Shazly,<br \/>\nCorrespondente eg\u00edpcio em Lisboa<\/p>\n","protected":false},"author":1,"featured_media":10291,"comment_status":"open","ping_status":"open","sticky":false,"template":"","format":"standard","meta":{"site-sidebar-layout":"default","site-content-layout":"default","ast-global-header-display":"","ast-banner-title-visibility":"","ast-main-header-display":"","ast-hfb-above-header-display":"","ast-hfb-below-header-display":"","ast-hfb-mobile-header-display":"","site-post-title":"","ast-breadcrumbs-content":"","ast-featured-img":"","footer-sml-layout":"","theme-transparent-header-meta":"default","adv-header-id-meta":"","stick-header-meta":"","header-above-stick-meta":"","header-main-stick-meta":"","header-below-stick-meta":"","footnotes":""},"categories":[4],"tags":[1004,185,138,61,94],"class_list":["post-10289","post","type-post","status-publish","format-standard","has-post-thumbnail","hentry","category-politica","tag-atentado","tag-gaza","tag-hamas","tag-igreja-catolica","tag-israel"],"yoast_head":"<!-- This site is optimized with the Yoast SEO plugin v25.1 - https:\/\/yoast.com\/wordpress\/plugins\/seo\/ -->\n<title>Can\u00e7\u00e3o de Morte em Gaza - Estado com Arte<\/title>\n<meta name=\"robots\" content=\"index, follow, max-snippet:-1, max-image-preview:large, max-video-preview:-1\" \/>\n<link rel=\"canonical\" href=\"https:\/\/estadocomarte.pt\/site\/2025\/07\/19\/cancao-de-morte-em-gaza\/\" \/>\n<meta property=\"og:locale\" content=\"pt_PT\" \/>\n<meta property=\"og:type\" content=\"article\" \/>\n<meta property=\"og:title\" content=\"Can\u00e7\u00e3o de Morte em Gaza - Estado com Arte\" \/>\n<meta property=\"og:description\" content=\"Yasser El-Shazly,  Correspondente eg\u00edpcio em Lisboa\" \/>\n<meta property=\"og:url\" content=\"https:\/\/estadocomarte.pt\/site\/2025\/07\/19\/cancao-de-morte-em-gaza\/\" \/>\n<meta property=\"og:site_name\" content=\"Estado com Arte\" \/>\n<meta property=\"article:published_time\" content=\"2025-07-19T14:04:57+00:00\" \/>\n<meta property=\"article:modified_time\" content=\"2025-07-19T14:11:12+00:00\" \/>\n<meta property=\"og:image\" content=\"https:\/\/estadocomarte.pt\/site\/wp-content\/uploads\/2025\/07\/crossGaza.jpeg\" \/>\n\t<meta property=\"og:image:width\" content=\"375\" \/>\n\t<meta property=\"og:image:height\" content=\"358\" \/>\n\t<meta property=\"og:image:type\" content=\"image\/jpeg\" \/>\n<meta name=\"author\" content=\"admin\" \/>\n<meta name=\"twitter:card\" content=\"summary_large_image\" \/>\n<meta name=\"twitter:label1\" content=\"Escrito por\" \/>\n\t<meta name=\"twitter:data1\" content=\"admin\" \/>\n\t<meta name=\"twitter:label2\" content=\"Tempo estimado de leitura\" \/>\n\t<meta name=\"twitter:data2\" content=\"4 minutos\" \/>\n<script type=\"application\/ld+json\" class=\"yoast-schema-graph\">{\"@context\":\"https:\/\/schema.org\",\"@graph\":[{\"@type\":\"Article\",\"@id\":\"https:\/\/estadocomarte.pt\/site\/2025\/07\/19\/cancao-de-morte-em-gaza\/#article\",\"isPartOf\":{\"@id\":\"https:\/\/estadocomarte.pt\/site\/2025\/07\/19\/cancao-de-morte-em-gaza\/\"},\"author\":{\"name\":\"admin\",\"@id\":\"https:\/\/estadocomarte.pt\/site\/#\/schema\/person\/c0943a071216c1e5b21f85304151e4ba\"},\"headline\":\"Can\u00e7\u00e3o de Morte em Gaza\",\"datePublished\":\"2025-07-19T14:04:57+00:00\",\"dateModified\":\"2025-07-19T14:11:12+00:00\",\"mainEntityOfPage\":{\"@id\":\"https:\/\/estadocomarte.pt\/site\/2025\/07\/19\/cancao-de-morte-em-gaza\/\"},\"wordCount\":704,\"commentCount\":0,\"publisher\":{\"@id\":\"https:\/\/estadocomarte.pt\/site\/#organization\"},\"image\":{\"@id\":\"https:\/\/estadocomarte.pt\/site\/2025\/07\/19\/cancao-de-morte-em-gaza\/#primaryimage\"},\"thumbnailUrl\":\"https:\/\/estadocomarte.pt\/site\/wp-content\/uploads\/2025\/07\/crossGaza.jpeg\",\"keywords\":[\"atentado\",\"gaza\",\"Hamas\",\"Igreja Cat\u00f3lica\",\"israel\"],\"articleSection\":[\"Pol\u00edtica\"],\"inLanguage\":\"pt-PT\",\"potentialAction\":[{\"@type\":\"CommentAction\",\"name\":\"Comment\",\"target\":[\"https:\/\/estadocomarte.pt\/site\/2025\/07\/19\/cancao-de-morte-em-gaza\/#respond\"]}]},{\"@type\":\"WebPage\",\"@id\":\"https:\/\/estadocomarte.pt\/site\/2025\/07\/19\/cancao-de-morte-em-gaza\/\",\"url\":\"https:\/\/estadocomarte.pt\/site\/2025\/07\/19\/cancao-de-morte-em-gaza\/\",\"name\":\"Can\u00e7\u00e3o de Morte em Gaza - Estado com Arte\",\"isPartOf\":{\"@id\":\"https:\/\/estadocomarte.pt\/site\/#website\"},\"primaryImageOfPage\":{\"@id\":\"https:\/\/estadocomarte.pt\/site\/2025\/07\/19\/cancao-de-morte-em-gaza\/#primaryimage\"},\"image\":{\"@id\":\"https:\/\/estadocomarte.pt\/site\/2025\/07\/19\/cancao-de-morte-em-gaza\/#primaryimage\"},\"thumbnailUrl\":\"https:\/\/estadocomarte.pt\/site\/wp-content\/uploads\/2025\/07\/crossGaza.jpeg\",\"datePublished\":\"2025-07-19T14:04:57+00:00\",\"dateModified\":\"2025-07-19T14:11:12+00:00\",\"breadcrumb\":{\"@id\":\"https:\/\/estadocomarte.pt\/site\/2025\/07\/19\/cancao-de-morte-em-gaza\/#breadcrumb\"},\"inLanguage\":\"pt-PT\",\"potentialAction\":[{\"@type\":\"ReadAction\",\"target\":[\"https:\/\/estadocomarte.pt\/site\/2025\/07\/19\/cancao-de-morte-em-gaza\/\"]}]},{\"@type\":\"ImageObject\",\"inLanguage\":\"pt-PT\",\"@id\":\"https:\/\/estadocomarte.pt\/site\/2025\/07\/19\/cancao-de-morte-em-gaza\/#primaryimage\",\"url\":\"https:\/\/estadocomarte.pt\/site\/wp-content\/uploads\/2025\/07\/crossGaza.jpeg\",\"contentUrl\":\"https:\/\/estadocomarte.pt\/site\/wp-content\/uploads\/2025\/07\/crossGaza.jpeg\",\"width\":375,\"height\":358},{\"@type\":\"BreadcrumbList\",\"@id\":\"https:\/\/estadocomarte.pt\/site\/2025\/07\/19\/cancao-de-morte-em-gaza\/#breadcrumb\",\"itemListElement\":[{\"@type\":\"ListItem\",\"position\":1,\"name\":\"In\u00edcio\",\"item\":\"https:\/\/estadocomarte.pt\/site\/\"},{\"@type\":\"ListItem\",\"position\":2,\"name\":\"Can\u00e7\u00e3o de Morte em Gaza\"}]},{\"@type\":\"WebSite\",\"@id\":\"https:\/\/estadocomarte.pt\/site\/#website\",\"url\":\"https:\/\/estadocomarte.pt\/site\/\",\"name\":\"Estado com Arte Magazine\",\"description\":\"Magazine\",\"publisher\":{\"@id\":\"https:\/\/estadocomarte.pt\/site\/#organization\"},\"alternateName\":\"Magazine semanal sobre pol\u00edtica e cultura, com autores, opini\u00e3o e cr\u00edticas.\",\"potentialAction\":[{\"@type\":\"SearchAction\",\"target\":{\"@type\":\"EntryPoint\",\"urlTemplate\":\"https:\/\/estadocomarte.pt\/site\/?s={search_term_string}\"},\"query-input\":{\"@type\":\"PropertyValueSpecification\",\"valueRequired\":true,\"valueName\":\"search_term_string\"}}],\"inLanguage\":\"pt-PT\"},{\"@type\":\"Organization\",\"@id\":\"https:\/\/estadocomarte.pt\/site\/#organization\",\"name\":\"Estado com Arte Magazine\",\"alternateName\":\"Magazine semanal sobre pol\u00edtica e cultura, com autores, opini\u00e3o e cr\u00edticas.\",\"url\":\"https:\/\/estadocomarte.pt\/site\/\",\"logo\":{\"@type\":\"ImageObject\",\"inLanguage\":\"pt-PT\",\"@id\":\"https:\/\/estadocomarte.pt\/site\/#\/schema\/logo\/image\/\",\"url\":\"https:\/\/estadocomarte.pt\/site\/wp-content\/uploads\/2023\/06\/cropped-cropped-Prancheta-2@2x-100.jpg\",\"contentUrl\":\"https:\/\/estadocomarte.pt\/site\/wp-content\/uploads\/2023\/06\/cropped-cropped-Prancheta-2@2x-100.jpg\",\"width\":1777,\"height\":592,\"caption\":\"Estado com Arte Magazine\"},\"image\":{\"@id\":\"https:\/\/estadocomarte.pt\/site\/#\/schema\/logo\/image\/\"},\"sameAs\":[\"https:\/\/www.instagram.com\/estadocomartemagazine\"]},{\"@type\":\"Person\",\"@id\":\"https:\/\/estadocomarte.pt\/site\/#\/schema\/person\/c0943a071216c1e5b21f85304151e4ba\",\"name\":\"admin\",\"image\":{\"@type\":\"ImageObject\",\"inLanguage\":\"pt-PT\",\"@id\":\"https:\/\/estadocomarte.pt\/site\/#\/schema\/person\/image\/\",\"url\":\"https:\/\/secure.gravatar.com\/avatar\/e6f378fd6914c8505d3e1d40f51fa953b21bab0f3a5658a33bc84cb5bda780f9?s=96&d=mm&r=g\",\"contentUrl\":\"https:\/\/secure.gravatar.com\/avatar\/e6f378fd6914c8505d3e1d40f51fa953b21bab0f3a5658a33bc84cb5bda780f9?s=96&d=mm&r=g\",\"caption\":\"admin\"},\"sameAs\":[\"https:\/\/estadocomarte.pt\/site\"],\"url\":\"https:\/\/estadocomarte.pt\/site\/author\/admin\/\"}]}<\/script>\n<!-- \/ Yoast SEO plugin. -->","yoast_head_json":{"title":"Can\u00e7\u00e3o de Morte em Gaza - Estado com Arte","robots":{"index":"index","follow":"follow","max-snippet":"max-snippet:-1","max-image-preview":"max-image-preview:large","max-video-preview":"max-video-preview:-1"},"canonical":"https:\/\/estadocomarte.pt\/site\/2025\/07\/19\/cancao-de-morte-em-gaza\/","og_locale":"pt_PT","og_type":"article","og_title":"Can\u00e7\u00e3o de Morte em Gaza - Estado com Arte","og_description":"Yasser El-Shazly,  Correspondente eg\u00edpcio em Lisboa","og_url":"https:\/\/estadocomarte.pt\/site\/2025\/07\/19\/cancao-de-morte-em-gaza\/","og_site_name":"Estado com Arte","article_published_time":"2025-07-19T14:04:57+00:00","article_modified_time":"2025-07-19T14:11:12+00:00","og_image":[{"width":375,"height":358,"url":"https:\/\/estadocomarte.pt\/site\/wp-content\/uploads\/2025\/07\/crossGaza.jpeg","type":"image\/jpeg"}],"author":"admin","twitter_card":"summary_large_image","twitter_misc":{"Escrito por":"admin","Tempo estimado de leitura":"4 minutos"},"schema":{"@context":"https:\/\/schema.org","@graph":[{"@type":"Article","@id":"https:\/\/estadocomarte.pt\/site\/2025\/07\/19\/cancao-de-morte-em-gaza\/#article","isPartOf":{"@id":"https:\/\/estadocomarte.pt\/site\/2025\/07\/19\/cancao-de-morte-em-gaza\/"},"author":{"name":"admin","@id":"https:\/\/estadocomarte.pt\/site\/#\/schema\/person\/c0943a071216c1e5b21f85304151e4ba"},"headline":"Can\u00e7\u00e3o de Morte em Gaza","datePublished":"2025-07-19T14:04:57+00:00","dateModified":"2025-07-19T14:11:12+00:00","mainEntityOfPage":{"@id":"https:\/\/estadocomarte.pt\/site\/2025\/07\/19\/cancao-de-morte-em-gaza\/"},"wordCount":704,"commentCount":0,"publisher":{"@id":"https:\/\/estadocomarte.pt\/site\/#organization"},"image":{"@id":"https:\/\/estadocomarte.pt\/site\/2025\/07\/19\/cancao-de-morte-em-gaza\/#primaryimage"},"thumbnailUrl":"https:\/\/estadocomarte.pt\/site\/wp-content\/uploads\/2025\/07\/crossGaza.jpeg","keywords":["atentado","gaza","Hamas","Igreja Cat\u00f3lica","israel"],"articleSection":["Pol\u00edtica"],"inLanguage":"pt-PT","potentialAction":[{"@type":"CommentAction","name":"Comment","target":["https:\/\/estadocomarte.pt\/site\/2025\/07\/19\/cancao-de-morte-em-gaza\/#respond"]}]},{"@type":"WebPage","@id":"https:\/\/estadocomarte.pt\/site\/2025\/07\/19\/cancao-de-morte-em-gaza\/","url":"https:\/\/estadocomarte.pt\/site\/2025\/07\/19\/cancao-de-morte-em-gaza\/","name":"Can\u00e7\u00e3o de Morte em Gaza - Estado com Arte","isPartOf":{"@id":"https:\/\/estadocomarte.pt\/site\/#website"},"primaryImageOfPage":{"@id":"https:\/\/estadocomarte.pt\/site\/2025\/07\/19\/cancao-de-morte-em-gaza\/#primaryimage"},"image":{"@id":"https:\/\/estadocomarte.pt\/site\/2025\/07\/19\/cancao-de-morte-em-gaza\/#primaryimage"},"thumbnailUrl":"https:\/\/estadocomarte.pt\/site\/wp-content\/uploads\/2025\/07\/crossGaza.jpeg","datePublished":"2025-07-19T14:04:57+00:00","dateModified":"2025-07-19T14:11:12+00:00","breadcrumb":{"@id":"https:\/\/estadocomarte.pt\/site\/2025\/07\/19\/cancao-de-morte-em-gaza\/#breadcrumb"},"inLanguage":"pt-PT","potentialAction":[{"@type":"ReadAction","target":["https:\/\/estadocomarte.pt\/site\/2025\/07\/19\/cancao-de-morte-em-gaza\/"]}]},{"@type":"ImageObject","inLanguage":"pt-PT","@id":"https:\/\/estadocomarte.pt\/site\/2025\/07\/19\/cancao-de-morte-em-gaza\/#primaryimage","url":"https:\/\/estadocomarte.pt\/site\/wp-content\/uploads\/2025\/07\/crossGaza.jpeg","contentUrl":"https:\/\/estadocomarte.pt\/site\/wp-content\/uploads\/2025\/07\/crossGaza.jpeg","width":375,"height":358},{"@type":"BreadcrumbList","@id":"https:\/\/estadocomarte.pt\/site\/2025\/07\/19\/cancao-de-morte-em-gaza\/#breadcrumb","itemListElement":[{"@type":"ListItem","position":1,"name":"In\u00edcio","item":"https:\/\/estadocomarte.pt\/site\/"},{"@type":"ListItem","position":2,"name":"Can\u00e7\u00e3o de Morte em Gaza"}]},{"@type":"WebSite","@id":"https:\/\/estadocomarte.pt\/site\/#website","url":"https:\/\/estadocomarte.pt\/site\/","name":"Estado com Arte Magazine","description":"Magazine","publisher":{"@id":"https:\/\/estadocomarte.pt\/site\/#organization"},"alternateName":"Magazine semanal sobre pol\u00edtica e cultura, com autores, opini\u00e3o e cr\u00edticas.","potentialAction":[{"@type":"SearchAction","target":{"@type":"EntryPoint","urlTemplate":"https:\/\/estadocomarte.pt\/site\/?s={search_term_string}"},"query-input":{"@type":"PropertyValueSpecification","valueRequired":true,"valueName":"search_term_string"}}],"inLanguage":"pt-PT"},{"@type":"Organization","@id":"https:\/\/estadocomarte.pt\/site\/#organization","name":"Estado com Arte Magazine","alternateName":"Magazine semanal sobre pol\u00edtica e cultura, com autores, opini\u00e3o e cr\u00edticas.","url":"https:\/\/estadocomarte.pt\/site\/","logo":{"@type":"ImageObject","inLanguage":"pt-PT","@id":"https:\/\/estadocomarte.pt\/site\/#\/schema\/logo\/image\/","url":"https:\/\/estadocomarte.pt\/site\/wp-content\/uploads\/2023\/06\/cropped-cropped-Prancheta-2@2x-100.jpg","contentUrl":"https:\/\/estadocomarte.pt\/site\/wp-content\/uploads\/2023\/06\/cropped-cropped-Prancheta-2@2x-100.jpg","width":1777,"height":592,"caption":"Estado com Arte Magazine"},"image":{"@id":"https:\/\/estadocomarte.pt\/site\/#\/schema\/logo\/image\/"},"sameAs":["https:\/\/www.instagram.com\/estadocomartemagazine"]},{"@type":"Person","@id":"https:\/\/estadocomarte.pt\/site\/#\/schema\/person\/c0943a071216c1e5b21f85304151e4ba","name":"admin","image":{"@type":"ImageObject","inLanguage":"pt-PT","@id":"https:\/\/estadocomarte.pt\/site\/#\/schema\/person\/image\/","url":"https:\/\/secure.gravatar.com\/avatar\/e6f378fd6914c8505d3e1d40f51fa953b21bab0f3a5658a33bc84cb5bda780f9?s=96&d=mm&r=g","contentUrl":"https:\/\/secure.gravatar.com\/avatar\/e6f378fd6914c8505d3e1d40f51fa953b21bab0f3a5658a33bc84cb5bda780f9?s=96&d=mm&r=g","caption":"admin"},"sameAs":["https:\/\/estadocomarte.pt\/site"],"url":"https:\/\/estadocomarte.pt\/site\/author\/admin\/"}]}},"_links":{"self":[{"href":"https:\/\/estadocomarte.pt\/site\/wp-json\/wp\/v2\/posts\/10289","targetHints":{"allow":["GET"]}}],"collection":[{"href":"https:\/\/estadocomarte.pt\/site\/wp-json\/wp\/v2\/posts"}],"about":[{"href":"https:\/\/estadocomarte.pt\/site\/wp-json\/wp\/v2\/types\/post"}],"author":[{"embeddable":true,"href":"https:\/\/estadocomarte.pt\/site\/wp-json\/wp\/v2\/users\/1"}],"replies":[{"embeddable":true,"href":"https:\/\/estadocomarte.pt\/site\/wp-json\/wp\/v2\/comments?post=10289"}],"version-history":[{"count":4,"href":"https:\/\/estadocomarte.pt\/site\/wp-json\/wp\/v2\/posts\/10289\/revisions"}],"predecessor-version":[{"id":10296,"href":"https:\/\/estadocomarte.pt\/site\/wp-json\/wp\/v2\/posts\/10289\/revisions\/10296"}],"wp:featuredmedia":[{"embeddable":true,"href":"https:\/\/estadocomarte.pt\/site\/wp-json\/wp\/v2\/media\/10291"}],"wp:attachment":[{"href":"https:\/\/estadocomarte.pt\/site\/wp-json\/wp\/v2\/media?parent=10289"}],"wp:term":[{"taxonomy":"category","embeddable":true,"href":"https:\/\/estadocomarte.pt\/site\/wp-json\/wp\/v2\/categories?post=10289"},{"taxonomy":"post_tag","embeddable":true,"href":"https:\/\/estadocomarte.pt\/site\/wp-json\/wp\/v2\/tags?post=10289"}],"curies":[{"name":"wp","href":"https:\/\/api.w.org\/{rel}","templated":true}]}}