{"id":10334,"date":"2025-07-23T13:39:37","date_gmt":"2025-07-23T13:39:37","guid":{"rendered":"https:\/\/estadocomarte.pt\/site\/?p=10334"},"modified":"2025-07-23T13:58:49","modified_gmt":"2025-07-23T13:58:49","slug":"deputados-do-ps-enviam-questao-parlamentar-sobre-educacao-sexual-ministro-nega-a-retirada-de-conteudos","status":"publish","type":"post","link":"https:\/\/estadocomarte.pt\/site\/2025\/07\/23\/deputados-do-ps-enviam-questao-parlamentar-sobre-educacao-sexual-ministro-nega-a-retirada-de-conteudos\/","title":{"rendered":"Deputados do PS enviam quest\u00e3o parlamentar sobre educa\u00e7\u00e3o sexual. Ministro nega a retirada de conte\u00fados"},"content":{"rendered":"<p><strong>O grupo Parlamentar do Partido Socialista enviou hoje pergunta parlamentar ao Ministro da Educa\u00e7\u00e3o, Ci\u00eancia e Inova\u00e7\u00e3o, Fernando Alexandre, quanto \u00e0 decis\u00e3o do governo de elimina\u00e7\u00e3o dos conte\u00fados sobre sexualidade da disciplina de Cidadania e Desenvolvimento no ensino.<\/strong><\/p>\n<p><strong>Os socialistas recordam ao Ministro da tutela ter garantido que nenhum dos temas dados atualmente iriam &#8216;cair&#8217;, e que as quest\u00f5es da sexualidade passariam a estar integradas no dom\u00ednio da Sa\u00fade. Ministro nega retirada dos conte\u00fados relativos \u00e0 educa\u00e7\u00e3o sexual, diz que \u201cn\u00e3o \u00e9 verdade\u201d, garante que estes \u201ccontinuam presentes na disciplina\u201d.<\/strong><\/p>\n<p>Os socialistas alegam por escrito ao Ministro da Educa\u00e7\u00e3o que no documento que se encontra em consulta p\u00fablica at\u00e9 dia 01 de agosto, &#8220;nada \u00e9 referido de forma expl\u00edcita em rela\u00e7\u00e3o \u00e0 sexualidade, em nenhum dos anos de escolaridade, nem sequer no que diz respeito a doen\u00e7as sexualmente transmiss\u00edveis ou \u00e0 contrace\u00e7\u00e3o.&#8221; segundo o texto a que o Estado com Arte Magazine teve acesso.<\/p>\n<p>Questionam &#8220;como explica n\u00e3o existir uma \u00fanica men\u00e7\u00e3o a conceitos t\u00e3o fundamentais como m\u00e9todos contracetivos, ou doen\u00e7as sexualmente transmiss\u00edveis, quando ficou a promessa de que \u201cnenhum tema cairia? Ao excluir o tema da sexualidade, nomeadamente da educa\u00e7\u00e3o sexual e da sa\u00fade sexual, como conte\u00fados essenciais a trabalhar com os alunos\/as cria um esvaziamento conceptual para a aprendizagem dos Direitos Humanos, da Igualdade de G\u00e9nero e da Diversidade. Considera que o desenvolvimento integral dos alunos\/as se pode fazer sem a aquisi\u00e7\u00e3o dessas aprendizagens? Como espera cumprir os compromissos internacionais e nacionais que Portugal vem assumindo nestas mat\u00e9rias?&#8221;, diz o documento dos deputados socialistas.<\/p>\n<p>A pergunta \u00e9 assinada pelos Deputados do Grupo Parlamentar do Partido Socialista; Elza Pais, Porf\u00edrio Silva, Aida Carvalho, Sofia Canha, Miguel Cabrita, Eduardo Pinheiro, Susana Correia, Rosa Isabel Cruz, Sandra Lopes,<br \/>\nEur\u00eddice Pereira, Irene Costa, Sofia Andrade.<\/p>\n<p>O ministro da Educa\u00e7\u00e3o j\u00e1 se pronunciou hoje sobre a d\u00favida curricular,\u00a0 esta manh\u00e3 recebeu diretores das escolas de todo o pa\u00eds para um balan\u00e7o do ano letivo que terminou e prepara\u00e7\u00e3o do pr\u00f3ximo.<\/p>\n<p>Em declara\u00e7\u00f5es aos jornalistas no final da reuni\u00e3o, Fernando Alexandre prestou alguns esclarecimentos em rela\u00e7\u00e3o \u00e0 quest\u00e3o da disciplina de cidadania, que gerou pol\u00e9mica nos \u00faltimos dias depois de ter sido publicado o novo gui\u00e3o da disciplina que secundariza temas como a sexualidade e d\u00e1 \u00eanfase \u00e0 literacia financeira ou ao empreendedorismo.<\/p>\n<p>O ministro afirma que a exclus\u00e3o de conte\u00fados relativos \u00e0 educa\u00e7\u00e3o sexual \u201cn\u00e3o \u00e9 verdade\u201d e garante que estes \u201ccontinuam presentes na disciplina\u201d. \u201cSeria um retrocesso enorme se a educa\u00e7\u00e3o para a sexualidade sa\u00edsse das escolas e da forma\u00e7\u00e3o dos alunos\u201d, admitiu.<\/p>\n<p>Fernando Alexandre diz que foi feita uma m\u00e1 interpreta\u00e7\u00e3o da proposta que foi apresentada. Explica que o que foi apresentado foram as aprendizagens essenciais, \u201cque \u00e9 diferente do curr\u00edculo\u201d.<\/p>\n<p>O ministro fala numa \u201cestrutura\u00e7\u00e3o\u201d da disciplina de cidadania, afirmando que o objetivo \u00e9 que a estrat\u00e9gia para esta disciplina seja uniforme e n\u00e3o um \u201censino ad hoc\u201d.<\/p>\n<p>\u201cNenhum tema vai ser retirado do programa. Eles passam \u00e9 a estar estruturados\u201d, explicou.<\/p>\n<p>Desde ter\u00e7a-feira que v\u00e1rios sites do Minist\u00e9rio da Educa\u00e7\u00e3o registaram constrangimentos, chegando a ficar em baixo, incluindo a p\u00e1gina da Dire\u00e7\u00e3o-Geral da Educa\u00e7\u00e3o, onde decorre a consulta p\u00fablica.<\/p>\n<p>O ministro da Educa\u00e7\u00e3o admitiu que o prazo da consulta p\u00fablica poder\u00e1 ser alargado. \u201cEst\u00e1 a causar preju\u00edzo a todos os utilizadores do nosso sistema educativo, mas ningu\u00e9m, seja na consulta p\u00fablica, seja nos servi\u00e7os, seja em que circunst\u00e2ncia for, vai ser prejudicado\u201d, garantiu Fernando Alexandre.<\/p>\n","protected":false},"excerpt":{"rendered":"<p>Marta Roque<\/p>\n","protected":false},"author":1,"featured_media":10336,"comment_status":"open","ping_status":"open","sticky":false,"template":"","format":"standard","meta":{"site-sidebar-layout":"default","site-content-layout":"default","ast-global-header-display":"","ast-banner-title-visibility":"","ast-main-header-display":"","ast-hfb-above-header-display":"","ast-hfb-below-header-display":"","ast-hfb-mobile-header-display":"","site-post-title":"","ast-breadcrumbs-content":"","ast-featured-img":"","footer-sml-layout":"","theme-transparent-header-meta":"default","adv-header-id-meta":"","stick-header-meta":"","header-above-stick-meta":"","header-main-stick-meta":"","header-below-stick-meta":"","footnotes":""},"categories":[1],"tags":[1006,1007,152],"class_list":["post-10334","post","type-post","status-publish","format-standard","has-post-thumbnail","hentry","category-uncategorized","tag-cidadania-e-desnvolvimento","tag-inistro-da-educacao","tag-ps"],"yoast_head":"<!-- This site is optimized with the Yoast SEO plugin v25.1 - https:\/\/yoast.com\/wordpress\/plugins\/seo\/ -->\n<title>Deputados do PS enviam quest\u00e3o parlamentar sobre educa\u00e7\u00e3o sexual. Ministro nega a retirada de conte\u00fados - Estado com Arte<\/title>\n<meta name=\"robots\" content=\"index, follow, max-snippet:-1, max-image-preview:large, max-video-preview:-1\" \/>\n<link rel=\"canonical\" href=\"https:\/\/estadocomarte.pt\/site\/2025\/07\/23\/deputados-do-ps-enviam-questao-parlamentar-sobre-educacao-sexual-ministro-nega-a-retirada-de-conteudos\/\" \/>\n<meta property=\"og:locale\" content=\"pt_PT\" \/>\n<meta property=\"og:type\" content=\"article\" \/>\n<meta property=\"og:title\" content=\"Deputados do PS enviam quest\u00e3o parlamentar sobre educa\u00e7\u00e3o sexual. Ministro nega a retirada de conte\u00fados - Estado com Arte\" \/>\n<meta property=\"og:description\" content=\"Marta Roque\" \/>\n<meta property=\"og:url\" content=\"https:\/\/estadocomarte.pt\/site\/2025\/07\/23\/deputados-do-ps-enviam-questao-parlamentar-sobre-educacao-sexual-ministro-nega-a-retirada-de-conteudos\/\" \/>\n<meta property=\"og:site_name\" content=\"Estado com Arte\" \/>\n<meta property=\"article:published_time\" content=\"2025-07-23T13:39:37+00:00\" \/>\n<meta property=\"article:modified_time\" content=\"2025-07-23T13:58:49+00:00\" \/>\n<meta property=\"og:image\" content=\"https:\/\/estadocomarte.pt\/site\/wp-content\/uploads\/2025\/07\/escolas.jpg\" \/>\n\t<meta property=\"og:image:width\" content=\"936\" \/>\n\t<meta property=\"og:image:height\" content=\"504\" \/>\n\t<meta property=\"og:image:type\" content=\"image\/jpeg\" \/>\n<meta name=\"author\" content=\"admin\" \/>\n<meta name=\"twitter:card\" content=\"summary_large_image\" \/>\n<meta name=\"twitter:label1\" content=\"Escrito por\" \/>\n\t<meta name=\"twitter:data1\" content=\"admin\" \/>\n\t<meta name=\"twitter:label2\" content=\"Tempo estimado de leitura\" \/>\n\t<meta name=\"twitter:data2\" content=\"4 minutos\" \/>\n<script type=\"application\/ld+json\" class=\"yoast-schema-graph\">{\"@context\":\"https:\/\/schema.org\",\"@graph\":[{\"@type\":\"Article\",\"@id\":\"https:\/\/estadocomarte.pt\/site\/2025\/07\/23\/deputados-do-ps-enviam-questao-parlamentar-sobre-educacao-sexual-ministro-nega-a-retirada-de-conteudos\/#article\",\"isPartOf\":{\"@id\":\"https:\/\/estadocomarte.pt\/site\/2025\/07\/23\/deputados-do-ps-enviam-questao-parlamentar-sobre-educacao-sexual-ministro-nega-a-retirada-de-conteudos\/\"},\"author\":{\"name\":\"admin\",\"@id\":\"https:\/\/estadocomarte.pt\/site\/#\/schema\/person\/c0943a071216c1e5b21f85304151e4ba\"},\"headline\":\"Deputados do PS enviam quest\u00e3o parlamentar sobre educa\u00e7\u00e3o sexual. Ministro nega a retirada de conte\u00fados\",\"datePublished\":\"2025-07-23T13:39:37+00:00\",\"dateModified\":\"2025-07-23T13:58:49+00:00\",\"mainEntityOfPage\":{\"@id\":\"https:\/\/estadocomarte.pt\/site\/2025\/07\/23\/deputados-do-ps-enviam-questao-parlamentar-sobre-educacao-sexual-ministro-nega-a-retirada-de-conteudos\/\"},\"wordCount\":643,\"commentCount\":0,\"publisher\":{\"@id\":\"https:\/\/estadocomarte.pt\/site\/#organization\"},\"image\":{\"@id\":\"https:\/\/estadocomarte.pt\/site\/2025\/07\/23\/deputados-do-ps-enviam-questao-parlamentar-sobre-educacao-sexual-ministro-nega-a-retirada-de-conteudos\/#primaryimage\"},\"thumbnailUrl\":\"https:\/\/estadocomarte.pt\/site\/wp-content\/uploads\/2025\/07\/escolas.jpg\",\"keywords\":[\"cidadania e desnvolvimento\",\"inistro da educa\u00e7\u00e3o\",\"PS\"],\"articleSection\":[\"Uncategorized\"],\"inLanguage\":\"pt-PT\",\"potentialAction\":[{\"@type\":\"CommentAction\",\"name\":\"Comment\",\"target\":[\"https:\/\/estadocomarte.pt\/site\/2025\/07\/23\/deputados-do-ps-enviam-questao-parlamentar-sobre-educacao-sexual-ministro-nega-a-retirada-de-conteudos\/#respond\"]}]},{\"@type\":\"WebPage\",\"@id\":\"https:\/\/estadocomarte.pt\/site\/2025\/07\/23\/deputados-do-ps-enviam-questao-parlamentar-sobre-educacao-sexual-ministro-nega-a-retirada-de-conteudos\/\",\"url\":\"https:\/\/estadocomarte.pt\/site\/2025\/07\/23\/deputados-do-ps-enviam-questao-parlamentar-sobre-educacao-sexual-ministro-nega-a-retirada-de-conteudos\/\",\"name\":\"Deputados do PS enviam quest\u00e3o parlamentar sobre educa\u00e7\u00e3o sexual. Ministro nega a retirada de conte\u00fados - Estado com Arte\",\"isPartOf\":{\"@id\":\"https:\/\/estadocomarte.pt\/site\/#website\"},\"primaryImageOfPage\":{\"@id\":\"https:\/\/estadocomarte.pt\/site\/2025\/07\/23\/deputados-do-ps-enviam-questao-parlamentar-sobre-educacao-sexual-ministro-nega-a-retirada-de-conteudos\/#primaryimage\"},\"image\":{\"@id\":\"https:\/\/estadocomarte.pt\/site\/2025\/07\/23\/deputados-do-ps-enviam-questao-parlamentar-sobre-educacao-sexual-ministro-nega-a-retirada-de-conteudos\/#primaryimage\"},\"thumbnailUrl\":\"https:\/\/estadocomarte.pt\/site\/wp-content\/uploads\/2025\/07\/escolas.jpg\",\"datePublished\":\"2025-07-23T13:39:37+00:00\",\"dateModified\":\"2025-07-23T13:58:49+00:00\",\"breadcrumb\":{\"@id\":\"https:\/\/estadocomarte.pt\/site\/2025\/07\/23\/deputados-do-ps-enviam-questao-parlamentar-sobre-educacao-sexual-ministro-nega-a-retirada-de-conteudos\/#breadcrumb\"},\"inLanguage\":\"pt-PT\",\"potentialAction\":[{\"@type\":\"ReadAction\",\"target\":[\"https:\/\/estadocomarte.pt\/site\/2025\/07\/23\/deputados-do-ps-enviam-questao-parlamentar-sobre-educacao-sexual-ministro-nega-a-retirada-de-conteudos\/\"]}]},{\"@type\":\"ImageObject\",\"inLanguage\":\"pt-PT\",\"@id\":\"https:\/\/estadocomarte.pt\/site\/2025\/07\/23\/deputados-do-ps-enviam-questao-parlamentar-sobre-educacao-sexual-ministro-nega-a-retirada-de-conteudos\/#primaryimage\",\"url\":\"https:\/\/estadocomarte.pt\/site\/wp-content\/uploads\/2025\/07\/escolas.jpg\",\"contentUrl\":\"https:\/\/estadocomarte.pt\/site\/wp-content\/uploads\/2025\/07\/escolas.jpg\",\"width\":936,\"height\":504},{\"@type\":\"BreadcrumbList\",\"@id\":\"https:\/\/estadocomarte.pt\/site\/2025\/07\/23\/deputados-do-ps-enviam-questao-parlamentar-sobre-educacao-sexual-ministro-nega-a-retirada-de-conteudos\/#breadcrumb\",\"itemListElement\":[{\"@type\":\"ListItem\",\"position\":1,\"name\":\"In\u00edcio\",\"item\":\"https:\/\/estadocomarte.pt\/site\/\"},{\"@type\":\"ListItem\",\"position\":2,\"name\":\"Deputados do PS enviam quest\u00e3o parlamentar sobre educa\u00e7\u00e3o sexual. Ministro nega a retirada de conte\u00fados\"}]},{\"@type\":\"WebSite\",\"@id\":\"https:\/\/estadocomarte.pt\/site\/#website\",\"url\":\"https:\/\/estadocomarte.pt\/site\/\",\"name\":\"Estado com Arte Magazine\",\"description\":\"Magazine\",\"publisher\":{\"@id\":\"https:\/\/estadocomarte.pt\/site\/#organization\"},\"alternateName\":\"Magazine semanal sobre pol\u00edtica e cultura, com autores, opini\u00e3o e cr\u00edticas.\",\"potentialAction\":[{\"@type\":\"SearchAction\",\"target\":{\"@type\":\"EntryPoint\",\"urlTemplate\":\"https:\/\/estadocomarte.pt\/site\/?s={search_term_string}\"},\"query-input\":{\"@type\":\"PropertyValueSpecification\",\"valueRequired\":true,\"valueName\":\"search_term_string\"}}],\"inLanguage\":\"pt-PT\"},{\"@type\":\"Organization\",\"@id\":\"https:\/\/estadocomarte.pt\/site\/#organization\",\"name\":\"Estado com Arte Magazine\",\"alternateName\":\"Magazine semanal sobre pol\u00edtica e cultura, com autores, opini\u00e3o e cr\u00edticas.\",\"url\":\"https:\/\/estadocomarte.pt\/site\/\",\"logo\":{\"@type\":\"ImageObject\",\"inLanguage\":\"pt-PT\",\"@id\":\"https:\/\/estadocomarte.pt\/site\/#\/schema\/logo\/image\/\",\"url\":\"https:\/\/estadocomarte.pt\/site\/wp-content\/uploads\/2023\/06\/cropped-cropped-Prancheta-2@2x-100.jpg\",\"contentUrl\":\"https:\/\/estadocomarte.pt\/site\/wp-content\/uploads\/2023\/06\/cropped-cropped-Prancheta-2@2x-100.jpg\",\"width\":1777,\"height\":592,\"caption\":\"Estado com Arte Magazine\"},\"image\":{\"@id\":\"https:\/\/estadocomarte.pt\/site\/#\/schema\/logo\/image\/\"},\"sameAs\":[\"https:\/\/www.instagram.com\/estadocomartemagazine\"]},{\"@type\":\"Person\",\"@id\":\"https:\/\/estadocomarte.pt\/site\/#\/schema\/person\/c0943a071216c1e5b21f85304151e4ba\",\"name\":\"admin\",\"image\":{\"@type\":\"ImageObject\",\"inLanguage\":\"pt-PT\",\"@id\":\"https:\/\/estadocomarte.pt\/site\/#\/schema\/person\/image\/\",\"url\":\"https:\/\/secure.gravatar.com\/avatar\/e6f378fd6914c8505d3e1d40f51fa953b21bab0f3a5658a33bc84cb5bda780f9?s=96&d=mm&r=g\",\"contentUrl\":\"https:\/\/secure.gravatar.com\/avatar\/e6f378fd6914c8505d3e1d40f51fa953b21bab0f3a5658a33bc84cb5bda780f9?s=96&d=mm&r=g\",\"caption\":\"admin\"},\"sameAs\":[\"https:\/\/estadocomarte.pt\/site\"],\"url\":\"https:\/\/estadocomarte.pt\/site\/author\/admin\/\"}]}<\/script>\n<!-- \/ Yoast SEO plugin. -->","yoast_head_json":{"title":"Deputados do PS enviam quest\u00e3o parlamentar sobre educa\u00e7\u00e3o sexual. Ministro nega a retirada de conte\u00fados - Estado com Arte","robots":{"index":"index","follow":"follow","max-snippet":"max-snippet:-1","max-image-preview":"max-image-preview:large","max-video-preview":"max-video-preview:-1"},"canonical":"https:\/\/estadocomarte.pt\/site\/2025\/07\/23\/deputados-do-ps-enviam-questao-parlamentar-sobre-educacao-sexual-ministro-nega-a-retirada-de-conteudos\/","og_locale":"pt_PT","og_type":"article","og_title":"Deputados do PS enviam quest\u00e3o parlamentar sobre educa\u00e7\u00e3o sexual. Ministro nega a retirada de conte\u00fados - Estado com Arte","og_description":"Marta Roque","og_url":"https:\/\/estadocomarte.pt\/site\/2025\/07\/23\/deputados-do-ps-enviam-questao-parlamentar-sobre-educacao-sexual-ministro-nega-a-retirada-de-conteudos\/","og_site_name":"Estado com Arte","article_published_time":"2025-07-23T13:39:37+00:00","article_modified_time":"2025-07-23T13:58:49+00:00","og_image":[{"width":936,"height":504,"url":"https:\/\/estadocomarte.pt\/site\/wp-content\/uploads\/2025\/07\/escolas.jpg","type":"image\/jpeg"}],"author":"admin","twitter_card":"summary_large_image","twitter_misc":{"Escrito por":"admin","Tempo estimado de leitura":"4 minutos"},"schema":{"@context":"https:\/\/schema.org","@graph":[{"@type":"Article","@id":"https:\/\/estadocomarte.pt\/site\/2025\/07\/23\/deputados-do-ps-enviam-questao-parlamentar-sobre-educacao-sexual-ministro-nega-a-retirada-de-conteudos\/#article","isPartOf":{"@id":"https:\/\/estadocomarte.pt\/site\/2025\/07\/23\/deputados-do-ps-enviam-questao-parlamentar-sobre-educacao-sexual-ministro-nega-a-retirada-de-conteudos\/"},"author":{"name":"admin","@id":"https:\/\/estadocomarte.pt\/site\/#\/schema\/person\/c0943a071216c1e5b21f85304151e4ba"},"headline":"Deputados do PS enviam quest\u00e3o parlamentar sobre educa\u00e7\u00e3o sexual. Ministro nega a retirada de conte\u00fados","datePublished":"2025-07-23T13:39:37+00:00","dateModified":"2025-07-23T13:58:49+00:00","mainEntityOfPage":{"@id":"https:\/\/estadocomarte.pt\/site\/2025\/07\/23\/deputados-do-ps-enviam-questao-parlamentar-sobre-educacao-sexual-ministro-nega-a-retirada-de-conteudos\/"},"wordCount":643,"commentCount":0,"publisher":{"@id":"https:\/\/estadocomarte.pt\/site\/#organization"},"image":{"@id":"https:\/\/estadocomarte.pt\/site\/2025\/07\/23\/deputados-do-ps-enviam-questao-parlamentar-sobre-educacao-sexual-ministro-nega-a-retirada-de-conteudos\/#primaryimage"},"thumbnailUrl":"https:\/\/estadocomarte.pt\/site\/wp-content\/uploads\/2025\/07\/escolas.jpg","keywords":["cidadania e desnvolvimento","inistro da educa\u00e7\u00e3o","PS"],"articleSection":["Uncategorized"],"inLanguage":"pt-PT","potentialAction":[{"@type":"CommentAction","name":"Comment","target":["https:\/\/estadocomarte.pt\/site\/2025\/07\/23\/deputados-do-ps-enviam-questao-parlamentar-sobre-educacao-sexual-ministro-nega-a-retirada-de-conteudos\/#respond"]}]},{"@type":"WebPage","@id":"https:\/\/estadocomarte.pt\/site\/2025\/07\/23\/deputados-do-ps-enviam-questao-parlamentar-sobre-educacao-sexual-ministro-nega-a-retirada-de-conteudos\/","url":"https:\/\/estadocomarte.pt\/site\/2025\/07\/23\/deputados-do-ps-enviam-questao-parlamentar-sobre-educacao-sexual-ministro-nega-a-retirada-de-conteudos\/","name":"Deputados do PS enviam quest\u00e3o parlamentar sobre educa\u00e7\u00e3o sexual. Ministro nega a retirada de conte\u00fados - Estado com Arte","isPartOf":{"@id":"https:\/\/estadocomarte.pt\/site\/#website"},"primaryImageOfPage":{"@id":"https:\/\/estadocomarte.pt\/site\/2025\/07\/23\/deputados-do-ps-enviam-questao-parlamentar-sobre-educacao-sexual-ministro-nega-a-retirada-de-conteudos\/#primaryimage"},"image":{"@id":"https:\/\/estadocomarte.pt\/site\/2025\/07\/23\/deputados-do-ps-enviam-questao-parlamentar-sobre-educacao-sexual-ministro-nega-a-retirada-de-conteudos\/#primaryimage"},"thumbnailUrl":"https:\/\/estadocomarte.pt\/site\/wp-content\/uploads\/2025\/07\/escolas.jpg","datePublished":"2025-07-23T13:39:37+00:00","dateModified":"2025-07-23T13:58:49+00:00","breadcrumb":{"@id":"https:\/\/estadocomarte.pt\/site\/2025\/07\/23\/deputados-do-ps-enviam-questao-parlamentar-sobre-educacao-sexual-ministro-nega-a-retirada-de-conteudos\/#breadcrumb"},"inLanguage":"pt-PT","potentialAction":[{"@type":"ReadAction","target":["https:\/\/estadocomarte.pt\/site\/2025\/07\/23\/deputados-do-ps-enviam-questao-parlamentar-sobre-educacao-sexual-ministro-nega-a-retirada-de-conteudos\/"]}]},{"@type":"ImageObject","inLanguage":"pt-PT","@id":"https:\/\/estadocomarte.pt\/site\/2025\/07\/23\/deputados-do-ps-enviam-questao-parlamentar-sobre-educacao-sexual-ministro-nega-a-retirada-de-conteudos\/#primaryimage","url":"https:\/\/estadocomarte.pt\/site\/wp-content\/uploads\/2025\/07\/escolas.jpg","contentUrl":"https:\/\/estadocomarte.pt\/site\/wp-content\/uploads\/2025\/07\/escolas.jpg","width":936,"height":504},{"@type":"BreadcrumbList","@id":"https:\/\/estadocomarte.pt\/site\/2025\/07\/23\/deputados-do-ps-enviam-questao-parlamentar-sobre-educacao-sexual-ministro-nega-a-retirada-de-conteudos\/#breadcrumb","itemListElement":[{"@type":"ListItem","position":1,"name":"In\u00edcio","item":"https:\/\/estadocomarte.pt\/site\/"},{"@type":"ListItem","position":2,"name":"Deputados do PS enviam quest\u00e3o parlamentar sobre educa\u00e7\u00e3o sexual. Ministro nega a retirada de conte\u00fados"}]},{"@type":"WebSite","@id":"https:\/\/estadocomarte.pt\/site\/#website","url":"https:\/\/estadocomarte.pt\/site\/","name":"Estado com Arte Magazine","description":"Magazine","publisher":{"@id":"https:\/\/estadocomarte.pt\/site\/#organization"},"alternateName":"Magazine semanal sobre pol\u00edtica e cultura, com autores, opini\u00e3o e cr\u00edticas.","potentialAction":[{"@type":"SearchAction","target":{"@type":"EntryPoint","urlTemplate":"https:\/\/estadocomarte.pt\/site\/?s={search_term_string}"},"query-input":{"@type":"PropertyValueSpecification","valueRequired":true,"valueName":"search_term_string"}}],"inLanguage":"pt-PT"},{"@type":"Organization","@id":"https:\/\/estadocomarte.pt\/site\/#organization","name":"Estado com Arte Magazine","alternateName":"Magazine semanal sobre pol\u00edtica e cultura, com autores, opini\u00e3o e cr\u00edticas.","url":"https:\/\/estadocomarte.pt\/site\/","logo":{"@type":"ImageObject","inLanguage":"pt-PT","@id":"https:\/\/estadocomarte.pt\/site\/#\/schema\/logo\/image\/","url":"https:\/\/estadocomarte.pt\/site\/wp-content\/uploads\/2023\/06\/cropped-cropped-Prancheta-2@2x-100.jpg","contentUrl":"https:\/\/estadocomarte.pt\/site\/wp-content\/uploads\/2023\/06\/cropped-cropped-Prancheta-2@2x-100.jpg","width":1777,"height":592,"caption":"Estado com Arte Magazine"},"image":{"@id":"https:\/\/estadocomarte.pt\/site\/#\/schema\/logo\/image\/"},"sameAs":["https:\/\/www.instagram.com\/estadocomartemagazine"]},{"@type":"Person","@id":"https:\/\/estadocomarte.pt\/site\/#\/schema\/person\/c0943a071216c1e5b21f85304151e4ba","name":"admin","image":{"@type":"ImageObject","inLanguage":"pt-PT","@id":"https:\/\/estadocomarte.pt\/site\/#\/schema\/person\/image\/","url":"https:\/\/secure.gravatar.com\/avatar\/e6f378fd6914c8505d3e1d40f51fa953b21bab0f3a5658a33bc84cb5bda780f9?s=96&d=mm&r=g","contentUrl":"https:\/\/secure.gravatar.com\/avatar\/e6f378fd6914c8505d3e1d40f51fa953b21bab0f3a5658a33bc84cb5bda780f9?s=96&d=mm&r=g","caption":"admin"},"sameAs":["https:\/\/estadocomarte.pt\/site"],"url":"https:\/\/estadocomarte.pt\/site\/author\/admin\/"}]}},"_links":{"self":[{"href":"https:\/\/estadocomarte.pt\/site\/wp-json\/wp\/v2\/posts\/10334","targetHints":{"allow":["GET"]}}],"collection":[{"href":"https:\/\/estadocomarte.pt\/site\/wp-json\/wp\/v2\/posts"}],"about":[{"href":"https:\/\/estadocomarte.pt\/site\/wp-json\/wp\/v2\/types\/post"}],"author":[{"embeddable":true,"href":"https:\/\/estadocomarte.pt\/site\/wp-json\/wp\/v2\/users\/1"}],"replies":[{"embeddable":true,"href":"https:\/\/estadocomarte.pt\/site\/wp-json\/wp\/v2\/comments?post=10334"}],"version-history":[{"count":6,"href":"https:\/\/estadocomarte.pt\/site\/wp-json\/wp\/v2\/posts\/10334\/revisions"}],"predecessor-version":[{"id":10344,"href":"https:\/\/estadocomarte.pt\/site\/wp-json\/wp\/v2\/posts\/10334\/revisions\/10344"}],"wp:featuredmedia":[{"embeddable":true,"href":"https:\/\/estadocomarte.pt\/site\/wp-json\/wp\/v2\/media\/10336"}],"wp:attachment":[{"href":"https:\/\/estadocomarte.pt\/site\/wp-json\/wp\/v2\/media?parent=10334"}],"wp:term":[{"taxonomy":"category","embeddable":true,"href":"https:\/\/estadocomarte.pt\/site\/wp-json\/wp\/v2\/categories?post=10334"},{"taxonomy":"post_tag","embeddable":true,"href":"https:\/\/estadocomarte.pt\/site\/wp-json\/wp\/v2\/tags?post=10334"}],"curies":[{"name":"wp","href":"https:\/\/api.w.org\/{rel}","templated":true}]}}