{"id":10349,"date":"2025-07-26T11:21:11","date_gmt":"2025-07-26T11:21:11","guid":{"rendered":"https:\/\/estadocomarte.pt\/site\/?p=10349"},"modified":"2025-07-26T11:24:12","modified_gmt":"2025-07-26T11:24:12","slug":"extrema-direita-em-ascensao-europa-sob-tensao-democratica","status":"publish","type":"post","link":"https:\/\/estadocomarte.pt\/site\/2025\/07\/26\/extrema-direita-em-ascensao-europa-sob-tensao-democratica\/","title":{"rendered":"Extrema-direita em ascens\u00e3o: Europa sob tens\u00e3o democr\u00e1tica"},"content":{"rendered":"<p><strong>Nos \u00faltimos anos, a Europa tem assistido a uma transforma\u00e7\u00e3o pol\u00edtica inquietante: o crescimento acelerado da extrema-direita em diversos pa\u00edses, com impactos diretos nas institui\u00e7\u00f5es democr\u00e1ticas e na coes\u00e3o social. Este fen\u00f3meno, que j\u00e1 se traduz em governos dependentes de partidos radicais em pa\u00edses como It\u00e1lia, Su\u00e9cia e Finl\u00e2ndia, ganhou novo f\u00f4lego com a recente mo\u00e7\u00e3o de censura apresentada no Parlamento Europeu.<\/strong><br \/>\n<strong>A mo\u00e7\u00e3o de censura: um sinal de for\u00e7a ou fragilidade?<\/strong><\/p>\n<p>No dia 10 de julho de 2025, uma mo\u00e7\u00e3o de censura contra a Comiss\u00e3o Europeia, liderada por Ursula von der Leyen, foi votada no Parlamento Europeu. A iniciativa partiu de eurodeputados da extrema-direita, nomeadamente do grupo Patriotas pela Europa e de Conservadores e Reformistas Europeus (ECR), incluindo representantes do partido portugu\u00eas Chega.<\/p>\n<p>Embora a mo\u00e7\u00e3o tenha sido rejeitada por larga maioria \u2014 360 votos contra, 175 a favor e 18 absten\u00e7\u00f5es4 \u2014 o epis\u00f3dio revelou fissuras preocupantes na alian\u00e7a pr\u00f3-europeia. A vota\u00e7\u00e3o exp\u00f4s o crescente peso pol\u00edtico da extrema-direita, que, mesmo sem conseguir derrubar a Comiss\u00e3o, demonstrou capacidade de mobiliza\u00e7\u00e3o e influ\u00eancia.<\/p>\n<p><strong>Crescimento da extrema-direita na Europa<\/strong><br \/>\nA ascens\u00e3o da extrema-direita n\u00e3o \u00e9 homog\u00e9nea, mas apresenta padr\u00f5es comuns:<\/p>\n<p>Discurso anti-imigra\u00e7\u00e3o e euroc\u00e9tico: partidos como o AfD na Alemanha, Vox em Espanha, e Fratelli d\u2019Italia em It\u00e1lia t\u00eam capitalizado o descontentamento com pol\u00edticas migrat\u00f3rias e a centraliza\u00e7\u00e3o de decis\u00f5es em Bruxelas.<\/p>\n<p>Normaliza\u00e7\u00e3o pol\u00edtica: partidos outrora marginais passaram a integrar coliga\u00e7\u00f5es governamentais ou a liderar a oposi\u00e7\u00e3o, como acontece na \u00c1ustria, Fran\u00e7a e Pa\u00edses Baixos.<\/p>\n<p>Radicaliza\u00e7\u00e3o digital: redes sociais t\u00eam sido terreno f\u00e9rtil para a dissemina\u00e7\u00e3o de teorias da conspira\u00e7\u00e3o e discursos de \u00f3dio, contribuindo para a polariza\u00e7\u00e3o pol\u00edtica e social.<\/p>\n<p><strong>Portugal: entre o espelho europeu e os seus pr\u00f3prios fantasmas<\/strong><\/p>\n<p>Portugal, historicamente resistente a movimentos extremistas, tem seguido a tend\u00eancia europeia. O partido Chega, fundado em 2019, tornou-se a terceira for\u00e7a pol\u00edtica nacional, com 58 deputados eleitos nas legislativas de 2025. A sua ret\u00f3rica nacionalista, anti-imigra\u00e7\u00e3o e anti-sistema tem conquistado eleitorado descontente com os partidos tradicionais.<\/p>\n<p>Al\u00e9m do Chega, o pa\u00eds abriga pelo menos 13 grupos de extrema-direita identificados por organiza\u00e7\u00f5es internacionais, incluindo movimentos neonazis e nacionalistas brancos. O relat\u00f3rio do Projeto Global contra o \u00d3dio e o Extremismo alerta para a influ\u00eancia transnacional desses grupos, que replicam ideologias de movimentos franceses, italianos e norte-americanos.<\/p>\n<p><strong>Perspectivas futuras: entre resist\u00eancia e risco<\/strong><\/p>\n<p>O crescimento da extrema-direita na Europa e em Portugal levanta quest\u00f5es cruciais:<\/p>\n<p>Democracia em risco: a tentativa de deslegitimar institui\u00e7\u00f5es europeias, como a Comiss\u00e3o, pode minar a confian\u00e7a p\u00fablica e abrir espa\u00e7o para agendas autorit\u00e1rias.<\/p>\n<p>Polariza\u00e7\u00e3o social: o aumento de discursos de \u00f3dio e intoler\u00e2ncia amea\u00e7a a conviv\u00eancia democr\u00e1tica e os direitos fundamentais.<\/p>\n<p>Resposta institucional: \u00e9 urgente refor\u00e7ar a educa\u00e7\u00e3o c\u00edvica, a inclus\u00e3o social e a transpar\u00eancia pol\u00edtica para conter a radicaliza\u00e7\u00e3o.<\/p>\n<p>A Europa enfrenta um teste de maturidade democr\u00e1tica. A resposta n\u00e3o est\u00e1 apenas nas urnas, mas na capacidade coletiva de defender os valores que sustentam a liberdade, a diversidade e a paz.<\/p>\n","protected":false},"excerpt":{"rendered":"<p>Jos\u00e9 Padr\u00e3o Mendes,<br \/>\nM\u00e9dico Neurologista<\/p>\n","protected":false},"author":1,"featured_media":10354,"comment_status":"open","ping_status":"open","sticky":false,"template":"","format":"standard","meta":{"site-sidebar-layout":"default","site-content-layout":"default","ast-global-header-display":"","ast-banner-title-visibility":"","ast-main-header-display":"","ast-hfb-above-header-display":"","ast-hfb-below-header-display":"","ast-hfb-mobile-header-display":"","site-post-title":"","ast-breadcrumbs-content":"","ast-featured-img":"","footer-sml-layout":"","theme-transparent-header-meta":"default","adv-header-id-meta":"","stick-header-meta":"","header-above-stick-meta":"","header-main-stick-meta":"","header-below-stick-meta":"","footnotes":""},"categories":[54,64],"tags":[128,1008,32],"class_list":["post-10349","post","type-post","status-publish","format-standard","has-post-thumbnail","hentry","category-bolha-mediatica","category-isto-para-nos","tag-europa","tag-extrema-dierita","tag-portugal"],"yoast_head":"<!-- This site is optimized with the Yoast SEO plugin v25.1 - https:\/\/yoast.com\/wordpress\/plugins\/seo\/ -->\n<title>Extrema-direita em ascens\u00e3o: Europa sob tens\u00e3o democr\u00e1tica - Estado com Arte<\/title>\n<meta name=\"robots\" content=\"index, follow, max-snippet:-1, max-image-preview:large, max-video-preview:-1\" \/>\n<link rel=\"canonical\" href=\"https:\/\/estadocomarte.pt\/site\/2025\/07\/26\/extrema-direita-em-ascensao-europa-sob-tensao-democratica\/\" \/>\n<meta property=\"og:locale\" content=\"pt_PT\" \/>\n<meta property=\"og:type\" content=\"article\" \/>\n<meta property=\"og:title\" content=\"Extrema-direita em ascens\u00e3o: Europa sob tens\u00e3o democr\u00e1tica - Estado com Arte\" \/>\n<meta property=\"og:description\" content=\"Jos\u00e9 Padr\u00e3o Mendes, M\u00e9dico Neurologista\" \/>\n<meta property=\"og:url\" content=\"https:\/\/estadocomarte.pt\/site\/2025\/07\/26\/extrema-direita-em-ascensao-europa-sob-tensao-democratica\/\" \/>\n<meta property=\"og:site_name\" content=\"Estado com Arte\" \/>\n<meta property=\"article:published_time\" content=\"2025-07-26T11:21:11+00:00\" \/>\n<meta property=\"article:modified_time\" content=\"2025-07-26T11:24:12+00:00\" \/>\n<meta property=\"og:image\" content=\"https:\/\/estadocomarte.pt\/site\/wp-content\/uploads\/2025\/07\/europa-1.jpg\" \/>\n\t<meta property=\"og:image:width\" content=\"900\" \/>\n\t<meta property=\"og:image:height\" content=\"445\" \/>\n\t<meta property=\"og:image:type\" content=\"image\/jpeg\" \/>\n<meta name=\"author\" content=\"admin\" \/>\n<meta name=\"twitter:card\" content=\"summary_large_image\" \/>\n<meta name=\"twitter:label1\" content=\"Escrito por\" \/>\n\t<meta name=\"twitter:data1\" content=\"admin\" \/>\n\t<meta name=\"twitter:label2\" content=\"Tempo estimado de leitura\" \/>\n\t<meta name=\"twitter:data2\" content=\"3 minutos\" \/>\n<script type=\"application\/ld+json\" class=\"yoast-schema-graph\">{\"@context\":\"https:\/\/schema.org\",\"@graph\":[{\"@type\":\"Article\",\"@id\":\"https:\/\/estadocomarte.pt\/site\/2025\/07\/26\/extrema-direita-em-ascensao-europa-sob-tensao-democratica\/#article\",\"isPartOf\":{\"@id\":\"https:\/\/estadocomarte.pt\/site\/2025\/07\/26\/extrema-direita-em-ascensao-europa-sob-tensao-democratica\/\"},\"author\":{\"name\":\"admin\",\"@id\":\"https:\/\/estadocomarte.pt\/site\/#\/schema\/person\/c0943a071216c1e5b21f85304151e4ba\"},\"headline\":\"Extrema-direita em ascens\u00e3o: Europa sob tens\u00e3o democr\u00e1tica\",\"datePublished\":\"2025-07-26T11:21:11+00:00\",\"dateModified\":\"2025-07-26T11:24:12+00:00\",\"mainEntityOfPage\":{\"@id\":\"https:\/\/estadocomarte.pt\/site\/2025\/07\/26\/extrema-direita-em-ascensao-europa-sob-tensao-democratica\/\"},\"wordCount\":571,\"commentCount\":0,\"publisher\":{\"@id\":\"https:\/\/estadocomarte.pt\/site\/#organization\"},\"image\":{\"@id\":\"https:\/\/estadocomarte.pt\/site\/2025\/07\/26\/extrema-direita-em-ascensao-europa-sob-tensao-democratica\/#primaryimage\"},\"thumbnailUrl\":\"https:\/\/estadocomarte.pt\/site\/wp-content\/uploads\/2025\/07\/europa-1.jpg\",\"keywords\":[\"Europa\",\"extrema-dierita\",\"portugal\"],\"articleSection\":[\"Bolha Medi\u00e1tica\",\"Isto Para N\u00f3s\"],\"inLanguage\":\"pt-PT\",\"potentialAction\":[{\"@type\":\"CommentAction\",\"name\":\"Comment\",\"target\":[\"https:\/\/estadocomarte.pt\/site\/2025\/07\/26\/extrema-direita-em-ascensao-europa-sob-tensao-democratica\/#respond\"]}]},{\"@type\":\"WebPage\",\"@id\":\"https:\/\/estadocomarte.pt\/site\/2025\/07\/26\/extrema-direita-em-ascensao-europa-sob-tensao-democratica\/\",\"url\":\"https:\/\/estadocomarte.pt\/site\/2025\/07\/26\/extrema-direita-em-ascensao-europa-sob-tensao-democratica\/\",\"name\":\"Extrema-direita em ascens\u00e3o: Europa sob tens\u00e3o democr\u00e1tica - Estado com Arte\",\"isPartOf\":{\"@id\":\"https:\/\/estadocomarte.pt\/site\/#website\"},\"primaryImageOfPage\":{\"@id\":\"https:\/\/estadocomarte.pt\/site\/2025\/07\/26\/extrema-direita-em-ascensao-europa-sob-tensao-democratica\/#primaryimage\"},\"image\":{\"@id\":\"https:\/\/estadocomarte.pt\/site\/2025\/07\/26\/extrema-direita-em-ascensao-europa-sob-tensao-democratica\/#primaryimage\"},\"thumbnailUrl\":\"https:\/\/estadocomarte.pt\/site\/wp-content\/uploads\/2025\/07\/europa-1.jpg\",\"datePublished\":\"2025-07-26T11:21:11+00:00\",\"dateModified\":\"2025-07-26T11:24:12+00:00\",\"breadcrumb\":{\"@id\":\"https:\/\/estadocomarte.pt\/site\/2025\/07\/26\/extrema-direita-em-ascensao-europa-sob-tensao-democratica\/#breadcrumb\"},\"inLanguage\":\"pt-PT\",\"potentialAction\":[{\"@type\":\"ReadAction\",\"target\":[\"https:\/\/estadocomarte.pt\/site\/2025\/07\/26\/extrema-direita-em-ascensao-europa-sob-tensao-democratica\/\"]}]},{\"@type\":\"ImageObject\",\"inLanguage\":\"pt-PT\",\"@id\":\"https:\/\/estadocomarte.pt\/site\/2025\/07\/26\/extrema-direita-em-ascensao-europa-sob-tensao-democratica\/#primaryimage\",\"url\":\"https:\/\/estadocomarte.pt\/site\/wp-content\/uploads\/2025\/07\/europa-1.jpg\",\"contentUrl\":\"https:\/\/estadocomarte.pt\/site\/wp-content\/uploads\/2025\/07\/europa-1.jpg\",\"width\":900,\"height\":445},{\"@type\":\"BreadcrumbList\",\"@id\":\"https:\/\/estadocomarte.pt\/site\/2025\/07\/26\/extrema-direita-em-ascensao-europa-sob-tensao-democratica\/#breadcrumb\",\"itemListElement\":[{\"@type\":\"ListItem\",\"position\":1,\"name\":\"In\u00edcio\",\"item\":\"https:\/\/estadocomarte.pt\/site\/\"},{\"@type\":\"ListItem\",\"position\":2,\"name\":\"Extrema-direita em ascens\u00e3o: Europa sob tens\u00e3o democr\u00e1tica\"}]},{\"@type\":\"WebSite\",\"@id\":\"https:\/\/estadocomarte.pt\/site\/#website\",\"url\":\"https:\/\/estadocomarte.pt\/site\/\",\"name\":\"Estado com Arte Magazine\",\"description\":\"Magazine\",\"publisher\":{\"@id\":\"https:\/\/estadocomarte.pt\/site\/#organization\"},\"alternateName\":\"Magazine semanal sobre pol\u00edtica e cultura, com autores, opini\u00e3o e cr\u00edticas.\",\"potentialAction\":[{\"@type\":\"SearchAction\",\"target\":{\"@type\":\"EntryPoint\",\"urlTemplate\":\"https:\/\/estadocomarte.pt\/site\/?s={search_term_string}\"},\"query-input\":{\"@type\":\"PropertyValueSpecification\",\"valueRequired\":true,\"valueName\":\"search_term_string\"}}],\"inLanguage\":\"pt-PT\"},{\"@type\":\"Organization\",\"@id\":\"https:\/\/estadocomarte.pt\/site\/#organization\",\"name\":\"Estado com Arte Magazine\",\"alternateName\":\"Magazine semanal sobre pol\u00edtica e cultura, com autores, opini\u00e3o e cr\u00edticas.\",\"url\":\"https:\/\/estadocomarte.pt\/site\/\",\"logo\":{\"@type\":\"ImageObject\",\"inLanguage\":\"pt-PT\",\"@id\":\"https:\/\/estadocomarte.pt\/site\/#\/schema\/logo\/image\/\",\"url\":\"https:\/\/estadocomarte.pt\/site\/wp-content\/uploads\/2023\/06\/cropped-cropped-Prancheta-2@2x-100.jpg\",\"contentUrl\":\"https:\/\/estadocomarte.pt\/site\/wp-content\/uploads\/2023\/06\/cropped-cropped-Prancheta-2@2x-100.jpg\",\"width\":1777,\"height\":592,\"caption\":\"Estado com Arte Magazine\"},\"image\":{\"@id\":\"https:\/\/estadocomarte.pt\/site\/#\/schema\/logo\/image\/\"},\"sameAs\":[\"https:\/\/www.instagram.com\/estadocomartemagazine\"]},{\"@type\":\"Person\",\"@id\":\"https:\/\/estadocomarte.pt\/site\/#\/schema\/person\/c0943a071216c1e5b21f85304151e4ba\",\"name\":\"admin\",\"image\":{\"@type\":\"ImageObject\",\"inLanguage\":\"pt-PT\",\"@id\":\"https:\/\/estadocomarte.pt\/site\/#\/schema\/person\/image\/\",\"url\":\"https:\/\/secure.gravatar.com\/avatar\/e6f378fd6914c8505d3e1d40f51fa953b21bab0f3a5658a33bc84cb5bda780f9?s=96&d=mm&r=g\",\"contentUrl\":\"https:\/\/secure.gravatar.com\/avatar\/e6f378fd6914c8505d3e1d40f51fa953b21bab0f3a5658a33bc84cb5bda780f9?s=96&d=mm&r=g\",\"caption\":\"admin\"},\"sameAs\":[\"https:\/\/estadocomarte.pt\/site\"],\"url\":\"https:\/\/estadocomarte.pt\/site\/author\/admin\/\"}]}<\/script>\n<!-- \/ Yoast SEO plugin. -->","yoast_head_json":{"title":"Extrema-direita em ascens\u00e3o: Europa sob tens\u00e3o democr\u00e1tica - Estado com Arte","robots":{"index":"index","follow":"follow","max-snippet":"max-snippet:-1","max-image-preview":"max-image-preview:large","max-video-preview":"max-video-preview:-1"},"canonical":"https:\/\/estadocomarte.pt\/site\/2025\/07\/26\/extrema-direita-em-ascensao-europa-sob-tensao-democratica\/","og_locale":"pt_PT","og_type":"article","og_title":"Extrema-direita em ascens\u00e3o: Europa sob tens\u00e3o democr\u00e1tica - Estado com Arte","og_description":"Jos\u00e9 Padr\u00e3o Mendes, M\u00e9dico Neurologista","og_url":"https:\/\/estadocomarte.pt\/site\/2025\/07\/26\/extrema-direita-em-ascensao-europa-sob-tensao-democratica\/","og_site_name":"Estado com Arte","article_published_time":"2025-07-26T11:21:11+00:00","article_modified_time":"2025-07-26T11:24:12+00:00","og_image":[{"width":900,"height":445,"url":"https:\/\/estadocomarte.pt\/site\/wp-content\/uploads\/2025\/07\/europa-1.jpg","type":"image\/jpeg"}],"author":"admin","twitter_card":"summary_large_image","twitter_misc":{"Escrito por":"admin","Tempo estimado de leitura":"3 minutos"},"schema":{"@context":"https:\/\/schema.org","@graph":[{"@type":"Article","@id":"https:\/\/estadocomarte.pt\/site\/2025\/07\/26\/extrema-direita-em-ascensao-europa-sob-tensao-democratica\/#article","isPartOf":{"@id":"https:\/\/estadocomarte.pt\/site\/2025\/07\/26\/extrema-direita-em-ascensao-europa-sob-tensao-democratica\/"},"author":{"name":"admin","@id":"https:\/\/estadocomarte.pt\/site\/#\/schema\/person\/c0943a071216c1e5b21f85304151e4ba"},"headline":"Extrema-direita em ascens\u00e3o: Europa sob tens\u00e3o democr\u00e1tica","datePublished":"2025-07-26T11:21:11+00:00","dateModified":"2025-07-26T11:24:12+00:00","mainEntityOfPage":{"@id":"https:\/\/estadocomarte.pt\/site\/2025\/07\/26\/extrema-direita-em-ascensao-europa-sob-tensao-democratica\/"},"wordCount":571,"commentCount":0,"publisher":{"@id":"https:\/\/estadocomarte.pt\/site\/#organization"},"image":{"@id":"https:\/\/estadocomarte.pt\/site\/2025\/07\/26\/extrema-direita-em-ascensao-europa-sob-tensao-democratica\/#primaryimage"},"thumbnailUrl":"https:\/\/estadocomarte.pt\/site\/wp-content\/uploads\/2025\/07\/europa-1.jpg","keywords":["Europa","extrema-dierita","portugal"],"articleSection":["Bolha Medi\u00e1tica","Isto Para N\u00f3s"],"inLanguage":"pt-PT","potentialAction":[{"@type":"CommentAction","name":"Comment","target":["https:\/\/estadocomarte.pt\/site\/2025\/07\/26\/extrema-direita-em-ascensao-europa-sob-tensao-democratica\/#respond"]}]},{"@type":"WebPage","@id":"https:\/\/estadocomarte.pt\/site\/2025\/07\/26\/extrema-direita-em-ascensao-europa-sob-tensao-democratica\/","url":"https:\/\/estadocomarte.pt\/site\/2025\/07\/26\/extrema-direita-em-ascensao-europa-sob-tensao-democratica\/","name":"Extrema-direita em ascens\u00e3o: Europa sob tens\u00e3o democr\u00e1tica - Estado com Arte","isPartOf":{"@id":"https:\/\/estadocomarte.pt\/site\/#website"},"primaryImageOfPage":{"@id":"https:\/\/estadocomarte.pt\/site\/2025\/07\/26\/extrema-direita-em-ascensao-europa-sob-tensao-democratica\/#primaryimage"},"image":{"@id":"https:\/\/estadocomarte.pt\/site\/2025\/07\/26\/extrema-direita-em-ascensao-europa-sob-tensao-democratica\/#primaryimage"},"thumbnailUrl":"https:\/\/estadocomarte.pt\/site\/wp-content\/uploads\/2025\/07\/europa-1.jpg","datePublished":"2025-07-26T11:21:11+00:00","dateModified":"2025-07-26T11:24:12+00:00","breadcrumb":{"@id":"https:\/\/estadocomarte.pt\/site\/2025\/07\/26\/extrema-direita-em-ascensao-europa-sob-tensao-democratica\/#breadcrumb"},"inLanguage":"pt-PT","potentialAction":[{"@type":"ReadAction","target":["https:\/\/estadocomarte.pt\/site\/2025\/07\/26\/extrema-direita-em-ascensao-europa-sob-tensao-democratica\/"]}]},{"@type":"ImageObject","inLanguage":"pt-PT","@id":"https:\/\/estadocomarte.pt\/site\/2025\/07\/26\/extrema-direita-em-ascensao-europa-sob-tensao-democratica\/#primaryimage","url":"https:\/\/estadocomarte.pt\/site\/wp-content\/uploads\/2025\/07\/europa-1.jpg","contentUrl":"https:\/\/estadocomarte.pt\/site\/wp-content\/uploads\/2025\/07\/europa-1.jpg","width":900,"height":445},{"@type":"BreadcrumbList","@id":"https:\/\/estadocomarte.pt\/site\/2025\/07\/26\/extrema-direita-em-ascensao-europa-sob-tensao-democratica\/#breadcrumb","itemListElement":[{"@type":"ListItem","position":1,"name":"In\u00edcio","item":"https:\/\/estadocomarte.pt\/site\/"},{"@type":"ListItem","position":2,"name":"Extrema-direita em ascens\u00e3o: Europa sob tens\u00e3o democr\u00e1tica"}]},{"@type":"WebSite","@id":"https:\/\/estadocomarte.pt\/site\/#website","url":"https:\/\/estadocomarte.pt\/site\/","name":"Estado com Arte Magazine","description":"Magazine","publisher":{"@id":"https:\/\/estadocomarte.pt\/site\/#organization"},"alternateName":"Magazine semanal sobre pol\u00edtica e cultura, com autores, opini\u00e3o e cr\u00edticas.","potentialAction":[{"@type":"SearchAction","target":{"@type":"EntryPoint","urlTemplate":"https:\/\/estadocomarte.pt\/site\/?s={search_term_string}"},"query-input":{"@type":"PropertyValueSpecification","valueRequired":true,"valueName":"search_term_string"}}],"inLanguage":"pt-PT"},{"@type":"Organization","@id":"https:\/\/estadocomarte.pt\/site\/#organization","name":"Estado com Arte Magazine","alternateName":"Magazine semanal sobre pol\u00edtica e cultura, com autores, opini\u00e3o e cr\u00edticas.","url":"https:\/\/estadocomarte.pt\/site\/","logo":{"@type":"ImageObject","inLanguage":"pt-PT","@id":"https:\/\/estadocomarte.pt\/site\/#\/schema\/logo\/image\/","url":"https:\/\/estadocomarte.pt\/site\/wp-content\/uploads\/2023\/06\/cropped-cropped-Prancheta-2@2x-100.jpg","contentUrl":"https:\/\/estadocomarte.pt\/site\/wp-content\/uploads\/2023\/06\/cropped-cropped-Prancheta-2@2x-100.jpg","width":1777,"height":592,"caption":"Estado com Arte Magazine"},"image":{"@id":"https:\/\/estadocomarte.pt\/site\/#\/schema\/logo\/image\/"},"sameAs":["https:\/\/www.instagram.com\/estadocomartemagazine"]},{"@type":"Person","@id":"https:\/\/estadocomarte.pt\/site\/#\/schema\/person\/c0943a071216c1e5b21f85304151e4ba","name":"admin","image":{"@type":"ImageObject","inLanguage":"pt-PT","@id":"https:\/\/estadocomarte.pt\/site\/#\/schema\/person\/image\/","url":"https:\/\/secure.gravatar.com\/avatar\/e6f378fd6914c8505d3e1d40f51fa953b21bab0f3a5658a33bc84cb5bda780f9?s=96&d=mm&r=g","contentUrl":"https:\/\/secure.gravatar.com\/avatar\/e6f378fd6914c8505d3e1d40f51fa953b21bab0f3a5658a33bc84cb5bda780f9?s=96&d=mm&r=g","caption":"admin"},"sameAs":["https:\/\/estadocomarte.pt\/site"],"url":"https:\/\/estadocomarte.pt\/site\/author\/admin\/"}]}},"_links":{"self":[{"href":"https:\/\/estadocomarte.pt\/site\/wp-json\/wp\/v2\/posts\/10349","targetHints":{"allow":["GET"]}}],"collection":[{"href":"https:\/\/estadocomarte.pt\/site\/wp-json\/wp\/v2\/posts"}],"about":[{"href":"https:\/\/estadocomarte.pt\/site\/wp-json\/wp\/v2\/types\/post"}],"author":[{"embeddable":true,"href":"https:\/\/estadocomarte.pt\/site\/wp-json\/wp\/v2\/users\/1"}],"replies":[{"embeddable":true,"href":"https:\/\/estadocomarte.pt\/site\/wp-json\/wp\/v2\/comments?post=10349"}],"version-history":[{"count":1,"href":"https:\/\/estadocomarte.pt\/site\/wp-json\/wp\/v2\/posts\/10349\/revisions"}],"predecessor-version":[{"id":10350,"href":"https:\/\/estadocomarte.pt\/site\/wp-json\/wp\/v2\/posts\/10349\/revisions\/10350"}],"wp:featuredmedia":[{"embeddable":true,"href":"https:\/\/estadocomarte.pt\/site\/wp-json\/wp\/v2\/media\/10354"}],"wp:attachment":[{"href":"https:\/\/estadocomarte.pt\/site\/wp-json\/wp\/v2\/media?parent=10349"}],"wp:term":[{"taxonomy":"category","embeddable":true,"href":"https:\/\/estadocomarte.pt\/site\/wp-json\/wp\/v2\/categories?post=10349"},{"taxonomy":"post_tag","embeddable":true,"href":"https:\/\/estadocomarte.pt\/site\/wp-json\/wp\/v2\/tags?post=10349"}],"curies":[{"name":"wp","href":"https:\/\/api.w.org\/{rel}","templated":true}]}}