{"id":10357,"date":"2025-07-29T10:10:15","date_gmt":"2025-07-29T10:10:15","guid":{"rendered":"https:\/\/estadocomarte.pt\/site\/?p=10357"},"modified":"2025-07-29T10:10:15","modified_gmt":"2025-07-29T10:10:15","slug":"ouvir-a-voz-de-alguem-o-papel-da-literatura-na-educacao-do-papa-francisco","status":"publish","type":"post","link":"https:\/\/estadocomarte.pt\/site\/2025\/07\/29\/ouvir-a-voz-de-alguem-o-papel-da-literatura-na-educacao-do-papa-francisco\/","title":{"rendered":"Ouvir a Voz de Algu\u00e9m &#8211; o Papel da Literatura na Educa\u00e7\u00e3o do Papa Francisco"},"content":{"rendered":"<p><strong>H\u00e1 cerca de um ano o Papa Francisco ofereceu ao mundo um documento pastoral muito \u00fatil, que se mostrou n\u00e3o s\u00f3 uma agrad\u00e1vel leitura como tamb\u00e9m um frutuoso ensinamento. Estou a referir-me \u00e0 carta que assinou a 17 de julho com o t\u00edtulo O Papel da Literatura na Educa\u00e7\u00e3o1<\/strong><\/p>\n<p>Como o pr\u00f3prio autor refere no princ\u00edpio desta carta, inicialmente \u201ctinha escrito um t\u00edtulo alusivo a\u0300 forma\u00e7\u00e3o sacerdotal, mas depois pensei que o que se segue pode ser dito, de modo semelhante, em rela\u00e7\u00e3o a\u0300 forma\u00e7\u00e3o de todos os agentes pastorais e de qualquer crist\u00e3o. Refiro-me ao valor da leitura de romances e poemas no caminho do amadurecimento pessoal.\u201d2 Portanto, o Papa Francisco considerava que a leitura de bons livros constitui um benef\u00edcio n\u00e3o s\u00f3 para os seminaristas e padres, mas para todos os crist\u00e3os. Quando o papa fala, todo o mundo ouve. No entanto, o papa convida tamb\u00e9m todos os agentes pastorais a prestarem uma especial aten\u00e7\u00e3o ao que escreve.<\/p>\n<p>\u201cMuitas vezes, no t\u00e9dio das f\u00e9rias, no calor e na solid\u00e3o dos bairros desertos, encontrar um bom livro para ler torna-se um o\u00e1sis, afastando-nos de outras escolhas que s\u00e3o nocivas. Na verdade, n\u00e3o faltam momentos de cansa\u00e7o, irrita\u00e7\u00e3o, desilus\u00e3o, fracasso e, quando nem sequer na ora\u00e7\u00e3o conseguimos encontrar o sossego da alma, pelo menos um bom livro ajuda-nos a enfrentar a tempestade, ate\u0301 que possamos ter um pouco mais de serenidade.\u201d3<\/p>\n<p>Antes da omnipresen\u00e7a dos meios de comunica\u00e7\u00e3o e das redes sociais, a experi\u00eancia de ler um livro no t\u00e9dio e no calor das f\u00e9rias era uma experi\u00eancia comum.<\/p>\n<p>Deve ser dedicado tempo de leitura nos lugares de aprendizagem (o Papa Francisco refere os semin\u00e1rios, no caso da forma\u00e7\u00e3o sacerdotal). A leitura n\u00e3o surge s\u00f3 como uma forma de passatempo (se tenho tempo livre, fa\u00e7o; se n\u00e3o tenho, n\u00e3o fa\u00e7o) ou uma express\u00e3o long\u00ednqua da vida adulta, que tende a ser considerada como um devaneio pueril dos f\u00e1ceis encantamentos e aus\u00eancia de preocupa\u00e7\u00f5es da inf\u00e2ncia. O Papa Francisco \u00e9 perent\u00f3rio ao afirmar que essa perspetiva n\u00e3o \u00e9 boa e que est\u00e1 na origem de \u201cuma forma de grave empobrecimento intelectual e espiritual dos futuros sacerdotes que ficam assim privados de um acesso (&#8230;) ao cora\u00e7\u00e3o do ser humano.\u201d4<\/p>\n<p>Segundo o Papa Francisco, estes s\u00e3o os benef\u00edcios da leitura:<\/p>\n<p>Ajuda-nos a enfrentar a tempestade do t\u00e9dio e a reencontrar a serenidade;<br \/>\nAbre novos espa\u00e7os interiores;<br \/>\nLiberta-nos das ideias obsessivas que nos enredam inexoravelmente;<br \/>\nO leitor reescreve e amplia a obra liter\u00e1ria;<br \/>\nFaz desabrochar a riqueza da sua pr\u00f3pria pessoa e expande o seu universo pessoal.<\/p>\n<p>Vantagens cognitivas da leitura:<\/p>\n<p>Desenvolve v\u00e1rios aspetos da intelig\u00eancia;<br \/>\nEstimula a imagina\u00e7\u00e3o e a criatividade;<br \/>\nPermite que as pessoas aprendam a exprimir as suas narrativas de uma forma mais rica;<br \/>\nMelhora a capacidade de concentra\u00e7\u00e3o;<br \/>\nReduz os n\u00edveis de d\u00e9fice cognitivo;<br \/>\nAcalma o stress e a ansiedade.<br \/>\nPrepara-nos para compreender e enfrentar as v\u00e1rias situa\u00e7\u00f5es que podem surgir na vida.<\/p>\n<p>O Papa Francisco cita alguns bons autores, que devem ser tidos em conta: Marcel Proust, autor de <strong>Em Busca do Tempo Perdido<\/strong>; T. S. Eliot, autor de Coros de \u201c<strong>A Rocha<\/strong>\u201d e \u201c<strong>Assass\u00ednio na Catedra<\/strong>l\u201d e C.S. Lewis, autor d\u2019 <strong>As Cr\u00f3nicas de N\u00e1rnia<\/strong> e de <strong>Vorazmente Teu<\/strong>.<\/p>\n<p>A literatura serve para \u201cfazer eficazmente experi\u00eancia da vida\u201d 5 , \u201cpara escutar a Voz atrav\u00e9s de muitas vozes\u201d6 e \u201cpara dar nome aos seres e \u00e0s coisas\u201d.7<\/p>\n<p>As f\u00e9rias de ver\u00e3o, tal como refere o Papa Francisco, \u00e9 uma altura excelente para p\u00f4r a leitura em dia, atrav\u00e9s de bons livros. Fa\u00e7o aqui um singelo encorajamento \u00e0 leitura neste ver\u00e3o, com algumas sugest\u00f5es:<\/p>\n<p>Amor de Perdi\u00e7\u00e3o, Camilo Castelo Branco<\/p>\n<p>Nos 200 anos de Camilo Castelo Branco, nada como ler o seu livro mais conhecido, mas n\u00e3o faltam a este autor outros livros que expressem bem o que foi o Romantismo em Portugal (<a href=\"https:\/\/estadocomarte.pt\/site\/2025\/03\/16\/200-anos-de-camilo-castelo-branco-amou-perdeu-se-e-morreu-amando\/\">para saber mais, clique aqui<\/a>).<\/p>\n<p><a href=\"https:\/\/www.paulinas.pt\/produto\/a-minha-historia\/\">A Minha Hist\u00f3ria<\/a>, Marcos Pou<\/p>\n<p>A hist\u00f3ria de um seminarista de Barcelona que morreu dez dias depois de entrar no semin\u00e1rio, que escreveu em primeira pessoa os passos de consci\u00eancia que deu, no seu caminho de encontro com Cristo.<\/p>\n<p>O Rapaz do Pijama \u00e0s Riscas, John Boyne<\/p>\n<p>Nos 80 anos do fim da II Guerra Mundial, uma hist\u00f3ria que desvela alguns mist\u00e9rios deste conturbado per\u00edodo hist\u00f3rico atrav\u00e9s dos olhos de uma crian\u00e7a. Bruno \u00e9 um rapaz alem\u00e3o, filho do Comandante de Acho-Vil (Aushcwitz), que, n\u00e3o tendo ningu\u00e9m com quem brincar na sua casa nova, torna-se amigo de um rapaz judeu chamado Shmuel que vive do lado da veda\u00e7\u00e3o. A pouco e pouco, os dois descobrem que n\u00e3o s\u00e3o assim t\u00e3o diferentes como o mundo parece indicar. Uma sugest\u00e3o para falar de guerra e amizade \u00e0s crian\u00e7as.<\/p>\n<p>Percy Jackson e os Ladr\u00f5es do Olimpo, Rick Riordan<\/p>\n<p>Para os jovens f\u00e3s de mitologia, esta saga \u00e9 uma hist\u00f3ria dos deuses do Olimpo nos tempos modernos, em que o centro do mundo ocidental j\u00e1 n\u00e3o \u00e9 a Gr\u00e9cia Antiga, mas sim a cidade de Nova Iorque. Ao longo dos s\u00e9culos, os deuses conviveram com os mortais e geraram filhos com dons especiais. Nos nossos dias, Percy Jackson, um rapaz disl\u00e9xico que \u00e9 expulso de todas as escolas, descobre que \u00e9 filho de Poseidon, o deus do mar, e um novo mundo abre-se para ele quando conhece outros iguais a ele, que vivem numa col\u00f3nia especial para semideuses que os ensina a lidar com os seus poderes e os protege dos monstros que os querem devorar.<\/p>\n<p>A Casa dos Olhares, Daniele Mencarelli<\/p>\n<p>A experi\u00eancia, na primeira pessoa, de um jovem poeta que lida com uma \u201cdoen\u00e7a invis\u00edvel\u201d, que o leva a procurar ref\u00fagio no \u00e1lcool, nas drogas, o que o leva a um internamento num hospital psiqui\u00e1trico que o leva a dar um mergulho na sua consci\u00eancia, cuja experi\u00eancia \u00e9 descrita com a mestria de um poeta.<\/p>\n<p>Vorazmente Teu (Cartas de um Diabo ao seu aprendiz), C.S. Lewis<\/p>\n<p>Escritorpe, um diabo experimentado, escreve ao seu sobrinho novato, Absintox, uma s\u00e9rie de cartas sobre como afastar um homem rec\u00e9m-convertido do Inimigo e a traz\u00ea-lo para junto do \u201cNosso Pai que est\u00e1 nos Infernos\u201d. Com a mestria da linguagem e da imag\u00e9tica de C.S. Lewis, a l\u00f3gica do bem e do mal inverte-se nesta correspond\u00eancia, fazendo-nos entrar na mente mal\u00e9vola deste diabo.<\/p>\n<p>Marcel Proust descrevia a leitura como um telesc\u00f3pio, que nos leva a ver cada vez mais e melhor. A literatura oferece-nos a porta para o cora\u00e7\u00e3o da cultura humana. Lendo estes (ou outros ) livros, cada um poder\u00e1 espreitar pelo telesc\u00f3pio da cultura humana, isto \u00e9, conhecer-se mais a fundo.<\/p>\n<p>1 https:\/\/www.vatican.va\/content\/francesco\/pt\/letters\/2024\/documents\/20240717-lettera-ruolo-letteratura-formazione.html<br \/>\n2 Idem, 1;<br \/>\n3 Idem, 2;<br \/>\n4 Idem, 4;<br \/>\n5 Idem, 30;<br \/>\n6 Idem, 41;<br \/>\n7 Idem, 43;<\/p>\n","protected":false},"excerpt":{"rendered":"<p>Ricardo Formigo,<br \/>\nProfessor de Portugu\u00eas<\/p>\n","protected":false},"author":1,"featured_media":10097,"comment_status":"open","ping_status":"open","sticky":false,"template":"","format":"standard","meta":{"site-sidebar-layout":"default","site-content-layout":"default","ast-global-header-display":"","ast-banner-title-visibility":"","ast-main-header-display":"","ast-hfb-above-header-display":"","ast-hfb-below-header-display":"","ast-hfb-mobile-header-display":"","site-post-title":"","ast-breadcrumbs-content":"","ast-featured-img":"","footer-sml-layout":"","theme-transparent-header-meta":"default","adv-header-id-meta":"","stick-header-meta":"","header-above-stick-meta":"","header-main-stick-meta":"","header-below-stick-meta":"","footnotes":""},"categories":[7,64],"tags":[1010,1011,1009,230],"class_list":["post-10357","post","type-post","status-publish","format-standard","has-post-thumbnail","hentry","category-cultura","category-isto-para-nos","tag-classicos","tag-ler-no-verao","tag-literatura","tag-livros"],"yoast_head":"<!-- This site is optimized with the Yoast SEO plugin v25.1 - https:\/\/yoast.com\/wordpress\/plugins\/seo\/ -->\n<title>Ouvir a Voz de Algu\u00e9m - o Papel da Literatura na Educa\u00e7\u00e3o do Papa Francisco - Estado com Arte<\/title>\n<meta name=\"robots\" content=\"index, follow, max-snippet:-1, max-image-preview:large, max-video-preview:-1\" \/>\n<link rel=\"canonical\" href=\"https:\/\/estadocomarte.pt\/site\/2025\/07\/29\/ouvir-a-voz-de-alguem-o-papel-da-literatura-na-educacao-do-papa-francisco\/\" \/>\n<meta property=\"og:locale\" content=\"pt_PT\" \/>\n<meta property=\"og:type\" content=\"article\" \/>\n<meta property=\"og:title\" content=\"Ouvir a Voz de Algu\u00e9m - o Papel da Literatura na Educa\u00e7\u00e3o do Papa Francisco - Estado com Arte\" \/>\n<meta property=\"og:description\" content=\"Ricardo Formigo, Professor de Portugu\u00eas\" \/>\n<meta property=\"og:url\" content=\"https:\/\/estadocomarte.pt\/site\/2025\/07\/29\/ouvir-a-voz-de-alguem-o-papel-da-literatura-na-educacao-do-papa-francisco\/\" \/>\n<meta property=\"og:site_name\" content=\"Estado com Arte\" \/>\n<meta property=\"article:published_time\" content=\"2025-07-29T10:10:15+00:00\" \/>\n<meta property=\"og:image\" content=\"https:\/\/estadocomarte.pt\/site\/wp-content\/uploads\/2025\/06\/ricardo-formigo2-1.png\" \/>\n\t<meta property=\"og:image:width\" content=\"876\" \/>\n\t<meta property=\"og:image:height\" content=\"796\" \/>\n\t<meta property=\"og:image:type\" content=\"image\/png\" \/>\n<meta name=\"author\" content=\"admin\" \/>\n<meta name=\"twitter:card\" content=\"summary_large_image\" \/>\n<meta name=\"twitter:label1\" content=\"Escrito por\" \/>\n\t<meta name=\"twitter:data1\" content=\"admin\" \/>\n\t<meta name=\"twitter:label2\" content=\"Tempo estimado de leitura\" \/>\n\t<meta name=\"twitter:data2\" content=\"7 minutos\" \/>\n<script type=\"application\/ld+json\" class=\"yoast-schema-graph\">{\"@context\":\"https:\/\/schema.org\",\"@graph\":[{\"@type\":\"Article\",\"@id\":\"https:\/\/estadocomarte.pt\/site\/2025\/07\/29\/ouvir-a-voz-de-alguem-o-papel-da-literatura-na-educacao-do-papa-francisco\/#article\",\"isPartOf\":{\"@id\":\"https:\/\/estadocomarte.pt\/site\/2025\/07\/29\/ouvir-a-voz-de-alguem-o-papel-da-literatura-na-educacao-do-papa-francisco\/\"},\"author\":{\"name\":\"admin\",\"@id\":\"https:\/\/estadocomarte.pt\/site\/#\/schema\/person\/c0943a071216c1e5b21f85304151e4ba\"},\"headline\":\"Ouvir a Voz de Algu\u00e9m &#8211; o Papel da Literatura na Educa\u00e7\u00e3o do Papa Francisco\",\"datePublished\":\"2025-07-29T10:10:15+00:00\",\"mainEntityOfPage\":{\"@id\":\"https:\/\/estadocomarte.pt\/site\/2025\/07\/29\/ouvir-a-voz-de-alguem-o-papel-da-literatura-na-educacao-do-papa-francisco\/\"},\"wordCount\":1225,\"commentCount\":0,\"publisher\":{\"@id\":\"https:\/\/estadocomarte.pt\/site\/#organization\"},\"image\":{\"@id\":\"https:\/\/estadocomarte.pt\/site\/2025\/07\/29\/ouvir-a-voz-de-alguem-o-papel-da-literatura-na-educacao-do-papa-francisco\/#primaryimage\"},\"thumbnailUrl\":\"https:\/\/estadocomarte.pt\/site\/wp-content\/uploads\/2025\/06\/ricardo-formigo2-1.png\",\"keywords\":[\"cl\u00e1ssicos\",\"ler no ver\u00e3o\",\"literatura\",\"livros\"],\"articleSection\":[\"Cultura\",\"Isto Para N\u00f3s\"],\"inLanguage\":\"pt-PT\",\"potentialAction\":[{\"@type\":\"CommentAction\",\"name\":\"Comment\",\"target\":[\"https:\/\/estadocomarte.pt\/site\/2025\/07\/29\/ouvir-a-voz-de-alguem-o-papel-da-literatura-na-educacao-do-papa-francisco\/#respond\"]}]},{\"@type\":\"WebPage\",\"@id\":\"https:\/\/estadocomarte.pt\/site\/2025\/07\/29\/ouvir-a-voz-de-alguem-o-papel-da-literatura-na-educacao-do-papa-francisco\/\",\"url\":\"https:\/\/estadocomarte.pt\/site\/2025\/07\/29\/ouvir-a-voz-de-alguem-o-papel-da-literatura-na-educacao-do-papa-francisco\/\",\"name\":\"Ouvir a Voz de Algu\u00e9m - o Papel da Literatura na Educa\u00e7\u00e3o do Papa Francisco - Estado com Arte\",\"isPartOf\":{\"@id\":\"https:\/\/estadocomarte.pt\/site\/#website\"},\"primaryImageOfPage\":{\"@id\":\"https:\/\/estadocomarte.pt\/site\/2025\/07\/29\/ouvir-a-voz-de-alguem-o-papel-da-literatura-na-educacao-do-papa-francisco\/#primaryimage\"},\"image\":{\"@id\":\"https:\/\/estadocomarte.pt\/site\/2025\/07\/29\/ouvir-a-voz-de-alguem-o-papel-da-literatura-na-educacao-do-papa-francisco\/#primaryimage\"},\"thumbnailUrl\":\"https:\/\/estadocomarte.pt\/site\/wp-content\/uploads\/2025\/06\/ricardo-formigo2-1.png\",\"datePublished\":\"2025-07-29T10:10:15+00:00\",\"breadcrumb\":{\"@id\":\"https:\/\/estadocomarte.pt\/site\/2025\/07\/29\/ouvir-a-voz-de-alguem-o-papel-da-literatura-na-educacao-do-papa-francisco\/#breadcrumb\"},\"inLanguage\":\"pt-PT\",\"potentialAction\":[{\"@type\":\"ReadAction\",\"target\":[\"https:\/\/estadocomarte.pt\/site\/2025\/07\/29\/ouvir-a-voz-de-alguem-o-papel-da-literatura-na-educacao-do-papa-francisco\/\"]}]},{\"@type\":\"ImageObject\",\"inLanguage\":\"pt-PT\",\"@id\":\"https:\/\/estadocomarte.pt\/site\/2025\/07\/29\/ouvir-a-voz-de-alguem-o-papel-da-literatura-na-educacao-do-papa-francisco\/#primaryimage\",\"url\":\"https:\/\/estadocomarte.pt\/site\/wp-content\/uploads\/2025\/06\/ricardo-formigo2-1.png\",\"contentUrl\":\"https:\/\/estadocomarte.pt\/site\/wp-content\/uploads\/2025\/06\/ricardo-formigo2-1.png\",\"width\":876,\"height\":796},{\"@type\":\"BreadcrumbList\",\"@id\":\"https:\/\/estadocomarte.pt\/site\/2025\/07\/29\/ouvir-a-voz-de-alguem-o-papel-da-literatura-na-educacao-do-papa-francisco\/#breadcrumb\",\"itemListElement\":[{\"@type\":\"ListItem\",\"position\":1,\"name\":\"In\u00edcio\",\"item\":\"https:\/\/estadocomarte.pt\/site\/\"},{\"@type\":\"ListItem\",\"position\":2,\"name\":\"Ouvir a Voz de Algu\u00e9m &#8211; o Papel da Literatura na Educa\u00e7\u00e3o do Papa Francisco\"}]},{\"@type\":\"WebSite\",\"@id\":\"https:\/\/estadocomarte.pt\/site\/#website\",\"url\":\"https:\/\/estadocomarte.pt\/site\/\",\"name\":\"Estado com Arte Magazine\",\"description\":\"Magazine\",\"publisher\":{\"@id\":\"https:\/\/estadocomarte.pt\/site\/#organization\"},\"alternateName\":\"Magazine semanal sobre pol\u00edtica e cultura, com autores, opini\u00e3o e cr\u00edticas.\",\"potentialAction\":[{\"@type\":\"SearchAction\",\"target\":{\"@type\":\"EntryPoint\",\"urlTemplate\":\"https:\/\/estadocomarte.pt\/site\/?s={search_term_string}\"},\"query-input\":{\"@type\":\"PropertyValueSpecification\",\"valueRequired\":true,\"valueName\":\"search_term_string\"}}],\"inLanguage\":\"pt-PT\"},{\"@type\":\"Organization\",\"@id\":\"https:\/\/estadocomarte.pt\/site\/#organization\",\"name\":\"Estado com Arte Magazine\",\"alternateName\":\"Magazine semanal sobre pol\u00edtica e cultura, com autores, opini\u00e3o e cr\u00edticas.\",\"url\":\"https:\/\/estadocomarte.pt\/site\/\",\"logo\":{\"@type\":\"ImageObject\",\"inLanguage\":\"pt-PT\",\"@id\":\"https:\/\/estadocomarte.pt\/site\/#\/schema\/logo\/image\/\",\"url\":\"https:\/\/estadocomarte.pt\/site\/wp-content\/uploads\/2023\/06\/cropped-cropped-Prancheta-2@2x-100.jpg\",\"contentUrl\":\"https:\/\/estadocomarte.pt\/site\/wp-content\/uploads\/2023\/06\/cropped-cropped-Prancheta-2@2x-100.jpg\",\"width\":1777,\"height\":592,\"caption\":\"Estado com Arte Magazine\"},\"image\":{\"@id\":\"https:\/\/estadocomarte.pt\/site\/#\/schema\/logo\/image\/\"},\"sameAs\":[\"https:\/\/www.instagram.com\/estadocomartemagazine\"]},{\"@type\":\"Person\",\"@id\":\"https:\/\/estadocomarte.pt\/site\/#\/schema\/person\/c0943a071216c1e5b21f85304151e4ba\",\"name\":\"admin\",\"image\":{\"@type\":\"ImageObject\",\"inLanguage\":\"pt-PT\",\"@id\":\"https:\/\/estadocomarte.pt\/site\/#\/schema\/person\/image\/\",\"url\":\"https:\/\/secure.gravatar.com\/avatar\/e6f378fd6914c8505d3e1d40f51fa953b21bab0f3a5658a33bc84cb5bda780f9?s=96&d=mm&r=g\",\"contentUrl\":\"https:\/\/secure.gravatar.com\/avatar\/e6f378fd6914c8505d3e1d40f51fa953b21bab0f3a5658a33bc84cb5bda780f9?s=96&d=mm&r=g\",\"caption\":\"admin\"},\"sameAs\":[\"https:\/\/estadocomarte.pt\/site\"],\"url\":\"https:\/\/estadocomarte.pt\/site\/author\/admin\/\"}]}<\/script>\n<!-- \/ Yoast SEO plugin. -->","yoast_head_json":{"title":"Ouvir a Voz de Algu\u00e9m - o Papel da Literatura na Educa\u00e7\u00e3o do Papa Francisco - Estado com Arte","robots":{"index":"index","follow":"follow","max-snippet":"max-snippet:-1","max-image-preview":"max-image-preview:large","max-video-preview":"max-video-preview:-1"},"canonical":"https:\/\/estadocomarte.pt\/site\/2025\/07\/29\/ouvir-a-voz-de-alguem-o-papel-da-literatura-na-educacao-do-papa-francisco\/","og_locale":"pt_PT","og_type":"article","og_title":"Ouvir a Voz de Algu\u00e9m - o Papel da Literatura na Educa\u00e7\u00e3o do Papa Francisco - Estado com Arte","og_description":"Ricardo Formigo, Professor de Portugu\u00eas","og_url":"https:\/\/estadocomarte.pt\/site\/2025\/07\/29\/ouvir-a-voz-de-alguem-o-papel-da-literatura-na-educacao-do-papa-francisco\/","og_site_name":"Estado com Arte","article_published_time":"2025-07-29T10:10:15+00:00","og_image":[{"width":876,"height":796,"url":"https:\/\/estadocomarte.pt\/site\/wp-content\/uploads\/2025\/06\/ricardo-formigo2-1.png","type":"image\/png"}],"author":"admin","twitter_card":"summary_large_image","twitter_misc":{"Escrito por":"admin","Tempo estimado de leitura":"7 minutos"},"schema":{"@context":"https:\/\/schema.org","@graph":[{"@type":"Article","@id":"https:\/\/estadocomarte.pt\/site\/2025\/07\/29\/ouvir-a-voz-de-alguem-o-papel-da-literatura-na-educacao-do-papa-francisco\/#article","isPartOf":{"@id":"https:\/\/estadocomarte.pt\/site\/2025\/07\/29\/ouvir-a-voz-de-alguem-o-papel-da-literatura-na-educacao-do-papa-francisco\/"},"author":{"name":"admin","@id":"https:\/\/estadocomarte.pt\/site\/#\/schema\/person\/c0943a071216c1e5b21f85304151e4ba"},"headline":"Ouvir a Voz de Algu\u00e9m &#8211; o Papel da Literatura na Educa\u00e7\u00e3o do Papa Francisco","datePublished":"2025-07-29T10:10:15+00:00","mainEntityOfPage":{"@id":"https:\/\/estadocomarte.pt\/site\/2025\/07\/29\/ouvir-a-voz-de-alguem-o-papel-da-literatura-na-educacao-do-papa-francisco\/"},"wordCount":1225,"commentCount":0,"publisher":{"@id":"https:\/\/estadocomarte.pt\/site\/#organization"},"image":{"@id":"https:\/\/estadocomarte.pt\/site\/2025\/07\/29\/ouvir-a-voz-de-alguem-o-papel-da-literatura-na-educacao-do-papa-francisco\/#primaryimage"},"thumbnailUrl":"https:\/\/estadocomarte.pt\/site\/wp-content\/uploads\/2025\/06\/ricardo-formigo2-1.png","keywords":["cl\u00e1ssicos","ler no ver\u00e3o","literatura","livros"],"articleSection":["Cultura","Isto Para N\u00f3s"],"inLanguage":"pt-PT","potentialAction":[{"@type":"CommentAction","name":"Comment","target":["https:\/\/estadocomarte.pt\/site\/2025\/07\/29\/ouvir-a-voz-de-alguem-o-papel-da-literatura-na-educacao-do-papa-francisco\/#respond"]}]},{"@type":"WebPage","@id":"https:\/\/estadocomarte.pt\/site\/2025\/07\/29\/ouvir-a-voz-de-alguem-o-papel-da-literatura-na-educacao-do-papa-francisco\/","url":"https:\/\/estadocomarte.pt\/site\/2025\/07\/29\/ouvir-a-voz-de-alguem-o-papel-da-literatura-na-educacao-do-papa-francisco\/","name":"Ouvir a Voz de Algu\u00e9m - o Papel da Literatura na Educa\u00e7\u00e3o do Papa Francisco - Estado com Arte","isPartOf":{"@id":"https:\/\/estadocomarte.pt\/site\/#website"},"primaryImageOfPage":{"@id":"https:\/\/estadocomarte.pt\/site\/2025\/07\/29\/ouvir-a-voz-de-alguem-o-papel-da-literatura-na-educacao-do-papa-francisco\/#primaryimage"},"image":{"@id":"https:\/\/estadocomarte.pt\/site\/2025\/07\/29\/ouvir-a-voz-de-alguem-o-papel-da-literatura-na-educacao-do-papa-francisco\/#primaryimage"},"thumbnailUrl":"https:\/\/estadocomarte.pt\/site\/wp-content\/uploads\/2025\/06\/ricardo-formigo2-1.png","datePublished":"2025-07-29T10:10:15+00:00","breadcrumb":{"@id":"https:\/\/estadocomarte.pt\/site\/2025\/07\/29\/ouvir-a-voz-de-alguem-o-papel-da-literatura-na-educacao-do-papa-francisco\/#breadcrumb"},"inLanguage":"pt-PT","potentialAction":[{"@type":"ReadAction","target":["https:\/\/estadocomarte.pt\/site\/2025\/07\/29\/ouvir-a-voz-de-alguem-o-papel-da-literatura-na-educacao-do-papa-francisco\/"]}]},{"@type":"ImageObject","inLanguage":"pt-PT","@id":"https:\/\/estadocomarte.pt\/site\/2025\/07\/29\/ouvir-a-voz-de-alguem-o-papel-da-literatura-na-educacao-do-papa-francisco\/#primaryimage","url":"https:\/\/estadocomarte.pt\/site\/wp-content\/uploads\/2025\/06\/ricardo-formigo2-1.png","contentUrl":"https:\/\/estadocomarte.pt\/site\/wp-content\/uploads\/2025\/06\/ricardo-formigo2-1.png","width":876,"height":796},{"@type":"BreadcrumbList","@id":"https:\/\/estadocomarte.pt\/site\/2025\/07\/29\/ouvir-a-voz-de-alguem-o-papel-da-literatura-na-educacao-do-papa-francisco\/#breadcrumb","itemListElement":[{"@type":"ListItem","position":1,"name":"In\u00edcio","item":"https:\/\/estadocomarte.pt\/site\/"},{"@type":"ListItem","position":2,"name":"Ouvir a Voz de Algu\u00e9m &#8211; o Papel da Literatura na Educa\u00e7\u00e3o do Papa Francisco"}]},{"@type":"WebSite","@id":"https:\/\/estadocomarte.pt\/site\/#website","url":"https:\/\/estadocomarte.pt\/site\/","name":"Estado com Arte Magazine","description":"Magazine","publisher":{"@id":"https:\/\/estadocomarte.pt\/site\/#organization"},"alternateName":"Magazine semanal sobre pol\u00edtica e cultura, com autores, opini\u00e3o e cr\u00edticas.","potentialAction":[{"@type":"SearchAction","target":{"@type":"EntryPoint","urlTemplate":"https:\/\/estadocomarte.pt\/site\/?s={search_term_string}"},"query-input":{"@type":"PropertyValueSpecification","valueRequired":true,"valueName":"search_term_string"}}],"inLanguage":"pt-PT"},{"@type":"Organization","@id":"https:\/\/estadocomarte.pt\/site\/#organization","name":"Estado com Arte Magazine","alternateName":"Magazine semanal sobre pol\u00edtica e cultura, com autores, opini\u00e3o e cr\u00edticas.","url":"https:\/\/estadocomarte.pt\/site\/","logo":{"@type":"ImageObject","inLanguage":"pt-PT","@id":"https:\/\/estadocomarte.pt\/site\/#\/schema\/logo\/image\/","url":"https:\/\/estadocomarte.pt\/site\/wp-content\/uploads\/2023\/06\/cropped-cropped-Prancheta-2@2x-100.jpg","contentUrl":"https:\/\/estadocomarte.pt\/site\/wp-content\/uploads\/2023\/06\/cropped-cropped-Prancheta-2@2x-100.jpg","width":1777,"height":592,"caption":"Estado com Arte Magazine"},"image":{"@id":"https:\/\/estadocomarte.pt\/site\/#\/schema\/logo\/image\/"},"sameAs":["https:\/\/www.instagram.com\/estadocomartemagazine"]},{"@type":"Person","@id":"https:\/\/estadocomarte.pt\/site\/#\/schema\/person\/c0943a071216c1e5b21f85304151e4ba","name":"admin","image":{"@type":"ImageObject","inLanguage":"pt-PT","@id":"https:\/\/estadocomarte.pt\/site\/#\/schema\/person\/image\/","url":"https:\/\/secure.gravatar.com\/avatar\/e6f378fd6914c8505d3e1d40f51fa953b21bab0f3a5658a33bc84cb5bda780f9?s=96&d=mm&r=g","contentUrl":"https:\/\/secure.gravatar.com\/avatar\/e6f378fd6914c8505d3e1d40f51fa953b21bab0f3a5658a33bc84cb5bda780f9?s=96&d=mm&r=g","caption":"admin"},"sameAs":["https:\/\/estadocomarte.pt\/site"],"url":"https:\/\/estadocomarte.pt\/site\/author\/admin\/"}]}},"_links":{"self":[{"href":"https:\/\/estadocomarte.pt\/site\/wp-json\/wp\/v2\/posts\/10357","targetHints":{"allow":["GET"]}}],"collection":[{"href":"https:\/\/estadocomarte.pt\/site\/wp-json\/wp\/v2\/posts"}],"about":[{"href":"https:\/\/estadocomarte.pt\/site\/wp-json\/wp\/v2\/types\/post"}],"author":[{"embeddable":true,"href":"https:\/\/estadocomarte.pt\/site\/wp-json\/wp\/v2\/users\/1"}],"replies":[{"embeddable":true,"href":"https:\/\/estadocomarte.pt\/site\/wp-json\/wp\/v2\/comments?post=10357"}],"version-history":[{"count":1,"href":"https:\/\/estadocomarte.pt\/site\/wp-json\/wp\/v2\/posts\/10357\/revisions"}],"predecessor-version":[{"id":10358,"href":"https:\/\/estadocomarte.pt\/site\/wp-json\/wp\/v2\/posts\/10357\/revisions\/10358"}],"wp:featuredmedia":[{"embeddable":true,"href":"https:\/\/estadocomarte.pt\/site\/wp-json\/wp\/v2\/media\/10097"}],"wp:attachment":[{"href":"https:\/\/estadocomarte.pt\/site\/wp-json\/wp\/v2\/media?parent=10357"}],"wp:term":[{"taxonomy":"category","embeddable":true,"href":"https:\/\/estadocomarte.pt\/site\/wp-json\/wp\/v2\/categories?post=10357"},{"taxonomy":"post_tag","embeddable":true,"href":"https:\/\/estadocomarte.pt\/site\/wp-json\/wp\/v2\/tags?post=10357"}],"curies":[{"name":"wp","href":"https:\/\/api.w.org\/{rel}","templated":true}]}}