{"id":10454,"date":"2025-08-13T11:26:14","date_gmt":"2025-08-13T11:26:14","guid":{"rendered":"https:\/\/estadocomarte.pt\/site\/?p=10454"},"modified":"2025-08-17T10:28:35","modified_gmt":"2025-08-17T10:28:35","slug":"o-polvo-socialista-que-mina-a-democracia","status":"publish","type":"post","link":"https:\/\/estadocomarte.pt\/site\/2025\/08\/13\/o-polvo-socialista-que-mina-a-democracia\/","title":{"rendered":"O POLVO SOCIALISTA QUE MINA A DEMOCRACIA"},"content":{"rendered":"<p><strong>Os resultados das elei\u00e7\u00f5es legislativas ditaram uma forte e traumatizante queda da vota\u00e7\u00e3o na esquerda partid\u00e1ria, com especial \u00eanfase no partido socialista, deixando os seus protagonistas em p\u00e2nico generalizado, com uma viragem in\u00e9dita ao centro (se \u00e9 que se pode dizer que o PSD n\u00e3o \u00e9 um partido de esquerda) e \u00e0 direita, de tal forma que pela primeira vez na hist\u00f3ria da democracia, o PS n\u00e3o \u00e9 tido nem achado para se poder rever a Constitui\u00e7\u00e3o. AD e Chega, podem e deviam j\u00e1 estar a faz\u00ea-lo, n\u00e3o fosse o tacticismo pol\u00edtico e hip\u00f3crita da AD.<\/strong><\/p>\n<p>Face a esses resultados, pensavam os ing\u00e9nuos, ou menos atentos, que bastaria a democracia eleitoral funcionar e era s\u00f3 governar, pois desiludam-se, porque o caminho est\u00e1 minado, o polvo socialista tem os tent\u00e1culos repressivos estendidos pelas mais diversas institui\u00e7\u00f5es e entidades, s\u00e3o os sindicatos, as escolas e universidades invadidas por programas e respons\u00e1veis marxistas, s\u00e3o lugares de nomea\u00e7\u00e3o da administra\u00e7\u00e3o p\u00fablica infestados por gente deles, s\u00e3o os tribunais e muito mais e como se n\u00e3o bastasse, o PS fez o jackpot, ao beneficiar do maior tent\u00e1culo, um presidente da rep\u00fablica que coabitou em pecaminosa amizade com o anterior primeiro ministro e tudo faz para dificultar a vida ao atual.<\/p>\n<p>Um verdadeiro cretino agravado pela senilidade evidente, que comanda a partir de Bel\u00e9m a oposi\u00e7\u00e3o ao governo, por uma inimizade clara a Montenegro e que invalida tudo quanto cheire a pol\u00edticas mais \u00e0 direita, por \u00f3dio de estima\u00e7\u00e3o antigo e permanente a Andr\u00e9 Ventura.<\/p>\n<p>Nada de novo, mas o envio da chamada \u201clei da imigra\u00e7\u00e3o\u201d para o Tribunal Constitucional, veio evidenciar a cretinice do presidente a que se juntaram os ju\u00edzes daquele tribunal, que se entret\u00eam a fazer pol\u00edtica nas horas vagas, que s\u00e3o imensas, para quem vai l\u00e1 ao pal\u00e1cio Ratton uma ou duas vezes por semana (quando v\u00e3o), usufruem de carro do Estado e motorista, ganham cerca de 6.600,00\u20ac, acrescidos de ajudas de custo e subs\u00eddios de alojamento se residirem a mais de 100 km de Lisboa.<\/p>\n<p>Nada mau para quem foi nomeado pelos partidos e como tal devem-lhes esse favor, que pagam com pareceres adequados aos respetivos interesses partid\u00e1rios e como se n\u00e3o bastasse, fazem o que querem, sem controlo, como se de vacas sagradas se tratassem e os seus pareceres t\u00eam consequ\u00eancias nas vidas das pessoas.<\/p>\n<p>No caso da \u201clei da imigra\u00e7\u00e3o\u201d, agora em discuss\u00e3o, com um parecer de\u00a0<strong>inconstitucionalidade<\/strong>, foi assim que decidiram comportar-se como se estivessem a apreciar a constitui\u00e7\u00e3o do Bangladesh, da \u00cdndia, do Senegal, do Brasil, de Angola, ou de qualquer outro pa\u00eds, saindo em defesa dos cidad\u00e3os estrangeiros que nos invadem e n\u00e3o dos portugueses, que por acaso s\u00e3o quem lhes paga o sal\u00e1rio e todas as benesses.<\/p>\n<p>Evidentemente que, como em tudo na vida, h\u00e1 por l\u00e1 exce\u00e7\u00f5es, como por exemplo o pr\u00f3prio vice-presidente daquele tribunal, tendo considerado que n\u00e3o havia naquela lei, proposta pelo governo com o apoio do Chega, nenhuma inconstitucionalidade e disse ainda que o que houve foi colegas que tomaram decis\u00f5es por\u00a0<em>\u201cconvic\u00e7\u00e3o pessoal\u201d<\/em>, ou melhor, por convic\u00e7\u00e3o pol\u00edtica partid\u00e1ria, digo eu, considerando mesmo que as medidas propostas s\u00e3o\u00a0<em>\u201cperfeitamente razo\u00e1veis\u201d<\/em>\u00a0e houve uma ju\u00edza que foi mais longe, cujo nome importa registar pela positiva, Maria Benedita Urbano, que disse tudo o que vai na alma e no dia a dia dos portugueses, sendo clara, ao afirmar que\u00a0<em>\u201ca lei como est\u00e1, tem como consequ\u00eancia a manuten\u00e7\u00e3o de uma pol\u00edtica de fronteiras abertas e a pron\u00fancia de inconstitucionalidade, mostra-se alheada da atual situa\u00e7\u00e3o do pa\u00eds, com setores vitais, como a sa\u00fade, a habita\u00e7\u00e3o e o ensino, em risco de colapsar. Basta viver em Portugal para sentir esta realidade, situa\u00e7\u00e3o catastr\u00f3fica que n\u00e3o afeta apenas os cidad\u00e3os nacionais, mas que gera incapacidade de integra\u00e7\u00e3o dos pr\u00f3prios imigrantes\u201d,\u00a0<\/em>disse ela e s\u00f3 n\u00e3o percebem isto, dez dos seus colegas do TC, que est\u00e3o ali a fazer pol\u00edtica em favor de quem os nomeou, o partido socialista, ao inv\u00e9s de fazerem aquilo que lhes compete, justi\u00e7a pelos portugueses, porque aquela \u00e9 a Constitui\u00e7\u00e3o da Rep\u00fablica Portuguesa.<\/p>\n<p>Portugal n\u00e3o pode transformar-se no Brasil ou na Venezuela, com a justi\u00e7a, neste caso, a fazer oposi\u00e7\u00e3o ao poder democraticamente eleito, urge, portanto, banir aquela gente dali o quanto antes, ou estes cambalachos constitucionais v\u00e3o continuar a subverter a democracia em toda a linha.<\/p>\n<p>Ao mesmo tempo serve para que a AD n\u00e3o ande por a\u00ed armada em politicamente correta a tentar agradar ao PS, a dizer que a revis\u00e3o da constitui\u00e7\u00e3o n\u00e3o \u00e9 urgente e aqui fica demonstrado que \u00e9 fundamental banir as estruturas socialistas, como \u00e9 urgente limpar Portugal, a come\u00e7ar j\u00e1 pelo Tribunal Constitucional.<\/p>\n","protected":false},"excerpt":{"rendered":"<p>Rui Gon\u00e7alves,<br \/>\nArquitecto<\/p>\n","protected":false},"author":1,"featured_media":2202,"comment_status":"open","ping_status":"open","sticky":false,"template":"","format":"standard","meta":{"site-sidebar-layout":"default","site-content-layout":"default","ast-global-header-display":"","ast-banner-title-visibility":"","ast-main-header-display":"","ast-hfb-above-header-display":"","ast-hfb-below-header-display":"","ast-hfb-mobile-header-display":"","site-post-title":"","ast-breadcrumbs-content":"","ast-featured-img":"","footer-sml-layout":"","theme-transparent-header-meta":"default","adv-header-id-meta":"","stick-header-meta":"","header-above-stick-meta":"","header-main-stick-meta":"","header-below-stick-meta":"","footnotes":""},"categories":[11],"tags":[233],"class_list":["post-10454","post","type-post","status-publish","format-standard","has-post-thumbnail","hentry","category-opiniao","tag-rui-goncalves"],"yoast_head":"<!-- This site is optimized with the Yoast SEO plugin v25.1 - https:\/\/yoast.com\/wordpress\/plugins\/seo\/ -->\n<title>O POLVO SOCIALISTA QUE MINA A DEMOCRACIA - Estado com Arte<\/title>\n<meta name=\"robots\" content=\"index, follow, max-snippet:-1, max-image-preview:large, max-video-preview:-1\" \/>\n<link rel=\"canonical\" href=\"https:\/\/estadocomarte.pt\/site\/2025\/08\/13\/o-polvo-socialista-que-mina-a-democracia\/\" \/>\n<meta property=\"og:locale\" content=\"pt_PT\" \/>\n<meta property=\"og:type\" content=\"article\" \/>\n<meta property=\"og:title\" content=\"O POLVO SOCIALISTA QUE MINA A DEMOCRACIA - Estado com Arte\" \/>\n<meta property=\"og:description\" content=\"Rui Gon\u00e7alves, Arquitecto\" \/>\n<meta property=\"og:url\" content=\"https:\/\/estadocomarte.pt\/site\/2025\/08\/13\/o-polvo-socialista-que-mina-a-democracia\/\" \/>\n<meta property=\"og:site_name\" content=\"Estado com Arte\" \/>\n<meta property=\"article:published_time\" content=\"2025-08-13T11:26:14+00:00\" \/>\n<meta property=\"article:modified_time\" content=\"2025-08-17T10:28:35+00:00\" \/>\n<meta property=\"og:image\" content=\"https:\/\/estadocomarte.pt\/site\/wp-content\/uploads\/2023\/08\/Rui-Goncalves.jpg\" \/>\n\t<meta property=\"og:image:width\" content=\"536\" \/>\n\t<meta property=\"og:image:height\" content=\"632\" \/>\n\t<meta property=\"og:image:type\" content=\"image\/jpeg\" \/>\n<meta name=\"author\" content=\"admin\" \/>\n<meta name=\"twitter:card\" content=\"summary_large_image\" \/>\n<meta name=\"twitter:label1\" content=\"Escrito por\" \/>\n\t<meta name=\"twitter:data1\" content=\"admin\" \/>\n\t<meta name=\"twitter:label2\" content=\"Tempo estimado de leitura\" \/>\n\t<meta name=\"twitter:data2\" content=\"5 minutos\" \/>\n<script type=\"application\/ld+json\" class=\"yoast-schema-graph\">{\"@context\":\"https:\/\/schema.org\",\"@graph\":[{\"@type\":\"Article\",\"@id\":\"https:\/\/estadocomarte.pt\/site\/2025\/08\/13\/o-polvo-socialista-que-mina-a-democracia\/#article\",\"isPartOf\":{\"@id\":\"https:\/\/estadocomarte.pt\/site\/2025\/08\/13\/o-polvo-socialista-que-mina-a-democracia\/\"},\"author\":{\"name\":\"admin\",\"@id\":\"https:\/\/estadocomarte.pt\/site\/#\/schema\/person\/c0943a071216c1e5b21f85304151e4ba\"},\"headline\":\"O POLVO SOCIALISTA QUE MINA A DEMOCRACIA\",\"datePublished\":\"2025-08-13T11:26:14+00:00\",\"dateModified\":\"2025-08-17T10:28:35+00:00\",\"mainEntityOfPage\":{\"@id\":\"https:\/\/estadocomarte.pt\/site\/2025\/08\/13\/o-polvo-socialista-que-mina-a-democracia\/\"},\"wordCount\":856,\"commentCount\":0,\"publisher\":{\"@id\":\"https:\/\/estadocomarte.pt\/site\/#organization\"},\"image\":{\"@id\":\"https:\/\/estadocomarte.pt\/site\/2025\/08\/13\/o-polvo-socialista-que-mina-a-democracia\/#primaryimage\"},\"thumbnailUrl\":\"https:\/\/estadocomarte.pt\/site\/wp-content\/uploads\/2023\/08\/Rui-Goncalves.jpg\",\"keywords\":[\"rui gon\u00e7alves\"],\"articleSection\":[\"Opini\u00e3o\"],\"inLanguage\":\"pt-PT\",\"potentialAction\":[{\"@type\":\"CommentAction\",\"name\":\"Comment\",\"target\":[\"https:\/\/estadocomarte.pt\/site\/2025\/08\/13\/o-polvo-socialista-que-mina-a-democracia\/#respond\"]}]},{\"@type\":\"WebPage\",\"@id\":\"https:\/\/estadocomarte.pt\/site\/2025\/08\/13\/o-polvo-socialista-que-mina-a-democracia\/\",\"url\":\"https:\/\/estadocomarte.pt\/site\/2025\/08\/13\/o-polvo-socialista-que-mina-a-democracia\/\",\"name\":\"O POLVO SOCIALISTA QUE MINA A DEMOCRACIA - Estado com Arte\",\"isPartOf\":{\"@id\":\"https:\/\/estadocomarte.pt\/site\/#website\"},\"primaryImageOfPage\":{\"@id\":\"https:\/\/estadocomarte.pt\/site\/2025\/08\/13\/o-polvo-socialista-que-mina-a-democracia\/#primaryimage\"},\"image\":{\"@id\":\"https:\/\/estadocomarte.pt\/site\/2025\/08\/13\/o-polvo-socialista-que-mina-a-democracia\/#primaryimage\"},\"thumbnailUrl\":\"https:\/\/estadocomarte.pt\/site\/wp-content\/uploads\/2023\/08\/Rui-Goncalves.jpg\",\"datePublished\":\"2025-08-13T11:26:14+00:00\",\"dateModified\":\"2025-08-17T10:28:35+00:00\",\"breadcrumb\":{\"@id\":\"https:\/\/estadocomarte.pt\/site\/2025\/08\/13\/o-polvo-socialista-que-mina-a-democracia\/#breadcrumb\"},\"inLanguage\":\"pt-PT\",\"potentialAction\":[{\"@type\":\"ReadAction\",\"target\":[\"https:\/\/estadocomarte.pt\/site\/2025\/08\/13\/o-polvo-socialista-que-mina-a-democracia\/\"]}]},{\"@type\":\"ImageObject\",\"inLanguage\":\"pt-PT\",\"@id\":\"https:\/\/estadocomarte.pt\/site\/2025\/08\/13\/o-polvo-socialista-que-mina-a-democracia\/#primaryimage\",\"url\":\"https:\/\/estadocomarte.pt\/site\/wp-content\/uploads\/2023\/08\/Rui-Goncalves.jpg\",\"contentUrl\":\"https:\/\/estadocomarte.pt\/site\/wp-content\/uploads\/2023\/08\/Rui-Goncalves.jpg\",\"width\":536,\"height\":632,\"caption\":\"Rui Gon\u00e7alvez\"},{\"@type\":\"BreadcrumbList\",\"@id\":\"https:\/\/estadocomarte.pt\/site\/2025\/08\/13\/o-polvo-socialista-que-mina-a-democracia\/#breadcrumb\",\"itemListElement\":[{\"@type\":\"ListItem\",\"position\":1,\"name\":\"In\u00edcio\",\"item\":\"https:\/\/estadocomarte.pt\/site\/\"},{\"@type\":\"ListItem\",\"position\":2,\"name\":\"O POLVO SOCIALISTA QUE MINA A DEMOCRACIA\"}]},{\"@type\":\"WebSite\",\"@id\":\"https:\/\/estadocomarte.pt\/site\/#website\",\"url\":\"https:\/\/estadocomarte.pt\/site\/\",\"name\":\"Estado com Arte Magazine\",\"description\":\"Magazine\",\"publisher\":{\"@id\":\"https:\/\/estadocomarte.pt\/site\/#organization\"},\"alternateName\":\"Magazine semanal sobre pol\u00edtica e cultura, com autores, opini\u00e3o e cr\u00edticas.\",\"potentialAction\":[{\"@type\":\"SearchAction\",\"target\":{\"@type\":\"EntryPoint\",\"urlTemplate\":\"https:\/\/estadocomarte.pt\/site\/?s={search_term_string}\"},\"query-input\":{\"@type\":\"PropertyValueSpecification\",\"valueRequired\":true,\"valueName\":\"search_term_string\"}}],\"inLanguage\":\"pt-PT\"},{\"@type\":\"Organization\",\"@id\":\"https:\/\/estadocomarte.pt\/site\/#organization\",\"name\":\"Estado com Arte Magazine\",\"alternateName\":\"Magazine semanal sobre pol\u00edtica e cultura, com autores, opini\u00e3o e cr\u00edticas.\",\"url\":\"https:\/\/estadocomarte.pt\/site\/\",\"logo\":{\"@type\":\"ImageObject\",\"inLanguage\":\"pt-PT\",\"@id\":\"https:\/\/estadocomarte.pt\/site\/#\/schema\/logo\/image\/\",\"url\":\"https:\/\/estadocomarte.pt\/site\/wp-content\/uploads\/2023\/06\/cropped-cropped-Prancheta-2@2x-100.jpg\",\"contentUrl\":\"https:\/\/estadocomarte.pt\/site\/wp-content\/uploads\/2023\/06\/cropped-cropped-Prancheta-2@2x-100.jpg\",\"width\":1777,\"height\":592,\"caption\":\"Estado com Arte Magazine\"},\"image\":{\"@id\":\"https:\/\/estadocomarte.pt\/site\/#\/schema\/logo\/image\/\"},\"sameAs\":[\"https:\/\/www.instagram.com\/estadocomartemagazine\"]},{\"@type\":\"Person\",\"@id\":\"https:\/\/estadocomarte.pt\/site\/#\/schema\/person\/c0943a071216c1e5b21f85304151e4ba\",\"name\":\"admin\",\"image\":{\"@type\":\"ImageObject\",\"inLanguage\":\"pt-PT\",\"@id\":\"https:\/\/estadocomarte.pt\/site\/#\/schema\/person\/image\/\",\"url\":\"https:\/\/secure.gravatar.com\/avatar\/e6f378fd6914c8505d3e1d40f51fa953b21bab0f3a5658a33bc84cb5bda780f9?s=96&d=mm&r=g\",\"contentUrl\":\"https:\/\/secure.gravatar.com\/avatar\/e6f378fd6914c8505d3e1d40f51fa953b21bab0f3a5658a33bc84cb5bda780f9?s=96&d=mm&r=g\",\"caption\":\"admin\"},\"sameAs\":[\"https:\/\/estadocomarte.pt\/site\"],\"url\":\"https:\/\/estadocomarte.pt\/site\/author\/admin\/\"}]}<\/script>\n<!-- \/ Yoast SEO plugin. -->","yoast_head_json":{"title":"O POLVO SOCIALISTA QUE MINA A DEMOCRACIA - Estado com Arte","robots":{"index":"index","follow":"follow","max-snippet":"max-snippet:-1","max-image-preview":"max-image-preview:large","max-video-preview":"max-video-preview:-1"},"canonical":"https:\/\/estadocomarte.pt\/site\/2025\/08\/13\/o-polvo-socialista-que-mina-a-democracia\/","og_locale":"pt_PT","og_type":"article","og_title":"O POLVO SOCIALISTA QUE MINA A DEMOCRACIA - Estado com Arte","og_description":"Rui Gon\u00e7alves, Arquitecto","og_url":"https:\/\/estadocomarte.pt\/site\/2025\/08\/13\/o-polvo-socialista-que-mina-a-democracia\/","og_site_name":"Estado com Arte","article_published_time":"2025-08-13T11:26:14+00:00","article_modified_time":"2025-08-17T10:28:35+00:00","og_image":[{"width":536,"height":632,"url":"https:\/\/estadocomarte.pt\/site\/wp-content\/uploads\/2023\/08\/Rui-Goncalves.jpg","type":"image\/jpeg"}],"author":"admin","twitter_card":"summary_large_image","twitter_misc":{"Escrito por":"admin","Tempo estimado de leitura":"5 minutos"},"schema":{"@context":"https:\/\/schema.org","@graph":[{"@type":"Article","@id":"https:\/\/estadocomarte.pt\/site\/2025\/08\/13\/o-polvo-socialista-que-mina-a-democracia\/#article","isPartOf":{"@id":"https:\/\/estadocomarte.pt\/site\/2025\/08\/13\/o-polvo-socialista-que-mina-a-democracia\/"},"author":{"name":"admin","@id":"https:\/\/estadocomarte.pt\/site\/#\/schema\/person\/c0943a071216c1e5b21f85304151e4ba"},"headline":"O POLVO SOCIALISTA QUE MINA A DEMOCRACIA","datePublished":"2025-08-13T11:26:14+00:00","dateModified":"2025-08-17T10:28:35+00:00","mainEntityOfPage":{"@id":"https:\/\/estadocomarte.pt\/site\/2025\/08\/13\/o-polvo-socialista-que-mina-a-democracia\/"},"wordCount":856,"commentCount":0,"publisher":{"@id":"https:\/\/estadocomarte.pt\/site\/#organization"},"image":{"@id":"https:\/\/estadocomarte.pt\/site\/2025\/08\/13\/o-polvo-socialista-que-mina-a-democracia\/#primaryimage"},"thumbnailUrl":"https:\/\/estadocomarte.pt\/site\/wp-content\/uploads\/2023\/08\/Rui-Goncalves.jpg","keywords":["rui gon\u00e7alves"],"articleSection":["Opini\u00e3o"],"inLanguage":"pt-PT","potentialAction":[{"@type":"CommentAction","name":"Comment","target":["https:\/\/estadocomarte.pt\/site\/2025\/08\/13\/o-polvo-socialista-que-mina-a-democracia\/#respond"]}]},{"@type":"WebPage","@id":"https:\/\/estadocomarte.pt\/site\/2025\/08\/13\/o-polvo-socialista-que-mina-a-democracia\/","url":"https:\/\/estadocomarte.pt\/site\/2025\/08\/13\/o-polvo-socialista-que-mina-a-democracia\/","name":"O POLVO SOCIALISTA QUE MINA A DEMOCRACIA - Estado com Arte","isPartOf":{"@id":"https:\/\/estadocomarte.pt\/site\/#website"},"primaryImageOfPage":{"@id":"https:\/\/estadocomarte.pt\/site\/2025\/08\/13\/o-polvo-socialista-que-mina-a-democracia\/#primaryimage"},"image":{"@id":"https:\/\/estadocomarte.pt\/site\/2025\/08\/13\/o-polvo-socialista-que-mina-a-democracia\/#primaryimage"},"thumbnailUrl":"https:\/\/estadocomarte.pt\/site\/wp-content\/uploads\/2023\/08\/Rui-Goncalves.jpg","datePublished":"2025-08-13T11:26:14+00:00","dateModified":"2025-08-17T10:28:35+00:00","breadcrumb":{"@id":"https:\/\/estadocomarte.pt\/site\/2025\/08\/13\/o-polvo-socialista-que-mina-a-democracia\/#breadcrumb"},"inLanguage":"pt-PT","potentialAction":[{"@type":"ReadAction","target":["https:\/\/estadocomarte.pt\/site\/2025\/08\/13\/o-polvo-socialista-que-mina-a-democracia\/"]}]},{"@type":"ImageObject","inLanguage":"pt-PT","@id":"https:\/\/estadocomarte.pt\/site\/2025\/08\/13\/o-polvo-socialista-que-mina-a-democracia\/#primaryimage","url":"https:\/\/estadocomarte.pt\/site\/wp-content\/uploads\/2023\/08\/Rui-Goncalves.jpg","contentUrl":"https:\/\/estadocomarte.pt\/site\/wp-content\/uploads\/2023\/08\/Rui-Goncalves.jpg","width":536,"height":632,"caption":"Rui Gon\u00e7alvez"},{"@type":"BreadcrumbList","@id":"https:\/\/estadocomarte.pt\/site\/2025\/08\/13\/o-polvo-socialista-que-mina-a-democracia\/#breadcrumb","itemListElement":[{"@type":"ListItem","position":1,"name":"In\u00edcio","item":"https:\/\/estadocomarte.pt\/site\/"},{"@type":"ListItem","position":2,"name":"O POLVO SOCIALISTA QUE MINA A DEMOCRACIA"}]},{"@type":"WebSite","@id":"https:\/\/estadocomarte.pt\/site\/#website","url":"https:\/\/estadocomarte.pt\/site\/","name":"Estado com Arte Magazine","description":"Magazine","publisher":{"@id":"https:\/\/estadocomarte.pt\/site\/#organization"},"alternateName":"Magazine semanal sobre pol\u00edtica e cultura, com autores, opini\u00e3o e cr\u00edticas.","potentialAction":[{"@type":"SearchAction","target":{"@type":"EntryPoint","urlTemplate":"https:\/\/estadocomarte.pt\/site\/?s={search_term_string}"},"query-input":{"@type":"PropertyValueSpecification","valueRequired":true,"valueName":"search_term_string"}}],"inLanguage":"pt-PT"},{"@type":"Organization","@id":"https:\/\/estadocomarte.pt\/site\/#organization","name":"Estado com Arte Magazine","alternateName":"Magazine semanal sobre pol\u00edtica e cultura, com autores, opini\u00e3o e cr\u00edticas.","url":"https:\/\/estadocomarte.pt\/site\/","logo":{"@type":"ImageObject","inLanguage":"pt-PT","@id":"https:\/\/estadocomarte.pt\/site\/#\/schema\/logo\/image\/","url":"https:\/\/estadocomarte.pt\/site\/wp-content\/uploads\/2023\/06\/cropped-cropped-Prancheta-2@2x-100.jpg","contentUrl":"https:\/\/estadocomarte.pt\/site\/wp-content\/uploads\/2023\/06\/cropped-cropped-Prancheta-2@2x-100.jpg","width":1777,"height":592,"caption":"Estado com Arte Magazine"},"image":{"@id":"https:\/\/estadocomarte.pt\/site\/#\/schema\/logo\/image\/"},"sameAs":["https:\/\/www.instagram.com\/estadocomartemagazine"]},{"@type":"Person","@id":"https:\/\/estadocomarte.pt\/site\/#\/schema\/person\/c0943a071216c1e5b21f85304151e4ba","name":"admin","image":{"@type":"ImageObject","inLanguage":"pt-PT","@id":"https:\/\/estadocomarte.pt\/site\/#\/schema\/person\/image\/","url":"https:\/\/secure.gravatar.com\/avatar\/e6f378fd6914c8505d3e1d40f51fa953b21bab0f3a5658a33bc84cb5bda780f9?s=96&d=mm&r=g","contentUrl":"https:\/\/secure.gravatar.com\/avatar\/e6f378fd6914c8505d3e1d40f51fa953b21bab0f3a5658a33bc84cb5bda780f9?s=96&d=mm&r=g","caption":"admin"},"sameAs":["https:\/\/estadocomarte.pt\/site"],"url":"https:\/\/estadocomarte.pt\/site\/author\/admin\/"}]}},"_links":{"self":[{"href":"https:\/\/estadocomarte.pt\/site\/wp-json\/wp\/v2\/posts\/10454","targetHints":{"allow":["GET"]}}],"collection":[{"href":"https:\/\/estadocomarte.pt\/site\/wp-json\/wp\/v2\/posts"}],"about":[{"href":"https:\/\/estadocomarte.pt\/site\/wp-json\/wp\/v2\/types\/post"}],"author":[{"embeddable":true,"href":"https:\/\/estadocomarte.pt\/site\/wp-json\/wp\/v2\/users\/1"}],"replies":[{"embeddable":true,"href":"https:\/\/estadocomarte.pt\/site\/wp-json\/wp\/v2\/comments?post=10454"}],"version-history":[{"count":1,"href":"https:\/\/estadocomarte.pt\/site\/wp-json\/wp\/v2\/posts\/10454\/revisions"}],"predecessor-version":[{"id":10455,"href":"https:\/\/estadocomarte.pt\/site\/wp-json\/wp\/v2\/posts\/10454\/revisions\/10455"}],"wp:featuredmedia":[{"embeddable":true,"href":"https:\/\/estadocomarte.pt\/site\/wp-json\/wp\/v2\/media\/2202"}],"wp:attachment":[{"href":"https:\/\/estadocomarte.pt\/site\/wp-json\/wp\/v2\/media?parent=10454"}],"wp:term":[{"taxonomy":"category","embeddable":true,"href":"https:\/\/estadocomarte.pt\/site\/wp-json\/wp\/v2\/categories?post=10454"},{"taxonomy":"post_tag","embeddable":true,"href":"https:\/\/estadocomarte.pt\/site\/wp-json\/wp\/v2\/tags?post=10454"}],"curies":[{"name":"wp","href":"https:\/\/api.w.org\/{rel}","templated":true}]}}