{"id":10458,"date":"2025-08-15T14:06:39","date_gmt":"2025-08-15T14:06:39","guid":{"rendered":"https:\/\/estadocomarte.pt\/site\/?p=10458"},"modified":"2025-08-15T14:06:39","modified_gmt":"2025-08-15T14:06:39","slug":"12-solucoes-para-superar-os-desafios-dos-ecras","status":"publish","type":"post","link":"https:\/\/estadocomarte.pt\/site\/2025\/08\/15\/12-solucoes-para-superar-os-desafios-dos-ecras\/","title":{"rendered":"\u201c12 SOLU\u00c7\u00d5ES PARA SUPERAR OS DESAFIOS DOS ECR\u00c3S\u201d"},"content":{"rendered":"<p><strong>\u201c12 SOLU\u00c7\u00d5ES PARA SUPERAR OS DESAFIOS DOS ECR\u00c3S\u201d, da autoria do Dr. Miguel \u00c1ngel Mart\u00ednez-Gonz\u00e1lez, apresenta-nos um conjunto muito significativo de sugest\u00f5es que nos poder\u00e3o ajudar a perceber qu\u00e3o perigoso poder\u00e1 ser o uso e abuso que os nossos jovens fazem dos ecr\u00e3s que lhes oferecemos, sem nos ocorrer a problem\u00e1tica que lhes est\u00e1 subjacente.<\/strong><\/p>\n<p>N\u00e3o obstante o livro n\u00e3o estar traduzido em portugu\u00eas, e considerando-o muito \u00fatil e deveras pertinente, ocorreu-me partilhar com o leitor algumas passagens do mesmo.<\/p>\n<p>\u00abN\u00e3o pretendemos assust\u00e1-lo, mas tomemos consci\u00eancia de uma realidade que se est\u00e1 impondo h\u00e1 anos e que se n\u00e3o nos envolvermos todos na busca de uma solu\u00e7\u00e3o, ser\u00e1 o monstro nos devorar\u00e1\u00bb.<\/p>\n<p>\u00ab\u00c9 um livro agrad\u00e1vel, claro, conciso e pr\u00e1tico, ao mesmo tempo que nos d\u00e1 uma vis\u00e3o abrangente da tem\u00e1tica em quest\u00e3o com recurso a uma abordagem rigorosa e cient\u00edfica, o que pode ser de grande ajuda para esclarecer este tema t\u00e3o complexo quanto pol\u00e9mico.<\/p>\n<p>O iPhone surgiu em 2007 e no final daquela d\u00e9cada, 95% dos adolescentes americanos j\u00e1 tinham acesso a telefones com conex\u00e3o \u00e0 internet e 45% admitiram estar online &#8220;quase constantemente&#8221;.<\/p>\n<p>Na sa\u00fade p\u00fablica, psiquiatras e psic\u00f3logos constactam que os seus danos t\u00eam aumentado e em idades cada vez mais jovens. Ano ap\u00f3s ano desde 2007, aumentaram as mortes por suic\u00eddio. Entre 2010 e 2021, as taxas de suic\u00eddio em raparigas aumentaram 167% e em rapazes em 91%.<\/p>\n<p>Suic\u00eddios s\u00e3o apenas a ponta do iceberg de \u201cUma crise de sa\u00fade mental juvenil sem precedentes: depress\u00e3o, ansiedade, anorexia nervosa, deficit de aten\u00e7\u00e3o, v\u00edcios, automutila\u00e7\u00e3o e uma longa lista de patologias\u201d.<\/p>\n<p>Alguns riscos que talvez os nossos filhos e netos possam estar a correr numa inf\u00e2ncia e adolesc\u00eancia passada em frente dos ecr\u00e3s, enumerados no livro pelo autor:<\/p>\n<p>1- Exposi\u00e7\u00e3o precoce \u00e0 pornografia;<\/p>\n<p>2-Redu\u00e7\u00e3o e fragmenta\u00e7\u00e3o do hor\u00e1rio de trabalho e de descanso;<\/p>\n<p>3-Deficit de aten\u00e7\u00e3o e diminui\u00e7\u00e3o da concentra\u00e7\u00e3o com consequ\u00eancias para a aprendizagem e desempenho escolar;<\/p>\n<p>4-\u00a0Fomentar a adi\u00e7\u00e3o \u00e0s redes sociais, que al\u00e9m de roubar tempo para outras actividades mais saud\u00e1veis e lucrativas, tem in\u00fameras consequ\u00eancias negativas para o desenvolvimento;<\/p>\n<p>5-\u00a0Fomentar o sedentarismo com graves consequ\u00eancias para a sua sa\u00fade (obesidade, etc&#8230;).<\/p>\n<p>6-Risco de<em> cyberbullying,<\/em> ass\u00e9dio sexual e aliciamento. A crian\u00e7a que sofreu <em>bullying<\/em> continua sofrendo o insulto e a humilha\u00e7\u00e3o de seus colegas quando chega em casa. O <em>bullying<\/em> gera depress\u00e3o, transtornos alimentares e, embora possa parecer exagerado, comportamento suicida.<\/p>\n<p>7- Empobrecimento mental e redu\u00e7\u00e3o da capacidade intelectual. A perda de habilidades de alfabetiza\u00e7\u00e3o \u00e9 uma realidade. O relat\u00f3rio Pisa, bem como outras evid\u00eancias semelhantes, confirmam a Resultados pouco animadores em rela\u00e7\u00e3o \u00e0 aprendizagem o que sugere a necessidade de utilizar melhores metodologias.<\/p>\n<p>8-Um grande risco das tecnologias digitais \u00e9 que destr\u00f3i qualquer plano de trabalho, qualquer organiza\u00e7\u00e3o, qualquer ordem&#8230; Em vez de permitir que se organize racionalmente sua vida, eles atraem o caos e a desordem e acabam eliminando a maioria de outros objetivos e actividades\u00bb.<\/p>\n<p><strong>MAS NEM TUDO \u00c9 NEGATIVO E TEMOS ALGUMAS PROPOSTAS FEITAS PELO DR. MARTINEZ-GONZALEZ<\/strong><\/p>\n<p>\u00ab1-Liderar pelo exemplo, para ganhar autoridade sobre filhos. As crian\u00e7as imitam seus pais, pelo que devemos fazer um uso adequado e limitado do telefone;<\/p>\n<p>2-Manter um di\u00e1logo aberto e individual com cada um dos filhos gerando um clima de empatia;<\/p>\n<p>3-Combine com os filhos regra claras e concretas para o uso de tecnologias. Este livro ensina como faz\u00ea-lo. Ofere\u00e7a-lhes, em troca de regras digitais, algo bom que eles querem, mesmo que isso lhe custe: gaste tempo e ou\u00e7a-os;<\/p>\n<p>4-O controlo dos pais \u00e9 obrigat\u00f3rio. Como instalar um sistema de controlo parental eficaz em casa?<\/p>\n<p>5-Limite o uso de dispositivos conectados \u00e0 rede a determinadas \u00e1reas compartilhadas da casa. Deix\u00e1-los fecharem-se no quarto pode levar a s\u00e9rios perigos;<\/p>\n<p>6-Defina uma programa\u00e7\u00e3o para o uso do dispositivo e defina o toque de terminar o seu uso;<\/p>\n<p>7-Definir um local onde todos os membros da fam\u00edlia colocam os seus telem\u00f3veis, para poderem desfrutar dum tempo em amena e tranquila conversa;<\/p>\n<p>8-Cancele as notifica\u00e7\u00f5es, eles destroem a aten\u00e7\u00e3o e fomentam o medo de que se pode estar a perder algo importante;<\/p>\n<p>(Os bipes, alarmes, notifica\u00e7\u00f5es e ativa\u00e7\u00f5es autom\u00e1ticas foram estrategicamente projectados para nos pressionar a usar esses aplicativos).<\/p>\n<p>9-Evite<em> phubbing<\/em> (um termo anglo-sax\u00e3o que se refere ao acto de ignorar as pessoas presentes numa situa\u00e7\u00e3o social para prestar aten\u00e7\u00e3o ao telefone). O <em>phubbing<\/em> parental reduz a auto-estima e aumenta a idea\u00e7\u00e3o suicida em crian\u00e7as;<\/p>\n<p>10-Conte o seu pr\u00f3prio tempo de uso m\u00f3vel. Isso permitir\u00e1 que se consciencialize e o ajude a reduzi-lo;<\/p>\n<p>11-Pense na import\u00e2ncia de fazer\u00a0planos familiares gratificantes e divertidos como alternativa ao \u201cjejum m\u00f3vel\u201d;<\/p>\n<p>12-Incentive desportos e actividades ao ar livre;<\/p>\n<p>13-\u00c9 importante n\u00e3o dar um smartphone ao seu filho antes dos 18 anos.<\/p>\n<p>A uni\u00e3o faz a for\u00e7a.\u00a0Fa\u00e7a uma parceria com os pais dos amigos dos seus filhos, que compartilham os mesmos valores, para estabelecerem os padr\u00f5es claros e comuns necess\u00e1rios. Se quer o bem de seus filhos, deve influenciar o ambiente para se sustentar de forma mais saud\u00e1vel. As desculpas &#8220;respeito pela liberdade&#8221; ou &#8220;privacidade&#8221; ou &#8220;cada um com sua pr\u00f3pria responsabilidade&#8221; n\u00e3o s\u00e3o v\u00e1lidas. N\u00e3o se esconda atr\u00e1s do facto de que &#8220;\u00e9 imposs\u00edvel&#8221; tamb\u00e9m.<\/p>\n<p>N\u00e3o se contente com esta pequena advert\u00eancia. Procure ler este livro. Aproveite o tempo das f\u00e9rias para aprender e se informar.<\/p>\n<p>\u00c9 um livro agrad\u00e1vel, claro, conciso e pr\u00e1tico, ao mesmo tempo que nos d\u00e1 uma vis\u00e3o abrangente do assunto e com uma abordagem rigorosa e cient\u00edfica, o que pode ser de grande ajuda para esclarecer um tema t\u00e3o complexo quanto pol\u00e9mico.<\/p>\n<p>Se achar interessante, divulgue e assim colaborar\u00e1, ajudando outros pais na dif\u00edcil tarefa de educar\u00bb.<\/p>\n<p>Miguel \u00c1ngel Mart\u00ednez-Gonz\u00e1lez (nasceu em 1957 em M\u00e1laga, Espanha) \u00e9 um m\u00e9dico, epidemiologista, professor e pesquisador de nutri\u00e7\u00e3o espanhol e professor visitante na Harvard T.H. Chan School of Public Health (Dept. Nutrition).<\/p>\n<p>Fundador e Presidente (at\u00e9 setembro de 2022) do Departamento de Medicina Preventiva e Sa\u00fade P\u00fablica\u00a0da Faculdade de Medicina da Universidade de Navarra. Ele tamb\u00e9m foi o Investigador Principal de uma Bolsa de Pesquisa Avan\u00e7ada do Conselho Europeu de Pesquisa para financiar o estudo PREDIMED-Plus.<\/p>\n<p>Mart\u00ednez-Gonz\u00e1lez tamb\u00e9m foi fundador e &#8216;investigador principal&#8217; (at\u00e9 junho de 2022) do\u00a0estudo de coorte SUN\u00a0e foi (2006-2013) o coordenador dos v\u00e1rios centros inclu\u00eddos na\u00a0Rede PREDIMED\u00a0 (um grande ensaio cl\u00ednico que avalia os efeitos de uma\u00a0dieta mediterr\u00e2nea\u00a0sobre a preven\u00e7\u00e3o prim\u00e1ria de doen\u00e7as cardiovasculares.\u00a0\u00a0Ele \u00e9 um dos especialistas mundiais mais conhecidos na dieta mediterr\u00e2nea e estudou de forma abrangente os determinantes nutricionais da obesidade\u00a0na popula\u00e7\u00e3o espanhola. Seu livro de autoajuda em espanhol &#8220;Salud a ciencia cierta&#8221; (Planeta, 2018) fornece ferramentas \u00fateis para melhorar h\u00e1bitos saud\u00e1veis e escolhas alimentares.<\/p>\n<p>Foi premiado com o Pr\u00e9mio Grace Goldsmith (American College of Nutrition, 2013 e a palestra Rankin-Skatrud (Univ. de Wisconsin, 2016).<\/p>\n<p>Em setembro de 2016, foi nomeado Professor Adjunto\u00a0no Departamento de Nutri\u00e7\u00e3o da Harvard TH Chan School of Public Health. \u00c9 o co-PI com\u00a0Frank B. Hu\u00a0de duas bolsas\u00a0\u00a0financiadas pelos Institutos Nacionais de Sa\u00fade dos EUA (NIH).<\/p>\n<p>Em 2022 recebeu o prestigioso Pr\u00e9mio Nacional de Pesquisa Cient\u00edfica &#8220;Gregorio Mara\u00f1\u00f3n&#8221; em Medicina e Ci\u00eancias da Sa\u00fade pelo Minist\u00e9rio da Ci\u00eancia e Inova\u00e7\u00e3o do Governo Espanhol. Em 2024, foi nomeado\u00a0Doutor Honoris Causa\u00a0pela Universidade de Almer\u00eda (Espanha).<\/p>\n","protected":false},"excerpt":{"rendered":"<p>Susana Mexia,<br \/>\nProfessora de Filosofia<\/p>\n","protected":false},"author":1,"featured_media":10459,"comment_status":"open","ping_status":"open","sticky":false,"template":"","format":"standard","meta":{"site-sidebar-layout":"default","site-content-layout":"default","ast-global-header-display":"","ast-banner-title-visibility":"","ast-main-header-display":"","ast-hfb-above-header-display":"","ast-hfb-below-header-display":"","ast-hfb-mobile-header-display":"","site-post-title":"","ast-breadcrumbs-content":"","ast-featured-img":"","footer-sml-layout":"","theme-transparent-header-meta":"default","adv-header-id-meta":"","stick-header-meta":"","header-above-stick-meta":"","header-main-stick-meta":"","header-below-stick-meta":"","footnotes":""},"categories":[7],"tags":[1025],"class_list":["post-10458","post","type-post","status-publish","format-standard","has-post-thumbnail","hentry","category-cultura","tag-martinez-gonzalez"],"yoast_head":"<!-- This site is optimized with the Yoast SEO plugin v25.1 - https:\/\/yoast.com\/wordpress\/plugins\/seo\/ -->\n<title>\u201c12 SOLU\u00c7\u00d5ES PARA SUPERAR OS DESAFIOS DOS ECR\u00c3S\u201d - Estado com Arte<\/title>\n<meta name=\"robots\" content=\"index, follow, max-snippet:-1, max-image-preview:large, max-video-preview:-1\" \/>\n<link rel=\"canonical\" href=\"https:\/\/estadocomarte.pt\/site\/2025\/08\/15\/12-solucoes-para-superar-os-desafios-dos-ecras\/\" \/>\n<meta property=\"og:locale\" content=\"pt_PT\" \/>\n<meta property=\"og:type\" content=\"article\" \/>\n<meta property=\"og:title\" content=\"\u201c12 SOLU\u00c7\u00d5ES PARA SUPERAR OS DESAFIOS DOS ECR\u00c3S\u201d - Estado com Arte\" \/>\n<meta property=\"og:description\" content=\"Susana Mexia,  Professora de Filosofia\" \/>\n<meta property=\"og:url\" content=\"https:\/\/estadocomarte.pt\/site\/2025\/08\/15\/12-solucoes-para-superar-os-desafios-dos-ecras\/\" \/>\n<meta property=\"og:site_name\" content=\"Estado com Arte\" \/>\n<meta property=\"article:published_time\" content=\"2025-08-15T14:06:39+00:00\" \/>\n<meta property=\"og:image\" content=\"https:\/\/estadocomarte.pt\/site\/wp-content\/uploads\/2023\/07\/cropped-Captura-de-ecra-2023-07-28-as-15.44.44.png\" \/>\n\t<meta property=\"og:image:width\" content=\"512\" \/>\n\t<meta property=\"og:image:height\" content=\"512\" \/>\n\t<meta property=\"og:image:type\" content=\"image\/png\" \/>\n<meta name=\"author\" content=\"admin\" \/>\n<meta name=\"twitter:card\" content=\"summary_large_image\" \/>\n<meta name=\"twitter:label1\" content=\"Escrito por\" \/>\n\t<meta name=\"twitter:data1\" content=\"admin\" \/>\n\t<meta name=\"twitter:label2\" content=\"Tempo estimado de leitura\" \/>\n\t<meta name=\"twitter:data2\" content=\"7 minutos\" \/>\n<script type=\"application\/ld+json\" class=\"yoast-schema-graph\">{\"@context\":\"https:\/\/schema.org\",\"@graph\":[{\"@type\":\"Article\",\"@id\":\"https:\/\/estadocomarte.pt\/site\/2025\/08\/15\/12-solucoes-para-superar-os-desafios-dos-ecras\/#article\",\"isPartOf\":{\"@id\":\"https:\/\/estadocomarte.pt\/site\/2025\/08\/15\/12-solucoes-para-superar-os-desafios-dos-ecras\/\"},\"author\":{\"name\":\"admin\",\"@id\":\"https:\/\/estadocomarte.pt\/site\/#\/schema\/person\/c0943a071216c1e5b21f85304151e4ba\"},\"headline\":\"\u201c12 SOLU\u00c7\u00d5ES PARA SUPERAR OS DESAFIOS DOS ECR\u00c3S\u201d\",\"datePublished\":\"2025-08-15T14:06:39+00:00\",\"mainEntityOfPage\":{\"@id\":\"https:\/\/estadocomarte.pt\/site\/2025\/08\/15\/12-solucoes-para-superar-os-desafios-dos-ecras\/\"},\"wordCount\":1334,\"commentCount\":0,\"publisher\":{\"@id\":\"https:\/\/estadocomarte.pt\/site\/#organization\"},\"image\":{\"@id\":\"https:\/\/estadocomarte.pt\/site\/2025\/08\/15\/12-solucoes-para-superar-os-desafios-dos-ecras\/#primaryimage\"},\"thumbnailUrl\":\"https:\/\/estadocomarte.pt\/site\/wp-content\/uploads\/2025\/08\/martinez.avif\",\"keywords\":[\"martinez-gonzalez\"],\"articleSection\":[\"Cultura\"],\"inLanguage\":\"pt-PT\",\"potentialAction\":[{\"@type\":\"CommentAction\",\"name\":\"Comment\",\"target\":[\"https:\/\/estadocomarte.pt\/site\/2025\/08\/15\/12-solucoes-para-superar-os-desafios-dos-ecras\/#respond\"]}]},{\"@type\":\"WebPage\",\"@id\":\"https:\/\/estadocomarte.pt\/site\/2025\/08\/15\/12-solucoes-para-superar-os-desafios-dos-ecras\/\",\"url\":\"https:\/\/estadocomarte.pt\/site\/2025\/08\/15\/12-solucoes-para-superar-os-desafios-dos-ecras\/\",\"name\":\"\u201c12 SOLU\u00c7\u00d5ES PARA SUPERAR OS DESAFIOS DOS ECR\u00c3S\u201d - Estado com Arte\",\"isPartOf\":{\"@id\":\"https:\/\/estadocomarte.pt\/site\/#website\"},\"primaryImageOfPage\":{\"@id\":\"https:\/\/estadocomarte.pt\/site\/2025\/08\/15\/12-solucoes-para-superar-os-desafios-dos-ecras\/#primaryimage\"},\"image\":{\"@id\":\"https:\/\/estadocomarte.pt\/site\/2025\/08\/15\/12-solucoes-para-superar-os-desafios-dos-ecras\/#primaryimage\"},\"thumbnailUrl\":\"https:\/\/estadocomarte.pt\/site\/wp-content\/uploads\/2025\/08\/martinez.avif\",\"datePublished\":\"2025-08-15T14:06:39+00:00\",\"breadcrumb\":{\"@id\":\"https:\/\/estadocomarte.pt\/site\/2025\/08\/15\/12-solucoes-para-superar-os-desafios-dos-ecras\/#breadcrumb\"},\"inLanguage\":\"pt-PT\",\"potentialAction\":[{\"@type\":\"ReadAction\",\"target\":[\"https:\/\/estadocomarte.pt\/site\/2025\/08\/15\/12-solucoes-para-superar-os-desafios-dos-ecras\/\"]}]},{\"@type\":\"ImageObject\",\"inLanguage\":\"pt-PT\",\"@id\":\"https:\/\/estadocomarte.pt\/site\/2025\/08\/15\/12-solucoes-para-superar-os-desafios-dos-ecras\/#primaryimage\",\"url\":\"https:\/\/estadocomarte.pt\/site\/wp-content\/uploads\/2025\/08\/martinez.avif\",\"contentUrl\":\"https:\/\/estadocomarte.pt\/site\/wp-content\/uploads\/2025\/08\/martinez.avif\",\"width\":350,\"height\":350},{\"@type\":\"BreadcrumbList\",\"@id\":\"https:\/\/estadocomarte.pt\/site\/2025\/08\/15\/12-solucoes-para-superar-os-desafios-dos-ecras\/#breadcrumb\",\"itemListElement\":[{\"@type\":\"ListItem\",\"position\":1,\"name\":\"In\u00edcio\",\"item\":\"https:\/\/estadocomarte.pt\/site\/\"},{\"@type\":\"ListItem\",\"position\":2,\"name\":\"\u201c12 SOLU\u00c7\u00d5ES PARA SUPERAR OS DESAFIOS DOS ECR\u00c3S\u201d\"}]},{\"@type\":\"WebSite\",\"@id\":\"https:\/\/estadocomarte.pt\/site\/#website\",\"url\":\"https:\/\/estadocomarte.pt\/site\/\",\"name\":\"Estado com Arte Magazine\",\"description\":\"Magazine\",\"publisher\":{\"@id\":\"https:\/\/estadocomarte.pt\/site\/#organization\"},\"alternateName\":\"Magazine semanal sobre pol\u00edtica e cultura, com autores, opini\u00e3o e cr\u00edticas.\",\"potentialAction\":[{\"@type\":\"SearchAction\",\"target\":{\"@type\":\"EntryPoint\",\"urlTemplate\":\"https:\/\/estadocomarte.pt\/site\/?s={search_term_string}\"},\"query-input\":{\"@type\":\"PropertyValueSpecification\",\"valueRequired\":true,\"valueName\":\"search_term_string\"}}],\"inLanguage\":\"pt-PT\"},{\"@type\":\"Organization\",\"@id\":\"https:\/\/estadocomarte.pt\/site\/#organization\",\"name\":\"Estado com Arte Magazine\",\"alternateName\":\"Magazine semanal sobre pol\u00edtica e cultura, com autores, opini\u00e3o e cr\u00edticas.\",\"url\":\"https:\/\/estadocomarte.pt\/site\/\",\"logo\":{\"@type\":\"ImageObject\",\"inLanguage\":\"pt-PT\",\"@id\":\"https:\/\/estadocomarte.pt\/site\/#\/schema\/logo\/image\/\",\"url\":\"https:\/\/estadocomarte.pt\/site\/wp-content\/uploads\/2023\/06\/cropped-cropped-Prancheta-2@2x-100.jpg\",\"contentUrl\":\"https:\/\/estadocomarte.pt\/site\/wp-content\/uploads\/2023\/06\/cropped-cropped-Prancheta-2@2x-100.jpg\",\"width\":1777,\"height\":592,\"caption\":\"Estado com Arte Magazine\"},\"image\":{\"@id\":\"https:\/\/estadocomarte.pt\/site\/#\/schema\/logo\/image\/\"},\"sameAs\":[\"https:\/\/www.instagram.com\/estadocomartemagazine\"]},{\"@type\":\"Person\",\"@id\":\"https:\/\/estadocomarte.pt\/site\/#\/schema\/person\/c0943a071216c1e5b21f85304151e4ba\",\"name\":\"admin\",\"image\":{\"@type\":\"ImageObject\",\"inLanguage\":\"pt-PT\",\"@id\":\"https:\/\/estadocomarte.pt\/site\/#\/schema\/person\/image\/\",\"url\":\"https:\/\/secure.gravatar.com\/avatar\/e6f378fd6914c8505d3e1d40f51fa953b21bab0f3a5658a33bc84cb5bda780f9?s=96&d=mm&r=g\",\"contentUrl\":\"https:\/\/secure.gravatar.com\/avatar\/e6f378fd6914c8505d3e1d40f51fa953b21bab0f3a5658a33bc84cb5bda780f9?s=96&d=mm&r=g\",\"caption\":\"admin\"},\"sameAs\":[\"https:\/\/estadocomarte.pt\/site\"],\"url\":\"https:\/\/estadocomarte.pt\/site\/author\/admin\/\"}]}<\/script>\n<!-- \/ Yoast SEO plugin. -->","yoast_head_json":{"title":"\u201c12 SOLU\u00c7\u00d5ES PARA SUPERAR OS DESAFIOS DOS ECR\u00c3S\u201d - Estado com Arte","robots":{"index":"index","follow":"follow","max-snippet":"max-snippet:-1","max-image-preview":"max-image-preview:large","max-video-preview":"max-video-preview:-1"},"canonical":"https:\/\/estadocomarte.pt\/site\/2025\/08\/15\/12-solucoes-para-superar-os-desafios-dos-ecras\/","og_locale":"pt_PT","og_type":"article","og_title":"\u201c12 SOLU\u00c7\u00d5ES PARA SUPERAR OS DESAFIOS DOS ECR\u00c3S\u201d - Estado com Arte","og_description":"Susana Mexia,  Professora de Filosofia","og_url":"https:\/\/estadocomarte.pt\/site\/2025\/08\/15\/12-solucoes-para-superar-os-desafios-dos-ecras\/","og_site_name":"Estado com Arte","article_published_time":"2025-08-15T14:06:39+00:00","og_image":[{"width":512,"height":512,"url":"https:\/\/estadocomarte.pt\/site\/wp-content\/uploads\/2023\/07\/cropped-Captura-de-ecra-2023-07-28-as-15.44.44.png","type":"image\/png"}],"author":"admin","twitter_card":"summary_large_image","twitter_misc":{"Escrito por":"admin","Tempo estimado de leitura":"7 minutos"},"schema":{"@context":"https:\/\/schema.org","@graph":[{"@type":"Article","@id":"https:\/\/estadocomarte.pt\/site\/2025\/08\/15\/12-solucoes-para-superar-os-desafios-dos-ecras\/#article","isPartOf":{"@id":"https:\/\/estadocomarte.pt\/site\/2025\/08\/15\/12-solucoes-para-superar-os-desafios-dos-ecras\/"},"author":{"name":"admin","@id":"https:\/\/estadocomarte.pt\/site\/#\/schema\/person\/c0943a071216c1e5b21f85304151e4ba"},"headline":"\u201c12 SOLU\u00c7\u00d5ES PARA SUPERAR OS DESAFIOS DOS ECR\u00c3S\u201d","datePublished":"2025-08-15T14:06:39+00:00","mainEntityOfPage":{"@id":"https:\/\/estadocomarte.pt\/site\/2025\/08\/15\/12-solucoes-para-superar-os-desafios-dos-ecras\/"},"wordCount":1334,"commentCount":0,"publisher":{"@id":"https:\/\/estadocomarte.pt\/site\/#organization"},"image":{"@id":"https:\/\/estadocomarte.pt\/site\/2025\/08\/15\/12-solucoes-para-superar-os-desafios-dos-ecras\/#primaryimage"},"thumbnailUrl":"https:\/\/estadocomarte.pt\/site\/wp-content\/uploads\/2025\/08\/martinez.avif","keywords":["martinez-gonzalez"],"articleSection":["Cultura"],"inLanguage":"pt-PT","potentialAction":[{"@type":"CommentAction","name":"Comment","target":["https:\/\/estadocomarte.pt\/site\/2025\/08\/15\/12-solucoes-para-superar-os-desafios-dos-ecras\/#respond"]}]},{"@type":"WebPage","@id":"https:\/\/estadocomarte.pt\/site\/2025\/08\/15\/12-solucoes-para-superar-os-desafios-dos-ecras\/","url":"https:\/\/estadocomarte.pt\/site\/2025\/08\/15\/12-solucoes-para-superar-os-desafios-dos-ecras\/","name":"\u201c12 SOLU\u00c7\u00d5ES PARA SUPERAR OS DESAFIOS DOS ECR\u00c3S\u201d - Estado com Arte","isPartOf":{"@id":"https:\/\/estadocomarte.pt\/site\/#website"},"primaryImageOfPage":{"@id":"https:\/\/estadocomarte.pt\/site\/2025\/08\/15\/12-solucoes-para-superar-os-desafios-dos-ecras\/#primaryimage"},"image":{"@id":"https:\/\/estadocomarte.pt\/site\/2025\/08\/15\/12-solucoes-para-superar-os-desafios-dos-ecras\/#primaryimage"},"thumbnailUrl":"https:\/\/estadocomarte.pt\/site\/wp-content\/uploads\/2025\/08\/martinez.avif","datePublished":"2025-08-15T14:06:39+00:00","breadcrumb":{"@id":"https:\/\/estadocomarte.pt\/site\/2025\/08\/15\/12-solucoes-para-superar-os-desafios-dos-ecras\/#breadcrumb"},"inLanguage":"pt-PT","potentialAction":[{"@type":"ReadAction","target":["https:\/\/estadocomarte.pt\/site\/2025\/08\/15\/12-solucoes-para-superar-os-desafios-dos-ecras\/"]}]},{"@type":"ImageObject","inLanguage":"pt-PT","@id":"https:\/\/estadocomarte.pt\/site\/2025\/08\/15\/12-solucoes-para-superar-os-desafios-dos-ecras\/#primaryimage","url":"https:\/\/estadocomarte.pt\/site\/wp-content\/uploads\/2025\/08\/martinez.avif","contentUrl":"https:\/\/estadocomarte.pt\/site\/wp-content\/uploads\/2025\/08\/martinez.avif","width":350,"height":350},{"@type":"BreadcrumbList","@id":"https:\/\/estadocomarte.pt\/site\/2025\/08\/15\/12-solucoes-para-superar-os-desafios-dos-ecras\/#breadcrumb","itemListElement":[{"@type":"ListItem","position":1,"name":"In\u00edcio","item":"https:\/\/estadocomarte.pt\/site\/"},{"@type":"ListItem","position":2,"name":"\u201c12 SOLU\u00c7\u00d5ES PARA SUPERAR OS DESAFIOS DOS ECR\u00c3S\u201d"}]},{"@type":"WebSite","@id":"https:\/\/estadocomarte.pt\/site\/#website","url":"https:\/\/estadocomarte.pt\/site\/","name":"Estado com Arte Magazine","description":"Magazine","publisher":{"@id":"https:\/\/estadocomarte.pt\/site\/#organization"},"alternateName":"Magazine semanal sobre pol\u00edtica e cultura, com autores, opini\u00e3o e cr\u00edticas.","potentialAction":[{"@type":"SearchAction","target":{"@type":"EntryPoint","urlTemplate":"https:\/\/estadocomarte.pt\/site\/?s={search_term_string}"},"query-input":{"@type":"PropertyValueSpecification","valueRequired":true,"valueName":"search_term_string"}}],"inLanguage":"pt-PT"},{"@type":"Organization","@id":"https:\/\/estadocomarte.pt\/site\/#organization","name":"Estado com Arte Magazine","alternateName":"Magazine semanal sobre pol\u00edtica e cultura, com autores, opini\u00e3o e cr\u00edticas.","url":"https:\/\/estadocomarte.pt\/site\/","logo":{"@type":"ImageObject","inLanguage":"pt-PT","@id":"https:\/\/estadocomarte.pt\/site\/#\/schema\/logo\/image\/","url":"https:\/\/estadocomarte.pt\/site\/wp-content\/uploads\/2023\/06\/cropped-cropped-Prancheta-2@2x-100.jpg","contentUrl":"https:\/\/estadocomarte.pt\/site\/wp-content\/uploads\/2023\/06\/cropped-cropped-Prancheta-2@2x-100.jpg","width":1777,"height":592,"caption":"Estado com Arte Magazine"},"image":{"@id":"https:\/\/estadocomarte.pt\/site\/#\/schema\/logo\/image\/"},"sameAs":["https:\/\/www.instagram.com\/estadocomartemagazine"]},{"@type":"Person","@id":"https:\/\/estadocomarte.pt\/site\/#\/schema\/person\/c0943a071216c1e5b21f85304151e4ba","name":"admin","image":{"@type":"ImageObject","inLanguage":"pt-PT","@id":"https:\/\/estadocomarte.pt\/site\/#\/schema\/person\/image\/","url":"https:\/\/secure.gravatar.com\/avatar\/e6f378fd6914c8505d3e1d40f51fa953b21bab0f3a5658a33bc84cb5bda780f9?s=96&d=mm&r=g","contentUrl":"https:\/\/secure.gravatar.com\/avatar\/e6f378fd6914c8505d3e1d40f51fa953b21bab0f3a5658a33bc84cb5bda780f9?s=96&d=mm&r=g","caption":"admin"},"sameAs":["https:\/\/estadocomarte.pt\/site"],"url":"https:\/\/estadocomarte.pt\/site\/author\/admin\/"}]}},"_links":{"self":[{"href":"https:\/\/estadocomarte.pt\/site\/wp-json\/wp\/v2\/posts\/10458","targetHints":{"allow":["GET"]}}],"collection":[{"href":"https:\/\/estadocomarte.pt\/site\/wp-json\/wp\/v2\/posts"}],"about":[{"href":"https:\/\/estadocomarte.pt\/site\/wp-json\/wp\/v2\/types\/post"}],"author":[{"embeddable":true,"href":"https:\/\/estadocomarte.pt\/site\/wp-json\/wp\/v2\/users\/1"}],"replies":[{"embeddable":true,"href":"https:\/\/estadocomarte.pt\/site\/wp-json\/wp\/v2\/comments?post=10458"}],"version-history":[{"count":1,"href":"https:\/\/estadocomarte.pt\/site\/wp-json\/wp\/v2\/posts\/10458\/revisions"}],"predecessor-version":[{"id":10460,"href":"https:\/\/estadocomarte.pt\/site\/wp-json\/wp\/v2\/posts\/10458\/revisions\/10460"}],"wp:featuredmedia":[{"embeddable":true,"href":"https:\/\/estadocomarte.pt\/site\/wp-json\/wp\/v2\/media\/10459"}],"wp:attachment":[{"href":"https:\/\/estadocomarte.pt\/site\/wp-json\/wp\/v2\/media?parent=10458"}],"wp:term":[{"taxonomy":"category","embeddable":true,"href":"https:\/\/estadocomarte.pt\/site\/wp-json\/wp\/v2\/categories?post=10458"},{"taxonomy":"post_tag","embeddable":true,"href":"https:\/\/estadocomarte.pt\/site\/wp-json\/wp\/v2\/tags?post=10458"}],"curies":[{"name":"wp","href":"https:\/\/api.w.org\/{rel}","templated":true}]}}