{"id":10486,"date":"2025-08-19T14:35:58","date_gmt":"2025-08-19T14:35:58","guid":{"rendered":"https:\/\/estadocomarte.pt\/site\/?p=10486"},"modified":"2025-08-19T14:35:58","modified_gmt":"2025-08-19T14:35:58","slug":"o-inquieto-agostinho","status":"publish","type":"post","link":"https:\/\/estadocomarte.pt\/site\/2025\/08\/19\/o-inquieto-agostinho\/","title":{"rendered":"O inquieto Agostinho"},"content":{"rendered":"<p><strong>Agostinho, viveu apaixonadamente o mundo que habitou, sabendo que o passado n\u00e3o morre, mas se transforma num eterno presente no qual se realiza e materializa todo o tempo, essa realidade oculta donde emergir\u00e1 o fluir celestial. <\/strong><strong>A procura e a conquista de si pr\u00f3prio, a passagem ao transcendente sem o qual a verdade do eu interior n\u00e3o pode existir, o conhecimento da alma e de Deus, bem como toda a problem\u00e1tica afectiva que o envolveu, s\u00e3o o cerne da sua obra, cuja influ\u00eancia se mant\u00e9m, ainda hoje, no pensamento contempor\u00e2neo.<\/strong><\/p>\n<p>Nascido no ano 354, em Tagaste, no norte de \u00c1frica, colonizada por Roma e filho de pai pag\u00e3o, o jovem Agostinho deixou-se influenciar profundamente pelos costumes desordenados da \u00e9poca. O seu temperamento ardente e rebelde conduziram-no a uma vida de intensas paix\u00f5es, das quais, mais tarde, h\u00e1-de vir a acusar-se nas suas \u201cConfiss\u00f5es\u201d.<\/p>\n<p>Contudo, n\u00e3o dispensou o estudo dos cl\u00e1ssicos, a obra de C\u00edcero levou-o \u00e0 investiga\u00e7\u00e3o filos\u00f3fica e a influ\u00eancia de sua m\u00e3e, cat\u00f3lica de f\u00e9 profunda, ajudaram-no a reflectir sobre o poder e a maravilha do Deus criador e transcendente.<\/p>\n<p>Foi professor de ret\u00f3rica em Cartago, Roma e Mil\u00e3o, onde buscou novos ambientes e mais sucesso. Sofrendo com a morte da m\u00e3e, abandonou o ensino e tomando contacto com os ensinamentos de S. Paulo converteu-se aos 33 anos, foi baptizado por Ambr\u00f3sio, Bispo, que pela palavra e exemplo o persuadiu da verdade do cristianismo, descobrindo o esplendor e a alegria desta religi\u00e3o.<br \/>\nRegressou \u00e0 sua terra natal onde foi ordenado sacerdote, sendo quatro anos mais tarde, Bispo de Hipona, hoje Annaba, na Arg\u00e9lia.<\/p>\n<p>As \u201cConfiss\u00f5es\u201d s\u00e3o o magnificat duma alma arrependida face ao deslumbramento da convers\u00e3o e \u00e0 miseric\u00f3rdia divina. S\u00e3o tamb\u00e9m o exemplo de como os Santos podem ser homens normais, por vezes pecadores, mas que n\u00e3o desistem de lutar e desesperadamente procurando rectificar a sua conduta de vida.<\/p>\n<p>Em pleno flagelo da invas\u00e3o dos V\u00e2ndalos que se abateu sobre a \u00c1frica romana, Agostinho ainda escreveu a sua obra-prima \u201c A Cidade de Deus \u201c, mas em 28 de Agosto de 430, partiu para o C\u00e9u, a sua Cidade Eterna.<\/p>\n<p>A Filosofia de Santo Agostinho \u00e9 o resultado da dispers\u00e3o da sua inquietude, da sua crise e tamb\u00e9m da sua reden\u00e7\u00e3o, ela \u00e9 o somat\u00f3rio da luta e conquista de si pr\u00f3prio, do seu destino e do verdadeiro significado da sua vida interior.<br \/>\nO entusiasmo religioso e o \u00edmpeto m\u00edstico para a verdade, n\u00e3o agem como for\u00e7as contradit\u00f3rias, mas fortalecem-se e d\u00e3o-lhe calor vital.<\/p>\n<p>S\u00f3 os grandes convertidos como Santo Agostinho, que sentiram o desabar da falsa verdade das teorias em que se tinham enredado, t\u00eam a coragem de caminhar em busca da f\u00e9. Apaixonado pela vida e pela Filosofia, s\u00f3 nas Escrituras encontra o sentido e a coer\u00eancia entre a alma e Deus.<\/p>\n<p>Quem ama o Omnipotente anseia que todos os outros homens o amem tamb\u00e9m, pelo que na sua vida passou a transbordar um sentimento de apostolado, sem o qual j\u00e1 n\u00e3o podia viver.<br \/>\nProcurou a verdade, encontrou-a onde menos esperava e a sua alma n\u00e3o descansava enquanto n\u00e3o a revelasse, num esp\u00edrito puramente filos\u00f3fico de ajudar a conduzir todos aqueles que tamb\u00e9m a procuravam.<br \/>\nA fome de Beleza e de Amor que o perseguiam desde a adolesc\u00eancia encontrou abund\u00e2ncia na natureza divina, essa fonte de vis\u00e3o po\u00e9tica do mundo e de todos os seres.<\/p>\n<p>Cheio de arrependimento clama: \u201cTarde Vos amei, \u00f3 beleza t\u00e3o antiga e t\u00e3o nova, tarde Vos amei!\u201d<br \/>\nA vida de Santo Agostinho foi uma nostalgia de Deus que se transformou numa ang\u00fastia de cora\u00e7\u00e3o, impelindo-o \u00e0 busca do Todo a que pertencia e no qual a inquietude do seu ser encontrou o repouso ansiado.<\/p>\n","protected":false},"excerpt":{"rendered":"<p>Susana Mexia,<br \/>\nProfessora de Filosofia<\/p>\n","protected":false},"author":1,"featured_media":10487,"comment_status":"open","ping_status":"open","sticky":false,"template":"","format":"standard","meta":{"site-sidebar-layout":"default","site-content-layout":"default","ast-global-header-display":"","ast-banner-title-visibility":"","ast-main-header-display":"","ast-hfb-above-header-display":"","ast-hfb-below-header-display":"","ast-hfb-mobile-header-display":"","site-post-title":"","ast-breadcrumbs-content":"","ast-featured-img":"","footer-sml-layout":"","theme-transparent-header-meta":"default","adv-header-id-meta":"","stick-header-meta":"","header-above-stick-meta":"","header-main-stick-meta":"","header-below-stick-meta":"","footnotes":""},"categories":[7,64],"tags":[1026,452],"class_list":["post-10486","post","type-post","status-publish","format-standard","has-post-thumbnail","hentry","category-cultura","category-isto-para-nos","tag-santo-agostinho","tag-susana-mexia"],"yoast_head":"<!-- This site is optimized with the Yoast SEO plugin v25.1 - https:\/\/yoast.com\/wordpress\/plugins\/seo\/ -->\n<title>O inquieto Agostinho - Estado com Arte<\/title>\n<meta name=\"robots\" content=\"index, follow, max-snippet:-1, max-image-preview:large, max-video-preview:-1\" \/>\n<link rel=\"canonical\" href=\"https:\/\/estadocomarte.pt\/site\/2025\/08\/19\/o-inquieto-agostinho\/\" \/>\n<meta property=\"og:locale\" content=\"pt_PT\" \/>\n<meta property=\"og:type\" content=\"article\" \/>\n<meta property=\"og:title\" content=\"O inquieto Agostinho - Estado com Arte\" \/>\n<meta property=\"og:description\" content=\"Susana Mexia,  Professora de Filosofia\" \/>\n<meta property=\"og:url\" content=\"https:\/\/estadocomarte.pt\/site\/2025\/08\/19\/o-inquieto-agostinho\/\" \/>\n<meta property=\"og:site_name\" content=\"Estado com Arte\" \/>\n<meta property=\"article:published_time\" content=\"2025-08-19T14:35:58+00:00\" \/>\n<meta property=\"og:image\" content=\"https:\/\/estadocomarte.pt\/site\/wp-content\/uploads\/2025\/08\/St.-Augustine-1024x745-1.jpg\" \/>\n\t<meta property=\"og:image:width\" content=\"1024\" \/>\n\t<meta property=\"og:image:height\" content=\"745\" \/>\n\t<meta property=\"og:image:type\" content=\"image\/jpeg\" \/>\n<meta name=\"author\" content=\"admin\" \/>\n<meta name=\"twitter:card\" content=\"summary_large_image\" \/>\n<meta name=\"twitter:label1\" content=\"Escrito por\" \/>\n\t<meta name=\"twitter:data1\" content=\"admin\" \/>\n\t<meta name=\"twitter:label2\" content=\"Tempo estimado de leitura\" \/>\n\t<meta name=\"twitter:data2\" content=\"4 minutos\" \/>\n<script type=\"application\/ld+json\" class=\"yoast-schema-graph\">{\"@context\":\"https:\/\/schema.org\",\"@graph\":[{\"@type\":\"Article\",\"@id\":\"https:\/\/estadocomarte.pt\/site\/2025\/08\/19\/o-inquieto-agostinho\/#article\",\"isPartOf\":{\"@id\":\"https:\/\/estadocomarte.pt\/site\/2025\/08\/19\/o-inquieto-agostinho\/\"},\"author\":{\"name\":\"admin\",\"@id\":\"https:\/\/estadocomarte.pt\/site\/#\/schema\/person\/c0943a071216c1e5b21f85304151e4ba\"},\"headline\":\"O inquieto Agostinho\",\"datePublished\":\"2025-08-19T14:35:58+00:00\",\"mainEntityOfPage\":{\"@id\":\"https:\/\/estadocomarte.pt\/site\/2025\/08\/19\/o-inquieto-agostinho\/\"},\"wordCount\":667,\"commentCount\":0,\"publisher\":{\"@id\":\"https:\/\/estadocomarte.pt\/site\/#organization\"},\"image\":{\"@id\":\"https:\/\/estadocomarte.pt\/site\/2025\/08\/19\/o-inquieto-agostinho\/#primaryimage\"},\"thumbnailUrl\":\"https:\/\/estadocomarte.pt\/site\/wp-content\/uploads\/2025\/08\/St.-Augustine-1024x745-1.jpg\",\"keywords\":[\"Santo Agostinho\",\"susana mexia\"],\"articleSection\":[\"Cultura\",\"Isto Para N\u00f3s\"],\"inLanguage\":\"pt-PT\",\"potentialAction\":[{\"@type\":\"CommentAction\",\"name\":\"Comment\",\"target\":[\"https:\/\/estadocomarte.pt\/site\/2025\/08\/19\/o-inquieto-agostinho\/#respond\"]}]},{\"@type\":\"WebPage\",\"@id\":\"https:\/\/estadocomarte.pt\/site\/2025\/08\/19\/o-inquieto-agostinho\/\",\"url\":\"https:\/\/estadocomarte.pt\/site\/2025\/08\/19\/o-inquieto-agostinho\/\",\"name\":\"O inquieto Agostinho - Estado com Arte\",\"isPartOf\":{\"@id\":\"https:\/\/estadocomarte.pt\/site\/#website\"},\"primaryImageOfPage\":{\"@id\":\"https:\/\/estadocomarte.pt\/site\/2025\/08\/19\/o-inquieto-agostinho\/#primaryimage\"},\"image\":{\"@id\":\"https:\/\/estadocomarte.pt\/site\/2025\/08\/19\/o-inquieto-agostinho\/#primaryimage\"},\"thumbnailUrl\":\"https:\/\/estadocomarte.pt\/site\/wp-content\/uploads\/2025\/08\/St.-Augustine-1024x745-1.jpg\",\"datePublished\":\"2025-08-19T14:35:58+00:00\",\"breadcrumb\":{\"@id\":\"https:\/\/estadocomarte.pt\/site\/2025\/08\/19\/o-inquieto-agostinho\/#breadcrumb\"},\"inLanguage\":\"pt-PT\",\"potentialAction\":[{\"@type\":\"ReadAction\",\"target\":[\"https:\/\/estadocomarte.pt\/site\/2025\/08\/19\/o-inquieto-agostinho\/\"]}]},{\"@type\":\"ImageObject\",\"inLanguage\":\"pt-PT\",\"@id\":\"https:\/\/estadocomarte.pt\/site\/2025\/08\/19\/o-inquieto-agostinho\/#primaryimage\",\"url\":\"https:\/\/estadocomarte.pt\/site\/wp-content\/uploads\/2025\/08\/St.-Augustine-1024x745-1.jpg\",\"contentUrl\":\"https:\/\/estadocomarte.pt\/site\/wp-content\/uploads\/2025\/08\/St.-Augustine-1024x745-1.jpg\",\"width\":1024,\"height\":745},{\"@type\":\"BreadcrumbList\",\"@id\":\"https:\/\/estadocomarte.pt\/site\/2025\/08\/19\/o-inquieto-agostinho\/#breadcrumb\",\"itemListElement\":[{\"@type\":\"ListItem\",\"position\":1,\"name\":\"In\u00edcio\",\"item\":\"https:\/\/estadocomarte.pt\/site\/\"},{\"@type\":\"ListItem\",\"position\":2,\"name\":\"O inquieto Agostinho\"}]},{\"@type\":\"WebSite\",\"@id\":\"https:\/\/estadocomarte.pt\/site\/#website\",\"url\":\"https:\/\/estadocomarte.pt\/site\/\",\"name\":\"Estado com Arte Magazine\",\"description\":\"Magazine\",\"publisher\":{\"@id\":\"https:\/\/estadocomarte.pt\/site\/#organization\"},\"alternateName\":\"Magazine semanal sobre pol\u00edtica e cultura, com autores, opini\u00e3o e cr\u00edticas.\",\"potentialAction\":[{\"@type\":\"SearchAction\",\"target\":{\"@type\":\"EntryPoint\",\"urlTemplate\":\"https:\/\/estadocomarte.pt\/site\/?s={search_term_string}\"},\"query-input\":{\"@type\":\"PropertyValueSpecification\",\"valueRequired\":true,\"valueName\":\"search_term_string\"}}],\"inLanguage\":\"pt-PT\"},{\"@type\":\"Organization\",\"@id\":\"https:\/\/estadocomarte.pt\/site\/#organization\",\"name\":\"Estado com Arte Magazine\",\"alternateName\":\"Magazine semanal sobre pol\u00edtica e cultura, com autores, opini\u00e3o e cr\u00edticas.\",\"url\":\"https:\/\/estadocomarte.pt\/site\/\",\"logo\":{\"@type\":\"ImageObject\",\"inLanguage\":\"pt-PT\",\"@id\":\"https:\/\/estadocomarte.pt\/site\/#\/schema\/logo\/image\/\",\"url\":\"https:\/\/estadocomarte.pt\/site\/wp-content\/uploads\/2023\/06\/cropped-cropped-Prancheta-2@2x-100.jpg\",\"contentUrl\":\"https:\/\/estadocomarte.pt\/site\/wp-content\/uploads\/2023\/06\/cropped-cropped-Prancheta-2@2x-100.jpg\",\"width\":1777,\"height\":592,\"caption\":\"Estado com Arte Magazine\"},\"image\":{\"@id\":\"https:\/\/estadocomarte.pt\/site\/#\/schema\/logo\/image\/\"},\"sameAs\":[\"https:\/\/www.instagram.com\/estadocomartemagazine\"]},{\"@type\":\"Person\",\"@id\":\"https:\/\/estadocomarte.pt\/site\/#\/schema\/person\/c0943a071216c1e5b21f85304151e4ba\",\"name\":\"admin\",\"image\":{\"@type\":\"ImageObject\",\"inLanguage\":\"pt-PT\",\"@id\":\"https:\/\/estadocomarte.pt\/site\/#\/schema\/person\/image\/\",\"url\":\"https:\/\/secure.gravatar.com\/avatar\/e6f378fd6914c8505d3e1d40f51fa953b21bab0f3a5658a33bc84cb5bda780f9?s=96&d=mm&r=g\",\"contentUrl\":\"https:\/\/secure.gravatar.com\/avatar\/e6f378fd6914c8505d3e1d40f51fa953b21bab0f3a5658a33bc84cb5bda780f9?s=96&d=mm&r=g\",\"caption\":\"admin\"},\"sameAs\":[\"https:\/\/estadocomarte.pt\/site\"],\"url\":\"https:\/\/estadocomarte.pt\/site\/author\/admin\/\"}]}<\/script>\n<!-- \/ Yoast SEO plugin. -->","yoast_head_json":{"title":"O inquieto Agostinho - Estado com Arte","robots":{"index":"index","follow":"follow","max-snippet":"max-snippet:-1","max-image-preview":"max-image-preview:large","max-video-preview":"max-video-preview:-1"},"canonical":"https:\/\/estadocomarte.pt\/site\/2025\/08\/19\/o-inquieto-agostinho\/","og_locale":"pt_PT","og_type":"article","og_title":"O inquieto Agostinho - Estado com Arte","og_description":"Susana Mexia,  Professora de Filosofia","og_url":"https:\/\/estadocomarte.pt\/site\/2025\/08\/19\/o-inquieto-agostinho\/","og_site_name":"Estado com Arte","article_published_time":"2025-08-19T14:35:58+00:00","og_image":[{"width":1024,"height":745,"url":"https:\/\/estadocomarte.pt\/site\/wp-content\/uploads\/2025\/08\/St.-Augustine-1024x745-1.jpg","type":"image\/jpeg"}],"author":"admin","twitter_card":"summary_large_image","twitter_misc":{"Escrito por":"admin","Tempo estimado de leitura":"4 minutos"},"schema":{"@context":"https:\/\/schema.org","@graph":[{"@type":"Article","@id":"https:\/\/estadocomarte.pt\/site\/2025\/08\/19\/o-inquieto-agostinho\/#article","isPartOf":{"@id":"https:\/\/estadocomarte.pt\/site\/2025\/08\/19\/o-inquieto-agostinho\/"},"author":{"name":"admin","@id":"https:\/\/estadocomarte.pt\/site\/#\/schema\/person\/c0943a071216c1e5b21f85304151e4ba"},"headline":"O inquieto Agostinho","datePublished":"2025-08-19T14:35:58+00:00","mainEntityOfPage":{"@id":"https:\/\/estadocomarte.pt\/site\/2025\/08\/19\/o-inquieto-agostinho\/"},"wordCount":667,"commentCount":0,"publisher":{"@id":"https:\/\/estadocomarte.pt\/site\/#organization"},"image":{"@id":"https:\/\/estadocomarte.pt\/site\/2025\/08\/19\/o-inquieto-agostinho\/#primaryimage"},"thumbnailUrl":"https:\/\/estadocomarte.pt\/site\/wp-content\/uploads\/2025\/08\/St.-Augustine-1024x745-1.jpg","keywords":["Santo Agostinho","susana mexia"],"articleSection":["Cultura","Isto Para N\u00f3s"],"inLanguage":"pt-PT","potentialAction":[{"@type":"CommentAction","name":"Comment","target":["https:\/\/estadocomarte.pt\/site\/2025\/08\/19\/o-inquieto-agostinho\/#respond"]}]},{"@type":"WebPage","@id":"https:\/\/estadocomarte.pt\/site\/2025\/08\/19\/o-inquieto-agostinho\/","url":"https:\/\/estadocomarte.pt\/site\/2025\/08\/19\/o-inquieto-agostinho\/","name":"O inquieto Agostinho - Estado com Arte","isPartOf":{"@id":"https:\/\/estadocomarte.pt\/site\/#website"},"primaryImageOfPage":{"@id":"https:\/\/estadocomarte.pt\/site\/2025\/08\/19\/o-inquieto-agostinho\/#primaryimage"},"image":{"@id":"https:\/\/estadocomarte.pt\/site\/2025\/08\/19\/o-inquieto-agostinho\/#primaryimage"},"thumbnailUrl":"https:\/\/estadocomarte.pt\/site\/wp-content\/uploads\/2025\/08\/St.-Augustine-1024x745-1.jpg","datePublished":"2025-08-19T14:35:58+00:00","breadcrumb":{"@id":"https:\/\/estadocomarte.pt\/site\/2025\/08\/19\/o-inquieto-agostinho\/#breadcrumb"},"inLanguage":"pt-PT","potentialAction":[{"@type":"ReadAction","target":["https:\/\/estadocomarte.pt\/site\/2025\/08\/19\/o-inquieto-agostinho\/"]}]},{"@type":"ImageObject","inLanguage":"pt-PT","@id":"https:\/\/estadocomarte.pt\/site\/2025\/08\/19\/o-inquieto-agostinho\/#primaryimage","url":"https:\/\/estadocomarte.pt\/site\/wp-content\/uploads\/2025\/08\/St.-Augustine-1024x745-1.jpg","contentUrl":"https:\/\/estadocomarte.pt\/site\/wp-content\/uploads\/2025\/08\/St.-Augustine-1024x745-1.jpg","width":1024,"height":745},{"@type":"BreadcrumbList","@id":"https:\/\/estadocomarte.pt\/site\/2025\/08\/19\/o-inquieto-agostinho\/#breadcrumb","itemListElement":[{"@type":"ListItem","position":1,"name":"In\u00edcio","item":"https:\/\/estadocomarte.pt\/site\/"},{"@type":"ListItem","position":2,"name":"O inquieto Agostinho"}]},{"@type":"WebSite","@id":"https:\/\/estadocomarte.pt\/site\/#website","url":"https:\/\/estadocomarte.pt\/site\/","name":"Estado com Arte Magazine","description":"Magazine","publisher":{"@id":"https:\/\/estadocomarte.pt\/site\/#organization"},"alternateName":"Magazine semanal sobre pol\u00edtica e cultura, com autores, opini\u00e3o e cr\u00edticas.","potentialAction":[{"@type":"SearchAction","target":{"@type":"EntryPoint","urlTemplate":"https:\/\/estadocomarte.pt\/site\/?s={search_term_string}"},"query-input":{"@type":"PropertyValueSpecification","valueRequired":true,"valueName":"search_term_string"}}],"inLanguage":"pt-PT"},{"@type":"Organization","@id":"https:\/\/estadocomarte.pt\/site\/#organization","name":"Estado com Arte Magazine","alternateName":"Magazine semanal sobre pol\u00edtica e cultura, com autores, opini\u00e3o e cr\u00edticas.","url":"https:\/\/estadocomarte.pt\/site\/","logo":{"@type":"ImageObject","inLanguage":"pt-PT","@id":"https:\/\/estadocomarte.pt\/site\/#\/schema\/logo\/image\/","url":"https:\/\/estadocomarte.pt\/site\/wp-content\/uploads\/2023\/06\/cropped-cropped-Prancheta-2@2x-100.jpg","contentUrl":"https:\/\/estadocomarte.pt\/site\/wp-content\/uploads\/2023\/06\/cropped-cropped-Prancheta-2@2x-100.jpg","width":1777,"height":592,"caption":"Estado com Arte Magazine"},"image":{"@id":"https:\/\/estadocomarte.pt\/site\/#\/schema\/logo\/image\/"},"sameAs":["https:\/\/www.instagram.com\/estadocomartemagazine"]},{"@type":"Person","@id":"https:\/\/estadocomarte.pt\/site\/#\/schema\/person\/c0943a071216c1e5b21f85304151e4ba","name":"admin","image":{"@type":"ImageObject","inLanguage":"pt-PT","@id":"https:\/\/estadocomarte.pt\/site\/#\/schema\/person\/image\/","url":"https:\/\/secure.gravatar.com\/avatar\/e6f378fd6914c8505d3e1d40f51fa953b21bab0f3a5658a33bc84cb5bda780f9?s=96&d=mm&r=g","contentUrl":"https:\/\/secure.gravatar.com\/avatar\/e6f378fd6914c8505d3e1d40f51fa953b21bab0f3a5658a33bc84cb5bda780f9?s=96&d=mm&r=g","caption":"admin"},"sameAs":["https:\/\/estadocomarte.pt\/site"],"url":"https:\/\/estadocomarte.pt\/site\/author\/admin\/"}]}},"_links":{"self":[{"href":"https:\/\/estadocomarte.pt\/site\/wp-json\/wp\/v2\/posts\/10486","targetHints":{"allow":["GET"]}}],"collection":[{"href":"https:\/\/estadocomarte.pt\/site\/wp-json\/wp\/v2\/posts"}],"about":[{"href":"https:\/\/estadocomarte.pt\/site\/wp-json\/wp\/v2\/types\/post"}],"author":[{"embeddable":true,"href":"https:\/\/estadocomarte.pt\/site\/wp-json\/wp\/v2\/users\/1"}],"replies":[{"embeddable":true,"href":"https:\/\/estadocomarte.pt\/site\/wp-json\/wp\/v2\/comments?post=10486"}],"version-history":[{"count":1,"href":"https:\/\/estadocomarte.pt\/site\/wp-json\/wp\/v2\/posts\/10486\/revisions"}],"predecessor-version":[{"id":10488,"href":"https:\/\/estadocomarte.pt\/site\/wp-json\/wp\/v2\/posts\/10486\/revisions\/10488"}],"wp:featuredmedia":[{"embeddable":true,"href":"https:\/\/estadocomarte.pt\/site\/wp-json\/wp\/v2\/media\/10487"}],"wp:attachment":[{"href":"https:\/\/estadocomarte.pt\/site\/wp-json\/wp\/v2\/media?parent=10486"}],"wp:term":[{"taxonomy":"category","embeddable":true,"href":"https:\/\/estadocomarte.pt\/site\/wp-json\/wp\/v2\/categories?post=10486"},{"taxonomy":"post_tag","embeddable":true,"href":"https:\/\/estadocomarte.pt\/site\/wp-json\/wp\/v2\/tags?post=10486"}],"curies":[{"name":"wp","href":"https:\/\/api.w.org\/{rel}","templated":true}]}}