{"id":10490,"date":"2025-08-19T14:48:20","date_gmt":"2025-08-19T14:48:20","guid":{"rendered":"https:\/\/estadocomarte.pt\/site\/?p=10490"},"modified":"2025-08-20T07:12:08","modified_gmt":"2025-08-20T07:12:08","slug":"o-silencio-ensurdecedor-da-violencia","status":"publish","type":"post","link":"https:\/\/estadocomarte.pt\/site\/2025\/08\/19\/o-silencio-ensurdecedor-da-violencia\/","title":{"rendered":"O sil\u00eancio ensurdecedor da viol\u00eancia"},"content":{"rendered":"<p><strong>O sil\u00eancio, por vezes ensurdecedor, da v\u00edtima \u00e9 tamb\u00e9m o sil\u00eancio da Justi\u00e7a, \u00e9 a falha de todos n\u00f3s, a falha do Estado. O sil\u00eancio tem consequ\u00eancias, para as v\u00edtimas, para quem as rodeia, para a sociedade (numa perspetiva economicista, tem custos no sistema de sa\u00fade e nas empresas, por redu\u00e7\u00e3o da produtividade e da assiduidade). A viol\u00eancia dom\u00e9stica \u00e9 crime e o sil\u00eancio \u00e9 impunidade, \u00e9 a fase invis\u00edvel de uma realidade escondida que sempre existiu. <\/strong><\/p>\n<p>Teresa Caeiro fica conhecida pelo seu papel na pol\u00edtica, mas era tamb\u00e9m Advogada, profiss\u00e3o que exerceu durante 30 anos. Foi essa experi\u00eancia que contribuiu para que tivesse deixado uma marca indel\u00e9vel na sociedade, como pessoas pr\u00f3ximas t\u00eam apontado desde o seu falecimento.<\/p>\n<p>A este prop\u00f3sito, destaca-se um artigo de um jornalista, que, entre os merecidos elogios, aludiu a uma alegada situa\u00e7\u00e3o de viol\u00eancia dom\u00e9stica que a pr\u00f3pria lhe teria confessado. Experi\u00eancia, entretanto, negada pelos familiares de Teresa Caeiro, mas que nos conduz a uma discuss\u00e3o antiga mas atual: quantos casos de viol\u00eancia dom\u00e9stica existem e que n\u00e3o s\u00e3o denunciados?<\/p>\n<p>N\u00e3o se sabe (nem h\u00e1 como saber, de forma fidedigna) os n\u00fameros de casos n\u00e3o denunciados. Estima-se que dois ter\u00e7os dos casos fiquem ocultos. Provavelmente, todos sabemos de um caso em que suspeitamos existir viol\u00eancia. Hesitamos, receamos em denunciar, at\u00e9 porque pode ser apenas uma perce\u00e7\u00e3o errada. Mas existem.<\/p>\n<p>Trazendo \u00e0 li\u00e7a a <strong>Estrat\u00e9gia da Procuradoria-Geral da Rep\u00fablica<\/strong> <strong>em mat\u00e9ria de viol\u00eancia dom\u00e9stica<\/strong>, publicada em fevereiro, subscrevemos a qualifica\u00e7\u00e3o desta realidade como um \u201cfen\u00f3meno criminal de alarmante persist\u00eancia e terr\u00edveis consequ\u00eancias\u201d e que deixa a v\u00edtima numa situa\u00e7\u00e3o de especial vulnerabilidade, com impacto nos planos f\u00edsico, psicol\u00f3gico, social e econ\u00f3mico, e, nos casos mais extremos, com risco de vida ou de incapacita\u00e7\u00e3o.<\/p>\n<p><strong>A Comiss\u00e3o para a Cidadania e Igualdade de G\u00e9nero<\/strong>, com base na experi\u00eancia e literatura cient\u00edfica, j\u00e1 apresentou as consequ\u00eancias traum\u00e1ticas mais comuns, numa longa lista.<br \/>\nA lista \u00e9 extensa, mas tamb\u00e9m o s\u00e3o os danos, que podem ser duradouros e cru\u00e9is para a sa\u00fade da v\u00edtima. E sem ajuda e o inerente processo de reabilita\u00e7\u00e3o, podem tornar-se definitivos e fatais. \u00c9, pois, crucial pedir ajuda.<\/p>\n<p>Contudo, muitas vezes n\u00e3o \u00e9 f\u00e1cil, porquanto o pedido de ajuda exige assumir a realidade e as consequ\u00eancias da a\u00e7\u00e3o. Uma queixa desencadeia uma sequ\u00eancia de eventos que em muitos casos condiciona uma tomada de decis\u00e3o, impede que se tome uma a\u00e7\u00e3o.<\/p>\n<p>O medo, pela pr\u00f3pria v\u00edtima e\/ou pelos filhos, \u00e9 trav\u00e3o para que se avance. Ou a depend\u00eancia econ\u00f3mica. Ou ainda a vergonha ou o receio de ser mal vista, pois ainda temos na sociedade uma cultura de \u201cestava a pedi-las\u201d ou pior. N\u00e3o deveria ser, n\u00e3o dever\u00e1 ser. Todas as v\u00edtimas dever\u00e3o sentir que, por tr\u00e1s de si, t\u00eam um sistema que as protege, que as ampara, que as conduz a uma vida melhor, mais segura, mais saud\u00e1vel. Por\u00e9m, esse sistema n\u00e3o existe. Quem nele trabalha sabe que temos um problema sist\u00e9mico de falta de meios que provocam atrasos em dilig\u00eancias urgentes e que exigem medidas imediatas, que por vezes falta sensibilidade e at\u00e9 discernimento em avaliar o grau de risco, que a sobrecarga dos profissionais proporciona mais erros.<\/p>\n<p>Um contexto que desmotiva, em vez de fomentar as den\u00fancias. O contr\u00e1rio do que o nosso ordenamento jur\u00eddico preconiza!<br \/>\nO sil\u00eancio, por vezes ensurdecedor, da v\u00edtima \u00e9 tamb\u00e9m o sil\u00eancio da Justi\u00e7a, \u00e9 a falha de todos n\u00f3s, a falha do Estado. O sil\u00eancio tem consequ\u00eancias, para as v\u00edtimas, para quem as rodeia, para a sociedade (numa perspetiva economicista, tem custos no sistema de sa\u00fade e nas empresas, por redu\u00e7\u00e3o da produtividade e da assiduidade). A viol\u00eancia dom\u00e9stica \u00e9 crime e o sil\u00eancio \u00e9 impunidade, \u00e9 a fase invis\u00edvel de uma realidade escondida que sempre existiu. H\u00e1 que a destapar, porque s\u00f3 assim ajudamos quem sofre, impedimos que se perpetue o ciclo de viol\u00eancia e vida de sofrimento.<\/p>\n","protected":false},"excerpt":{"rendered":"<p>Ricardo Sardo,<br \/>\nAdvogado<\/p>\n","protected":false},"author":1,"featured_media":10011,"comment_status":"open","ping_status":"open","sticky":false,"template":"","format":"standard","meta":{"site-sidebar-layout":"default","site-content-layout":"default","ast-global-header-display":"","ast-banner-title-visibility":"","ast-main-header-display":"","ast-hfb-above-header-display":"","ast-hfb-below-header-display":"","ast-hfb-mobile-header-display":"","site-post-title":"","ast-breadcrumbs-content":"","ast-featured-img":"","footer-sml-layout":"","theme-transparent-header-meta":"default","adv-header-id-meta":"","stick-header-meta":"","header-above-stick-meta":"","header-main-stick-meta":"","header-below-stick-meta":"","footnotes":""},"categories":[87],"tags":[956,1028,1027],"class_list":["post-10490","post","type-post","status-publish","format-standard","has-post-thumbnail","hentry","category-vice-versa","tag-ricardo-sardo","tag-teresa-caeiro","tag-violencia-domestica"],"yoast_head":"<!-- This site is optimized with the Yoast SEO plugin v25.1 - https:\/\/yoast.com\/wordpress\/plugins\/seo\/ -->\n<title>O sil\u00eancio ensurdecedor da viol\u00eancia - Estado com Arte<\/title>\n<meta name=\"robots\" content=\"index, follow, max-snippet:-1, max-image-preview:large, max-video-preview:-1\" \/>\n<link rel=\"canonical\" href=\"https:\/\/estadocomarte.pt\/site\/2025\/08\/19\/o-silencio-ensurdecedor-da-violencia\/\" \/>\n<meta property=\"og:locale\" content=\"pt_PT\" \/>\n<meta property=\"og:type\" content=\"article\" \/>\n<meta property=\"og:title\" content=\"O sil\u00eancio ensurdecedor da viol\u00eancia - Estado com Arte\" \/>\n<meta property=\"og:description\" content=\"Ricardo Sardo, Advogado\" \/>\n<meta property=\"og:url\" content=\"https:\/\/estadocomarte.pt\/site\/2025\/08\/19\/o-silencio-ensurdecedor-da-violencia\/\" \/>\n<meta property=\"og:site_name\" content=\"Estado com Arte\" \/>\n<meta property=\"article:published_time\" content=\"2025-08-19T14:48:20+00:00\" \/>\n<meta property=\"article:modified_time\" content=\"2025-08-20T07:12:08+00:00\" \/>\n<meta property=\"og:image\" content=\"https:\/\/estadocomarte.pt\/site\/wp-content\/uploads\/2025\/06\/ricardo-sardo.jpeg\" \/>\n\t<meta property=\"og:image:width\" content=\"800\" \/>\n\t<meta property=\"og:image:height\" content=\"800\" \/>\n\t<meta property=\"og:image:type\" content=\"image\/jpeg\" \/>\n<meta name=\"author\" content=\"admin\" \/>\n<meta name=\"twitter:card\" content=\"summary_large_image\" \/>\n<meta name=\"twitter:label1\" content=\"Escrito por\" \/>\n\t<meta name=\"twitter:data1\" content=\"admin\" \/>\n\t<meta name=\"twitter:label2\" content=\"Tempo estimado de leitura\" \/>\n\t<meta name=\"twitter:data2\" content=\"4 minutos\" \/>\n<script type=\"application\/ld+json\" class=\"yoast-schema-graph\">{\"@context\":\"https:\/\/schema.org\",\"@graph\":[{\"@type\":\"Article\",\"@id\":\"https:\/\/estadocomarte.pt\/site\/2025\/08\/19\/o-silencio-ensurdecedor-da-violencia\/#article\",\"isPartOf\":{\"@id\":\"https:\/\/estadocomarte.pt\/site\/2025\/08\/19\/o-silencio-ensurdecedor-da-violencia\/\"},\"author\":{\"name\":\"admin\",\"@id\":\"https:\/\/estadocomarte.pt\/site\/#\/schema\/person\/c0943a071216c1e5b21f85304151e4ba\"},\"headline\":\"O sil\u00eancio ensurdecedor da viol\u00eancia\",\"datePublished\":\"2025-08-19T14:48:20+00:00\",\"dateModified\":\"2025-08-20T07:12:08+00:00\",\"mainEntityOfPage\":{\"@id\":\"https:\/\/estadocomarte.pt\/site\/2025\/08\/19\/o-silencio-ensurdecedor-da-violencia\/\"},\"wordCount\":745,\"commentCount\":0,\"publisher\":{\"@id\":\"https:\/\/estadocomarte.pt\/site\/#organization\"},\"image\":{\"@id\":\"https:\/\/estadocomarte.pt\/site\/2025\/08\/19\/o-silencio-ensurdecedor-da-violencia\/#primaryimage\"},\"thumbnailUrl\":\"https:\/\/estadocomarte.pt\/site\/wp-content\/uploads\/2025\/06\/ricardo-sardo.jpeg\",\"keywords\":[\"ricardo sardo\",\"Teresa Caeiro\",\"Viol\u00eancia Dom\u00e9stica\"],\"articleSection\":[\"Vice-versa\"],\"inLanguage\":\"pt-PT\",\"potentialAction\":[{\"@type\":\"CommentAction\",\"name\":\"Comment\",\"target\":[\"https:\/\/estadocomarte.pt\/site\/2025\/08\/19\/o-silencio-ensurdecedor-da-violencia\/#respond\"]}]},{\"@type\":\"WebPage\",\"@id\":\"https:\/\/estadocomarte.pt\/site\/2025\/08\/19\/o-silencio-ensurdecedor-da-violencia\/\",\"url\":\"https:\/\/estadocomarte.pt\/site\/2025\/08\/19\/o-silencio-ensurdecedor-da-violencia\/\",\"name\":\"O sil\u00eancio ensurdecedor da viol\u00eancia - Estado com Arte\",\"isPartOf\":{\"@id\":\"https:\/\/estadocomarte.pt\/site\/#website\"},\"primaryImageOfPage\":{\"@id\":\"https:\/\/estadocomarte.pt\/site\/2025\/08\/19\/o-silencio-ensurdecedor-da-violencia\/#primaryimage\"},\"image\":{\"@id\":\"https:\/\/estadocomarte.pt\/site\/2025\/08\/19\/o-silencio-ensurdecedor-da-violencia\/#primaryimage\"},\"thumbnailUrl\":\"https:\/\/estadocomarte.pt\/site\/wp-content\/uploads\/2025\/06\/ricardo-sardo.jpeg\",\"datePublished\":\"2025-08-19T14:48:20+00:00\",\"dateModified\":\"2025-08-20T07:12:08+00:00\",\"breadcrumb\":{\"@id\":\"https:\/\/estadocomarte.pt\/site\/2025\/08\/19\/o-silencio-ensurdecedor-da-violencia\/#breadcrumb\"},\"inLanguage\":\"pt-PT\",\"potentialAction\":[{\"@type\":\"ReadAction\",\"target\":[\"https:\/\/estadocomarte.pt\/site\/2025\/08\/19\/o-silencio-ensurdecedor-da-violencia\/\"]}]},{\"@type\":\"ImageObject\",\"inLanguage\":\"pt-PT\",\"@id\":\"https:\/\/estadocomarte.pt\/site\/2025\/08\/19\/o-silencio-ensurdecedor-da-violencia\/#primaryimage\",\"url\":\"https:\/\/estadocomarte.pt\/site\/wp-content\/uploads\/2025\/06\/ricardo-sardo.jpeg\",\"contentUrl\":\"https:\/\/estadocomarte.pt\/site\/wp-content\/uploads\/2025\/06\/ricardo-sardo.jpeg\",\"width\":800,\"height\":800},{\"@type\":\"BreadcrumbList\",\"@id\":\"https:\/\/estadocomarte.pt\/site\/2025\/08\/19\/o-silencio-ensurdecedor-da-violencia\/#breadcrumb\",\"itemListElement\":[{\"@type\":\"ListItem\",\"position\":1,\"name\":\"In\u00edcio\",\"item\":\"https:\/\/estadocomarte.pt\/site\/\"},{\"@type\":\"ListItem\",\"position\":2,\"name\":\"O sil\u00eancio ensurdecedor da viol\u00eancia\"}]},{\"@type\":\"WebSite\",\"@id\":\"https:\/\/estadocomarte.pt\/site\/#website\",\"url\":\"https:\/\/estadocomarte.pt\/site\/\",\"name\":\"Estado com Arte Magazine\",\"description\":\"Magazine\",\"publisher\":{\"@id\":\"https:\/\/estadocomarte.pt\/site\/#organization\"},\"alternateName\":\"Magazine semanal sobre pol\u00edtica e cultura, com autores, opini\u00e3o e cr\u00edticas.\",\"potentialAction\":[{\"@type\":\"SearchAction\",\"target\":{\"@type\":\"EntryPoint\",\"urlTemplate\":\"https:\/\/estadocomarte.pt\/site\/?s={search_term_string}\"},\"query-input\":{\"@type\":\"PropertyValueSpecification\",\"valueRequired\":true,\"valueName\":\"search_term_string\"}}],\"inLanguage\":\"pt-PT\"},{\"@type\":\"Organization\",\"@id\":\"https:\/\/estadocomarte.pt\/site\/#organization\",\"name\":\"Estado com Arte Magazine\",\"alternateName\":\"Magazine semanal sobre pol\u00edtica e cultura, com autores, opini\u00e3o e cr\u00edticas.\",\"url\":\"https:\/\/estadocomarte.pt\/site\/\",\"logo\":{\"@type\":\"ImageObject\",\"inLanguage\":\"pt-PT\",\"@id\":\"https:\/\/estadocomarte.pt\/site\/#\/schema\/logo\/image\/\",\"url\":\"https:\/\/estadocomarte.pt\/site\/wp-content\/uploads\/2023\/06\/cropped-cropped-Prancheta-2@2x-100.jpg\",\"contentUrl\":\"https:\/\/estadocomarte.pt\/site\/wp-content\/uploads\/2023\/06\/cropped-cropped-Prancheta-2@2x-100.jpg\",\"width\":1777,\"height\":592,\"caption\":\"Estado com Arte Magazine\"},\"image\":{\"@id\":\"https:\/\/estadocomarte.pt\/site\/#\/schema\/logo\/image\/\"},\"sameAs\":[\"https:\/\/www.instagram.com\/estadocomartemagazine\"]},{\"@type\":\"Person\",\"@id\":\"https:\/\/estadocomarte.pt\/site\/#\/schema\/person\/c0943a071216c1e5b21f85304151e4ba\",\"name\":\"admin\",\"image\":{\"@type\":\"ImageObject\",\"inLanguage\":\"pt-PT\",\"@id\":\"https:\/\/estadocomarte.pt\/site\/#\/schema\/person\/image\/\",\"url\":\"https:\/\/secure.gravatar.com\/avatar\/e6f378fd6914c8505d3e1d40f51fa953b21bab0f3a5658a33bc84cb5bda780f9?s=96&d=mm&r=g\",\"contentUrl\":\"https:\/\/secure.gravatar.com\/avatar\/e6f378fd6914c8505d3e1d40f51fa953b21bab0f3a5658a33bc84cb5bda780f9?s=96&d=mm&r=g\",\"caption\":\"admin\"},\"sameAs\":[\"https:\/\/estadocomarte.pt\/site\"],\"url\":\"https:\/\/estadocomarte.pt\/site\/author\/admin\/\"}]}<\/script>\n<!-- \/ Yoast SEO plugin. -->","yoast_head_json":{"title":"O sil\u00eancio ensurdecedor da viol\u00eancia - Estado com Arte","robots":{"index":"index","follow":"follow","max-snippet":"max-snippet:-1","max-image-preview":"max-image-preview:large","max-video-preview":"max-video-preview:-1"},"canonical":"https:\/\/estadocomarte.pt\/site\/2025\/08\/19\/o-silencio-ensurdecedor-da-violencia\/","og_locale":"pt_PT","og_type":"article","og_title":"O sil\u00eancio ensurdecedor da viol\u00eancia - Estado com Arte","og_description":"Ricardo Sardo, Advogado","og_url":"https:\/\/estadocomarte.pt\/site\/2025\/08\/19\/o-silencio-ensurdecedor-da-violencia\/","og_site_name":"Estado com Arte","article_published_time":"2025-08-19T14:48:20+00:00","article_modified_time":"2025-08-20T07:12:08+00:00","og_image":[{"width":800,"height":800,"url":"https:\/\/estadocomarte.pt\/site\/wp-content\/uploads\/2025\/06\/ricardo-sardo.jpeg","type":"image\/jpeg"}],"author":"admin","twitter_card":"summary_large_image","twitter_misc":{"Escrito por":"admin","Tempo estimado de leitura":"4 minutos"},"schema":{"@context":"https:\/\/schema.org","@graph":[{"@type":"Article","@id":"https:\/\/estadocomarte.pt\/site\/2025\/08\/19\/o-silencio-ensurdecedor-da-violencia\/#article","isPartOf":{"@id":"https:\/\/estadocomarte.pt\/site\/2025\/08\/19\/o-silencio-ensurdecedor-da-violencia\/"},"author":{"name":"admin","@id":"https:\/\/estadocomarte.pt\/site\/#\/schema\/person\/c0943a071216c1e5b21f85304151e4ba"},"headline":"O sil\u00eancio ensurdecedor da viol\u00eancia","datePublished":"2025-08-19T14:48:20+00:00","dateModified":"2025-08-20T07:12:08+00:00","mainEntityOfPage":{"@id":"https:\/\/estadocomarte.pt\/site\/2025\/08\/19\/o-silencio-ensurdecedor-da-violencia\/"},"wordCount":745,"commentCount":0,"publisher":{"@id":"https:\/\/estadocomarte.pt\/site\/#organization"},"image":{"@id":"https:\/\/estadocomarte.pt\/site\/2025\/08\/19\/o-silencio-ensurdecedor-da-violencia\/#primaryimage"},"thumbnailUrl":"https:\/\/estadocomarte.pt\/site\/wp-content\/uploads\/2025\/06\/ricardo-sardo.jpeg","keywords":["ricardo sardo","Teresa Caeiro","Viol\u00eancia Dom\u00e9stica"],"articleSection":["Vice-versa"],"inLanguage":"pt-PT","potentialAction":[{"@type":"CommentAction","name":"Comment","target":["https:\/\/estadocomarte.pt\/site\/2025\/08\/19\/o-silencio-ensurdecedor-da-violencia\/#respond"]}]},{"@type":"WebPage","@id":"https:\/\/estadocomarte.pt\/site\/2025\/08\/19\/o-silencio-ensurdecedor-da-violencia\/","url":"https:\/\/estadocomarte.pt\/site\/2025\/08\/19\/o-silencio-ensurdecedor-da-violencia\/","name":"O sil\u00eancio ensurdecedor da viol\u00eancia - Estado com Arte","isPartOf":{"@id":"https:\/\/estadocomarte.pt\/site\/#website"},"primaryImageOfPage":{"@id":"https:\/\/estadocomarte.pt\/site\/2025\/08\/19\/o-silencio-ensurdecedor-da-violencia\/#primaryimage"},"image":{"@id":"https:\/\/estadocomarte.pt\/site\/2025\/08\/19\/o-silencio-ensurdecedor-da-violencia\/#primaryimage"},"thumbnailUrl":"https:\/\/estadocomarte.pt\/site\/wp-content\/uploads\/2025\/06\/ricardo-sardo.jpeg","datePublished":"2025-08-19T14:48:20+00:00","dateModified":"2025-08-20T07:12:08+00:00","breadcrumb":{"@id":"https:\/\/estadocomarte.pt\/site\/2025\/08\/19\/o-silencio-ensurdecedor-da-violencia\/#breadcrumb"},"inLanguage":"pt-PT","potentialAction":[{"@type":"ReadAction","target":["https:\/\/estadocomarte.pt\/site\/2025\/08\/19\/o-silencio-ensurdecedor-da-violencia\/"]}]},{"@type":"ImageObject","inLanguage":"pt-PT","@id":"https:\/\/estadocomarte.pt\/site\/2025\/08\/19\/o-silencio-ensurdecedor-da-violencia\/#primaryimage","url":"https:\/\/estadocomarte.pt\/site\/wp-content\/uploads\/2025\/06\/ricardo-sardo.jpeg","contentUrl":"https:\/\/estadocomarte.pt\/site\/wp-content\/uploads\/2025\/06\/ricardo-sardo.jpeg","width":800,"height":800},{"@type":"BreadcrumbList","@id":"https:\/\/estadocomarte.pt\/site\/2025\/08\/19\/o-silencio-ensurdecedor-da-violencia\/#breadcrumb","itemListElement":[{"@type":"ListItem","position":1,"name":"In\u00edcio","item":"https:\/\/estadocomarte.pt\/site\/"},{"@type":"ListItem","position":2,"name":"O sil\u00eancio ensurdecedor da viol\u00eancia"}]},{"@type":"WebSite","@id":"https:\/\/estadocomarte.pt\/site\/#website","url":"https:\/\/estadocomarte.pt\/site\/","name":"Estado com Arte Magazine","description":"Magazine","publisher":{"@id":"https:\/\/estadocomarte.pt\/site\/#organization"},"alternateName":"Magazine semanal sobre pol\u00edtica e cultura, com autores, opini\u00e3o e cr\u00edticas.","potentialAction":[{"@type":"SearchAction","target":{"@type":"EntryPoint","urlTemplate":"https:\/\/estadocomarte.pt\/site\/?s={search_term_string}"},"query-input":{"@type":"PropertyValueSpecification","valueRequired":true,"valueName":"search_term_string"}}],"inLanguage":"pt-PT"},{"@type":"Organization","@id":"https:\/\/estadocomarte.pt\/site\/#organization","name":"Estado com Arte Magazine","alternateName":"Magazine semanal sobre pol\u00edtica e cultura, com autores, opini\u00e3o e cr\u00edticas.","url":"https:\/\/estadocomarte.pt\/site\/","logo":{"@type":"ImageObject","inLanguage":"pt-PT","@id":"https:\/\/estadocomarte.pt\/site\/#\/schema\/logo\/image\/","url":"https:\/\/estadocomarte.pt\/site\/wp-content\/uploads\/2023\/06\/cropped-cropped-Prancheta-2@2x-100.jpg","contentUrl":"https:\/\/estadocomarte.pt\/site\/wp-content\/uploads\/2023\/06\/cropped-cropped-Prancheta-2@2x-100.jpg","width":1777,"height":592,"caption":"Estado com Arte Magazine"},"image":{"@id":"https:\/\/estadocomarte.pt\/site\/#\/schema\/logo\/image\/"},"sameAs":["https:\/\/www.instagram.com\/estadocomartemagazine"]},{"@type":"Person","@id":"https:\/\/estadocomarte.pt\/site\/#\/schema\/person\/c0943a071216c1e5b21f85304151e4ba","name":"admin","image":{"@type":"ImageObject","inLanguage":"pt-PT","@id":"https:\/\/estadocomarte.pt\/site\/#\/schema\/person\/image\/","url":"https:\/\/secure.gravatar.com\/avatar\/e6f378fd6914c8505d3e1d40f51fa953b21bab0f3a5658a33bc84cb5bda780f9?s=96&d=mm&r=g","contentUrl":"https:\/\/secure.gravatar.com\/avatar\/e6f378fd6914c8505d3e1d40f51fa953b21bab0f3a5658a33bc84cb5bda780f9?s=96&d=mm&r=g","caption":"admin"},"sameAs":["https:\/\/estadocomarte.pt\/site"],"url":"https:\/\/estadocomarte.pt\/site\/author\/admin\/"}]}},"_links":{"self":[{"href":"https:\/\/estadocomarte.pt\/site\/wp-json\/wp\/v2\/posts\/10490","targetHints":{"allow":["GET"]}}],"collection":[{"href":"https:\/\/estadocomarte.pt\/site\/wp-json\/wp\/v2\/posts"}],"about":[{"href":"https:\/\/estadocomarte.pt\/site\/wp-json\/wp\/v2\/types\/post"}],"author":[{"embeddable":true,"href":"https:\/\/estadocomarte.pt\/site\/wp-json\/wp\/v2\/users\/1"}],"replies":[{"embeddable":true,"href":"https:\/\/estadocomarte.pt\/site\/wp-json\/wp\/v2\/comments?post=10490"}],"version-history":[{"count":1,"href":"https:\/\/estadocomarte.pt\/site\/wp-json\/wp\/v2\/posts\/10490\/revisions"}],"predecessor-version":[{"id":10491,"href":"https:\/\/estadocomarte.pt\/site\/wp-json\/wp\/v2\/posts\/10490\/revisions\/10491"}],"wp:featuredmedia":[{"embeddable":true,"href":"https:\/\/estadocomarte.pt\/site\/wp-json\/wp\/v2\/media\/10011"}],"wp:attachment":[{"href":"https:\/\/estadocomarte.pt\/site\/wp-json\/wp\/v2\/media?parent=10490"}],"wp:term":[{"taxonomy":"category","embeddable":true,"href":"https:\/\/estadocomarte.pt\/site\/wp-json\/wp\/v2\/categories?post=10490"},{"taxonomy":"post_tag","embeddable":true,"href":"https:\/\/estadocomarte.pt\/site\/wp-json\/wp\/v2\/tags?post=10490"}],"curies":[{"name":"wp","href":"https:\/\/api.w.org\/{rel}","templated":true}]}}