{"id":10493,"date":"2025-08-19T17:26:07","date_gmt":"2025-08-19T17:26:07","guid":{"rendered":"https:\/\/estadocomarte.pt\/site\/?p=10493"},"modified":"2025-08-20T07:11:42","modified_gmt":"2025-08-20T07:11:42","slug":"autarquicas-25-newton-acusado-de-eventual-abuso-de-confianca-nas-listas-das-avenidas-novas","status":"publish","type":"post","link":"https:\/\/estadocomarte.pt\/site\/2025\/08\/19\/autarquicas-25-newton-acusado-de-eventual-abuso-de-confianca-nas-listas-das-avenidas-novas\/","title":{"rendered":"Aut\u00e1rquicas 25. Newton acusado de eventual abuso de confian\u00e7a  nas listas das Avenidas Novas"},"content":{"rendered":"<p><strong>Lu\u00eds Newton e Jorge Barata substitu\u00edram os lugares eleg\u00edveis na lista de candidatura do PSD da Junta de Freguesia das Avenidas Novas e os subsequentes por protegidos \u00e0 25a hora.<\/strong><\/p>\n<p><strong>Nos lugares eleg\u00edveis apenas contemplava o cabe\u00e7a de lista recandidato, Daniel Gon\u00e7alves e outro elemento por este apresentado. Os demais eram pessoas da confian\u00e7a e sob a al\u00e7ada de Lu\u00eds Newton e seu vice presidente Jorge Barata.<\/strong><\/p>\n<p>De acordo com uma fonte externa bem informada de acompanhamento \u00e0 candidatura da Junta de Freguesia das Avenidas Novas do PSD (Lisboa) ao Estado com Arte Magazine diz que o Presidente recandidato, Daniel Gon\u00e7alves, apresentou uma lista \u00e0 Freguesia de Avenidas Novas, que &#8220;assentava num conjunto de militantes PSD comprometidos com a causa p\u00fablica, bem preparados e que haviam aceite o n\u00facleo de princ\u00edpios de interven\u00e7\u00e3o que o presidente lhes apresentara, tudo numa base \u00e9tica, transparente, humanista, reformista e de gest\u00e3o assertiva virada para os fregueses&#8221;.<\/p>\n<p>\u00c0 25\u00aa hora essa lista foi aceite e posteriormente substitu\u00edda por outra que, nos lugares eleg\u00edveis apenas contemplava o cabe\u00e7a de lista recandidato e outro elemento por este apresentado. Os demais eram pessoas da confian\u00e7a e sob a al\u00e7ada de Lu\u00eds Newton e seu vice presidente Jorge Barata.<\/p>\n<p>Lu\u00eds Newton, acusado no processo Tutti-Frutti, quer manter influ\u00eancia nas juntas de Lisboa. Newton, presidente da concelhia do PSD\/Lisboa, acusado de dez crimes no processo Tutti-Frutti &#8211; cinco de prevarica\u00e7\u00e3o e outros tantos de corrup\u00e7\u00e3o &#8211; tem continuado a negociar e a influenciar as listas para as juntas de freguesia de Lisboa.<\/p>\n<p>A fonte da junta assegura ao Magazine Estado com Arte que Lu\u00eds Newton e Jorge Barata substitu\u00edram os lugares eleg\u00edveis e os subsequentes por protegidos.<\/p>\n<p>O cabe\u00e7a de lista recandidato, Daniel Gon\u00e7alves, &#8220;n\u00e3o aceita que uma equipa de trabalho com provas dadas na Junta e na Sociedade Civil, sejam substitu\u00eddos por elementos hostis apenas alinhados com Lu\u00eds Newton e Jorge Barata, claramente para um se perpetuar no poder e outro alcan\u00e7ar o poder por manobra de secretaria&#8221;, diz a fonte.<\/p>\n<p>O Estado com Arte Magazine sabe que a candidatura tem, \u00e0 partida, duas vias de interven\u00e7\u00e3o: a primeira por recurso no pr\u00f3prio tribunal de recep\u00e7\u00e3o da lista de Avenidas Novas. Posteriormente, e se for caso disso, por via do tribunal constitucional.<\/p>\n<p>Mas segundo a fonte da junta poder\u00e1 ainda fazer mais, nomeadamente &#8220;por provid\u00eancia cautelar inominada e n\u00e3o lhe est\u00e1 vedado ao cabe\u00e7a de lista ou a outro componente da sua lista o recurso ao Minist\u00e9rio P\u00fablico caso o seu nome conste na lista adulterada como ineleg\u00edvel ou suplente igualmente n\u00e3o eleg\u00edvel&#8221;.<\/p>\n<p>Adiantam ainda ao Magazine Estado com Arte que a &#8220;candidatura leg\u00edtima tomar\u00e1 todas as medidas que lhe forem legalmente facultadas&#8221;.<\/p>\n","protected":false},"excerpt":{"rendered":"<p>Marta Roque<\/p>\n","protected":false},"author":1,"featured_media":10494,"comment_status":"open","ping_status":"open","sticky":false,"template":"","format":"standard","meta":{"site-sidebar-layout":"default","site-content-layout":"default","ast-global-header-display":"","ast-banner-title-visibility":"","ast-main-header-display":"","ast-hfb-above-header-display":"","ast-hfb-below-header-display":"","ast-hfb-mobile-header-display":"","site-post-title":"","ast-breadcrumbs-content":"","ast-featured-img":"","footer-sml-layout":"","theme-transparent-header-meta":"default","adv-header-id-meta":"","stick-header-meta":"","header-above-stick-meta":"","header-main-stick-meta":"","header-below-stick-meta":"","footnotes":""},"categories":[4],"tags":[373,1029,315],"class_list":["post-10493","post","type-post","status-publish","format-standard","has-post-thumbnail","hentry","category-politica","tag-avenidas-novas","tag-luis-newton","tag-psd"],"yoast_head":"<!-- This site is optimized with the Yoast SEO plugin v25.1 - https:\/\/yoast.com\/wordpress\/plugins\/seo\/ -->\n<title>Aut\u00e1rquicas 25. Newton acusado de eventual abuso de confian\u00e7a nas listas das Avenidas Novas - Estado com Arte<\/title>\n<meta name=\"robots\" content=\"index, follow, max-snippet:-1, max-image-preview:large, max-video-preview:-1\" \/>\n<link rel=\"canonical\" href=\"https:\/\/estadocomarte.pt\/site\/2025\/08\/19\/autarquicas-25-newton-acusado-de-eventual-abuso-de-confianca-nas-listas-das-avenidas-novas\/\" \/>\n<meta property=\"og:locale\" content=\"pt_PT\" \/>\n<meta property=\"og:type\" content=\"article\" \/>\n<meta property=\"og:title\" content=\"Aut\u00e1rquicas 25. Newton acusado de eventual abuso de confian\u00e7a nas listas das Avenidas Novas - Estado com Arte\" \/>\n<meta property=\"og:description\" content=\"Marta Roque\" \/>\n<meta property=\"og:url\" content=\"https:\/\/estadocomarte.pt\/site\/2025\/08\/19\/autarquicas-25-newton-acusado-de-eventual-abuso-de-confianca-nas-listas-das-avenidas-novas\/\" \/>\n<meta property=\"og:site_name\" content=\"Estado com Arte\" \/>\n<meta property=\"article:published_time\" content=\"2025-08-19T17:26:07+00:00\" \/>\n<meta property=\"article:modified_time\" content=\"2025-08-20T07:11:42+00:00\" \/>\n<meta property=\"og:image\" content=\"https:\/\/estadocomarte.pt\/site\/wp-content\/uploads\/2025\/08\/luis-newton.png\" \/>\n\t<meta property=\"og:image:width\" content=\"600\" \/>\n\t<meta property=\"og:image:height\" content=\"323\" \/>\n\t<meta property=\"og:image:type\" content=\"image\/png\" \/>\n<meta name=\"author\" content=\"admin\" \/>\n<meta name=\"twitter:card\" content=\"summary_large_image\" \/>\n<meta name=\"twitter:label1\" content=\"Escrito por\" \/>\n\t<meta name=\"twitter:data1\" content=\"admin\" \/>\n\t<meta name=\"twitter:label2\" content=\"Tempo estimado de leitura\" \/>\n\t<meta name=\"twitter:data2\" content=\"3 minutos\" \/>\n<script type=\"application\/ld+json\" class=\"yoast-schema-graph\">{\"@context\":\"https:\/\/schema.org\",\"@graph\":[{\"@type\":\"Article\",\"@id\":\"https:\/\/estadocomarte.pt\/site\/2025\/08\/19\/autarquicas-25-newton-acusado-de-eventual-abuso-de-confianca-nas-listas-das-avenidas-novas\/#article\",\"isPartOf\":{\"@id\":\"https:\/\/estadocomarte.pt\/site\/2025\/08\/19\/autarquicas-25-newton-acusado-de-eventual-abuso-de-confianca-nas-listas-das-avenidas-novas\/\"},\"author\":{\"name\":\"admin\",\"@id\":\"https:\/\/estadocomarte.pt\/site\/#\/schema\/person\/c0943a071216c1e5b21f85304151e4ba\"},\"headline\":\"Aut\u00e1rquicas 25. Newton acusado de eventual abuso de confian\u00e7a nas listas das Avenidas Novas\",\"datePublished\":\"2025-08-19T17:26:07+00:00\",\"dateModified\":\"2025-08-20T07:11:42+00:00\",\"mainEntityOfPage\":{\"@id\":\"https:\/\/estadocomarte.pt\/site\/2025\/08\/19\/autarquicas-25-newton-acusado-de-eventual-abuso-de-confianca-nas-listas-das-avenidas-novas\/\"},\"wordCount\":501,\"commentCount\":0,\"publisher\":{\"@id\":\"https:\/\/estadocomarte.pt\/site\/#organization\"},\"image\":{\"@id\":\"https:\/\/estadocomarte.pt\/site\/2025\/08\/19\/autarquicas-25-newton-acusado-de-eventual-abuso-de-confianca-nas-listas-das-avenidas-novas\/#primaryimage\"},\"thumbnailUrl\":\"https:\/\/estadocomarte.pt\/site\/wp-content\/uploads\/2025\/08\/luis-newton.png\",\"keywords\":[\"avenidas novas\",\"luis newton\",\"PSD\"],\"articleSection\":[\"Pol\u00edtica\"],\"inLanguage\":\"pt-PT\",\"potentialAction\":[{\"@type\":\"CommentAction\",\"name\":\"Comment\",\"target\":[\"https:\/\/estadocomarte.pt\/site\/2025\/08\/19\/autarquicas-25-newton-acusado-de-eventual-abuso-de-confianca-nas-listas-das-avenidas-novas\/#respond\"]}]},{\"@type\":\"WebPage\",\"@id\":\"https:\/\/estadocomarte.pt\/site\/2025\/08\/19\/autarquicas-25-newton-acusado-de-eventual-abuso-de-confianca-nas-listas-das-avenidas-novas\/\",\"url\":\"https:\/\/estadocomarte.pt\/site\/2025\/08\/19\/autarquicas-25-newton-acusado-de-eventual-abuso-de-confianca-nas-listas-das-avenidas-novas\/\",\"name\":\"Aut\u00e1rquicas 25. Newton acusado de eventual abuso de confian\u00e7a nas listas das Avenidas Novas - Estado com Arte\",\"isPartOf\":{\"@id\":\"https:\/\/estadocomarte.pt\/site\/#website\"},\"primaryImageOfPage\":{\"@id\":\"https:\/\/estadocomarte.pt\/site\/2025\/08\/19\/autarquicas-25-newton-acusado-de-eventual-abuso-de-confianca-nas-listas-das-avenidas-novas\/#primaryimage\"},\"image\":{\"@id\":\"https:\/\/estadocomarte.pt\/site\/2025\/08\/19\/autarquicas-25-newton-acusado-de-eventual-abuso-de-confianca-nas-listas-das-avenidas-novas\/#primaryimage\"},\"thumbnailUrl\":\"https:\/\/estadocomarte.pt\/site\/wp-content\/uploads\/2025\/08\/luis-newton.png\",\"datePublished\":\"2025-08-19T17:26:07+00:00\",\"dateModified\":\"2025-08-20T07:11:42+00:00\",\"breadcrumb\":{\"@id\":\"https:\/\/estadocomarte.pt\/site\/2025\/08\/19\/autarquicas-25-newton-acusado-de-eventual-abuso-de-confianca-nas-listas-das-avenidas-novas\/#breadcrumb\"},\"inLanguage\":\"pt-PT\",\"potentialAction\":[{\"@type\":\"ReadAction\",\"target\":[\"https:\/\/estadocomarte.pt\/site\/2025\/08\/19\/autarquicas-25-newton-acusado-de-eventual-abuso-de-confianca-nas-listas-das-avenidas-novas\/\"]}]},{\"@type\":\"ImageObject\",\"inLanguage\":\"pt-PT\",\"@id\":\"https:\/\/estadocomarte.pt\/site\/2025\/08\/19\/autarquicas-25-newton-acusado-de-eventual-abuso-de-confianca-nas-listas-das-avenidas-novas\/#primaryimage\",\"url\":\"https:\/\/estadocomarte.pt\/site\/wp-content\/uploads\/2025\/08\/luis-newton.png\",\"contentUrl\":\"https:\/\/estadocomarte.pt\/site\/wp-content\/uploads\/2025\/08\/luis-newton.png\",\"width\":600,\"height\":323},{\"@type\":\"BreadcrumbList\",\"@id\":\"https:\/\/estadocomarte.pt\/site\/2025\/08\/19\/autarquicas-25-newton-acusado-de-eventual-abuso-de-confianca-nas-listas-das-avenidas-novas\/#breadcrumb\",\"itemListElement\":[{\"@type\":\"ListItem\",\"position\":1,\"name\":\"In\u00edcio\",\"item\":\"https:\/\/estadocomarte.pt\/site\/\"},{\"@type\":\"ListItem\",\"position\":2,\"name\":\"Aut\u00e1rquicas 25. Newton acusado de eventual abuso de confian\u00e7a nas listas das Avenidas Novas\"}]},{\"@type\":\"WebSite\",\"@id\":\"https:\/\/estadocomarte.pt\/site\/#website\",\"url\":\"https:\/\/estadocomarte.pt\/site\/\",\"name\":\"Estado com Arte Magazine\",\"description\":\"Magazine\",\"publisher\":{\"@id\":\"https:\/\/estadocomarte.pt\/site\/#organization\"},\"alternateName\":\"Magazine semanal sobre pol\u00edtica e cultura, com autores, opini\u00e3o e cr\u00edticas.\",\"potentialAction\":[{\"@type\":\"SearchAction\",\"target\":{\"@type\":\"EntryPoint\",\"urlTemplate\":\"https:\/\/estadocomarte.pt\/site\/?s={search_term_string}\"},\"query-input\":{\"@type\":\"PropertyValueSpecification\",\"valueRequired\":true,\"valueName\":\"search_term_string\"}}],\"inLanguage\":\"pt-PT\"},{\"@type\":\"Organization\",\"@id\":\"https:\/\/estadocomarte.pt\/site\/#organization\",\"name\":\"Estado com Arte Magazine\",\"alternateName\":\"Magazine semanal sobre pol\u00edtica e cultura, com autores, opini\u00e3o e cr\u00edticas.\",\"url\":\"https:\/\/estadocomarte.pt\/site\/\",\"logo\":{\"@type\":\"ImageObject\",\"inLanguage\":\"pt-PT\",\"@id\":\"https:\/\/estadocomarte.pt\/site\/#\/schema\/logo\/image\/\",\"url\":\"https:\/\/estadocomarte.pt\/site\/wp-content\/uploads\/2023\/06\/cropped-cropped-Prancheta-2@2x-100.jpg\",\"contentUrl\":\"https:\/\/estadocomarte.pt\/site\/wp-content\/uploads\/2023\/06\/cropped-cropped-Prancheta-2@2x-100.jpg\",\"width\":1777,\"height\":592,\"caption\":\"Estado com Arte Magazine\"},\"image\":{\"@id\":\"https:\/\/estadocomarte.pt\/site\/#\/schema\/logo\/image\/\"},\"sameAs\":[\"https:\/\/www.instagram.com\/estadocomartemagazine\"]},{\"@type\":\"Person\",\"@id\":\"https:\/\/estadocomarte.pt\/site\/#\/schema\/person\/c0943a071216c1e5b21f85304151e4ba\",\"name\":\"admin\",\"image\":{\"@type\":\"ImageObject\",\"inLanguage\":\"pt-PT\",\"@id\":\"https:\/\/estadocomarte.pt\/site\/#\/schema\/person\/image\/\",\"url\":\"https:\/\/secure.gravatar.com\/avatar\/e6f378fd6914c8505d3e1d40f51fa953b21bab0f3a5658a33bc84cb5bda780f9?s=96&d=mm&r=g\",\"contentUrl\":\"https:\/\/secure.gravatar.com\/avatar\/e6f378fd6914c8505d3e1d40f51fa953b21bab0f3a5658a33bc84cb5bda780f9?s=96&d=mm&r=g\",\"caption\":\"admin\"},\"sameAs\":[\"https:\/\/estadocomarte.pt\/site\"],\"url\":\"https:\/\/estadocomarte.pt\/site\/author\/admin\/\"}]}<\/script>\n<!-- \/ Yoast SEO plugin. -->","yoast_head_json":{"title":"Aut\u00e1rquicas 25. Newton acusado de eventual abuso de confian\u00e7a nas listas das Avenidas Novas - Estado com Arte","robots":{"index":"index","follow":"follow","max-snippet":"max-snippet:-1","max-image-preview":"max-image-preview:large","max-video-preview":"max-video-preview:-1"},"canonical":"https:\/\/estadocomarte.pt\/site\/2025\/08\/19\/autarquicas-25-newton-acusado-de-eventual-abuso-de-confianca-nas-listas-das-avenidas-novas\/","og_locale":"pt_PT","og_type":"article","og_title":"Aut\u00e1rquicas 25. Newton acusado de eventual abuso de confian\u00e7a nas listas das Avenidas Novas - Estado com Arte","og_description":"Marta Roque","og_url":"https:\/\/estadocomarte.pt\/site\/2025\/08\/19\/autarquicas-25-newton-acusado-de-eventual-abuso-de-confianca-nas-listas-das-avenidas-novas\/","og_site_name":"Estado com Arte","article_published_time":"2025-08-19T17:26:07+00:00","article_modified_time":"2025-08-20T07:11:42+00:00","og_image":[{"width":600,"height":323,"url":"https:\/\/estadocomarte.pt\/site\/wp-content\/uploads\/2025\/08\/luis-newton.png","type":"image\/png"}],"author":"admin","twitter_card":"summary_large_image","twitter_misc":{"Escrito por":"admin","Tempo estimado de leitura":"3 minutos"},"schema":{"@context":"https:\/\/schema.org","@graph":[{"@type":"Article","@id":"https:\/\/estadocomarte.pt\/site\/2025\/08\/19\/autarquicas-25-newton-acusado-de-eventual-abuso-de-confianca-nas-listas-das-avenidas-novas\/#article","isPartOf":{"@id":"https:\/\/estadocomarte.pt\/site\/2025\/08\/19\/autarquicas-25-newton-acusado-de-eventual-abuso-de-confianca-nas-listas-das-avenidas-novas\/"},"author":{"name":"admin","@id":"https:\/\/estadocomarte.pt\/site\/#\/schema\/person\/c0943a071216c1e5b21f85304151e4ba"},"headline":"Aut\u00e1rquicas 25. Newton acusado de eventual abuso de confian\u00e7a nas listas das Avenidas Novas","datePublished":"2025-08-19T17:26:07+00:00","dateModified":"2025-08-20T07:11:42+00:00","mainEntityOfPage":{"@id":"https:\/\/estadocomarte.pt\/site\/2025\/08\/19\/autarquicas-25-newton-acusado-de-eventual-abuso-de-confianca-nas-listas-das-avenidas-novas\/"},"wordCount":501,"commentCount":0,"publisher":{"@id":"https:\/\/estadocomarte.pt\/site\/#organization"},"image":{"@id":"https:\/\/estadocomarte.pt\/site\/2025\/08\/19\/autarquicas-25-newton-acusado-de-eventual-abuso-de-confianca-nas-listas-das-avenidas-novas\/#primaryimage"},"thumbnailUrl":"https:\/\/estadocomarte.pt\/site\/wp-content\/uploads\/2025\/08\/luis-newton.png","keywords":["avenidas novas","luis newton","PSD"],"articleSection":["Pol\u00edtica"],"inLanguage":"pt-PT","potentialAction":[{"@type":"CommentAction","name":"Comment","target":["https:\/\/estadocomarte.pt\/site\/2025\/08\/19\/autarquicas-25-newton-acusado-de-eventual-abuso-de-confianca-nas-listas-das-avenidas-novas\/#respond"]}]},{"@type":"WebPage","@id":"https:\/\/estadocomarte.pt\/site\/2025\/08\/19\/autarquicas-25-newton-acusado-de-eventual-abuso-de-confianca-nas-listas-das-avenidas-novas\/","url":"https:\/\/estadocomarte.pt\/site\/2025\/08\/19\/autarquicas-25-newton-acusado-de-eventual-abuso-de-confianca-nas-listas-das-avenidas-novas\/","name":"Aut\u00e1rquicas 25. Newton acusado de eventual abuso de confian\u00e7a nas listas das Avenidas Novas - Estado com Arte","isPartOf":{"@id":"https:\/\/estadocomarte.pt\/site\/#website"},"primaryImageOfPage":{"@id":"https:\/\/estadocomarte.pt\/site\/2025\/08\/19\/autarquicas-25-newton-acusado-de-eventual-abuso-de-confianca-nas-listas-das-avenidas-novas\/#primaryimage"},"image":{"@id":"https:\/\/estadocomarte.pt\/site\/2025\/08\/19\/autarquicas-25-newton-acusado-de-eventual-abuso-de-confianca-nas-listas-das-avenidas-novas\/#primaryimage"},"thumbnailUrl":"https:\/\/estadocomarte.pt\/site\/wp-content\/uploads\/2025\/08\/luis-newton.png","datePublished":"2025-08-19T17:26:07+00:00","dateModified":"2025-08-20T07:11:42+00:00","breadcrumb":{"@id":"https:\/\/estadocomarte.pt\/site\/2025\/08\/19\/autarquicas-25-newton-acusado-de-eventual-abuso-de-confianca-nas-listas-das-avenidas-novas\/#breadcrumb"},"inLanguage":"pt-PT","potentialAction":[{"@type":"ReadAction","target":["https:\/\/estadocomarte.pt\/site\/2025\/08\/19\/autarquicas-25-newton-acusado-de-eventual-abuso-de-confianca-nas-listas-das-avenidas-novas\/"]}]},{"@type":"ImageObject","inLanguage":"pt-PT","@id":"https:\/\/estadocomarte.pt\/site\/2025\/08\/19\/autarquicas-25-newton-acusado-de-eventual-abuso-de-confianca-nas-listas-das-avenidas-novas\/#primaryimage","url":"https:\/\/estadocomarte.pt\/site\/wp-content\/uploads\/2025\/08\/luis-newton.png","contentUrl":"https:\/\/estadocomarte.pt\/site\/wp-content\/uploads\/2025\/08\/luis-newton.png","width":600,"height":323},{"@type":"BreadcrumbList","@id":"https:\/\/estadocomarte.pt\/site\/2025\/08\/19\/autarquicas-25-newton-acusado-de-eventual-abuso-de-confianca-nas-listas-das-avenidas-novas\/#breadcrumb","itemListElement":[{"@type":"ListItem","position":1,"name":"In\u00edcio","item":"https:\/\/estadocomarte.pt\/site\/"},{"@type":"ListItem","position":2,"name":"Aut\u00e1rquicas 25. Newton acusado de eventual abuso de confian\u00e7a nas listas das Avenidas Novas"}]},{"@type":"WebSite","@id":"https:\/\/estadocomarte.pt\/site\/#website","url":"https:\/\/estadocomarte.pt\/site\/","name":"Estado com Arte Magazine","description":"Magazine","publisher":{"@id":"https:\/\/estadocomarte.pt\/site\/#organization"},"alternateName":"Magazine semanal sobre pol\u00edtica e cultura, com autores, opini\u00e3o e cr\u00edticas.","potentialAction":[{"@type":"SearchAction","target":{"@type":"EntryPoint","urlTemplate":"https:\/\/estadocomarte.pt\/site\/?s={search_term_string}"},"query-input":{"@type":"PropertyValueSpecification","valueRequired":true,"valueName":"search_term_string"}}],"inLanguage":"pt-PT"},{"@type":"Organization","@id":"https:\/\/estadocomarte.pt\/site\/#organization","name":"Estado com Arte Magazine","alternateName":"Magazine semanal sobre pol\u00edtica e cultura, com autores, opini\u00e3o e cr\u00edticas.","url":"https:\/\/estadocomarte.pt\/site\/","logo":{"@type":"ImageObject","inLanguage":"pt-PT","@id":"https:\/\/estadocomarte.pt\/site\/#\/schema\/logo\/image\/","url":"https:\/\/estadocomarte.pt\/site\/wp-content\/uploads\/2023\/06\/cropped-cropped-Prancheta-2@2x-100.jpg","contentUrl":"https:\/\/estadocomarte.pt\/site\/wp-content\/uploads\/2023\/06\/cropped-cropped-Prancheta-2@2x-100.jpg","width":1777,"height":592,"caption":"Estado com Arte Magazine"},"image":{"@id":"https:\/\/estadocomarte.pt\/site\/#\/schema\/logo\/image\/"},"sameAs":["https:\/\/www.instagram.com\/estadocomartemagazine"]},{"@type":"Person","@id":"https:\/\/estadocomarte.pt\/site\/#\/schema\/person\/c0943a071216c1e5b21f85304151e4ba","name":"admin","image":{"@type":"ImageObject","inLanguage":"pt-PT","@id":"https:\/\/estadocomarte.pt\/site\/#\/schema\/person\/image\/","url":"https:\/\/secure.gravatar.com\/avatar\/e6f378fd6914c8505d3e1d40f51fa953b21bab0f3a5658a33bc84cb5bda780f9?s=96&d=mm&r=g","contentUrl":"https:\/\/secure.gravatar.com\/avatar\/e6f378fd6914c8505d3e1d40f51fa953b21bab0f3a5658a33bc84cb5bda780f9?s=96&d=mm&r=g","caption":"admin"},"sameAs":["https:\/\/estadocomarte.pt\/site"],"url":"https:\/\/estadocomarte.pt\/site\/author\/admin\/"}]}},"_links":{"self":[{"href":"https:\/\/estadocomarte.pt\/site\/wp-json\/wp\/v2\/posts\/10493","targetHints":{"allow":["GET"]}}],"collection":[{"href":"https:\/\/estadocomarte.pt\/site\/wp-json\/wp\/v2\/posts"}],"about":[{"href":"https:\/\/estadocomarte.pt\/site\/wp-json\/wp\/v2\/types\/post"}],"author":[{"embeddable":true,"href":"https:\/\/estadocomarte.pt\/site\/wp-json\/wp\/v2\/users\/1"}],"replies":[{"embeddable":true,"href":"https:\/\/estadocomarte.pt\/site\/wp-json\/wp\/v2\/comments?post=10493"}],"version-history":[{"count":8,"href":"https:\/\/estadocomarte.pt\/site\/wp-json\/wp\/v2\/posts\/10493\/revisions"}],"predecessor-version":[{"id":10504,"href":"https:\/\/estadocomarte.pt\/site\/wp-json\/wp\/v2\/posts\/10493\/revisions\/10504"}],"wp:featuredmedia":[{"embeddable":true,"href":"https:\/\/estadocomarte.pt\/site\/wp-json\/wp\/v2\/media\/10494"}],"wp:attachment":[{"href":"https:\/\/estadocomarte.pt\/site\/wp-json\/wp\/v2\/media?parent=10493"}],"wp:term":[{"taxonomy":"category","embeddable":true,"href":"https:\/\/estadocomarte.pt\/site\/wp-json\/wp\/v2\/categories?post=10493"},{"taxonomy":"post_tag","embeddable":true,"href":"https:\/\/estadocomarte.pt\/site\/wp-json\/wp\/v2\/tags?post=10493"}],"curies":[{"name":"wp","href":"https:\/\/api.w.org\/{rel}","templated":true}]}}