{"id":10535,"date":"2025-08-26T13:01:59","date_gmt":"2025-08-26T13:01:59","guid":{"rendered":"https:\/\/estadocomarte.pt\/site\/?p=10535"},"modified":"2025-08-26T13:05:25","modified_gmt":"2025-08-26T13:05:25","slug":"casas-de-luxo-as-10-ruas-mais-caras-de-portugal","status":"publish","type":"post","link":"https:\/\/estadocomarte.pt\/site\/2025\/08\/26\/casas-de-luxo-as-10-ruas-mais-caras-de-portugal\/","title":{"rendered":"Casas de luxo: as 10 ruas mais caras de Portugal"},"content":{"rendered":"<p><strong>As Regi\u00f5es do Algarve e Lisboa dominam o ranking dos im\u00f3veis com os pre\u00e7os mais altos do pa\u00eds, segundo a an\u00e1lise do site imobili\u00e1rio Idealista. <span style=\"font-size: 16px;\">Comprar casa na rua mais cara de Portugal custa em m\u00e9dia 8.106.364 euros. Urbaniza\u00e7\u00e3o Quinta do Lago (Almancil) e Rua Soto Maior (Sintra) lideram o ranking.<\/span><\/strong><\/p>\n<p>Visitar mans\u00f5es com jardins imensos e piscina em pesquisas on-line, ou apartamentos no topo de pr\u00e9dios com vistas incr\u00edveis ou quintas no meio da natureza tornou-se uma forma de lazer, mas muitos dedicam parte do seu tempo livre a explorar im\u00f3veis <em>premium<\/em> que levam a investimentos reais.<\/p>\n<p>Al\u00e9m de ajudar a relaxar, h\u00e1 tamb\u00e9m quem utilize estas pesquisas nos portais imobili\u00e1rios para procurar efetivamente casas de luxo \u00e0 venda em Portugal, seja para investir, comprar uma segunda resid\u00eancia ou encontrar a propriedade ideal para viver.<\/p>\n<p><strong>A Urbaniza\u00e7\u00e3o Quinta do Lago (Almancil) e Rua Soto Maior (Sintra) lideram o ranking<\/strong><\/p>\n<p>Comprar casa na rua mais cara de Portugal custa, em m\u00e9dia, 8.106.364 euros, em julho. Este \u00e9, pelo menos, o valor pedido pelos propriet\u00e1rios da exclusiva Urbaniza\u00e7\u00e3o Quinta do Lago, localizada em Almancil, no Algarve.<\/p>\n<figure id=\"attachment_10539\" aria-describedby=\"caption-attachment-10539\" style=\"width: 364px\" class=\"wp-caption alignnone\"><img fetchpriority=\"high\" decoding=\"async\" class=\"wp-image-10539\" src=\"https:\/\/estadocomarte.pt\/site\/wp-content\/uploads\/2025\/08\/quinta_do_lago-300x150.jpg\" alt=\"\" width=\"364\" height=\"182\" srcset=\"https:\/\/estadocomarte.pt\/site\/wp-content\/uploads\/2025\/08\/quinta_do_lago-300x150.jpg 300w, https:\/\/estadocomarte.pt\/site\/wp-content\/uploads\/2025\/08\/quinta_do_lago.jpg 522w\" sizes=\"(max-width: 364px) 100vw, 364px\" \/><figcaption id=\"caption-attachment-10539\" class=\"wp-caption-text\">Moradia na Quinta do Lago no Algarve \u00e9 das mais caras em Portugal<\/figcaption><\/figure>\n<p>O top dez do ranking das ruas mais caras para comprar casa \u00e9 dominado por im\u00f3veis que se encontram em Cascais, segundo a an\u00e1lise realizada pelo idealista, o marketplace imobili\u00e1rio de Portugal.<\/p>\n<p>A completar o p\u00f3dio deste ranking de luxo encontram-se a Rua Soto Maior, em Sintra, com um pre\u00e7o m\u00e9dio de 3.912.000 euros, e a Avenida dos Descobrimentos, em Lagos (3.797.450 euros).<\/p>\n<p>A quarta morada com os pre\u00e7os mais exclusivos para comprar uma casa est\u00e1 situada na Rua Vilas do Mar, na freguesia de Carvalhal (3.644.444 euros).<\/p>\n<p>Seguem-se na tabela a Rua Faias, localizada em Cascais (3.589.091 euros) e a Rua Melo e Sousa, no Estoril, onde o pre\u00e7o m\u00e9dio da habita\u00e7\u00e3o de luxo ronda os 3.554.768 euros.<\/p>\n<p>Na s\u00e9tima posi\u00e7\u00e3o encontra-se a Rua dos Pinheiros, localizada em Cascais, que conta com casas a um pre\u00e7o m\u00e9dio de 3.312.105 euros. A lista das dez ruas mais caras fica completa com a Rua do Pinhal, no Estoril (3.195.000 euros), a Avenida 24 de Julho, em Lisboa (3.054.850 euros) e a Rua Carreira de Tiro, em Barcarena (3.021.933 euros).<\/p>\n<p><strong>Metodologia<\/strong><\/p>\n<p>Para a elabora\u00e7\u00e3o desta an\u00e1lise, o Idealista analisou o pre\u00e7o m\u00e9dio absoluto de apartamentos e moradias anunciados na mesma rua. Para evitar distor\u00e7\u00f5es nos dados, apenas se consideraram as ruas que contavam com um m\u00ednimo de 10 an\u00fancios, eliminando ainda im\u00f3veis duplicados.<\/p>\n<p>Esta an\u00e1lise apenas revela o pre\u00e7o m\u00e9dio das ruas com im\u00f3veis \u00e0 venda, o que n\u00e3o significa que sejam as casas mais caras de cada mercado.<\/p>\n","protected":false},"excerpt":{"rendered":"<p>Estado com Arte Magazine<\/p>\n","protected":false},"author":1,"featured_media":10537,"comment_status":"open","ping_status":"open","sticky":false,"template":"","format":"standard","meta":{"site-sidebar-layout":"default","site-content-layout":"default","ast-global-header-display":"","ast-banner-title-visibility":"","ast-main-header-display":"","ast-hfb-above-header-display":"","ast-hfb-below-header-display":"","ast-hfb-mobile-header-display":"","site-post-title":"","ast-breadcrumbs-content":"","ast-featured-img":"","footer-sml-layout":"","theme-transparent-header-meta":"default","adv-header-id-meta":"","stick-header-meta":"","header-above-stick-meta":"","header-main-stick-meta":"","header-below-stick-meta":"","footnotes":""},"categories":[5],"tags":[1032,1034,1033],"class_list":["post-10535","post","type-post","status-publish","format-standard","has-post-thumbnail","hentry","category-economia","tag-casas-de-luxo","tag-idealista","tag-imobiliario"],"yoast_head":"<!-- This site is optimized with the Yoast SEO plugin v25.1 - https:\/\/yoast.com\/wordpress\/plugins\/seo\/ -->\n<title>Casas de luxo: as 10 ruas mais caras de Portugal - Estado com Arte<\/title>\n<meta name=\"robots\" content=\"index, follow, max-snippet:-1, max-image-preview:large, max-video-preview:-1\" \/>\n<link rel=\"canonical\" href=\"https:\/\/estadocomarte.pt\/site\/2025\/08\/26\/casas-de-luxo-as-10-ruas-mais-caras-de-portugal\/\" \/>\n<meta property=\"og:locale\" content=\"pt_PT\" \/>\n<meta property=\"og:type\" content=\"article\" \/>\n<meta property=\"og:title\" content=\"Casas de luxo: as 10 ruas mais caras de Portugal - Estado com Arte\" \/>\n<meta property=\"og:description\" content=\"Estado com Arte Magazine\" \/>\n<meta property=\"og:url\" content=\"https:\/\/estadocomarte.pt\/site\/2025\/08\/26\/casas-de-luxo-as-10-ruas-mais-caras-de-portugal\/\" \/>\n<meta property=\"og:site_name\" content=\"Estado com Arte\" \/>\n<meta property=\"article:published_time\" content=\"2025-08-26T13:01:59+00:00\" \/>\n<meta property=\"article:modified_time\" content=\"2025-08-26T13:05:25+00:00\" \/>\n<meta property=\"og:image\" content=\"https:\/\/estadocomarte.pt\/site\/wp-content\/uploads\/2025\/08\/montagem_casas_mais_caras_1.jpg\" \/>\n\t<meta property=\"og:image:width\" content=\"1200\" \/>\n\t<meta property=\"og:image:height\" content=\"627\" \/>\n\t<meta property=\"og:image:type\" content=\"image\/jpeg\" \/>\n<meta name=\"author\" content=\"admin\" \/>\n<meta name=\"twitter:card\" content=\"summary_large_image\" \/>\n<meta name=\"twitter:label1\" content=\"Escrito por\" \/>\n\t<meta name=\"twitter:data1\" content=\"admin\" \/>\n\t<meta name=\"twitter:label2\" content=\"Tempo estimado de leitura\" \/>\n\t<meta name=\"twitter:data2\" content=\"3 minutos\" \/>\n<script type=\"application\/ld+json\" class=\"yoast-schema-graph\">{\"@context\":\"https:\/\/schema.org\",\"@graph\":[{\"@type\":\"Article\",\"@id\":\"https:\/\/estadocomarte.pt\/site\/2025\/08\/26\/casas-de-luxo-as-10-ruas-mais-caras-de-portugal\/#article\",\"isPartOf\":{\"@id\":\"https:\/\/estadocomarte.pt\/site\/2025\/08\/26\/casas-de-luxo-as-10-ruas-mais-caras-de-portugal\/\"},\"author\":{\"name\":\"admin\",\"@id\":\"https:\/\/estadocomarte.pt\/site\/#\/schema\/person\/c0943a071216c1e5b21f85304151e4ba\"},\"headline\":\"Casas de luxo: as 10 ruas mais caras de Portugal\",\"datePublished\":\"2025-08-26T13:01:59+00:00\",\"dateModified\":\"2025-08-26T13:05:25+00:00\",\"mainEntityOfPage\":{\"@id\":\"https:\/\/estadocomarte.pt\/site\/2025\/08\/26\/casas-de-luxo-as-10-ruas-mais-caras-de-portugal\/\"},\"wordCount\":490,\"commentCount\":0,\"publisher\":{\"@id\":\"https:\/\/estadocomarte.pt\/site\/#organization\"},\"image\":{\"@id\":\"https:\/\/estadocomarte.pt\/site\/2025\/08\/26\/casas-de-luxo-as-10-ruas-mais-caras-de-portugal\/#primaryimage\"},\"thumbnailUrl\":\"https:\/\/estadocomarte.pt\/site\/wp-content\/uploads\/2025\/08\/montagem_casas_mais_caras_1.jpg\",\"keywords\":[\"casas de luxo\",\"idealista\",\"imobiliario\"],\"articleSection\":[\"Economia\"],\"inLanguage\":\"pt-PT\",\"potentialAction\":[{\"@type\":\"CommentAction\",\"name\":\"Comment\",\"target\":[\"https:\/\/estadocomarte.pt\/site\/2025\/08\/26\/casas-de-luxo-as-10-ruas-mais-caras-de-portugal\/#respond\"]}]},{\"@type\":\"WebPage\",\"@id\":\"https:\/\/estadocomarte.pt\/site\/2025\/08\/26\/casas-de-luxo-as-10-ruas-mais-caras-de-portugal\/\",\"url\":\"https:\/\/estadocomarte.pt\/site\/2025\/08\/26\/casas-de-luxo-as-10-ruas-mais-caras-de-portugal\/\",\"name\":\"Casas de luxo: as 10 ruas mais caras de Portugal - Estado com Arte\",\"isPartOf\":{\"@id\":\"https:\/\/estadocomarte.pt\/site\/#website\"},\"primaryImageOfPage\":{\"@id\":\"https:\/\/estadocomarte.pt\/site\/2025\/08\/26\/casas-de-luxo-as-10-ruas-mais-caras-de-portugal\/#primaryimage\"},\"image\":{\"@id\":\"https:\/\/estadocomarte.pt\/site\/2025\/08\/26\/casas-de-luxo-as-10-ruas-mais-caras-de-portugal\/#primaryimage\"},\"thumbnailUrl\":\"https:\/\/estadocomarte.pt\/site\/wp-content\/uploads\/2025\/08\/montagem_casas_mais_caras_1.jpg\",\"datePublished\":\"2025-08-26T13:01:59+00:00\",\"dateModified\":\"2025-08-26T13:05:25+00:00\",\"breadcrumb\":{\"@id\":\"https:\/\/estadocomarte.pt\/site\/2025\/08\/26\/casas-de-luxo-as-10-ruas-mais-caras-de-portugal\/#breadcrumb\"},\"inLanguage\":\"pt-PT\",\"potentialAction\":[{\"@type\":\"ReadAction\",\"target\":[\"https:\/\/estadocomarte.pt\/site\/2025\/08\/26\/casas-de-luxo-as-10-ruas-mais-caras-de-portugal\/\"]}]},{\"@type\":\"ImageObject\",\"inLanguage\":\"pt-PT\",\"@id\":\"https:\/\/estadocomarte.pt\/site\/2025\/08\/26\/casas-de-luxo-as-10-ruas-mais-caras-de-portugal\/#primaryimage\",\"url\":\"https:\/\/estadocomarte.pt\/site\/wp-content\/uploads\/2025\/08\/montagem_casas_mais_caras_1.jpg\",\"contentUrl\":\"https:\/\/estadocomarte.pt\/site\/wp-content\/uploads\/2025\/08\/montagem_casas_mais_caras_1.jpg\",\"width\":1200,\"height\":627},{\"@type\":\"BreadcrumbList\",\"@id\":\"https:\/\/estadocomarte.pt\/site\/2025\/08\/26\/casas-de-luxo-as-10-ruas-mais-caras-de-portugal\/#breadcrumb\",\"itemListElement\":[{\"@type\":\"ListItem\",\"position\":1,\"name\":\"In\u00edcio\",\"item\":\"https:\/\/estadocomarte.pt\/site\/\"},{\"@type\":\"ListItem\",\"position\":2,\"name\":\"Casas de luxo: as 10 ruas mais caras de Portugal\"}]},{\"@type\":\"WebSite\",\"@id\":\"https:\/\/estadocomarte.pt\/site\/#website\",\"url\":\"https:\/\/estadocomarte.pt\/site\/\",\"name\":\"Estado com Arte Magazine\",\"description\":\"Magazine\",\"publisher\":{\"@id\":\"https:\/\/estadocomarte.pt\/site\/#organization\"},\"alternateName\":\"Magazine semanal sobre pol\u00edtica e cultura, com autores, opini\u00e3o e cr\u00edticas.\",\"potentialAction\":[{\"@type\":\"SearchAction\",\"target\":{\"@type\":\"EntryPoint\",\"urlTemplate\":\"https:\/\/estadocomarte.pt\/site\/?s={search_term_string}\"},\"query-input\":{\"@type\":\"PropertyValueSpecification\",\"valueRequired\":true,\"valueName\":\"search_term_string\"}}],\"inLanguage\":\"pt-PT\"},{\"@type\":\"Organization\",\"@id\":\"https:\/\/estadocomarte.pt\/site\/#organization\",\"name\":\"Estado com Arte Magazine\",\"alternateName\":\"Magazine semanal sobre pol\u00edtica e cultura, com autores, opini\u00e3o e cr\u00edticas.\",\"url\":\"https:\/\/estadocomarte.pt\/site\/\",\"logo\":{\"@type\":\"ImageObject\",\"inLanguage\":\"pt-PT\",\"@id\":\"https:\/\/estadocomarte.pt\/site\/#\/schema\/logo\/image\/\",\"url\":\"https:\/\/estadocomarte.pt\/site\/wp-content\/uploads\/2023\/06\/cropped-cropped-Prancheta-2@2x-100.jpg\",\"contentUrl\":\"https:\/\/estadocomarte.pt\/site\/wp-content\/uploads\/2023\/06\/cropped-cropped-Prancheta-2@2x-100.jpg\",\"width\":1777,\"height\":592,\"caption\":\"Estado com Arte Magazine\"},\"image\":{\"@id\":\"https:\/\/estadocomarte.pt\/site\/#\/schema\/logo\/image\/\"},\"sameAs\":[\"https:\/\/www.instagram.com\/estadocomartemagazine\"]},{\"@type\":\"Person\",\"@id\":\"https:\/\/estadocomarte.pt\/site\/#\/schema\/person\/c0943a071216c1e5b21f85304151e4ba\",\"name\":\"admin\",\"image\":{\"@type\":\"ImageObject\",\"inLanguage\":\"pt-PT\",\"@id\":\"https:\/\/estadocomarte.pt\/site\/#\/schema\/person\/image\/\",\"url\":\"https:\/\/secure.gravatar.com\/avatar\/e6f378fd6914c8505d3e1d40f51fa953b21bab0f3a5658a33bc84cb5bda780f9?s=96&d=mm&r=g\",\"contentUrl\":\"https:\/\/secure.gravatar.com\/avatar\/e6f378fd6914c8505d3e1d40f51fa953b21bab0f3a5658a33bc84cb5bda780f9?s=96&d=mm&r=g\",\"caption\":\"admin\"},\"sameAs\":[\"https:\/\/estadocomarte.pt\/site\"],\"url\":\"https:\/\/estadocomarte.pt\/site\/author\/admin\/\"}]}<\/script>\n<!-- \/ Yoast SEO plugin. -->","yoast_head_json":{"title":"Casas de luxo: as 10 ruas mais caras de Portugal - Estado com Arte","robots":{"index":"index","follow":"follow","max-snippet":"max-snippet:-1","max-image-preview":"max-image-preview:large","max-video-preview":"max-video-preview:-1"},"canonical":"https:\/\/estadocomarte.pt\/site\/2025\/08\/26\/casas-de-luxo-as-10-ruas-mais-caras-de-portugal\/","og_locale":"pt_PT","og_type":"article","og_title":"Casas de luxo: as 10 ruas mais caras de Portugal - Estado com Arte","og_description":"Estado com Arte Magazine","og_url":"https:\/\/estadocomarte.pt\/site\/2025\/08\/26\/casas-de-luxo-as-10-ruas-mais-caras-de-portugal\/","og_site_name":"Estado com Arte","article_published_time":"2025-08-26T13:01:59+00:00","article_modified_time":"2025-08-26T13:05:25+00:00","og_image":[{"width":1200,"height":627,"url":"https:\/\/estadocomarte.pt\/site\/wp-content\/uploads\/2025\/08\/montagem_casas_mais_caras_1.jpg","type":"image\/jpeg"}],"author":"admin","twitter_card":"summary_large_image","twitter_misc":{"Escrito por":"admin","Tempo estimado de leitura":"3 minutos"},"schema":{"@context":"https:\/\/schema.org","@graph":[{"@type":"Article","@id":"https:\/\/estadocomarte.pt\/site\/2025\/08\/26\/casas-de-luxo-as-10-ruas-mais-caras-de-portugal\/#article","isPartOf":{"@id":"https:\/\/estadocomarte.pt\/site\/2025\/08\/26\/casas-de-luxo-as-10-ruas-mais-caras-de-portugal\/"},"author":{"name":"admin","@id":"https:\/\/estadocomarte.pt\/site\/#\/schema\/person\/c0943a071216c1e5b21f85304151e4ba"},"headline":"Casas de luxo: as 10 ruas mais caras de Portugal","datePublished":"2025-08-26T13:01:59+00:00","dateModified":"2025-08-26T13:05:25+00:00","mainEntityOfPage":{"@id":"https:\/\/estadocomarte.pt\/site\/2025\/08\/26\/casas-de-luxo-as-10-ruas-mais-caras-de-portugal\/"},"wordCount":490,"commentCount":0,"publisher":{"@id":"https:\/\/estadocomarte.pt\/site\/#organization"},"image":{"@id":"https:\/\/estadocomarte.pt\/site\/2025\/08\/26\/casas-de-luxo-as-10-ruas-mais-caras-de-portugal\/#primaryimage"},"thumbnailUrl":"https:\/\/estadocomarte.pt\/site\/wp-content\/uploads\/2025\/08\/montagem_casas_mais_caras_1.jpg","keywords":["casas de luxo","idealista","imobiliario"],"articleSection":["Economia"],"inLanguage":"pt-PT","potentialAction":[{"@type":"CommentAction","name":"Comment","target":["https:\/\/estadocomarte.pt\/site\/2025\/08\/26\/casas-de-luxo-as-10-ruas-mais-caras-de-portugal\/#respond"]}]},{"@type":"WebPage","@id":"https:\/\/estadocomarte.pt\/site\/2025\/08\/26\/casas-de-luxo-as-10-ruas-mais-caras-de-portugal\/","url":"https:\/\/estadocomarte.pt\/site\/2025\/08\/26\/casas-de-luxo-as-10-ruas-mais-caras-de-portugal\/","name":"Casas de luxo: as 10 ruas mais caras de Portugal - Estado com Arte","isPartOf":{"@id":"https:\/\/estadocomarte.pt\/site\/#website"},"primaryImageOfPage":{"@id":"https:\/\/estadocomarte.pt\/site\/2025\/08\/26\/casas-de-luxo-as-10-ruas-mais-caras-de-portugal\/#primaryimage"},"image":{"@id":"https:\/\/estadocomarte.pt\/site\/2025\/08\/26\/casas-de-luxo-as-10-ruas-mais-caras-de-portugal\/#primaryimage"},"thumbnailUrl":"https:\/\/estadocomarte.pt\/site\/wp-content\/uploads\/2025\/08\/montagem_casas_mais_caras_1.jpg","datePublished":"2025-08-26T13:01:59+00:00","dateModified":"2025-08-26T13:05:25+00:00","breadcrumb":{"@id":"https:\/\/estadocomarte.pt\/site\/2025\/08\/26\/casas-de-luxo-as-10-ruas-mais-caras-de-portugal\/#breadcrumb"},"inLanguage":"pt-PT","potentialAction":[{"@type":"ReadAction","target":["https:\/\/estadocomarte.pt\/site\/2025\/08\/26\/casas-de-luxo-as-10-ruas-mais-caras-de-portugal\/"]}]},{"@type":"ImageObject","inLanguage":"pt-PT","@id":"https:\/\/estadocomarte.pt\/site\/2025\/08\/26\/casas-de-luxo-as-10-ruas-mais-caras-de-portugal\/#primaryimage","url":"https:\/\/estadocomarte.pt\/site\/wp-content\/uploads\/2025\/08\/montagem_casas_mais_caras_1.jpg","contentUrl":"https:\/\/estadocomarte.pt\/site\/wp-content\/uploads\/2025\/08\/montagem_casas_mais_caras_1.jpg","width":1200,"height":627},{"@type":"BreadcrumbList","@id":"https:\/\/estadocomarte.pt\/site\/2025\/08\/26\/casas-de-luxo-as-10-ruas-mais-caras-de-portugal\/#breadcrumb","itemListElement":[{"@type":"ListItem","position":1,"name":"In\u00edcio","item":"https:\/\/estadocomarte.pt\/site\/"},{"@type":"ListItem","position":2,"name":"Casas de luxo: as 10 ruas mais caras de Portugal"}]},{"@type":"WebSite","@id":"https:\/\/estadocomarte.pt\/site\/#website","url":"https:\/\/estadocomarte.pt\/site\/","name":"Estado com Arte Magazine","description":"Magazine","publisher":{"@id":"https:\/\/estadocomarte.pt\/site\/#organization"},"alternateName":"Magazine semanal sobre pol\u00edtica e cultura, com autores, opini\u00e3o e cr\u00edticas.","potentialAction":[{"@type":"SearchAction","target":{"@type":"EntryPoint","urlTemplate":"https:\/\/estadocomarte.pt\/site\/?s={search_term_string}"},"query-input":{"@type":"PropertyValueSpecification","valueRequired":true,"valueName":"search_term_string"}}],"inLanguage":"pt-PT"},{"@type":"Organization","@id":"https:\/\/estadocomarte.pt\/site\/#organization","name":"Estado com Arte Magazine","alternateName":"Magazine semanal sobre pol\u00edtica e cultura, com autores, opini\u00e3o e cr\u00edticas.","url":"https:\/\/estadocomarte.pt\/site\/","logo":{"@type":"ImageObject","inLanguage":"pt-PT","@id":"https:\/\/estadocomarte.pt\/site\/#\/schema\/logo\/image\/","url":"https:\/\/estadocomarte.pt\/site\/wp-content\/uploads\/2023\/06\/cropped-cropped-Prancheta-2@2x-100.jpg","contentUrl":"https:\/\/estadocomarte.pt\/site\/wp-content\/uploads\/2023\/06\/cropped-cropped-Prancheta-2@2x-100.jpg","width":1777,"height":592,"caption":"Estado com Arte Magazine"},"image":{"@id":"https:\/\/estadocomarte.pt\/site\/#\/schema\/logo\/image\/"},"sameAs":["https:\/\/www.instagram.com\/estadocomartemagazine"]},{"@type":"Person","@id":"https:\/\/estadocomarte.pt\/site\/#\/schema\/person\/c0943a071216c1e5b21f85304151e4ba","name":"admin","image":{"@type":"ImageObject","inLanguage":"pt-PT","@id":"https:\/\/estadocomarte.pt\/site\/#\/schema\/person\/image\/","url":"https:\/\/secure.gravatar.com\/avatar\/e6f378fd6914c8505d3e1d40f51fa953b21bab0f3a5658a33bc84cb5bda780f9?s=96&d=mm&r=g","contentUrl":"https:\/\/secure.gravatar.com\/avatar\/e6f378fd6914c8505d3e1d40f51fa953b21bab0f3a5658a33bc84cb5bda780f9?s=96&d=mm&r=g","caption":"admin"},"sameAs":["https:\/\/estadocomarte.pt\/site"],"url":"https:\/\/estadocomarte.pt\/site\/author\/admin\/"}]}},"_links":{"self":[{"href":"https:\/\/estadocomarte.pt\/site\/wp-json\/wp\/v2\/posts\/10535","targetHints":{"allow":["GET"]}}],"collection":[{"href":"https:\/\/estadocomarte.pt\/site\/wp-json\/wp\/v2\/posts"}],"about":[{"href":"https:\/\/estadocomarte.pt\/site\/wp-json\/wp\/v2\/types\/post"}],"author":[{"embeddable":true,"href":"https:\/\/estadocomarte.pt\/site\/wp-json\/wp\/v2\/users\/1"}],"replies":[{"embeddable":true,"href":"https:\/\/estadocomarte.pt\/site\/wp-json\/wp\/v2\/comments?post=10535"}],"version-history":[{"count":4,"href":"https:\/\/estadocomarte.pt\/site\/wp-json\/wp\/v2\/posts\/10535\/revisions"}],"predecessor-version":[{"id":10543,"href":"https:\/\/estadocomarte.pt\/site\/wp-json\/wp\/v2\/posts\/10535\/revisions\/10543"}],"wp:featuredmedia":[{"embeddable":true,"href":"https:\/\/estadocomarte.pt\/site\/wp-json\/wp\/v2\/media\/10537"}],"wp:attachment":[{"href":"https:\/\/estadocomarte.pt\/site\/wp-json\/wp\/v2\/media?parent=10535"}],"wp:term":[{"taxonomy":"category","embeddable":true,"href":"https:\/\/estadocomarte.pt\/site\/wp-json\/wp\/v2\/categories?post=10535"},{"taxonomy":"post_tag","embeddable":true,"href":"https:\/\/estadocomarte.pt\/site\/wp-json\/wp\/v2\/tags?post=10535"}],"curies":[{"name":"wp","href":"https:\/\/api.w.org\/{rel}","templated":true}]}}