{"id":10677,"date":"2025-09-10T08:55:02","date_gmt":"2025-09-10T08:55:02","guid":{"rendered":"https:\/\/estadocomarte.pt\/site\/?p=10677"},"modified":"2025-09-10T09:11:56","modified_gmt":"2025-09-10T09:11:56","slug":"a-arte-da-politica-responsabilidade-politica-e-eleicoes","status":"publish","type":"post","link":"https:\/\/estadocomarte.pt\/site\/2025\/09\/10\/a-arte-da-politica-responsabilidade-politica-e-eleicoes\/","title":{"rendered":"A ARTE DA POL\u00cdTICA. Responsabilidade pol\u00edtica e elei\u00e7\u00f5es"},"content":{"rendered":"<p>A ARTE DA POL\u00cdTICA \u00e9 uma coluna de opini\u00e3o da autoria da polit\u00f3loga S\u00edlvia Mangerona.<\/p>\n<p><strong>Nos \u00faltimos dias, depois do acidente do elevador da Gl\u00f3ria, muito se tem escrito e falado de responsabilidade pol\u00edtica. A pergunta que se imp\u00f5e \u00e9: o que \u00e9 afinal a responsabilidade pol\u00edtica e de que forma este conceito se relaciona com as elei\u00e7\u00f5es?<\/strong><\/p>\n<p>Responsabilidade significa \u201cobriga\u00e7\u00e3o de responder pelas a\u00e7\u00f5es pr\u00f3prias, pelas dos outros ou pelas coisas confiadas\u201d. No mesmo sentido, a responsabilidade pol\u00edtica \u00e9 uma dimens\u00e3o intr\u00ednseca ao cumprimento de um cargo pol\u00edtico e uma exig\u00eancia a quem (temporariamente) o ocupa. E a isso \u201cningu\u00e9m foge\u201d ou ningu\u00e9m deve fugir.<\/p>\n<p>A responsabilidade pol\u00edtica tem uma pegada te\u00f3rica no campo jur\u00eddico-pol\u00edtico muito relevante e \u00e9 um dos conceitos mais pol\u00e9micos nas democracias liberais ocidentais. A transfer\u00eancia de poder &#8211; pelos representados &#8211; no momento do voto, incorpora automaticamente a responsabilidade pol\u00edtica nos representantes eleitos. Assim, a pr\u00e1tica pol\u00edtica implica sempre responsabilidade: responsabilidade de prestar contas perante os que det\u00eam a sede do poder &#8211; o eleitorado.<\/p>\n<p>A representa\u00e7\u00e3o pol\u00edtica personaliza a vontade da comunidade. Os cidad\u00e3os, atrav\u00e9s do voto, delegam poderes nos representantes pol\u00edticos e por isso as elei\u00e7\u00f5es s\u00e3o momentos fundamentais num Estado de Direito Democr\u00e1tico. As elei\u00e7\u00f5es livres e universais s\u00e3o a express\u00e3o da vontade do eleitorado e constituem uma oportunidade de manifestar a satisfa\u00e7\u00e3o ou insatisfa\u00e7\u00e3o sobre os l\u00edderes que governam.<\/p>\n<p>No entanto, as elei\u00e7\u00f5es e os eleitores n\u00e3o podem ser os \u201ctribunais\u201d nem os \u201cju\u00edzes\u201d dos casos complexos e\/ou com implica\u00e7\u00f5es judiciais. Aos eleitores caber\u00e1 o direito e o dever de escolher tendo em conta as prefer\u00eancias ideol\u00f3gicas ou program\u00e1ticas e tamb\u00e9m escolher entre o perfil de cada candidato. As elei\u00e7\u00f5es n\u00e3o devem ser ref\u00fagio de legitimidade para ultrapassar incumprimentos ou ilegalidades, nem tentativas de branqueamento \u00e9tico ou bar\u00f3metro de responsabilidade pol\u00edtica.<\/p>\n<p>A responsabilidade pol\u00edtica \u00e9 inerente ao cargo pol\u00edtico (partid\u00e1rio ou p\u00fablico) e o seu respaldo est\u00e1 na lei e nas institui\u00e7\u00f5es que a fiscalizam. Sem aferi\u00e7\u00e3o dos factos, sem verifica\u00e7\u00e3o expl\u00edcita do cumprimento da lei e sem imputa\u00e7\u00e3o da responsabilidade pelos \u00f3rg\u00e3os competentes, parte do Estado de Direito sucumbe \u00e0 ru\u00edna e o eleitorado n\u00e3o pode, nem deve ser empurrado sistematicamente para o \u201cescrut\u00ednio\u201d da legalidade \u2013 como foi nas \u00faltimas elei\u00e7\u00f5es legislativas.<\/p>\n<p>Esta semana, perante a trag\u00e9dia que assolou a capital, o Senhor Presidente da Rep\u00fablica, Marcelo Rebelo de Sousa, atribuiu responsabilidade pol\u00edtica a Carlos Moedas e afirmou que a demiss\u00e3o do Presidente da C\u00e2mara de Lisboa seria desnecess\u00e1ria por estarmos pr\u00f3ximos de elei\u00e7\u00f5es aut\u00e1rquicas. Esta declara\u00e7\u00e3o foi, no m\u00ednimo, estranha, tendo em conta que o atual Presidente da Rep\u00fablica \u00e9, tamb\u00e9m, um distinto Constitucionalista. Por isso, saber\u00e1 muito bem a diferen\u00e7a entre a\u00e7\u00e3o e omiss\u00e3o; entre responsabilidade e culpa; entre responsabilidade objetiva e subjetiva; entre responsabilidade pol\u00edtica, civil, criminal e disciplinar.<\/p>\n<p>Assim sendo, confesso que foi com alguma incredulidade que ouvi o Presidente da Rep\u00fablica atribuir, t\u00e3o prematuramente, a responsabilidade pol\u00edtica a Carlos Moedas e, ao mesmo tempo, remeter a consequ\u00eancia para o pr\u00f3ximo ato eleitoral. Como se apenas estivesse em causa a confian\u00e7a ou simpatia do eleitorado para a perman\u00eancia no poder. Tratou-se, portanto, creio, de uma associa\u00e7\u00e3o anacr\u00f3nica e irrespons\u00e1vel. Por enquanto, nada na trag\u00e9dia do elevador da Gl\u00f3ria se pode ou deve relacionar com as pr\u00f3ximas elei\u00e7\u00f5es. Nem tudo se pode resumir \u00e0 contagem dos votos e, muito menos, \u00e0s estrat\u00e9gias partid\u00e1rias para os garantir.<\/p>\n","protected":false},"excerpt":{"rendered":"<p>S\u00edlvia Mangerona,<br \/>\nPolit\u00f3loga e Professora\u00a0universit\u00e1ria<\/p>\n","protected":false},"author":1,"featured_media":10576,"comment_status":"open","ping_status":"open","sticky":false,"template":"","format":"standard","meta":{"site-sidebar-layout":"default","site-content-layout":"default","ast-global-header-display":"","ast-banner-title-visibility":"","ast-main-header-display":"","ast-hfb-above-header-display":"","ast-hfb-below-header-display":"","ast-hfb-mobile-header-display":"","site-post-title":"","ast-breadcrumbs-content":"","ast-featured-img":"","footer-sml-layout":"","theme-transparent-header-meta":"default","adv-header-id-meta":"","stick-header-meta":"","header-above-stick-meta":"","header-main-stick-meta":"","header-below-stick-meta":"","footnotes":""},"categories":[1044],"tags":[1055,481],"class_list":["post-10677","post","type-post","status-publish","format-standard","has-post-thumbnail","hentry","category-a-arte-da-politica","tag-arta-da-politica","tag-silvia-mangerona"],"yoast_head":"<!-- This site is optimized with the Yoast SEO plugin v25.1 - https:\/\/yoast.com\/wordpress\/plugins\/seo\/ -->\n<title>A ARTE DA POL\u00cdTICA. Responsabilidade pol\u00edtica e elei\u00e7\u00f5es - Estado com Arte<\/title>\n<meta name=\"robots\" content=\"index, follow, max-snippet:-1, max-image-preview:large, max-video-preview:-1\" \/>\n<link rel=\"canonical\" href=\"https:\/\/estadocomarte.pt\/site\/2025\/09\/10\/a-arte-da-politica-responsabilidade-politica-e-eleicoes\/\" \/>\n<meta property=\"og:locale\" content=\"pt_PT\" \/>\n<meta property=\"og:type\" content=\"article\" \/>\n<meta property=\"og:title\" content=\"A ARTE DA POL\u00cdTICA. Responsabilidade pol\u00edtica e elei\u00e7\u00f5es - Estado com Arte\" \/>\n<meta property=\"og:description\" content=\"S\u00edlvia Mangerona, Polit\u00f3loga e Professora\u00a0universit\u00e1ria\" \/>\n<meta property=\"og:url\" content=\"https:\/\/estadocomarte.pt\/site\/2025\/09\/10\/a-arte-da-politica-responsabilidade-politica-e-eleicoes\/\" \/>\n<meta property=\"og:site_name\" content=\"Estado com Arte\" \/>\n<meta property=\"article:published_time\" content=\"2025-09-10T08:55:02+00:00\" \/>\n<meta property=\"article:modified_time\" content=\"2025-09-10T09:11:56+00:00\" \/>\n<meta property=\"og:image\" content=\"https:\/\/estadocomarte.pt\/site\/wp-content\/uploads\/2025\/09\/silvia-mangerona.jpg\" \/>\n\t<meta property=\"og:image:width\" content=\"688\" \/>\n\t<meta property=\"og:image:height\" content=\"688\" \/>\n\t<meta property=\"og:image:type\" content=\"image\/jpeg\" \/>\n<meta name=\"author\" content=\"admin\" \/>\n<meta name=\"twitter:card\" content=\"summary_large_image\" \/>\n<meta name=\"twitter:label1\" content=\"Escrito por\" \/>\n\t<meta name=\"twitter:data1\" content=\"admin\" \/>\n\t<meta name=\"twitter:label2\" content=\"Tempo estimado de leitura\" \/>\n\t<meta name=\"twitter:data2\" content=\"4 minutos\" \/>\n<script type=\"application\/ld+json\" class=\"yoast-schema-graph\">{\"@context\":\"https:\/\/schema.org\",\"@graph\":[{\"@type\":\"Article\",\"@id\":\"https:\/\/estadocomarte.pt\/site\/2025\/09\/10\/a-arte-da-politica-responsabilidade-politica-e-eleicoes\/#article\",\"isPartOf\":{\"@id\":\"https:\/\/estadocomarte.pt\/site\/2025\/09\/10\/a-arte-da-politica-responsabilidade-politica-e-eleicoes\/\"},\"author\":{\"name\":\"admin\",\"@id\":\"https:\/\/estadocomarte.pt\/site\/#\/schema\/person\/c0943a071216c1e5b21f85304151e4ba\"},\"headline\":\"A ARTE DA POL\u00cdTICA. Responsabilidade pol\u00edtica e elei\u00e7\u00f5es\",\"datePublished\":\"2025-09-10T08:55:02+00:00\",\"dateModified\":\"2025-09-10T09:11:56+00:00\",\"mainEntityOfPage\":{\"@id\":\"https:\/\/estadocomarte.pt\/site\/2025\/09\/10\/a-arte-da-politica-responsabilidade-politica-e-eleicoes\/\"},\"wordCount\":666,\"commentCount\":0,\"publisher\":{\"@id\":\"https:\/\/estadocomarte.pt\/site\/#organization\"},\"image\":{\"@id\":\"https:\/\/estadocomarte.pt\/site\/2025\/09\/10\/a-arte-da-politica-responsabilidade-politica-e-eleicoes\/#primaryimage\"},\"thumbnailUrl\":\"https:\/\/estadocomarte.pt\/site\/wp-content\/uploads\/2025\/09\/silvia-mangerona.jpg\",\"keywords\":[\"arta da pol\u00edtica\",\"S\u00edlvia Mangerona\"],\"articleSection\":[\"A Arte da Pol\u00edtica\"],\"inLanguage\":\"pt-PT\",\"potentialAction\":[{\"@type\":\"CommentAction\",\"name\":\"Comment\",\"target\":[\"https:\/\/estadocomarte.pt\/site\/2025\/09\/10\/a-arte-da-politica-responsabilidade-politica-e-eleicoes\/#respond\"]}]},{\"@type\":\"WebPage\",\"@id\":\"https:\/\/estadocomarte.pt\/site\/2025\/09\/10\/a-arte-da-politica-responsabilidade-politica-e-eleicoes\/\",\"url\":\"https:\/\/estadocomarte.pt\/site\/2025\/09\/10\/a-arte-da-politica-responsabilidade-politica-e-eleicoes\/\",\"name\":\"A ARTE DA POL\u00cdTICA. Responsabilidade pol\u00edtica e elei\u00e7\u00f5es - Estado com Arte\",\"isPartOf\":{\"@id\":\"https:\/\/estadocomarte.pt\/site\/#website\"},\"primaryImageOfPage\":{\"@id\":\"https:\/\/estadocomarte.pt\/site\/2025\/09\/10\/a-arte-da-politica-responsabilidade-politica-e-eleicoes\/#primaryimage\"},\"image\":{\"@id\":\"https:\/\/estadocomarte.pt\/site\/2025\/09\/10\/a-arte-da-politica-responsabilidade-politica-e-eleicoes\/#primaryimage\"},\"thumbnailUrl\":\"https:\/\/estadocomarte.pt\/site\/wp-content\/uploads\/2025\/09\/silvia-mangerona.jpg\",\"datePublished\":\"2025-09-10T08:55:02+00:00\",\"dateModified\":\"2025-09-10T09:11:56+00:00\",\"breadcrumb\":{\"@id\":\"https:\/\/estadocomarte.pt\/site\/2025\/09\/10\/a-arte-da-politica-responsabilidade-politica-e-eleicoes\/#breadcrumb\"},\"inLanguage\":\"pt-PT\",\"potentialAction\":[{\"@type\":\"ReadAction\",\"target\":[\"https:\/\/estadocomarte.pt\/site\/2025\/09\/10\/a-arte-da-politica-responsabilidade-politica-e-eleicoes\/\"]}]},{\"@type\":\"ImageObject\",\"inLanguage\":\"pt-PT\",\"@id\":\"https:\/\/estadocomarte.pt\/site\/2025\/09\/10\/a-arte-da-politica-responsabilidade-politica-e-eleicoes\/#primaryimage\",\"url\":\"https:\/\/estadocomarte.pt\/site\/wp-content\/uploads\/2025\/09\/silvia-mangerona.jpg\",\"contentUrl\":\"https:\/\/estadocomarte.pt\/site\/wp-content\/uploads\/2025\/09\/silvia-mangerona.jpg\",\"width\":688,\"height\":688},{\"@type\":\"BreadcrumbList\",\"@id\":\"https:\/\/estadocomarte.pt\/site\/2025\/09\/10\/a-arte-da-politica-responsabilidade-politica-e-eleicoes\/#breadcrumb\",\"itemListElement\":[{\"@type\":\"ListItem\",\"position\":1,\"name\":\"In\u00edcio\",\"item\":\"https:\/\/estadocomarte.pt\/site\/\"},{\"@type\":\"ListItem\",\"position\":2,\"name\":\"A ARTE DA POL\u00cdTICA. Responsabilidade pol\u00edtica e elei\u00e7\u00f5es\"}]},{\"@type\":\"WebSite\",\"@id\":\"https:\/\/estadocomarte.pt\/site\/#website\",\"url\":\"https:\/\/estadocomarte.pt\/site\/\",\"name\":\"Estado com Arte Magazine\",\"description\":\"Magazine\",\"publisher\":{\"@id\":\"https:\/\/estadocomarte.pt\/site\/#organization\"},\"alternateName\":\"Magazine semanal sobre pol\u00edtica e cultura, com autores, opini\u00e3o e cr\u00edticas.\",\"potentialAction\":[{\"@type\":\"SearchAction\",\"target\":{\"@type\":\"EntryPoint\",\"urlTemplate\":\"https:\/\/estadocomarte.pt\/site\/?s={search_term_string}\"},\"query-input\":{\"@type\":\"PropertyValueSpecification\",\"valueRequired\":true,\"valueName\":\"search_term_string\"}}],\"inLanguage\":\"pt-PT\"},{\"@type\":\"Organization\",\"@id\":\"https:\/\/estadocomarte.pt\/site\/#organization\",\"name\":\"Estado com Arte Magazine\",\"alternateName\":\"Magazine semanal sobre pol\u00edtica e cultura, com autores, opini\u00e3o e cr\u00edticas.\",\"url\":\"https:\/\/estadocomarte.pt\/site\/\",\"logo\":{\"@type\":\"ImageObject\",\"inLanguage\":\"pt-PT\",\"@id\":\"https:\/\/estadocomarte.pt\/site\/#\/schema\/logo\/image\/\",\"url\":\"https:\/\/estadocomarte.pt\/site\/wp-content\/uploads\/2023\/06\/cropped-cropped-Prancheta-2@2x-100.jpg\",\"contentUrl\":\"https:\/\/estadocomarte.pt\/site\/wp-content\/uploads\/2023\/06\/cropped-cropped-Prancheta-2@2x-100.jpg\",\"width\":1777,\"height\":592,\"caption\":\"Estado com Arte Magazine\"},\"image\":{\"@id\":\"https:\/\/estadocomarte.pt\/site\/#\/schema\/logo\/image\/\"},\"sameAs\":[\"https:\/\/www.instagram.com\/estadocomartemagazine\"]},{\"@type\":\"Person\",\"@id\":\"https:\/\/estadocomarte.pt\/site\/#\/schema\/person\/c0943a071216c1e5b21f85304151e4ba\",\"name\":\"admin\",\"image\":{\"@type\":\"ImageObject\",\"inLanguage\":\"pt-PT\",\"@id\":\"https:\/\/estadocomarte.pt\/site\/#\/schema\/person\/image\/\",\"url\":\"https:\/\/secure.gravatar.com\/avatar\/e6f378fd6914c8505d3e1d40f51fa953b21bab0f3a5658a33bc84cb5bda780f9?s=96&d=mm&r=g\",\"contentUrl\":\"https:\/\/secure.gravatar.com\/avatar\/e6f378fd6914c8505d3e1d40f51fa953b21bab0f3a5658a33bc84cb5bda780f9?s=96&d=mm&r=g\",\"caption\":\"admin\"},\"sameAs\":[\"https:\/\/estadocomarte.pt\/site\"],\"url\":\"https:\/\/estadocomarte.pt\/site\/author\/admin\/\"}]}<\/script>\n<!-- \/ Yoast SEO plugin. -->","yoast_head_json":{"title":"A ARTE DA POL\u00cdTICA. Responsabilidade pol\u00edtica e elei\u00e7\u00f5es - Estado com Arte","robots":{"index":"index","follow":"follow","max-snippet":"max-snippet:-1","max-image-preview":"max-image-preview:large","max-video-preview":"max-video-preview:-1"},"canonical":"https:\/\/estadocomarte.pt\/site\/2025\/09\/10\/a-arte-da-politica-responsabilidade-politica-e-eleicoes\/","og_locale":"pt_PT","og_type":"article","og_title":"A ARTE DA POL\u00cdTICA. Responsabilidade pol\u00edtica e elei\u00e7\u00f5es - Estado com Arte","og_description":"S\u00edlvia Mangerona, Polit\u00f3loga e Professora\u00a0universit\u00e1ria","og_url":"https:\/\/estadocomarte.pt\/site\/2025\/09\/10\/a-arte-da-politica-responsabilidade-politica-e-eleicoes\/","og_site_name":"Estado com Arte","article_published_time":"2025-09-10T08:55:02+00:00","article_modified_time":"2025-09-10T09:11:56+00:00","og_image":[{"width":688,"height":688,"url":"https:\/\/estadocomarte.pt\/site\/wp-content\/uploads\/2025\/09\/silvia-mangerona.jpg","type":"image\/jpeg"}],"author":"admin","twitter_card":"summary_large_image","twitter_misc":{"Escrito por":"admin","Tempo estimado de leitura":"4 minutos"},"schema":{"@context":"https:\/\/schema.org","@graph":[{"@type":"Article","@id":"https:\/\/estadocomarte.pt\/site\/2025\/09\/10\/a-arte-da-politica-responsabilidade-politica-e-eleicoes\/#article","isPartOf":{"@id":"https:\/\/estadocomarte.pt\/site\/2025\/09\/10\/a-arte-da-politica-responsabilidade-politica-e-eleicoes\/"},"author":{"name":"admin","@id":"https:\/\/estadocomarte.pt\/site\/#\/schema\/person\/c0943a071216c1e5b21f85304151e4ba"},"headline":"A ARTE DA POL\u00cdTICA. Responsabilidade pol\u00edtica e elei\u00e7\u00f5es","datePublished":"2025-09-10T08:55:02+00:00","dateModified":"2025-09-10T09:11:56+00:00","mainEntityOfPage":{"@id":"https:\/\/estadocomarte.pt\/site\/2025\/09\/10\/a-arte-da-politica-responsabilidade-politica-e-eleicoes\/"},"wordCount":666,"commentCount":0,"publisher":{"@id":"https:\/\/estadocomarte.pt\/site\/#organization"},"image":{"@id":"https:\/\/estadocomarte.pt\/site\/2025\/09\/10\/a-arte-da-politica-responsabilidade-politica-e-eleicoes\/#primaryimage"},"thumbnailUrl":"https:\/\/estadocomarte.pt\/site\/wp-content\/uploads\/2025\/09\/silvia-mangerona.jpg","keywords":["arta da pol\u00edtica","S\u00edlvia Mangerona"],"articleSection":["A Arte da Pol\u00edtica"],"inLanguage":"pt-PT","potentialAction":[{"@type":"CommentAction","name":"Comment","target":["https:\/\/estadocomarte.pt\/site\/2025\/09\/10\/a-arte-da-politica-responsabilidade-politica-e-eleicoes\/#respond"]}]},{"@type":"WebPage","@id":"https:\/\/estadocomarte.pt\/site\/2025\/09\/10\/a-arte-da-politica-responsabilidade-politica-e-eleicoes\/","url":"https:\/\/estadocomarte.pt\/site\/2025\/09\/10\/a-arte-da-politica-responsabilidade-politica-e-eleicoes\/","name":"A ARTE DA POL\u00cdTICA. Responsabilidade pol\u00edtica e elei\u00e7\u00f5es - Estado com Arte","isPartOf":{"@id":"https:\/\/estadocomarte.pt\/site\/#website"},"primaryImageOfPage":{"@id":"https:\/\/estadocomarte.pt\/site\/2025\/09\/10\/a-arte-da-politica-responsabilidade-politica-e-eleicoes\/#primaryimage"},"image":{"@id":"https:\/\/estadocomarte.pt\/site\/2025\/09\/10\/a-arte-da-politica-responsabilidade-politica-e-eleicoes\/#primaryimage"},"thumbnailUrl":"https:\/\/estadocomarte.pt\/site\/wp-content\/uploads\/2025\/09\/silvia-mangerona.jpg","datePublished":"2025-09-10T08:55:02+00:00","dateModified":"2025-09-10T09:11:56+00:00","breadcrumb":{"@id":"https:\/\/estadocomarte.pt\/site\/2025\/09\/10\/a-arte-da-politica-responsabilidade-politica-e-eleicoes\/#breadcrumb"},"inLanguage":"pt-PT","potentialAction":[{"@type":"ReadAction","target":["https:\/\/estadocomarte.pt\/site\/2025\/09\/10\/a-arte-da-politica-responsabilidade-politica-e-eleicoes\/"]}]},{"@type":"ImageObject","inLanguage":"pt-PT","@id":"https:\/\/estadocomarte.pt\/site\/2025\/09\/10\/a-arte-da-politica-responsabilidade-politica-e-eleicoes\/#primaryimage","url":"https:\/\/estadocomarte.pt\/site\/wp-content\/uploads\/2025\/09\/silvia-mangerona.jpg","contentUrl":"https:\/\/estadocomarte.pt\/site\/wp-content\/uploads\/2025\/09\/silvia-mangerona.jpg","width":688,"height":688},{"@type":"BreadcrumbList","@id":"https:\/\/estadocomarte.pt\/site\/2025\/09\/10\/a-arte-da-politica-responsabilidade-politica-e-eleicoes\/#breadcrumb","itemListElement":[{"@type":"ListItem","position":1,"name":"In\u00edcio","item":"https:\/\/estadocomarte.pt\/site\/"},{"@type":"ListItem","position":2,"name":"A ARTE DA POL\u00cdTICA. Responsabilidade pol\u00edtica e elei\u00e7\u00f5es"}]},{"@type":"WebSite","@id":"https:\/\/estadocomarte.pt\/site\/#website","url":"https:\/\/estadocomarte.pt\/site\/","name":"Estado com Arte Magazine","description":"Magazine","publisher":{"@id":"https:\/\/estadocomarte.pt\/site\/#organization"},"alternateName":"Magazine semanal sobre pol\u00edtica e cultura, com autores, opini\u00e3o e cr\u00edticas.","potentialAction":[{"@type":"SearchAction","target":{"@type":"EntryPoint","urlTemplate":"https:\/\/estadocomarte.pt\/site\/?s={search_term_string}"},"query-input":{"@type":"PropertyValueSpecification","valueRequired":true,"valueName":"search_term_string"}}],"inLanguage":"pt-PT"},{"@type":"Organization","@id":"https:\/\/estadocomarte.pt\/site\/#organization","name":"Estado com Arte Magazine","alternateName":"Magazine semanal sobre pol\u00edtica e cultura, com autores, opini\u00e3o e cr\u00edticas.","url":"https:\/\/estadocomarte.pt\/site\/","logo":{"@type":"ImageObject","inLanguage":"pt-PT","@id":"https:\/\/estadocomarte.pt\/site\/#\/schema\/logo\/image\/","url":"https:\/\/estadocomarte.pt\/site\/wp-content\/uploads\/2023\/06\/cropped-cropped-Prancheta-2@2x-100.jpg","contentUrl":"https:\/\/estadocomarte.pt\/site\/wp-content\/uploads\/2023\/06\/cropped-cropped-Prancheta-2@2x-100.jpg","width":1777,"height":592,"caption":"Estado com Arte Magazine"},"image":{"@id":"https:\/\/estadocomarte.pt\/site\/#\/schema\/logo\/image\/"},"sameAs":["https:\/\/www.instagram.com\/estadocomartemagazine"]},{"@type":"Person","@id":"https:\/\/estadocomarte.pt\/site\/#\/schema\/person\/c0943a071216c1e5b21f85304151e4ba","name":"admin","image":{"@type":"ImageObject","inLanguage":"pt-PT","@id":"https:\/\/estadocomarte.pt\/site\/#\/schema\/person\/image\/","url":"https:\/\/secure.gravatar.com\/avatar\/e6f378fd6914c8505d3e1d40f51fa953b21bab0f3a5658a33bc84cb5bda780f9?s=96&d=mm&r=g","contentUrl":"https:\/\/secure.gravatar.com\/avatar\/e6f378fd6914c8505d3e1d40f51fa953b21bab0f3a5658a33bc84cb5bda780f9?s=96&d=mm&r=g","caption":"admin"},"sameAs":["https:\/\/estadocomarte.pt\/site"],"url":"https:\/\/estadocomarte.pt\/site\/author\/admin\/"}]}},"_links":{"self":[{"href":"https:\/\/estadocomarte.pt\/site\/wp-json\/wp\/v2\/posts\/10677","targetHints":{"allow":["GET"]}}],"collection":[{"href":"https:\/\/estadocomarte.pt\/site\/wp-json\/wp\/v2\/posts"}],"about":[{"href":"https:\/\/estadocomarte.pt\/site\/wp-json\/wp\/v2\/types\/post"}],"author":[{"embeddable":true,"href":"https:\/\/estadocomarte.pt\/site\/wp-json\/wp\/v2\/users\/1"}],"replies":[{"embeddable":true,"href":"https:\/\/estadocomarte.pt\/site\/wp-json\/wp\/v2\/comments?post=10677"}],"version-history":[{"count":5,"href":"https:\/\/estadocomarte.pt\/site\/wp-json\/wp\/v2\/posts\/10677\/revisions"}],"predecessor-version":[{"id":10685,"href":"https:\/\/estadocomarte.pt\/site\/wp-json\/wp\/v2\/posts\/10677\/revisions\/10685"}],"wp:featuredmedia":[{"embeddable":true,"href":"https:\/\/estadocomarte.pt\/site\/wp-json\/wp\/v2\/media\/10576"}],"wp:attachment":[{"href":"https:\/\/estadocomarte.pt\/site\/wp-json\/wp\/v2\/media?parent=10677"}],"wp:term":[{"taxonomy":"category","embeddable":true,"href":"https:\/\/estadocomarte.pt\/site\/wp-json\/wp\/v2\/categories?post=10677"},{"taxonomy":"post_tag","embeddable":true,"href":"https:\/\/estadocomarte.pt\/site\/wp-json\/wp\/v2\/tags?post=10677"}],"curies":[{"name":"wp","href":"https:\/\/api.w.org\/{rel}","templated":true}]}}