{"id":10690,"date":"2025-09-11T13:57:48","date_gmt":"2025-09-11T13:57:48","guid":{"rendered":"https:\/\/estadocomarte.pt\/site\/?p=10690"},"modified":"2025-09-11T13:58:40","modified_gmt":"2025-09-11T13:58:40","slug":"macau-o-eixo-insubstituivel-na-parceria-estrategica-entre-portugal-e-a-china","status":"publish","type":"post","link":"https:\/\/estadocomarte.pt\/site\/2025\/09\/11\/macau-o-eixo-insubstituivel-na-parceria-estrategica-entre-portugal-e-a-china\/","title":{"rendered":"Macau: O Eixo Insubstitu\u00edvel na Parceria Estrat\u00e9gica entre Portugal e a China"},"content":{"rendered":"<p><strong>A rela\u00e7\u00e3o econ\u00f3mica entre Portugal e a China atingiu uma maturidade not\u00e1vel. Celebram-se este ano duas d\u00e9cadas de uma parceria estrat\u00e9gica que evoluiu de um com\u00e9rcio bilateral de bens tradicionais para um ecossistema complexo de investimentos de capital paciente e de longo prazo em sectores vitais da economia nacional. Contudo, num panorama geopol\u00edtico global cada vez mais complexo e fragmentado, a rela\u00e7\u00e3o bilateral carece de um elemento catalisador que transcenda a mera l\u00f3gica transaccional. Esse elemento existe e \u00e9 historicamente \u00fanico: a Regi\u00e3o Administrativa Especial de Macau.<\/strong><\/p>\n<p>A singularidade de Macau n\u00e3o reside apenas nos 450 anos de hist\u00f3ria e administra\u00e7\u00e3o portuguesa, que terminaram de forma exemplar com a retrocess\u00e3o em 1999, assegurada do lado portugu\u00eas pelo saudoso General Vasco Rocha Vieira. A sua verdadeira proposta de valor para o futuro da rela\u00e7\u00e3o Luso-Chinesa \u00e9 tridimensional: funciona como um activo de soft power incompar\u00e1vel, uma plataforma institucional \u00fanica e um laborat\u00f3rio de confian\u00e7a m\u00fatua. Enquanto a Uni\u00e3o Europeia e a China navegam um relacionamento por vezes conturbado, Macau permanece um espa\u00e7o de di\u00e1logo privilegiado, onde a l\u00edngua portuguesa, os la\u00e7os culturais e as rela\u00e7\u00f5es pessoais facilitam a compreens\u00e3o e abrem portas que noutros contextos permanecem fechadas.<\/p>\n<p>Os mecanismos institucionais sediados em Macau s\u00e3o a prova tang\u00edvel deste valor. O F\u00f3rum para a Coopera\u00e7\u00e3o Econ\u00f3mica e Comercial entre a China e os Pa\u00edses de L\u00edngua Portuguesa (Forum Macau), criado em 2003, \u00e9 a pedra angular desta arquitectura. Mais do que um f\u00f3rum de discuss\u00e3o, tem potenciado fluxos comerciais e projectos de coopera\u00e7\u00e3o triangular. O Fundo de Coopera\u00e7\u00e3o e Desenvolvimento China-Pa\u00edses de L\u00edngua Portuguesa, por exemplo, tem capacidade para financiar infra-estruturas e projectos em pa\u00edses lus\u00f3fonos, abrindo oportunidades para empresas portuguesas com know-how e presen\u00e7a nessas geografias.<\/p>\n<p>O tecido empresarial e financeiro em Macau sustenta esta fun\u00e7\u00e3o de ponte. A presen\u00e7a da delega\u00e7\u00e3o da C\u00e2mara de Com\u00e9rcio e Ind\u00fastria Luso-Chinesa (CCILC) desde 1992, e a opera\u00e7\u00e3o centen\u00e1ria do Banco Nacional Ultramarino, n\u00e3o s\u00e3o rel\u00edquias do passado, mas sim operadores activos na facilita\u00e7\u00e3o de neg\u00f3cios. Estes actores providenciam a intelig\u00eancia de mercado, a intermedia\u00e7\u00e3o de confian\u00e7a e a liquidez necess\u00e1rias para materializar inten\u00e7\u00f5es em crescimento econ\u00f3mico.<\/p>\n<p>O desafio estrat\u00e9gico para Portugal \u00e9, pois, claro: deixar de ver Macau como um s\u00edmbolo hist\u00f3rico e pass\u00e1-lo a operacionalizar como uma plataforma estrat\u00e9gica para a diversifica\u00e7\u00e3o e sofistica\u00e7\u00e3o da sua rela\u00e7\u00e3o econ\u00f3mica com a China. Isto implica uma abordagem em tr\u00eas n\u00edveis:<\/p>\n<p>1. Acelerador de Exporta\u00e7\u00f5es: Macau deve ser a porta de entrada para a coloca\u00e7\u00e3o dos produtos portugueses de valor acrescentado no mercado chin\u00eas, e sobretudo no vasto ecossistema da Grande Ba\u00eda. A participa\u00e7\u00e3o na Feira Internacional de Importa\u00e7\u00f5es da China (CIIE) e a integra\u00e7\u00e3o em plataformas de e-commerce como Tmall Global ou JD.com devem ser priorit\u00e1rias, com Macau a funcionar como hub log\u00edstico e de marketing para sectores como o vinho, o azeite, a corti\u00e7a e os t\u00eaxteis-lar.<\/p>\n<p>2. Hub de Triangularidade: A vis\u00e3o n\u00e3o se pode cingir ao eixo bilateral. O potencial mais disruptivo de Macau est\u00e1 na sua capacidade de facilitar parcerias triangulares entre China, Portugal e terceiros mercados, particularmente os da CPLP. Portugal, com a sua dupla perten\u00e7a europeia e lus\u00f3fona, pode posicionar-se como o parceiro ideal para cons\u00f3rcios que concorram a projectos de infra-estruturas em \u00c1frica ou Am\u00e9rica Latina, financiados por institui\u00e7\u00f5es chinesas e com o selo de qualidade e standards europeus que Portugal garante.<\/p>\n<p>3. Portal de Inova\u00e7\u00e3o e Talento: A delega\u00e7\u00e3o da CCILC em Changsha e as gemina\u00e7\u00f5es entre cidades (Porto-Macau, Lisboa-Xangai) devem ser aproveitadas para ir al\u00e9m do com\u00e9rcio. \u00c9 crucial fomentar parcerias universit\u00e1rias em \u00e1reas cr\u00edticas como a Intelig\u00eancia Artificial, a biotecnologia e a transi\u00e7\u00e3o energ\u00e9tica, criando programas de mobilidade para estudantes e investigadores e atraindo investimento chin\u00eas para parques industriais verdes e digitais em Portugal.<\/p>\n<p>Para que esta vis\u00e3o n\u00e3o se perca em declara\u00e7\u00f5es de inten\u00e7\u00f5es, \u00e9 imperioso criar mecanismos de execu\u00e7\u00e3o robustos. A proposta de cria\u00e7\u00e3o de um Grupo de Acompanhamento T\u00e9cnico Luso-Chin\u00eas, com representantes dos governos e do sector empresarial de ambos os pa\u00edses, \u00e9 um passo crucial para definir roadmaps concretos, m\u00e9tricas de sucesso e responsabilidades.<\/p>\n<p>Num mundo em reconfigura\u00e7\u00e3o, a rela\u00e7\u00e3o especial que Portugal mant\u00e9m com a China atrav\u00e9s de Macau \u00e9 um trunfo estrat\u00e9gico que Bruxelas deve reconhecer e que Portugal deve saber jogar com intelig\u00eancia. N\u00e3o se trata de escolher lados, mas de maximizar uma vantagem comparativa \u00fanica para criar prosperidade e relev\u00e2ncia estrat\u00e9gica. Ignorar este potencial seria um custo de oportunidade hist\u00f3rico.<\/p>\n","protected":false},"excerpt":{"rendered":"<p>Bernardo Mendia,<br \/>\nSecretary General at Portugal-China Chamber of Commerce &#038; Industry &#8211; CCILC | President of the Board of Directors at PHKCCI<\/p>\n","protected":false},"author":1,"featured_media":10691,"comment_status":"open","ping_status":"open","sticky":false,"template":"","format":"standard","meta":{"site-sidebar-layout":"default","site-content-layout":"default","ast-global-header-display":"","ast-banner-title-visibility":"","ast-main-header-display":"","ast-hfb-above-header-display":"","ast-hfb-below-header-display":"","ast-hfb-mobile-header-display":"","site-post-title":"","ast-breadcrumbs-content":"","ast-featured-img":"","footer-sml-layout":"","theme-transparent-header-meta":"default","adv-header-id-meta":"","stick-header-meta":"","header-above-stick-meta":"","header-main-stick-meta":"","header-below-stick-meta":"","footnotes":""},"categories":[64,11],"tags":[22,33],"class_list":["post-10690","post","type-post","status-publish","format-standard","has-post-thumbnail","hentry","category-isto-para-nos","category-opiniao","tag-bernardo-mendia","tag-economia"],"yoast_head":"<!-- This site is optimized with the Yoast SEO plugin v25.1 - https:\/\/yoast.com\/wordpress\/plugins\/seo\/ -->\n<title>Macau: O Eixo Insubstitu\u00edvel na Parceria Estrat\u00e9gica entre Portugal e a China - Estado com Arte<\/title>\n<meta name=\"robots\" content=\"index, follow, max-snippet:-1, max-image-preview:large, max-video-preview:-1\" \/>\n<link rel=\"canonical\" href=\"https:\/\/estadocomarte.pt\/site\/2025\/09\/11\/macau-o-eixo-insubstituivel-na-parceria-estrategica-entre-portugal-e-a-china\/\" \/>\n<meta property=\"og:locale\" content=\"pt_PT\" \/>\n<meta property=\"og:type\" content=\"article\" \/>\n<meta property=\"og:title\" content=\"Macau: O Eixo Insubstitu\u00edvel na Parceria Estrat\u00e9gica entre Portugal e a China - Estado com Arte\" \/>\n<meta property=\"og:description\" content=\"Bernardo Mendia,  Secretary General at Portugal-China Chamber of Commerce &amp; Industry - CCILC | President of the Board of Directors at PHKCCI\" \/>\n<meta property=\"og:url\" content=\"https:\/\/estadocomarte.pt\/site\/2025\/09\/11\/macau-o-eixo-insubstituivel-na-parceria-estrategica-entre-portugal-e-a-china\/\" \/>\n<meta property=\"og:site_name\" content=\"Estado com Arte\" \/>\n<meta property=\"article:published_time\" content=\"2025-09-11T13:57:48+00:00\" \/>\n<meta property=\"article:modified_time\" content=\"2025-09-11T13:58:40+00:00\" \/>\n<meta property=\"og:image\" content=\"https:\/\/estadocomarte.pt\/site\/wp-content\/uploads\/2025\/09\/Bernardo-Mendia.jpeg\" \/>\n\t<meta property=\"og:image:width\" content=\"800\" \/>\n\t<meta property=\"og:image:height\" content=\"800\" \/>\n\t<meta property=\"og:image:type\" content=\"image\/jpeg\" \/>\n<meta name=\"author\" content=\"admin\" \/>\n<meta name=\"twitter:card\" content=\"summary_large_image\" \/>\n<meta name=\"twitter:label1\" content=\"Escrito por\" \/>\n\t<meta name=\"twitter:data1\" content=\"admin\" \/>\n\t<meta name=\"twitter:label2\" content=\"Tempo estimado de leitura\" \/>\n\t<meta name=\"twitter:data2\" content=\"5 minutos\" \/>\n<script type=\"application\/ld+json\" class=\"yoast-schema-graph\">{\"@context\":\"https:\/\/schema.org\",\"@graph\":[{\"@type\":\"Article\",\"@id\":\"https:\/\/estadocomarte.pt\/site\/2025\/09\/11\/macau-o-eixo-insubstituivel-na-parceria-estrategica-entre-portugal-e-a-china\/#article\",\"isPartOf\":{\"@id\":\"https:\/\/estadocomarte.pt\/site\/2025\/09\/11\/macau-o-eixo-insubstituivel-na-parceria-estrategica-entre-portugal-e-a-china\/\"},\"author\":{\"name\":\"admin\",\"@id\":\"https:\/\/estadocomarte.pt\/site\/#\/schema\/person\/c0943a071216c1e5b21f85304151e4ba\"},\"headline\":\"Macau: O Eixo Insubstitu\u00edvel na Parceria Estrat\u00e9gica entre Portugal e a China\",\"datePublished\":\"2025-09-11T13:57:48+00:00\",\"dateModified\":\"2025-09-11T13:58:40+00:00\",\"mainEntityOfPage\":{\"@id\":\"https:\/\/estadocomarte.pt\/site\/2025\/09\/11\/macau-o-eixo-insubstituivel-na-parceria-estrategica-entre-portugal-e-a-china\/\"},\"wordCount\":856,\"commentCount\":0,\"publisher\":{\"@id\":\"https:\/\/estadocomarte.pt\/site\/#organization\"},\"image\":{\"@id\":\"https:\/\/estadocomarte.pt\/site\/2025\/09\/11\/macau-o-eixo-insubstituivel-na-parceria-estrategica-entre-portugal-e-a-china\/#primaryimage\"},\"thumbnailUrl\":\"https:\/\/estadocomarte.pt\/site\/wp-content\/uploads\/2025\/09\/Bernardo-Mendia.jpeg\",\"keywords\":[\"bernardo mendia\",\"economia\"],\"articleSection\":[\"Isto Para N\u00f3s\",\"Opini\u00e3o\"],\"inLanguage\":\"pt-PT\",\"potentialAction\":[{\"@type\":\"CommentAction\",\"name\":\"Comment\",\"target\":[\"https:\/\/estadocomarte.pt\/site\/2025\/09\/11\/macau-o-eixo-insubstituivel-na-parceria-estrategica-entre-portugal-e-a-china\/#respond\"]}]},{\"@type\":\"WebPage\",\"@id\":\"https:\/\/estadocomarte.pt\/site\/2025\/09\/11\/macau-o-eixo-insubstituivel-na-parceria-estrategica-entre-portugal-e-a-china\/\",\"url\":\"https:\/\/estadocomarte.pt\/site\/2025\/09\/11\/macau-o-eixo-insubstituivel-na-parceria-estrategica-entre-portugal-e-a-china\/\",\"name\":\"Macau: O Eixo Insubstitu\u00edvel na Parceria Estrat\u00e9gica entre Portugal e a China - Estado com Arte\",\"isPartOf\":{\"@id\":\"https:\/\/estadocomarte.pt\/site\/#website\"},\"primaryImageOfPage\":{\"@id\":\"https:\/\/estadocomarte.pt\/site\/2025\/09\/11\/macau-o-eixo-insubstituivel-na-parceria-estrategica-entre-portugal-e-a-china\/#primaryimage\"},\"image\":{\"@id\":\"https:\/\/estadocomarte.pt\/site\/2025\/09\/11\/macau-o-eixo-insubstituivel-na-parceria-estrategica-entre-portugal-e-a-china\/#primaryimage\"},\"thumbnailUrl\":\"https:\/\/estadocomarte.pt\/site\/wp-content\/uploads\/2025\/09\/Bernardo-Mendia.jpeg\",\"datePublished\":\"2025-09-11T13:57:48+00:00\",\"dateModified\":\"2025-09-11T13:58:40+00:00\",\"breadcrumb\":{\"@id\":\"https:\/\/estadocomarte.pt\/site\/2025\/09\/11\/macau-o-eixo-insubstituivel-na-parceria-estrategica-entre-portugal-e-a-china\/#breadcrumb\"},\"inLanguage\":\"pt-PT\",\"potentialAction\":[{\"@type\":\"ReadAction\",\"target\":[\"https:\/\/estadocomarte.pt\/site\/2025\/09\/11\/macau-o-eixo-insubstituivel-na-parceria-estrategica-entre-portugal-e-a-china\/\"]}]},{\"@type\":\"ImageObject\",\"inLanguage\":\"pt-PT\",\"@id\":\"https:\/\/estadocomarte.pt\/site\/2025\/09\/11\/macau-o-eixo-insubstituivel-na-parceria-estrategica-entre-portugal-e-a-china\/#primaryimage\",\"url\":\"https:\/\/estadocomarte.pt\/site\/wp-content\/uploads\/2025\/09\/Bernardo-Mendia.jpeg\",\"contentUrl\":\"https:\/\/estadocomarte.pt\/site\/wp-content\/uploads\/2025\/09\/Bernardo-Mendia.jpeg\",\"width\":800,\"height\":800},{\"@type\":\"BreadcrumbList\",\"@id\":\"https:\/\/estadocomarte.pt\/site\/2025\/09\/11\/macau-o-eixo-insubstituivel-na-parceria-estrategica-entre-portugal-e-a-china\/#breadcrumb\",\"itemListElement\":[{\"@type\":\"ListItem\",\"position\":1,\"name\":\"In\u00edcio\",\"item\":\"https:\/\/estadocomarte.pt\/site\/\"},{\"@type\":\"ListItem\",\"position\":2,\"name\":\"Macau: O Eixo Insubstitu\u00edvel na Parceria Estrat\u00e9gica entre Portugal e a China\"}]},{\"@type\":\"WebSite\",\"@id\":\"https:\/\/estadocomarte.pt\/site\/#website\",\"url\":\"https:\/\/estadocomarte.pt\/site\/\",\"name\":\"Estado com Arte Magazine\",\"description\":\"Magazine\",\"publisher\":{\"@id\":\"https:\/\/estadocomarte.pt\/site\/#organization\"},\"alternateName\":\"Magazine semanal sobre pol\u00edtica e cultura, com autores, opini\u00e3o e cr\u00edticas.\",\"potentialAction\":[{\"@type\":\"SearchAction\",\"target\":{\"@type\":\"EntryPoint\",\"urlTemplate\":\"https:\/\/estadocomarte.pt\/site\/?s={search_term_string}\"},\"query-input\":{\"@type\":\"PropertyValueSpecification\",\"valueRequired\":true,\"valueName\":\"search_term_string\"}}],\"inLanguage\":\"pt-PT\"},{\"@type\":\"Organization\",\"@id\":\"https:\/\/estadocomarte.pt\/site\/#organization\",\"name\":\"Estado com Arte Magazine\",\"alternateName\":\"Magazine semanal sobre pol\u00edtica e cultura, com autores, opini\u00e3o e cr\u00edticas.\",\"url\":\"https:\/\/estadocomarte.pt\/site\/\",\"logo\":{\"@type\":\"ImageObject\",\"inLanguage\":\"pt-PT\",\"@id\":\"https:\/\/estadocomarte.pt\/site\/#\/schema\/logo\/image\/\",\"url\":\"https:\/\/estadocomarte.pt\/site\/wp-content\/uploads\/2023\/06\/cropped-cropped-Prancheta-2@2x-100.jpg\",\"contentUrl\":\"https:\/\/estadocomarte.pt\/site\/wp-content\/uploads\/2023\/06\/cropped-cropped-Prancheta-2@2x-100.jpg\",\"width\":1777,\"height\":592,\"caption\":\"Estado com Arte Magazine\"},\"image\":{\"@id\":\"https:\/\/estadocomarte.pt\/site\/#\/schema\/logo\/image\/\"},\"sameAs\":[\"https:\/\/www.instagram.com\/estadocomartemagazine\"]},{\"@type\":\"Person\",\"@id\":\"https:\/\/estadocomarte.pt\/site\/#\/schema\/person\/c0943a071216c1e5b21f85304151e4ba\",\"name\":\"admin\",\"image\":{\"@type\":\"ImageObject\",\"inLanguage\":\"pt-PT\",\"@id\":\"https:\/\/estadocomarte.pt\/site\/#\/schema\/person\/image\/\",\"url\":\"https:\/\/secure.gravatar.com\/avatar\/e6f378fd6914c8505d3e1d40f51fa953b21bab0f3a5658a33bc84cb5bda780f9?s=96&d=mm&r=g\",\"contentUrl\":\"https:\/\/secure.gravatar.com\/avatar\/e6f378fd6914c8505d3e1d40f51fa953b21bab0f3a5658a33bc84cb5bda780f9?s=96&d=mm&r=g\",\"caption\":\"admin\"},\"sameAs\":[\"https:\/\/estadocomarte.pt\/site\"],\"url\":\"https:\/\/estadocomarte.pt\/site\/author\/admin\/\"}]}<\/script>\n<!-- \/ Yoast SEO plugin. -->","yoast_head_json":{"title":"Macau: O Eixo Insubstitu\u00edvel na Parceria Estrat\u00e9gica entre Portugal e a China - Estado com Arte","robots":{"index":"index","follow":"follow","max-snippet":"max-snippet:-1","max-image-preview":"max-image-preview:large","max-video-preview":"max-video-preview:-1"},"canonical":"https:\/\/estadocomarte.pt\/site\/2025\/09\/11\/macau-o-eixo-insubstituivel-na-parceria-estrategica-entre-portugal-e-a-china\/","og_locale":"pt_PT","og_type":"article","og_title":"Macau: O Eixo Insubstitu\u00edvel na Parceria Estrat\u00e9gica entre Portugal e a China - Estado com Arte","og_description":"Bernardo Mendia,  Secretary General at Portugal-China Chamber of Commerce & Industry - CCILC | President of the Board of Directors at PHKCCI","og_url":"https:\/\/estadocomarte.pt\/site\/2025\/09\/11\/macau-o-eixo-insubstituivel-na-parceria-estrategica-entre-portugal-e-a-china\/","og_site_name":"Estado com Arte","article_published_time":"2025-09-11T13:57:48+00:00","article_modified_time":"2025-09-11T13:58:40+00:00","og_image":[{"width":800,"height":800,"url":"https:\/\/estadocomarte.pt\/site\/wp-content\/uploads\/2025\/09\/Bernardo-Mendia.jpeg","type":"image\/jpeg"}],"author":"admin","twitter_card":"summary_large_image","twitter_misc":{"Escrito por":"admin","Tempo estimado de leitura":"5 minutos"},"schema":{"@context":"https:\/\/schema.org","@graph":[{"@type":"Article","@id":"https:\/\/estadocomarte.pt\/site\/2025\/09\/11\/macau-o-eixo-insubstituivel-na-parceria-estrategica-entre-portugal-e-a-china\/#article","isPartOf":{"@id":"https:\/\/estadocomarte.pt\/site\/2025\/09\/11\/macau-o-eixo-insubstituivel-na-parceria-estrategica-entre-portugal-e-a-china\/"},"author":{"name":"admin","@id":"https:\/\/estadocomarte.pt\/site\/#\/schema\/person\/c0943a071216c1e5b21f85304151e4ba"},"headline":"Macau: O Eixo Insubstitu\u00edvel na Parceria Estrat\u00e9gica entre Portugal e a China","datePublished":"2025-09-11T13:57:48+00:00","dateModified":"2025-09-11T13:58:40+00:00","mainEntityOfPage":{"@id":"https:\/\/estadocomarte.pt\/site\/2025\/09\/11\/macau-o-eixo-insubstituivel-na-parceria-estrategica-entre-portugal-e-a-china\/"},"wordCount":856,"commentCount":0,"publisher":{"@id":"https:\/\/estadocomarte.pt\/site\/#organization"},"image":{"@id":"https:\/\/estadocomarte.pt\/site\/2025\/09\/11\/macau-o-eixo-insubstituivel-na-parceria-estrategica-entre-portugal-e-a-china\/#primaryimage"},"thumbnailUrl":"https:\/\/estadocomarte.pt\/site\/wp-content\/uploads\/2025\/09\/Bernardo-Mendia.jpeg","keywords":["bernardo mendia","economia"],"articleSection":["Isto Para N\u00f3s","Opini\u00e3o"],"inLanguage":"pt-PT","potentialAction":[{"@type":"CommentAction","name":"Comment","target":["https:\/\/estadocomarte.pt\/site\/2025\/09\/11\/macau-o-eixo-insubstituivel-na-parceria-estrategica-entre-portugal-e-a-china\/#respond"]}]},{"@type":"WebPage","@id":"https:\/\/estadocomarte.pt\/site\/2025\/09\/11\/macau-o-eixo-insubstituivel-na-parceria-estrategica-entre-portugal-e-a-china\/","url":"https:\/\/estadocomarte.pt\/site\/2025\/09\/11\/macau-o-eixo-insubstituivel-na-parceria-estrategica-entre-portugal-e-a-china\/","name":"Macau: O Eixo Insubstitu\u00edvel na Parceria Estrat\u00e9gica entre Portugal e a China - Estado com Arte","isPartOf":{"@id":"https:\/\/estadocomarte.pt\/site\/#website"},"primaryImageOfPage":{"@id":"https:\/\/estadocomarte.pt\/site\/2025\/09\/11\/macau-o-eixo-insubstituivel-na-parceria-estrategica-entre-portugal-e-a-china\/#primaryimage"},"image":{"@id":"https:\/\/estadocomarte.pt\/site\/2025\/09\/11\/macau-o-eixo-insubstituivel-na-parceria-estrategica-entre-portugal-e-a-china\/#primaryimage"},"thumbnailUrl":"https:\/\/estadocomarte.pt\/site\/wp-content\/uploads\/2025\/09\/Bernardo-Mendia.jpeg","datePublished":"2025-09-11T13:57:48+00:00","dateModified":"2025-09-11T13:58:40+00:00","breadcrumb":{"@id":"https:\/\/estadocomarte.pt\/site\/2025\/09\/11\/macau-o-eixo-insubstituivel-na-parceria-estrategica-entre-portugal-e-a-china\/#breadcrumb"},"inLanguage":"pt-PT","potentialAction":[{"@type":"ReadAction","target":["https:\/\/estadocomarte.pt\/site\/2025\/09\/11\/macau-o-eixo-insubstituivel-na-parceria-estrategica-entre-portugal-e-a-china\/"]}]},{"@type":"ImageObject","inLanguage":"pt-PT","@id":"https:\/\/estadocomarte.pt\/site\/2025\/09\/11\/macau-o-eixo-insubstituivel-na-parceria-estrategica-entre-portugal-e-a-china\/#primaryimage","url":"https:\/\/estadocomarte.pt\/site\/wp-content\/uploads\/2025\/09\/Bernardo-Mendia.jpeg","contentUrl":"https:\/\/estadocomarte.pt\/site\/wp-content\/uploads\/2025\/09\/Bernardo-Mendia.jpeg","width":800,"height":800},{"@type":"BreadcrumbList","@id":"https:\/\/estadocomarte.pt\/site\/2025\/09\/11\/macau-o-eixo-insubstituivel-na-parceria-estrategica-entre-portugal-e-a-china\/#breadcrumb","itemListElement":[{"@type":"ListItem","position":1,"name":"In\u00edcio","item":"https:\/\/estadocomarte.pt\/site\/"},{"@type":"ListItem","position":2,"name":"Macau: O Eixo Insubstitu\u00edvel na Parceria Estrat\u00e9gica entre Portugal e a China"}]},{"@type":"WebSite","@id":"https:\/\/estadocomarte.pt\/site\/#website","url":"https:\/\/estadocomarte.pt\/site\/","name":"Estado com Arte Magazine","description":"Magazine","publisher":{"@id":"https:\/\/estadocomarte.pt\/site\/#organization"},"alternateName":"Magazine semanal sobre pol\u00edtica e cultura, com autores, opini\u00e3o e cr\u00edticas.","potentialAction":[{"@type":"SearchAction","target":{"@type":"EntryPoint","urlTemplate":"https:\/\/estadocomarte.pt\/site\/?s={search_term_string}"},"query-input":{"@type":"PropertyValueSpecification","valueRequired":true,"valueName":"search_term_string"}}],"inLanguage":"pt-PT"},{"@type":"Organization","@id":"https:\/\/estadocomarte.pt\/site\/#organization","name":"Estado com Arte Magazine","alternateName":"Magazine semanal sobre pol\u00edtica e cultura, com autores, opini\u00e3o e cr\u00edticas.","url":"https:\/\/estadocomarte.pt\/site\/","logo":{"@type":"ImageObject","inLanguage":"pt-PT","@id":"https:\/\/estadocomarte.pt\/site\/#\/schema\/logo\/image\/","url":"https:\/\/estadocomarte.pt\/site\/wp-content\/uploads\/2023\/06\/cropped-cropped-Prancheta-2@2x-100.jpg","contentUrl":"https:\/\/estadocomarte.pt\/site\/wp-content\/uploads\/2023\/06\/cropped-cropped-Prancheta-2@2x-100.jpg","width":1777,"height":592,"caption":"Estado com Arte Magazine"},"image":{"@id":"https:\/\/estadocomarte.pt\/site\/#\/schema\/logo\/image\/"},"sameAs":["https:\/\/www.instagram.com\/estadocomartemagazine"]},{"@type":"Person","@id":"https:\/\/estadocomarte.pt\/site\/#\/schema\/person\/c0943a071216c1e5b21f85304151e4ba","name":"admin","image":{"@type":"ImageObject","inLanguage":"pt-PT","@id":"https:\/\/estadocomarte.pt\/site\/#\/schema\/person\/image\/","url":"https:\/\/secure.gravatar.com\/avatar\/e6f378fd6914c8505d3e1d40f51fa953b21bab0f3a5658a33bc84cb5bda780f9?s=96&d=mm&r=g","contentUrl":"https:\/\/secure.gravatar.com\/avatar\/e6f378fd6914c8505d3e1d40f51fa953b21bab0f3a5658a33bc84cb5bda780f9?s=96&d=mm&r=g","caption":"admin"},"sameAs":["https:\/\/estadocomarte.pt\/site"],"url":"https:\/\/estadocomarte.pt\/site\/author\/admin\/"}]}},"_links":{"self":[{"href":"https:\/\/estadocomarte.pt\/site\/wp-json\/wp\/v2\/posts\/10690","targetHints":{"allow":["GET"]}}],"collection":[{"href":"https:\/\/estadocomarte.pt\/site\/wp-json\/wp\/v2\/posts"}],"about":[{"href":"https:\/\/estadocomarte.pt\/site\/wp-json\/wp\/v2\/types\/post"}],"author":[{"embeddable":true,"href":"https:\/\/estadocomarte.pt\/site\/wp-json\/wp\/v2\/users\/1"}],"replies":[{"embeddable":true,"href":"https:\/\/estadocomarte.pt\/site\/wp-json\/wp\/v2\/comments?post=10690"}],"version-history":[{"count":1,"href":"https:\/\/estadocomarte.pt\/site\/wp-json\/wp\/v2\/posts\/10690\/revisions"}],"predecessor-version":[{"id":10692,"href":"https:\/\/estadocomarte.pt\/site\/wp-json\/wp\/v2\/posts\/10690\/revisions\/10692"}],"wp:featuredmedia":[{"embeddable":true,"href":"https:\/\/estadocomarte.pt\/site\/wp-json\/wp\/v2\/media\/10691"}],"wp:attachment":[{"href":"https:\/\/estadocomarte.pt\/site\/wp-json\/wp\/v2\/media?parent=10690"}],"wp:term":[{"taxonomy":"category","embeddable":true,"href":"https:\/\/estadocomarte.pt\/site\/wp-json\/wp\/v2\/categories?post=10690"},{"taxonomy":"post_tag","embeddable":true,"href":"https:\/\/estadocomarte.pt\/site\/wp-json\/wp\/v2\/tags?post=10690"}],"curies":[{"name":"wp","href":"https:\/\/api.w.org\/{rel}","templated":true}]}}