{"id":10694,"date":"2025-09-12T14:51:42","date_gmt":"2025-09-12T14:51:42","guid":{"rendered":"https:\/\/estadocomarte.pt\/site\/?p=10694"},"modified":"2025-09-12T14:54:48","modified_gmt":"2025-09-12T14:54:48","slug":"o-futuro-comeca-ontem","status":"publish","type":"post","link":"https:\/\/estadocomarte.pt\/site\/2025\/09\/12\/o-futuro-comeca-ontem\/","title":{"rendered":"O FUTURO COME\u00c7A ONTEM"},"content":{"rendered":"<p><strong>Impreterivelmente, chegados a Setembro, d\u00e1-se o regresso \u00e0s aulas. Expectativas, ilus\u00f5es, receios, sonhos sonhados e sonhos adiados, fazem o clamor da <em>rentr\u00e9e scolaire.<\/em><\/strong><\/p>\n<p><strong>Neste artigo recuperamos alguns pensamentos do Professor Nuno Crato, que continua a ser uma figura influente na promo\u00e7\u00e3o da ci\u00eancia e da educa\u00e7\u00e3o em Portugal, contribuindo para o debate sobre a melhoria dos sistemas educacionais e da forma\u00e7\u00e3o de professores.<\/strong><\/p>\n<p>Nostalgia da sala de aula, recorda\u00e7\u00f5es revividas com o fulgor de sentir que, quando se \u00e9 professor, ensinar \u00e9 uma miss\u00e3o, uma voca\u00e7\u00e3o e n\u00e3o, simplesmente, uma profiss\u00e3o.<br \/>\nTarefa ambiciosa, implica muito trabalho, muito empenho, exige o desdobramento do que se pode e deve fazer, face a todos os contratempos impostos pela \u201cpoderosa m\u00e1quina\u201d coordenadora e bloqueadora duma forma\u00e7\u00e3o integral, cient\u00edfica, humana e \u00e9tica, implicando um ensinar a aprender a saber estar numa sala de aula, numa escola, a saber ser uma Pessoa com dignidade, empenhada em adquirir conhecimentos, desenvolver as suas capacidades cognitivas, colaborar com os outros, quer sejam discentes ou docentes, na certeza de que \u00e9 o futuro do jovem aprendiz, o aluno, que est\u00e1 em jogo e n\u00e3o pode nem deve correr riscos.<\/p>\n<p>Ser aluno \u00e9 um desafio e uma enorme responsabilidade, implica estudar, como \u00e9 \u00f3bvio, sendo essa a sua profiss\u00e3o. Ser ass\u00edduo \u00e0s aulas, estar muito atento ao que nelas \u00e9 ministrado, recorrer \u00e0 sua mem\u00f3ria, associa\u00e7\u00e3o de ideias, desenvolver as suas capacidades de trabalho, articulando com um imenso desejo de aprender, de saber, de querer crescer, ser mais e melhor.<\/p>\n<figure id=\"attachment_10703\" aria-describedby=\"caption-attachment-10703\" style=\"width: 205px\" class=\"wp-caption alignnone\"><img fetchpriority=\"high\" decoding=\"async\" class=\"wp-image-10703 size-medium\" src=\"https:\/\/estadocomarte.pt\/site\/wp-content\/uploads\/2025\/09\/NUNOCRATO-205x300.jpg\" alt=\"\" width=\"205\" height=\"300\" srcset=\"https:\/\/estadocomarte.pt\/site\/wp-content\/uploads\/2025\/09\/NUNOCRATO-205x300.jpg 205w, https:\/\/estadocomarte.pt\/site\/wp-content\/uploads\/2025\/09\/NUNOCRATO.jpg 683w\" sizes=\"(max-width: 205px) 100vw, 205px\" \/><figcaption id=\"caption-attachment-10703\" class=\"wp-caption-text\">Nuno Crato \u00e9 um matem\u00e1tico e educador portugu\u00eas, conhecido pelas suas contribui\u00e7\u00f5es \u00e0 matem\u00e1tica aplicada e \u00e0 pol\u00edtica educacional em Portugal.<\/figcaption><\/figure>\n<p>Pode algum leitor admitir que este texto seja um exagero, haver\u00e1 tamb\u00e9m alguns pais ou educadores que \u201ccondenem ou abominem\u201d esta terminologia, por\u00e9m, as \u00faltimas d\u00e9cadas foram pr\u00f3digas em nos revelarem as fal\u00e1cias dum facilitismo demag\u00f3gico e ideol\u00f3gico que deflagrou na \u00e1rea da educa\u00e7\u00e3o.<\/p>\n<p>Estas reflex\u00f5es conduziram-me \u00e0 leitura do livro \u201cAprender\u201d de Nuno Crato, lan\u00e7ado em 2024, pela Funda\u00e7\u00e3o Francisco Manuel dos Santos.<\/p>\n<figure id=\"attachment_10700\" aria-describedby=\"caption-attachment-10700\" style=\"width: 300px\" class=\"wp-caption alignnone\"><img decoding=\"async\" class=\"wp-image-10700 size-medium\" src=\"https:\/\/estadocomarte.pt\/site\/wp-content\/uploads\/2025\/09\/aprender-300x170.png\" alt=\"\" width=\"300\" height=\"170\" srcset=\"https:\/\/estadocomarte.pt\/site\/wp-content\/uploads\/2025\/09\/aprender-300x170.png 300w, https:\/\/estadocomarte.pt\/site\/wp-content\/uploads\/2025\/09\/aprender.png 632w\" sizes=\"(max-width: 300px) 100vw, 300px\" \/><figcaption id=\"caption-attachment-10700\" class=\"wp-caption-text\">Livro &#8220;Aprender&#8221; da autoria de Nuno Crato, uma edi\u00e7\u00e3o da Funda\u00e7\u00e3o Francisco Manuel dos Santos<\/figcaption><\/figure>\n<p>\u00abAprender porqu\u00ea e para qu\u00ea? H\u00e1 d\u00e9cadas que se discute o que esperamos do nosso sistema de ensino e se \u00e9 poss\u00edvel melhor\u00e1-lo. Este ensaio regressa ao tema, mas a partir dos desenvolvimentos cient\u00edficos que podem ajudar a educa\u00e7\u00e3o, na \u00e1rea das ci\u00eancias cognitivas, dos estudos estat\u00edsticos, da economia da educa\u00e7\u00e3o e das an\u00e1lises comparativas internacionais.<\/p>\n<p>Nestas p\u00e1ginas, defende-se um curr\u00edculo ambicioso, centrado no conhecimento e n\u00e3o em compet\u00eancias vagas. Explica-se a necessidade de uma avalia\u00e7\u00e3o v\u00e1lida, frequente e rigorosa e defendem-se apoios aos alunos que revelam maiores dificuldades. Elogiam-se os professores e a aprendizagem. Porque o amor ao saber ainda vive entre n\u00f3s, \u00e9 poss\u00edvel avan\u00e7armos para um ensino informado pela experi\u00eancia, pelos dados e pela ci\u00eancia.\u00bb<br \/>\nO conhecimento \u00e9 importante e conhecer n\u00e3o \u00e9 f\u00e1cil. \u00c9 preciso conhecimento para saber procurar mais conhecimento, \u201co homem aprende na propor\u00e7\u00e3o do que sabe, sabe nada, nada aprende, sabe muito, muito mais aprender\u00e1\u2026\u201d.<\/p>\n<p>\u00abRecordemos que a mem\u00f3ria \u00e9 um recurso demasiado \u00fatil para ser desperdi\u00e7ado, a mem\u00f3ria tamb\u00e9m ajuda a compreender. (\u2026) Quanto mais se souber de uma mat\u00e9ria, melhor se compreender\u00e1 outra. O conhecimento \u00e9, n\u00e3o s\u00f3 a base de outros conhecimentos como tamb\u00e9m da capacidade de desenvolver compet\u00eancias. As \u201cskills\u201d, novas compet\u00eancias nascidas nas \u00faltimas duas d\u00e9cadas do s\u00e9culo passado, ser\u00e3o um complemento pr\u00e1tico do saber te\u00f3rico, todavia basear um curriculum exclusivamente em compet\u00eancias \u00e9 muito redutor e insuficiente. O ensino b\u00e1sico da forma\u00e7\u00e3o dos estudantes deve ser o conhecimento e n\u00e3o as compet\u00eancias\u00bb. (\u2026)<\/p>\n<p>Um \u00abfacto curioso, no estudo PISA, que inclui mais de meio milh\u00e3o de alunos e representa 29 milh\u00f5es de estudantes de 72 pa\u00edses, os fatores mais positivos para os bons resultados s\u00e3o os associados \u00e0 condu\u00e7\u00e3o da aula pelo professor. Os mais negativos s\u00e3o os associados \u00e0 iniciativa dos alunos na explora\u00e7\u00e3o dos conceitos cient\u00edficos e na condu\u00e7\u00e3o das experi\u00eancias\u00bb.<\/p>\n<p>Porque se fazem testes, para que servem os exames?<br \/>\n\u00abA resposta simples \u00e9 esta: fazem-se testes para conhecer o estado da educa\u00e7\u00e3o, ou seja, os progressos alcan\u00e7ados pelos jovens. Centenas de estudos em sala de aula t\u00eam confirmado a import\u00e2ncia do efeito de teste. (\u2026) Perguntar, testar, perguntar de novo obriga o aluno a pensar, a recupera a informa\u00e7\u00e3o que, naturalmente, est\u00e1 meio perdida na sua mem\u00f3ria de longo prazo e ainda n\u00e3o consolidada. Essa recupera\u00e7\u00e3o \u00e9 um fator de aprendizagem muito poderoso. Obriga a olear o c\u00e9rebro, a clarificar as ideias, a aprender. Afinal, a ideia da inutilidade dos testes vai n\u00e3o s\u00f3 contra a racionalidade e a experi\u00eancia docente como tamb\u00e9m contra a ci\u00eancia moderna.\u00bb<br \/>\nMergulhados numa bricolagem pedag\u00f3gica envolta em terminologia <em>woke<\/em>, urge ponderar e reflectir com profundidade sobre a estrat\u00e9gia (des)educativa que vem assolando o nosso pa\u00eds, a Europa e o Ocidente.<\/p>\n<p>Nuno Crato \u00e9 um matem\u00e1tico e educador portugu\u00eas, conhecido pelas suas contribui\u00e7\u00f5es \u00e0 matem\u00e1tica aplicada e \u00e0 pol\u00edtica educacional em Portugal. Foi presidente da Sociedade Portuguesa de Matem\u00e1tica (2004\u20132010), presidente do Taguspark (2010\u20132011) e Ministro da Educa\u00e7\u00e3o e Ci\u00eancia (2011\u20132015).<\/p>\n<p>Publicou alguns trabalhos com reflex\u00f5es sobre a sua experi\u00eancia, nomeadamente \u00abEverything starts with the curriculum\u00bb, ResearchED 4, fevereiro 2019; \u00abCurriculum and education reforms in Portugal: An analysis on why and how students\u2019 knowledge and skills improved\u00bb, in F. Reimers (Ed.) Audacious Education Purposes, Springer 2019, e \u00abMath curriculum matters: Statistical evidence and the Portuguese experience\u00bb European Mathematical Society Magazine 124, 49\u201356.<\/p>\n<p>Coordenou o livro Improving a Country&#8217;s Education: PISA 2018 Results in 10 Countries (Springer 2021) e coeditou Data-Driven Policy Impact Evaluation (Springer 2019).<br \/>\nDivulgador cient\u00edfico e colaborador em educa\u00e7\u00e3o, alguns dos seus livros est\u00e3o publicados em v\u00e1rias l\u00ednguas e pa\u00edses, incluindo o Reino Unido, Espanha, It\u00e1lia e Brasil, nomeadamente A Matem\u00e1tica das Coisas (SPM\/Gradiva 2008) e Figuring It Out (Springer 2010). Pelos seus trabalhos, recebeu pr\u00e9mios da Sociedade Europeia de Matem\u00e1tica (2003) e da Comiss\u00e3o Europeia (2007). Foi agraciado como Comendador (2008) e Gr\u00e3-Cruz da Ordem do Infante D. Henrique (2016), e com a Gr\u00e3-Cruz da Ordem da Instru\u00e7\u00e3o P\u00fablica (2022).<\/p>\n<p>\u00c9 um autor prol\u00edfico, tendo escrito mais de uma dezena de livros sobre matem\u00e1tica e educa\u00e7\u00e3o, al\u00e9m de colaborar com a imprensa, r\u00e1dio e televis\u00e3o.<br \/>\nNuno Crato continua a ser uma figura influente na promo\u00e7\u00e3o da ci\u00eancia e da educa\u00e7\u00e3o em Portugal, contribuindo para o debate sobre a melhoria dos sistemas educacionais e da forma\u00e7\u00e3o de professores.<\/p>\n","protected":false},"excerpt":{"rendered":"<p>Susana Mexia<\/p>\n","protected":false},"author":1,"featured_media":10700,"comment_status":"open","ping_status":"open","sticky":false,"template":"","format":"standard","meta":{"site-sidebar-layout":"default","site-content-layout":"default","ast-global-header-display":"","ast-banner-title-visibility":"","ast-main-header-display":"","ast-hfb-above-header-display":"","ast-hfb-below-header-display":"","ast-hfb-mobile-header-display":"","site-post-title":"","ast-breadcrumbs-content":"","ast-featured-img":"","footer-sml-layout":"","theme-transparent-header-meta":"default","adv-header-id-meta":"","stick-header-meta":"","header-above-stick-meta":"","header-main-stick-meta":"","header-below-stick-meta":"","footnotes":""},"categories":[54,64],"tags":[1057,1056,1058,452],"class_list":["post-10694","post","type-post","status-publish","format-standard","has-post-thumbnail","hentry","category-bolha-mediatica","category-isto-para-nos","tag-aprender","tag-nuno-crato","tag-rentree-scolaire","tag-susana-mexia"],"yoast_head":"<!-- This site is optimized with the Yoast SEO plugin v25.1 - https:\/\/yoast.com\/wordpress\/plugins\/seo\/ -->\n<title>O FUTURO COME\u00c7A ONTEM - Estado com Arte<\/title>\n<meta name=\"robots\" content=\"index, follow, max-snippet:-1, max-image-preview:large, max-video-preview:-1\" \/>\n<link rel=\"canonical\" href=\"https:\/\/estadocomarte.pt\/site\/2025\/09\/12\/o-futuro-comeca-ontem\/\" \/>\n<meta property=\"og:locale\" content=\"pt_PT\" \/>\n<meta property=\"og:type\" content=\"article\" \/>\n<meta property=\"og:title\" content=\"O FUTURO COME\u00c7A ONTEM - Estado com Arte\" \/>\n<meta property=\"og:description\" content=\"Susana Mexia\" \/>\n<meta property=\"og:url\" content=\"https:\/\/estadocomarte.pt\/site\/2025\/09\/12\/o-futuro-comeca-ontem\/\" \/>\n<meta property=\"og:site_name\" content=\"Estado com Arte\" \/>\n<meta property=\"article:published_time\" content=\"2025-09-12T14:51:42+00:00\" \/>\n<meta property=\"article:modified_time\" content=\"2025-09-12T14:54:48+00:00\" \/>\n<meta property=\"og:image\" content=\"https:\/\/estadocomarte.pt\/site\/wp-content\/uploads\/2025\/09\/aprender.png\" \/>\n\t<meta property=\"og:image:width\" content=\"632\" \/>\n\t<meta property=\"og:image:height\" content=\"359\" \/>\n\t<meta property=\"og:image:type\" content=\"image\/png\" \/>\n<meta name=\"author\" content=\"admin\" \/>\n<meta name=\"twitter:card\" content=\"summary_large_image\" \/>\n<meta name=\"twitter:label1\" content=\"Escrito por\" \/>\n\t<meta name=\"twitter:data1\" content=\"admin\" \/>\n\t<meta name=\"twitter:label2\" content=\"Tempo estimado de leitura\" \/>\n\t<meta name=\"twitter:data2\" content=\"7 minutos\" \/>\n<script type=\"application\/ld+json\" class=\"yoast-schema-graph\">{\"@context\":\"https:\/\/schema.org\",\"@graph\":[{\"@type\":\"Article\",\"@id\":\"https:\/\/estadocomarte.pt\/site\/2025\/09\/12\/o-futuro-comeca-ontem\/#article\",\"isPartOf\":{\"@id\":\"https:\/\/estadocomarte.pt\/site\/2025\/09\/12\/o-futuro-comeca-ontem\/\"},\"author\":{\"name\":\"admin\",\"@id\":\"https:\/\/estadocomarte.pt\/site\/#\/schema\/person\/c0943a071216c1e5b21f85304151e4ba\"},\"headline\":\"O FUTURO COME\u00c7A ONTEM\",\"datePublished\":\"2025-09-12T14:51:42+00:00\",\"dateModified\":\"2025-09-12T14:54:48+00:00\",\"mainEntityOfPage\":{\"@id\":\"https:\/\/estadocomarte.pt\/site\/2025\/09\/12\/o-futuro-comeca-ontem\/\"},\"wordCount\":1171,\"commentCount\":0,\"publisher\":{\"@id\":\"https:\/\/estadocomarte.pt\/site\/#organization\"},\"image\":{\"@id\":\"https:\/\/estadocomarte.pt\/site\/2025\/09\/12\/o-futuro-comeca-ontem\/#primaryimage\"},\"thumbnailUrl\":\"https:\/\/estadocomarte.pt\/site\/wp-content\/uploads\/2025\/09\/aprender.png\",\"keywords\":[\"aprender\",\"nuno crato\",\"rentr\u00e9e scolaire\",\"susana mexia\"],\"articleSection\":[\"Bolha Medi\u00e1tica\",\"Isto Para N\u00f3s\"],\"inLanguage\":\"pt-PT\",\"potentialAction\":[{\"@type\":\"CommentAction\",\"name\":\"Comment\",\"target\":[\"https:\/\/estadocomarte.pt\/site\/2025\/09\/12\/o-futuro-comeca-ontem\/#respond\"]}]},{\"@type\":\"WebPage\",\"@id\":\"https:\/\/estadocomarte.pt\/site\/2025\/09\/12\/o-futuro-comeca-ontem\/\",\"url\":\"https:\/\/estadocomarte.pt\/site\/2025\/09\/12\/o-futuro-comeca-ontem\/\",\"name\":\"O FUTURO COME\u00c7A ONTEM - Estado com Arte\",\"isPartOf\":{\"@id\":\"https:\/\/estadocomarte.pt\/site\/#website\"},\"primaryImageOfPage\":{\"@id\":\"https:\/\/estadocomarte.pt\/site\/2025\/09\/12\/o-futuro-comeca-ontem\/#primaryimage\"},\"image\":{\"@id\":\"https:\/\/estadocomarte.pt\/site\/2025\/09\/12\/o-futuro-comeca-ontem\/#primaryimage\"},\"thumbnailUrl\":\"https:\/\/estadocomarte.pt\/site\/wp-content\/uploads\/2025\/09\/aprender.png\",\"datePublished\":\"2025-09-12T14:51:42+00:00\",\"dateModified\":\"2025-09-12T14:54:48+00:00\",\"breadcrumb\":{\"@id\":\"https:\/\/estadocomarte.pt\/site\/2025\/09\/12\/o-futuro-comeca-ontem\/#breadcrumb\"},\"inLanguage\":\"pt-PT\",\"potentialAction\":[{\"@type\":\"ReadAction\",\"target\":[\"https:\/\/estadocomarte.pt\/site\/2025\/09\/12\/o-futuro-comeca-ontem\/\"]}]},{\"@type\":\"ImageObject\",\"inLanguage\":\"pt-PT\",\"@id\":\"https:\/\/estadocomarte.pt\/site\/2025\/09\/12\/o-futuro-comeca-ontem\/#primaryimage\",\"url\":\"https:\/\/estadocomarte.pt\/site\/wp-content\/uploads\/2025\/09\/aprender.png\",\"contentUrl\":\"https:\/\/estadocomarte.pt\/site\/wp-content\/uploads\/2025\/09\/aprender.png\",\"width\":632,\"height\":359},{\"@type\":\"BreadcrumbList\",\"@id\":\"https:\/\/estadocomarte.pt\/site\/2025\/09\/12\/o-futuro-comeca-ontem\/#breadcrumb\",\"itemListElement\":[{\"@type\":\"ListItem\",\"position\":1,\"name\":\"In\u00edcio\",\"item\":\"https:\/\/estadocomarte.pt\/site\/\"},{\"@type\":\"ListItem\",\"position\":2,\"name\":\"O FUTURO COME\u00c7A ONTEM\"}]},{\"@type\":\"WebSite\",\"@id\":\"https:\/\/estadocomarte.pt\/site\/#website\",\"url\":\"https:\/\/estadocomarte.pt\/site\/\",\"name\":\"Estado com Arte Magazine\",\"description\":\"Magazine\",\"publisher\":{\"@id\":\"https:\/\/estadocomarte.pt\/site\/#organization\"},\"alternateName\":\"Magazine semanal sobre pol\u00edtica e cultura, com autores, opini\u00e3o e cr\u00edticas.\",\"potentialAction\":[{\"@type\":\"SearchAction\",\"target\":{\"@type\":\"EntryPoint\",\"urlTemplate\":\"https:\/\/estadocomarte.pt\/site\/?s={search_term_string}\"},\"query-input\":{\"@type\":\"PropertyValueSpecification\",\"valueRequired\":true,\"valueName\":\"search_term_string\"}}],\"inLanguage\":\"pt-PT\"},{\"@type\":\"Organization\",\"@id\":\"https:\/\/estadocomarte.pt\/site\/#organization\",\"name\":\"Estado com Arte Magazine\",\"alternateName\":\"Magazine semanal sobre pol\u00edtica e cultura, com autores, opini\u00e3o e cr\u00edticas.\",\"url\":\"https:\/\/estadocomarte.pt\/site\/\",\"logo\":{\"@type\":\"ImageObject\",\"inLanguage\":\"pt-PT\",\"@id\":\"https:\/\/estadocomarte.pt\/site\/#\/schema\/logo\/image\/\",\"url\":\"https:\/\/estadocomarte.pt\/site\/wp-content\/uploads\/2023\/06\/cropped-cropped-Prancheta-2@2x-100.jpg\",\"contentUrl\":\"https:\/\/estadocomarte.pt\/site\/wp-content\/uploads\/2023\/06\/cropped-cropped-Prancheta-2@2x-100.jpg\",\"width\":1777,\"height\":592,\"caption\":\"Estado com Arte Magazine\"},\"image\":{\"@id\":\"https:\/\/estadocomarte.pt\/site\/#\/schema\/logo\/image\/\"},\"sameAs\":[\"https:\/\/www.instagram.com\/estadocomartemagazine\"]},{\"@type\":\"Person\",\"@id\":\"https:\/\/estadocomarte.pt\/site\/#\/schema\/person\/c0943a071216c1e5b21f85304151e4ba\",\"name\":\"admin\",\"image\":{\"@type\":\"ImageObject\",\"inLanguage\":\"pt-PT\",\"@id\":\"https:\/\/estadocomarte.pt\/site\/#\/schema\/person\/image\/\",\"url\":\"https:\/\/secure.gravatar.com\/avatar\/e6f378fd6914c8505d3e1d40f51fa953b21bab0f3a5658a33bc84cb5bda780f9?s=96&d=mm&r=g\",\"contentUrl\":\"https:\/\/secure.gravatar.com\/avatar\/e6f378fd6914c8505d3e1d40f51fa953b21bab0f3a5658a33bc84cb5bda780f9?s=96&d=mm&r=g\",\"caption\":\"admin\"},\"sameAs\":[\"https:\/\/estadocomarte.pt\/site\"],\"url\":\"https:\/\/estadocomarte.pt\/site\/author\/admin\/\"}]}<\/script>\n<!-- \/ Yoast SEO plugin. -->","yoast_head_json":{"title":"O FUTURO COME\u00c7A ONTEM - Estado com Arte","robots":{"index":"index","follow":"follow","max-snippet":"max-snippet:-1","max-image-preview":"max-image-preview:large","max-video-preview":"max-video-preview:-1"},"canonical":"https:\/\/estadocomarte.pt\/site\/2025\/09\/12\/o-futuro-comeca-ontem\/","og_locale":"pt_PT","og_type":"article","og_title":"O FUTURO COME\u00c7A ONTEM - Estado com Arte","og_description":"Susana Mexia","og_url":"https:\/\/estadocomarte.pt\/site\/2025\/09\/12\/o-futuro-comeca-ontem\/","og_site_name":"Estado com Arte","article_published_time":"2025-09-12T14:51:42+00:00","article_modified_time":"2025-09-12T14:54:48+00:00","og_image":[{"width":632,"height":359,"url":"https:\/\/estadocomarte.pt\/site\/wp-content\/uploads\/2025\/09\/aprender.png","type":"image\/png"}],"author":"admin","twitter_card":"summary_large_image","twitter_misc":{"Escrito por":"admin","Tempo estimado de leitura":"7 minutos"},"schema":{"@context":"https:\/\/schema.org","@graph":[{"@type":"Article","@id":"https:\/\/estadocomarte.pt\/site\/2025\/09\/12\/o-futuro-comeca-ontem\/#article","isPartOf":{"@id":"https:\/\/estadocomarte.pt\/site\/2025\/09\/12\/o-futuro-comeca-ontem\/"},"author":{"name":"admin","@id":"https:\/\/estadocomarte.pt\/site\/#\/schema\/person\/c0943a071216c1e5b21f85304151e4ba"},"headline":"O FUTURO COME\u00c7A ONTEM","datePublished":"2025-09-12T14:51:42+00:00","dateModified":"2025-09-12T14:54:48+00:00","mainEntityOfPage":{"@id":"https:\/\/estadocomarte.pt\/site\/2025\/09\/12\/o-futuro-comeca-ontem\/"},"wordCount":1171,"commentCount":0,"publisher":{"@id":"https:\/\/estadocomarte.pt\/site\/#organization"},"image":{"@id":"https:\/\/estadocomarte.pt\/site\/2025\/09\/12\/o-futuro-comeca-ontem\/#primaryimage"},"thumbnailUrl":"https:\/\/estadocomarte.pt\/site\/wp-content\/uploads\/2025\/09\/aprender.png","keywords":["aprender","nuno crato","rentr\u00e9e scolaire","susana mexia"],"articleSection":["Bolha Medi\u00e1tica","Isto Para N\u00f3s"],"inLanguage":"pt-PT","potentialAction":[{"@type":"CommentAction","name":"Comment","target":["https:\/\/estadocomarte.pt\/site\/2025\/09\/12\/o-futuro-comeca-ontem\/#respond"]}]},{"@type":"WebPage","@id":"https:\/\/estadocomarte.pt\/site\/2025\/09\/12\/o-futuro-comeca-ontem\/","url":"https:\/\/estadocomarte.pt\/site\/2025\/09\/12\/o-futuro-comeca-ontem\/","name":"O FUTURO COME\u00c7A ONTEM - Estado com Arte","isPartOf":{"@id":"https:\/\/estadocomarte.pt\/site\/#website"},"primaryImageOfPage":{"@id":"https:\/\/estadocomarte.pt\/site\/2025\/09\/12\/o-futuro-comeca-ontem\/#primaryimage"},"image":{"@id":"https:\/\/estadocomarte.pt\/site\/2025\/09\/12\/o-futuro-comeca-ontem\/#primaryimage"},"thumbnailUrl":"https:\/\/estadocomarte.pt\/site\/wp-content\/uploads\/2025\/09\/aprender.png","datePublished":"2025-09-12T14:51:42+00:00","dateModified":"2025-09-12T14:54:48+00:00","breadcrumb":{"@id":"https:\/\/estadocomarte.pt\/site\/2025\/09\/12\/o-futuro-comeca-ontem\/#breadcrumb"},"inLanguage":"pt-PT","potentialAction":[{"@type":"ReadAction","target":["https:\/\/estadocomarte.pt\/site\/2025\/09\/12\/o-futuro-comeca-ontem\/"]}]},{"@type":"ImageObject","inLanguage":"pt-PT","@id":"https:\/\/estadocomarte.pt\/site\/2025\/09\/12\/o-futuro-comeca-ontem\/#primaryimage","url":"https:\/\/estadocomarte.pt\/site\/wp-content\/uploads\/2025\/09\/aprender.png","contentUrl":"https:\/\/estadocomarte.pt\/site\/wp-content\/uploads\/2025\/09\/aprender.png","width":632,"height":359},{"@type":"BreadcrumbList","@id":"https:\/\/estadocomarte.pt\/site\/2025\/09\/12\/o-futuro-comeca-ontem\/#breadcrumb","itemListElement":[{"@type":"ListItem","position":1,"name":"In\u00edcio","item":"https:\/\/estadocomarte.pt\/site\/"},{"@type":"ListItem","position":2,"name":"O FUTURO COME\u00c7A ONTEM"}]},{"@type":"WebSite","@id":"https:\/\/estadocomarte.pt\/site\/#website","url":"https:\/\/estadocomarte.pt\/site\/","name":"Estado com Arte Magazine","description":"Magazine","publisher":{"@id":"https:\/\/estadocomarte.pt\/site\/#organization"},"alternateName":"Magazine semanal sobre pol\u00edtica e cultura, com autores, opini\u00e3o e cr\u00edticas.","potentialAction":[{"@type":"SearchAction","target":{"@type":"EntryPoint","urlTemplate":"https:\/\/estadocomarte.pt\/site\/?s={search_term_string}"},"query-input":{"@type":"PropertyValueSpecification","valueRequired":true,"valueName":"search_term_string"}}],"inLanguage":"pt-PT"},{"@type":"Organization","@id":"https:\/\/estadocomarte.pt\/site\/#organization","name":"Estado com Arte Magazine","alternateName":"Magazine semanal sobre pol\u00edtica e cultura, com autores, opini\u00e3o e cr\u00edticas.","url":"https:\/\/estadocomarte.pt\/site\/","logo":{"@type":"ImageObject","inLanguage":"pt-PT","@id":"https:\/\/estadocomarte.pt\/site\/#\/schema\/logo\/image\/","url":"https:\/\/estadocomarte.pt\/site\/wp-content\/uploads\/2023\/06\/cropped-cropped-Prancheta-2@2x-100.jpg","contentUrl":"https:\/\/estadocomarte.pt\/site\/wp-content\/uploads\/2023\/06\/cropped-cropped-Prancheta-2@2x-100.jpg","width":1777,"height":592,"caption":"Estado com Arte Magazine"},"image":{"@id":"https:\/\/estadocomarte.pt\/site\/#\/schema\/logo\/image\/"},"sameAs":["https:\/\/www.instagram.com\/estadocomartemagazine"]},{"@type":"Person","@id":"https:\/\/estadocomarte.pt\/site\/#\/schema\/person\/c0943a071216c1e5b21f85304151e4ba","name":"admin","image":{"@type":"ImageObject","inLanguage":"pt-PT","@id":"https:\/\/estadocomarte.pt\/site\/#\/schema\/person\/image\/","url":"https:\/\/secure.gravatar.com\/avatar\/e6f378fd6914c8505d3e1d40f51fa953b21bab0f3a5658a33bc84cb5bda780f9?s=96&d=mm&r=g","contentUrl":"https:\/\/secure.gravatar.com\/avatar\/e6f378fd6914c8505d3e1d40f51fa953b21bab0f3a5658a33bc84cb5bda780f9?s=96&d=mm&r=g","caption":"admin"},"sameAs":["https:\/\/estadocomarte.pt\/site"],"url":"https:\/\/estadocomarte.pt\/site\/author\/admin\/"}]}},"_links":{"self":[{"href":"https:\/\/estadocomarte.pt\/site\/wp-json\/wp\/v2\/posts\/10694","targetHints":{"allow":["GET"]}}],"collection":[{"href":"https:\/\/estadocomarte.pt\/site\/wp-json\/wp\/v2\/posts"}],"about":[{"href":"https:\/\/estadocomarte.pt\/site\/wp-json\/wp\/v2\/types\/post"}],"author":[{"embeddable":true,"href":"https:\/\/estadocomarte.pt\/site\/wp-json\/wp\/v2\/users\/1"}],"replies":[{"embeddable":true,"href":"https:\/\/estadocomarte.pt\/site\/wp-json\/wp\/v2\/comments?post=10694"}],"version-history":[{"count":3,"href":"https:\/\/estadocomarte.pt\/site\/wp-json\/wp\/v2\/posts\/10694\/revisions"}],"predecessor-version":[{"id":10705,"href":"https:\/\/estadocomarte.pt\/site\/wp-json\/wp\/v2\/posts\/10694\/revisions\/10705"}],"wp:featuredmedia":[{"embeddable":true,"href":"https:\/\/estadocomarte.pt\/site\/wp-json\/wp\/v2\/media\/10700"}],"wp:attachment":[{"href":"https:\/\/estadocomarte.pt\/site\/wp-json\/wp\/v2\/media?parent=10694"}],"wp:term":[{"taxonomy":"category","embeddable":true,"href":"https:\/\/estadocomarte.pt\/site\/wp-json\/wp\/v2\/categories?post=10694"},{"taxonomy":"post_tag","embeddable":true,"href":"https:\/\/estadocomarte.pt\/site\/wp-json\/wp\/v2\/tags?post=10694"}],"curies":[{"name":"wp","href":"https:\/\/api.w.org\/{rel}","templated":true}]}}