{"id":10765,"date":"2025-09-24T09:02:26","date_gmt":"2025-09-24T09:02:26","guid":{"rendered":"https:\/\/estadocomarte.pt\/site\/?p=10765"},"modified":"2025-09-24T09:25:40","modified_gmt":"2025-09-24T09:25:40","slug":"goncalo-da-camara-pereira-israel-foi-atacado-assim-como-a-ucrania-e-que-nao-podemos-ter-dois-pesos-e-duas-medidas","status":"publish","type":"post","link":"https:\/\/estadocomarte.pt\/site\/2025\/09\/24\/goncalo-da-camara-pereira-israel-foi-atacado-assim-como-a-ucrania-e-que-nao-podemos-ter-dois-pesos-e-duas-medidas\/","title":{"rendered":"Gon\u00e7alo da C\u00e2mara Pereira: &#8220;Israel foi atacado assim como a Ucr\u00e2nia e que n\u00e3o podemos ter dois pesos e duas medidas.&#8221;"},"content":{"rendered":"<p><strong>Portugal reconheceu ontem oficialmente o Estado da Palestina, mas apesar do alinhamento de Portugal e de v\u00e1rios pa\u00edses aliados, como a Fran\u00e7a, Espanha e Reino Unido, nesta mat\u00e9ria de pol\u00edtica internacional pela defesa do povo palestiniano, Gon\u00e7alo da C\u00e2mara Pereira l\u00edder do Partido Democr\u00e1tico\u00a0 n\u00e3o concorda com esta decis\u00e3o de Portugal.<\/strong><\/p>\n<p>O an\u00fancio foi feito pelo Ministro de Estado e dos Neg\u00f3cios Estrangeiros, Paulo Rangel, numa declara\u00e7\u00e3o na Miss\u00e3o Permanente de Portugal junto das Na\u00e7\u00f5es Unidas, em Nova Iorque.<\/p>\n<p>&#8220;Hoje, dia 21 de setembro de 2025, o Estado portugu\u00eas reconhece oficialmente o Estado da Palestina&#8221;, afirmou o chefe da diplomacia, apelando a um cessar-fogo imediato, \u00e0 liberta\u00e7\u00e3o dos ref\u00e9ns e ao restabelecimento da ajuda humanit\u00e1ria em Gaza.<\/p>\n<p>Gon\u00e7alo da C\u00e2mara Pereira l\u00edder do Partido Mon\u00e1rquico, PPM,\u00a0 n\u00e3o concorda com esta decis\u00e3o de Portugal. Questionado pelo Estado com Arte Magazine considera &#8220;que \u00e9 um anti-semitismo prim\u00e1rio. Israel foi atacado, e o Hamas durante anos criou um povo terrorista que se esconde,\u00a0 ataca atr\u00e1s de mulheres\u00a0\u00a0e crian\u00e7as.&#8221;<\/p>\n<p>O mon\u00e1rquico justifica que Israel &#8220;\u00e9 defensor dos valores judaico-crist\u00e3os. Dev\u00edamos defende-los em vez de acusar.&#8221; Garante que &#8220;n\u00e3o \u00e9 genoc\u00eddio, porque Israel foi o estado atacado&#8221;. A seu ver durante anos o Hamas criou um povo terrorista que coloca mulheres e crian\u00e7as na linha da frente com atiradores por traz. &#8220;Impossibilitando o combate directo e a sua elimina\u00e7\u00e3o&#8221;. Acrescenta que o &#8220;povo dito palestino \u00e9 conivente com o fim do Estado de Israel defensor dos valores ocidentais&#8221;. &#8220;Que outra forma h\u00e1 para se protegerem se n\u00e3o for a elimina\u00e7\u00e3o de todos os elementos do Hamas financiado por todos os inimigos de Israel e ensinamentos da jiahd de Maom\u00e9?, pergunta Gon\u00e7alo da C\u00e2mara Pereira.<\/p>\n<p>Recorda que Israel foi atacado assim como a Ucr\u00e2nia e que &#8220;n\u00e3o podemos ter dois pesos e duas medidas.&#8221;<\/p>\n<p>Paulo Rangel sublinhou que esta decis\u00e3o n\u00e3o apaga a cat\u00e1strofe humanit\u00e1ria em curso, mas pretende contribuir para a solu\u00e7\u00e3o de dois Estados, reiterando tamb\u00e9m o direito de Israel \u00e0 exist\u00eancia e \u00e0s suas necessidades de seguran\u00e7a, bem como a condena\u00e7\u00e3o dos ataques terroristas de 7 de outubro e do Hamas.<\/p>\n<p>O Ministro destacou que a escolha do local do an\u00fancio simboliza a centralidade da ONU como \u00fanica via para alcan\u00e7ar uma paz justa e duradoura. Disse ainda que a decis\u00e3o foi tomada ap\u00f3s consultas institucionais, e que confirma a converg\u00eancia do Presidente da Rep\u00fablica e de uma larga maioria dos partidos com assento parlamentar.<\/p>\n","protected":false},"excerpt":{"rendered":"<p>Marta Roque<\/p>\n","protected":false},"author":1,"featured_media":10766,"comment_status":"open","ping_status":"open","sticky":false,"template":"","format":"standard","meta":{"site-sidebar-layout":"default","site-content-layout":"default","ast-global-header-display":"","ast-banner-title-visibility":"","ast-main-header-display":"","ast-hfb-above-header-display":"","ast-hfb-below-header-display":"","ast-hfb-mobile-header-display":"","site-post-title":"","ast-breadcrumbs-content":"","ast-featured-img":"","footer-sml-layout":"","theme-transparent-header-meta":"default","adv-header-id-meta":"","stick-header-meta":"","header-above-stick-meta":"","header-main-stick-meta":"","header-below-stick-meta":"","footnotes":""},"categories":[64,56],"tags":[1076,819],"class_list":["post-10765","post","type-post","status-publish","format-standard","has-post-thumbnail","hentry","category-isto-para-nos","category-pontas-soltas","tag-estado-da-palestina","tag-goncalo-da-camara-pereira"],"yoast_head":"<!-- This site is optimized with the Yoast SEO plugin v25.1 - https:\/\/yoast.com\/wordpress\/plugins\/seo\/ -->\n<title>Gon\u00e7alo da C\u00e2mara Pereira: &quot;Israel foi atacado assim como a Ucr\u00e2nia e que n\u00e3o podemos ter dois pesos e duas medidas.&quot; - Estado com Arte<\/title>\n<meta name=\"robots\" content=\"index, follow, max-snippet:-1, max-image-preview:large, max-video-preview:-1\" \/>\n<link rel=\"canonical\" href=\"https:\/\/estadocomarte.pt\/site\/2025\/09\/24\/goncalo-da-camara-pereira-israel-foi-atacado-assim-como-a-ucrania-e-que-nao-podemos-ter-dois-pesos-e-duas-medidas\/\" \/>\n<meta property=\"og:locale\" content=\"pt_PT\" \/>\n<meta property=\"og:type\" content=\"article\" \/>\n<meta property=\"og:title\" content=\"Gon\u00e7alo da C\u00e2mara Pereira: &quot;Israel foi atacado assim como a Ucr\u00e2nia e que n\u00e3o podemos ter dois pesos e duas medidas.&quot; - Estado com Arte\" \/>\n<meta property=\"og:description\" content=\"Marta Roque\" \/>\n<meta property=\"og:url\" content=\"https:\/\/estadocomarte.pt\/site\/2025\/09\/24\/goncalo-da-camara-pereira-israel-foi-atacado-assim-como-a-ucrania-e-que-nao-podemos-ter-dois-pesos-e-duas-medidas\/\" \/>\n<meta property=\"og:site_name\" content=\"Estado com Arte\" \/>\n<meta property=\"article:published_time\" content=\"2025-09-24T09:02:26+00:00\" \/>\n<meta property=\"article:modified_time\" content=\"2025-09-24T09:25:40+00:00\" \/>\n<meta property=\"og:image\" content=\"https:\/\/estadocomarte.pt\/site\/wp-content\/uploads\/2025\/09\/palestina.webp\" \/>\n\t<meta property=\"og:image:width\" content=\"640\" \/>\n\t<meta property=\"og:image:height\" content=\"426\" \/>\n\t<meta property=\"og:image:type\" content=\"image\/webp\" \/>\n<meta name=\"author\" content=\"admin\" \/>\n<meta name=\"twitter:card\" content=\"summary_large_image\" \/>\n<meta name=\"twitter:label1\" content=\"Escrito por\" \/>\n\t<meta name=\"twitter:data1\" content=\"admin\" \/>\n\t<meta name=\"twitter:label2\" content=\"Tempo estimado de leitura\" \/>\n\t<meta name=\"twitter:data2\" content=\"3 minutos\" \/>\n<script type=\"application\/ld+json\" class=\"yoast-schema-graph\">{\"@context\":\"https:\/\/schema.org\",\"@graph\":[{\"@type\":\"Article\",\"@id\":\"https:\/\/estadocomarte.pt\/site\/2025\/09\/24\/goncalo-da-camara-pereira-israel-foi-atacado-assim-como-a-ucrania-e-que-nao-podemos-ter-dois-pesos-e-duas-medidas\/#article\",\"isPartOf\":{\"@id\":\"https:\/\/estadocomarte.pt\/site\/2025\/09\/24\/goncalo-da-camara-pereira-israel-foi-atacado-assim-como-a-ucrania-e-que-nao-podemos-ter-dois-pesos-e-duas-medidas\/\"},\"author\":{\"name\":\"admin\",\"@id\":\"https:\/\/estadocomarte.pt\/site\/#\/schema\/person\/c0943a071216c1e5b21f85304151e4ba\"},\"headline\":\"Gon\u00e7alo da C\u00e2mara Pereira: &#8220;Israel foi atacado assim como a Ucr\u00e2nia e que n\u00e3o podemos ter dois pesos e duas medidas.&#8221;\",\"datePublished\":\"2025-09-24T09:02:26+00:00\",\"dateModified\":\"2025-09-24T09:25:40+00:00\",\"mainEntityOfPage\":{\"@id\":\"https:\/\/estadocomarte.pt\/site\/2025\/09\/24\/goncalo-da-camara-pereira-israel-foi-atacado-assim-como-a-ucrania-e-que-nao-podemos-ter-dois-pesos-e-duas-medidas\/\"},\"wordCount\":476,\"commentCount\":0,\"publisher\":{\"@id\":\"https:\/\/estadocomarte.pt\/site\/#organization\"},\"image\":{\"@id\":\"https:\/\/estadocomarte.pt\/site\/2025\/09\/24\/goncalo-da-camara-pereira-israel-foi-atacado-assim-como-a-ucrania-e-que-nao-podemos-ter-dois-pesos-e-duas-medidas\/#primaryimage\"},\"thumbnailUrl\":\"https:\/\/estadocomarte.pt\/site\/wp-content\/uploads\/2025\/09\/palestina.webp\",\"keywords\":[\"estado da palestina\",\"Gon\u00e7alo da C\u00e2mara Pereira\"],\"articleSection\":[\"Isto Para N\u00f3s\",\"Pontas Soltas\"],\"inLanguage\":\"pt-PT\",\"potentialAction\":[{\"@type\":\"CommentAction\",\"name\":\"Comment\",\"target\":[\"https:\/\/estadocomarte.pt\/site\/2025\/09\/24\/goncalo-da-camara-pereira-israel-foi-atacado-assim-como-a-ucrania-e-que-nao-podemos-ter-dois-pesos-e-duas-medidas\/#respond\"]}]},{\"@type\":\"WebPage\",\"@id\":\"https:\/\/estadocomarte.pt\/site\/2025\/09\/24\/goncalo-da-camara-pereira-israel-foi-atacado-assim-como-a-ucrania-e-que-nao-podemos-ter-dois-pesos-e-duas-medidas\/\",\"url\":\"https:\/\/estadocomarte.pt\/site\/2025\/09\/24\/goncalo-da-camara-pereira-israel-foi-atacado-assim-como-a-ucrania-e-que-nao-podemos-ter-dois-pesos-e-duas-medidas\/\",\"name\":\"Gon\u00e7alo da C\u00e2mara Pereira: \\\"Israel foi atacado assim como a Ucr\u00e2nia e que n\u00e3o podemos ter dois pesos e duas medidas.\\\" - Estado com Arte\",\"isPartOf\":{\"@id\":\"https:\/\/estadocomarte.pt\/site\/#website\"},\"primaryImageOfPage\":{\"@id\":\"https:\/\/estadocomarte.pt\/site\/2025\/09\/24\/goncalo-da-camara-pereira-israel-foi-atacado-assim-como-a-ucrania-e-que-nao-podemos-ter-dois-pesos-e-duas-medidas\/#primaryimage\"},\"image\":{\"@id\":\"https:\/\/estadocomarte.pt\/site\/2025\/09\/24\/goncalo-da-camara-pereira-israel-foi-atacado-assim-como-a-ucrania-e-que-nao-podemos-ter-dois-pesos-e-duas-medidas\/#primaryimage\"},\"thumbnailUrl\":\"https:\/\/estadocomarte.pt\/site\/wp-content\/uploads\/2025\/09\/palestina.webp\",\"datePublished\":\"2025-09-24T09:02:26+00:00\",\"dateModified\":\"2025-09-24T09:25:40+00:00\",\"breadcrumb\":{\"@id\":\"https:\/\/estadocomarte.pt\/site\/2025\/09\/24\/goncalo-da-camara-pereira-israel-foi-atacado-assim-como-a-ucrania-e-que-nao-podemos-ter-dois-pesos-e-duas-medidas\/#breadcrumb\"},\"inLanguage\":\"pt-PT\",\"potentialAction\":[{\"@type\":\"ReadAction\",\"target\":[\"https:\/\/estadocomarte.pt\/site\/2025\/09\/24\/goncalo-da-camara-pereira-israel-foi-atacado-assim-como-a-ucrania-e-que-nao-podemos-ter-dois-pesos-e-duas-medidas\/\"]}]},{\"@type\":\"ImageObject\",\"inLanguage\":\"pt-PT\",\"@id\":\"https:\/\/estadocomarte.pt\/site\/2025\/09\/24\/goncalo-da-camara-pereira-israel-foi-atacado-assim-como-a-ucrania-e-que-nao-podemos-ter-dois-pesos-e-duas-medidas\/#primaryimage\",\"url\":\"https:\/\/estadocomarte.pt\/site\/wp-content\/uploads\/2025\/09\/palestina.webp\",\"contentUrl\":\"https:\/\/estadocomarte.pt\/site\/wp-content\/uploads\/2025\/09\/palestina.webp\",\"width\":640,\"height\":426},{\"@type\":\"BreadcrumbList\",\"@id\":\"https:\/\/estadocomarte.pt\/site\/2025\/09\/24\/goncalo-da-camara-pereira-israel-foi-atacado-assim-como-a-ucrania-e-que-nao-podemos-ter-dois-pesos-e-duas-medidas\/#breadcrumb\",\"itemListElement\":[{\"@type\":\"ListItem\",\"position\":1,\"name\":\"In\u00edcio\",\"item\":\"https:\/\/estadocomarte.pt\/site\/\"},{\"@type\":\"ListItem\",\"position\":2,\"name\":\"Gon\u00e7alo da C\u00e2mara Pereira: &#8220;Israel foi atacado assim como a Ucr\u00e2nia e que n\u00e3o podemos ter dois pesos e duas medidas.&#8221;\"}]},{\"@type\":\"WebSite\",\"@id\":\"https:\/\/estadocomarte.pt\/site\/#website\",\"url\":\"https:\/\/estadocomarte.pt\/site\/\",\"name\":\"Estado com Arte Magazine\",\"description\":\"Magazine\",\"publisher\":{\"@id\":\"https:\/\/estadocomarte.pt\/site\/#organization\"},\"alternateName\":\"Magazine semanal sobre pol\u00edtica e cultura, com autores, opini\u00e3o e cr\u00edticas.\",\"potentialAction\":[{\"@type\":\"SearchAction\",\"target\":{\"@type\":\"EntryPoint\",\"urlTemplate\":\"https:\/\/estadocomarte.pt\/site\/?s={search_term_string}\"},\"query-input\":{\"@type\":\"PropertyValueSpecification\",\"valueRequired\":true,\"valueName\":\"search_term_string\"}}],\"inLanguage\":\"pt-PT\"},{\"@type\":\"Organization\",\"@id\":\"https:\/\/estadocomarte.pt\/site\/#organization\",\"name\":\"Estado com Arte Magazine\",\"alternateName\":\"Magazine semanal sobre pol\u00edtica e cultura, com autores, opini\u00e3o e cr\u00edticas.\",\"url\":\"https:\/\/estadocomarte.pt\/site\/\",\"logo\":{\"@type\":\"ImageObject\",\"inLanguage\":\"pt-PT\",\"@id\":\"https:\/\/estadocomarte.pt\/site\/#\/schema\/logo\/image\/\",\"url\":\"https:\/\/estadocomarte.pt\/site\/wp-content\/uploads\/2023\/06\/cropped-cropped-Prancheta-2@2x-100.jpg\",\"contentUrl\":\"https:\/\/estadocomarte.pt\/site\/wp-content\/uploads\/2023\/06\/cropped-cropped-Prancheta-2@2x-100.jpg\",\"width\":1777,\"height\":592,\"caption\":\"Estado com Arte Magazine\"},\"image\":{\"@id\":\"https:\/\/estadocomarte.pt\/site\/#\/schema\/logo\/image\/\"},\"sameAs\":[\"https:\/\/www.instagram.com\/estadocomartemagazine\"]},{\"@type\":\"Person\",\"@id\":\"https:\/\/estadocomarte.pt\/site\/#\/schema\/person\/c0943a071216c1e5b21f85304151e4ba\",\"name\":\"admin\",\"image\":{\"@type\":\"ImageObject\",\"inLanguage\":\"pt-PT\",\"@id\":\"https:\/\/estadocomarte.pt\/site\/#\/schema\/person\/image\/\",\"url\":\"https:\/\/secure.gravatar.com\/avatar\/e6f378fd6914c8505d3e1d40f51fa953b21bab0f3a5658a33bc84cb5bda780f9?s=96&d=mm&r=g\",\"contentUrl\":\"https:\/\/secure.gravatar.com\/avatar\/e6f378fd6914c8505d3e1d40f51fa953b21bab0f3a5658a33bc84cb5bda780f9?s=96&d=mm&r=g\",\"caption\":\"admin\"},\"sameAs\":[\"https:\/\/estadocomarte.pt\/site\"],\"url\":\"https:\/\/estadocomarte.pt\/site\/author\/admin\/\"}]}<\/script>\n<!-- \/ Yoast SEO plugin. -->","yoast_head_json":{"title":"Gon\u00e7alo da C\u00e2mara Pereira: \"Israel foi atacado assim como a Ucr\u00e2nia e que n\u00e3o podemos ter dois pesos e duas medidas.\" - Estado com Arte","robots":{"index":"index","follow":"follow","max-snippet":"max-snippet:-1","max-image-preview":"max-image-preview:large","max-video-preview":"max-video-preview:-1"},"canonical":"https:\/\/estadocomarte.pt\/site\/2025\/09\/24\/goncalo-da-camara-pereira-israel-foi-atacado-assim-como-a-ucrania-e-que-nao-podemos-ter-dois-pesos-e-duas-medidas\/","og_locale":"pt_PT","og_type":"article","og_title":"Gon\u00e7alo da C\u00e2mara Pereira: \"Israel foi atacado assim como a Ucr\u00e2nia e que n\u00e3o podemos ter dois pesos e duas medidas.\" - Estado com Arte","og_description":"Marta Roque","og_url":"https:\/\/estadocomarte.pt\/site\/2025\/09\/24\/goncalo-da-camara-pereira-israel-foi-atacado-assim-como-a-ucrania-e-que-nao-podemos-ter-dois-pesos-e-duas-medidas\/","og_site_name":"Estado com Arte","article_published_time":"2025-09-24T09:02:26+00:00","article_modified_time":"2025-09-24T09:25:40+00:00","og_image":[{"width":640,"height":426,"url":"https:\/\/estadocomarte.pt\/site\/wp-content\/uploads\/2025\/09\/palestina.webp","type":"image\/webp"}],"author":"admin","twitter_card":"summary_large_image","twitter_misc":{"Escrito por":"admin","Tempo estimado de leitura":"3 minutos"},"schema":{"@context":"https:\/\/schema.org","@graph":[{"@type":"Article","@id":"https:\/\/estadocomarte.pt\/site\/2025\/09\/24\/goncalo-da-camara-pereira-israel-foi-atacado-assim-como-a-ucrania-e-que-nao-podemos-ter-dois-pesos-e-duas-medidas\/#article","isPartOf":{"@id":"https:\/\/estadocomarte.pt\/site\/2025\/09\/24\/goncalo-da-camara-pereira-israel-foi-atacado-assim-como-a-ucrania-e-que-nao-podemos-ter-dois-pesos-e-duas-medidas\/"},"author":{"name":"admin","@id":"https:\/\/estadocomarte.pt\/site\/#\/schema\/person\/c0943a071216c1e5b21f85304151e4ba"},"headline":"Gon\u00e7alo da C\u00e2mara Pereira: &#8220;Israel foi atacado assim como a Ucr\u00e2nia e que n\u00e3o podemos ter dois pesos e duas medidas.&#8221;","datePublished":"2025-09-24T09:02:26+00:00","dateModified":"2025-09-24T09:25:40+00:00","mainEntityOfPage":{"@id":"https:\/\/estadocomarte.pt\/site\/2025\/09\/24\/goncalo-da-camara-pereira-israel-foi-atacado-assim-como-a-ucrania-e-que-nao-podemos-ter-dois-pesos-e-duas-medidas\/"},"wordCount":476,"commentCount":0,"publisher":{"@id":"https:\/\/estadocomarte.pt\/site\/#organization"},"image":{"@id":"https:\/\/estadocomarte.pt\/site\/2025\/09\/24\/goncalo-da-camara-pereira-israel-foi-atacado-assim-como-a-ucrania-e-que-nao-podemos-ter-dois-pesos-e-duas-medidas\/#primaryimage"},"thumbnailUrl":"https:\/\/estadocomarte.pt\/site\/wp-content\/uploads\/2025\/09\/palestina.webp","keywords":["estado da palestina","Gon\u00e7alo da C\u00e2mara Pereira"],"articleSection":["Isto Para N\u00f3s","Pontas Soltas"],"inLanguage":"pt-PT","potentialAction":[{"@type":"CommentAction","name":"Comment","target":["https:\/\/estadocomarte.pt\/site\/2025\/09\/24\/goncalo-da-camara-pereira-israel-foi-atacado-assim-como-a-ucrania-e-que-nao-podemos-ter-dois-pesos-e-duas-medidas\/#respond"]}]},{"@type":"WebPage","@id":"https:\/\/estadocomarte.pt\/site\/2025\/09\/24\/goncalo-da-camara-pereira-israel-foi-atacado-assim-como-a-ucrania-e-que-nao-podemos-ter-dois-pesos-e-duas-medidas\/","url":"https:\/\/estadocomarte.pt\/site\/2025\/09\/24\/goncalo-da-camara-pereira-israel-foi-atacado-assim-como-a-ucrania-e-que-nao-podemos-ter-dois-pesos-e-duas-medidas\/","name":"Gon\u00e7alo da C\u00e2mara Pereira: \"Israel foi atacado assim como a Ucr\u00e2nia e que n\u00e3o podemos ter dois pesos e duas medidas.\" - Estado com Arte","isPartOf":{"@id":"https:\/\/estadocomarte.pt\/site\/#website"},"primaryImageOfPage":{"@id":"https:\/\/estadocomarte.pt\/site\/2025\/09\/24\/goncalo-da-camara-pereira-israel-foi-atacado-assim-como-a-ucrania-e-que-nao-podemos-ter-dois-pesos-e-duas-medidas\/#primaryimage"},"image":{"@id":"https:\/\/estadocomarte.pt\/site\/2025\/09\/24\/goncalo-da-camara-pereira-israel-foi-atacado-assim-como-a-ucrania-e-que-nao-podemos-ter-dois-pesos-e-duas-medidas\/#primaryimage"},"thumbnailUrl":"https:\/\/estadocomarte.pt\/site\/wp-content\/uploads\/2025\/09\/palestina.webp","datePublished":"2025-09-24T09:02:26+00:00","dateModified":"2025-09-24T09:25:40+00:00","breadcrumb":{"@id":"https:\/\/estadocomarte.pt\/site\/2025\/09\/24\/goncalo-da-camara-pereira-israel-foi-atacado-assim-como-a-ucrania-e-que-nao-podemos-ter-dois-pesos-e-duas-medidas\/#breadcrumb"},"inLanguage":"pt-PT","potentialAction":[{"@type":"ReadAction","target":["https:\/\/estadocomarte.pt\/site\/2025\/09\/24\/goncalo-da-camara-pereira-israel-foi-atacado-assim-como-a-ucrania-e-que-nao-podemos-ter-dois-pesos-e-duas-medidas\/"]}]},{"@type":"ImageObject","inLanguage":"pt-PT","@id":"https:\/\/estadocomarte.pt\/site\/2025\/09\/24\/goncalo-da-camara-pereira-israel-foi-atacado-assim-como-a-ucrania-e-que-nao-podemos-ter-dois-pesos-e-duas-medidas\/#primaryimage","url":"https:\/\/estadocomarte.pt\/site\/wp-content\/uploads\/2025\/09\/palestina.webp","contentUrl":"https:\/\/estadocomarte.pt\/site\/wp-content\/uploads\/2025\/09\/palestina.webp","width":640,"height":426},{"@type":"BreadcrumbList","@id":"https:\/\/estadocomarte.pt\/site\/2025\/09\/24\/goncalo-da-camara-pereira-israel-foi-atacado-assim-como-a-ucrania-e-que-nao-podemos-ter-dois-pesos-e-duas-medidas\/#breadcrumb","itemListElement":[{"@type":"ListItem","position":1,"name":"In\u00edcio","item":"https:\/\/estadocomarte.pt\/site\/"},{"@type":"ListItem","position":2,"name":"Gon\u00e7alo da C\u00e2mara Pereira: &#8220;Israel foi atacado assim como a Ucr\u00e2nia e que n\u00e3o podemos ter dois pesos e duas medidas.&#8221;"}]},{"@type":"WebSite","@id":"https:\/\/estadocomarte.pt\/site\/#website","url":"https:\/\/estadocomarte.pt\/site\/","name":"Estado com Arte Magazine","description":"Magazine","publisher":{"@id":"https:\/\/estadocomarte.pt\/site\/#organization"},"alternateName":"Magazine semanal sobre pol\u00edtica e cultura, com autores, opini\u00e3o e cr\u00edticas.","potentialAction":[{"@type":"SearchAction","target":{"@type":"EntryPoint","urlTemplate":"https:\/\/estadocomarte.pt\/site\/?s={search_term_string}"},"query-input":{"@type":"PropertyValueSpecification","valueRequired":true,"valueName":"search_term_string"}}],"inLanguage":"pt-PT"},{"@type":"Organization","@id":"https:\/\/estadocomarte.pt\/site\/#organization","name":"Estado com Arte Magazine","alternateName":"Magazine semanal sobre pol\u00edtica e cultura, com autores, opini\u00e3o e cr\u00edticas.","url":"https:\/\/estadocomarte.pt\/site\/","logo":{"@type":"ImageObject","inLanguage":"pt-PT","@id":"https:\/\/estadocomarte.pt\/site\/#\/schema\/logo\/image\/","url":"https:\/\/estadocomarte.pt\/site\/wp-content\/uploads\/2023\/06\/cropped-cropped-Prancheta-2@2x-100.jpg","contentUrl":"https:\/\/estadocomarte.pt\/site\/wp-content\/uploads\/2023\/06\/cropped-cropped-Prancheta-2@2x-100.jpg","width":1777,"height":592,"caption":"Estado com Arte Magazine"},"image":{"@id":"https:\/\/estadocomarte.pt\/site\/#\/schema\/logo\/image\/"},"sameAs":["https:\/\/www.instagram.com\/estadocomartemagazine"]},{"@type":"Person","@id":"https:\/\/estadocomarte.pt\/site\/#\/schema\/person\/c0943a071216c1e5b21f85304151e4ba","name":"admin","image":{"@type":"ImageObject","inLanguage":"pt-PT","@id":"https:\/\/estadocomarte.pt\/site\/#\/schema\/person\/image\/","url":"https:\/\/secure.gravatar.com\/avatar\/e6f378fd6914c8505d3e1d40f51fa953b21bab0f3a5658a33bc84cb5bda780f9?s=96&d=mm&r=g","contentUrl":"https:\/\/secure.gravatar.com\/avatar\/e6f378fd6914c8505d3e1d40f51fa953b21bab0f3a5658a33bc84cb5bda780f9?s=96&d=mm&r=g","caption":"admin"},"sameAs":["https:\/\/estadocomarte.pt\/site"],"url":"https:\/\/estadocomarte.pt\/site\/author\/admin\/"}]}},"_links":{"self":[{"href":"https:\/\/estadocomarte.pt\/site\/wp-json\/wp\/v2\/posts\/10765","targetHints":{"allow":["GET"]}}],"collection":[{"href":"https:\/\/estadocomarte.pt\/site\/wp-json\/wp\/v2\/posts"}],"about":[{"href":"https:\/\/estadocomarte.pt\/site\/wp-json\/wp\/v2\/types\/post"}],"author":[{"embeddable":true,"href":"https:\/\/estadocomarte.pt\/site\/wp-json\/wp\/v2\/users\/1"}],"replies":[{"embeddable":true,"href":"https:\/\/estadocomarte.pt\/site\/wp-json\/wp\/v2\/comments?post=10765"}],"version-history":[{"count":5,"href":"https:\/\/estadocomarte.pt\/site\/wp-json\/wp\/v2\/posts\/10765\/revisions"}],"predecessor-version":[{"id":10774,"href":"https:\/\/estadocomarte.pt\/site\/wp-json\/wp\/v2\/posts\/10765\/revisions\/10774"}],"wp:featuredmedia":[{"embeddable":true,"href":"https:\/\/estadocomarte.pt\/site\/wp-json\/wp\/v2\/media\/10766"}],"wp:attachment":[{"href":"https:\/\/estadocomarte.pt\/site\/wp-json\/wp\/v2\/media?parent=10765"}],"wp:term":[{"taxonomy":"category","embeddable":true,"href":"https:\/\/estadocomarte.pt\/site\/wp-json\/wp\/v2\/categories?post=10765"},{"taxonomy":"post_tag","embeddable":true,"href":"https:\/\/estadocomarte.pt\/site\/wp-json\/wp\/v2\/tags?post=10765"}],"curies":[{"name":"wp","href":"https:\/\/api.w.org\/{rel}","templated":true}]}}