{"id":10775,"date":"2025-09-24T15:12:37","date_gmt":"2025-09-24T15:12:37","guid":{"rendered":"https:\/\/estadocomarte.pt\/site\/?p=10775"},"modified":"2025-09-26T11:12:47","modified_gmt":"2025-09-26T11:12:47","slug":"ciclo-de-conferencias-sobre-a-verdade-da-mentira-no-ccb","status":"publish","type":"post","link":"https:\/\/estadocomarte.pt\/site\/2025\/09\/24\/ciclo-de-conferencias-sobre-a-verdade-da-mentira-no-ccb\/","title":{"rendered":"Ciclo de confer\u00eancias sobre a verdade da mentira no CCB"},"content":{"rendered":"<p><strong>Para reflectir sobre a verdade da mentira na contemporaneidade o CCB criou o ciclo de 10 confer\u00eancias com o Professor de Filosofia Ant\u00f3nio de Castro Caeiro, \u00e0s 5\u00aa feiras, 19h00, no Centro de Reuni\u00f5es.<\/strong><\/p>\n<p><strong>H\u00e1 uma press\u00e3o cont\u00ednua \u2014 24 horas por dia, 7 dias na semana \u2014 para escapar \u00e0 mentira e saber da verdade. Por norma, achamos que estamos na verdade e somos verdadeiros, mas n\u00e3o sucumbimos \u00e0 mentira?\u00a0<\/strong><\/p>\n<p><strong>As confer\u00eancias s\u00e3o programa\u00e7\u00e3o do CCB e de entrada paga.<\/strong><\/p>\n<p>Ant\u00f3nio de Castro Caeiro \u00a0\u00e9 professor de Filosofia Antiga, Grego, Latim e Alem\u00e3o na NOVA FCSH, e foi visiting scholar na Albert Ludwig Universit\u00e4t (Alemanha), na Universidade de S\u00e3o Paulo (Brasil), na University of South Florida (EUA) e no Oriel College da Universidade de Oxford (Reino Unido). Pertence ao Grupo de Pesquisa em Filosofia Antiga do Culture Lab do IFILNOVA. Publicou o livro &#8220;O que \u00e9 a Filosofia&#8221;,\u00a0 de 2023, da editora Tinta da China. \u00c9 leitor dedicado dos fil\u00f3sofos Arist\u00f3teles, Tuc\u00eddides, S\u00e9neca e T\u00e1cito.<\/p>\n<p>N\u00e3o querer ser enganado com mentiras e descobrir a verdade \u00e9 a situa\u00e7\u00e3o em que cada ser humano se encontra. O contexto contempor\u00e2neo levanta a quest\u00e3o da mentira de um modo pand\u00e9mico. A prolifera\u00e7\u00e3o da desinforma\u00e7\u00e3o (deepfakes, algoritmos e bots) \u00e9 uma necessidade que empresas como a Cambridge Analytica ou alguns estados vieram suprir. Para reflectir sobre a verdade da mentira na contemporaneidade o CCB criou o ciclo de 10 confer\u00eancias, \u00e0s 5\u00aa feiras, 19h00, no Centro de Reuni\u00f5es.<\/p>\n<figure id=\"attachment_10796\" aria-describedby=\"caption-attachment-10796\" style=\"width: 300px\" class=\"wp-caption alignnone\"><img fetchpriority=\"high\" decoding=\"async\" class=\"wp-image-10796 size-medium\" src=\"https:\/\/estadocomarte.pt\/site\/wp-content\/uploads\/2025\/09\/Antonio-de-Castro-Caeiro_20231027_32-@Matilde-Fieschi-300x200.jpg\" alt=\"\" width=\"300\" height=\"200\" srcset=\"https:\/\/estadocomarte.pt\/site\/wp-content\/uploads\/2025\/09\/Antonio-de-Castro-Caeiro_20231027_32-@Matilde-Fieschi-300x200.jpg 300w, https:\/\/estadocomarte.pt\/site\/wp-content\/uploads\/2025\/09\/Antonio-de-Castro-Caeiro_20231027_32-@Matilde-Fieschi-1024x683.jpg 1024w, https:\/\/estadocomarte.pt\/site\/wp-content\/uploads\/2025\/09\/Antonio-de-Castro-Caeiro_20231027_32-@Matilde-Fieschi-768x512.jpg 768w, https:\/\/estadocomarte.pt\/site\/wp-content\/uploads\/2025\/09\/Antonio-de-Castro-Caeiro_20231027_32-@Matilde-Fieschi-1536x1024.jpg 1536w, https:\/\/estadocomarte.pt\/site\/wp-content\/uploads\/2025\/09\/Antonio-de-Castro-Caeiro_20231027_32-@Matilde-Fieschi.jpg 2048w\" sizes=\"(max-width: 300px) 100vw, 300px\" \/><figcaption id=\"caption-attachment-10796\" class=\"wp-caption-text\">O CCB criou o ciclo de 10 confer\u00eancias com o Professor de Filosofia Ant\u00f3nio de Castro Caeiro, \u00e0s 5\u00aa feiras, 19h00, no Centro de Reuni\u00f5es.<\/figcaption><\/figure>\n<p>A desinforma\u00e7\u00e3o pode influenciar elei\u00e7\u00f5es e minar a confian\u00e7a na democracia. Este nosso percurso explora as rela\u00e7\u00f5es entre verdade, mentira e perce\u00e7\u00e3o da realidade, analisando conceitos filos\u00f3ficos cl\u00e1ssicos e contempor\u00e2neos nos contextos complexos da nossa vida pessoal e coletiva.<\/p>\n<p>O esfor\u00e7o de compreens\u00e3o da efic\u00e1cia da mentira e desativa\u00e7\u00e3o da verdade n\u00e3o \u00e9 novo. \u00c9 t\u00e3o antigo como o acontecimento do ser humano. Anular o estado de nega\u00e7\u00e3o em que nos encontramos a respeito de ilus\u00f5es e autoenganos \u00e9 condi\u00e7\u00e3o de possibilidade da descoberta da verdade.<\/p>\n<p>O docente de Filosofia traduziu as Odes P\u00edticas (Quetzal, 2010) e as Odes Ol\u00edmpicas de P\u00edndaro (Abysmo, 2017) e \u00e9 autor da tradu\u00e7\u00e3o de refer\u00eancia da \u00c9tica a Nic\u00f3maco, de Arist\u00f3teles (7\u00aa ed. 1\u00aa ed. 2004). Traduziu tamb\u00e9m os Fragmentos dos livros perdidos de Arist\u00f3teles: Di\u00e1logos e Obras Exortativas (INCM, 2014), Constitui\u00e7\u00f5es Perdidas (Abysmo, 2018); Fragmentos Cient\u00edficos (Abysmo, 2021).<\/p>\n<p>Publicou o ensaio: S\u00e3o Paulo: Apocalipse e Convers\u00e3o (Aletheia, 2014), Um dia n\u00e3o S\u00e3o Dias (Abysmo, 2015), Reflexions on Everyday Life (Cambridge Scholars Publishing, 2019). \u00c9 autor de artigos em revistas da especialidade \u201cParadoxes of Emotional Life: Second-Order Emotions.\u201d<\/p>\n<h4><strong>10 confer\u00eancias, \u00e0s 5\u00aa feiras, 19h00, no Centro de Reuni\u00f5es do CCB<\/strong><\/h4>\n<p><img decoding=\"async\" class=\"alignnone size-medium wp-image-10777\" src=\"https:\/\/estadocomarte.pt\/site\/wp-content\/uploads\/2025\/09\/antoniocastrocaeiro7677e399_standard-300x169.jpeg\" alt=\"\" width=\"300\" height=\"169\" srcset=\"https:\/\/estadocomarte.pt\/site\/wp-content\/uploads\/2025\/09\/antoniocastrocaeiro7677e399_standard-300x169.jpeg 300w, https:\/\/estadocomarte.pt\/site\/wp-content\/uploads\/2025\/09\/antoniocastrocaeiro7677e399_standard-1024x576.jpeg 1024w, https:\/\/estadocomarte.pt\/site\/wp-content\/uploads\/2025\/09\/antoniocastrocaeiro7677e399_standard-768x432.jpeg 768w, https:\/\/estadocomarte.pt\/site\/wp-content\/uploads\/2025\/09\/antoniocastrocaeiro7677e399_standard-1536x864.jpeg 1536w, https:\/\/estadocomarte.pt\/site\/wp-content\/uploads\/2025\/09\/antoniocastrocaeiro7677e399_standard.jpeg 1920w\" sizes=\"(max-width: 300px) 100vw, 300px\" \/><\/p>\n<p><strong>9 outubro: Com a verdade me enganas: \u2014 a efic\u00e1cia da mentira<\/strong><\/p>\n<p><strong>(Arist\u00f3teles, Heidegger, Husserl)<\/strong><\/p>\n<p><strong>6 novembro: Ser sonso: a raiz da dissimula\u00e7\u00e3o (Nietzsche)<\/strong><\/p>\n<p><strong>27 novembro: Imita\u00e7\u00f5es e o original (Plat\u00e3o)<\/strong><\/p>\n<p><strong>18 dezembro: Se o diabo n\u00e3o \u00e9 mentiroso (Descartes)<\/strong><\/p>\n<p><strong>29 janeiro: O conto do vig\u00e1rio: \u2014 quest\u00f5es de propaganda (Hannah Arendt, T\u00e1cito)<\/strong><\/p>\n<p><strong>26 fevereiro: \u00cddolos de a\u00e7o com p\u00e9s de barro: \u2014 iconoclastia (Jean Baudrillard)<\/strong><\/p>\n<p><strong>26 mar\u00e7o: Segredos por revelar (Sissela Bok)<\/strong><\/p>\n<p><strong>30 abril: S\u00f3sias de si pr\u00f3prio (Naomi Klein)<\/strong><\/p>\n<p><strong>28 maio: Grandes decep\u00e7\u00f5es (Neel Burton)<\/strong><\/p>\n<p><strong>25 junho: \u201cO que \u00e9 a verdade?\u201d pergunta Pilatos (Novo Testamento, Nietzsche)<\/strong><\/p>\n<p>Somos, \u00e0s vezes, enganados com a mentira e tamb\u00e9m com a verdade. Mas n\u00e3o a propagamos tamb\u00e9m n\u00f3s? E n\u00e3o acontece tamb\u00e9m ser um outro, muitas vezes, a dizer-nos verdades sobre n\u00f3s? A proposta ambiciosa do Ciclo de 10 confer\u00eancias de Ant\u00f3nio de Castro Caeiro, \u00e0s 5\u00aa feiras, 19h00, no Centro de Reuni\u00f5es do CCB at\u00e9 junho.<\/p>\n<p style=\"font-weight: 400;\">As confer\u00eancias s\u00e3o programa\u00e7\u00e3o do CCB e s\u00e3o de entrada paga. O pacote das 10 confer\u00eancias tem o valor de <strong>63,00\u20ac. <\/strong>Cada confer\u00eancia ter\u00e1 o custo de <strong>7\u20ac.<\/strong><\/p>\n","protected":false},"excerpt":{"rendered":"<p>Marta Roque<\/p>\n","protected":false},"author":1,"featured_media":10776,"comment_status":"open","ping_status":"open","sticky":false,"template":"","format":"standard","meta":{"site-sidebar-layout":"default","site-content-layout":"default","ast-global-header-display":"","ast-banner-title-visibility":"","ast-main-header-display":"","ast-hfb-above-header-display":"","ast-hfb-below-header-display":"","ast-hfb-mobile-header-display":"","site-post-title":"","ast-breadcrumbs-content":"","ast-featured-img":"","footer-sml-layout":"","theme-transparent-header-meta":"default","adv-header-id-meta":"","stick-header-meta":"","header-above-stick-meta":"","header-main-stick-meta":"","header-below-stick-meta":"","footnotes":""},"categories":[7],"tags":[1080,1079,1078,1081],"class_list":["post-10775","post","type-post","status-publish","format-standard","has-post-thumbnail","hentry","category-cultura","tag-19h00","tag-as-5a-feiras","tag-de-10-conferencias-de-antonio-de-castro-caeiro","tag-no-centro-de-reunioes-do-ccb"],"yoast_head":"<!-- This site is optimized with the Yoast SEO plugin v25.1 - https:\/\/yoast.com\/wordpress\/plugins\/seo\/ -->\n<title>Ciclo de confer\u00eancias sobre a verdade da mentira no CCB - Estado com Arte<\/title>\n<meta name=\"robots\" content=\"index, follow, max-snippet:-1, max-image-preview:large, max-video-preview:-1\" \/>\n<link rel=\"canonical\" href=\"https:\/\/estadocomarte.pt\/site\/2025\/09\/24\/ciclo-de-conferencias-sobre-a-verdade-da-mentira-no-ccb\/\" \/>\n<meta property=\"og:locale\" content=\"pt_PT\" \/>\n<meta property=\"og:type\" content=\"article\" \/>\n<meta property=\"og:title\" content=\"Ciclo de confer\u00eancias sobre a verdade da mentira no CCB - Estado com Arte\" \/>\n<meta property=\"og:description\" content=\"Marta Roque\" \/>\n<meta property=\"og:url\" content=\"https:\/\/estadocomarte.pt\/site\/2025\/09\/24\/ciclo-de-conferencias-sobre-a-verdade-da-mentira-no-ccb\/\" \/>\n<meta property=\"og:site_name\" content=\"Estado com Arte\" \/>\n<meta property=\"article:published_time\" content=\"2025-09-24T15:12:37+00:00\" \/>\n<meta property=\"article:modified_time\" content=\"2025-09-26T11:12:47+00:00\" \/>\n<meta property=\"og:image\" content=\"https:\/\/estadocomarte.pt\/site\/wp-content\/uploads\/2025\/09\/antonio-castro-caeiro.jpg\" \/>\n\t<meta property=\"og:image:width\" content=\"1760\" \/>\n\t<meta property=\"og:image:height\" content=\"772\" \/>\n\t<meta property=\"og:image:type\" content=\"image\/jpeg\" \/>\n<meta name=\"author\" content=\"admin\" \/>\n<meta name=\"twitter:card\" content=\"summary_large_image\" \/>\n<meta name=\"twitter:label1\" content=\"Escrito por\" \/>\n\t<meta name=\"twitter:data1\" content=\"admin\" \/>\n\t<meta name=\"twitter:label2\" content=\"Tempo estimado de leitura\" \/>\n\t<meta name=\"twitter:data2\" content=\"5 minutos\" \/>\n<script type=\"application\/ld+json\" class=\"yoast-schema-graph\">{\"@context\":\"https:\/\/schema.org\",\"@graph\":[{\"@type\":\"Article\",\"@id\":\"https:\/\/estadocomarte.pt\/site\/2025\/09\/24\/ciclo-de-conferencias-sobre-a-verdade-da-mentira-no-ccb\/#article\",\"isPartOf\":{\"@id\":\"https:\/\/estadocomarte.pt\/site\/2025\/09\/24\/ciclo-de-conferencias-sobre-a-verdade-da-mentira-no-ccb\/\"},\"author\":{\"name\":\"admin\",\"@id\":\"https:\/\/estadocomarte.pt\/site\/#\/schema\/person\/c0943a071216c1e5b21f85304151e4ba\"},\"headline\":\"Ciclo de confer\u00eancias sobre a verdade da mentira no CCB\",\"datePublished\":\"2025-09-24T15:12:37+00:00\",\"dateModified\":\"2025-09-26T11:12:47+00:00\",\"mainEntityOfPage\":{\"@id\":\"https:\/\/estadocomarte.pt\/site\/2025\/09\/24\/ciclo-de-conferencias-sobre-a-verdade-da-mentira-no-ccb\/\"},\"wordCount\":708,\"commentCount\":0,\"publisher\":{\"@id\":\"https:\/\/estadocomarte.pt\/site\/#organization\"},\"image\":{\"@id\":\"https:\/\/estadocomarte.pt\/site\/2025\/09\/24\/ciclo-de-conferencias-sobre-a-verdade-da-mentira-no-ccb\/#primaryimage\"},\"thumbnailUrl\":\"https:\/\/estadocomarte.pt\/site\/wp-content\/uploads\/2025\/09\/antonio-castro-caeiro.jpg\",\"keywords\":[\"19h00\",\"\u00e0s 5\u00aa feiras\",\"de 10 confer\u00eancias de Ant\u00f3nio de Castro Caeiro\",\"no Centro de Reuni\u00f5es do CCB\"],\"articleSection\":[\"Cultura\"],\"inLanguage\":\"pt-PT\",\"potentialAction\":[{\"@type\":\"CommentAction\",\"name\":\"Comment\",\"target\":[\"https:\/\/estadocomarte.pt\/site\/2025\/09\/24\/ciclo-de-conferencias-sobre-a-verdade-da-mentira-no-ccb\/#respond\"]}]},{\"@type\":\"WebPage\",\"@id\":\"https:\/\/estadocomarte.pt\/site\/2025\/09\/24\/ciclo-de-conferencias-sobre-a-verdade-da-mentira-no-ccb\/\",\"url\":\"https:\/\/estadocomarte.pt\/site\/2025\/09\/24\/ciclo-de-conferencias-sobre-a-verdade-da-mentira-no-ccb\/\",\"name\":\"Ciclo de confer\u00eancias sobre a verdade da mentira no CCB - Estado com Arte\",\"isPartOf\":{\"@id\":\"https:\/\/estadocomarte.pt\/site\/#website\"},\"primaryImageOfPage\":{\"@id\":\"https:\/\/estadocomarte.pt\/site\/2025\/09\/24\/ciclo-de-conferencias-sobre-a-verdade-da-mentira-no-ccb\/#primaryimage\"},\"image\":{\"@id\":\"https:\/\/estadocomarte.pt\/site\/2025\/09\/24\/ciclo-de-conferencias-sobre-a-verdade-da-mentira-no-ccb\/#primaryimage\"},\"thumbnailUrl\":\"https:\/\/estadocomarte.pt\/site\/wp-content\/uploads\/2025\/09\/antonio-castro-caeiro.jpg\",\"datePublished\":\"2025-09-24T15:12:37+00:00\",\"dateModified\":\"2025-09-26T11:12:47+00:00\",\"breadcrumb\":{\"@id\":\"https:\/\/estadocomarte.pt\/site\/2025\/09\/24\/ciclo-de-conferencias-sobre-a-verdade-da-mentira-no-ccb\/#breadcrumb\"},\"inLanguage\":\"pt-PT\",\"potentialAction\":[{\"@type\":\"ReadAction\",\"target\":[\"https:\/\/estadocomarte.pt\/site\/2025\/09\/24\/ciclo-de-conferencias-sobre-a-verdade-da-mentira-no-ccb\/\"]}]},{\"@type\":\"ImageObject\",\"inLanguage\":\"pt-PT\",\"@id\":\"https:\/\/estadocomarte.pt\/site\/2025\/09\/24\/ciclo-de-conferencias-sobre-a-verdade-da-mentira-no-ccb\/#primaryimage\",\"url\":\"https:\/\/estadocomarte.pt\/site\/wp-content\/uploads\/2025\/09\/antonio-castro-caeiro.jpg\",\"contentUrl\":\"https:\/\/estadocomarte.pt\/site\/wp-content\/uploads\/2025\/09\/antonio-castro-caeiro.jpg\",\"width\":1760,\"height\":772},{\"@type\":\"BreadcrumbList\",\"@id\":\"https:\/\/estadocomarte.pt\/site\/2025\/09\/24\/ciclo-de-conferencias-sobre-a-verdade-da-mentira-no-ccb\/#breadcrumb\",\"itemListElement\":[{\"@type\":\"ListItem\",\"position\":1,\"name\":\"In\u00edcio\",\"item\":\"https:\/\/estadocomarte.pt\/site\/\"},{\"@type\":\"ListItem\",\"position\":2,\"name\":\"Ciclo de confer\u00eancias sobre a verdade da mentira no CCB\"}]},{\"@type\":\"WebSite\",\"@id\":\"https:\/\/estadocomarte.pt\/site\/#website\",\"url\":\"https:\/\/estadocomarte.pt\/site\/\",\"name\":\"Estado com Arte Magazine\",\"description\":\"Magazine\",\"publisher\":{\"@id\":\"https:\/\/estadocomarte.pt\/site\/#organization\"},\"alternateName\":\"Magazine semanal sobre pol\u00edtica e cultura, com autores, opini\u00e3o e cr\u00edticas.\",\"potentialAction\":[{\"@type\":\"SearchAction\",\"target\":{\"@type\":\"EntryPoint\",\"urlTemplate\":\"https:\/\/estadocomarte.pt\/site\/?s={search_term_string}\"},\"query-input\":{\"@type\":\"PropertyValueSpecification\",\"valueRequired\":true,\"valueName\":\"search_term_string\"}}],\"inLanguage\":\"pt-PT\"},{\"@type\":\"Organization\",\"@id\":\"https:\/\/estadocomarte.pt\/site\/#organization\",\"name\":\"Estado com Arte Magazine\",\"alternateName\":\"Magazine semanal sobre pol\u00edtica e cultura, com autores, opini\u00e3o e cr\u00edticas.\",\"url\":\"https:\/\/estadocomarte.pt\/site\/\",\"logo\":{\"@type\":\"ImageObject\",\"inLanguage\":\"pt-PT\",\"@id\":\"https:\/\/estadocomarte.pt\/site\/#\/schema\/logo\/image\/\",\"url\":\"https:\/\/estadocomarte.pt\/site\/wp-content\/uploads\/2023\/06\/cropped-cropped-Prancheta-2@2x-100.jpg\",\"contentUrl\":\"https:\/\/estadocomarte.pt\/site\/wp-content\/uploads\/2023\/06\/cropped-cropped-Prancheta-2@2x-100.jpg\",\"width\":1777,\"height\":592,\"caption\":\"Estado com Arte Magazine\"},\"image\":{\"@id\":\"https:\/\/estadocomarte.pt\/site\/#\/schema\/logo\/image\/\"},\"sameAs\":[\"https:\/\/www.instagram.com\/estadocomartemagazine\"]},{\"@type\":\"Person\",\"@id\":\"https:\/\/estadocomarte.pt\/site\/#\/schema\/person\/c0943a071216c1e5b21f85304151e4ba\",\"name\":\"admin\",\"image\":{\"@type\":\"ImageObject\",\"inLanguage\":\"pt-PT\",\"@id\":\"https:\/\/estadocomarte.pt\/site\/#\/schema\/person\/image\/\",\"url\":\"https:\/\/secure.gravatar.com\/avatar\/e6f378fd6914c8505d3e1d40f51fa953b21bab0f3a5658a33bc84cb5bda780f9?s=96&d=mm&r=g\",\"contentUrl\":\"https:\/\/secure.gravatar.com\/avatar\/e6f378fd6914c8505d3e1d40f51fa953b21bab0f3a5658a33bc84cb5bda780f9?s=96&d=mm&r=g\",\"caption\":\"admin\"},\"sameAs\":[\"https:\/\/estadocomarte.pt\/site\"],\"url\":\"https:\/\/estadocomarte.pt\/site\/author\/admin\/\"}]}<\/script>\n<!-- \/ Yoast SEO plugin. -->","yoast_head_json":{"title":"Ciclo de confer\u00eancias sobre a verdade da mentira no CCB - Estado com Arte","robots":{"index":"index","follow":"follow","max-snippet":"max-snippet:-1","max-image-preview":"max-image-preview:large","max-video-preview":"max-video-preview:-1"},"canonical":"https:\/\/estadocomarte.pt\/site\/2025\/09\/24\/ciclo-de-conferencias-sobre-a-verdade-da-mentira-no-ccb\/","og_locale":"pt_PT","og_type":"article","og_title":"Ciclo de confer\u00eancias sobre a verdade da mentira no CCB - Estado com Arte","og_description":"Marta Roque","og_url":"https:\/\/estadocomarte.pt\/site\/2025\/09\/24\/ciclo-de-conferencias-sobre-a-verdade-da-mentira-no-ccb\/","og_site_name":"Estado com Arte","article_published_time":"2025-09-24T15:12:37+00:00","article_modified_time":"2025-09-26T11:12:47+00:00","og_image":[{"width":1760,"height":772,"url":"https:\/\/estadocomarte.pt\/site\/wp-content\/uploads\/2025\/09\/antonio-castro-caeiro.jpg","type":"image\/jpeg"}],"author":"admin","twitter_card":"summary_large_image","twitter_misc":{"Escrito por":"admin","Tempo estimado de leitura":"5 minutos"},"schema":{"@context":"https:\/\/schema.org","@graph":[{"@type":"Article","@id":"https:\/\/estadocomarte.pt\/site\/2025\/09\/24\/ciclo-de-conferencias-sobre-a-verdade-da-mentira-no-ccb\/#article","isPartOf":{"@id":"https:\/\/estadocomarte.pt\/site\/2025\/09\/24\/ciclo-de-conferencias-sobre-a-verdade-da-mentira-no-ccb\/"},"author":{"name":"admin","@id":"https:\/\/estadocomarte.pt\/site\/#\/schema\/person\/c0943a071216c1e5b21f85304151e4ba"},"headline":"Ciclo de confer\u00eancias sobre a verdade da mentira no CCB","datePublished":"2025-09-24T15:12:37+00:00","dateModified":"2025-09-26T11:12:47+00:00","mainEntityOfPage":{"@id":"https:\/\/estadocomarte.pt\/site\/2025\/09\/24\/ciclo-de-conferencias-sobre-a-verdade-da-mentira-no-ccb\/"},"wordCount":708,"commentCount":0,"publisher":{"@id":"https:\/\/estadocomarte.pt\/site\/#organization"},"image":{"@id":"https:\/\/estadocomarte.pt\/site\/2025\/09\/24\/ciclo-de-conferencias-sobre-a-verdade-da-mentira-no-ccb\/#primaryimage"},"thumbnailUrl":"https:\/\/estadocomarte.pt\/site\/wp-content\/uploads\/2025\/09\/antonio-castro-caeiro.jpg","keywords":["19h00","\u00e0s 5\u00aa feiras","de 10 confer\u00eancias de Ant\u00f3nio de Castro Caeiro","no Centro de Reuni\u00f5es do CCB"],"articleSection":["Cultura"],"inLanguage":"pt-PT","potentialAction":[{"@type":"CommentAction","name":"Comment","target":["https:\/\/estadocomarte.pt\/site\/2025\/09\/24\/ciclo-de-conferencias-sobre-a-verdade-da-mentira-no-ccb\/#respond"]}]},{"@type":"WebPage","@id":"https:\/\/estadocomarte.pt\/site\/2025\/09\/24\/ciclo-de-conferencias-sobre-a-verdade-da-mentira-no-ccb\/","url":"https:\/\/estadocomarte.pt\/site\/2025\/09\/24\/ciclo-de-conferencias-sobre-a-verdade-da-mentira-no-ccb\/","name":"Ciclo de confer\u00eancias sobre a verdade da mentira no CCB - Estado com Arte","isPartOf":{"@id":"https:\/\/estadocomarte.pt\/site\/#website"},"primaryImageOfPage":{"@id":"https:\/\/estadocomarte.pt\/site\/2025\/09\/24\/ciclo-de-conferencias-sobre-a-verdade-da-mentira-no-ccb\/#primaryimage"},"image":{"@id":"https:\/\/estadocomarte.pt\/site\/2025\/09\/24\/ciclo-de-conferencias-sobre-a-verdade-da-mentira-no-ccb\/#primaryimage"},"thumbnailUrl":"https:\/\/estadocomarte.pt\/site\/wp-content\/uploads\/2025\/09\/antonio-castro-caeiro.jpg","datePublished":"2025-09-24T15:12:37+00:00","dateModified":"2025-09-26T11:12:47+00:00","breadcrumb":{"@id":"https:\/\/estadocomarte.pt\/site\/2025\/09\/24\/ciclo-de-conferencias-sobre-a-verdade-da-mentira-no-ccb\/#breadcrumb"},"inLanguage":"pt-PT","potentialAction":[{"@type":"ReadAction","target":["https:\/\/estadocomarte.pt\/site\/2025\/09\/24\/ciclo-de-conferencias-sobre-a-verdade-da-mentira-no-ccb\/"]}]},{"@type":"ImageObject","inLanguage":"pt-PT","@id":"https:\/\/estadocomarte.pt\/site\/2025\/09\/24\/ciclo-de-conferencias-sobre-a-verdade-da-mentira-no-ccb\/#primaryimage","url":"https:\/\/estadocomarte.pt\/site\/wp-content\/uploads\/2025\/09\/antonio-castro-caeiro.jpg","contentUrl":"https:\/\/estadocomarte.pt\/site\/wp-content\/uploads\/2025\/09\/antonio-castro-caeiro.jpg","width":1760,"height":772},{"@type":"BreadcrumbList","@id":"https:\/\/estadocomarte.pt\/site\/2025\/09\/24\/ciclo-de-conferencias-sobre-a-verdade-da-mentira-no-ccb\/#breadcrumb","itemListElement":[{"@type":"ListItem","position":1,"name":"In\u00edcio","item":"https:\/\/estadocomarte.pt\/site\/"},{"@type":"ListItem","position":2,"name":"Ciclo de confer\u00eancias sobre a verdade da mentira no CCB"}]},{"@type":"WebSite","@id":"https:\/\/estadocomarte.pt\/site\/#website","url":"https:\/\/estadocomarte.pt\/site\/","name":"Estado com Arte Magazine","description":"Magazine","publisher":{"@id":"https:\/\/estadocomarte.pt\/site\/#organization"},"alternateName":"Magazine semanal sobre pol\u00edtica e cultura, com autores, opini\u00e3o e cr\u00edticas.","potentialAction":[{"@type":"SearchAction","target":{"@type":"EntryPoint","urlTemplate":"https:\/\/estadocomarte.pt\/site\/?s={search_term_string}"},"query-input":{"@type":"PropertyValueSpecification","valueRequired":true,"valueName":"search_term_string"}}],"inLanguage":"pt-PT"},{"@type":"Organization","@id":"https:\/\/estadocomarte.pt\/site\/#organization","name":"Estado com Arte Magazine","alternateName":"Magazine semanal sobre pol\u00edtica e cultura, com autores, opini\u00e3o e cr\u00edticas.","url":"https:\/\/estadocomarte.pt\/site\/","logo":{"@type":"ImageObject","inLanguage":"pt-PT","@id":"https:\/\/estadocomarte.pt\/site\/#\/schema\/logo\/image\/","url":"https:\/\/estadocomarte.pt\/site\/wp-content\/uploads\/2023\/06\/cropped-cropped-Prancheta-2@2x-100.jpg","contentUrl":"https:\/\/estadocomarte.pt\/site\/wp-content\/uploads\/2023\/06\/cropped-cropped-Prancheta-2@2x-100.jpg","width":1777,"height":592,"caption":"Estado com Arte Magazine"},"image":{"@id":"https:\/\/estadocomarte.pt\/site\/#\/schema\/logo\/image\/"},"sameAs":["https:\/\/www.instagram.com\/estadocomartemagazine"]},{"@type":"Person","@id":"https:\/\/estadocomarte.pt\/site\/#\/schema\/person\/c0943a071216c1e5b21f85304151e4ba","name":"admin","image":{"@type":"ImageObject","inLanguage":"pt-PT","@id":"https:\/\/estadocomarte.pt\/site\/#\/schema\/person\/image\/","url":"https:\/\/secure.gravatar.com\/avatar\/e6f378fd6914c8505d3e1d40f51fa953b21bab0f3a5658a33bc84cb5bda780f9?s=96&d=mm&r=g","contentUrl":"https:\/\/secure.gravatar.com\/avatar\/e6f378fd6914c8505d3e1d40f51fa953b21bab0f3a5658a33bc84cb5bda780f9?s=96&d=mm&r=g","caption":"admin"},"sameAs":["https:\/\/estadocomarte.pt\/site"],"url":"https:\/\/estadocomarte.pt\/site\/author\/admin\/"}]}},"_links":{"self":[{"href":"https:\/\/estadocomarte.pt\/site\/wp-json\/wp\/v2\/posts\/10775","targetHints":{"allow":["GET"]}}],"collection":[{"href":"https:\/\/estadocomarte.pt\/site\/wp-json\/wp\/v2\/posts"}],"about":[{"href":"https:\/\/estadocomarte.pt\/site\/wp-json\/wp\/v2\/types\/post"}],"author":[{"embeddable":true,"href":"https:\/\/estadocomarte.pt\/site\/wp-json\/wp\/v2\/users\/1"}],"replies":[{"embeddable":true,"href":"https:\/\/estadocomarte.pt\/site\/wp-json\/wp\/v2\/comments?post=10775"}],"version-history":[{"count":5,"href":"https:\/\/estadocomarte.pt\/site\/wp-json\/wp\/v2\/posts\/10775\/revisions"}],"predecessor-version":[{"id":10801,"href":"https:\/\/estadocomarte.pt\/site\/wp-json\/wp\/v2\/posts\/10775\/revisions\/10801"}],"wp:featuredmedia":[{"embeddable":true,"href":"https:\/\/estadocomarte.pt\/site\/wp-json\/wp\/v2\/media\/10776"}],"wp:attachment":[{"href":"https:\/\/estadocomarte.pt\/site\/wp-json\/wp\/v2\/media?parent=10775"}],"wp:term":[{"taxonomy":"category","embeddable":true,"href":"https:\/\/estadocomarte.pt\/site\/wp-json\/wp\/v2\/categories?post=10775"},{"taxonomy":"post_tag","embeddable":true,"href":"https:\/\/estadocomarte.pt\/site\/wp-json\/wp\/v2\/tags?post=10775"}],"curies":[{"name":"wp","href":"https:\/\/api.w.org\/{rel}","templated":true}]}}