{"id":10802,"date":"2025-09-26T12:34:35","date_gmt":"2025-09-26T12:34:35","guid":{"rendered":"https:\/\/estadocomarte.pt\/site\/?p=10802"},"modified":"2025-09-26T12:34:35","modified_gmt":"2025-09-26T12:34:35","slug":"irresponsabilidade","status":"publish","type":"post","link":"https:\/\/estadocomarte.pt\/site\/2025\/09\/26\/irresponsabilidade\/","title":{"rendered":"IRRESPONSABILIDADE"},"content":{"rendered":"<p><strong>Reconhecer um territ\u00f3rio cujo reinado terrorista mant\u00e9m ref\u00e9ns em t\u00faneis \u00e9 o descarrilar da l\u00f3gica, excepto no caso de ser farinha do mesmo saco. Se os ref\u00e9ns continuam ref\u00e9ns \u00e9 consequ\u00eancia da intransig\u00eancia terrorista. De novo, porque, assim, \u00e0 pressa parece uma piada vinda das trevas. <\/strong><\/p>\n<p>Reconheceu a Palestina, Macron, o da Fran\u00e7a, mas para o seu pa\u00eds abrir embaixada na Palestina exige a liberta\u00e7\u00e3o dos ref\u00e9ns em Gaza e um cessar-fogo. Esta \u00e9 a vis\u00e3o estr\u00e1bica do Presidente da Rep\u00fablica francesa. A ordem encontra-se totalmente ao contr\u00e1rio. Primeiro, os ref\u00e9ns, tr\u00e9guas e a seguir que reconhe\u00e7a o que quiser.<\/p>\n<p>Reconhecer um territ\u00f3rio cujo reinado terrorista mant\u00e9m ref\u00e9ns em t\u00faneis \u00e9 o descarrilar da l\u00f3gica, excepto no caso de ser farinha do mesmo saco. Se os ref\u00e9ns continuam ref\u00e9ns \u00e9 consequ\u00eancia da intransig\u00eancia terrorista. De novo, porque, assim, \u00e0 pressa parece uma piada vinda das trevas. Emmanuel Macron foi \u00e0s Na\u00e7\u00f5es Unidas, essa casa cada vez mais mal frequentada, como diria o saudoso jornalista Ant\u00f3nio Ribeiro Ferreira, dizer que amanh\u00e3, o dia seguinte, j\u00e1 seria tarde. Tarde. Tarde demais para o reconhecimento.<\/p>\n<p>Como se o futuro estivesse cronometrado, deu luz verde para um assunto incolor e que tresanda, enquanto o Hamas estiver no comando, ou qualquer outro bando de bandidos que ameace a exist\u00eancia de Israel. Aplaudido por m\u00e3os irrespons\u00e1veis, outras, man\u00e1pulas antissemitas, a quem lhes parece ser a maior oportunidade de esbofetear Israel, l\u00e1 na Am\u00e9rica do Norte, na sala em Nova Iorque, uma <em>passerelle<\/em> de gente que tem o mundo no punho. Mete muito medo.<\/p>\n<p>Veja-se, sem espanto, de bra\u00e7os dados, os dois, depois de Macron elogiar Lula, como se fossem colegas da prim\u00e1ria. At\u00e9 o pr\u00f3prio presidente do Brasil ficou admirado quando o tradutor trouxe-lhe para o portugu\u00eas o adjectivo oferecido por Macron: guerreiro. \u00c9, e dos grandes a contar em direc\u00e7\u00e3o ao subsolo. Ambos, e mais uns quantos, reconheceram a dita Palestina, chefiada por sanguin\u00e1rios, como fez o governo de Montenegro, e esse comportamento pol\u00edtico \u00e9 reconhecer o terrorismo e reconhecer terroristas que n\u00e3o reconhecem o estado de Israel.<\/p>\n<p>N\u00e3o venham com fantasias e impor condi\u00e7\u00f5es ap\u00f3s a decis\u00e3o. As imposi\u00e7\u00f5es, premissas, deveriam estar em cima da mesa, e n\u00e3o em baixo. Tratem-se com rem\u00e9dios pr\u00f3-civiliza\u00e7\u00e3o.<\/p>\n","protected":false},"excerpt":{"rendered":"<p>Miriam Assor,<br \/>\nJornalista<\/p>\n","protected":false},"author":1,"featured_media":10803,"comment_status":"open","ping_status":"open","sticky":false,"template":"","format":"standard","meta":{"site-sidebar-layout":"default","site-content-layout":"default","ast-global-header-display":"","ast-banner-title-visibility":"","ast-main-header-display":"","ast-hfb-above-header-display":"","ast-hfb-below-header-display":"","ast-hfb-mobile-header-display":"","site-post-title":"","ast-breadcrumbs-content":"","ast-featured-img":"","footer-sml-layout":"","theme-transparent-header-meta":"default","adv-header-id-meta":"","stick-header-meta":"","header-above-stick-meta":"","header-main-stick-meta":"","header-below-stick-meta":"","footnotes":""},"categories":[11],"tags":[1085,532,530,1084,95,1086],"class_list":["post-10802","post","type-post","status-publish","format-standard","has-post-thumbnail","hentry","category-opiniao","tag-estado","tag-franca","tag-macron","tag-miriam-assor","tag-palestina","tag-un"],"yoast_head":"<!-- This site is optimized with the Yoast SEO plugin v25.1 - https:\/\/yoast.com\/wordpress\/plugins\/seo\/ -->\n<title>IRRESPONSABILIDADE - Estado com Arte<\/title>\n<meta name=\"robots\" content=\"index, follow, max-snippet:-1, max-image-preview:large, max-video-preview:-1\" \/>\n<link rel=\"canonical\" href=\"https:\/\/estadocomarte.pt\/site\/2025\/09\/26\/irresponsabilidade\/\" \/>\n<meta property=\"og:locale\" content=\"pt_PT\" \/>\n<meta property=\"og:type\" content=\"article\" \/>\n<meta property=\"og:title\" content=\"IRRESPONSABILIDADE - Estado com Arte\" \/>\n<meta property=\"og:description\" content=\"Miriam Assor, Jornalista\" \/>\n<meta property=\"og:url\" content=\"https:\/\/estadocomarte.pt\/site\/2025\/09\/26\/irresponsabilidade\/\" \/>\n<meta property=\"og:site_name\" content=\"Estado com Arte\" \/>\n<meta property=\"article:published_time\" content=\"2025-09-26T12:34:35+00:00\" \/>\n<meta property=\"og:image\" content=\"https:\/\/estadocomarte.pt\/site\/wp-content\/uploads\/2025\/09\/Miriam25.jpg\" \/>\n\t<meta property=\"og:image:width\" content=\"1200\" \/>\n\t<meta property=\"og:image:height\" content=\"1277\" \/>\n\t<meta property=\"og:image:type\" content=\"image\/jpeg\" \/>\n<meta name=\"author\" content=\"admin\" \/>\n<meta name=\"twitter:card\" content=\"summary_large_image\" \/>\n<meta name=\"twitter:label1\" content=\"Escrito por\" \/>\n\t<meta name=\"twitter:data1\" content=\"admin\" \/>\n\t<meta name=\"twitter:label2\" content=\"Tempo estimado de leitura\" \/>\n\t<meta name=\"twitter:data2\" content=\"3 minutos\" \/>\n<script type=\"application\/ld+json\" class=\"yoast-schema-graph\">{\"@context\":\"https:\/\/schema.org\",\"@graph\":[{\"@type\":\"Article\",\"@id\":\"https:\/\/estadocomarte.pt\/site\/2025\/09\/26\/irresponsabilidade\/#article\",\"isPartOf\":{\"@id\":\"https:\/\/estadocomarte.pt\/site\/2025\/09\/26\/irresponsabilidade\/\"},\"author\":{\"name\":\"admin\",\"@id\":\"https:\/\/estadocomarte.pt\/site\/#\/schema\/person\/c0943a071216c1e5b21f85304151e4ba\"},\"headline\":\"IRRESPONSABILIDADE\",\"datePublished\":\"2025-09-26T12:34:35+00:00\",\"mainEntityOfPage\":{\"@id\":\"https:\/\/estadocomarte.pt\/site\/2025\/09\/26\/irresponsabilidade\/\"},\"wordCount\":415,\"commentCount\":0,\"publisher\":{\"@id\":\"https:\/\/estadocomarte.pt\/site\/#organization\"},\"image\":{\"@id\":\"https:\/\/estadocomarte.pt\/site\/2025\/09\/26\/irresponsabilidade\/#primaryimage\"},\"thumbnailUrl\":\"https:\/\/estadocomarte.pt\/site\/wp-content\/uploads\/2025\/09\/Miriam25.jpg\",\"keywords\":[\"Estado\",\"fran\u00e7a\",\"macron\",\"Miriam Assor\",\"palestina\",\"UN\"],\"articleSection\":[\"Opini\u00e3o\"],\"inLanguage\":\"pt-PT\",\"potentialAction\":[{\"@type\":\"CommentAction\",\"name\":\"Comment\",\"target\":[\"https:\/\/estadocomarte.pt\/site\/2025\/09\/26\/irresponsabilidade\/#respond\"]}]},{\"@type\":\"WebPage\",\"@id\":\"https:\/\/estadocomarte.pt\/site\/2025\/09\/26\/irresponsabilidade\/\",\"url\":\"https:\/\/estadocomarte.pt\/site\/2025\/09\/26\/irresponsabilidade\/\",\"name\":\"IRRESPONSABILIDADE - Estado com Arte\",\"isPartOf\":{\"@id\":\"https:\/\/estadocomarte.pt\/site\/#website\"},\"primaryImageOfPage\":{\"@id\":\"https:\/\/estadocomarte.pt\/site\/2025\/09\/26\/irresponsabilidade\/#primaryimage\"},\"image\":{\"@id\":\"https:\/\/estadocomarte.pt\/site\/2025\/09\/26\/irresponsabilidade\/#primaryimage\"},\"thumbnailUrl\":\"https:\/\/estadocomarte.pt\/site\/wp-content\/uploads\/2025\/09\/Miriam25.jpg\",\"datePublished\":\"2025-09-26T12:34:35+00:00\",\"breadcrumb\":{\"@id\":\"https:\/\/estadocomarte.pt\/site\/2025\/09\/26\/irresponsabilidade\/#breadcrumb\"},\"inLanguage\":\"pt-PT\",\"potentialAction\":[{\"@type\":\"ReadAction\",\"target\":[\"https:\/\/estadocomarte.pt\/site\/2025\/09\/26\/irresponsabilidade\/\"]}]},{\"@type\":\"ImageObject\",\"inLanguage\":\"pt-PT\",\"@id\":\"https:\/\/estadocomarte.pt\/site\/2025\/09\/26\/irresponsabilidade\/#primaryimage\",\"url\":\"https:\/\/estadocomarte.pt\/site\/wp-content\/uploads\/2025\/09\/Miriam25.jpg\",\"contentUrl\":\"https:\/\/estadocomarte.pt\/site\/wp-content\/uploads\/2025\/09\/Miriam25.jpg\",\"width\":1200,\"height\":1277},{\"@type\":\"BreadcrumbList\",\"@id\":\"https:\/\/estadocomarte.pt\/site\/2025\/09\/26\/irresponsabilidade\/#breadcrumb\",\"itemListElement\":[{\"@type\":\"ListItem\",\"position\":1,\"name\":\"In\u00edcio\",\"item\":\"https:\/\/estadocomarte.pt\/site\/\"},{\"@type\":\"ListItem\",\"position\":2,\"name\":\"IRRESPONSABILIDADE\"}]},{\"@type\":\"WebSite\",\"@id\":\"https:\/\/estadocomarte.pt\/site\/#website\",\"url\":\"https:\/\/estadocomarte.pt\/site\/\",\"name\":\"Estado com Arte Magazine\",\"description\":\"Magazine\",\"publisher\":{\"@id\":\"https:\/\/estadocomarte.pt\/site\/#organization\"},\"alternateName\":\"Magazine semanal sobre pol\u00edtica e cultura, com autores, opini\u00e3o e cr\u00edticas.\",\"potentialAction\":[{\"@type\":\"SearchAction\",\"target\":{\"@type\":\"EntryPoint\",\"urlTemplate\":\"https:\/\/estadocomarte.pt\/site\/?s={search_term_string}\"},\"query-input\":{\"@type\":\"PropertyValueSpecification\",\"valueRequired\":true,\"valueName\":\"search_term_string\"}}],\"inLanguage\":\"pt-PT\"},{\"@type\":\"Organization\",\"@id\":\"https:\/\/estadocomarte.pt\/site\/#organization\",\"name\":\"Estado com Arte Magazine\",\"alternateName\":\"Magazine semanal sobre pol\u00edtica e cultura, com autores, opini\u00e3o e cr\u00edticas.\",\"url\":\"https:\/\/estadocomarte.pt\/site\/\",\"logo\":{\"@type\":\"ImageObject\",\"inLanguage\":\"pt-PT\",\"@id\":\"https:\/\/estadocomarte.pt\/site\/#\/schema\/logo\/image\/\",\"url\":\"https:\/\/estadocomarte.pt\/site\/wp-content\/uploads\/2023\/06\/cropped-cropped-Prancheta-2@2x-100.jpg\",\"contentUrl\":\"https:\/\/estadocomarte.pt\/site\/wp-content\/uploads\/2023\/06\/cropped-cropped-Prancheta-2@2x-100.jpg\",\"width\":1777,\"height\":592,\"caption\":\"Estado com Arte Magazine\"},\"image\":{\"@id\":\"https:\/\/estadocomarte.pt\/site\/#\/schema\/logo\/image\/\"},\"sameAs\":[\"https:\/\/www.instagram.com\/estadocomartemagazine\"]},{\"@type\":\"Person\",\"@id\":\"https:\/\/estadocomarte.pt\/site\/#\/schema\/person\/c0943a071216c1e5b21f85304151e4ba\",\"name\":\"admin\",\"image\":{\"@type\":\"ImageObject\",\"inLanguage\":\"pt-PT\",\"@id\":\"https:\/\/estadocomarte.pt\/site\/#\/schema\/person\/image\/\",\"url\":\"https:\/\/secure.gravatar.com\/avatar\/e6f378fd6914c8505d3e1d40f51fa953b21bab0f3a5658a33bc84cb5bda780f9?s=96&d=mm&r=g\",\"contentUrl\":\"https:\/\/secure.gravatar.com\/avatar\/e6f378fd6914c8505d3e1d40f51fa953b21bab0f3a5658a33bc84cb5bda780f9?s=96&d=mm&r=g\",\"caption\":\"admin\"},\"sameAs\":[\"https:\/\/estadocomarte.pt\/site\"],\"url\":\"https:\/\/estadocomarte.pt\/site\/author\/admin\/\"}]}<\/script>\n<!-- \/ Yoast SEO plugin. -->","yoast_head_json":{"title":"IRRESPONSABILIDADE - Estado com Arte","robots":{"index":"index","follow":"follow","max-snippet":"max-snippet:-1","max-image-preview":"max-image-preview:large","max-video-preview":"max-video-preview:-1"},"canonical":"https:\/\/estadocomarte.pt\/site\/2025\/09\/26\/irresponsabilidade\/","og_locale":"pt_PT","og_type":"article","og_title":"IRRESPONSABILIDADE - Estado com Arte","og_description":"Miriam Assor, Jornalista","og_url":"https:\/\/estadocomarte.pt\/site\/2025\/09\/26\/irresponsabilidade\/","og_site_name":"Estado com Arte","article_published_time":"2025-09-26T12:34:35+00:00","og_image":[{"width":1200,"height":1277,"url":"https:\/\/estadocomarte.pt\/site\/wp-content\/uploads\/2025\/09\/Miriam25.jpg","type":"image\/jpeg"}],"author":"admin","twitter_card":"summary_large_image","twitter_misc":{"Escrito por":"admin","Tempo estimado de leitura":"3 minutos"},"schema":{"@context":"https:\/\/schema.org","@graph":[{"@type":"Article","@id":"https:\/\/estadocomarte.pt\/site\/2025\/09\/26\/irresponsabilidade\/#article","isPartOf":{"@id":"https:\/\/estadocomarte.pt\/site\/2025\/09\/26\/irresponsabilidade\/"},"author":{"name":"admin","@id":"https:\/\/estadocomarte.pt\/site\/#\/schema\/person\/c0943a071216c1e5b21f85304151e4ba"},"headline":"IRRESPONSABILIDADE","datePublished":"2025-09-26T12:34:35+00:00","mainEntityOfPage":{"@id":"https:\/\/estadocomarte.pt\/site\/2025\/09\/26\/irresponsabilidade\/"},"wordCount":415,"commentCount":0,"publisher":{"@id":"https:\/\/estadocomarte.pt\/site\/#organization"},"image":{"@id":"https:\/\/estadocomarte.pt\/site\/2025\/09\/26\/irresponsabilidade\/#primaryimage"},"thumbnailUrl":"https:\/\/estadocomarte.pt\/site\/wp-content\/uploads\/2025\/09\/Miriam25.jpg","keywords":["Estado","fran\u00e7a","macron","Miriam Assor","palestina","UN"],"articleSection":["Opini\u00e3o"],"inLanguage":"pt-PT","potentialAction":[{"@type":"CommentAction","name":"Comment","target":["https:\/\/estadocomarte.pt\/site\/2025\/09\/26\/irresponsabilidade\/#respond"]}]},{"@type":"WebPage","@id":"https:\/\/estadocomarte.pt\/site\/2025\/09\/26\/irresponsabilidade\/","url":"https:\/\/estadocomarte.pt\/site\/2025\/09\/26\/irresponsabilidade\/","name":"IRRESPONSABILIDADE - Estado com Arte","isPartOf":{"@id":"https:\/\/estadocomarte.pt\/site\/#website"},"primaryImageOfPage":{"@id":"https:\/\/estadocomarte.pt\/site\/2025\/09\/26\/irresponsabilidade\/#primaryimage"},"image":{"@id":"https:\/\/estadocomarte.pt\/site\/2025\/09\/26\/irresponsabilidade\/#primaryimage"},"thumbnailUrl":"https:\/\/estadocomarte.pt\/site\/wp-content\/uploads\/2025\/09\/Miriam25.jpg","datePublished":"2025-09-26T12:34:35+00:00","breadcrumb":{"@id":"https:\/\/estadocomarte.pt\/site\/2025\/09\/26\/irresponsabilidade\/#breadcrumb"},"inLanguage":"pt-PT","potentialAction":[{"@type":"ReadAction","target":["https:\/\/estadocomarte.pt\/site\/2025\/09\/26\/irresponsabilidade\/"]}]},{"@type":"ImageObject","inLanguage":"pt-PT","@id":"https:\/\/estadocomarte.pt\/site\/2025\/09\/26\/irresponsabilidade\/#primaryimage","url":"https:\/\/estadocomarte.pt\/site\/wp-content\/uploads\/2025\/09\/Miriam25.jpg","contentUrl":"https:\/\/estadocomarte.pt\/site\/wp-content\/uploads\/2025\/09\/Miriam25.jpg","width":1200,"height":1277},{"@type":"BreadcrumbList","@id":"https:\/\/estadocomarte.pt\/site\/2025\/09\/26\/irresponsabilidade\/#breadcrumb","itemListElement":[{"@type":"ListItem","position":1,"name":"In\u00edcio","item":"https:\/\/estadocomarte.pt\/site\/"},{"@type":"ListItem","position":2,"name":"IRRESPONSABILIDADE"}]},{"@type":"WebSite","@id":"https:\/\/estadocomarte.pt\/site\/#website","url":"https:\/\/estadocomarte.pt\/site\/","name":"Estado com Arte Magazine","description":"Magazine","publisher":{"@id":"https:\/\/estadocomarte.pt\/site\/#organization"},"alternateName":"Magazine semanal sobre pol\u00edtica e cultura, com autores, opini\u00e3o e cr\u00edticas.","potentialAction":[{"@type":"SearchAction","target":{"@type":"EntryPoint","urlTemplate":"https:\/\/estadocomarte.pt\/site\/?s={search_term_string}"},"query-input":{"@type":"PropertyValueSpecification","valueRequired":true,"valueName":"search_term_string"}}],"inLanguage":"pt-PT"},{"@type":"Organization","@id":"https:\/\/estadocomarte.pt\/site\/#organization","name":"Estado com Arte Magazine","alternateName":"Magazine semanal sobre pol\u00edtica e cultura, com autores, opini\u00e3o e cr\u00edticas.","url":"https:\/\/estadocomarte.pt\/site\/","logo":{"@type":"ImageObject","inLanguage":"pt-PT","@id":"https:\/\/estadocomarte.pt\/site\/#\/schema\/logo\/image\/","url":"https:\/\/estadocomarte.pt\/site\/wp-content\/uploads\/2023\/06\/cropped-cropped-Prancheta-2@2x-100.jpg","contentUrl":"https:\/\/estadocomarte.pt\/site\/wp-content\/uploads\/2023\/06\/cropped-cropped-Prancheta-2@2x-100.jpg","width":1777,"height":592,"caption":"Estado com Arte Magazine"},"image":{"@id":"https:\/\/estadocomarte.pt\/site\/#\/schema\/logo\/image\/"},"sameAs":["https:\/\/www.instagram.com\/estadocomartemagazine"]},{"@type":"Person","@id":"https:\/\/estadocomarte.pt\/site\/#\/schema\/person\/c0943a071216c1e5b21f85304151e4ba","name":"admin","image":{"@type":"ImageObject","inLanguage":"pt-PT","@id":"https:\/\/estadocomarte.pt\/site\/#\/schema\/person\/image\/","url":"https:\/\/secure.gravatar.com\/avatar\/e6f378fd6914c8505d3e1d40f51fa953b21bab0f3a5658a33bc84cb5bda780f9?s=96&d=mm&r=g","contentUrl":"https:\/\/secure.gravatar.com\/avatar\/e6f378fd6914c8505d3e1d40f51fa953b21bab0f3a5658a33bc84cb5bda780f9?s=96&d=mm&r=g","caption":"admin"},"sameAs":["https:\/\/estadocomarte.pt\/site"],"url":"https:\/\/estadocomarte.pt\/site\/author\/admin\/"}]}},"_links":{"self":[{"href":"https:\/\/estadocomarte.pt\/site\/wp-json\/wp\/v2\/posts\/10802","targetHints":{"allow":["GET"]}}],"collection":[{"href":"https:\/\/estadocomarte.pt\/site\/wp-json\/wp\/v2\/posts"}],"about":[{"href":"https:\/\/estadocomarte.pt\/site\/wp-json\/wp\/v2\/types\/post"}],"author":[{"embeddable":true,"href":"https:\/\/estadocomarte.pt\/site\/wp-json\/wp\/v2\/users\/1"}],"replies":[{"embeddable":true,"href":"https:\/\/estadocomarte.pt\/site\/wp-json\/wp\/v2\/comments?post=10802"}],"version-history":[{"count":1,"href":"https:\/\/estadocomarte.pt\/site\/wp-json\/wp\/v2\/posts\/10802\/revisions"}],"predecessor-version":[{"id":10804,"href":"https:\/\/estadocomarte.pt\/site\/wp-json\/wp\/v2\/posts\/10802\/revisions\/10804"}],"wp:featuredmedia":[{"embeddable":true,"href":"https:\/\/estadocomarte.pt\/site\/wp-json\/wp\/v2\/media\/10803"}],"wp:attachment":[{"href":"https:\/\/estadocomarte.pt\/site\/wp-json\/wp\/v2\/media?parent=10802"}],"wp:term":[{"taxonomy":"category","embeddable":true,"href":"https:\/\/estadocomarte.pt\/site\/wp-json\/wp\/v2\/categories?post=10802"},{"taxonomy":"post_tag","embeddable":true,"href":"https:\/\/estadocomarte.pt\/site\/wp-json\/wp\/v2\/tags?post=10802"}],"curies":[{"name":"wp","href":"https:\/\/api.w.org\/{rel}","templated":true}]}}