{"id":10812,"date":"2025-09-28T12:02:23","date_gmt":"2025-09-28T12:02:23","guid":{"rendered":"https:\/\/estadocomarte.pt\/site\/?p=10812"},"modified":"2025-10-04T18:57:52","modified_gmt":"2025-10-04T18:57:52","slug":"a-igualdade-decide-se-tambem-nas-autarquias","status":"publish","type":"post","link":"https:\/\/estadocomarte.pt\/site\/2025\/09\/28\/a-igualdade-decide-se-tambem-nas-autarquias\/","title":{"rendered":"A Igualdade Decide-se Tamb\u00e9m nas Autarquias"},"content":{"rendered":"<p><strong>Em tempo de elei\u00e7\u00f5es aut\u00e1rquicas, Alexandra Tavares de Moura olha para a Igualdade e lan\u00e7a a pergunta: at\u00e9 que ponto os programas eleitorais d\u00e3o resposta a esta preocupa\u00e7\u00e3o que os partidos levam a votos?<\/strong><\/p>\n<p><span style=\"font-size: medium;\">Os programas eleitorais s\u00e3o o espelho das preocupa\u00e7\u00f5es que os partidos pol\u00edticos levam a votos. <\/span><span style=\"font-size: medium;\">S\u00e3o habitualmente corol\u00e1rios das apostas que se pretendem fazer em todas as \u00e1reas de governa\u00e7\u00e3o: do urbanismo \u00e0 mobilidade, da educa\u00e7\u00e3o \u00e0 cultura, da higiene urbana \u00e0 recolha seletiva. Os programas eleitorais demonstram a maior ou menor capacidade de garantir os direitos de todos nas propostas apresentadas.<\/span><\/p>\n<p><span style=\"font-size: medium;\">\u00c9 por isso que \u00e9 t\u00e3o importante trazer os valores da nossa Constitui\u00e7\u00e3o da Rep\u00fablica para os programas eleitorais. \u00c9 isso que se pretende quando falamos de integrar a Igualdade (de forma intersectorial) nas medidas que se desenham para construir um territ\u00f3rio mais saud\u00e1vel, mais justo, mais equitativo.<\/span><\/p>\n<p><span style=\"font-size: medium;\">Vejamos de forma r\u00e1pida.<\/span><\/p>\n<p><span style=\"font-size: medium;\">O desenho do <\/span><span style=\"font-size: medium;\"><b>territ\u00f3rio<\/b><\/span><span style=\"font-size: medium;\">, ou o seu redesenho, pode garantir mais seguran\u00e7a, mais prote\u00e7\u00e3o a quem se desloca. E essa prote\u00e7\u00e3o deve ser assegurada aos mais novos, aos mais velhos, \u00e0s mulheres. Redesenhar o territ\u00f3rio e, neste, garantir espa\u00e7os amplos e iluminados \u00e9 garantir a seguran\u00e7a de quem por l\u00e1 passa.<\/span><\/p>\n<p><span style=\"font-size: medium;\">Na <\/span><span style=\"font-size: medium;\"><b>mobilidade<\/b><\/span><span style=\"font-size: medium;\">, e porque os hor\u00e1rios de trabalho n\u00e3o s\u00e3o todos iguais, nem os percursos que cada um faz o s\u00e3o \u2014 pois est\u00e3o intimamente ligados \u00e0s fun\u00e7\u00f5es sociais de cada pessoa \u2014, \u00e9 obriga\u00e7\u00e3o dos autarcas garantir que as carreiras de transporte p\u00fablico respondem a essa necessidade. Na vossa terra, respondem?<\/span><\/p>\n<p><span style=\"font-size: medium;\">Nos subs\u00eddios dados \u00e0s <\/span><span style=\"font-size: medium;\"><b>coletividades desportivas, culturais e sociais<\/b><\/span><span style=\"font-size: medium;\">, compete aos autarcas garantir que a representa\u00e7\u00e3o nas pr\u00e1ticas \u00e9 igual \u00e0 constitui\u00e7\u00e3o da sociedade, e que as mulheres e raparigas t\u00eam lugar. E, se n\u00e3o o t\u00eam, que sejam constru\u00eddas solu\u00e7\u00f5es que equilibrem a participa\u00e7\u00e3o e at\u00e9 a lideran\u00e7a nas diferentes associa\u00e7\u00f5es e coletividades. Na vossa terra, a participa\u00e7\u00e3o nas associa\u00e7\u00f5es e coletividades \u00e9 assegurada e promovida para garantir igual participa\u00e7\u00e3o?<\/span><\/p>\n<p><span style=\"font-size: medium;\">Na <\/span><span style=\"font-size: medium;\"><b>sa\u00fade<\/b><\/span><span style=\"font-size: medium;\">, a decis\u00e3o pol\u00edtica tem de garantir que, por exemplo, as mulheres sem-abrigo tenham acesso a bens de higiene pessoal, pois, como se leu recentemente em reportagens, estas mulheres n\u00e3o s\u00e3o tratadas com a dignidade que os direitos humanos definem. Na vossa terra, os produtos de higiene pessoal s\u00e3o dados a quem n\u00e3o tem dinheiro para os comprar?<\/span><\/p>\n<p><span style=\"font-size: medium;\">Na <\/span><span style=\"font-size: medium;\"><b>educa\u00e7\u00e3o e na ci\u00eancia<\/b><\/span><span style=\"font-size: medium;\">, e porque a evolu\u00e7\u00e3o tecnol\u00f3gica \u00e9 imbat\u00edvel, h\u00e1 que apostar na capacita\u00e7\u00e3o em \u00e1reas da ci\u00eancia, tecnologia, matem\u00e1tica e engenharia. Trazer mais raparigas para esta \u00e1rea \u00e9, n\u00e3o s\u00f3, garantir emprego, como tamb\u00e9m garantir emprego com melhor sal\u00e1rio, logo com melhor reforma. Na vossa terra, h\u00e1 programas espec\u00edficos para esta quest\u00e3o?<\/span><\/p>\n<p><span style=\"font-size: medium;\">E na \u00e1rea pura e dura da <\/span><span style=\"font-size: medium;\"><b>Igualdade<\/b><\/span><span style=\"font-size: medium;\">? Existem programas para a Igualdade e N\u00e3o Discrimina\u00e7\u00e3o? Existem Conselheiros\/as para a Igualdade que tenham um papel ativo, por exemplo, nas reuni\u00f5es de planeamento urbano?<\/span><\/p>\n<p><span style=\"font-size: medium;\">Todas estas quest\u00f5es levaram-me a produzir o &#8220;Manifesto para a Igualdade no Poder Local&#8221;, como Secret\u00e1ria Nacional para a Igualdade e Direitos. Porque acredito que a Igualdade \u00e9 uma forma de estar com tradu\u00e7\u00e3o imediata nas a\u00e7\u00f5es das autarquias!<\/span><\/p>\n<p><span style=\"font-size: medium;\">E porque acredito que s\u00f3 com a partilha podemos encontrar solu\u00e7\u00f5es comuns, disponibilizei alguns exemplos nas minhas redes para apoiar quem queira pensar e fazer diferente: porque \u00e9 no coletivo que est\u00e1 a verdadeira mudan\u00e7a.<\/span><\/p>\n","protected":false},"excerpt":{"rendered":"<p>Alexandra Tavares de Moura,<br \/>\nCandidata a Presidente da Assembleia Municipal de Oeiras<br \/>\nEx-deputada e secret\u00e1ria nacional das MS-ID (mulheres socialistas \u2013 igualdade e<br \/>\ndireitos)<\/p>\n","protected":false},"author":1,"featured_media":10896,"comment_status":"open","ping_status":"open","sticky":false,"template":"","format":"standard","meta":{"site-sidebar-layout":"default","site-content-layout":"default","ast-global-header-display":"","ast-banner-title-visibility":"","ast-main-header-display":"","ast-hfb-above-header-display":"","ast-hfb-below-header-display":"","ast-hfb-mobile-header-display":"","site-post-title":"","ast-breadcrumbs-content":"","ast-featured-img":"","footer-sml-layout":"","theme-transparent-header-meta":"default","adv-header-id-meta":"","stick-header-meta":"","header-above-stick-meta":"","header-main-stick-meta":"","header-below-stick-meta":"","footnotes":""},"categories":[11],"tags":[227,608],"class_list":["post-10812","post","type-post","status-publish","format-standard","has-post-thumbnail","hentry","category-opiniao","tag-alexandra-tavares-de-moura","tag-eleicoes-autarquicas-2025"],"yoast_head":"<!-- This site is optimized with the Yoast SEO plugin v25.1 - https:\/\/yoast.com\/wordpress\/plugins\/seo\/ -->\n<title>A Igualdade Decide-se Tamb\u00e9m nas Autarquias - Estado com Arte<\/title>\n<meta name=\"robots\" content=\"index, follow, max-snippet:-1, max-image-preview:large, max-video-preview:-1\" \/>\n<link rel=\"canonical\" href=\"https:\/\/estadocomarte.pt\/site\/2025\/09\/28\/a-igualdade-decide-se-tambem-nas-autarquias\/\" \/>\n<meta property=\"og:locale\" content=\"pt_PT\" \/>\n<meta property=\"og:type\" content=\"article\" \/>\n<meta property=\"og:title\" content=\"A Igualdade Decide-se Tamb\u00e9m nas Autarquias - Estado com Arte\" \/>\n<meta property=\"og:description\" content=\"Alexandra Tavares de Moura, Candidata a Presidente da Assembleia Municipal de Oeiras Ex-deputada e secret\u00e1ria nacional das MS-ID (mulheres socialistas \u2013 igualdade e direitos)\" \/>\n<meta property=\"og:url\" content=\"https:\/\/estadocomarte.pt\/site\/2025\/09\/28\/a-igualdade-decide-se-tambem-nas-autarquias\/\" \/>\n<meta property=\"og:site_name\" content=\"Estado com Arte\" \/>\n<meta property=\"article:published_time\" content=\"2025-09-28T12:02:23+00:00\" \/>\n<meta property=\"article:modified_time\" content=\"2025-10-04T18:57:52+00:00\" \/>\n<meta property=\"og:image\" content=\"https:\/\/estadocomarte.pt\/site\/wp-content\/uploads\/2025\/09\/ATMoura2-3.jpg\" \/>\n\t<meta property=\"og:image:width\" content=\"1482\" \/>\n\t<meta property=\"og:image:height\" content=\"1612\" \/>\n\t<meta property=\"og:image:type\" content=\"image\/jpeg\" \/>\n<meta name=\"author\" content=\"admin\" \/>\n<meta name=\"twitter:card\" content=\"summary_large_image\" \/>\n<meta name=\"twitter:label1\" content=\"Escrito por\" \/>\n\t<meta name=\"twitter:data1\" content=\"admin\" \/>\n\t<meta name=\"twitter:label2\" content=\"Tempo estimado de leitura\" \/>\n\t<meta name=\"twitter:data2\" content=\"4 minutos\" \/>\n<script type=\"application\/ld+json\" class=\"yoast-schema-graph\">{\"@context\":\"https:\/\/schema.org\",\"@graph\":[{\"@type\":\"Article\",\"@id\":\"https:\/\/estadocomarte.pt\/site\/2025\/09\/28\/a-igualdade-decide-se-tambem-nas-autarquias\/#article\",\"isPartOf\":{\"@id\":\"https:\/\/estadocomarte.pt\/site\/2025\/09\/28\/a-igualdade-decide-se-tambem-nas-autarquias\/\"},\"author\":{\"name\":\"admin\",\"@id\":\"https:\/\/estadocomarte.pt\/site\/#\/schema\/person\/c0943a071216c1e5b21f85304151e4ba\"},\"headline\":\"A Igualdade Decide-se Tamb\u00e9m nas Autarquias\",\"datePublished\":\"2025-09-28T12:02:23+00:00\",\"dateModified\":\"2025-10-04T18:57:52+00:00\",\"mainEntityOfPage\":{\"@id\":\"https:\/\/estadocomarte.pt\/site\/2025\/09\/28\/a-igualdade-decide-se-tambem-nas-autarquias\/\"},\"wordCount\":612,\"commentCount\":0,\"publisher\":{\"@id\":\"https:\/\/estadocomarte.pt\/site\/#organization\"},\"image\":{\"@id\":\"https:\/\/estadocomarte.pt\/site\/2025\/09\/28\/a-igualdade-decide-se-tambem-nas-autarquias\/#primaryimage\"},\"thumbnailUrl\":\"https:\/\/estadocomarte.pt\/site\/wp-content\/uploads\/2025\/09\/ATMoura2-3.jpg\",\"keywords\":[\"Alexandra Tavares de Moura\",\"elei\u00e7\u00f5es autarquicas 2025\"],\"articleSection\":[\"Opini\u00e3o\"],\"inLanguage\":\"pt-PT\",\"potentialAction\":[{\"@type\":\"CommentAction\",\"name\":\"Comment\",\"target\":[\"https:\/\/estadocomarte.pt\/site\/2025\/09\/28\/a-igualdade-decide-se-tambem-nas-autarquias\/#respond\"]}]},{\"@type\":\"WebPage\",\"@id\":\"https:\/\/estadocomarte.pt\/site\/2025\/09\/28\/a-igualdade-decide-se-tambem-nas-autarquias\/\",\"url\":\"https:\/\/estadocomarte.pt\/site\/2025\/09\/28\/a-igualdade-decide-se-tambem-nas-autarquias\/\",\"name\":\"A Igualdade Decide-se Tamb\u00e9m nas Autarquias - Estado com Arte\",\"isPartOf\":{\"@id\":\"https:\/\/estadocomarte.pt\/site\/#website\"},\"primaryImageOfPage\":{\"@id\":\"https:\/\/estadocomarte.pt\/site\/2025\/09\/28\/a-igualdade-decide-se-tambem-nas-autarquias\/#primaryimage\"},\"image\":{\"@id\":\"https:\/\/estadocomarte.pt\/site\/2025\/09\/28\/a-igualdade-decide-se-tambem-nas-autarquias\/#primaryimage\"},\"thumbnailUrl\":\"https:\/\/estadocomarte.pt\/site\/wp-content\/uploads\/2025\/09\/ATMoura2-3.jpg\",\"datePublished\":\"2025-09-28T12:02:23+00:00\",\"dateModified\":\"2025-10-04T18:57:52+00:00\",\"breadcrumb\":{\"@id\":\"https:\/\/estadocomarte.pt\/site\/2025\/09\/28\/a-igualdade-decide-se-tambem-nas-autarquias\/#breadcrumb\"},\"inLanguage\":\"pt-PT\",\"potentialAction\":[{\"@type\":\"ReadAction\",\"target\":[\"https:\/\/estadocomarte.pt\/site\/2025\/09\/28\/a-igualdade-decide-se-tambem-nas-autarquias\/\"]}]},{\"@type\":\"ImageObject\",\"inLanguage\":\"pt-PT\",\"@id\":\"https:\/\/estadocomarte.pt\/site\/2025\/09\/28\/a-igualdade-decide-se-tambem-nas-autarquias\/#primaryimage\",\"url\":\"https:\/\/estadocomarte.pt\/site\/wp-content\/uploads\/2025\/09\/ATMoura2-3.jpg\",\"contentUrl\":\"https:\/\/estadocomarte.pt\/site\/wp-content\/uploads\/2025\/09\/ATMoura2-3.jpg\",\"width\":1482,\"height\":1612},{\"@type\":\"BreadcrumbList\",\"@id\":\"https:\/\/estadocomarte.pt\/site\/2025\/09\/28\/a-igualdade-decide-se-tambem-nas-autarquias\/#breadcrumb\",\"itemListElement\":[{\"@type\":\"ListItem\",\"position\":1,\"name\":\"In\u00edcio\",\"item\":\"https:\/\/estadocomarte.pt\/site\/\"},{\"@type\":\"ListItem\",\"position\":2,\"name\":\"A Igualdade Decide-se Tamb\u00e9m nas Autarquias\"}]},{\"@type\":\"WebSite\",\"@id\":\"https:\/\/estadocomarte.pt\/site\/#website\",\"url\":\"https:\/\/estadocomarte.pt\/site\/\",\"name\":\"Estado com Arte Magazine\",\"description\":\"Magazine\",\"publisher\":{\"@id\":\"https:\/\/estadocomarte.pt\/site\/#organization\"},\"alternateName\":\"Magazine semanal sobre pol\u00edtica e cultura, com autores, opini\u00e3o e cr\u00edticas.\",\"potentialAction\":[{\"@type\":\"SearchAction\",\"target\":{\"@type\":\"EntryPoint\",\"urlTemplate\":\"https:\/\/estadocomarte.pt\/site\/?s={search_term_string}\"},\"query-input\":{\"@type\":\"PropertyValueSpecification\",\"valueRequired\":true,\"valueName\":\"search_term_string\"}}],\"inLanguage\":\"pt-PT\"},{\"@type\":\"Organization\",\"@id\":\"https:\/\/estadocomarte.pt\/site\/#organization\",\"name\":\"Estado com Arte Magazine\",\"alternateName\":\"Magazine semanal sobre pol\u00edtica e cultura, com autores, opini\u00e3o e cr\u00edticas.\",\"url\":\"https:\/\/estadocomarte.pt\/site\/\",\"logo\":{\"@type\":\"ImageObject\",\"inLanguage\":\"pt-PT\",\"@id\":\"https:\/\/estadocomarte.pt\/site\/#\/schema\/logo\/image\/\",\"url\":\"https:\/\/estadocomarte.pt\/site\/wp-content\/uploads\/2023\/06\/cropped-cropped-Prancheta-2@2x-100.jpg\",\"contentUrl\":\"https:\/\/estadocomarte.pt\/site\/wp-content\/uploads\/2023\/06\/cropped-cropped-Prancheta-2@2x-100.jpg\",\"width\":1777,\"height\":592,\"caption\":\"Estado com Arte Magazine\"},\"image\":{\"@id\":\"https:\/\/estadocomarte.pt\/site\/#\/schema\/logo\/image\/\"},\"sameAs\":[\"https:\/\/www.instagram.com\/estadocomartemagazine\"]},{\"@type\":\"Person\",\"@id\":\"https:\/\/estadocomarte.pt\/site\/#\/schema\/person\/c0943a071216c1e5b21f85304151e4ba\",\"name\":\"admin\",\"image\":{\"@type\":\"ImageObject\",\"inLanguage\":\"pt-PT\",\"@id\":\"https:\/\/estadocomarte.pt\/site\/#\/schema\/person\/image\/\",\"url\":\"https:\/\/secure.gravatar.com\/avatar\/e6f378fd6914c8505d3e1d40f51fa953b21bab0f3a5658a33bc84cb5bda780f9?s=96&d=mm&r=g\",\"contentUrl\":\"https:\/\/secure.gravatar.com\/avatar\/e6f378fd6914c8505d3e1d40f51fa953b21bab0f3a5658a33bc84cb5bda780f9?s=96&d=mm&r=g\",\"caption\":\"admin\"},\"sameAs\":[\"https:\/\/estadocomarte.pt\/site\"],\"url\":\"https:\/\/estadocomarte.pt\/site\/author\/admin\/\"}]}<\/script>\n<!-- \/ Yoast SEO plugin. -->","yoast_head_json":{"title":"A Igualdade Decide-se Tamb\u00e9m nas Autarquias - Estado com Arte","robots":{"index":"index","follow":"follow","max-snippet":"max-snippet:-1","max-image-preview":"max-image-preview:large","max-video-preview":"max-video-preview:-1"},"canonical":"https:\/\/estadocomarte.pt\/site\/2025\/09\/28\/a-igualdade-decide-se-tambem-nas-autarquias\/","og_locale":"pt_PT","og_type":"article","og_title":"A Igualdade Decide-se Tamb\u00e9m nas Autarquias - Estado com Arte","og_description":"Alexandra Tavares de Moura, Candidata a Presidente da Assembleia Municipal de Oeiras Ex-deputada e secret\u00e1ria nacional das MS-ID (mulheres socialistas \u2013 igualdade e direitos)","og_url":"https:\/\/estadocomarte.pt\/site\/2025\/09\/28\/a-igualdade-decide-se-tambem-nas-autarquias\/","og_site_name":"Estado com Arte","article_published_time":"2025-09-28T12:02:23+00:00","article_modified_time":"2025-10-04T18:57:52+00:00","og_image":[{"width":1482,"height":1612,"url":"https:\/\/estadocomarte.pt\/site\/wp-content\/uploads\/2025\/09\/ATMoura2-3.jpg","type":"image\/jpeg"}],"author":"admin","twitter_card":"summary_large_image","twitter_misc":{"Escrito por":"admin","Tempo estimado de leitura":"4 minutos"},"schema":{"@context":"https:\/\/schema.org","@graph":[{"@type":"Article","@id":"https:\/\/estadocomarte.pt\/site\/2025\/09\/28\/a-igualdade-decide-se-tambem-nas-autarquias\/#article","isPartOf":{"@id":"https:\/\/estadocomarte.pt\/site\/2025\/09\/28\/a-igualdade-decide-se-tambem-nas-autarquias\/"},"author":{"name":"admin","@id":"https:\/\/estadocomarte.pt\/site\/#\/schema\/person\/c0943a071216c1e5b21f85304151e4ba"},"headline":"A Igualdade Decide-se Tamb\u00e9m nas Autarquias","datePublished":"2025-09-28T12:02:23+00:00","dateModified":"2025-10-04T18:57:52+00:00","mainEntityOfPage":{"@id":"https:\/\/estadocomarte.pt\/site\/2025\/09\/28\/a-igualdade-decide-se-tambem-nas-autarquias\/"},"wordCount":612,"commentCount":0,"publisher":{"@id":"https:\/\/estadocomarte.pt\/site\/#organization"},"image":{"@id":"https:\/\/estadocomarte.pt\/site\/2025\/09\/28\/a-igualdade-decide-se-tambem-nas-autarquias\/#primaryimage"},"thumbnailUrl":"https:\/\/estadocomarte.pt\/site\/wp-content\/uploads\/2025\/09\/ATMoura2-3.jpg","keywords":["Alexandra Tavares de Moura","elei\u00e7\u00f5es autarquicas 2025"],"articleSection":["Opini\u00e3o"],"inLanguage":"pt-PT","potentialAction":[{"@type":"CommentAction","name":"Comment","target":["https:\/\/estadocomarte.pt\/site\/2025\/09\/28\/a-igualdade-decide-se-tambem-nas-autarquias\/#respond"]}]},{"@type":"WebPage","@id":"https:\/\/estadocomarte.pt\/site\/2025\/09\/28\/a-igualdade-decide-se-tambem-nas-autarquias\/","url":"https:\/\/estadocomarte.pt\/site\/2025\/09\/28\/a-igualdade-decide-se-tambem-nas-autarquias\/","name":"A Igualdade Decide-se Tamb\u00e9m nas Autarquias - Estado com Arte","isPartOf":{"@id":"https:\/\/estadocomarte.pt\/site\/#website"},"primaryImageOfPage":{"@id":"https:\/\/estadocomarte.pt\/site\/2025\/09\/28\/a-igualdade-decide-se-tambem-nas-autarquias\/#primaryimage"},"image":{"@id":"https:\/\/estadocomarte.pt\/site\/2025\/09\/28\/a-igualdade-decide-se-tambem-nas-autarquias\/#primaryimage"},"thumbnailUrl":"https:\/\/estadocomarte.pt\/site\/wp-content\/uploads\/2025\/09\/ATMoura2-3.jpg","datePublished":"2025-09-28T12:02:23+00:00","dateModified":"2025-10-04T18:57:52+00:00","breadcrumb":{"@id":"https:\/\/estadocomarte.pt\/site\/2025\/09\/28\/a-igualdade-decide-se-tambem-nas-autarquias\/#breadcrumb"},"inLanguage":"pt-PT","potentialAction":[{"@type":"ReadAction","target":["https:\/\/estadocomarte.pt\/site\/2025\/09\/28\/a-igualdade-decide-se-tambem-nas-autarquias\/"]}]},{"@type":"ImageObject","inLanguage":"pt-PT","@id":"https:\/\/estadocomarte.pt\/site\/2025\/09\/28\/a-igualdade-decide-se-tambem-nas-autarquias\/#primaryimage","url":"https:\/\/estadocomarte.pt\/site\/wp-content\/uploads\/2025\/09\/ATMoura2-3.jpg","contentUrl":"https:\/\/estadocomarte.pt\/site\/wp-content\/uploads\/2025\/09\/ATMoura2-3.jpg","width":1482,"height":1612},{"@type":"BreadcrumbList","@id":"https:\/\/estadocomarte.pt\/site\/2025\/09\/28\/a-igualdade-decide-se-tambem-nas-autarquias\/#breadcrumb","itemListElement":[{"@type":"ListItem","position":1,"name":"In\u00edcio","item":"https:\/\/estadocomarte.pt\/site\/"},{"@type":"ListItem","position":2,"name":"A Igualdade Decide-se Tamb\u00e9m nas Autarquias"}]},{"@type":"WebSite","@id":"https:\/\/estadocomarte.pt\/site\/#website","url":"https:\/\/estadocomarte.pt\/site\/","name":"Estado com Arte Magazine","description":"Magazine","publisher":{"@id":"https:\/\/estadocomarte.pt\/site\/#organization"},"alternateName":"Magazine semanal sobre pol\u00edtica e cultura, com autores, opini\u00e3o e cr\u00edticas.","potentialAction":[{"@type":"SearchAction","target":{"@type":"EntryPoint","urlTemplate":"https:\/\/estadocomarte.pt\/site\/?s={search_term_string}"},"query-input":{"@type":"PropertyValueSpecification","valueRequired":true,"valueName":"search_term_string"}}],"inLanguage":"pt-PT"},{"@type":"Organization","@id":"https:\/\/estadocomarte.pt\/site\/#organization","name":"Estado com Arte Magazine","alternateName":"Magazine semanal sobre pol\u00edtica e cultura, com autores, opini\u00e3o e cr\u00edticas.","url":"https:\/\/estadocomarte.pt\/site\/","logo":{"@type":"ImageObject","inLanguage":"pt-PT","@id":"https:\/\/estadocomarte.pt\/site\/#\/schema\/logo\/image\/","url":"https:\/\/estadocomarte.pt\/site\/wp-content\/uploads\/2023\/06\/cropped-cropped-Prancheta-2@2x-100.jpg","contentUrl":"https:\/\/estadocomarte.pt\/site\/wp-content\/uploads\/2023\/06\/cropped-cropped-Prancheta-2@2x-100.jpg","width":1777,"height":592,"caption":"Estado com Arte Magazine"},"image":{"@id":"https:\/\/estadocomarte.pt\/site\/#\/schema\/logo\/image\/"},"sameAs":["https:\/\/www.instagram.com\/estadocomartemagazine"]},{"@type":"Person","@id":"https:\/\/estadocomarte.pt\/site\/#\/schema\/person\/c0943a071216c1e5b21f85304151e4ba","name":"admin","image":{"@type":"ImageObject","inLanguage":"pt-PT","@id":"https:\/\/estadocomarte.pt\/site\/#\/schema\/person\/image\/","url":"https:\/\/secure.gravatar.com\/avatar\/e6f378fd6914c8505d3e1d40f51fa953b21bab0f3a5658a33bc84cb5bda780f9?s=96&d=mm&r=g","contentUrl":"https:\/\/secure.gravatar.com\/avatar\/e6f378fd6914c8505d3e1d40f51fa953b21bab0f3a5658a33bc84cb5bda780f9?s=96&d=mm&r=g","caption":"admin"},"sameAs":["https:\/\/estadocomarte.pt\/site"],"url":"https:\/\/estadocomarte.pt\/site\/author\/admin\/"}]}},"_links":{"self":[{"href":"https:\/\/estadocomarte.pt\/site\/wp-json\/wp\/v2\/posts\/10812","targetHints":{"allow":["GET"]}}],"collection":[{"href":"https:\/\/estadocomarte.pt\/site\/wp-json\/wp\/v2\/posts"}],"about":[{"href":"https:\/\/estadocomarte.pt\/site\/wp-json\/wp\/v2\/types\/post"}],"author":[{"embeddable":true,"href":"https:\/\/estadocomarte.pt\/site\/wp-json\/wp\/v2\/users\/1"}],"replies":[{"embeddable":true,"href":"https:\/\/estadocomarte.pt\/site\/wp-json\/wp\/v2\/comments?post=10812"}],"version-history":[{"count":3,"href":"https:\/\/estadocomarte.pt\/site\/wp-json\/wp\/v2\/posts\/10812\/revisions"}],"predecessor-version":[{"id":10817,"href":"https:\/\/estadocomarte.pt\/site\/wp-json\/wp\/v2\/posts\/10812\/revisions\/10817"}],"wp:featuredmedia":[{"embeddable":true,"href":"https:\/\/estadocomarte.pt\/site\/wp-json\/wp\/v2\/media\/10896"}],"wp:attachment":[{"href":"https:\/\/estadocomarte.pt\/site\/wp-json\/wp\/v2\/media?parent=10812"}],"wp:term":[{"taxonomy":"category","embeddable":true,"href":"https:\/\/estadocomarte.pt\/site\/wp-json\/wp\/v2\/categories?post=10812"},{"taxonomy":"post_tag","embeddable":true,"href":"https:\/\/estadocomarte.pt\/site\/wp-json\/wp\/v2\/tags?post=10812"}],"curies":[{"name":"wp","href":"https:\/\/api.w.org\/{rel}","templated":true}]}}