{"id":11057,"date":"2025-10-15T11:33:14","date_gmt":"2025-10-15T11:33:14","guid":{"rendered":"https:\/\/estadocomarte.pt\/site\/?p=11057"},"modified":"2025-10-15T16:47:24","modified_gmt":"2025-10-15T16:47:24","slug":"autarquicas-2025-um-presidente-feliz-mas-preocupado-com-os-dinheiros-de-bruxelas","status":"publish","type":"post","link":"https:\/\/estadocomarte.pt\/site\/2025\/10\/15\/autarquicas-2025-um-presidente-feliz-mas-preocupado-com-os-dinheiros-de-bruxelas\/","title":{"rendered":"Aut\u00e1rquicas 2025. Um Presidente \u201cfeliz\u201d, mas preocupado com os \u201cdinheiros de Bruxelas&#8221;"},"content":{"rendered":"<p align=\"justify\"><b>O Presidente da Rep\u00fablica analisou o resultado das elei\u00e7\u00f5es aut\u00e1rquicas e afirmou estar \u201cmuito feliz\u201d com a descida da absten\u00e7\u00e3o e com a maior participa\u00e7\u00e3o dos eleitores mais jovens. No entanto, na v\u00e9spera das elei\u00e7\u00f5es apelou ao voto lembrando os \u201cdinheiros de Bruxelas\u201d \u2013 uma inquieta\u00e7\u00e3o leg\u00edtima com a aplica\u00e7\u00e3o do PRR, mas apresentada de forma muito question\u00e1vel. <\/b><\/p>\n<p align=\"justify\">As elei\u00e7\u00f5es aut\u00e1rquicas s\u00e3o o basti\u00e3o do poder local e da proximidade com os cidad\u00e3os e, tamb\u00e9m, as que mais mobilizam os eleitores. Nestas \u00faltimas elei\u00e7\u00f5es a taxa de absten\u00e7\u00e3o ficou nos 40,74% contrastando de forma positiva com o resultado das aut\u00e1rquicas de 2021 que assinalou um valor de 46,35%.<\/p>\n<p align=\"justify\">Desta vez o PSD ganhou 136 c\u00e2maras o que representou um aumento de 22 face \u00e0s conquistadas nas elei\u00e7\u00f5es de 2021. Com este resultado o PSD ganha a Presid\u00eancia da Associa\u00e7\u00e3o Nacional de Munic\u00edpios ao PS que venceu apenas 128 C\u00e2maras, menos 20 que em 2021.<\/p>\n<p align=\"justify\">No mapa aut\u00e1rquico passa a dominar a cor laranja do PSD com o seu l\u00edder e atual primeiro-ministro, Lu\u00eds Montenegro, a chamar para si os cr\u00e9ditos da vit\u00f3ria. A par da assinal\u00e1vel descida da absten\u00e7\u00e3o em cerca de 6 pontos percentuais, as candidaturas independentes tamb\u00e9m sa\u00edram refor\u00e7adas e lideram 20 c\u00e2maras.<\/p>\n<p align=\"justify\">Perante este cen\u00e1rio p\u00f3s-eleitoral, o Presidente da Rep\u00fablica afirmou estar tranquilo com as altera\u00e7\u00f5es no mapa aut\u00e1rquico e que o facto de se ter verificado uma maior participa\u00e7\u00e3o eleitoral pode ser lido como \u201c<i>um sinal de estabiliza\u00e7\u00e3o da democracia<\/i>\u201d.<\/p>\n<p align=\"justify\">O que parece ter passado despercebido e que pode ter leituras curiosas neste final de mandato foi o facto de o Presidente da Rep\u00fablica ter manifestado grande preocupa\u00e7\u00e3o com os \u201c<i>dinheiros de Bruxelas<\/i>\u201d. Na mensagem de apelo ao voto emitida na v\u00e9spera das elei\u00e7\u00f5es, Marcelo Rebelo de Sousa decide galvanizar a participa\u00e7\u00e3o dos eleitores para que n\u00e3o se percam os \u201cmilh\u00f5es\u201d do PRR. E afirma: \u201c&#8230;<i>esta \u00e9 uma raz\u00e3o adicional para o voto de amanh\u00e3,\u00a0que os pr\u00f3ximos quatro anos ser\u00e3o decisivos para o uso dos dinheiros de Bruxelas.\u00a0Desde logo,\u00a0do PRR \u2013 Plano de Recupera\u00e7\u00e3o e Resili\u00eancia.\u00a0J\u00e1 est\u00e3o aplicados pouco mais de nove mil milh\u00f5es,\u00a0mas no todo s\u00e3o vinte e tr\u00eas mil milh\u00f5es<\/i>.\u201d No mesmo comunicado, o Presidente da Rep\u00fablica lembrou ainda os \u201c<i>outros <\/i><span style=\"color: #212529;\"><i>fundos europeus dispon\u00edveis at\u00e9 2029.\u00a0Os do Portugal-2030.\u00a0Mais vinte e tr\u00eas mil milh\u00f5es<\/i><\/span><span style=\"color: #212529;\"><span style=\"font-family: merriweather, serif;\">\u201d. <\/span><\/span><\/p>\n<p align=\"justify\"><a name=\"_GoBack\"><\/a><span style=\"color: #212529;\">Estes argumentos financeiros e or\u00e7amentais dos fundos europeus para mobilizar o voto constituem uma curiosa forma de entender a magistratura de influ\u00eancia j\u00e1 que os recursos dispon\u00edveis para aplica\u00e7\u00e3o no poder local n\u00e3o s\u00e3o apenas da responsabilidade dos Presidentes de C\u00e2mara, dos Vereadores, dos Deputados Municipais, dos Presidentes de Juntas de Freguesia, dos Vogais das Juntas de Freguesia e\/ou dos Membros das Assembleias de Freguesia, dependem tamb\u00e9m da aprova\u00e7\u00e3o final do Governo central atrav\u00e9s da Comiss\u00e3o interministerial e do parecer da Comiss\u00e3o Nacional de Acompanhamento do PRR. <\/span><\/p>\n<p align=\"justify\"><span style=\"color: #212529;\">Assim, foi com alguma perplexidade que li esta simplifica\u00e7\u00e3o: <\/span><span style=\"color: #212529;\"><i>\u201cNuma palavra<\/i><\/span><span style=\"color: #212529;\">\u201d, escreveu o Presidente, \u201c<\/span><span style=\"color: #212529;\"><i>votar amanh\u00e3 n\u00e3o \u00e9 s\u00f3 votar naquelas e naqueles que, de facto, melhor conhecemos \u00e9, ao mesmo tempo votar para que se apliquem milh\u00f5es, que n\u00e3o voltam mais, dando mais desenvolvimento aos nossos munic\u00edpios e freguesias<\/i><\/span><span style=\"color: #212529;\">.\u201d <\/span><\/p>\n<p align=\"justify\"><span style=\"color: #212529;\">A aplica\u00e7\u00e3o dos fundos europeus \u00e9 complexa e n\u00e3o ser\u00e1 justo atribuir as responsabilidades pela sua boa execu\u00e7\u00e3o apenas aos protagonistas do poder local que, como se tem verificado, s\u00e3o muitas vezes castrados dos meios, procedimentos e capacidade decis\u00f3ria para levar a bom porto a aplica\u00e7\u00e3o desses fundos.<\/span><\/p>\n","protected":false},"excerpt":{"rendered":"<p>S\u00edlvia Mangerona,<br \/>\nPolit\u00f3loga,<br \/>\nProfessora Universit\u00e1ria de Ci\u00eancia Pol\u00edtica<\/p>\n","protected":false},"author":1,"featured_media":10576,"comment_status":"open","ping_status":"open","sticky":false,"template":"","format":"standard","meta":{"site-sidebar-layout":"default","site-content-layout":"default","ast-global-header-display":"","ast-banner-title-visibility":"","ast-main-header-display":"","ast-hfb-above-header-display":"","ast-hfb-below-header-display":"","ast-hfb-mobile-header-display":"","site-post-title":"","ast-breadcrumbs-content":"","ast-featured-img":"","footer-sml-layout":"","theme-transparent-header-meta":"default","adv-header-id-meta":"","stick-header-meta":"","header-above-stick-meta":"","header-main-stick-meta":"","header-below-stick-meta":"","footnotes":""},"categories":[64,11],"tags":[1047,481],"class_list":["post-11057","post","type-post","status-publish","format-standard","has-post-thumbnail","hentry","category-isto-para-nos","category-opiniao","tag-autarquicas25","tag-silvia-mangerona"],"yoast_head":"<!-- This site is optimized with the Yoast SEO plugin v25.1 - https:\/\/yoast.com\/wordpress\/plugins\/seo\/ -->\n<title>Aut\u00e1rquicas 2025. Um Presidente \u201cfeliz\u201d, mas preocupado com os \u201cdinheiros de Bruxelas&quot; - Estado com Arte<\/title>\n<meta name=\"robots\" content=\"index, follow, max-snippet:-1, max-image-preview:large, max-video-preview:-1\" \/>\n<link rel=\"canonical\" href=\"https:\/\/estadocomarte.pt\/site\/2025\/10\/15\/autarquicas-2025-um-presidente-feliz-mas-preocupado-com-os-dinheiros-de-bruxelas\/\" \/>\n<meta property=\"og:locale\" content=\"pt_PT\" \/>\n<meta property=\"og:type\" content=\"article\" \/>\n<meta property=\"og:title\" content=\"Aut\u00e1rquicas 2025. Um Presidente \u201cfeliz\u201d, mas preocupado com os \u201cdinheiros de Bruxelas&quot; - Estado com Arte\" \/>\n<meta property=\"og:description\" content=\"S\u00edlvia Mangerona, Polit\u00f3loga,  Professora Universit\u00e1ria de Ci\u00eancia Pol\u00edtica\" \/>\n<meta property=\"og:url\" content=\"https:\/\/estadocomarte.pt\/site\/2025\/10\/15\/autarquicas-2025-um-presidente-feliz-mas-preocupado-com-os-dinheiros-de-bruxelas\/\" \/>\n<meta property=\"og:site_name\" content=\"Estado com Arte\" \/>\n<meta property=\"article:published_time\" content=\"2025-10-15T11:33:14+00:00\" \/>\n<meta property=\"article:modified_time\" content=\"2025-10-15T16:47:24+00:00\" \/>\n<meta property=\"og:image\" content=\"https:\/\/estadocomarte.pt\/site\/wp-content\/uploads\/2025\/09\/silvia-mangerona.jpg\" \/>\n\t<meta property=\"og:image:width\" content=\"688\" \/>\n\t<meta property=\"og:image:height\" content=\"688\" \/>\n\t<meta property=\"og:image:type\" content=\"image\/jpeg\" \/>\n<meta name=\"author\" content=\"admin\" \/>\n<meta name=\"twitter:card\" content=\"summary_large_image\" \/>\n<meta name=\"twitter:label1\" content=\"Escrito por\" \/>\n\t<meta name=\"twitter:data1\" content=\"admin\" \/>\n\t<meta name=\"twitter:label2\" content=\"Tempo estimado de leitura\" \/>\n\t<meta name=\"twitter:data2\" content=\"4 minutos\" \/>\n<script type=\"application\/ld+json\" class=\"yoast-schema-graph\">{\"@context\":\"https:\/\/schema.org\",\"@graph\":[{\"@type\":\"Article\",\"@id\":\"https:\/\/estadocomarte.pt\/site\/2025\/10\/15\/autarquicas-2025-um-presidente-feliz-mas-preocupado-com-os-dinheiros-de-bruxelas\/#article\",\"isPartOf\":{\"@id\":\"https:\/\/estadocomarte.pt\/site\/2025\/10\/15\/autarquicas-2025-um-presidente-feliz-mas-preocupado-com-os-dinheiros-de-bruxelas\/\"},\"author\":{\"name\":\"admin\",\"@id\":\"https:\/\/estadocomarte.pt\/site\/#\/schema\/person\/c0943a071216c1e5b21f85304151e4ba\"},\"headline\":\"Aut\u00e1rquicas 2025. Um Presidente \u201cfeliz\u201d, mas preocupado com os \u201cdinheiros de Bruxelas&#8221;\",\"datePublished\":\"2025-10-15T11:33:14+00:00\",\"dateModified\":\"2025-10-15T16:47:24+00:00\",\"mainEntityOfPage\":{\"@id\":\"https:\/\/estadocomarte.pt\/site\/2025\/10\/15\/autarquicas-2025-um-presidente-feliz-mas-preocupado-com-os-dinheiros-de-bruxelas\/\"},\"wordCount\":654,\"commentCount\":0,\"publisher\":{\"@id\":\"https:\/\/estadocomarte.pt\/site\/#organization\"},\"image\":{\"@id\":\"https:\/\/estadocomarte.pt\/site\/2025\/10\/15\/autarquicas-2025-um-presidente-feliz-mas-preocupado-com-os-dinheiros-de-bruxelas\/#primaryimage\"},\"thumbnailUrl\":\"https:\/\/estadocomarte.pt\/site\/wp-content\/uploads\/2025\/09\/silvia-mangerona.jpg\",\"keywords\":[\"aut\u00e1rquicas25\",\"S\u00edlvia Mangerona\"],\"articleSection\":[\"Isto Para N\u00f3s\",\"Opini\u00e3o\"],\"inLanguage\":\"pt-PT\",\"potentialAction\":[{\"@type\":\"CommentAction\",\"name\":\"Comment\",\"target\":[\"https:\/\/estadocomarte.pt\/site\/2025\/10\/15\/autarquicas-2025-um-presidente-feliz-mas-preocupado-com-os-dinheiros-de-bruxelas\/#respond\"]}]},{\"@type\":\"WebPage\",\"@id\":\"https:\/\/estadocomarte.pt\/site\/2025\/10\/15\/autarquicas-2025-um-presidente-feliz-mas-preocupado-com-os-dinheiros-de-bruxelas\/\",\"url\":\"https:\/\/estadocomarte.pt\/site\/2025\/10\/15\/autarquicas-2025-um-presidente-feliz-mas-preocupado-com-os-dinheiros-de-bruxelas\/\",\"name\":\"Aut\u00e1rquicas 2025. Um Presidente \u201cfeliz\u201d, mas preocupado com os \u201cdinheiros de Bruxelas\\\" - Estado com Arte\",\"isPartOf\":{\"@id\":\"https:\/\/estadocomarte.pt\/site\/#website\"},\"primaryImageOfPage\":{\"@id\":\"https:\/\/estadocomarte.pt\/site\/2025\/10\/15\/autarquicas-2025-um-presidente-feliz-mas-preocupado-com-os-dinheiros-de-bruxelas\/#primaryimage\"},\"image\":{\"@id\":\"https:\/\/estadocomarte.pt\/site\/2025\/10\/15\/autarquicas-2025-um-presidente-feliz-mas-preocupado-com-os-dinheiros-de-bruxelas\/#primaryimage\"},\"thumbnailUrl\":\"https:\/\/estadocomarte.pt\/site\/wp-content\/uploads\/2025\/09\/silvia-mangerona.jpg\",\"datePublished\":\"2025-10-15T11:33:14+00:00\",\"dateModified\":\"2025-10-15T16:47:24+00:00\",\"breadcrumb\":{\"@id\":\"https:\/\/estadocomarte.pt\/site\/2025\/10\/15\/autarquicas-2025-um-presidente-feliz-mas-preocupado-com-os-dinheiros-de-bruxelas\/#breadcrumb\"},\"inLanguage\":\"pt-PT\",\"potentialAction\":[{\"@type\":\"ReadAction\",\"target\":[\"https:\/\/estadocomarte.pt\/site\/2025\/10\/15\/autarquicas-2025-um-presidente-feliz-mas-preocupado-com-os-dinheiros-de-bruxelas\/\"]}]},{\"@type\":\"ImageObject\",\"inLanguage\":\"pt-PT\",\"@id\":\"https:\/\/estadocomarte.pt\/site\/2025\/10\/15\/autarquicas-2025-um-presidente-feliz-mas-preocupado-com-os-dinheiros-de-bruxelas\/#primaryimage\",\"url\":\"https:\/\/estadocomarte.pt\/site\/wp-content\/uploads\/2025\/09\/silvia-mangerona.jpg\",\"contentUrl\":\"https:\/\/estadocomarte.pt\/site\/wp-content\/uploads\/2025\/09\/silvia-mangerona.jpg\",\"width\":688,\"height\":688},{\"@type\":\"BreadcrumbList\",\"@id\":\"https:\/\/estadocomarte.pt\/site\/2025\/10\/15\/autarquicas-2025-um-presidente-feliz-mas-preocupado-com-os-dinheiros-de-bruxelas\/#breadcrumb\",\"itemListElement\":[{\"@type\":\"ListItem\",\"position\":1,\"name\":\"In\u00edcio\",\"item\":\"https:\/\/estadocomarte.pt\/site\/\"},{\"@type\":\"ListItem\",\"position\":2,\"name\":\"Aut\u00e1rquicas 2025. Um Presidente \u201cfeliz\u201d, mas preocupado com os \u201cdinheiros de Bruxelas&#8221;\"}]},{\"@type\":\"WebSite\",\"@id\":\"https:\/\/estadocomarte.pt\/site\/#website\",\"url\":\"https:\/\/estadocomarte.pt\/site\/\",\"name\":\"Estado com Arte Magazine\",\"description\":\"Magazine\",\"publisher\":{\"@id\":\"https:\/\/estadocomarte.pt\/site\/#organization\"},\"alternateName\":\"Magazine semanal sobre pol\u00edtica e cultura, com autores, opini\u00e3o e cr\u00edticas.\",\"potentialAction\":[{\"@type\":\"SearchAction\",\"target\":{\"@type\":\"EntryPoint\",\"urlTemplate\":\"https:\/\/estadocomarte.pt\/site\/?s={search_term_string}\"},\"query-input\":{\"@type\":\"PropertyValueSpecification\",\"valueRequired\":true,\"valueName\":\"search_term_string\"}}],\"inLanguage\":\"pt-PT\"},{\"@type\":\"Organization\",\"@id\":\"https:\/\/estadocomarte.pt\/site\/#organization\",\"name\":\"Estado com Arte Magazine\",\"alternateName\":\"Magazine semanal sobre pol\u00edtica e cultura, com autores, opini\u00e3o e cr\u00edticas.\",\"url\":\"https:\/\/estadocomarte.pt\/site\/\",\"logo\":{\"@type\":\"ImageObject\",\"inLanguage\":\"pt-PT\",\"@id\":\"https:\/\/estadocomarte.pt\/site\/#\/schema\/logo\/image\/\",\"url\":\"https:\/\/estadocomarte.pt\/site\/wp-content\/uploads\/2023\/06\/cropped-cropped-Prancheta-2@2x-100.jpg\",\"contentUrl\":\"https:\/\/estadocomarte.pt\/site\/wp-content\/uploads\/2023\/06\/cropped-cropped-Prancheta-2@2x-100.jpg\",\"width\":1777,\"height\":592,\"caption\":\"Estado com Arte Magazine\"},\"image\":{\"@id\":\"https:\/\/estadocomarte.pt\/site\/#\/schema\/logo\/image\/\"},\"sameAs\":[\"https:\/\/www.instagram.com\/estadocomartemagazine\"]},{\"@type\":\"Person\",\"@id\":\"https:\/\/estadocomarte.pt\/site\/#\/schema\/person\/c0943a071216c1e5b21f85304151e4ba\",\"name\":\"admin\",\"image\":{\"@type\":\"ImageObject\",\"inLanguage\":\"pt-PT\",\"@id\":\"https:\/\/estadocomarte.pt\/site\/#\/schema\/person\/image\/\",\"url\":\"https:\/\/secure.gravatar.com\/avatar\/e6f378fd6914c8505d3e1d40f51fa953b21bab0f3a5658a33bc84cb5bda780f9?s=96&d=mm&r=g\",\"contentUrl\":\"https:\/\/secure.gravatar.com\/avatar\/e6f378fd6914c8505d3e1d40f51fa953b21bab0f3a5658a33bc84cb5bda780f9?s=96&d=mm&r=g\",\"caption\":\"admin\"},\"sameAs\":[\"https:\/\/estadocomarte.pt\/site\"],\"url\":\"https:\/\/estadocomarte.pt\/site\/author\/admin\/\"}]}<\/script>\n<!-- \/ Yoast SEO plugin. -->","yoast_head_json":{"title":"Aut\u00e1rquicas 2025. Um Presidente \u201cfeliz\u201d, mas preocupado com os \u201cdinheiros de Bruxelas\" - Estado com Arte","robots":{"index":"index","follow":"follow","max-snippet":"max-snippet:-1","max-image-preview":"max-image-preview:large","max-video-preview":"max-video-preview:-1"},"canonical":"https:\/\/estadocomarte.pt\/site\/2025\/10\/15\/autarquicas-2025-um-presidente-feliz-mas-preocupado-com-os-dinheiros-de-bruxelas\/","og_locale":"pt_PT","og_type":"article","og_title":"Aut\u00e1rquicas 2025. Um Presidente \u201cfeliz\u201d, mas preocupado com os \u201cdinheiros de Bruxelas\" - Estado com Arte","og_description":"S\u00edlvia Mangerona, Polit\u00f3loga,  Professora Universit\u00e1ria de Ci\u00eancia Pol\u00edtica","og_url":"https:\/\/estadocomarte.pt\/site\/2025\/10\/15\/autarquicas-2025-um-presidente-feliz-mas-preocupado-com-os-dinheiros-de-bruxelas\/","og_site_name":"Estado com Arte","article_published_time":"2025-10-15T11:33:14+00:00","article_modified_time":"2025-10-15T16:47:24+00:00","og_image":[{"width":688,"height":688,"url":"https:\/\/estadocomarte.pt\/site\/wp-content\/uploads\/2025\/09\/silvia-mangerona.jpg","type":"image\/jpeg"}],"author":"admin","twitter_card":"summary_large_image","twitter_misc":{"Escrito por":"admin","Tempo estimado de leitura":"4 minutos"},"schema":{"@context":"https:\/\/schema.org","@graph":[{"@type":"Article","@id":"https:\/\/estadocomarte.pt\/site\/2025\/10\/15\/autarquicas-2025-um-presidente-feliz-mas-preocupado-com-os-dinheiros-de-bruxelas\/#article","isPartOf":{"@id":"https:\/\/estadocomarte.pt\/site\/2025\/10\/15\/autarquicas-2025-um-presidente-feliz-mas-preocupado-com-os-dinheiros-de-bruxelas\/"},"author":{"name":"admin","@id":"https:\/\/estadocomarte.pt\/site\/#\/schema\/person\/c0943a071216c1e5b21f85304151e4ba"},"headline":"Aut\u00e1rquicas 2025. Um Presidente \u201cfeliz\u201d, mas preocupado com os \u201cdinheiros de Bruxelas&#8221;","datePublished":"2025-10-15T11:33:14+00:00","dateModified":"2025-10-15T16:47:24+00:00","mainEntityOfPage":{"@id":"https:\/\/estadocomarte.pt\/site\/2025\/10\/15\/autarquicas-2025-um-presidente-feliz-mas-preocupado-com-os-dinheiros-de-bruxelas\/"},"wordCount":654,"commentCount":0,"publisher":{"@id":"https:\/\/estadocomarte.pt\/site\/#organization"},"image":{"@id":"https:\/\/estadocomarte.pt\/site\/2025\/10\/15\/autarquicas-2025-um-presidente-feliz-mas-preocupado-com-os-dinheiros-de-bruxelas\/#primaryimage"},"thumbnailUrl":"https:\/\/estadocomarte.pt\/site\/wp-content\/uploads\/2025\/09\/silvia-mangerona.jpg","keywords":["aut\u00e1rquicas25","S\u00edlvia Mangerona"],"articleSection":["Isto Para N\u00f3s","Opini\u00e3o"],"inLanguage":"pt-PT","potentialAction":[{"@type":"CommentAction","name":"Comment","target":["https:\/\/estadocomarte.pt\/site\/2025\/10\/15\/autarquicas-2025-um-presidente-feliz-mas-preocupado-com-os-dinheiros-de-bruxelas\/#respond"]}]},{"@type":"WebPage","@id":"https:\/\/estadocomarte.pt\/site\/2025\/10\/15\/autarquicas-2025-um-presidente-feliz-mas-preocupado-com-os-dinheiros-de-bruxelas\/","url":"https:\/\/estadocomarte.pt\/site\/2025\/10\/15\/autarquicas-2025-um-presidente-feliz-mas-preocupado-com-os-dinheiros-de-bruxelas\/","name":"Aut\u00e1rquicas 2025. Um Presidente \u201cfeliz\u201d, mas preocupado com os \u201cdinheiros de Bruxelas\" - Estado com Arte","isPartOf":{"@id":"https:\/\/estadocomarte.pt\/site\/#website"},"primaryImageOfPage":{"@id":"https:\/\/estadocomarte.pt\/site\/2025\/10\/15\/autarquicas-2025-um-presidente-feliz-mas-preocupado-com-os-dinheiros-de-bruxelas\/#primaryimage"},"image":{"@id":"https:\/\/estadocomarte.pt\/site\/2025\/10\/15\/autarquicas-2025-um-presidente-feliz-mas-preocupado-com-os-dinheiros-de-bruxelas\/#primaryimage"},"thumbnailUrl":"https:\/\/estadocomarte.pt\/site\/wp-content\/uploads\/2025\/09\/silvia-mangerona.jpg","datePublished":"2025-10-15T11:33:14+00:00","dateModified":"2025-10-15T16:47:24+00:00","breadcrumb":{"@id":"https:\/\/estadocomarte.pt\/site\/2025\/10\/15\/autarquicas-2025-um-presidente-feliz-mas-preocupado-com-os-dinheiros-de-bruxelas\/#breadcrumb"},"inLanguage":"pt-PT","potentialAction":[{"@type":"ReadAction","target":["https:\/\/estadocomarte.pt\/site\/2025\/10\/15\/autarquicas-2025-um-presidente-feliz-mas-preocupado-com-os-dinheiros-de-bruxelas\/"]}]},{"@type":"ImageObject","inLanguage":"pt-PT","@id":"https:\/\/estadocomarte.pt\/site\/2025\/10\/15\/autarquicas-2025-um-presidente-feliz-mas-preocupado-com-os-dinheiros-de-bruxelas\/#primaryimage","url":"https:\/\/estadocomarte.pt\/site\/wp-content\/uploads\/2025\/09\/silvia-mangerona.jpg","contentUrl":"https:\/\/estadocomarte.pt\/site\/wp-content\/uploads\/2025\/09\/silvia-mangerona.jpg","width":688,"height":688},{"@type":"BreadcrumbList","@id":"https:\/\/estadocomarte.pt\/site\/2025\/10\/15\/autarquicas-2025-um-presidente-feliz-mas-preocupado-com-os-dinheiros-de-bruxelas\/#breadcrumb","itemListElement":[{"@type":"ListItem","position":1,"name":"In\u00edcio","item":"https:\/\/estadocomarte.pt\/site\/"},{"@type":"ListItem","position":2,"name":"Aut\u00e1rquicas 2025. Um Presidente \u201cfeliz\u201d, mas preocupado com os \u201cdinheiros de Bruxelas&#8221;"}]},{"@type":"WebSite","@id":"https:\/\/estadocomarte.pt\/site\/#website","url":"https:\/\/estadocomarte.pt\/site\/","name":"Estado com Arte Magazine","description":"Magazine","publisher":{"@id":"https:\/\/estadocomarte.pt\/site\/#organization"},"alternateName":"Magazine semanal sobre pol\u00edtica e cultura, com autores, opini\u00e3o e cr\u00edticas.","potentialAction":[{"@type":"SearchAction","target":{"@type":"EntryPoint","urlTemplate":"https:\/\/estadocomarte.pt\/site\/?s={search_term_string}"},"query-input":{"@type":"PropertyValueSpecification","valueRequired":true,"valueName":"search_term_string"}}],"inLanguage":"pt-PT"},{"@type":"Organization","@id":"https:\/\/estadocomarte.pt\/site\/#organization","name":"Estado com Arte Magazine","alternateName":"Magazine semanal sobre pol\u00edtica e cultura, com autores, opini\u00e3o e cr\u00edticas.","url":"https:\/\/estadocomarte.pt\/site\/","logo":{"@type":"ImageObject","inLanguage":"pt-PT","@id":"https:\/\/estadocomarte.pt\/site\/#\/schema\/logo\/image\/","url":"https:\/\/estadocomarte.pt\/site\/wp-content\/uploads\/2023\/06\/cropped-cropped-Prancheta-2@2x-100.jpg","contentUrl":"https:\/\/estadocomarte.pt\/site\/wp-content\/uploads\/2023\/06\/cropped-cropped-Prancheta-2@2x-100.jpg","width":1777,"height":592,"caption":"Estado com Arte Magazine"},"image":{"@id":"https:\/\/estadocomarte.pt\/site\/#\/schema\/logo\/image\/"},"sameAs":["https:\/\/www.instagram.com\/estadocomartemagazine"]},{"@type":"Person","@id":"https:\/\/estadocomarte.pt\/site\/#\/schema\/person\/c0943a071216c1e5b21f85304151e4ba","name":"admin","image":{"@type":"ImageObject","inLanguage":"pt-PT","@id":"https:\/\/estadocomarte.pt\/site\/#\/schema\/person\/image\/","url":"https:\/\/secure.gravatar.com\/avatar\/e6f378fd6914c8505d3e1d40f51fa953b21bab0f3a5658a33bc84cb5bda780f9?s=96&d=mm&r=g","contentUrl":"https:\/\/secure.gravatar.com\/avatar\/e6f378fd6914c8505d3e1d40f51fa953b21bab0f3a5658a33bc84cb5bda780f9?s=96&d=mm&r=g","caption":"admin"},"sameAs":["https:\/\/estadocomarte.pt\/site"],"url":"https:\/\/estadocomarte.pt\/site\/author\/admin\/"}]}},"_links":{"self":[{"href":"https:\/\/estadocomarte.pt\/site\/wp-json\/wp\/v2\/posts\/11057","targetHints":{"allow":["GET"]}}],"collection":[{"href":"https:\/\/estadocomarte.pt\/site\/wp-json\/wp\/v2\/posts"}],"about":[{"href":"https:\/\/estadocomarte.pt\/site\/wp-json\/wp\/v2\/types\/post"}],"author":[{"embeddable":true,"href":"https:\/\/estadocomarte.pt\/site\/wp-json\/wp\/v2\/users\/1"}],"replies":[{"embeddable":true,"href":"https:\/\/estadocomarte.pt\/site\/wp-json\/wp\/v2\/comments?post=11057"}],"version-history":[{"count":2,"href":"https:\/\/estadocomarte.pt\/site\/wp-json\/wp\/v2\/posts\/11057\/revisions"}],"predecessor-version":[{"id":11064,"href":"https:\/\/estadocomarte.pt\/site\/wp-json\/wp\/v2\/posts\/11057\/revisions\/11064"}],"wp:featuredmedia":[{"embeddable":true,"href":"https:\/\/estadocomarte.pt\/site\/wp-json\/wp\/v2\/media\/10576"}],"wp:attachment":[{"href":"https:\/\/estadocomarte.pt\/site\/wp-json\/wp\/v2\/media?parent=11057"}],"wp:term":[{"taxonomy":"category","embeddable":true,"href":"https:\/\/estadocomarte.pt\/site\/wp-json\/wp\/v2\/categories?post=11057"},{"taxonomy":"post_tag","embeddable":true,"href":"https:\/\/estadocomarte.pt\/site\/wp-json\/wp\/v2\/tags?post=11057"}],"curies":[{"name":"wp","href":"https:\/\/api.w.org\/{rel}","templated":true}]}}