{"id":11179,"date":"2025-10-21T23:08:58","date_gmt":"2025-10-21T23:08:58","guid":{"rendered":"https:\/\/estadocomarte.pt\/site\/?p=11179"},"modified":"2025-10-21T23:08:58","modified_gmt":"2025-10-21T23:08:58","slug":"francisco-pinto-balsemao-o-homem-que-acreditava-na-democracia-e-nas-pessoas","status":"publish","type":"post","link":"https:\/\/estadocomarte.pt\/site\/2025\/10\/21\/francisco-pinto-balsemao-o-homem-que-acreditava-na-democracia-e-nas-pessoas\/","title":{"rendered":"Francisco Pinto Balsem\u00e3o \u2013 o Homem que acreditava na Democracia e nas Pessoas"},"content":{"rendered":"<p>Partiu um dos grandes construtores da democracia portuguesa. Francisco Pinto Balsem\u00e3o foi mais do que um pol\u00edtico: foi um homem de princ\u00edpios, de cultura, de \u00e9tica e de uma serenidade rara. Serviu Portugal com intelig\u00eancia, coragem e modera\u00e7\u00e3o. E f\u00ea-lo sempre com uma eleg\u00e2ncia moral que o distinguia.<\/p>\n<p>Recordo-o com emo\u00e7\u00e3o. Recordo as conversas pausadas, o olhar atento, a forma como ouvia antes de responder. Foi um verdadeiro senhor da pol\u00edtica e da vida p\u00fablica \u2014 um exemplo de integridade e de humanidade.<\/p>\n<p>Tive o privil\u00e9gio de privar com ele em momentos decisivos do meu percurso. Nunca esquecerei o apoio que me deu na constitui\u00e7\u00e3o das Mulheres Social Democratas, um projeto pioneiro que acreditava no valor das mulheres na pol\u00edtica e na sociedade. Francisco Pinto Balsem\u00e3o foi um dos primeiros a reconhecer que a democracia precisava da voz feminina.<\/p>\n<p>Recordo tamb\u00e9m o seu apoio \u00e0 primeira Academia de Forma\u00e7\u00e3o Pol\u00edtica para Mulheres, uma iniciativa que criei no \u00e2mbito do Instituto Francisco S\u00e1 Carneiro, com o apoio da Funda\u00e7\u00e3o Konrad Adenauer. Ele era ent\u00e3o Presidente do Conselho Geral do Instituto \u2014 do qual tive a honra de ser Vice-Presidente do Conselho de Administra\u00e7\u00e3o \u2014 e acompanhou esse projeto com entusiasmo genu\u00edno.<\/p>\n<p>No lan\u00e7amento da Academia, Balsem\u00e3o deixou palavras que ficaram gravadas na mem\u00f3ria de todos:<\/p>\n<p>\u201cO problema \u00e9 de atitude. Atitude por parte dos homens. H\u00e1 ainda muitos homens \u2014 n\u00e3o apenas os que s\u00e3o patr\u00f5es, homens de todas as classes sociais, de todas as profiss\u00f5es \u2014 que entendem que as mulheres s\u00e3o inferiores no que respeita a v\u00e1rios atributos, incluindo atributos de lideran\u00e7a, de credibilidade, resili\u00eancia, intelig\u00eancia emocional, de saber ouvir. Penso que tudo isto \u00e9 falso, mas o velho azulejo que dizia \u2018quem manda l\u00e1 em casa \u00e9 ela, mas quem manda nela sou eu\u2019 ainda n\u00e3o desapareceu, ainda se mant\u00e9m em muitas mentes masculinas. Nada mais falso!\u201d<\/p>\n<p>Palavras corajosas, vindas de um homem com uma vis\u00e3o moderna e sens\u00edvel. E terminou com a autenticidade que o caracterizava:<\/p>\n<p>\u201cH\u00e1 diferen\u00e7as entre homens e mulheres que eu pessoalmente espero que se mantenham. Chamem-lhe V\u00e9nus e Marte, chamem-lhe o que quiserem, mas eu espero que se mantenham. Por exemplo, eu continuarei a gostar de mandar flores \u00e0s senhoras, continuarei a apreciar as senhoras bem vestidas, bem penteadas, bem maquiadas. Continuarei a n\u00e3o passar \u00e0 frente de uma senhora numa porta ou na entrada do elevador.\u201d<\/p>\n<p>Era assim Francisco Pinto Balsem\u00e3o \u2014 firme nos valores, mas profundamente humano. Um homem que sabia respeitar as diferen\u00e7as sem abdicar da igualdade, e que acreditava que a democracia se constr\u00f3i com equil\u00edbrio e respeito.<\/p>\n<figure id=\"attachment_8121\" aria-describedby=\"caption-attachment-8121\" style=\"width: 300px\" class=\"wp-caption alignnone\"><img fetchpriority=\"high\" decoding=\"async\" class=\"wp-image-8121 size-medium\" src=\"https:\/\/estadocomarte.pt\/site\/wp-content\/uploads\/2025\/01\/lina-lopes2-300x169.jpg\" alt=\"\" width=\"300\" height=\"169\" srcset=\"https:\/\/estadocomarte.pt\/site\/wp-content\/uploads\/2025\/01\/lina-lopes2-300x169.jpg 300w, https:\/\/estadocomarte.pt\/site\/wp-content\/uploads\/2025\/01\/lina-lopes2.jpg 320w\" sizes=\"(max-width: 300px) 100vw, 300px\" \/><figcaption id=\"caption-attachment-8121\" class=\"wp-caption-text\">Lina Lopes, ex-deputada do PSD, conheceu muito de perto Francisco Pinto Balsem\u00e3o<\/figcaption><\/figure>\n<p>Guardo tamb\u00e9m com carinho a recorda\u00e7\u00e3o da visita \u00e0 casa onde nasceu e cresceu, na Lapa. Foi l\u00e1 que me autografou o livro das suas mem\u00f3rias \u2014 um gesto simples, mas simb\u00f3lico, que guardo com enorme ternura.<\/p>\n<p>Guardo comigo boas recorda\u00e7\u00f5es e uma profunda gratid\u00e3o.<\/p>\n<p>At\u00e9 um dia! Que descanse em paz.<\/p>\n","protected":false},"excerpt":{"rendered":"<p>Lina Lopes,<br \/>\nEx-deputada da Na\u00e7\u00e3o <\/p>\n","protected":false},"author":1,"featured_media":11181,"comment_status":"open","ping_status":"open","sticky":false,"template":"","format":"standard","meta":{"site-sidebar-layout":"default","site-content-layout":"default","ast-global-header-display":"","ast-banner-title-visibility":"","ast-main-header-display":"","ast-hfb-above-header-display":"","ast-hfb-below-header-display":"","ast-hfb-mobile-header-display":"","site-post-title":"","ast-breadcrumbs-content":"","ast-featured-img":"","footer-sml-layout":"","theme-transparent-header-meta":"default","adv-header-id-meta":"","stick-header-meta":"","header-above-stick-meta":"","header-main-stick-meta":"","header-below-stick-meta":"","footnotes":""},"categories":[55],"tags":[2220,573,315],"class_list":["post-11179","post","type-post","status-publish","format-standard","has-post-thumbnail","hentry","category-vida-de-estado","tag-francisco-balsemao","tag-lina-lopes","tag-psd"],"yoast_head":"<!-- This site is optimized with the Yoast SEO plugin v25.1 - https:\/\/yoast.com\/wordpress\/plugins\/seo\/ -->\n<title>Francisco Pinto Balsem\u00e3o \u2013 o Homem que acreditava na Democracia e nas Pessoas - Estado com Arte<\/title>\n<meta name=\"robots\" content=\"index, follow, max-snippet:-1, max-image-preview:large, max-video-preview:-1\" \/>\n<link rel=\"canonical\" href=\"https:\/\/estadocomarte.pt\/site\/2025\/10\/21\/francisco-pinto-balsemao-o-homem-que-acreditava-na-democracia-e-nas-pessoas\/\" \/>\n<meta property=\"og:locale\" content=\"pt_PT\" \/>\n<meta property=\"og:type\" content=\"article\" \/>\n<meta property=\"og:title\" content=\"Francisco Pinto Balsem\u00e3o \u2013 o Homem que acreditava na Democracia e nas Pessoas - Estado com Arte\" \/>\n<meta property=\"og:description\" content=\"Lina Lopes,  Ex-deputada da Na\u00e7\u00e3o\" \/>\n<meta property=\"og:url\" content=\"https:\/\/estadocomarte.pt\/site\/2025\/10\/21\/francisco-pinto-balsemao-o-homem-que-acreditava-na-democracia-e-nas-pessoas\/\" \/>\n<meta property=\"og:site_name\" content=\"Estado com Arte\" \/>\n<meta property=\"article:published_time\" content=\"2025-10-21T23:08:58+00:00\" \/>\n<meta property=\"og:image\" content=\"https:\/\/estadocomarte.pt\/site\/wp-content\/uploads\/2025\/10\/Screenshot_20251022_000543_Google.jpg\" \/>\n\t<meta property=\"og:image:width\" content=\"483\" \/>\n\t<meta property=\"og:image:height\" content=\"299\" \/>\n\t<meta property=\"og:image:type\" content=\"image\/jpeg\" \/>\n<meta name=\"author\" content=\"admin\" \/>\n<meta name=\"twitter:card\" content=\"summary_large_image\" \/>\n<meta name=\"twitter:label1\" content=\"Escrito por\" \/>\n\t<meta name=\"twitter:data1\" content=\"admin\" \/>\n\t<meta name=\"twitter:label2\" content=\"Tempo estimado de leitura\" \/>\n\t<meta name=\"twitter:data2\" content=\"4 minutos\" \/>\n<script type=\"application\/ld+json\" class=\"yoast-schema-graph\">{\"@context\":\"https:\/\/schema.org\",\"@graph\":[{\"@type\":\"Article\",\"@id\":\"https:\/\/estadocomarte.pt\/site\/2025\/10\/21\/francisco-pinto-balsemao-o-homem-que-acreditava-na-democracia-e-nas-pessoas\/#article\",\"isPartOf\":{\"@id\":\"https:\/\/estadocomarte.pt\/site\/2025\/10\/21\/francisco-pinto-balsemao-o-homem-que-acreditava-na-democracia-e-nas-pessoas\/\"},\"author\":{\"name\":\"admin\",\"@id\":\"https:\/\/estadocomarte.pt\/site\/#\/schema\/person\/c0943a071216c1e5b21f85304151e4ba\"},\"headline\":\"Francisco Pinto Balsem\u00e3o \u2013 o Homem que acreditava na Democracia e nas Pessoas\",\"datePublished\":\"2025-10-21T23:08:58+00:00\",\"mainEntityOfPage\":{\"@id\":\"https:\/\/estadocomarte.pt\/site\/2025\/10\/21\/francisco-pinto-balsemao-o-homem-que-acreditava-na-democracia-e-nas-pessoas\/\"},\"wordCount\":551,\"commentCount\":0,\"publisher\":{\"@id\":\"https:\/\/estadocomarte.pt\/site\/#organization\"},\"image\":{\"@id\":\"https:\/\/estadocomarte.pt\/site\/2025\/10\/21\/francisco-pinto-balsemao-o-homem-que-acreditava-na-democracia-e-nas-pessoas\/#primaryimage\"},\"thumbnailUrl\":\"https:\/\/estadocomarte.pt\/site\/wp-content\/uploads\/2025\/10\/Screenshot_20251022_000543_Google.jpg\",\"keywords\":[\"Francisco Balsem\u00e3o\",\"lina lopes\",\"PSD\"],\"articleSection\":[\"Vida de Estado\"],\"inLanguage\":\"pt-PT\",\"potentialAction\":[{\"@type\":\"CommentAction\",\"name\":\"Comment\",\"target\":[\"https:\/\/estadocomarte.pt\/site\/2025\/10\/21\/francisco-pinto-balsemao-o-homem-que-acreditava-na-democracia-e-nas-pessoas\/#respond\"]}]},{\"@type\":\"WebPage\",\"@id\":\"https:\/\/estadocomarte.pt\/site\/2025\/10\/21\/francisco-pinto-balsemao-o-homem-que-acreditava-na-democracia-e-nas-pessoas\/\",\"url\":\"https:\/\/estadocomarte.pt\/site\/2025\/10\/21\/francisco-pinto-balsemao-o-homem-que-acreditava-na-democracia-e-nas-pessoas\/\",\"name\":\"Francisco Pinto Balsem\u00e3o \u2013 o Homem que acreditava na Democracia e nas Pessoas - Estado com Arte\",\"isPartOf\":{\"@id\":\"https:\/\/estadocomarte.pt\/site\/#website\"},\"primaryImageOfPage\":{\"@id\":\"https:\/\/estadocomarte.pt\/site\/2025\/10\/21\/francisco-pinto-balsemao-o-homem-que-acreditava-na-democracia-e-nas-pessoas\/#primaryimage\"},\"image\":{\"@id\":\"https:\/\/estadocomarte.pt\/site\/2025\/10\/21\/francisco-pinto-balsemao-o-homem-que-acreditava-na-democracia-e-nas-pessoas\/#primaryimage\"},\"thumbnailUrl\":\"https:\/\/estadocomarte.pt\/site\/wp-content\/uploads\/2025\/10\/Screenshot_20251022_000543_Google.jpg\",\"datePublished\":\"2025-10-21T23:08:58+00:00\",\"breadcrumb\":{\"@id\":\"https:\/\/estadocomarte.pt\/site\/2025\/10\/21\/francisco-pinto-balsemao-o-homem-que-acreditava-na-democracia-e-nas-pessoas\/#breadcrumb\"},\"inLanguage\":\"pt-PT\",\"potentialAction\":[{\"@type\":\"ReadAction\",\"target\":[\"https:\/\/estadocomarte.pt\/site\/2025\/10\/21\/francisco-pinto-balsemao-o-homem-que-acreditava-na-democracia-e-nas-pessoas\/\"]}]},{\"@type\":\"ImageObject\",\"inLanguage\":\"pt-PT\",\"@id\":\"https:\/\/estadocomarte.pt\/site\/2025\/10\/21\/francisco-pinto-balsemao-o-homem-que-acreditava-na-democracia-e-nas-pessoas\/#primaryimage\",\"url\":\"https:\/\/estadocomarte.pt\/site\/wp-content\/uploads\/2025\/10\/Screenshot_20251022_000543_Google.jpg\",\"contentUrl\":\"https:\/\/estadocomarte.pt\/site\/wp-content\/uploads\/2025\/10\/Screenshot_20251022_000543_Google.jpg\",\"width\":483,\"height\":299},{\"@type\":\"BreadcrumbList\",\"@id\":\"https:\/\/estadocomarte.pt\/site\/2025\/10\/21\/francisco-pinto-balsemao-o-homem-que-acreditava-na-democracia-e-nas-pessoas\/#breadcrumb\",\"itemListElement\":[{\"@type\":\"ListItem\",\"position\":1,\"name\":\"In\u00edcio\",\"item\":\"https:\/\/estadocomarte.pt\/site\/\"},{\"@type\":\"ListItem\",\"position\":2,\"name\":\"Francisco Pinto Balsem\u00e3o \u2013 o Homem que acreditava na Democracia e nas Pessoas\"}]},{\"@type\":\"WebSite\",\"@id\":\"https:\/\/estadocomarte.pt\/site\/#website\",\"url\":\"https:\/\/estadocomarte.pt\/site\/\",\"name\":\"Estado com Arte Magazine\",\"description\":\"Magazine\",\"publisher\":{\"@id\":\"https:\/\/estadocomarte.pt\/site\/#organization\"},\"alternateName\":\"Magazine semanal sobre pol\u00edtica e cultura, com autores, opini\u00e3o e cr\u00edticas.\",\"potentialAction\":[{\"@type\":\"SearchAction\",\"target\":{\"@type\":\"EntryPoint\",\"urlTemplate\":\"https:\/\/estadocomarte.pt\/site\/?s={search_term_string}\"},\"query-input\":{\"@type\":\"PropertyValueSpecification\",\"valueRequired\":true,\"valueName\":\"search_term_string\"}}],\"inLanguage\":\"pt-PT\"},{\"@type\":\"Organization\",\"@id\":\"https:\/\/estadocomarte.pt\/site\/#organization\",\"name\":\"Estado com Arte Magazine\",\"alternateName\":\"Magazine semanal sobre pol\u00edtica e cultura, com autores, opini\u00e3o e cr\u00edticas.\",\"url\":\"https:\/\/estadocomarte.pt\/site\/\",\"logo\":{\"@type\":\"ImageObject\",\"inLanguage\":\"pt-PT\",\"@id\":\"https:\/\/estadocomarte.pt\/site\/#\/schema\/logo\/image\/\",\"url\":\"https:\/\/estadocomarte.pt\/site\/wp-content\/uploads\/2023\/06\/cropped-cropped-Prancheta-2@2x-100.jpg\",\"contentUrl\":\"https:\/\/estadocomarte.pt\/site\/wp-content\/uploads\/2023\/06\/cropped-cropped-Prancheta-2@2x-100.jpg\",\"width\":1777,\"height\":592,\"caption\":\"Estado com Arte Magazine\"},\"image\":{\"@id\":\"https:\/\/estadocomarte.pt\/site\/#\/schema\/logo\/image\/\"},\"sameAs\":[\"https:\/\/www.instagram.com\/estadocomartemagazine\"]},{\"@type\":\"Person\",\"@id\":\"https:\/\/estadocomarte.pt\/site\/#\/schema\/person\/c0943a071216c1e5b21f85304151e4ba\",\"name\":\"admin\",\"image\":{\"@type\":\"ImageObject\",\"inLanguage\":\"pt-PT\",\"@id\":\"https:\/\/estadocomarte.pt\/site\/#\/schema\/person\/image\/\",\"url\":\"https:\/\/secure.gravatar.com\/avatar\/e6f378fd6914c8505d3e1d40f51fa953b21bab0f3a5658a33bc84cb5bda780f9?s=96&d=mm&r=g\",\"contentUrl\":\"https:\/\/secure.gravatar.com\/avatar\/e6f378fd6914c8505d3e1d40f51fa953b21bab0f3a5658a33bc84cb5bda780f9?s=96&d=mm&r=g\",\"caption\":\"admin\"},\"sameAs\":[\"https:\/\/estadocomarte.pt\/site\"],\"url\":\"https:\/\/estadocomarte.pt\/site\/author\/admin\/\"}]}<\/script>\n<!-- \/ Yoast SEO plugin. -->","yoast_head_json":{"title":"Francisco Pinto Balsem\u00e3o \u2013 o Homem que acreditava na Democracia e nas Pessoas - Estado com Arte","robots":{"index":"index","follow":"follow","max-snippet":"max-snippet:-1","max-image-preview":"max-image-preview:large","max-video-preview":"max-video-preview:-1"},"canonical":"https:\/\/estadocomarte.pt\/site\/2025\/10\/21\/francisco-pinto-balsemao-o-homem-que-acreditava-na-democracia-e-nas-pessoas\/","og_locale":"pt_PT","og_type":"article","og_title":"Francisco Pinto Balsem\u00e3o \u2013 o Homem que acreditava na Democracia e nas Pessoas - Estado com Arte","og_description":"Lina Lopes,  Ex-deputada da Na\u00e7\u00e3o","og_url":"https:\/\/estadocomarte.pt\/site\/2025\/10\/21\/francisco-pinto-balsemao-o-homem-que-acreditava-na-democracia-e-nas-pessoas\/","og_site_name":"Estado com Arte","article_published_time":"2025-10-21T23:08:58+00:00","og_image":[{"width":483,"height":299,"url":"https:\/\/estadocomarte.pt\/site\/wp-content\/uploads\/2025\/10\/Screenshot_20251022_000543_Google.jpg","type":"image\/jpeg"}],"author":"admin","twitter_card":"summary_large_image","twitter_misc":{"Escrito por":"admin","Tempo estimado de leitura":"4 minutos"},"schema":{"@context":"https:\/\/schema.org","@graph":[{"@type":"Article","@id":"https:\/\/estadocomarte.pt\/site\/2025\/10\/21\/francisco-pinto-balsemao-o-homem-que-acreditava-na-democracia-e-nas-pessoas\/#article","isPartOf":{"@id":"https:\/\/estadocomarte.pt\/site\/2025\/10\/21\/francisco-pinto-balsemao-o-homem-que-acreditava-na-democracia-e-nas-pessoas\/"},"author":{"name":"admin","@id":"https:\/\/estadocomarte.pt\/site\/#\/schema\/person\/c0943a071216c1e5b21f85304151e4ba"},"headline":"Francisco Pinto Balsem\u00e3o \u2013 o Homem que acreditava na Democracia e nas Pessoas","datePublished":"2025-10-21T23:08:58+00:00","mainEntityOfPage":{"@id":"https:\/\/estadocomarte.pt\/site\/2025\/10\/21\/francisco-pinto-balsemao-o-homem-que-acreditava-na-democracia-e-nas-pessoas\/"},"wordCount":551,"commentCount":0,"publisher":{"@id":"https:\/\/estadocomarte.pt\/site\/#organization"},"image":{"@id":"https:\/\/estadocomarte.pt\/site\/2025\/10\/21\/francisco-pinto-balsemao-o-homem-que-acreditava-na-democracia-e-nas-pessoas\/#primaryimage"},"thumbnailUrl":"https:\/\/estadocomarte.pt\/site\/wp-content\/uploads\/2025\/10\/Screenshot_20251022_000543_Google.jpg","keywords":["Francisco Balsem\u00e3o","lina lopes","PSD"],"articleSection":["Vida de Estado"],"inLanguage":"pt-PT","potentialAction":[{"@type":"CommentAction","name":"Comment","target":["https:\/\/estadocomarte.pt\/site\/2025\/10\/21\/francisco-pinto-balsemao-o-homem-que-acreditava-na-democracia-e-nas-pessoas\/#respond"]}]},{"@type":"WebPage","@id":"https:\/\/estadocomarte.pt\/site\/2025\/10\/21\/francisco-pinto-balsemao-o-homem-que-acreditava-na-democracia-e-nas-pessoas\/","url":"https:\/\/estadocomarte.pt\/site\/2025\/10\/21\/francisco-pinto-balsemao-o-homem-que-acreditava-na-democracia-e-nas-pessoas\/","name":"Francisco Pinto Balsem\u00e3o \u2013 o Homem que acreditava na Democracia e nas Pessoas - Estado com Arte","isPartOf":{"@id":"https:\/\/estadocomarte.pt\/site\/#website"},"primaryImageOfPage":{"@id":"https:\/\/estadocomarte.pt\/site\/2025\/10\/21\/francisco-pinto-balsemao-o-homem-que-acreditava-na-democracia-e-nas-pessoas\/#primaryimage"},"image":{"@id":"https:\/\/estadocomarte.pt\/site\/2025\/10\/21\/francisco-pinto-balsemao-o-homem-que-acreditava-na-democracia-e-nas-pessoas\/#primaryimage"},"thumbnailUrl":"https:\/\/estadocomarte.pt\/site\/wp-content\/uploads\/2025\/10\/Screenshot_20251022_000543_Google.jpg","datePublished":"2025-10-21T23:08:58+00:00","breadcrumb":{"@id":"https:\/\/estadocomarte.pt\/site\/2025\/10\/21\/francisco-pinto-balsemao-o-homem-que-acreditava-na-democracia-e-nas-pessoas\/#breadcrumb"},"inLanguage":"pt-PT","potentialAction":[{"@type":"ReadAction","target":["https:\/\/estadocomarte.pt\/site\/2025\/10\/21\/francisco-pinto-balsemao-o-homem-que-acreditava-na-democracia-e-nas-pessoas\/"]}]},{"@type":"ImageObject","inLanguage":"pt-PT","@id":"https:\/\/estadocomarte.pt\/site\/2025\/10\/21\/francisco-pinto-balsemao-o-homem-que-acreditava-na-democracia-e-nas-pessoas\/#primaryimage","url":"https:\/\/estadocomarte.pt\/site\/wp-content\/uploads\/2025\/10\/Screenshot_20251022_000543_Google.jpg","contentUrl":"https:\/\/estadocomarte.pt\/site\/wp-content\/uploads\/2025\/10\/Screenshot_20251022_000543_Google.jpg","width":483,"height":299},{"@type":"BreadcrumbList","@id":"https:\/\/estadocomarte.pt\/site\/2025\/10\/21\/francisco-pinto-balsemao-o-homem-que-acreditava-na-democracia-e-nas-pessoas\/#breadcrumb","itemListElement":[{"@type":"ListItem","position":1,"name":"In\u00edcio","item":"https:\/\/estadocomarte.pt\/site\/"},{"@type":"ListItem","position":2,"name":"Francisco Pinto Balsem\u00e3o \u2013 o Homem que acreditava na Democracia e nas Pessoas"}]},{"@type":"WebSite","@id":"https:\/\/estadocomarte.pt\/site\/#website","url":"https:\/\/estadocomarte.pt\/site\/","name":"Estado com Arte Magazine","description":"Magazine","publisher":{"@id":"https:\/\/estadocomarte.pt\/site\/#organization"},"alternateName":"Magazine semanal sobre pol\u00edtica e cultura, com autores, opini\u00e3o e cr\u00edticas.","potentialAction":[{"@type":"SearchAction","target":{"@type":"EntryPoint","urlTemplate":"https:\/\/estadocomarte.pt\/site\/?s={search_term_string}"},"query-input":{"@type":"PropertyValueSpecification","valueRequired":true,"valueName":"search_term_string"}}],"inLanguage":"pt-PT"},{"@type":"Organization","@id":"https:\/\/estadocomarte.pt\/site\/#organization","name":"Estado com Arte Magazine","alternateName":"Magazine semanal sobre pol\u00edtica e cultura, com autores, opini\u00e3o e cr\u00edticas.","url":"https:\/\/estadocomarte.pt\/site\/","logo":{"@type":"ImageObject","inLanguage":"pt-PT","@id":"https:\/\/estadocomarte.pt\/site\/#\/schema\/logo\/image\/","url":"https:\/\/estadocomarte.pt\/site\/wp-content\/uploads\/2023\/06\/cropped-cropped-Prancheta-2@2x-100.jpg","contentUrl":"https:\/\/estadocomarte.pt\/site\/wp-content\/uploads\/2023\/06\/cropped-cropped-Prancheta-2@2x-100.jpg","width":1777,"height":592,"caption":"Estado com Arte Magazine"},"image":{"@id":"https:\/\/estadocomarte.pt\/site\/#\/schema\/logo\/image\/"},"sameAs":["https:\/\/www.instagram.com\/estadocomartemagazine"]},{"@type":"Person","@id":"https:\/\/estadocomarte.pt\/site\/#\/schema\/person\/c0943a071216c1e5b21f85304151e4ba","name":"admin","image":{"@type":"ImageObject","inLanguage":"pt-PT","@id":"https:\/\/estadocomarte.pt\/site\/#\/schema\/person\/image\/","url":"https:\/\/secure.gravatar.com\/avatar\/e6f378fd6914c8505d3e1d40f51fa953b21bab0f3a5658a33bc84cb5bda780f9?s=96&d=mm&r=g","contentUrl":"https:\/\/secure.gravatar.com\/avatar\/e6f378fd6914c8505d3e1d40f51fa953b21bab0f3a5658a33bc84cb5bda780f9?s=96&d=mm&r=g","caption":"admin"},"sameAs":["https:\/\/estadocomarte.pt\/site"],"url":"https:\/\/estadocomarte.pt\/site\/author\/admin\/"}]}},"_links":{"self":[{"href":"https:\/\/estadocomarte.pt\/site\/wp-json\/wp\/v2\/posts\/11179","targetHints":{"allow":["GET"]}}],"collection":[{"href":"https:\/\/estadocomarte.pt\/site\/wp-json\/wp\/v2\/posts"}],"about":[{"href":"https:\/\/estadocomarte.pt\/site\/wp-json\/wp\/v2\/types\/post"}],"author":[{"embeddable":true,"href":"https:\/\/estadocomarte.pt\/site\/wp-json\/wp\/v2\/users\/1"}],"replies":[{"embeddable":true,"href":"https:\/\/estadocomarte.pt\/site\/wp-json\/wp\/v2\/comments?post=11179"}],"version-history":[{"count":1,"href":"https:\/\/estadocomarte.pt\/site\/wp-json\/wp\/v2\/posts\/11179\/revisions"}],"predecessor-version":[{"id":11180,"href":"https:\/\/estadocomarte.pt\/site\/wp-json\/wp\/v2\/posts\/11179\/revisions\/11180"}],"wp:featuredmedia":[{"embeddable":true,"href":"https:\/\/estadocomarte.pt\/site\/wp-json\/wp\/v2\/media\/11181"}],"wp:attachment":[{"href":"https:\/\/estadocomarte.pt\/site\/wp-json\/wp\/v2\/media?parent=11179"}],"wp:term":[{"taxonomy":"category","embeddable":true,"href":"https:\/\/estadocomarte.pt\/site\/wp-json\/wp\/v2\/categories?post=11179"},{"taxonomy":"post_tag","embeddable":true,"href":"https:\/\/estadocomarte.pt\/site\/wp-json\/wp\/v2\/tags?post=11179"}],"curies":[{"name":"wp","href":"https:\/\/api.w.org\/{rel}","templated":true}]}}