{"id":11294,"date":"2025-11-01T14:52:54","date_gmt":"2025-11-01T14:52:54","guid":{"rendered":"https:\/\/estadocomarte.pt\/site\/?p=11294"},"modified":"2025-11-01T14:56:20","modified_gmt":"2025-11-01T14:56:20","slug":"mitologias-teorias-ideologias-e-outras-idiossincrasias-feminismo","status":"publish","type":"post","link":"https:\/\/estadocomarte.pt\/site\/2025\/11\/01\/mitologias-teorias-ideologias-e-outras-idiossincrasias-feminismo\/","title":{"rendered":"MITOLOGIAS, TEORIAS, IDEOLOGIAS E OUTRAS IDIOSSINCRASIAS  FEMINISMO"},"content":{"rendered":"<p>A Hidra de Lerna, na mitologia grega, era um monstro, filho de Tif\u00e3o e Equidna, que vivia num p\u00e2ntano junto ao lago de Lerna, na Arg\u00f3lida, hoje o que equivaleria \u00e0 costa leste da regi\u00e3o do Peloponeso, (Gr\u00e9cia).<\/p>\n<p>A Hidra tinha corpo de drag\u00e3o e v\u00e1rias cabe\u00e7as de serpente. Segundo a lenda, as cabe\u00e7as da Hidra podiam-se regenerar; algumas vers\u00f5es dizem que, quando se cortava uma cabe\u00e7a, cresciam duas em seu lugar.<\/p>\n<p>A Hidra era t\u00e3o venenosa que matava os homens apenas com o seu h\u00e1lito e logo os comia; se algu\u00e9m chegasse perto dela enquanto estava a dormir, apenas o seu cheiro era o suficiente para a pessoa logo morresse.<\/p>\n<p>A Hidra foi derrotada por H\u00e9racles (H\u00e9rcules, na mitologia romana), no seu segundo trabalho. Inicialmente H\u00e9racles tentou esmagar as cabe\u00e7as, mas a cada uma que cortava surgiam duas no seu lugar. Decidiu ent\u00e3o mudar de t\u00e1tica e, para que as cabe\u00e7as n\u00e3o se regenerassem, pediu ao sobrinho Iolau que as queimasse com um ti\u00e7\u00e3o logo ap\u00f3s o corte, cicatrizando desta forma a ferida.<\/p>\n<p>Sobrou ent\u00e3o apenas a cabe\u00e7a do meio, considerada imortal. H\u00e9racles cortou e enterrou a \u00faltima cabe\u00e7a com uma enorme pedra. Assim, o monstro foi morto.<\/p>\n<p>Neste livro recentemente lan\u00e7ado, a \u201cherc\u00falea\u201d Ana Campagnolo, deputada estadual do Parlamento de Santa Catarina, Brasil, explica-nos como encontrou na Hidra de Lerna o s\u00edmbolo perfeito do movimento feminista: variados eixos de actua\u00e7\u00e3o que, mesmo combatidos, se reconfiguram.<\/p>\n<p>\u00abImagine a hidra mitol\u00f3gica, o monstro que enfrentou H\u00e9rcules. Ela tem v\u00e1rias cabe\u00e7as, assim como o feminismo tem v\u00e1rios eixos em torno dos quais ele se articula para impor a sua hegemonia. Pois bem: a primeira cabe\u00e7a da hidra feminista \u00e9 a universidade\u00bb.<\/p>\n<p>No meio universit\u00e1rio, defende a autora, constroem-se e aplicam-se toda a doutrina\u00e7\u00e3o necess\u00e1ria para as conquistas feministas, numa esmerada milit\u00e2ncia entre a classe docente, a discente e toda a burocracia que a envolve.<\/p>\n<p>\u00abA segunda cabe\u00e7a da hidra: ONGs e funda\u00e7\u00f5es internacionais\u201d.<\/p>\n<p>Estrategicamente \u00abOs militantes n\u00e3o est\u00e3o apenas no aparato estatal ou nas ONGs, eles tamb\u00e9m ocupam os organismos internacionais como a ONU, FMI, BM, OMS, OIT, UNESCO; UNICEF, OEA, BID, OMC, UNIDO, CEPAL; EU, UNASUL e tantos outros. Ali\u00e1s, as ONGs mais importantes s\u00e3o justamente aquelas que buscam influenciar esses organismos, pois o poder desses \u00f3rg\u00e3os \u00e9 assustador e n\u00e3o muito democr\u00e1tico\u00bb.<\/p>\n<p>A legitimidade de todos estes \u00f3rg\u00e3os, refere a autora, n\u00e3o s\u00e3o postas em causa, porque s\u00e3o apresentados ao cidad\u00e3o-comum como especialistas ou pessoas iluminadas cujo fim \u00e9 melhorar o mundo e fazer dele um lugar melhor. No seu modus operandi n\u00e3o acata opini\u00f5es ou outras interfer\u00eancias, mas imp\u00f5em as suas ideologias para mudar a mente das pessoas sob a bandeira do consenso.<\/p>\n<p>\u00abA terceira cabe\u00e7a da hidra s\u00e3o os M\u00eddia feministas: discurso \u00fanico permitido.<\/p>\n<p>A m\u00eddia tem, portanto, duas atribui\u00e7\u00f5es na hidra feminista: difundir a agenda progressista como se fosse a \u00fanica op\u00e7\u00e3o aceit\u00e1vel e difamar qualquer posi\u00e7\u00e3o divergente. Assim, a m\u00eddia forma e conforma nossas opini\u00f5es \u00e0 ideologia feminista. Tudo o que n\u00e3o for feminismo ser\u00e1 tratado como machismo, como ileg\u00edtimo, como desrespeitoso, antidemocr\u00e1tico e violento contra a mulher. A m\u00eddia vai triturar e difamar quem tentar levantar a cabe\u00e7a acima da massa submissa ao discurso vitimista\u00bb.<\/p>\n<p>O chamado \u201cquarto poder\u201d, trata-se de uma express\u00e3o utilizada para declarar que o jornalismo e os meios de comunica\u00e7\u00e3o de massa podem exercer determinada influ\u00eancia sobre a sociedade. O termo \u00e9 assim chamado porque tem como refer\u00eancia os Tr\u00eas Poderes do Estado Democr\u00e1tico que regem a sociedade (Legislativo, Executivo e Judici\u00e1rio).<\/p>\n<p>Com recurso a GRAMSCI, Ana Campanolo n\u00e3o perde a oportunidade de nos recordar como foi necess\u00e1rio criar uma cultura revolucion\u00e1ria intelectual para poder controlar e impor as novas leis morais. Tamb\u00e9m \u201cTocqueville j\u00e1 alertava sobre a possibilidade de conduzir a vida da massa, a pol\u00edtica em si, por meio de uma consciente manipula\u00e7\u00e3o cultural. N\u00e3o \u00e9 exagero dizer que o jornalismo, ent\u00e3o, deixou de ser uma profiss\u00e3o como qualquer outra e se tornou essa ferramenta revolucion\u00e1ria em ess\u00eancia\u201d<\/p>\n<p>A quarta cabe\u00e7a da hidra vem referida neste livro como sendo as \u201cparlamentares feministas\u201d. O que naturalmente, seguindo a linha da autora, faz todo o sentido e \u00e9 tamb\u00e9m um motivo forte para podermos compreender como \u201cesta m\u00e1quina ideol\u00f3gica est\u00e1 t\u00e3o elaborada e como de forma sub-rept\u00edcia se foi apoderando de toda uma sociedade ocidental que h\u00e1 muito se estava a desligar das suas ra\u00edzes, das suas tradi\u00e7\u00f5es, dos valores que a fundaram e ajudaram a crescer, fazendo da Europa um continente culto, crente, ciente de que a Ci\u00eancia, a Raz\u00e3o e a F\u00e9 s\u00e3o categorias insepar\u00e1veis no crescimento do Ser Humano, tal como na evolu\u00e7\u00e3o do seu saber numa verticalidade transcendente, pois a radicalidade das suas origens o impelem a ultrapassar o mediano, o banal, o aparente superficial da banalidade ideol\u00f3gica.<\/p>\n<p>A HIDRA FEMINISTA \u2013 ESTRAT\u00c9GIA DE DOM\u00cdNIO POL\u00cdTICO E CULTURAL, da autoria de Ana Caroline Campagnolo, com posf\u00e1cio da deputada portuguesa Rita Matias, convida-nos a compreender melhor o estado em que se encontra a educa\u00e7\u00e3o e a sociedade em todas as vertentes das quais nos vamos apercebendo, desconhecendo, todavia, as suas causas.<\/p>\n<p>Resistir ao avan\u00e7o de uma ideologia que amea\u00e7a os valores essenciais da sociedade e a ordem natural da humanidade como um todo e de que j\u00e1 bem conhecemos muitas das suas consequ\u00eancias \u00e9, sem d\u00favida, uma tarefa herc\u00falea, mas importa que cada um de n\u00f3s se \u201cproponha actuar dentro do metro quadrado que o circunda e, todos juntos, faremos um mundo maior e melhor. N\u00e3o \u00e9 s\u00f3 o sonho que comanda a vida, mas as boas ideias, os grandes ideais e a certeza de que n\u00e3o estamos s\u00f3s.<\/p>\n","protected":false},"excerpt":{"rendered":"<p>Susana Mexia\u00a0<\/p>\n","protected":false},"author":1,"featured_media":11297,"comment_status":"open","ping_status":"open","sticky":false,"template":"","format":"standard","meta":{"site-sidebar-layout":"default","site-content-layout":"default","ast-global-header-display":"","ast-banner-title-visibility":"","ast-main-header-display":"","ast-hfb-above-header-display":"","ast-hfb-below-header-display":"","ast-hfb-mobile-header-display":"","site-post-title":"","ast-breadcrumbs-content":"","ast-featured-img":"","footer-sml-layout":"","theme-transparent-header-meta":"default","adv-header-id-meta":"","stick-header-meta":"","header-above-stick-meta":"","header-main-stick-meta":"","header-below-stick-meta":"","footnotes":""},"categories":[7,64],"tags":[452],"class_list":["post-11294","post","type-post","status-publish","format-standard","has-post-thumbnail","hentry","category-cultura","category-isto-para-nos","tag-susana-mexia"],"yoast_head":"<!-- This site is optimized with the Yoast SEO plugin v25.1 - https:\/\/yoast.com\/wordpress\/plugins\/seo\/ -->\n<title>MITOLOGIAS, TEORIAS, IDEOLOGIAS E OUTRAS IDIOSSINCRASIAS FEMINISMO - Estado com Arte<\/title>\n<meta name=\"robots\" content=\"index, follow, max-snippet:-1, max-image-preview:large, max-video-preview:-1\" \/>\n<link rel=\"canonical\" href=\"https:\/\/estadocomarte.pt\/site\/2025\/11\/01\/mitologias-teorias-ideologias-e-outras-idiossincrasias-feminismo\/\" \/>\n<meta property=\"og:locale\" content=\"pt_PT\" \/>\n<meta property=\"og:type\" content=\"article\" \/>\n<meta property=\"og:title\" content=\"MITOLOGIAS, TEORIAS, IDEOLOGIAS E OUTRAS IDIOSSINCRASIAS FEMINISMO - Estado com Arte\" \/>\n<meta property=\"og:description\" content=\"Susana Mexia\u00a0\" \/>\n<meta property=\"og:url\" content=\"https:\/\/estadocomarte.pt\/site\/2025\/11\/01\/mitologias-teorias-ideologias-e-outras-idiossincrasias-feminismo\/\" \/>\n<meta property=\"og:site_name\" content=\"Estado com Arte\" \/>\n<meta property=\"article:published_time\" content=\"2025-11-01T14:52:54+00:00\" \/>\n<meta property=\"article:modified_time\" content=\"2025-11-01T14:56:20+00:00\" \/>\n<meta property=\"og:image\" content=\"https:\/\/estadocomarte.pt\/site\/wp-content\/uploads\/2025\/11\/IMG-20251101-WA0018-1.jpg\" \/>\n\t<meta property=\"og:image:width\" content=\"561\" \/>\n\t<meta property=\"og:image:height\" content=\"976\" \/>\n\t<meta property=\"og:image:type\" content=\"image\/jpeg\" \/>\n<meta name=\"author\" content=\"admin\" \/>\n<meta name=\"twitter:card\" content=\"summary_large_image\" \/>\n<meta name=\"twitter:label1\" content=\"Escrito por\" \/>\n\t<meta name=\"twitter:data1\" content=\"admin\" \/>\n\t<meta name=\"twitter:label2\" content=\"Tempo estimado de leitura\" \/>\n\t<meta name=\"twitter:data2\" content=\"6 minutos\" \/>\n<script type=\"application\/ld+json\" class=\"yoast-schema-graph\">{\"@context\":\"https:\/\/schema.org\",\"@graph\":[{\"@type\":\"Article\",\"@id\":\"https:\/\/estadocomarte.pt\/site\/2025\/11\/01\/mitologias-teorias-ideologias-e-outras-idiossincrasias-feminismo\/#article\",\"isPartOf\":{\"@id\":\"https:\/\/estadocomarte.pt\/site\/2025\/11\/01\/mitologias-teorias-ideologias-e-outras-idiossincrasias-feminismo\/\"},\"author\":{\"name\":\"admin\",\"@id\":\"https:\/\/estadocomarte.pt\/site\/#\/schema\/person\/c0943a071216c1e5b21f85304151e4ba\"},\"headline\":\"MITOLOGIAS, TEORIAS, IDEOLOGIAS E OUTRAS IDIOSSINCRASIAS FEMINISMO\",\"datePublished\":\"2025-11-01T14:52:54+00:00\",\"dateModified\":\"2025-11-01T14:56:20+00:00\",\"mainEntityOfPage\":{\"@id\":\"https:\/\/estadocomarte.pt\/site\/2025\/11\/01\/mitologias-teorias-ideologias-e-outras-idiossincrasias-feminismo\/\"},\"wordCount\":1050,\"commentCount\":0,\"publisher\":{\"@id\":\"https:\/\/estadocomarte.pt\/site\/#organization\"},\"image\":{\"@id\":\"https:\/\/estadocomarte.pt\/site\/2025\/11\/01\/mitologias-teorias-ideologias-e-outras-idiossincrasias-feminismo\/#primaryimage\"},\"thumbnailUrl\":\"https:\/\/estadocomarte.pt\/site\/wp-content\/uploads\/2025\/11\/IMG-20251101-WA0018-1.jpg\",\"keywords\":[\"susana mexia\"],\"articleSection\":[\"Cultura\",\"Isto Para N\u00f3s\"],\"inLanguage\":\"pt-PT\",\"potentialAction\":[{\"@type\":\"CommentAction\",\"name\":\"Comment\",\"target\":[\"https:\/\/estadocomarte.pt\/site\/2025\/11\/01\/mitologias-teorias-ideologias-e-outras-idiossincrasias-feminismo\/#respond\"]}]},{\"@type\":\"WebPage\",\"@id\":\"https:\/\/estadocomarte.pt\/site\/2025\/11\/01\/mitologias-teorias-ideologias-e-outras-idiossincrasias-feminismo\/\",\"url\":\"https:\/\/estadocomarte.pt\/site\/2025\/11\/01\/mitologias-teorias-ideologias-e-outras-idiossincrasias-feminismo\/\",\"name\":\"MITOLOGIAS, TEORIAS, IDEOLOGIAS E OUTRAS IDIOSSINCRASIAS FEMINISMO - Estado com Arte\",\"isPartOf\":{\"@id\":\"https:\/\/estadocomarte.pt\/site\/#website\"},\"primaryImageOfPage\":{\"@id\":\"https:\/\/estadocomarte.pt\/site\/2025\/11\/01\/mitologias-teorias-ideologias-e-outras-idiossincrasias-feminismo\/#primaryimage\"},\"image\":{\"@id\":\"https:\/\/estadocomarte.pt\/site\/2025\/11\/01\/mitologias-teorias-ideologias-e-outras-idiossincrasias-feminismo\/#primaryimage\"},\"thumbnailUrl\":\"https:\/\/estadocomarte.pt\/site\/wp-content\/uploads\/2025\/11\/IMG-20251101-WA0018-1.jpg\",\"datePublished\":\"2025-11-01T14:52:54+00:00\",\"dateModified\":\"2025-11-01T14:56:20+00:00\",\"breadcrumb\":{\"@id\":\"https:\/\/estadocomarte.pt\/site\/2025\/11\/01\/mitologias-teorias-ideologias-e-outras-idiossincrasias-feminismo\/#breadcrumb\"},\"inLanguage\":\"pt-PT\",\"potentialAction\":[{\"@type\":\"ReadAction\",\"target\":[\"https:\/\/estadocomarte.pt\/site\/2025\/11\/01\/mitologias-teorias-ideologias-e-outras-idiossincrasias-feminismo\/\"]}]},{\"@type\":\"ImageObject\",\"inLanguage\":\"pt-PT\",\"@id\":\"https:\/\/estadocomarte.pt\/site\/2025\/11\/01\/mitologias-teorias-ideologias-e-outras-idiossincrasias-feminismo\/#primaryimage\",\"url\":\"https:\/\/estadocomarte.pt\/site\/wp-content\/uploads\/2025\/11\/IMG-20251101-WA0018-1.jpg\",\"contentUrl\":\"https:\/\/estadocomarte.pt\/site\/wp-content\/uploads\/2025\/11\/IMG-20251101-WA0018-1.jpg\",\"width\":561,\"height\":976},{\"@type\":\"BreadcrumbList\",\"@id\":\"https:\/\/estadocomarte.pt\/site\/2025\/11\/01\/mitologias-teorias-ideologias-e-outras-idiossincrasias-feminismo\/#breadcrumb\",\"itemListElement\":[{\"@type\":\"ListItem\",\"position\":1,\"name\":\"In\u00edcio\",\"item\":\"https:\/\/estadocomarte.pt\/site\/\"},{\"@type\":\"ListItem\",\"position\":2,\"name\":\"MITOLOGIAS, TEORIAS, IDEOLOGIAS E OUTRAS IDIOSSINCRASIAS FEMINISMO\"}]},{\"@type\":\"WebSite\",\"@id\":\"https:\/\/estadocomarte.pt\/site\/#website\",\"url\":\"https:\/\/estadocomarte.pt\/site\/\",\"name\":\"Estado com Arte Magazine\",\"description\":\"Magazine\",\"publisher\":{\"@id\":\"https:\/\/estadocomarte.pt\/site\/#organization\"},\"alternateName\":\"Magazine semanal sobre pol\u00edtica e cultura, com autores, opini\u00e3o e cr\u00edticas.\",\"potentialAction\":[{\"@type\":\"SearchAction\",\"target\":{\"@type\":\"EntryPoint\",\"urlTemplate\":\"https:\/\/estadocomarte.pt\/site\/?s={search_term_string}\"},\"query-input\":{\"@type\":\"PropertyValueSpecification\",\"valueRequired\":true,\"valueName\":\"search_term_string\"}}],\"inLanguage\":\"pt-PT\"},{\"@type\":\"Organization\",\"@id\":\"https:\/\/estadocomarte.pt\/site\/#organization\",\"name\":\"Estado com Arte Magazine\",\"alternateName\":\"Magazine semanal sobre pol\u00edtica e cultura, com autores, opini\u00e3o e cr\u00edticas.\",\"url\":\"https:\/\/estadocomarte.pt\/site\/\",\"logo\":{\"@type\":\"ImageObject\",\"inLanguage\":\"pt-PT\",\"@id\":\"https:\/\/estadocomarte.pt\/site\/#\/schema\/logo\/image\/\",\"url\":\"https:\/\/estadocomarte.pt\/site\/wp-content\/uploads\/2023\/06\/cropped-cropped-Prancheta-2@2x-100.jpg\",\"contentUrl\":\"https:\/\/estadocomarte.pt\/site\/wp-content\/uploads\/2023\/06\/cropped-cropped-Prancheta-2@2x-100.jpg\",\"width\":1777,\"height\":592,\"caption\":\"Estado com Arte Magazine\"},\"image\":{\"@id\":\"https:\/\/estadocomarte.pt\/site\/#\/schema\/logo\/image\/\"},\"sameAs\":[\"https:\/\/www.instagram.com\/estadocomartemagazine\"]},{\"@type\":\"Person\",\"@id\":\"https:\/\/estadocomarte.pt\/site\/#\/schema\/person\/c0943a071216c1e5b21f85304151e4ba\",\"name\":\"admin\",\"image\":{\"@type\":\"ImageObject\",\"inLanguage\":\"pt-PT\",\"@id\":\"https:\/\/estadocomarte.pt\/site\/#\/schema\/person\/image\/\",\"url\":\"https:\/\/secure.gravatar.com\/avatar\/e6f378fd6914c8505d3e1d40f51fa953b21bab0f3a5658a33bc84cb5bda780f9?s=96&d=mm&r=g\",\"contentUrl\":\"https:\/\/secure.gravatar.com\/avatar\/e6f378fd6914c8505d3e1d40f51fa953b21bab0f3a5658a33bc84cb5bda780f9?s=96&d=mm&r=g\",\"caption\":\"admin\"},\"sameAs\":[\"https:\/\/estadocomarte.pt\/site\"],\"url\":\"https:\/\/estadocomarte.pt\/site\/author\/admin\/\"}]}<\/script>\n<!-- \/ Yoast SEO plugin. -->","yoast_head_json":{"title":"MITOLOGIAS, TEORIAS, IDEOLOGIAS E OUTRAS IDIOSSINCRASIAS FEMINISMO - Estado com Arte","robots":{"index":"index","follow":"follow","max-snippet":"max-snippet:-1","max-image-preview":"max-image-preview:large","max-video-preview":"max-video-preview:-1"},"canonical":"https:\/\/estadocomarte.pt\/site\/2025\/11\/01\/mitologias-teorias-ideologias-e-outras-idiossincrasias-feminismo\/","og_locale":"pt_PT","og_type":"article","og_title":"MITOLOGIAS, TEORIAS, IDEOLOGIAS E OUTRAS IDIOSSINCRASIAS FEMINISMO - Estado com Arte","og_description":"Susana Mexia\u00a0","og_url":"https:\/\/estadocomarte.pt\/site\/2025\/11\/01\/mitologias-teorias-ideologias-e-outras-idiossincrasias-feminismo\/","og_site_name":"Estado com Arte","article_published_time":"2025-11-01T14:52:54+00:00","article_modified_time":"2025-11-01T14:56:20+00:00","og_image":[{"width":561,"height":976,"url":"https:\/\/estadocomarte.pt\/site\/wp-content\/uploads\/2025\/11\/IMG-20251101-WA0018-1.jpg","type":"image\/jpeg"}],"author":"admin","twitter_card":"summary_large_image","twitter_misc":{"Escrito por":"admin","Tempo estimado de leitura":"6 minutos"},"schema":{"@context":"https:\/\/schema.org","@graph":[{"@type":"Article","@id":"https:\/\/estadocomarte.pt\/site\/2025\/11\/01\/mitologias-teorias-ideologias-e-outras-idiossincrasias-feminismo\/#article","isPartOf":{"@id":"https:\/\/estadocomarte.pt\/site\/2025\/11\/01\/mitologias-teorias-ideologias-e-outras-idiossincrasias-feminismo\/"},"author":{"name":"admin","@id":"https:\/\/estadocomarte.pt\/site\/#\/schema\/person\/c0943a071216c1e5b21f85304151e4ba"},"headline":"MITOLOGIAS, TEORIAS, IDEOLOGIAS E OUTRAS IDIOSSINCRASIAS FEMINISMO","datePublished":"2025-11-01T14:52:54+00:00","dateModified":"2025-11-01T14:56:20+00:00","mainEntityOfPage":{"@id":"https:\/\/estadocomarte.pt\/site\/2025\/11\/01\/mitologias-teorias-ideologias-e-outras-idiossincrasias-feminismo\/"},"wordCount":1050,"commentCount":0,"publisher":{"@id":"https:\/\/estadocomarte.pt\/site\/#organization"},"image":{"@id":"https:\/\/estadocomarte.pt\/site\/2025\/11\/01\/mitologias-teorias-ideologias-e-outras-idiossincrasias-feminismo\/#primaryimage"},"thumbnailUrl":"https:\/\/estadocomarte.pt\/site\/wp-content\/uploads\/2025\/11\/IMG-20251101-WA0018-1.jpg","keywords":["susana mexia"],"articleSection":["Cultura","Isto Para N\u00f3s"],"inLanguage":"pt-PT","potentialAction":[{"@type":"CommentAction","name":"Comment","target":["https:\/\/estadocomarte.pt\/site\/2025\/11\/01\/mitologias-teorias-ideologias-e-outras-idiossincrasias-feminismo\/#respond"]}]},{"@type":"WebPage","@id":"https:\/\/estadocomarte.pt\/site\/2025\/11\/01\/mitologias-teorias-ideologias-e-outras-idiossincrasias-feminismo\/","url":"https:\/\/estadocomarte.pt\/site\/2025\/11\/01\/mitologias-teorias-ideologias-e-outras-idiossincrasias-feminismo\/","name":"MITOLOGIAS, TEORIAS, IDEOLOGIAS E OUTRAS IDIOSSINCRASIAS FEMINISMO - Estado com Arte","isPartOf":{"@id":"https:\/\/estadocomarte.pt\/site\/#website"},"primaryImageOfPage":{"@id":"https:\/\/estadocomarte.pt\/site\/2025\/11\/01\/mitologias-teorias-ideologias-e-outras-idiossincrasias-feminismo\/#primaryimage"},"image":{"@id":"https:\/\/estadocomarte.pt\/site\/2025\/11\/01\/mitologias-teorias-ideologias-e-outras-idiossincrasias-feminismo\/#primaryimage"},"thumbnailUrl":"https:\/\/estadocomarte.pt\/site\/wp-content\/uploads\/2025\/11\/IMG-20251101-WA0018-1.jpg","datePublished":"2025-11-01T14:52:54+00:00","dateModified":"2025-11-01T14:56:20+00:00","breadcrumb":{"@id":"https:\/\/estadocomarte.pt\/site\/2025\/11\/01\/mitologias-teorias-ideologias-e-outras-idiossincrasias-feminismo\/#breadcrumb"},"inLanguage":"pt-PT","potentialAction":[{"@type":"ReadAction","target":["https:\/\/estadocomarte.pt\/site\/2025\/11\/01\/mitologias-teorias-ideologias-e-outras-idiossincrasias-feminismo\/"]}]},{"@type":"ImageObject","inLanguage":"pt-PT","@id":"https:\/\/estadocomarte.pt\/site\/2025\/11\/01\/mitologias-teorias-ideologias-e-outras-idiossincrasias-feminismo\/#primaryimage","url":"https:\/\/estadocomarte.pt\/site\/wp-content\/uploads\/2025\/11\/IMG-20251101-WA0018-1.jpg","contentUrl":"https:\/\/estadocomarte.pt\/site\/wp-content\/uploads\/2025\/11\/IMG-20251101-WA0018-1.jpg","width":561,"height":976},{"@type":"BreadcrumbList","@id":"https:\/\/estadocomarte.pt\/site\/2025\/11\/01\/mitologias-teorias-ideologias-e-outras-idiossincrasias-feminismo\/#breadcrumb","itemListElement":[{"@type":"ListItem","position":1,"name":"In\u00edcio","item":"https:\/\/estadocomarte.pt\/site\/"},{"@type":"ListItem","position":2,"name":"MITOLOGIAS, TEORIAS, IDEOLOGIAS E OUTRAS IDIOSSINCRASIAS FEMINISMO"}]},{"@type":"WebSite","@id":"https:\/\/estadocomarte.pt\/site\/#website","url":"https:\/\/estadocomarte.pt\/site\/","name":"Estado com Arte Magazine","description":"Magazine","publisher":{"@id":"https:\/\/estadocomarte.pt\/site\/#organization"},"alternateName":"Magazine semanal sobre pol\u00edtica e cultura, com autores, opini\u00e3o e cr\u00edticas.","potentialAction":[{"@type":"SearchAction","target":{"@type":"EntryPoint","urlTemplate":"https:\/\/estadocomarte.pt\/site\/?s={search_term_string}"},"query-input":{"@type":"PropertyValueSpecification","valueRequired":true,"valueName":"search_term_string"}}],"inLanguage":"pt-PT"},{"@type":"Organization","@id":"https:\/\/estadocomarte.pt\/site\/#organization","name":"Estado com Arte Magazine","alternateName":"Magazine semanal sobre pol\u00edtica e cultura, com autores, opini\u00e3o e cr\u00edticas.","url":"https:\/\/estadocomarte.pt\/site\/","logo":{"@type":"ImageObject","inLanguage":"pt-PT","@id":"https:\/\/estadocomarte.pt\/site\/#\/schema\/logo\/image\/","url":"https:\/\/estadocomarte.pt\/site\/wp-content\/uploads\/2023\/06\/cropped-cropped-Prancheta-2@2x-100.jpg","contentUrl":"https:\/\/estadocomarte.pt\/site\/wp-content\/uploads\/2023\/06\/cropped-cropped-Prancheta-2@2x-100.jpg","width":1777,"height":592,"caption":"Estado com Arte Magazine"},"image":{"@id":"https:\/\/estadocomarte.pt\/site\/#\/schema\/logo\/image\/"},"sameAs":["https:\/\/www.instagram.com\/estadocomartemagazine"]},{"@type":"Person","@id":"https:\/\/estadocomarte.pt\/site\/#\/schema\/person\/c0943a071216c1e5b21f85304151e4ba","name":"admin","image":{"@type":"ImageObject","inLanguage":"pt-PT","@id":"https:\/\/estadocomarte.pt\/site\/#\/schema\/person\/image\/","url":"https:\/\/secure.gravatar.com\/avatar\/e6f378fd6914c8505d3e1d40f51fa953b21bab0f3a5658a33bc84cb5bda780f9?s=96&d=mm&r=g","contentUrl":"https:\/\/secure.gravatar.com\/avatar\/e6f378fd6914c8505d3e1d40f51fa953b21bab0f3a5658a33bc84cb5bda780f9?s=96&d=mm&r=g","caption":"admin"},"sameAs":["https:\/\/estadocomarte.pt\/site"],"url":"https:\/\/estadocomarte.pt\/site\/author\/admin\/"}]}},"_links":{"self":[{"href":"https:\/\/estadocomarte.pt\/site\/wp-json\/wp\/v2\/posts\/11294","targetHints":{"allow":["GET"]}}],"collection":[{"href":"https:\/\/estadocomarte.pt\/site\/wp-json\/wp\/v2\/posts"}],"about":[{"href":"https:\/\/estadocomarte.pt\/site\/wp-json\/wp\/v2\/types\/post"}],"author":[{"embeddable":true,"href":"https:\/\/estadocomarte.pt\/site\/wp-json\/wp\/v2\/users\/1"}],"replies":[{"embeddable":true,"href":"https:\/\/estadocomarte.pt\/site\/wp-json\/wp\/v2\/comments?post=11294"}],"version-history":[{"count":1,"href":"https:\/\/estadocomarte.pt\/site\/wp-json\/wp\/v2\/posts\/11294\/revisions"}],"predecessor-version":[{"id":11295,"href":"https:\/\/estadocomarte.pt\/site\/wp-json\/wp\/v2\/posts\/11294\/revisions\/11295"}],"wp:featuredmedia":[{"embeddable":true,"href":"https:\/\/estadocomarte.pt\/site\/wp-json\/wp\/v2\/media\/11297"}],"wp:attachment":[{"href":"https:\/\/estadocomarte.pt\/site\/wp-json\/wp\/v2\/media?parent=11294"}],"wp:term":[{"taxonomy":"category","embeddable":true,"href":"https:\/\/estadocomarte.pt\/site\/wp-json\/wp\/v2\/categories?post=11294"},{"taxonomy":"post_tag","embeddable":true,"href":"https:\/\/estadocomarte.pt\/site\/wp-json\/wp\/v2\/tags?post=11294"}],"curies":[{"name":"wp","href":"https:\/\/api.w.org\/{rel}","templated":true}]}}