{"id":11328,"date":"2025-11-04T18:23:35","date_gmt":"2025-11-04T18:23:35","guid":{"rendered":"https:\/\/estadocomarte.pt\/site\/?p=11328"},"modified":"2025-11-06T18:11:25","modified_gmt":"2025-11-06T18:11:25","slug":"joao-soares-zita-seabra-e-jose-ribeiro-e-castro-revisitam-as-eleicoes-constituintes-de-1975","status":"publish","type":"post","link":"https:\/\/estadocomarte.pt\/site\/2025\/11\/04\/joao-soares-zita-seabra-e-jose-ribeiro-e-castro-revisitam-as-eleicoes-constituintes-de-1975\/","title":{"rendered":"Jo\u00e3o Soares, Zita Seabra e Jos\u00e9 Ribeiro e Castro revisitam as elei\u00e7\u00f5es constituintes de 1975"},"content":{"rendered":"<p><strong>\u201cLegitimidade democr\u00e1tica\u201d \u00e9 o tema da pr\u00f3xima sess\u00e3o do ciclo \u201c50 anos do 25 de Novembro\u201d, que ter\u00e1 lugar amanh\u00e3, dia 5 de novembro, no Pal\u00e1cio da Independ\u00eancia, em Lisboa. A sess\u00e3o conta com a participa\u00e7\u00e3o especial de Jo\u00e3o Soares e de Zita Seabra, que v\u00e3o partilhar testemunhos pessoais e conhecimentos pr\u00f3prios sobre tudo o que rodeou a elei\u00e7\u00e3o da Assembleia Constituinte e o significado que teve, podendo ainda abordar o 11 de mar\u00e7o.<\/strong><\/p>\n<p>Promovido pela Sociedade Hist\u00f3rica da Independ\u00eancia de Portugal, o ciclo com o subt\u00edtulo \u201cDesvios, confrontos, percal\u00e7os da Revolu\u00e7\u00e3o e o triunfo da Democracia\u201d, percorre as diferentes fases do processo revolucion\u00e1rio posterior ao 25 de Abril, desde julho de 1974 at\u00e9 ao 25 de novembro de 1975.<\/p>\n<p>A presen\u00e7a de Jo\u00e3o Soares, antigo ministro da Cultura, ex-Presidente da C\u00e2mara Municipal de Lisboa e filho do ex-Presidente da Rep\u00fablica M\u00e1rio Soares, &#8220;assume particular relev\u00e2ncia pelo testemunho direto e pela liga\u00e7\u00e3o familiar a um dos protagonistas centrais da consolida\u00e7\u00e3o da democracia em Portugal, o Dr. M\u00e1rio Soares,&#8221; comenta a organiza\u00e7\u00e3o.<\/p>\n<p>Zita Seabra, antiga militante do Partido Comunista Portugu\u00eas, de que se afastou definitivamente em 1988, contar\u00e1 tamb\u00e9m as &#8220;suas experi\u00eancias pessoais e pol\u00edticas neste dif\u00edcil momento fundador da democracia&#8221;. Nesta sess\u00e3o ao lado dos convidados, participa Jos\u00e9 Ribeiro e Castro, Presidente da Direc\u00e7\u00e3o da Sociedade Hist\u00f3rica, e ent\u00e3o jovem dirigente do CDS, foi candidato \u00e0s elei\u00e7\u00f5es constituintes, embora n\u00e3o eleito.<\/p>\n<p>O jornalista Henrique Monteiro ser\u00e1 moderador da sess\u00e3o, que conta ainda com o painel residente do ciclo, composto desta vez por Carlos Magno, Nuno Rogeiro e Jos\u00e9 Lu\u00eds Ramos Pinheiro. A sess\u00e3o realiza-se na quarta-feira, dia 5 de novembro, \u00e0s 15h30, no Pal\u00e1cio da Independ\u00eancia, em Lisboa.<\/p>\n<p>O calend\u00e1rio do Ciclo ter\u00e1 ainda as seguintes sess\u00f5es:<\/p>\n<p>5.nov.2025: Legitimidade democr\u00e1tica &#8211; 25.abr.75 | elei\u00e7\u00f5es constituintes.<\/p>\n<p>19.nov.2025: A acelera\u00e7\u00e3o &#8211; Ver\u00e3o Quente | ago.75 \u2013 nov.75.<\/p>\n<p>26.nov.2025: Democracia e Liberdade: 25 de novembro<\/p>\n<p>Haver\u00e1 transmiss\u00e3o online em directo, via streaming, nas seguintes plataformas:<br \/>\nFacebook: https:\/\/www.facebook.com\/sociedadehistorica\/<br \/>\nYouTube: https:\/\/www.youtube.com\/@sociedadehistorica<\/p>\n<p>A iniciativa, iniciada em 15 de outubro, decorre ao longo de sete encontros, at\u00e9 26 de novembro e contar\u00e1 com PAL\u00c1CIO DA INDEPEND\u00caNCIA no LARGO DE S. DOMINGOS, em Lisboa.<\/p>\n<p>As sess\u00f5es s\u00e3o p\u00fablicas, mas devido \u00e0s limita\u00e7\u00f5es da sala devem fazer inscri\u00e7\u00e3o atrav\u00e9s do email: ship.direccao@sociedadehistorica.pt<\/p>\n","protected":false},"excerpt":{"rendered":"<p>Marta Roque<\/p>\n","protected":false},"author":1,"featured_media":11329,"comment_status":"open","ping_status":"open","sticky":false,"template":"","format":"standard","meta":{"site-sidebar-layout":"default","site-content-layout":"default","ast-global-header-display":"","ast-banner-title-visibility":"","ast-main-header-display":"","ast-hfb-above-header-display":"","ast-hfb-below-header-display":"","ast-hfb-mobile-header-display":"","site-post-title":"","ast-breadcrumbs-content":"","ast-featured-img":"","footer-sml-layout":"","theme-transparent-header-meta":"default","adv-header-id-meta":"","stick-header-meta":"","header-above-stick-meta":"","header-main-stick-meta":"","header-below-stick-meta":"","footnotes":""},"categories":[4],"tags":[2239,2238,2240],"class_list":["post-11328","post","type-post","status-publish","format-standard","has-post-thumbnail","hentry","category-politica","tag-2239","tag-25-de-novembro","tag-palacio-da-indepencia-nacional"],"yoast_head":"<!-- This site is optimized with the Yoast SEO plugin v25.1 - https:\/\/yoast.com\/wordpress\/plugins\/seo\/ -->\n<title>Jo\u00e3o Soares, Zita Seabra e Jos\u00e9 Ribeiro e Castro revisitam as elei\u00e7\u00f5es constituintes de 1975 - Estado com Arte<\/title>\n<meta name=\"robots\" content=\"index, follow, max-snippet:-1, max-image-preview:large, max-video-preview:-1\" \/>\n<link rel=\"canonical\" href=\"https:\/\/estadocomarte.pt\/site\/2025\/11\/04\/joao-soares-zita-seabra-e-jose-ribeiro-e-castro-revisitam-as-eleicoes-constituintes-de-1975\/\" \/>\n<meta property=\"og:locale\" content=\"pt_PT\" \/>\n<meta property=\"og:type\" content=\"article\" \/>\n<meta property=\"og:title\" content=\"Jo\u00e3o Soares, Zita Seabra e Jos\u00e9 Ribeiro e Castro revisitam as elei\u00e7\u00f5es constituintes de 1975 - Estado com Arte\" \/>\n<meta property=\"og:description\" content=\"Marta Roque\" \/>\n<meta property=\"og:url\" content=\"https:\/\/estadocomarte.pt\/site\/2025\/11\/04\/joao-soares-zita-seabra-e-jose-ribeiro-e-castro-revisitam-as-eleicoes-constituintes-de-1975\/\" \/>\n<meta property=\"og:site_name\" content=\"Estado com Arte\" \/>\n<meta property=\"article:published_time\" content=\"2025-11-04T18:23:35+00:00\" \/>\n<meta property=\"article:modified_time\" content=\"2025-11-06T18:11:25+00:00\" \/>\n<meta property=\"og:image\" content=\"https:\/\/estadocomarte.pt\/site\/wp-content\/uploads\/2025\/11\/25-de-novembro.jpg\" \/>\n\t<meta property=\"og:image:width\" content=\"499\" \/>\n\t<meta property=\"og:image:height\" content=\"281\" \/>\n\t<meta property=\"og:image:type\" content=\"image\/jpeg\" \/>\n<meta name=\"author\" content=\"admin\" \/>\n<meta name=\"twitter:card\" content=\"summary_large_image\" \/>\n<meta name=\"twitter:label1\" content=\"Escrito por\" \/>\n\t<meta name=\"twitter:data1\" content=\"admin\" \/>\n\t<meta name=\"twitter:label2\" content=\"Tempo estimado de leitura\" \/>\n\t<meta name=\"twitter:data2\" content=\"3 minutos\" \/>\n<script type=\"application\/ld+json\" class=\"yoast-schema-graph\">{\"@context\":\"https:\/\/schema.org\",\"@graph\":[{\"@type\":\"Article\",\"@id\":\"https:\/\/estadocomarte.pt\/site\/2025\/11\/04\/joao-soares-zita-seabra-e-jose-ribeiro-e-castro-revisitam-as-eleicoes-constituintes-de-1975\/#article\",\"isPartOf\":{\"@id\":\"https:\/\/estadocomarte.pt\/site\/2025\/11\/04\/joao-soares-zita-seabra-e-jose-ribeiro-e-castro-revisitam-as-eleicoes-constituintes-de-1975\/\"},\"author\":{\"name\":\"admin\",\"@id\":\"https:\/\/estadocomarte.pt\/site\/#\/schema\/person\/c0943a071216c1e5b21f85304151e4ba\"},\"headline\":\"Jo\u00e3o Soares, Zita Seabra e Jos\u00e9 Ribeiro e Castro revisitam as elei\u00e7\u00f5es constituintes de 1975\",\"datePublished\":\"2025-11-04T18:23:35+00:00\",\"dateModified\":\"2025-11-06T18:11:25+00:00\",\"mainEntityOfPage\":{\"@id\":\"https:\/\/estadocomarte.pt\/site\/2025\/11\/04\/joao-soares-zita-seabra-e-jose-ribeiro-e-castro-revisitam-as-eleicoes-constituintes-de-1975\/\"},\"wordCount\":442,\"commentCount\":0,\"publisher\":{\"@id\":\"https:\/\/estadocomarte.pt\/site\/#organization\"},\"image\":{\"@id\":\"https:\/\/estadocomarte.pt\/site\/2025\/11\/04\/joao-soares-zita-seabra-e-jose-ribeiro-e-castro-revisitam-as-eleicoes-constituintes-de-1975\/#primaryimage\"},\"thumbnailUrl\":\"https:\/\/estadocomarte.pt\/site\/wp-content\/uploads\/2025\/11\/25-de-novembro.jpg\",\"keywords\":[\"1975\",\"25 de novembro\",\"palacio da indepencia nacional\"],\"articleSection\":[\"Pol\u00edtica\"],\"inLanguage\":\"pt-PT\",\"potentialAction\":[{\"@type\":\"CommentAction\",\"name\":\"Comment\",\"target\":[\"https:\/\/estadocomarte.pt\/site\/2025\/11\/04\/joao-soares-zita-seabra-e-jose-ribeiro-e-castro-revisitam-as-eleicoes-constituintes-de-1975\/#respond\"]}]},{\"@type\":\"WebPage\",\"@id\":\"https:\/\/estadocomarte.pt\/site\/2025\/11\/04\/joao-soares-zita-seabra-e-jose-ribeiro-e-castro-revisitam-as-eleicoes-constituintes-de-1975\/\",\"url\":\"https:\/\/estadocomarte.pt\/site\/2025\/11\/04\/joao-soares-zita-seabra-e-jose-ribeiro-e-castro-revisitam-as-eleicoes-constituintes-de-1975\/\",\"name\":\"Jo\u00e3o Soares, Zita Seabra e Jos\u00e9 Ribeiro e Castro revisitam as elei\u00e7\u00f5es constituintes de 1975 - Estado com Arte\",\"isPartOf\":{\"@id\":\"https:\/\/estadocomarte.pt\/site\/#website\"},\"primaryImageOfPage\":{\"@id\":\"https:\/\/estadocomarte.pt\/site\/2025\/11\/04\/joao-soares-zita-seabra-e-jose-ribeiro-e-castro-revisitam-as-eleicoes-constituintes-de-1975\/#primaryimage\"},\"image\":{\"@id\":\"https:\/\/estadocomarte.pt\/site\/2025\/11\/04\/joao-soares-zita-seabra-e-jose-ribeiro-e-castro-revisitam-as-eleicoes-constituintes-de-1975\/#primaryimage\"},\"thumbnailUrl\":\"https:\/\/estadocomarte.pt\/site\/wp-content\/uploads\/2025\/11\/25-de-novembro.jpg\",\"datePublished\":\"2025-11-04T18:23:35+00:00\",\"dateModified\":\"2025-11-06T18:11:25+00:00\",\"breadcrumb\":{\"@id\":\"https:\/\/estadocomarte.pt\/site\/2025\/11\/04\/joao-soares-zita-seabra-e-jose-ribeiro-e-castro-revisitam-as-eleicoes-constituintes-de-1975\/#breadcrumb\"},\"inLanguage\":\"pt-PT\",\"potentialAction\":[{\"@type\":\"ReadAction\",\"target\":[\"https:\/\/estadocomarte.pt\/site\/2025\/11\/04\/joao-soares-zita-seabra-e-jose-ribeiro-e-castro-revisitam-as-eleicoes-constituintes-de-1975\/\"]}]},{\"@type\":\"ImageObject\",\"inLanguage\":\"pt-PT\",\"@id\":\"https:\/\/estadocomarte.pt\/site\/2025\/11\/04\/joao-soares-zita-seabra-e-jose-ribeiro-e-castro-revisitam-as-eleicoes-constituintes-de-1975\/#primaryimage\",\"url\":\"https:\/\/estadocomarte.pt\/site\/wp-content\/uploads\/2025\/11\/25-de-novembro.jpg\",\"contentUrl\":\"https:\/\/estadocomarte.pt\/site\/wp-content\/uploads\/2025\/11\/25-de-novembro.jpg\",\"width\":499,\"height\":281},{\"@type\":\"BreadcrumbList\",\"@id\":\"https:\/\/estadocomarte.pt\/site\/2025\/11\/04\/joao-soares-zita-seabra-e-jose-ribeiro-e-castro-revisitam-as-eleicoes-constituintes-de-1975\/#breadcrumb\",\"itemListElement\":[{\"@type\":\"ListItem\",\"position\":1,\"name\":\"In\u00edcio\",\"item\":\"https:\/\/estadocomarte.pt\/site\/\"},{\"@type\":\"ListItem\",\"position\":2,\"name\":\"Jo\u00e3o Soares, Zita Seabra e Jos\u00e9 Ribeiro e Castro revisitam as elei\u00e7\u00f5es constituintes de 1975\"}]},{\"@type\":\"WebSite\",\"@id\":\"https:\/\/estadocomarte.pt\/site\/#website\",\"url\":\"https:\/\/estadocomarte.pt\/site\/\",\"name\":\"Estado com Arte Magazine\",\"description\":\"Magazine\",\"publisher\":{\"@id\":\"https:\/\/estadocomarte.pt\/site\/#organization\"},\"alternateName\":\"Magazine semanal sobre pol\u00edtica e cultura, com autores, opini\u00e3o e cr\u00edticas.\",\"potentialAction\":[{\"@type\":\"SearchAction\",\"target\":{\"@type\":\"EntryPoint\",\"urlTemplate\":\"https:\/\/estadocomarte.pt\/site\/?s={search_term_string}\"},\"query-input\":{\"@type\":\"PropertyValueSpecification\",\"valueRequired\":true,\"valueName\":\"search_term_string\"}}],\"inLanguage\":\"pt-PT\"},{\"@type\":\"Organization\",\"@id\":\"https:\/\/estadocomarte.pt\/site\/#organization\",\"name\":\"Estado com Arte Magazine\",\"alternateName\":\"Magazine semanal sobre pol\u00edtica e cultura, com autores, opini\u00e3o e cr\u00edticas.\",\"url\":\"https:\/\/estadocomarte.pt\/site\/\",\"logo\":{\"@type\":\"ImageObject\",\"inLanguage\":\"pt-PT\",\"@id\":\"https:\/\/estadocomarte.pt\/site\/#\/schema\/logo\/image\/\",\"url\":\"https:\/\/estadocomarte.pt\/site\/wp-content\/uploads\/2023\/06\/cropped-cropped-Prancheta-2@2x-100.jpg\",\"contentUrl\":\"https:\/\/estadocomarte.pt\/site\/wp-content\/uploads\/2023\/06\/cropped-cropped-Prancheta-2@2x-100.jpg\",\"width\":1777,\"height\":592,\"caption\":\"Estado com Arte Magazine\"},\"image\":{\"@id\":\"https:\/\/estadocomarte.pt\/site\/#\/schema\/logo\/image\/\"},\"sameAs\":[\"https:\/\/www.instagram.com\/estadocomartemagazine\"]},{\"@type\":\"Person\",\"@id\":\"https:\/\/estadocomarte.pt\/site\/#\/schema\/person\/c0943a071216c1e5b21f85304151e4ba\",\"name\":\"admin\",\"image\":{\"@type\":\"ImageObject\",\"inLanguage\":\"pt-PT\",\"@id\":\"https:\/\/estadocomarte.pt\/site\/#\/schema\/person\/image\/\",\"url\":\"https:\/\/secure.gravatar.com\/avatar\/e6f378fd6914c8505d3e1d40f51fa953b21bab0f3a5658a33bc84cb5bda780f9?s=96&d=mm&r=g\",\"contentUrl\":\"https:\/\/secure.gravatar.com\/avatar\/e6f378fd6914c8505d3e1d40f51fa953b21bab0f3a5658a33bc84cb5bda780f9?s=96&d=mm&r=g\",\"caption\":\"admin\"},\"sameAs\":[\"https:\/\/estadocomarte.pt\/site\"],\"url\":\"https:\/\/estadocomarte.pt\/site\/author\/admin\/\"}]}<\/script>\n<!-- \/ Yoast SEO plugin. -->","yoast_head_json":{"title":"Jo\u00e3o Soares, Zita Seabra e Jos\u00e9 Ribeiro e Castro revisitam as elei\u00e7\u00f5es constituintes de 1975 - Estado com Arte","robots":{"index":"index","follow":"follow","max-snippet":"max-snippet:-1","max-image-preview":"max-image-preview:large","max-video-preview":"max-video-preview:-1"},"canonical":"https:\/\/estadocomarte.pt\/site\/2025\/11\/04\/joao-soares-zita-seabra-e-jose-ribeiro-e-castro-revisitam-as-eleicoes-constituintes-de-1975\/","og_locale":"pt_PT","og_type":"article","og_title":"Jo\u00e3o Soares, Zita Seabra e Jos\u00e9 Ribeiro e Castro revisitam as elei\u00e7\u00f5es constituintes de 1975 - Estado com Arte","og_description":"Marta Roque","og_url":"https:\/\/estadocomarte.pt\/site\/2025\/11\/04\/joao-soares-zita-seabra-e-jose-ribeiro-e-castro-revisitam-as-eleicoes-constituintes-de-1975\/","og_site_name":"Estado com Arte","article_published_time":"2025-11-04T18:23:35+00:00","article_modified_time":"2025-11-06T18:11:25+00:00","og_image":[{"width":499,"height":281,"url":"https:\/\/estadocomarte.pt\/site\/wp-content\/uploads\/2025\/11\/25-de-novembro.jpg","type":"image\/jpeg"}],"author":"admin","twitter_card":"summary_large_image","twitter_misc":{"Escrito por":"admin","Tempo estimado de leitura":"3 minutos"},"schema":{"@context":"https:\/\/schema.org","@graph":[{"@type":"Article","@id":"https:\/\/estadocomarte.pt\/site\/2025\/11\/04\/joao-soares-zita-seabra-e-jose-ribeiro-e-castro-revisitam-as-eleicoes-constituintes-de-1975\/#article","isPartOf":{"@id":"https:\/\/estadocomarte.pt\/site\/2025\/11\/04\/joao-soares-zita-seabra-e-jose-ribeiro-e-castro-revisitam-as-eleicoes-constituintes-de-1975\/"},"author":{"name":"admin","@id":"https:\/\/estadocomarte.pt\/site\/#\/schema\/person\/c0943a071216c1e5b21f85304151e4ba"},"headline":"Jo\u00e3o Soares, Zita Seabra e Jos\u00e9 Ribeiro e Castro revisitam as elei\u00e7\u00f5es constituintes de 1975","datePublished":"2025-11-04T18:23:35+00:00","dateModified":"2025-11-06T18:11:25+00:00","mainEntityOfPage":{"@id":"https:\/\/estadocomarte.pt\/site\/2025\/11\/04\/joao-soares-zita-seabra-e-jose-ribeiro-e-castro-revisitam-as-eleicoes-constituintes-de-1975\/"},"wordCount":442,"commentCount":0,"publisher":{"@id":"https:\/\/estadocomarte.pt\/site\/#organization"},"image":{"@id":"https:\/\/estadocomarte.pt\/site\/2025\/11\/04\/joao-soares-zita-seabra-e-jose-ribeiro-e-castro-revisitam-as-eleicoes-constituintes-de-1975\/#primaryimage"},"thumbnailUrl":"https:\/\/estadocomarte.pt\/site\/wp-content\/uploads\/2025\/11\/25-de-novembro.jpg","keywords":["1975","25 de novembro","palacio da indepencia nacional"],"articleSection":["Pol\u00edtica"],"inLanguage":"pt-PT","potentialAction":[{"@type":"CommentAction","name":"Comment","target":["https:\/\/estadocomarte.pt\/site\/2025\/11\/04\/joao-soares-zita-seabra-e-jose-ribeiro-e-castro-revisitam-as-eleicoes-constituintes-de-1975\/#respond"]}]},{"@type":"WebPage","@id":"https:\/\/estadocomarte.pt\/site\/2025\/11\/04\/joao-soares-zita-seabra-e-jose-ribeiro-e-castro-revisitam-as-eleicoes-constituintes-de-1975\/","url":"https:\/\/estadocomarte.pt\/site\/2025\/11\/04\/joao-soares-zita-seabra-e-jose-ribeiro-e-castro-revisitam-as-eleicoes-constituintes-de-1975\/","name":"Jo\u00e3o Soares, Zita Seabra e Jos\u00e9 Ribeiro e Castro revisitam as elei\u00e7\u00f5es constituintes de 1975 - Estado com Arte","isPartOf":{"@id":"https:\/\/estadocomarte.pt\/site\/#website"},"primaryImageOfPage":{"@id":"https:\/\/estadocomarte.pt\/site\/2025\/11\/04\/joao-soares-zita-seabra-e-jose-ribeiro-e-castro-revisitam-as-eleicoes-constituintes-de-1975\/#primaryimage"},"image":{"@id":"https:\/\/estadocomarte.pt\/site\/2025\/11\/04\/joao-soares-zita-seabra-e-jose-ribeiro-e-castro-revisitam-as-eleicoes-constituintes-de-1975\/#primaryimage"},"thumbnailUrl":"https:\/\/estadocomarte.pt\/site\/wp-content\/uploads\/2025\/11\/25-de-novembro.jpg","datePublished":"2025-11-04T18:23:35+00:00","dateModified":"2025-11-06T18:11:25+00:00","breadcrumb":{"@id":"https:\/\/estadocomarte.pt\/site\/2025\/11\/04\/joao-soares-zita-seabra-e-jose-ribeiro-e-castro-revisitam-as-eleicoes-constituintes-de-1975\/#breadcrumb"},"inLanguage":"pt-PT","potentialAction":[{"@type":"ReadAction","target":["https:\/\/estadocomarte.pt\/site\/2025\/11\/04\/joao-soares-zita-seabra-e-jose-ribeiro-e-castro-revisitam-as-eleicoes-constituintes-de-1975\/"]}]},{"@type":"ImageObject","inLanguage":"pt-PT","@id":"https:\/\/estadocomarte.pt\/site\/2025\/11\/04\/joao-soares-zita-seabra-e-jose-ribeiro-e-castro-revisitam-as-eleicoes-constituintes-de-1975\/#primaryimage","url":"https:\/\/estadocomarte.pt\/site\/wp-content\/uploads\/2025\/11\/25-de-novembro.jpg","contentUrl":"https:\/\/estadocomarte.pt\/site\/wp-content\/uploads\/2025\/11\/25-de-novembro.jpg","width":499,"height":281},{"@type":"BreadcrumbList","@id":"https:\/\/estadocomarte.pt\/site\/2025\/11\/04\/joao-soares-zita-seabra-e-jose-ribeiro-e-castro-revisitam-as-eleicoes-constituintes-de-1975\/#breadcrumb","itemListElement":[{"@type":"ListItem","position":1,"name":"In\u00edcio","item":"https:\/\/estadocomarte.pt\/site\/"},{"@type":"ListItem","position":2,"name":"Jo\u00e3o Soares, Zita Seabra e Jos\u00e9 Ribeiro e Castro revisitam as elei\u00e7\u00f5es constituintes de 1975"}]},{"@type":"WebSite","@id":"https:\/\/estadocomarte.pt\/site\/#website","url":"https:\/\/estadocomarte.pt\/site\/","name":"Estado com Arte Magazine","description":"Magazine","publisher":{"@id":"https:\/\/estadocomarte.pt\/site\/#organization"},"alternateName":"Magazine semanal sobre pol\u00edtica e cultura, com autores, opini\u00e3o e cr\u00edticas.","potentialAction":[{"@type":"SearchAction","target":{"@type":"EntryPoint","urlTemplate":"https:\/\/estadocomarte.pt\/site\/?s={search_term_string}"},"query-input":{"@type":"PropertyValueSpecification","valueRequired":true,"valueName":"search_term_string"}}],"inLanguage":"pt-PT"},{"@type":"Organization","@id":"https:\/\/estadocomarte.pt\/site\/#organization","name":"Estado com Arte Magazine","alternateName":"Magazine semanal sobre pol\u00edtica e cultura, com autores, opini\u00e3o e cr\u00edticas.","url":"https:\/\/estadocomarte.pt\/site\/","logo":{"@type":"ImageObject","inLanguage":"pt-PT","@id":"https:\/\/estadocomarte.pt\/site\/#\/schema\/logo\/image\/","url":"https:\/\/estadocomarte.pt\/site\/wp-content\/uploads\/2023\/06\/cropped-cropped-Prancheta-2@2x-100.jpg","contentUrl":"https:\/\/estadocomarte.pt\/site\/wp-content\/uploads\/2023\/06\/cropped-cropped-Prancheta-2@2x-100.jpg","width":1777,"height":592,"caption":"Estado com Arte Magazine"},"image":{"@id":"https:\/\/estadocomarte.pt\/site\/#\/schema\/logo\/image\/"},"sameAs":["https:\/\/www.instagram.com\/estadocomartemagazine"]},{"@type":"Person","@id":"https:\/\/estadocomarte.pt\/site\/#\/schema\/person\/c0943a071216c1e5b21f85304151e4ba","name":"admin","image":{"@type":"ImageObject","inLanguage":"pt-PT","@id":"https:\/\/estadocomarte.pt\/site\/#\/schema\/person\/image\/","url":"https:\/\/secure.gravatar.com\/avatar\/e6f378fd6914c8505d3e1d40f51fa953b21bab0f3a5658a33bc84cb5bda780f9?s=96&d=mm&r=g","contentUrl":"https:\/\/secure.gravatar.com\/avatar\/e6f378fd6914c8505d3e1d40f51fa953b21bab0f3a5658a33bc84cb5bda780f9?s=96&d=mm&r=g","caption":"admin"},"sameAs":["https:\/\/estadocomarte.pt\/site"],"url":"https:\/\/estadocomarte.pt\/site\/author\/admin\/"}]}},"_links":{"self":[{"href":"https:\/\/estadocomarte.pt\/site\/wp-json\/wp\/v2\/posts\/11328","targetHints":{"allow":["GET"]}}],"collection":[{"href":"https:\/\/estadocomarte.pt\/site\/wp-json\/wp\/v2\/posts"}],"about":[{"href":"https:\/\/estadocomarte.pt\/site\/wp-json\/wp\/v2\/types\/post"}],"author":[{"embeddable":true,"href":"https:\/\/estadocomarte.pt\/site\/wp-json\/wp\/v2\/users\/1"}],"replies":[{"embeddable":true,"href":"https:\/\/estadocomarte.pt\/site\/wp-json\/wp\/v2\/comments?post=11328"}],"version-history":[{"count":5,"href":"https:\/\/estadocomarte.pt\/site\/wp-json\/wp\/v2\/posts\/11328\/revisions"}],"predecessor-version":[{"id":11335,"href":"https:\/\/estadocomarte.pt\/site\/wp-json\/wp\/v2\/posts\/11328\/revisions\/11335"}],"wp:featuredmedia":[{"embeddable":true,"href":"https:\/\/estadocomarte.pt\/site\/wp-json\/wp\/v2\/media\/11329"}],"wp:attachment":[{"href":"https:\/\/estadocomarte.pt\/site\/wp-json\/wp\/v2\/media?parent=11328"}],"wp:term":[{"taxonomy":"category","embeddable":true,"href":"https:\/\/estadocomarte.pt\/site\/wp-json\/wp\/v2\/categories?post=11328"},{"taxonomy":"post_tag","embeddable":true,"href":"https:\/\/estadocomarte.pt\/site\/wp-json\/wp\/v2\/tags?post=11328"}],"curies":[{"name":"wp","href":"https:\/\/api.w.org\/{rel}","templated":true}]}}