{"id":11341,"date":"2025-11-06T17:55:46","date_gmt":"2025-11-06T17:55:46","guid":{"rendered":"https:\/\/estadocomarte.pt\/site\/?p=11341"},"modified":"2025-11-06T19:18:05","modified_gmt":"2025-11-06T19:18:05","slug":"rahul-onkon-mantenham-se-fieis-a-vossa-voz-mas-nunca-parem-de-explorar","status":"publish","type":"post","link":"https:\/\/estadocomarte.pt\/site\/2025\/11\/06\/rahul-onkon-mantenham-se-fieis-a-vossa-voz-mas-nunca-parem-de-explorar\/","title":{"rendered":"Rahul Onkon. &#8220;Mantenham-se fi\u00e9is \u00e0 vossa voz, mas nunca parem de explorar.&#8221;"},"content":{"rendered":"<p><strong>Rahul Onkon recebeu o Pr\u00e9mio Internacional MAC &#8211;<\/strong><strong> Movimento Arte Contempor\u00e2nea, no 32\u00ba anivers\u00e1rio de pr\u00e9mios desta institui\u00e7\u00e3o, que se dedica h\u00e1 d\u00e9cadas a apoiar artistas e a &#8220;promover um interc\u00e2mbio genu\u00edno atrav\u00e9s da arte&#8221;, diz o pintor de aguarelas. <\/strong><\/p>\n<p><strong>Um pr\u00e9mio que para o artista &#8220;\u00e9 uma honra que vai muito al\u00e9m do reconhecimento \u2014 \u00e9 como construir uma ponte entre mundos.&#8221; A exposi\u00e7\u00e3o no MAC, em Lisboa, decorre at\u00e9 28 de novembro.<\/strong><\/p>\n<p>Este pr\u00e9mio representa o &#8220;poder da arte de transcender fronteiras, idiomas e tradi\u00e7\u00f5es&#8221;, assume Onkon.\u00a0 O <strong>Pr\u00e9mio Internacional MAC 2025\u00a0<\/strong> &#8220;reconhece uma jornada constru\u00edda sobre curiosidade, emo\u00e7\u00e3o e um di\u00e1logo cont\u00ednuo entre culturas&#8221;, admite o artista ao Estado com Arte Magazine, que atribui a \u00c1lvaro Lobato de Faria, uma curadoria criteriosa e com uma vis\u00e3o art\u00edstica de valor.<\/p>\n<p>Rahul trabalha no Hub criativo Ceres- Caldas da Rainha, considera que o trabalho que faz em v\u00e1rios lugares de Portugal, onde tem experi\u00eancias art\u00edsticas &#8220;tornou-se parte essencial&#8221; na sua vida criativa. &#8220;H\u00e1 uma for\u00e7a silenciosa neste lugar \u2014 a luz, o ritmo, a forma como as pessoas vivem rodeadas de arte.&#8221;<\/p>\n<p>A cidade das Caldas, em particular, &#8220;tem uma atmosfera que convida \u00e0 reflex\u00e3o e \u00e0 experimenta\u00e7\u00e3o. \u00c9 um espa\u00e7o onde a tradi\u00e7\u00e3o encontra a curiosidade, e esse equil\u00edbrio mant\u00e9m o meu trabalho vivo e em constante evolu\u00e7\u00e3o&#8221;, sublinha Rahul.<\/p>\n<p>Considera que Portugal tem um profundo respeito pela cultura e uma abertura, o que permite a que artistas de todo o mundo se sintam em casa. &#8220;Aprendi tanto com a paisagem e a hist\u00f3ria do pa\u00eds quanto com o seu povo \u2014 generoso, com os p\u00e9s no ch\u00e3o e infinitamente criativo.&#8221;<\/p>\n<p>&#8220;O que realmente me emociona \u00e9 que este pr\u00e9mio do MAC \u2013 Movimento Arte Contempor\u00e2nea, uma institui\u00e7\u00e3o que se dedica h\u00e1 d\u00e9cadas a nutrir artistas e a promover um interc\u00e2mbio genu\u00edno atrav\u00e9s da arte. Fazer parte dessa hist\u00f3ria \u2014 e ter meu trabalho em aquarela reconhecido como parte dessa linguagem universal \u2014 \u00e9 profundamente significativo,&#8221; comenta ao Magazine.<\/p>\n<p>Para o autor de obras de aguarela &#8220;este reconhecimento refor\u00e7a minha cren\u00e7a de que a pintura, em sua melhor forma, nos conecta atrav\u00e9s da emo\u00e7\u00e3o compartilhada e da reflex\u00e3o silenciosa. \u00c9 ao mesmo tempo gratificante e inspirador, e o recebo com gratid\u00e3o \u2014 especialmente ao Dr. \u00c1lvaro Lobato de Faria.&#8221;<\/p>\n<p>&#8220;Se eu pudesse compartilhar uma mensagem com jovens artistas, seria esta: mantenham-se fi\u00e9is \u00e0 sua voz, mas nunca parem de explorar. Deixem que o ambiente ao seu redor os ensine. A arte n\u00e3o \u00e9 apenas o que pintamos \u2014 \u00e9 como vivemos, observamos e nos conectamos&#8221;, confessa o artista.<\/p>\n<p><strong>O MAC &#8211; Movimento Arte Contempor\u00e2nea<\/strong><\/p>\n<p>No in\u00edcio dos anos 90, aparecia na cena art\u00edstica de Lisboa um novo espa\u00e7o cultural que abria portas no n\u00ba9\/C, da Rua do Sol ao Rato. O MAC &#8211; Movimento Arte Contempor\u00e2nea, ainda jovem institui\u00e7\u00e3o, sentiu a necessidade de proceder a uma reestrutura\u00e7\u00e3o da org\u00e2nica cultural da cidade, respondendo com crescente efic\u00e1cia e efici\u00eancia pedag\u00f3gicas perante os p\u00fablicos, em detrimento da componente comercial que \u00e0 partida o caracterizava, para isso contando com o apoio de diversos parceiros, designadamente na salvaguarda e valoriza\u00e7\u00e3o de nomes e refer\u00eancias incontest\u00e1veis da cena art\u00edstica portuguesa, no incentivo \u00e0 cria\u00e7\u00e3o e \u00e0 divulga\u00e7\u00e3o culturais, na aposta pela educa\u00e7\u00e3o e sensibilidade art\u00edsticas, promovendo a qualidade, permitindo sustentar uma altera\u00e7\u00e3o no acesso dos cidad\u00e3os \u00e0 cultura e \u00e0 forma\u00e7\u00e3o do gosto.<\/p>\n<p>Com o decorrer do tempo e gra\u00e7as \u00e0 actividade permanente do MAC, foi poss\u00edvel conquistar um lugar dentro das Artes Pl\u00e1sticas e reunir em torno dos artistas.<\/p>\n<p>A dimens\u00e3o internacional come\u00e7ou a adquirir peso crescente no MAC \u2013 que desde a sua funda\u00e7\u00e3o desenvolve projectos em parceria com cong\u00e9neres de outros pa\u00edses lus\u00f3fonos (Angola, Cabo Verde, Brasil, Guin\u00e9, etc.) acolhendo artista oriundos destes pa\u00edses nos seus espa\u00e7os, actividades e programa\u00e7\u00e3o.<\/p>\n<p>Uma das principais fun\u00e7\u00f5es dos Pr\u00e9mios MAC traduz-se num particular apelo e co-responsabiliza\u00e7\u00e3o das grandes institui\u00e7\u00f5es com impacto a n\u00edvel cultural, para o indispens\u00e1vel desenvolvimento de uma estrat\u00e9gia coerente, consistente e eficaz, com a obriga\u00e7\u00e3o de valorizar a diversidade das iniciativas que se desenvolvem na sociedade e, de igual modo, estimular formas de coopera\u00e7\u00e3o entre as diversas entidades que actuam na promo\u00e7\u00e3o e divulga\u00e7\u00e3o de eventos.<\/p>\n<p>Numa centena de artista pl\u00e1sticos com os quais trabalham, s\u00e3o diversos os nomes sendo in\u00fameros os premiados: Martins Correia, Hil\u00e1rio Teixeira Lopes, Artur Bual, Alberto Gordillo, Aberto Cedron, Jo\u00e3o Duarte, Matilde Mar\u00e7al, Lu\u00edsa Nogueira, Figueiredo Sobral, ou mais recentemente, Roberto Chichorro, Maria Jo\u00e3o Franco e Nelson Dias que, entre tantos outros.<\/p>\n","protected":false},"excerpt":{"rendered":"<p>Marta Roque<\/p>\n","protected":false},"author":1,"featured_media":11351,"comment_status":"open","ping_status":"open","sticky":false,"template":"","format":"standard","meta":{"site-sidebar-layout":"default","site-content-layout":"default","ast-global-header-display":"","ast-banner-title-visibility":"","ast-main-header-display":"","ast-hfb-above-header-display":"","ast-hfb-below-header-display":"","ast-hfb-mobile-header-display":"","site-post-title":"","ast-breadcrumbs-content":"","ast-featured-img":"","footer-sml-layout":"","theme-transparent-header-meta":"default","adv-header-id-meta":"","stick-header-meta":"","header-above-stick-meta":"","header-main-stick-meta":"","header-below-stick-meta":"","footnotes":""},"categories":[7],"tags":[2243,2244],"class_list":["post-11341","post","type-post","status-publish","format-standard","has-post-thumbnail","hentry","category-cultura","tag-alvaro-lobato-de-faria","tag-rahul-onkon"],"yoast_head":"<!-- This site is optimized with the Yoast SEO plugin v25.1 - https:\/\/yoast.com\/wordpress\/plugins\/seo\/ -->\n<title>Rahul Onkon. &quot;Mantenham-se fi\u00e9is \u00e0 vossa voz, mas nunca parem de explorar.&quot; - Estado com Arte<\/title>\n<meta name=\"robots\" content=\"index, follow, max-snippet:-1, max-image-preview:large, max-video-preview:-1\" \/>\n<link rel=\"canonical\" href=\"https:\/\/estadocomarte.pt\/site\/2025\/11\/06\/rahul-onkon-mantenham-se-fieis-a-vossa-voz-mas-nunca-parem-de-explorar\/\" \/>\n<meta property=\"og:locale\" content=\"pt_PT\" \/>\n<meta property=\"og:type\" content=\"article\" \/>\n<meta property=\"og:title\" content=\"Rahul Onkon. &quot;Mantenham-se fi\u00e9is \u00e0 vossa voz, mas nunca parem de explorar.&quot; - Estado com Arte\" \/>\n<meta property=\"og:description\" content=\"Marta Roque\" \/>\n<meta property=\"og:url\" content=\"https:\/\/estadocomarte.pt\/site\/2025\/11\/06\/rahul-onkon-mantenham-se-fieis-a-vossa-voz-mas-nunca-parem-de-explorar\/\" \/>\n<meta property=\"og:site_name\" content=\"Estado com Arte\" \/>\n<meta property=\"article:published_time\" content=\"2025-11-06T17:55:46+00:00\" \/>\n<meta property=\"article:modified_time\" content=\"2025-11-06T19:18:05+00:00\" \/>\n<meta property=\"og:image\" content=\"https:\/\/estadocomarte.pt\/site\/wp-content\/uploads\/2025\/11\/rahul-e-alvaro.jpg\" \/>\n\t<meta property=\"og:image:width\" content=\"604\" \/>\n\t<meta property=\"og:image:height\" content=\"786\" \/>\n\t<meta property=\"og:image:type\" content=\"image\/jpeg\" \/>\n<meta name=\"author\" content=\"admin\" \/>\n<meta name=\"twitter:card\" content=\"summary_large_image\" \/>\n<meta name=\"twitter:label1\" content=\"Escrito por\" \/>\n\t<meta name=\"twitter:data1\" content=\"admin\" \/>\n\t<meta name=\"twitter:label2\" content=\"Tempo estimado de leitura\" \/>\n\t<meta name=\"twitter:data2\" content=\"5 minutos\" \/>\n<script type=\"application\/ld+json\" class=\"yoast-schema-graph\">{\"@context\":\"https:\/\/schema.org\",\"@graph\":[{\"@type\":\"Article\",\"@id\":\"https:\/\/estadocomarte.pt\/site\/2025\/11\/06\/rahul-onkon-mantenham-se-fieis-a-vossa-voz-mas-nunca-parem-de-explorar\/#article\",\"isPartOf\":{\"@id\":\"https:\/\/estadocomarte.pt\/site\/2025\/11\/06\/rahul-onkon-mantenham-se-fieis-a-vossa-voz-mas-nunca-parem-de-explorar\/\"},\"author\":{\"name\":\"admin\",\"@id\":\"https:\/\/estadocomarte.pt\/site\/#\/schema\/person\/c0943a071216c1e5b21f85304151e4ba\"},\"headline\":\"Rahul Onkon. &#8220;Mantenham-se fi\u00e9is \u00e0 vossa voz, mas nunca parem de explorar.&#8221;\",\"datePublished\":\"2025-11-06T17:55:46+00:00\",\"dateModified\":\"2025-11-06T19:18:05+00:00\",\"mainEntityOfPage\":{\"@id\":\"https:\/\/estadocomarte.pt\/site\/2025\/11\/06\/rahul-onkon-mantenham-se-fieis-a-vossa-voz-mas-nunca-parem-de-explorar\/\"},\"wordCount\":836,\"commentCount\":0,\"publisher\":{\"@id\":\"https:\/\/estadocomarte.pt\/site\/#organization\"},\"image\":{\"@id\":\"https:\/\/estadocomarte.pt\/site\/2025\/11\/06\/rahul-onkon-mantenham-se-fieis-a-vossa-voz-mas-nunca-parem-de-explorar\/#primaryimage\"},\"thumbnailUrl\":\"https:\/\/estadocomarte.pt\/site\/wp-content\/uploads\/2025\/11\/rahul-e-alvaro.jpg\",\"keywords\":[\"\u00c1lvaro Lobato de Faria\",\"Rahul Onkon\"],\"articleSection\":[\"Cultura\"],\"inLanguage\":\"pt-PT\",\"potentialAction\":[{\"@type\":\"CommentAction\",\"name\":\"Comment\",\"target\":[\"https:\/\/estadocomarte.pt\/site\/2025\/11\/06\/rahul-onkon-mantenham-se-fieis-a-vossa-voz-mas-nunca-parem-de-explorar\/#respond\"]}]},{\"@type\":\"WebPage\",\"@id\":\"https:\/\/estadocomarte.pt\/site\/2025\/11\/06\/rahul-onkon-mantenham-se-fieis-a-vossa-voz-mas-nunca-parem-de-explorar\/\",\"url\":\"https:\/\/estadocomarte.pt\/site\/2025\/11\/06\/rahul-onkon-mantenham-se-fieis-a-vossa-voz-mas-nunca-parem-de-explorar\/\",\"name\":\"Rahul Onkon. \\\"Mantenham-se fi\u00e9is \u00e0 vossa voz, mas nunca parem de explorar.\\\" - Estado com Arte\",\"isPartOf\":{\"@id\":\"https:\/\/estadocomarte.pt\/site\/#website\"},\"primaryImageOfPage\":{\"@id\":\"https:\/\/estadocomarte.pt\/site\/2025\/11\/06\/rahul-onkon-mantenham-se-fieis-a-vossa-voz-mas-nunca-parem-de-explorar\/#primaryimage\"},\"image\":{\"@id\":\"https:\/\/estadocomarte.pt\/site\/2025\/11\/06\/rahul-onkon-mantenham-se-fieis-a-vossa-voz-mas-nunca-parem-de-explorar\/#primaryimage\"},\"thumbnailUrl\":\"https:\/\/estadocomarte.pt\/site\/wp-content\/uploads\/2025\/11\/rahul-e-alvaro.jpg\",\"datePublished\":\"2025-11-06T17:55:46+00:00\",\"dateModified\":\"2025-11-06T19:18:05+00:00\",\"breadcrumb\":{\"@id\":\"https:\/\/estadocomarte.pt\/site\/2025\/11\/06\/rahul-onkon-mantenham-se-fieis-a-vossa-voz-mas-nunca-parem-de-explorar\/#breadcrumb\"},\"inLanguage\":\"pt-PT\",\"potentialAction\":[{\"@type\":\"ReadAction\",\"target\":[\"https:\/\/estadocomarte.pt\/site\/2025\/11\/06\/rahul-onkon-mantenham-se-fieis-a-vossa-voz-mas-nunca-parem-de-explorar\/\"]}]},{\"@type\":\"ImageObject\",\"inLanguage\":\"pt-PT\",\"@id\":\"https:\/\/estadocomarte.pt\/site\/2025\/11\/06\/rahul-onkon-mantenham-se-fieis-a-vossa-voz-mas-nunca-parem-de-explorar\/#primaryimage\",\"url\":\"https:\/\/estadocomarte.pt\/site\/wp-content\/uploads\/2025\/11\/rahul-e-alvaro.jpg\",\"contentUrl\":\"https:\/\/estadocomarte.pt\/site\/wp-content\/uploads\/2025\/11\/rahul-e-alvaro.jpg\",\"width\":604,\"height\":786},{\"@type\":\"BreadcrumbList\",\"@id\":\"https:\/\/estadocomarte.pt\/site\/2025\/11\/06\/rahul-onkon-mantenham-se-fieis-a-vossa-voz-mas-nunca-parem-de-explorar\/#breadcrumb\",\"itemListElement\":[{\"@type\":\"ListItem\",\"position\":1,\"name\":\"In\u00edcio\",\"item\":\"https:\/\/estadocomarte.pt\/site\/\"},{\"@type\":\"ListItem\",\"position\":2,\"name\":\"Rahul Onkon. &#8220;Mantenham-se fi\u00e9is \u00e0 vossa voz, mas nunca parem de explorar.&#8221;\"}]},{\"@type\":\"WebSite\",\"@id\":\"https:\/\/estadocomarte.pt\/site\/#website\",\"url\":\"https:\/\/estadocomarte.pt\/site\/\",\"name\":\"Estado com Arte Magazine\",\"description\":\"Magazine\",\"publisher\":{\"@id\":\"https:\/\/estadocomarte.pt\/site\/#organization\"},\"alternateName\":\"Magazine semanal sobre pol\u00edtica e cultura, com autores, opini\u00e3o e cr\u00edticas.\",\"potentialAction\":[{\"@type\":\"SearchAction\",\"target\":{\"@type\":\"EntryPoint\",\"urlTemplate\":\"https:\/\/estadocomarte.pt\/site\/?s={search_term_string}\"},\"query-input\":{\"@type\":\"PropertyValueSpecification\",\"valueRequired\":true,\"valueName\":\"search_term_string\"}}],\"inLanguage\":\"pt-PT\"},{\"@type\":\"Organization\",\"@id\":\"https:\/\/estadocomarte.pt\/site\/#organization\",\"name\":\"Estado com Arte Magazine\",\"alternateName\":\"Magazine semanal sobre pol\u00edtica e cultura, com autores, opini\u00e3o e cr\u00edticas.\",\"url\":\"https:\/\/estadocomarte.pt\/site\/\",\"logo\":{\"@type\":\"ImageObject\",\"inLanguage\":\"pt-PT\",\"@id\":\"https:\/\/estadocomarte.pt\/site\/#\/schema\/logo\/image\/\",\"url\":\"https:\/\/estadocomarte.pt\/site\/wp-content\/uploads\/2023\/06\/cropped-cropped-Prancheta-2@2x-100.jpg\",\"contentUrl\":\"https:\/\/estadocomarte.pt\/site\/wp-content\/uploads\/2023\/06\/cropped-cropped-Prancheta-2@2x-100.jpg\",\"width\":1777,\"height\":592,\"caption\":\"Estado com Arte Magazine\"},\"image\":{\"@id\":\"https:\/\/estadocomarte.pt\/site\/#\/schema\/logo\/image\/\"},\"sameAs\":[\"https:\/\/www.instagram.com\/estadocomartemagazine\"]},{\"@type\":\"Person\",\"@id\":\"https:\/\/estadocomarte.pt\/site\/#\/schema\/person\/c0943a071216c1e5b21f85304151e4ba\",\"name\":\"admin\",\"image\":{\"@type\":\"ImageObject\",\"inLanguage\":\"pt-PT\",\"@id\":\"https:\/\/estadocomarte.pt\/site\/#\/schema\/person\/image\/\",\"url\":\"https:\/\/secure.gravatar.com\/avatar\/e6f378fd6914c8505d3e1d40f51fa953b21bab0f3a5658a33bc84cb5bda780f9?s=96&d=mm&r=g\",\"contentUrl\":\"https:\/\/secure.gravatar.com\/avatar\/e6f378fd6914c8505d3e1d40f51fa953b21bab0f3a5658a33bc84cb5bda780f9?s=96&d=mm&r=g\",\"caption\":\"admin\"},\"sameAs\":[\"https:\/\/estadocomarte.pt\/site\"],\"url\":\"https:\/\/estadocomarte.pt\/site\/author\/admin\/\"}]}<\/script>\n<!-- \/ Yoast SEO plugin. -->","yoast_head_json":{"title":"Rahul Onkon. \"Mantenham-se fi\u00e9is \u00e0 vossa voz, mas nunca parem de explorar.\" - Estado com Arte","robots":{"index":"index","follow":"follow","max-snippet":"max-snippet:-1","max-image-preview":"max-image-preview:large","max-video-preview":"max-video-preview:-1"},"canonical":"https:\/\/estadocomarte.pt\/site\/2025\/11\/06\/rahul-onkon-mantenham-se-fieis-a-vossa-voz-mas-nunca-parem-de-explorar\/","og_locale":"pt_PT","og_type":"article","og_title":"Rahul Onkon. \"Mantenham-se fi\u00e9is \u00e0 vossa voz, mas nunca parem de explorar.\" - Estado com Arte","og_description":"Marta Roque","og_url":"https:\/\/estadocomarte.pt\/site\/2025\/11\/06\/rahul-onkon-mantenham-se-fieis-a-vossa-voz-mas-nunca-parem-de-explorar\/","og_site_name":"Estado com Arte","article_published_time":"2025-11-06T17:55:46+00:00","article_modified_time":"2025-11-06T19:18:05+00:00","og_image":[{"width":604,"height":786,"url":"https:\/\/estadocomarte.pt\/site\/wp-content\/uploads\/2025\/11\/rahul-e-alvaro.jpg","type":"image\/jpeg"}],"author":"admin","twitter_card":"summary_large_image","twitter_misc":{"Escrito por":"admin","Tempo estimado de leitura":"5 minutos"},"schema":{"@context":"https:\/\/schema.org","@graph":[{"@type":"Article","@id":"https:\/\/estadocomarte.pt\/site\/2025\/11\/06\/rahul-onkon-mantenham-se-fieis-a-vossa-voz-mas-nunca-parem-de-explorar\/#article","isPartOf":{"@id":"https:\/\/estadocomarte.pt\/site\/2025\/11\/06\/rahul-onkon-mantenham-se-fieis-a-vossa-voz-mas-nunca-parem-de-explorar\/"},"author":{"name":"admin","@id":"https:\/\/estadocomarte.pt\/site\/#\/schema\/person\/c0943a071216c1e5b21f85304151e4ba"},"headline":"Rahul Onkon. &#8220;Mantenham-se fi\u00e9is \u00e0 vossa voz, mas nunca parem de explorar.&#8221;","datePublished":"2025-11-06T17:55:46+00:00","dateModified":"2025-11-06T19:18:05+00:00","mainEntityOfPage":{"@id":"https:\/\/estadocomarte.pt\/site\/2025\/11\/06\/rahul-onkon-mantenham-se-fieis-a-vossa-voz-mas-nunca-parem-de-explorar\/"},"wordCount":836,"commentCount":0,"publisher":{"@id":"https:\/\/estadocomarte.pt\/site\/#organization"},"image":{"@id":"https:\/\/estadocomarte.pt\/site\/2025\/11\/06\/rahul-onkon-mantenham-se-fieis-a-vossa-voz-mas-nunca-parem-de-explorar\/#primaryimage"},"thumbnailUrl":"https:\/\/estadocomarte.pt\/site\/wp-content\/uploads\/2025\/11\/rahul-e-alvaro.jpg","keywords":["\u00c1lvaro Lobato de Faria","Rahul Onkon"],"articleSection":["Cultura"],"inLanguage":"pt-PT","potentialAction":[{"@type":"CommentAction","name":"Comment","target":["https:\/\/estadocomarte.pt\/site\/2025\/11\/06\/rahul-onkon-mantenham-se-fieis-a-vossa-voz-mas-nunca-parem-de-explorar\/#respond"]}]},{"@type":"WebPage","@id":"https:\/\/estadocomarte.pt\/site\/2025\/11\/06\/rahul-onkon-mantenham-se-fieis-a-vossa-voz-mas-nunca-parem-de-explorar\/","url":"https:\/\/estadocomarte.pt\/site\/2025\/11\/06\/rahul-onkon-mantenham-se-fieis-a-vossa-voz-mas-nunca-parem-de-explorar\/","name":"Rahul Onkon. \"Mantenham-se fi\u00e9is \u00e0 vossa voz, mas nunca parem de explorar.\" - Estado com Arte","isPartOf":{"@id":"https:\/\/estadocomarte.pt\/site\/#website"},"primaryImageOfPage":{"@id":"https:\/\/estadocomarte.pt\/site\/2025\/11\/06\/rahul-onkon-mantenham-se-fieis-a-vossa-voz-mas-nunca-parem-de-explorar\/#primaryimage"},"image":{"@id":"https:\/\/estadocomarte.pt\/site\/2025\/11\/06\/rahul-onkon-mantenham-se-fieis-a-vossa-voz-mas-nunca-parem-de-explorar\/#primaryimage"},"thumbnailUrl":"https:\/\/estadocomarte.pt\/site\/wp-content\/uploads\/2025\/11\/rahul-e-alvaro.jpg","datePublished":"2025-11-06T17:55:46+00:00","dateModified":"2025-11-06T19:18:05+00:00","breadcrumb":{"@id":"https:\/\/estadocomarte.pt\/site\/2025\/11\/06\/rahul-onkon-mantenham-se-fieis-a-vossa-voz-mas-nunca-parem-de-explorar\/#breadcrumb"},"inLanguage":"pt-PT","potentialAction":[{"@type":"ReadAction","target":["https:\/\/estadocomarte.pt\/site\/2025\/11\/06\/rahul-onkon-mantenham-se-fieis-a-vossa-voz-mas-nunca-parem-de-explorar\/"]}]},{"@type":"ImageObject","inLanguage":"pt-PT","@id":"https:\/\/estadocomarte.pt\/site\/2025\/11\/06\/rahul-onkon-mantenham-se-fieis-a-vossa-voz-mas-nunca-parem-de-explorar\/#primaryimage","url":"https:\/\/estadocomarte.pt\/site\/wp-content\/uploads\/2025\/11\/rahul-e-alvaro.jpg","contentUrl":"https:\/\/estadocomarte.pt\/site\/wp-content\/uploads\/2025\/11\/rahul-e-alvaro.jpg","width":604,"height":786},{"@type":"BreadcrumbList","@id":"https:\/\/estadocomarte.pt\/site\/2025\/11\/06\/rahul-onkon-mantenham-se-fieis-a-vossa-voz-mas-nunca-parem-de-explorar\/#breadcrumb","itemListElement":[{"@type":"ListItem","position":1,"name":"In\u00edcio","item":"https:\/\/estadocomarte.pt\/site\/"},{"@type":"ListItem","position":2,"name":"Rahul Onkon. &#8220;Mantenham-se fi\u00e9is \u00e0 vossa voz, mas nunca parem de explorar.&#8221;"}]},{"@type":"WebSite","@id":"https:\/\/estadocomarte.pt\/site\/#website","url":"https:\/\/estadocomarte.pt\/site\/","name":"Estado com Arte Magazine","description":"Magazine","publisher":{"@id":"https:\/\/estadocomarte.pt\/site\/#organization"},"alternateName":"Magazine semanal sobre pol\u00edtica e cultura, com autores, opini\u00e3o e cr\u00edticas.","potentialAction":[{"@type":"SearchAction","target":{"@type":"EntryPoint","urlTemplate":"https:\/\/estadocomarte.pt\/site\/?s={search_term_string}"},"query-input":{"@type":"PropertyValueSpecification","valueRequired":true,"valueName":"search_term_string"}}],"inLanguage":"pt-PT"},{"@type":"Organization","@id":"https:\/\/estadocomarte.pt\/site\/#organization","name":"Estado com Arte Magazine","alternateName":"Magazine semanal sobre pol\u00edtica e cultura, com autores, opini\u00e3o e cr\u00edticas.","url":"https:\/\/estadocomarte.pt\/site\/","logo":{"@type":"ImageObject","inLanguage":"pt-PT","@id":"https:\/\/estadocomarte.pt\/site\/#\/schema\/logo\/image\/","url":"https:\/\/estadocomarte.pt\/site\/wp-content\/uploads\/2023\/06\/cropped-cropped-Prancheta-2@2x-100.jpg","contentUrl":"https:\/\/estadocomarte.pt\/site\/wp-content\/uploads\/2023\/06\/cropped-cropped-Prancheta-2@2x-100.jpg","width":1777,"height":592,"caption":"Estado com Arte Magazine"},"image":{"@id":"https:\/\/estadocomarte.pt\/site\/#\/schema\/logo\/image\/"},"sameAs":["https:\/\/www.instagram.com\/estadocomartemagazine"]},{"@type":"Person","@id":"https:\/\/estadocomarte.pt\/site\/#\/schema\/person\/c0943a071216c1e5b21f85304151e4ba","name":"admin","image":{"@type":"ImageObject","inLanguage":"pt-PT","@id":"https:\/\/estadocomarte.pt\/site\/#\/schema\/person\/image\/","url":"https:\/\/secure.gravatar.com\/avatar\/e6f378fd6914c8505d3e1d40f51fa953b21bab0f3a5658a33bc84cb5bda780f9?s=96&d=mm&r=g","contentUrl":"https:\/\/secure.gravatar.com\/avatar\/e6f378fd6914c8505d3e1d40f51fa953b21bab0f3a5658a33bc84cb5bda780f9?s=96&d=mm&r=g","caption":"admin"},"sameAs":["https:\/\/estadocomarte.pt\/site"],"url":"https:\/\/estadocomarte.pt\/site\/author\/admin\/"}]}},"_links":{"self":[{"href":"https:\/\/estadocomarte.pt\/site\/wp-json\/wp\/v2\/posts\/11341","targetHints":{"allow":["GET"]}}],"collection":[{"href":"https:\/\/estadocomarte.pt\/site\/wp-json\/wp\/v2\/posts"}],"about":[{"href":"https:\/\/estadocomarte.pt\/site\/wp-json\/wp\/v2\/types\/post"}],"author":[{"embeddable":true,"href":"https:\/\/estadocomarte.pt\/site\/wp-json\/wp\/v2\/users\/1"}],"replies":[{"embeddable":true,"href":"https:\/\/estadocomarte.pt\/site\/wp-json\/wp\/v2\/comments?post=11341"}],"version-history":[{"count":6,"href":"https:\/\/estadocomarte.pt\/site\/wp-json\/wp\/v2\/posts\/11341\/revisions"}],"predecessor-version":[{"id":11361,"href":"https:\/\/estadocomarte.pt\/site\/wp-json\/wp\/v2\/posts\/11341\/revisions\/11361"}],"wp:featuredmedia":[{"embeddable":true,"href":"https:\/\/estadocomarte.pt\/site\/wp-json\/wp\/v2\/media\/11351"}],"wp:attachment":[{"href":"https:\/\/estadocomarte.pt\/site\/wp-json\/wp\/v2\/media?parent=11341"}],"wp:term":[{"taxonomy":"category","embeddable":true,"href":"https:\/\/estadocomarte.pt\/site\/wp-json\/wp\/v2\/categories?post=11341"},{"taxonomy":"post_tag","embeddable":true,"href":"https:\/\/estadocomarte.pt\/site\/wp-json\/wp\/v2\/tags?post=11341"}],"curies":[{"name":"wp","href":"https:\/\/api.w.org\/{rel}","templated":true}]}}