{"id":11362,"date":"2025-11-07T10:29:55","date_gmt":"2025-11-07T10:29:55","guid":{"rendered":"https:\/\/estadocomarte.pt\/site\/?p=11362"},"modified":"2025-11-07T13:30:20","modified_gmt":"2025-11-07T13:30:20","slug":"shutdown-ana-cavalieri-quem-e-que-vai-ceder","status":"publish","type":"post","link":"https:\/\/estadocomarte.pt\/site\/2025\/11\/07\/shutdown-ana-cavalieri-quem-e-que-vai-ceder\/","title":{"rendered":"Shutdown. Ana Cavalieri: &#8221; Quem \u00e9 que vai ceder?&#8221;"},"content":{"rendered":"<p><strong>\u00c9 o maior <em>shutdown<\/em> na hist\u00f3ria dos Estados Unidos, que \u00a0j\u00e1 vai com 37 dias. Um outro <em>shutdown<\/em> j\u00e1 tinha acontecido tamb\u00e9m na anterior Admistra\u00e7\u00e3o Trump, mas n\u00e3o t\u00e3o longo. <\/strong><\/p>\n<p><strong>A Casa Branca anunciou que a paralisia or\u00e7amental em que os EUA se encontram h\u00e1 mais de um m\u00eas vai provocar a redu\u00e7\u00e3o da assist\u00eancia alimentar a 42 milh\u00f5es de americanos em novembro.<\/strong><br \/>\n<strong>Ana Cavalieri, especialista em pol\u00edtica americana, investigadora no Instituto de Estudos Pol\u00edticos da Universidade Cat\u00f3lica explica ao Estado com Arte Magazine\u00a0 que Donald Trump <\/strong><strong>criticou os democratas pela suposta responsabilidade numa poss\u00edvel paralisa\u00e7\u00e3o (<em>shutdown<\/em>) do governo e pediu que os republicanos eliminem o<em> filibuster<\/em> \u2013 mecanismo legislativo, o qual permite prolongar debates e atrasar vota\u00e7\u00f5es no Senado.<\/strong><\/p>\n<p><strong>Normalmente o povo revolta-se contra o partido que est\u00e1 a bloquear o Or\u00e7amento de Estado, mas agora &#8220;segundo as sondagens as pessoas est\u00e3o a culpar o governo&#8221;, comenta Ana Cavalieri.<\/strong><\/p>\n<p>Em causa: o governo federal pretendia cessar os pagamentos do SNAP (Programa de Assist\u00eancia Nutricional Suplementar), cujos cup\u00f5es, segundo dados oficiais, dependem 42 milh\u00f5es de pessoas com baixos rendimentos para comprar alimentos.<\/p>\n<p>&#8220;O<em> shutdown<\/em> est\u00e1 bloquear o cart\u00e3o de necessidades quotidianas dos trabalhadores, designada de &#8220;SNAP&#8221;, mas h\u00e1 outras \u00e1reas que est\u00e3o a ser impactadas como o sector dos transportes, o Secretario de Estado dos Transportes dos EUA, Sean Duffy, tinha j\u00e1 alertado na ter\u00e7a-feira que, se a paralisa\u00e7\u00e3o continuar durante mais uma semana, poder\u00e1 levar a um \u201ccaos massivo\u201d e levar ao fecho de parte do espa\u00e7o a\u00e9reo \u00e0 avia\u00e7\u00e3o comercial, o que ter\u00e1 graves consequ\u00eancias para o pa\u00eds. Especialmente com as viagens para as festas de Thanks giving e Natal \u00e0 porta.<\/p>\n<p><iframe title=\"ANA CAVALIERI: &quot;QUEM \u00c9 QUE VAI CEDER NO SHUTDOWN?&quot; by Estado com Arte\" width=\"500\" height=\"400\" scrolling=\"no\" frameborder=\"no\" src=\"https:\/\/w.soundcloud.com\/player\/?visual=true&#038;url=https%3A%2F%2Fapi.soundcloud.com%2Ftracks%2F2208411944&#038;show_artwork=true&#038;maxheight=750&#038;maxwidth=500\"><\/iframe><\/p>\n<p>&#8220;Um <em>shutdown<\/em> do governo acontece quando n\u00e3o existe uma lei que autorize a gastar dinheiro para as opera\u00e7\u00f5es que n\u00e3o s\u00e3o essenciais&#8221;, explica Ana Cavalieri.<br \/>\n&#8220;H\u00e1 v\u00e1rios anos que o governo n\u00e3o consegue aprovar um Or\u00e7amento de Estado. \u00c9 preciso 60 senadores para aprovar o OE, existe uma regra entre os 100 senadores do Congresso em que 60 senadores t\u00eam que concordar. Basta alguns senadores bloquearem e fica-se num impasse,&#8221; comenta a investigadora de pol\u00edtica americana.<\/p>\n<p>O OE tem de aprovar 12 leis or\u00e7amentais para os doze departamentos de governo,\u00a0 o Congresso tem de dar autoriza\u00e7\u00e3o ao governo para que estes departamentos possam financiar as suas actividades.<\/p>\n<p>&#8220;Na falta de or\u00e7amento, o que existe s\u00e3o as <em>continuous resolutions,<\/em> algo espec\u00edfico nos EUA. Os republicanos tentaram fazer um <em>continuos resolutions<\/em>, ou seja sem fazer altera\u00e7\u00f5es e manter a despesa do ano anterior.&#8221;<\/p>\n<p>Ana Cavalieri justifica que a <strong>beautiful bill<\/strong> de Trump este ano rescindiu determinados assuntos importantes para os democratas como o sistema de sa\u00fade o <strong>Obama Care, <\/strong>como tamb\u00e9m foram suspensos outros requisitos de apoio social.<\/p>\n<p>&#8220;Neste momento o l\u00edder do Senado e da C\u00e2mara dos Representantes est\u00e3o irredut\u00edveis, quem \u00e9 que vai ceder?&#8221;, pergunta a investigadora.<\/p>\n<p>Numa publica\u00e7\u00e3o na rede social Truth Social, o presidente dos Estados Unidos, Donald Trump, voltou a pressionar o Partido Republicano a adotar uma postura mais agressiva no Congresso. Trump criticou os democratas pela suposta responsabilidade numa poss\u00edvel paralisa\u00e7\u00e3o (<em>shutdown<\/em>) do governo e pediu que os republicanos eliminem o <em>filibuster<\/em> \u2013 mecanismo legislativo que permite prolongar debates e atrasar vota\u00e7\u00f5es no Senado.<\/p>\n<p>Cavalieri sustenta que Trump &#8220;quer pressionar os republicanos a revogar a lei do <em>filibuster<\/em>,\u00a0 mas ao eliminar esta lei vai abrir um precedente para pressionar os democratas no futuro.&#8221;<\/p>\n","protected":false},"excerpt":{"rendered":"<p>Marta Roque<\/p>\n","protected":false},"author":1,"featured_media":9431,"comment_status":"open","ping_status":"open","sticky":false,"template":"","format":"standard","meta":{"site-sidebar-layout":"default","site-content-layout":"default","ast-global-header-display":"","ast-banner-title-visibility":"","ast-main-header-display":"","ast-hfb-above-header-display":"","ast-hfb-below-header-display":"","ast-hfb-mobile-header-display":"","site-post-title":"","ast-breadcrumbs-content":"","ast-featured-img":"","footer-sml-layout":"","theme-transparent-header-meta":"default","adv-header-id-meta":"","stick-header-meta":"","header-above-stick-meta":"","header-main-stick-meta":"","header-below-stick-meta":"","footnotes":""},"categories":[64,55],"tags":[871,2245,866],"class_list":["post-11362","post","type-post","status-publish","format-standard","has-post-thumbnail","hentry","category-isto-para-nos","category-vida-de-estado","tag-ana-cavalieri","tag-shutdown","tag-usa"],"yoast_head":"<!-- This site is optimized with the Yoast SEO plugin v25.1 - https:\/\/yoast.com\/wordpress\/plugins\/seo\/ -->\n<title>Shutdown. Ana Cavalieri: &quot; Quem \u00e9 que vai ceder?&quot; - Estado com Arte<\/title>\n<meta name=\"robots\" content=\"index, follow, max-snippet:-1, max-image-preview:large, max-video-preview:-1\" \/>\n<link rel=\"canonical\" href=\"https:\/\/estadocomarte.pt\/site\/2025\/11\/07\/shutdown-ana-cavalieri-quem-e-que-vai-ceder\/\" \/>\n<meta property=\"og:locale\" content=\"pt_PT\" \/>\n<meta property=\"og:type\" content=\"article\" \/>\n<meta property=\"og:title\" content=\"Shutdown. Ana Cavalieri: &quot; Quem \u00e9 que vai ceder?&quot; - Estado com Arte\" \/>\n<meta property=\"og:description\" content=\"Marta Roque\" \/>\n<meta property=\"og:url\" content=\"https:\/\/estadocomarte.pt\/site\/2025\/11\/07\/shutdown-ana-cavalieri-quem-e-que-vai-ceder\/\" \/>\n<meta property=\"og:site_name\" content=\"Estado com Arte\" \/>\n<meta property=\"article:published_time\" content=\"2025-11-07T10:29:55+00:00\" \/>\n<meta property=\"article:modified_time\" content=\"2025-11-07T13:30:20+00:00\" \/>\n<meta property=\"og:image\" content=\"https:\/\/estadocomarte.pt\/site\/wp-content\/uploads\/2025\/05\/Ana-Cavalieri-UCP.jpg\" \/>\n\t<meta property=\"og:image:width\" content=\"917\" \/>\n\t<meta property=\"og:image:height\" content=\"964\" \/>\n\t<meta property=\"og:image:type\" content=\"image\/jpeg\" \/>\n<meta name=\"author\" content=\"admin\" \/>\n<meta name=\"twitter:card\" content=\"summary_large_image\" \/>\n<meta name=\"twitter:label1\" content=\"Escrito por\" \/>\n\t<meta name=\"twitter:data1\" content=\"admin\" \/>\n\t<meta name=\"twitter:label2\" content=\"Tempo estimado de leitura\" \/>\n\t<meta name=\"twitter:data2\" content=\"4 minutos\" \/>\n<script type=\"application\/ld+json\" class=\"yoast-schema-graph\">{\"@context\":\"https:\/\/schema.org\",\"@graph\":[{\"@type\":\"Article\",\"@id\":\"https:\/\/estadocomarte.pt\/site\/2025\/11\/07\/shutdown-ana-cavalieri-quem-e-que-vai-ceder\/#article\",\"isPartOf\":{\"@id\":\"https:\/\/estadocomarte.pt\/site\/2025\/11\/07\/shutdown-ana-cavalieri-quem-e-que-vai-ceder\/\"},\"author\":{\"name\":\"admin\",\"@id\":\"https:\/\/estadocomarte.pt\/site\/#\/schema\/person\/c0943a071216c1e5b21f85304151e4ba\"},\"headline\":\"Shutdown. Ana Cavalieri: &#8221; Quem \u00e9 que vai ceder?&#8221;\",\"datePublished\":\"2025-11-07T10:29:55+00:00\",\"dateModified\":\"2025-11-07T13:30:20+00:00\",\"mainEntityOfPage\":{\"@id\":\"https:\/\/estadocomarte.pt\/site\/2025\/11\/07\/shutdown-ana-cavalieri-quem-e-que-vai-ceder\/\"},\"wordCount\":634,\"commentCount\":0,\"publisher\":{\"@id\":\"https:\/\/estadocomarte.pt\/site\/#organization\"},\"image\":{\"@id\":\"https:\/\/estadocomarte.pt\/site\/2025\/11\/07\/shutdown-ana-cavalieri-quem-e-que-vai-ceder\/#primaryimage\"},\"thumbnailUrl\":\"https:\/\/estadocomarte.pt\/site\/wp-content\/uploads\/2025\/05\/Ana-Cavalieri-UCP.jpg\",\"keywords\":[\"ana cavalieri\",\"shutdown\",\"usa\"],\"articleSection\":[\"Isto Para N\u00f3s\",\"Vida de Estado\"],\"inLanguage\":\"pt-PT\",\"potentialAction\":[{\"@type\":\"CommentAction\",\"name\":\"Comment\",\"target\":[\"https:\/\/estadocomarte.pt\/site\/2025\/11\/07\/shutdown-ana-cavalieri-quem-e-que-vai-ceder\/#respond\"]}]},{\"@type\":\"WebPage\",\"@id\":\"https:\/\/estadocomarte.pt\/site\/2025\/11\/07\/shutdown-ana-cavalieri-quem-e-que-vai-ceder\/\",\"url\":\"https:\/\/estadocomarte.pt\/site\/2025\/11\/07\/shutdown-ana-cavalieri-quem-e-que-vai-ceder\/\",\"name\":\"Shutdown. Ana Cavalieri: \\\" Quem \u00e9 que vai ceder?\\\" - Estado com Arte\",\"isPartOf\":{\"@id\":\"https:\/\/estadocomarte.pt\/site\/#website\"},\"primaryImageOfPage\":{\"@id\":\"https:\/\/estadocomarte.pt\/site\/2025\/11\/07\/shutdown-ana-cavalieri-quem-e-que-vai-ceder\/#primaryimage\"},\"image\":{\"@id\":\"https:\/\/estadocomarte.pt\/site\/2025\/11\/07\/shutdown-ana-cavalieri-quem-e-que-vai-ceder\/#primaryimage\"},\"thumbnailUrl\":\"https:\/\/estadocomarte.pt\/site\/wp-content\/uploads\/2025\/05\/Ana-Cavalieri-UCP.jpg\",\"datePublished\":\"2025-11-07T10:29:55+00:00\",\"dateModified\":\"2025-11-07T13:30:20+00:00\",\"breadcrumb\":{\"@id\":\"https:\/\/estadocomarte.pt\/site\/2025\/11\/07\/shutdown-ana-cavalieri-quem-e-que-vai-ceder\/#breadcrumb\"},\"inLanguage\":\"pt-PT\",\"potentialAction\":[{\"@type\":\"ReadAction\",\"target\":[\"https:\/\/estadocomarte.pt\/site\/2025\/11\/07\/shutdown-ana-cavalieri-quem-e-que-vai-ceder\/\"]}]},{\"@type\":\"ImageObject\",\"inLanguage\":\"pt-PT\",\"@id\":\"https:\/\/estadocomarte.pt\/site\/2025\/11\/07\/shutdown-ana-cavalieri-quem-e-que-vai-ceder\/#primaryimage\",\"url\":\"https:\/\/estadocomarte.pt\/site\/wp-content\/uploads\/2025\/05\/Ana-Cavalieri-UCP.jpg\",\"contentUrl\":\"https:\/\/estadocomarte.pt\/site\/wp-content\/uploads\/2025\/05\/Ana-Cavalieri-UCP.jpg\",\"width\":917,\"height\":964},{\"@type\":\"BreadcrumbList\",\"@id\":\"https:\/\/estadocomarte.pt\/site\/2025\/11\/07\/shutdown-ana-cavalieri-quem-e-que-vai-ceder\/#breadcrumb\",\"itemListElement\":[{\"@type\":\"ListItem\",\"position\":1,\"name\":\"In\u00edcio\",\"item\":\"https:\/\/estadocomarte.pt\/site\/\"},{\"@type\":\"ListItem\",\"position\":2,\"name\":\"Shutdown. Ana Cavalieri: &#8221; Quem \u00e9 que vai ceder?&#8221;\"}]},{\"@type\":\"WebSite\",\"@id\":\"https:\/\/estadocomarte.pt\/site\/#website\",\"url\":\"https:\/\/estadocomarte.pt\/site\/\",\"name\":\"Estado com Arte Magazine\",\"description\":\"Magazine\",\"publisher\":{\"@id\":\"https:\/\/estadocomarte.pt\/site\/#organization\"},\"alternateName\":\"Magazine semanal sobre pol\u00edtica e cultura, com autores, opini\u00e3o e cr\u00edticas.\",\"potentialAction\":[{\"@type\":\"SearchAction\",\"target\":{\"@type\":\"EntryPoint\",\"urlTemplate\":\"https:\/\/estadocomarte.pt\/site\/?s={search_term_string}\"},\"query-input\":{\"@type\":\"PropertyValueSpecification\",\"valueRequired\":true,\"valueName\":\"search_term_string\"}}],\"inLanguage\":\"pt-PT\"},{\"@type\":\"Organization\",\"@id\":\"https:\/\/estadocomarte.pt\/site\/#organization\",\"name\":\"Estado com Arte Magazine\",\"alternateName\":\"Magazine semanal sobre pol\u00edtica e cultura, com autores, opini\u00e3o e cr\u00edticas.\",\"url\":\"https:\/\/estadocomarte.pt\/site\/\",\"logo\":{\"@type\":\"ImageObject\",\"inLanguage\":\"pt-PT\",\"@id\":\"https:\/\/estadocomarte.pt\/site\/#\/schema\/logo\/image\/\",\"url\":\"https:\/\/estadocomarte.pt\/site\/wp-content\/uploads\/2023\/06\/cropped-cropped-Prancheta-2@2x-100.jpg\",\"contentUrl\":\"https:\/\/estadocomarte.pt\/site\/wp-content\/uploads\/2023\/06\/cropped-cropped-Prancheta-2@2x-100.jpg\",\"width\":1777,\"height\":592,\"caption\":\"Estado com Arte Magazine\"},\"image\":{\"@id\":\"https:\/\/estadocomarte.pt\/site\/#\/schema\/logo\/image\/\"},\"sameAs\":[\"https:\/\/www.instagram.com\/estadocomartemagazine\"]},{\"@type\":\"Person\",\"@id\":\"https:\/\/estadocomarte.pt\/site\/#\/schema\/person\/c0943a071216c1e5b21f85304151e4ba\",\"name\":\"admin\",\"image\":{\"@type\":\"ImageObject\",\"inLanguage\":\"pt-PT\",\"@id\":\"https:\/\/estadocomarte.pt\/site\/#\/schema\/person\/image\/\",\"url\":\"https:\/\/secure.gravatar.com\/avatar\/e6f378fd6914c8505d3e1d40f51fa953b21bab0f3a5658a33bc84cb5bda780f9?s=96&d=mm&r=g\",\"contentUrl\":\"https:\/\/secure.gravatar.com\/avatar\/e6f378fd6914c8505d3e1d40f51fa953b21bab0f3a5658a33bc84cb5bda780f9?s=96&d=mm&r=g\",\"caption\":\"admin\"},\"sameAs\":[\"https:\/\/estadocomarte.pt\/site\"],\"url\":\"https:\/\/estadocomarte.pt\/site\/author\/admin\/\"}]}<\/script>\n<!-- \/ Yoast SEO plugin. -->","yoast_head_json":{"title":"Shutdown. Ana Cavalieri: \" Quem \u00e9 que vai ceder?\" - Estado com Arte","robots":{"index":"index","follow":"follow","max-snippet":"max-snippet:-1","max-image-preview":"max-image-preview:large","max-video-preview":"max-video-preview:-1"},"canonical":"https:\/\/estadocomarte.pt\/site\/2025\/11\/07\/shutdown-ana-cavalieri-quem-e-que-vai-ceder\/","og_locale":"pt_PT","og_type":"article","og_title":"Shutdown. Ana Cavalieri: \" Quem \u00e9 que vai ceder?\" - Estado com Arte","og_description":"Marta Roque","og_url":"https:\/\/estadocomarte.pt\/site\/2025\/11\/07\/shutdown-ana-cavalieri-quem-e-que-vai-ceder\/","og_site_name":"Estado com Arte","article_published_time":"2025-11-07T10:29:55+00:00","article_modified_time":"2025-11-07T13:30:20+00:00","og_image":[{"width":917,"height":964,"url":"https:\/\/estadocomarte.pt\/site\/wp-content\/uploads\/2025\/05\/Ana-Cavalieri-UCP.jpg","type":"image\/jpeg"}],"author":"admin","twitter_card":"summary_large_image","twitter_misc":{"Escrito por":"admin","Tempo estimado de leitura":"4 minutos"},"schema":{"@context":"https:\/\/schema.org","@graph":[{"@type":"Article","@id":"https:\/\/estadocomarte.pt\/site\/2025\/11\/07\/shutdown-ana-cavalieri-quem-e-que-vai-ceder\/#article","isPartOf":{"@id":"https:\/\/estadocomarte.pt\/site\/2025\/11\/07\/shutdown-ana-cavalieri-quem-e-que-vai-ceder\/"},"author":{"name":"admin","@id":"https:\/\/estadocomarte.pt\/site\/#\/schema\/person\/c0943a071216c1e5b21f85304151e4ba"},"headline":"Shutdown. Ana Cavalieri: &#8221; Quem \u00e9 que vai ceder?&#8221;","datePublished":"2025-11-07T10:29:55+00:00","dateModified":"2025-11-07T13:30:20+00:00","mainEntityOfPage":{"@id":"https:\/\/estadocomarte.pt\/site\/2025\/11\/07\/shutdown-ana-cavalieri-quem-e-que-vai-ceder\/"},"wordCount":634,"commentCount":0,"publisher":{"@id":"https:\/\/estadocomarte.pt\/site\/#organization"},"image":{"@id":"https:\/\/estadocomarte.pt\/site\/2025\/11\/07\/shutdown-ana-cavalieri-quem-e-que-vai-ceder\/#primaryimage"},"thumbnailUrl":"https:\/\/estadocomarte.pt\/site\/wp-content\/uploads\/2025\/05\/Ana-Cavalieri-UCP.jpg","keywords":["ana cavalieri","shutdown","usa"],"articleSection":["Isto Para N\u00f3s","Vida de Estado"],"inLanguage":"pt-PT","potentialAction":[{"@type":"CommentAction","name":"Comment","target":["https:\/\/estadocomarte.pt\/site\/2025\/11\/07\/shutdown-ana-cavalieri-quem-e-que-vai-ceder\/#respond"]}]},{"@type":"WebPage","@id":"https:\/\/estadocomarte.pt\/site\/2025\/11\/07\/shutdown-ana-cavalieri-quem-e-que-vai-ceder\/","url":"https:\/\/estadocomarte.pt\/site\/2025\/11\/07\/shutdown-ana-cavalieri-quem-e-que-vai-ceder\/","name":"Shutdown. Ana Cavalieri: \" Quem \u00e9 que vai ceder?\" - Estado com Arte","isPartOf":{"@id":"https:\/\/estadocomarte.pt\/site\/#website"},"primaryImageOfPage":{"@id":"https:\/\/estadocomarte.pt\/site\/2025\/11\/07\/shutdown-ana-cavalieri-quem-e-que-vai-ceder\/#primaryimage"},"image":{"@id":"https:\/\/estadocomarte.pt\/site\/2025\/11\/07\/shutdown-ana-cavalieri-quem-e-que-vai-ceder\/#primaryimage"},"thumbnailUrl":"https:\/\/estadocomarte.pt\/site\/wp-content\/uploads\/2025\/05\/Ana-Cavalieri-UCP.jpg","datePublished":"2025-11-07T10:29:55+00:00","dateModified":"2025-11-07T13:30:20+00:00","breadcrumb":{"@id":"https:\/\/estadocomarte.pt\/site\/2025\/11\/07\/shutdown-ana-cavalieri-quem-e-que-vai-ceder\/#breadcrumb"},"inLanguage":"pt-PT","potentialAction":[{"@type":"ReadAction","target":["https:\/\/estadocomarte.pt\/site\/2025\/11\/07\/shutdown-ana-cavalieri-quem-e-que-vai-ceder\/"]}]},{"@type":"ImageObject","inLanguage":"pt-PT","@id":"https:\/\/estadocomarte.pt\/site\/2025\/11\/07\/shutdown-ana-cavalieri-quem-e-que-vai-ceder\/#primaryimage","url":"https:\/\/estadocomarte.pt\/site\/wp-content\/uploads\/2025\/05\/Ana-Cavalieri-UCP.jpg","contentUrl":"https:\/\/estadocomarte.pt\/site\/wp-content\/uploads\/2025\/05\/Ana-Cavalieri-UCP.jpg","width":917,"height":964},{"@type":"BreadcrumbList","@id":"https:\/\/estadocomarte.pt\/site\/2025\/11\/07\/shutdown-ana-cavalieri-quem-e-que-vai-ceder\/#breadcrumb","itemListElement":[{"@type":"ListItem","position":1,"name":"In\u00edcio","item":"https:\/\/estadocomarte.pt\/site\/"},{"@type":"ListItem","position":2,"name":"Shutdown. Ana Cavalieri: &#8221; Quem \u00e9 que vai ceder?&#8221;"}]},{"@type":"WebSite","@id":"https:\/\/estadocomarte.pt\/site\/#website","url":"https:\/\/estadocomarte.pt\/site\/","name":"Estado com Arte Magazine","description":"Magazine","publisher":{"@id":"https:\/\/estadocomarte.pt\/site\/#organization"},"alternateName":"Magazine semanal sobre pol\u00edtica e cultura, com autores, opini\u00e3o e cr\u00edticas.","potentialAction":[{"@type":"SearchAction","target":{"@type":"EntryPoint","urlTemplate":"https:\/\/estadocomarte.pt\/site\/?s={search_term_string}"},"query-input":{"@type":"PropertyValueSpecification","valueRequired":true,"valueName":"search_term_string"}}],"inLanguage":"pt-PT"},{"@type":"Organization","@id":"https:\/\/estadocomarte.pt\/site\/#organization","name":"Estado com Arte Magazine","alternateName":"Magazine semanal sobre pol\u00edtica e cultura, com autores, opini\u00e3o e cr\u00edticas.","url":"https:\/\/estadocomarte.pt\/site\/","logo":{"@type":"ImageObject","inLanguage":"pt-PT","@id":"https:\/\/estadocomarte.pt\/site\/#\/schema\/logo\/image\/","url":"https:\/\/estadocomarte.pt\/site\/wp-content\/uploads\/2023\/06\/cropped-cropped-Prancheta-2@2x-100.jpg","contentUrl":"https:\/\/estadocomarte.pt\/site\/wp-content\/uploads\/2023\/06\/cropped-cropped-Prancheta-2@2x-100.jpg","width":1777,"height":592,"caption":"Estado com Arte Magazine"},"image":{"@id":"https:\/\/estadocomarte.pt\/site\/#\/schema\/logo\/image\/"},"sameAs":["https:\/\/www.instagram.com\/estadocomartemagazine"]},{"@type":"Person","@id":"https:\/\/estadocomarte.pt\/site\/#\/schema\/person\/c0943a071216c1e5b21f85304151e4ba","name":"admin","image":{"@type":"ImageObject","inLanguage":"pt-PT","@id":"https:\/\/estadocomarte.pt\/site\/#\/schema\/person\/image\/","url":"https:\/\/secure.gravatar.com\/avatar\/e6f378fd6914c8505d3e1d40f51fa953b21bab0f3a5658a33bc84cb5bda780f9?s=96&d=mm&r=g","contentUrl":"https:\/\/secure.gravatar.com\/avatar\/e6f378fd6914c8505d3e1d40f51fa953b21bab0f3a5658a33bc84cb5bda780f9?s=96&d=mm&r=g","caption":"admin"},"sameAs":["https:\/\/estadocomarte.pt\/site"],"url":"https:\/\/estadocomarte.pt\/site\/author\/admin\/"}]}},"_links":{"self":[{"href":"https:\/\/estadocomarte.pt\/site\/wp-json\/wp\/v2\/posts\/11362","targetHints":{"allow":["GET"]}}],"collection":[{"href":"https:\/\/estadocomarte.pt\/site\/wp-json\/wp\/v2\/posts"}],"about":[{"href":"https:\/\/estadocomarte.pt\/site\/wp-json\/wp\/v2\/types\/post"}],"author":[{"embeddable":true,"href":"https:\/\/estadocomarte.pt\/site\/wp-json\/wp\/v2\/users\/1"}],"replies":[{"embeddable":true,"href":"https:\/\/estadocomarte.pt\/site\/wp-json\/wp\/v2\/comments?post=11362"}],"version-history":[{"count":13,"href":"https:\/\/estadocomarte.pt\/site\/wp-json\/wp\/v2\/posts\/11362\/revisions"}],"predecessor-version":[{"id":11380,"href":"https:\/\/estadocomarte.pt\/site\/wp-json\/wp\/v2\/posts\/11362\/revisions\/11380"}],"wp:featuredmedia":[{"embeddable":true,"href":"https:\/\/estadocomarte.pt\/site\/wp-json\/wp\/v2\/media\/9431"}],"wp:attachment":[{"href":"https:\/\/estadocomarte.pt\/site\/wp-json\/wp\/v2\/media?parent=11362"}],"wp:term":[{"taxonomy":"category","embeddable":true,"href":"https:\/\/estadocomarte.pt\/site\/wp-json\/wp\/v2\/categories?post=11362"},{"taxonomy":"post_tag","embeddable":true,"href":"https:\/\/estadocomarte.pt\/site\/wp-json\/wp\/v2\/tags?post=11362"}],"curies":[{"name":"wp","href":"https:\/\/api.w.org\/{rel}","templated":true}]}}