{"id":11381,"date":"2025-11-09T20:33:12","date_gmt":"2025-11-09T20:33:12","guid":{"rendered":"https:\/\/estadocomarte.pt\/site\/?p=11381"},"modified":"2025-11-09T20:33:12","modified_gmt":"2025-11-09T20:33:12","slug":"i-gala-ajap-portugal-winners-trofeu-homenagem-portugal-winners-atribuido-a-anibal-cavaco-silva","status":"publish","type":"post","link":"https:\/\/estadocomarte.pt\/site\/2025\/11\/09\/i-gala-ajap-portugal-winners-trofeu-homenagem-portugal-winners-atribuido-a-anibal-cavaco-silva\/","title":{"rendered":"I Gala AJAP-Portugal Winners. Trof\u00e9u Homenagem \u2018Portugal Winners\u2019 atribu\u00eddo a An\u00edbal Cavaco Silva"},"content":{"rendered":"<p><strong>A I Gala AJAP-Portugal Winners para valorizar os territ\u00f3rios rurais e o reconhecimento da mobiliza\u00e7\u00e3o dos jovens como agentes da dinamiza\u00e7\u00e3o dos territ\u00f3rios juntou a 5 de novembro, ter\u00e7a-feira passada, mais de 210 personalidades do setor,\u00a0 no Sal\u00e3o Preto e Prata, no Casino Estoril. o Ministro da Agricultura e Mar, Jos\u00e9 Manuel Fernandes, destacou a \u201cimport\u00e2ncia dos Jovens Agricultores\u201d e a moderniza\u00e7\u00e3o da agricultura. <\/strong><strong>Paulo Portas, Rui Rio e Duarte Cordeiro debateram os desafios globais e nacionais, mudan\u00e7as geopol\u00edticas, altera\u00e7\u00f5es clim\u00e1ticas e sustentabilidade.<\/strong><\/p>\n<p>Projetar o futuro, valorizar os territ\u00f3rios rurais, premiar jovens, personalidades, institui\u00e7\u00f5es e empresas foi o mote de um evento que ir\u00e1, anualmente, reconhecer o potencial destas regi\u00f5es e os protagonistas que, mobilizados e apoiados, podem impulsionar o Interior do Pa\u00eds, Jovens Agricultores, Jovens Empres\u00e1rios Rurais (JER) e alunos das mais variadas escolas de ensino profissional e superior.<\/p>\n<p>Durante a Gala foi apresentado o <strong>Rural Innovation Challenges<\/strong>, ambas as iniciativas da AJAP &#8211; Associa\u00e7\u00e3o dos Jovens Agricultores de Portugal, em parceria tamb\u00e9m com a Caja Rural del Sur &#8211; CRSUR e a Agrim\u00fatuo &#8211; Federa\u00e7\u00e3o Nacional das Caixas de Cr\u00e9dito Agr\u00edcola M\u00fatuo, tendo como objetivos centrais: a promo\u00e7\u00e3o e divulga\u00e7\u00e3o do potencial dos territ\u00f3rios rurais e lan\u00e7ar desafios aos jovens rurais e urbanos, em sess\u00f5es que decorrem no primeiro semestre de cada ano.<\/p>\n<p>O <strong>Rural Innovation Challenges<\/strong> conta com quatro categorias: Jovem Agricultor, Jovem Empres\u00e1rio Rural, Jovem Talento AgroRural e Academia Rural. Ir\u00e1\u00a0percorrer escolas, universidades e munic\u00edpios de norte a sul do Pa\u00eds e premiar 12 jovens, tr\u00eas em cada uma das quatro categorias, que se distingam pela valoriza\u00e7\u00e3o e dinamiza\u00e7\u00e3o dos territ\u00f3rios rurais.<\/p>\n<p>Na sess\u00e3o de abertura desta Gala, o Ministro da Agricultura e Mar, Jos\u00e9 Manuel Fernandes, destacou a \u201cimport\u00e2ncia dos Jovens Agricultores\u201d no desenvolvimento econ\u00f3mico do Pa\u00eds e salientou que \u201ctemos uma agricultura cada vez mais moderna\u201d, lembrando o papel das escolas profissionais e de agricultura neste caminho. \u201cA renova\u00e7\u00e3o geracional \u00e9 muito importante\u201d, frisou, lembrando que a m\u00e9dia de idade dos agricultores em Portugal \u00e9 de 64 anos, quando a m\u00e9dia da Uni\u00e3o Europeia \u00e9 de 58 e que \u201ctemos no PEPAC uma dota\u00e7\u00e3o de 253 milh\u00f5es de euros para esta renova\u00e7\u00e3o geracional\u201d, real\u00e7ou. \u201cEsta cerim\u00f3nia \u00e9 uma prova de que h\u00e1 confian\u00e7a, mas tamb\u00e9m \u00e9 um apelo para que os jovens venham para a agricultura. Apoiar os jovens \u00e9 investir na vitalidade do setor e na coes\u00e3o do territ\u00f3rio\u201d, vincou o Ministro.<\/p>\n<p>O Presidente da AJAP, Henrique Silvestre Ferreira, sublinhou na sua interven\u00e7\u00e3o, \u201ca import\u00e2ncia desta Gala\u201d que reconhece \u201cpessoas, institui\u00e7\u00f5es e empresas, que com o seu trabalho, investimento e vis\u00e3o contribuem para um Portugal mais sustent\u00e1vel, coeso e inovador\u201d. \u201cO que aqui celebramos \u00e9 a coragem, a resili\u00eancia e o esp\u00edrito empreendedor de quem acredita n\u00e3o s\u00f3 na for\u00e7a das comunidades, como tamb\u00e9m nos Jovens como agentes da inova\u00e7\u00e3o e no uso das novas tecnologias, da digitaliza\u00e7\u00e3o e da intelig\u00eancia artificial como ferramentas cruciais nos nossos dias, sob o \u2018chap\u00e9u\u2019 da sustentabilidade\u201d.<\/p>\n<p>\u201cA Gala nasceu com uma miss\u00e3o clara: mobilizar os jovens, inspirar os territ\u00f3rios rurais, divulgar boas pr\u00e1ticas e mostrar que a inova\u00e7\u00e3o pode nascer em qualquer lugar, desde a aldeia mais pequena at\u00e9 \u00e0 cidade mais cosmopolita\u201d, afirmou Henrique Silvestre Ferreira.<\/p>\n<p>Seguiu-se um painel de reflex\u00e3o intitulado \u2018Regresso ao Futuro 2035\u2019, com a presen\u00e7a de oradores da pol\u00edtica nacional, como\u00a0Paulo Portas, Rui Rio e Duarte Cordeiro, que debateram os desafios globais e nacionais, mudan\u00e7as geopol\u00edticas, altera\u00e7\u00f5es clim\u00e1ticas e sustentabilidade.<\/p>\n<p>O segundo painel foi dedicado ao\u00a0Rural Innovation Challenges, com interven\u00e7\u00f5es de\u00a0Jos\u00e9 Garc\u00eda-Palacios, Presidente da Caja Rural del Sur, Manuela Jorge, Presidente da Agrim\u00fatuo, e Firmino Cordeiro, Diretor-Geral da AJAP, abordando os desafios que tornaram esta iniciativa uma realidade e destacando a Gala como o evento de excel\u00eancia da AJAP.<\/p>\n<p>Firmino Cordeiro, Diretor-Geral da AJAP, explicou a import\u00e2ncia do Rural Innovation Challenges, nomeadamente no impulso que traz aos territ\u00f3rios rurais, no combate ao despovoamento e no \u00edmpeto ao rejuvenescimento.<\/p>\n<p>\u201cEste desafio surge porque queremos ir mais al\u00e9m, n\u00e3o podemos falar apenas para dentro, temos mais jovens no Pa\u00eds, que ainda desconhecem o potencial dos territ\u00f3rios rurais bem como os apoios que existem e que eles podem aproveitar. \u00c9 preciso fazer chegar esta mensagem aos estudantes, n\u00e3o s\u00f3 das escolas profissionais, como do Ensino Superior e Universidades, e de outras \u00e1reas\u201d, disse o Diretor-Geral da AJAP. Firmino Cordeiro deixou ainda o repto aos respons\u00e1veis do Minist\u00e9rio da Agricultura, CCDR, CIM, autarquias e escolas presentes na Gala, para que se juntem a esta iniciativa, que a AJAP e os seus parceiros consideram urgente implementar e disseminar no territ\u00f3rio.<\/p>\n<p>Jos\u00e9 Garc\u00eda-Palacios, Presidente da Caja Rural del Sur, salientou que a Agricultura \u201ctem futuro\u201d e n\u00e3o tem d\u00favidas de que \u201c\u00e9 um setor estrat\u00e9gico na Pen\u00ednsula Ib\u00e9rica\u201d. Com as incertezas globais, e uma guerra na Europa, a aposta na Agricultura \u201c\u00e9 cada vez mais uma urg\u00eancia\u201d, para que sejamos capazes de acautelar a soberania alimentar necess\u00e1ria.<\/p>\n<p>Manuela Nina Jorge, Presidente da Agrim\u00fatuo, frisou que Portugal \u00e9 um Pa\u00eds que tem dado provas na qualidade dos produtos agr\u00edcolas e agroalimentares, desde os vinhos, as hort\u00edcolas e a fruta como nomeadamente a P\u00eara Rocha e os Frutos vermelhos, e \u201ctemos de continuar a abra\u00e7ar essa qualidade\u201d. \u201cE isso faz-se com inova\u00e7\u00e3o, tecnologia e digitaliza\u00e7\u00e3o e que tem sido bem conseguido, mas temos de incentivar os Jovens Agricultores e outros Jovens Empres\u00e1rios, nomeadamente nos territ\u00f3rios mais vulner\u00e1veis, a conseguir instalarem-se com qualidade e n\u00edvel de vida onde \u00e9 preciso impulsionar o rejuvenescimento e inverter a desertifica\u00e7\u00e3o\u201d, disse.<\/p>\n<p>Lu\u00eds Marques Mendes, candidato \u00e0 Presid\u00eancia da Rep\u00fablica, encerrou a I Gala AJAP-Portugal Winners com a comunica\u00e7\u00e3o \u2018Perspetivar 2035\u2019. Lembrou a import\u00e2ncia da AJAP, fundada em 1983, e o trabalho que a Organiza\u00e7\u00e3o desenvolve no Pa\u00eds nas \u00faltimas quatro d\u00e9cadas. \u201cA AJAP tem feito um percurso importante a favor da Agricultura, da pedagogia relativamente aos Jovens Agricultores, tem um grande passado e desejo que tenha um grande futuro\u201d, afirmou.<\/p>\n<p>\u201cEsta iniciativa \u00e9 muito oportuna porque \u00e9 essencial colocar a Agricultura nas agendas pol\u00edtica, medi\u00e1tica e nacional\u201d, referiu Marques Mendes, elencando tr\u00eas prioridades: o rejuvenescimento do setor, a inova\u00e7\u00e3o tecnol\u00f3gica e digitaliza\u00e7\u00e3o e a visibilidade do setor. \u201cA Agricultura precisa de visibilidade. A ideia de que o mundo urbano \u00e9 futuro e o mundo rural \u00e9 passado \u00e9 profundamente errada, precisamos de ambos e \u00e9 importante que esta ideia seja alterada\u201d, alertou.<\/p>\n<p><strong>Entrega de trof\u00e9us<\/strong><\/p>\n<p>Durante a Gala foram atribu\u00eddos tr\u00eas trof\u00e9us: a uma personalidade que marcou a vida pol\u00edtica durante 40 anos em Portugal, e a dois jovens, um futuro candidato a agricultor, e o exemplo de uma jovem multifacetada, exemplo de uma Jovem Empres\u00e1ria Rural.<\/p>\n<p>O trof\u00e9u Homenagem \u2018Portugal Winners\u2019 foi atribu\u00eddo ao ex-Primeiro-Ministro e Presidente da Rep\u00fablica, An\u00edbal Cavaco Silva (na semana em que se assinalam os 40 anos da sua tomada de posse como Primeiro-Ministro de Portugal), uma distin\u00e7\u00e3o simb\u00f3lica da AJAP e seus parceiros, que reconhece o seu contributo para o desenvolvimento econ\u00f3mico e humano de Portugal e a inspira\u00e7\u00e3o que continua a oferecer aos jovens que acreditam no poder transformador da iniciativa e do trabalho.<\/p>\n<p>Numa mensagem de v\u00eddeo, o professor Cavaco Silva agradeceu a distin\u00e7\u00e3o e salientou a import\u00e2ncia da AJAP e dos Jovens Agricultores portugueses no contributo que t\u00eam dado ao setor e \u00e0 economia do Pa\u00eds nas \u00faltimas d\u00e9cadas.<\/p>\n<p>Duarte Sanches, de 13 anos, de Valen\u00e7a do Minho, que recebeu o trof\u00e9u \u2018Jovem Agricultor em 2035\u2019, uma distin\u00e7\u00e3o que simboliza n\u00e3o s\u00f3 a voca\u00e7\u00e3o e a dedica\u00e7\u00e3o, mas tamb\u00e9m a vis\u00e3o e a aud\u00e1cia de um adolescente quem olha para a agricultura como um sonho. Tem na sua horta o hobbie de uma vida, a mesma com que sonha ser engenheiro agr\u00f3nomo. Um jovem promissor que, apesar da sua tenra idade, conta j\u00e1 uma hist\u00f3ria de inspira\u00e7\u00e3o e presen\u00e7a nas redes sociais, demonstrando que a agricultura portuguesa pode reinventar-se e atrair novas gera\u00e7\u00f5es. Em plena adolesc\u00eancia, tem sabido conjugar a sua paix\u00e3o pela terra com a criatividade e a comunica\u00e7\u00e3o moderna &#8211; alcan\u00e7ando milhares de seguidores nas plataformas digitais e mostrando como o mundo rural pode tornar-se num palco de inova\u00e7\u00e3o, de aprendizagem e de futuro.<\/p>\n<p>Sabrina Saraiva, foi outra homenageada, recebeu o trof\u00e9u que simboliza a figura \u2018Jovem Empres\u00e1rio Rural\u2019. Da aldeia de Gralheira, no cora\u00e7\u00e3o montanhoso do norte de Portugal, vem a sua for\u00e7a do empreendedorismo rural moderno. \u00c9 maquilhadora, mas a sua vida vai muito al\u00e9m disso. Com uma energia contagiante, dedica-se \u00e0 cria\u00e7\u00e3o de vacas da ra\u00e7a Arouquesa, preservando o patrim\u00f3nio gen\u00e9tico e cultural de uma das mais nobres ra\u00e7as bovinas do nosso Pa\u00eds. Organiza tamb\u00e9m passeios tur\u00edsticos a cavalo, promovendo o contacto com a natureza, a valoriza\u00e7\u00e3o do territ\u00f3rio e a hospitalidade rural portuguesa. \u00c0 noite, troca o campo pelas mesas do restaurante dos pais, onde trabalha e ajuda a dinamizar a economia local, num verdadeiro exemplo de dedica\u00e7\u00e3o.<\/p>\n","protected":false},"excerpt":{"rendered":"<p>Estado com Arte Magazine<\/p>\n","protected":false},"author":1,"featured_media":11383,"comment_status":"open","ping_status":"open","sticky":false,"template":"","format":"standard","meta":{"site-sidebar-layout":"default","site-content-layout":"default","ast-global-header-display":"","ast-banner-title-visibility":"","ast-main-header-display":"","ast-hfb-above-header-display":"","ast-hfb-below-header-display":"","ast-hfb-mobile-header-display":"","site-post-title":"","ast-breadcrumbs-content":"","ast-featured-img":"","footer-sml-layout":"","theme-transparent-header-meta":"default","adv-header-id-meta":"","stick-header-meta":"","header-above-stick-meta":"","header-main-stick-meta":"","header-below-stick-meta":"","footnotes":""},"categories":[5],"tags":[174,2248,2246,2247],"class_list":["post-11381","post","type-post","status-publish","format-standard","has-post-thumbnail","hentry","category-economia","tag-ajap","tag-casino-estoril","tag-cavaco-silva","tag-premios"],"yoast_head":"<!-- This site is optimized with the Yoast SEO plugin v25.1 - https:\/\/yoast.com\/wordpress\/plugins\/seo\/ -->\n<title>I Gala AJAP-Portugal Winners. Trof\u00e9u Homenagem \u2018Portugal Winners\u2019 atribu\u00eddo a An\u00edbal Cavaco Silva - Estado com Arte<\/title>\n<meta name=\"robots\" content=\"index, follow, max-snippet:-1, max-image-preview:large, max-video-preview:-1\" \/>\n<link rel=\"canonical\" href=\"https:\/\/estadocomarte.pt\/site\/2025\/11\/09\/i-gala-ajap-portugal-winners-trofeu-homenagem-portugal-winners-atribuido-a-anibal-cavaco-silva\/\" \/>\n<meta property=\"og:locale\" content=\"pt_PT\" \/>\n<meta property=\"og:type\" content=\"article\" \/>\n<meta property=\"og:title\" content=\"I Gala AJAP-Portugal Winners. Trof\u00e9u Homenagem \u2018Portugal Winners\u2019 atribu\u00eddo a An\u00edbal Cavaco Silva - Estado com Arte\" \/>\n<meta property=\"og:description\" content=\"Estado com Arte Magazine\" \/>\n<meta property=\"og:url\" content=\"https:\/\/estadocomarte.pt\/site\/2025\/11\/09\/i-gala-ajap-portugal-winners-trofeu-homenagem-portugal-winners-atribuido-a-anibal-cavaco-silva\/\" \/>\n<meta property=\"og:site_name\" content=\"Estado com Arte\" \/>\n<meta property=\"article:published_time\" content=\"2025-11-09T20:33:12+00:00\" \/>\n<meta property=\"og:image\" content=\"https:\/\/estadocomarte.pt\/site\/wp-content\/uploads\/2025\/11\/cavaco2.webp\" \/>\n\t<meta property=\"og:image:width\" content=\"1280\" \/>\n\t<meta property=\"og:image:height\" content=\"854\" \/>\n\t<meta property=\"og:image:type\" content=\"image\/webp\" \/>\n<meta name=\"author\" content=\"admin\" \/>\n<meta name=\"twitter:card\" content=\"summary_large_image\" \/>\n<meta name=\"twitter:label1\" content=\"Escrito por\" \/>\n\t<meta name=\"twitter:data1\" content=\"admin\" \/>\n\t<meta name=\"twitter:label2\" content=\"Tempo estimado de leitura\" \/>\n\t<meta name=\"twitter:data2\" content=\"9 minutos\" \/>\n<script type=\"application\/ld+json\" class=\"yoast-schema-graph\">{\"@context\":\"https:\/\/schema.org\",\"@graph\":[{\"@type\":\"Article\",\"@id\":\"https:\/\/estadocomarte.pt\/site\/2025\/11\/09\/i-gala-ajap-portugal-winners-trofeu-homenagem-portugal-winners-atribuido-a-anibal-cavaco-silva\/#article\",\"isPartOf\":{\"@id\":\"https:\/\/estadocomarte.pt\/site\/2025\/11\/09\/i-gala-ajap-portugal-winners-trofeu-homenagem-portugal-winners-atribuido-a-anibal-cavaco-silva\/\"},\"author\":{\"name\":\"admin\",\"@id\":\"https:\/\/estadocomarte.pt\/site\/#\/schema\/person\/c0943a071216c1e5b21f85304151e4ba\"},\"headline\":\"I Gala AJAP-Portugal Winners. Trof\u00e9u Homenagem \u2018Portugal Winners\u2019 atribu\u00eddo a An\u00edbal Cavaco Silva\",\"datePublished\":\"2025-11-09T20:33:12+00:00\",\"mainEntityOfPage\":{\"@id\":\"https:\/\/estadocomarte.pt\/site\/2025\/11\/09\/i-gala-ajap-portugal-winners-trofeu-homenagem-portugal-winners-atribuido-a-anibal-cavaco-silva\/\"},\"wordCount\":1625,\"commentCount\":0,\"publisher\":{\"@id\":\"https:\/\/estadocomarte.pt\/site\/#organization\"},\"image\":{\"@id\":\"https:\/\/estadocomarte.pt\/site\/2025\/11\/09\/i-gala-ajap-portugal-winners-trofeu-homenagem-portugal-winners-atribuido-a-anibal-cavaco-silva\/#primaryimage\"},\"thumbnailUrl\":\"https:\/\/estadocomarte.pt\/site\/wp-content\/uploads\/2025\/11\/cavaco2.webp\",\"keywords\":[\"Ajap\",\"casino estoril\",\"cavaco silva\",\"premios\"],\"articleSection\":[\"Economia\"],\"inLanguage\":\"pt-PT\",\"potentialAction\":[{\"@type\":\"CommentAction\",\"name\":\"Comment\",\"target\":[\"https:\/\/estadocomarte.pt\/site\/2025\/11\/09\/i-gala-ajap-portugal-winners-trofeu-homenagem-portugal-winners-atribuido-a-anibal-cavaco-silva\/#respond\"]}]},{\"@type\":\"WebPage\",\"@id\":\"https:\/\/estadocomarte.pt\/site\/2025\/11\/09\/i-gala-ajap-portugal-winners-trofeu-homenagem-portugal-winners-atribuido-a-anibal-cavaco-silva\/\",\"url\":\"https:\/\/estadocomarte.pt\/site\/2025\/11\/09\/i-gala-ajap-portugal-winners-trofeu-homenagem-portugal-winners-atribuido-a-anibal-cavaco-silva\/\",\"name\":\"I Gala AJAP-Portugal Winners. Trof\u00e9u Homenagem \u2018Portugal Winners\u2019 atribu\u00eddo a An\u00edbal Cavaco Silva - Estado com Arte\",\"isPartOf\":{\"@id\":\"https:\/\/estadocomarte.pt\/site\/#website\"},\"primaryImageOfPage\":{\"@id\":\"https:\/\/estadocomarte.pt\/site\/2025\/11\/09\/i-gala-ajap-portugal-winners-trofeu-homenagem-portugal-winners-atribuido-a-anibal-cavaco-silva\/#primaryimage\"},\"image\":{\"@id\":\"https:\/\/estadocomarte.pt\/site\/2025\/11\/09\/i-gala-ajap-portugal-winners-trofeu-homenagem-portugal-winners-atribuido-a-anibal-cavaco-silva\/#primaryimage\"},\"thumbnailUrl\":\"https:\/\/estadocomarte.pt\/site\/wp-content\/uploads\/2025\/11\/cavaco2.webp\",\"datePublished\":\"2025-11-09T20:33:12+00:00\",\"breadcrumb\":{\"@id\":\"https:\/\/estadocomarte.pt\/site\/2025\/11\/09\/i-gala-ajap-portugal-winners-trofeu-homenagem-portugal-winners-atribuido-a-anibal-cavaco-silva\/#breadcrumb\"},\"inLanguage\":\"pt-PT\",\"potentialAction\":[{\"@type\":\"ReadAction\",\"target\":[\"https:\/\/estadocomarte.pt\/site\/2025\/11\/09\/i-gala-ajap-portugal-winners-trofeu-homenagem-portugal-winners-atribuido-a-anibal-cavaco-silva\/\"]}]},{\"@type\":\"ImageObject\",\"inLanguage\":\"pt-PT\",\"@id\":\"https:\/\/estadocomarte.pt\/site\/2025\/11\/09\/i-gala-ajap-portugal-winners-trofeu-homenagem-portugal-winners-atribuido-a-anibal-cavaco-silva\/#primaryimage\",\"url\":\"https:\/\/estadocomarte.pt\/site\/wp-content\/uploads\/2025\/11\/cavaco2.webp\",\"contentUrl\":\"https:\/\/estadocomarte.pt\/site\/wp-content\/uploads\/2025\/11\/cavaco2.webp\",\"width\":1280,\"height\":854},{\"@type\":\"BreadcrumbList\",\"@id\":\"https:\/\/estadocomarte.pt\/site\/2025\/11\/09\/i-gala-ajap-portugal-winners-trofeu-homenagem-portugal-winners-atribuido-a-anibal-cavaco-silva\/#breadcrumb\",\"itemListElement\":[{\"@type\":\"ListItem\",\"position\":1,\"name\":\"In\u00edcio\",\"item\":\"https:\/\/estadocomarte.pt\/site\/\"},{\"@type\":\"ListItem\",\"position\":2,\"name\":\"I Gala AJAP-Portugal Winners. Trof\u00e9u Homenagem \u2018Portugal Winners\u2019 atribu\u00eddo a An\u00edbal Cavaco Silva\"}]},{\"@type\":\"WebSite\",\"@id\":\"https:\/\/estadocomarte.pt\/site\/#website\",\"url\":\"https:\/\/estadocomarte.pt\/site\/\",\"name\":\"Estado com Arte Magazine\",\"description\":\"Magazine\",\"publisher\":{\"@id\":\"https:\/\/estadocomarte.pt\/site\/#organization\"},\"alternateName\":\"Magazine semanal sobre pol\u00edtica e cultura, com autores, opini\u00e3o e cr\u00edticas.\",\"potentialAction\":[{\"@type\":\"SearchAction\",\"target\":{\"@type\":\"EntryPoint\",\"urlTemplate\":\"https:\/\/estadocomarte.pt\/site\/?s={search_term_string}\"},\"query-input\":{\"@type\":\"PropertyValueSpecification\",\"valueRequired\":true,\"valueName\":\"search_term_string\"}}],\"inLanguage\":\"pt-PT\"},{\"@type\":\"Organization\",\"@id\":\"https:\/\/estadocomarte.pt\/site\/#organization\",\"name\":\"Estado com Arte Magazine\",\"alternateName\":\"Magazine semanal sobre pol\u00edtica e cultura, com autores, opini\u00e3o e cr\u00edticas.\",\"url\":\"https:\/\/estadocomarte.pt\/site\/\",\"logo\":{\"@type\":\"ImageObject\",\"inLanguage\":\"pt-PT\",\"@id\":\"https:\/\/estadocomarte.pt\/site\/#\/schema\/logo\/image\/\",\"url\":\"https:\/\/estadocomarte.pt\/site\/wp-content\/uploads\/2023\/06\/cropped-cropped-Prancheta-2@2x-100.jpg\",\"contentUrl\":\"https:\/\/estadocomarte.pt\/site\/wp-content\/uploads\/2023\/06\/cropped-cropped-Prancheta-2@2x-100.jpg\",\"width\":1777,\"height\":592,\"caption\":\"Estado com Arte Magazine\"},\"image\":{\"@id\":\"https:\/\/estadocomarte.pt\/site\/#\/schema\/logo\/image\/\"},\"sameAs\":[\"https:\/\/www.instagram.com\/estadocomartemagazine\"]},{\"@type\":\"Person\",\"@id\":\"https:\/\/estadocomarte.pt\/site\/#\/schema\/person\/c0943a071216c1e5b21f85304151e4ba\",\"name\":\"admin\",\"image\":{\"@type\":\"ImageObject\",\"inLanguage\":\"pt-PT\",\"@id\":\"https:\/\/estadocomarte.pt\/site\/#\/schema\/person\/image\/\",\"url\":\"https:\/\/secure.gravatar.com\/avatar\/e6f378fd6914c8505d3e1d40f51fa953b21bab0f3a5658a33bc84cb5bda780f9?s=96&d=mm&r=g\",\"contentUrl\":\"https:\/\/secure.gravatar.com\/avatar\/e6f378fd6914c8505d3e1d40f51fa953b21bab0f3a5658a33bc84cb5bda780f9?s=96&d=mm&r=g\",\"caption\":\"admin\"},\"sameAs\":[\"https:\/\/estadocomarte.pt\/site\"],\"url\":\"https:\/\/estadocomarte.pt\/site\/author\/admin\/\"}]}<\/script>\n<!-- \/ Yoast SEO plugin. -->","yoast_head_json":{"title":"I Gala AJAP-Portugal Winners. Trof\u00e9u Homenagem \u2018Portugal Winners\u2019 atribu\u00eddo a An\u00edbal Cavaco Silva - Estado com Arte","robots":{"index":"index","follow":"follow","max-snippet":"max-snippet:-1","max-image-preview":"max-image-preview:large","max-video-preview":"max-video-preview:-1"},"canonical":"https:\/\/estadocomarte.pt\/site\/2025\/11\/09\/i-gala-ajap-portugal-winners-trofeu-homenagem-portugal-winners-atribuido-a-anibal-cavaco-silva\/","og_locale":"pt_PT","og_type":"article","og_title":"I Gala AJAP-Portugal Winners. Trof\u00e9u Homenagem \u2018Portugal Winners\u2019 atribu\u00eddo a An\u00edbal Cavaco Silva - Estado com Arte","og_description":"Estado com Arte Magazine","og_url":"https:\/\/estadocomarte.pt\/site\/2025\/11\/09\/i-gala-ajap-portugal-winners-trofeu-homenagem-portugal-winners-atribuido-a-anibal-cavaco-silva\/","og_site_name":"Estado com Arte","article_published_time":"2025-11-09T20:33:12+00:00","og_image":[{"width":1280,"height":854,"url":"https:\/\/estadocomarte.pt\/site\/wp-content\/uploads\/2025\/11\/cavaco2.webp","type":"image\/webp"}],"author":"admin","twitter_card":"summary_large_image","twitter_misc":{"Escrito por":"admin","Tempo estimado de leitura":"9 minutos"},"schema":{"@context":"https:\/\/schema.org","@graph":[{"@type":"Article","@id":"https:\/\/estadocomarte.pt\/site\/2025\/11\/09\/i-gala-ajap-portugal-winners-trofeu-homenagem-portugal-winners-atribuido-a-anibal-cavaco-silva\/#article","isPartOf":{"@id":"https:\/\/estadocomarte.pt\/site\/2025\/11\/09\/i-gala-ajap-portugal-winners-trofeu-homenagem-portugal-winners-atribuido-a-anibal-cavaco-silva\/"},"author":{"name":"admin","@id":"https:\/\/estadocomarte.pt\/site\/#\/schema\/person\/c0943a071216c1e5b21f85304151e4ba"},"headline":"I Gala AJAP-Portugal Winners. Trof\u00e9u Homenagem \u2018Portugal Winners\u2019 atribu\u00eddo a An\u00edbal Cavaco Silva","datePublished":"2025-11-09T20:33:12+00:00","mainEntityOfPage":{"@id":"https:\/\/estadocomarte.pt\/site\/2025\/11\/09\/i-gala-ajap-portugal-winners-trofeu-homenagem-portugal-winners-atribuido-a-anibal-cavaco-silva\/"},"wordCount":1625,"commentCount":0,"publisher":{"@id":"https:\/\/estadocomarte.pt\/site\/#organization"},"image":{"@id":"https:\/\/estadocomarte.pt\/site\/2025\/11\/09\/i-gala-ajap-portugal-winners-trofeu-homenagem-portugal-winners-atribuido-a-anibal-cavaco-silva\/#primaryimage"},"thumbnailUrl":"https:\/\/estadocomarte.pt\/site\/wp-content\/uploads\/2025\/11\/cavaco2.webp","keywords":["Ajap","casino estoril","cavaco silva","premios"],"articleSection":["Economia"],"inLanguage":"pt-PT","potentialAction":[{"@type":"CommentAction","name":"Comment","target":["https:\/\/estadocomarte.pt\/site\/2025\/11\/09\/i-gala-ajap-portugal-winners-trofeu-homenagem-portugal-winners-atribuido-a-anibal-cavaco-silva\/#respond"]}]},{"@type":"WebPage","@id":"https:\/\/estadocomarte.pt\/site\/2025\/11\/09\/i-gala-ajap-portugal-winners-trofeu-homenagem-portugal-winners-atribuido-a-anibal-cavaco-silva\/","url":"https:\/\/estadocomarte.pt\/site\/2025\/11\/09\/i-gala-ajap-portugal-winners-trofeu-homenagem-portugal-winners-atribuido-a-anibal-cavaco-silva\/","name":"I Gala AJAP-Portugal Winners. Trof\u00e9u Homenagem \u2018Portugal Winners\u2019 atribu\u00eddo a An\u00edbal Cavaco Silva - Estado com Arte","isPartOf":{"@id":"https:\/\/estadocomarte.pt\/site\/#website"},"primaryImageOfPage":{"@id":"https:\/\/estadocomarte.pt\/site\/2025\/11\/09\/i-gala-ajap-portugal-winners-trofeu-homenagem-portugal-winners-atribuido-a-anibal-cavaco-silva\/#primaryimage"},"image":{"@id":"https:\/\/estadocomarte.pt\/site\/2025\/11\/09\/i-gala-ajap-portugal-winners-trofeu-homenagem-portugal-winners-atribuido-a-anibal-cavaco-silva\/#primaryimage"},"thumbnailUrl":"https:\/\/estadocomarte.pt\/site\/wp-content\/uploads\/2025\/11\/cavaco2.webp","datePublished":"2025-11-09T20:33:12+00:00","breadcrumb":{"@id":"https:\/\/estadocomarte.pt\/site\/2025\/11\/09\/i-gala-ajap-portugal-winners-trofeu-homenagem-portugal-winners-atribuido-a-anibal-cavaco-silva\/#breadcrumb"},"inLanguage":"pt-PT","potentialAction":[{"@type":"ReadAction","target":["https:\/\/estadocomarte.pt\/site\/2025\/11\/09\/i-gala-ajap-portugal-winners-trofeu-homenagem-portugal-winners-atribuido-a-anibal-cavaco-silva\/"]}]},{"@type":"ImageObject","inLanguage":"pt-PT","@id":"https:\/\/estadocomarte.pt\/site\/2025\/11\/09\/i-gala-ajap-portugal-winners-trofeu-homenagem-portugal-winners-atribuido-a-anibal-cavaco-silva\/#primaryimage","url":"https:\/\/estadocomarte.pt\/site\/wp-content\/uploads\/2025\/11\/cavaco2.webp","contentUrl":"https:\/\/estadocomarte.pt\/site\/wp-content\/uploads\/2025\/11\/cavaco2.webp","width":1280,"height":854},{"@type":"BreadcrumbList","@id":"https:\/\/estadocomarte.pt\/site\/2025\/11\/09\/i-gala-ajap-portugal-winners-trofeu-homenagem-portugal-winners-atribuido-a-anibal-cavaco-silva\/#breadcrumb","itemListElement":[{"@type":"ListItem","position":1,"name":"In\u00edcio","item":"https:\/\/estadocomarte.pt\/site\/"},{"@type":"ListItem","position":2,"name":"I Gala AJAP-Portugal Winners. Trof\u00e9u Homenagem \u2018Portugal Winners\u2019 atribu\u00eddo a An\u00edbal Cavaco Silva"}]},{"@type":"WebSite","@id":"https:\/\/estadocomarte.pt\/site\/#website","url":"https:\/\/estadocomarte.pt\/site\/","name":"Estado com Arte Magazine","description":"Magazine","publisher":{"@id":"https:\/\/estadocomarte.pt\/site\/#organization"},"alternateName":"Magazine semanal sobre pol\u00edtica e cultura, com autores, opini\u00e3o e cr\u00edticas.","potentialAction":[{"@type":"SearchAction","target":{"@type":"EntryPoint","urlTemplate":"https:\/\/estadocomarte.pt\/site\/?s={search_term_string}"},"query-input":{"@type":"PropertyValueSpecification","valueRequired":true,"valueName":"search_term_string"}}],"inLanguage":"pt-PT"},{"@type":"Organization","@id":"https:\/\/estadocomarte.pt\/site\/#organization","name":"Estado com Arte Magazine","alternateName":"Magazine semanal sobre pol\u00edtica e cultura, com autores, opini\u00e3o e cr\u00edticas.","url":"https:\/\/estadocomarte.pt\/site\/","logo":{"@type":"ImageObject","inLanguage":"pt-PT","@id":"https:\/\/estadocomarte.pt\/site\/#\/schema\/logo\/image\/","url":"https:\/\/estadocomarte.pt\/site\/wp-content\/uploads\/2023\/06\/cropped-cropped-Prancheta-2@2x-100.jpg","contentUrl":"https:\/\/estadocomarte.pt\/site\/wp-content\/uploads\/2023\/06\/cropped-cropped-Prancheta-2@2x-100.jpg","width":1777,"height":592,"caption":"Estado com Arte Magazine"},"image":{"@id":"https:\/\/estadocomarte.pt\/site\/#\/schema\/logo\/image\/"},"sameAs":["https:\/\/www.instagram.com\/estadocomartemagazine"]},{"@type":"Person","@id":"https:\/\/estadocomarte.pt\/site\/#\/schema\/person\/c0943a071216c1e5b21f85304151e4ba","name":"admin","image":{"@type":"ImageObject","inLanguage":"pt-PT","@id":"https:\/\/estadocomarte.pt\/site\/#\/schema\/person\/image\/","url":"https:\/\/secure.gravatar.com\/avatar\/e6f378fd6914c8505d3e1d40f51fa953b21bab0f3a5658a33bc84cb5bda780f9?s=96&d=mm&r=g","contentUrl":"https:\/\/secure.gravatar.com\/avatar\/e6f378fd6914c8505d3e1d40f51fa953b21bab0f3a5658a33bc84cb5bda780f9?s=96&d=mm&r=g","caption":"admin"},"sameAs":["https:\/\/estadocomarte.pt\/site"],"url":"https:\/\/estadocomarte.pt\/site\/author\/admin\/"}]}},"_links":{"self":[{"href":"https:\/\/estadocomarte.pt\/site\/wp-json\/wp\/v2\/posts\/11381","targetHints":{"allow":["GET"]}}],"collection":[{"href":"https:\/\/estadocomarte.pt\/site\/wp-json\/wp\/v2\/posts"}],"about":[{"href":"https:\/\/estadocomarte.pt\/site\/wp-json\/wp\/v2\/types\/post"}],"author":[{"embeddable":true,"href":"https:\/\/estadocomarte.pt\/site\/wp-json\/wp\/v2\/users\/1"}],"replies":[{"embeddable":true,"href":"https:\/\/estadocomarte.pt\/site\/wp-json\/wp\/v2\/comments?post=11381"}],"version-history":[{"count":1,"href":"https:\/\/estadocomarte.pt\/site\/wp-json\/wp\/v2\/posts\/11381\/revisions"}],"predecessor-version":[{"id":11384,"href":"https:\/\/estadocomarte.pt\/site\/wp-json\/wp\/v2\/posts\/11381\/revisions\/11384"}],"wp:featuredmedia":[{"embeddable":true,"href":"https:\/\/estadocomarte.pt\/site\/wp-json\/wp\/v2\/media\/11383"}],"wp:attachment":[{"href":"https:\/\/estadocomarte.pt\/site\/wp-json\/wp\/v2\/media?parent=11381"}],"wp:term":[{"taxonomy":"category","embeddable":true,"href":"https:\/\/estadocomarte.pt\/site\/wp-json\/wp\/v2\/categories?post=11381"},{"taxonomy":"post_tag","embeddable":true,"href":"https:\/\/estadocomarte.pt\/site\/wp-json\/wp\/v2\/tags?post=11381"}],"curies":[{"name":"wp","href":"https:\/\/api.w.org\/{rel}","templated":true}]}}