{"id":11495,"date":"2025-11-26T09:44:41","date_gmt":"2025-11-26T09:44:41","guid":{"rendered":"https:\/\/estadocomarte.pt\/site\/?p=11495"},"modified":"2025-11-26T09:44:41","modified_gmt":"2025-11-26T09:44:41","slug":"festival-literario-utopia-juntou-mais-de-26-mil-pessoas-em-braga","status":"publish","type":"post","link":"https:\/\/estadocomarte.pt\/site\/2025\/11\/26\/festival-literario-utopia-juntou-mais-de-26-mil-pessoas-em-braga\/","title":{"rendered":"Festival Liter\u00e1rio Utopia juntou mais de 26 mil pessoas em Braga"},"content":{"rendered":"<p><strong>Entre os dias 14 e 23 de novembro, Braga foi o palco da 3.\u00aa edi\u00e7\u00e3o do Festival Liter\u00e1rio Utopia, que reuniu alguns dos maiores nomes da literatura lus\u00f3fona e internacional numa programa\u00e7\u00e3o alargada e pensada para todas as idades. Mais de 26 mil pessoas participaram no evento que tem regresso marcado no pr\u00f3ximo ano nos A\u00e7ores, no \u00e2mbito das comemora\u00e7\u00f5es de Ponta Delgada, Capital Portuguesa da Cultura.<\/strong><\/p>\n<p>Durante 10 dias, a cidade de Braga tornou-se o epicentro da literatura, da m\u00fasica, do teatro e do document\u00e1rio gra\u00e7as \u00e0 3.\u00aa edi\u00e7\u00e3o do Festival Utopia, iniciativa que juntou 26.500 pessoas numa programa\u00e7\u00e3o que contou com nomes como Abdulrazak Gurnah, Pr\u00e9mio Nobel da Literatura em 2021, Mia Couto, Ricardo Ara\u00fajo Pereira, Frederico Louren\u00e7o, K\u00e1tia Guerreiro, Martim Sousa Tavares e Dino D&#8217;Santiago.<\/p>\n<p>&#8220;O Utopia afirma Braga como uma das capitais da literatura em Portugal. Durante estes dias, a cidade recebeu autores, leitores, investigadores, tradutores e criadores de v\u00e1rias \u00e1reas, mostrando como a literatura pode ligar gera\u00e7\u00f5es, linguagens e p\u00fablicos muito diferentes&#8221;, refere Jo\u00e3o Rodrigues, Presidente da C\u00e2mara Municipal de Braga.<\/p>\n<p>Explorando novos nomes, palcos e formatos, o evento teve como novidades os jantares liter\u00e1rios, que juntam autores e leitores em volta da mesa para momentos que combinam o melhor da gastronomia com a partilha de hist\u00f3rias, conversas e espa\u00e7o para sess\u00f5es de aut\u00f3grafos, mas tamb\u00e9m alargou a sua programa\u00e7\u00e3o infantil, com oficinas e leituras cantadas.<\/p>\n<p>No ano em que Braga assume o t\u00edtulo de Capital Portuguesa da Cultura, o festival, promovido pela The Book Company em parceria com a C\u00e2mara Municipal de Braga, mant\u00e9m o prop\u00f3sito de fortalecer a rela\u00e7\u00e3o da cidade com a arte, promovendo o di\u00e1logo entre a literatura, o teatro, o document\u00e1rio e a m\u00fasica. &#8220;Em nome do Munic\u00edpio de Braga, agrade\u00e7o \u00e0 The Book Company, aos autores, \u00e0s equipas t\u00e9cnicas e a todos os parceiros que tornaram esta edi\u00e7\u00e3o poss\u00edvel. Enquanto for Presidente da C\u00e2mara, o compromisso \u00e9 claro: manter e fazer crescer o Utopia como uma das grandes marcas culturais de Braga e um ponto de encontro internacional em torno dos livros e das ideias&#8221;, sublinha, o Presidente da C\u00e2mara Municipal de Braga.<\/p>\n<p>O Festival Utopia regressa a Braga no pr\u00f3ximo ano e vai estrear-se nos A\u00e7ores em 2026, no \u00e2mbito das comemora\u00e7\u00f5es de Ponta Delgada, Capital Portuguesa da Cultura. &#8220;Tamb\u00e9m a internacionaliza\u00e7\u00e3o \u00e9 hoje uma parte central da nossa miss\u00e3o&#8221;, sublinha Paulo Ferreira, diretor do festival, recordando que &#8220;o passo dado em 2025, com o Utopia Col\u00f4mbia, mostrou-nos a import\u00e2ncia de levar a literatura e a cultura portuguesa al\u00e9m-fronteiras&#8221;.<\/p>\n","protected":false},"excerpt":{"rendered":"<p>Estado com Arte Magazine<\/p>\n","protected":false},"author":1,"featured_media":11496,"comment_status":"open","ping_status":"open","sticky":false,"template":"","format":"standard","meta":{"site-sidebar-layout":"default","site-content-layout":"default","ast-global-header-display":"","ast-banner-title-visibility":"","ast-main-header-display":"","ast-hfb-above-header-display":"","ast-hfb-below-header-display":"","ast-hfb-mobile-header-display":"","site-post-title":"","ast-breadcrumbs-content":"","ast-featured-img":"","footer-sml-layout":"","theme-transparent-header-meta":"default","adv-header-id-meta":"","stick-header-meta":"","header-above-stick-meta":"","header-main-stick-meta":"","header-below-stick-meta":"","footnotes":""},"categories":[7,64],"tags":[378,2281],"class_list":["post-11495","post","type-post","status-publish","format-standard","has-post-thumbnail","hentry","category-cultura","category-isto-para-nos","tag-braga","tag-festival-da-utopia"],"yoast_head":"<!-- This site is optimized with the Yoast SEO plugin v25.1 - https:\/\/yoast.com\/wordpress\/plugins\/seo\/ -->\n<title>Festival Liter\u00e1rio Utopia juntou mais de 26 mil pessoas em Braga - Estado com Arte<\/title>\n<meta name=\"robots\" content=\"index, follow, max-snippet:-1, max-image-preview:large, max-video-preview:-1\" \/>\n<link rel=\"canonical\" href=\"https:\/\/estadocomarte.pt\/site\/2025\/11\/26\/festival-literario-utopia-juntou-mais-de-26-mil-pessoas-em-braga\/\" \/>\n<meta property=\"og:locale\" content=\"pt_PT\" \/>\n<meta property=\"og:type\" content=\"article\" \/>\n<meta property=\"og:title\" content=\"Festival Liter\u00e1rio Utopia juntou mais de 26 mil pessoas em Braga - Estado com Arte\" \/>\n<meta property=\"og:description\" content=\"Estado com Arte Magazine\" \/>\n<meta property=\"og:url\" content=\"https:\/\/estadocomarte.pt\/site\/2025\/11\/26\/festival-literario-utopia-juntou-mais-de-26-mil-pessoas-em-braga\/\" \/>\n<meta property=\"og:site_name\" content=\"Estado com Arte\" \/>\n<meta property=\"article:published_time\" content=\"2025-11-26T09:44:41+00:00\" \/>\n<meta property=\"og:image\" content=\"https:\/\/estadocomarte.pt\/site\/wp-content\/uploads\/2025\/11\/Braga.png\" \/>\n\t<meta property=\"og:image:width\" content=\"904\" \/>\n\t<meta property=\"og:image:height\" content=\"295\" \/>\n\t<meta property=\"og:image:type\" content=\"image\/png\" \/>\n<meta name=\"author\" content=\"admin\" \/>\n<meta name=\"twitter:card\" content=\"summary_large_image\" \/>\n<meta name=\"twitter:label1\" content=\"Escrito por\" \/>\n\t<meta name=\"twitter:data1\" content=\"admin\" \/>\n\t<meta name=\"twitter:label2\" content=\"Tempo estimado de leitura\" \/>\n\t<meta name=\"twitter:data2\" content=\"3 minutos\" \/>\n<script type=\"application\/ld+json\" class=\"yoast-schema-graph\">{\"@context\":\"https:\/\/schema.org\",\"@graph\":[{\"@type\":\"Article\",\"@id\":\"https:\/\/estadocomarte.pt\/site\/2025\/11\/26\/festival-literario-utopia-juntou-mais-de-26-mil-pessoas-em-braga\/#article\",\"isPartOf\":{\"@id\":\"https:\/\/estadocomarte.pt\/site\/2025\/11\/26\/festival-literario-utopia-juntou-mais-de-26-mil-pessoas-em-braga\/\"},\"author\":{\"name\":\"admin\",\"@id\":\"https:\/\/estadocomarte.pt\/site\/#\/schema\/person\/c0943a071216c1e5b21f85304151e4ba\"},\"headline\":\"Festival Liter\u00e1rio Utopia juntou mais de 26 mil pessoas em Braga\",\"datePublished\":\"2025-11-26T09:44:41+00:00\",\"mainEntityOfPage\":{\"@id\":\"https:\/\/estadocomarte.pt\/site\/2025\/11\/26\/festival-literario-utopia-juntou-mais-de-26-mil-pessoas-em-braga\/\"},\"wordCount\":471,\"commentCount\":0,\"publisher\":{\"@id\":\"https:\/\/estadocomarte.pt\/site\/#organization\"},\"image\":{\"@id\":\"https:\/\/estadocomarte.pt\/site\/2025\/11\/26\/festival-literario-utopia-juntou-mais-de-26-mil-pessoas-em-braga\/#primaryimage\"},\"thumbnailUrl\":\"https:\/\/estadocomarte.pt\/site\/wp-content\/uploads\/2025\/11\/Braga.png\",\"keywords\":[\"Braga\",\"Festival da Utopia\"],\"articleSection\":[\"Cultura\",\"Isto Para N\u00f3s\"],\"inLanguage\":\"pt-PT\",\"potentialAction\":[{\"@type\":\"CommentAction\",\"name\":\"Comment\",\"target\":[\"https:\/\/estadocomarte.pt\/site\/2025\/11\/26\/festival-literario-utopia-juntou-mais-de-26-mil-pessoas-em-braga\/#respond\"]}]},{\"@type\":\"WebPage\",\"@id\":\"https:\/\/estadocomarte.pt\/site\/2025\/11\/26\/festival-literario-utopia-juntou-mais-de-26-mil-pessoas-em-braga\/\",\"url\":\"https:\/\/estadocomarte.pt\/site\/2025\/11\/26\/festival-literario-utopia-juntou-mais-de-26-mil-pessoas-em-braga\/\",\"name\":\"Festival Liter\u00e1rio Utopia juntou mais de 26 mil pessoas em Braga - Estado com Arte\",\"isPartOf\":{\"@id\":\"https:\/\/estadocomarte.pt\/site\/#website\"},\"primaryImageOfPage\":{\"@id\":\"https:\/\/estadocomarte.pt\/site\/2025\/11\/26\/festival-literario-utopia-juntou-mais-de-26-mil-pessoas-em-braga\/#primaryimage\"},\"image\":{\"@id\":\"https:\/\/estadocomarte.pt\/site\/2025\/11\/26\/festival-literario-utopia-juntou-mais-de-26-mil-pessoas-em-braga\/#primaryimage\"},\"thumbnailUrl\":\"https:\/\/estadocomarte.pt\/site\/wp-content\/uploads\/2025\/11\/Braga.png\",\"datePublished\":\"2025-11-26T09:44:41+00:00\",\"breadcrumb\":{\"@id\":\"https:\/\/estadocomarte.pt\/site\/2025\/11\/26\/festival-literario-utopia-juntou-mais-de-26-mil-pessoas-em-braga\/#breadcrumb\"},\"inLanguage\":\"pt-PT\",\"potentialAction\":[{\"@type\":\"ReadAction\",\"target\":[\"https:\/\/estadocomarte.pt\/site\/2025\/11\/26\/festival-literario-utopia-juntou-mais-de-26-mil-pessoas-em-braga\/\"]}]},{\"@type\":\"ImageObject\",\"inLanguage\":\"pt-PT\",\"@id\":\"https:\/\/estadocomarte.pt\/site\/2025\/11\/26\/festival-literario-utopia-juntou-mais-de-26-mil-pessoas-em-braga\/#primaryimage\",\"url\":\"https:\/\/estadocomarte.pt\/site\/wp-content\/uploads\/2025\/11\/Braga.png\",\"contentUrl\":\"https:\/\/estadocomarte.pt\/site\/wp-content\/uploads\/2025\/11\/Braga.png\",\"width\":904,\"height\":295},{\"@type\":\"BreadcrumbList\",\"@id\":\"https:\/\/estadocomarte.pt\/site\/2025\/11\/26\/festival-literario-utopia-juntou-mais-de-26-mil-pessoas-em-braga\/#breadcrumb\",\"itemListElement\":[{\"@type\":\"ListItem\",\"position\":1,\"name\":\"In\u00edcio\",\"item\":\"https:\/\/estadocomarte.pt\/site\/\"},{\"@type\":\"ListItem\",\"position\":2,\"name\":\"Festival Liter\u00e1rio Utopia juntou mais de 26 mil pessoas em Braga\"}]},{\"@type\":\"WebSite\",\"@id\":\"https:\/\/estadocomarte.pt\/site\/#website\",\"url\":\"https:\/\/estadocomarte.pt\/site\/\",\"name\":\"Estado com Arte Magazine\",\"description\":\"Magazine\",\"publisher\":{\"@id\":\"https:\/\/estadocomarte.pt\/site\/#organization\"},\"alternateName\":\"Magazine semanal sobre pol\u00edtica e cultura, com autores, opini\u00e3o e cr\u00edticas.\",\"potentialAction\":[{\"@type\":\"SearchAction\",\"target\":{\"@type\":\"EntryPoint\",\"urlTemplate\":\"https:\/\/estadocomarte.pt\/site\/?s={search_term_string}\"},\"query-input\":{\"@type\":\"PropertyValueSpecification\",\"valueRequired\":true,\"valueName\":\"search_term_string\"}}],\"inLanguage\":\"pt-PT\"},{\"@type\":\"Organization\",\"@id\":\"https:\/\/estadocomarte.pt\/site\/#organization\",\"name\":\"Estado com Arte Magazine\",\"alternateName\":\"Magazine semanal sobre pol\u00edtica e cultura, com autores, opini\u00e3o e cr\u00edticas.\",\"url\":\"https:\/\/estadocomarte.pt\/site\/\",\"logo\":{\"@type\":\"ImageObject\",\"inLanguage\":\"pt-PT\",\"@id\":\"https:\/\/estadocomarte.pt\/site\/#\/schema\/logo\/image\/\",\"url\":\"https:\/\/estadocomarte.pt\/site\/wp-content\/uploads\/2023\/06\/cropped-cropped-Prancheta-2@2x-100.jpg\",\"contentUrl\":\"https:\/\/estadocomarte.pt\/site\/wp-content\/uploads\/2023\/06\/cropped-cropped-Prancheta-2@2x-100.jpg\",\"width\":1777,\"height\":592,\"caption\":\"Estado com Arte Magazine\"},\"image\":{\"@id\":\"https:\/\/estadocomarte.pt\/site\/#\/schema\/logo\/image\/\"},\"sameAs\":[\"https:\/\/www.instagram.com\/estadocomartemagazine\"]},{\"@type\":\"Person\",\"@id\":\"https:\/\/estadocomarte.pt\/site\/#\/schema\/person\/c0943a071216c1e5b21f85304151e4ba\",\"name\":\"admin\",\"image\":{\"@type\":\"ImageObject\",\"inLanguage\":\"pt-PT\",\"@id\":\"https:\/\/estadocomarte.pt\/site\/#\/schema\/person\/image\/\",\"url\":\"https:\/\/secure.gravatar.com\/avatar\/e6f378fd6914c8505d3e1d40f51fa953b21bab0f3a5658a33bc84cb5bda780f9?s=96&d=mm&r=g\",\"contentUrl\":\"https:\/\/secure.gravatar.com\/avatar\/e6f378fd6914c8505d3e1d40f51fa953b21bab0f3a5658a33bc84cb5bda780f9?s=96&d=mm&r=g\",\"caption\":\"admin\"},\"sameAs\":[\"https:\/\/estadocomarte.pt\/site\"],\"url\":\"https:\/\/estadocomarte.pt\/site\/author\/admin\/\"}]}<\/script>\n<!-- \/ Yoast SEO plugin. -->","yoast_head_json":{"title":"Festival Liter\u00e1rio Utopia juntou mais de 26 mil pessoas em Braga - Estado com Arte","robots":{"index":"index","follow":"follow","max-snippet":"max-snippet:-1","max-image-preview":"max-image-preview:large","max-video-preview":"max-video-preview:-1"},"canonical":"https:\/\/estadocomarte.pt\/site\/2025\/11\/26\/festival-literario-utopia-juntou-mais-de-26-mil-pessoas-em-braga\/","og_locale":"pt_PT","og_type":"article","og_title":"Festival Liter\u00e1rio Utopia juntou mais de 26 mil pessoas em Braga - Estado com Arte","og_description":"Estado com Arte Magazine","og_url":"https:\/\/estadocomarte.pt\/site\/2025\/11\/26\/festival-literario-utopia-juntou-mais-de-26-mil-pessoas-em-braga\/","og_site_name":"Estado com Arte","article_published_time":"2025-11-26T09:44:41+00:00","og_image":[{"width":904,"height":295,"url":"https:\/\/estadocomarte.pt\/site\/wp-content\/uploads\/2025\/11\/Braga.png","type":"image\/png"}],"author":"admin","twitter_card":"summary_large_image","twitter_misc":{"Escrito por":"admin","Tempo estimado de leitura":"3 minutos"},"schema":{"@context":"https:\/\/schema.org","@graph":[{"@type":"Article","@id":"https:\/\/estadocomarte.pt\/site\/2025\/11\/26\/festival-literario-utopia-juntou-mais-de-26-mil-pessoas-em-braga\/#article","isPartOf":{"@id":"https:\/\/estadocomarte.pt\/site\/2025\/11\/26\/festival-literario-utopia-juntou-mais-de-26-mil-pessoas-em-braga\/"},"author":{"name":"admin","@id":"https:\/\/estadocomarte.pt\/site\/#\/schema\/person\/c0943a071216c1e5b21f85304151e4ba"},"headline":"Festival Liter\u00e1rio Utopia juntou mais de 26 mil pessoas em Braga","datePublished":"2025-11-26T09:44:41+00:00","mainEntityOfPage":{"@id":"https:\/\/estadocomarte.pt\/site\/2025\/11\/26\/festival-literario-utopia-juntou-mais-de-26-mil-pessoas-em-braga\/"},"wordCount":471,"commentCount":0,"publisher":{"@id":"https:\/\/estadocomarte.pt\/site\/#organization"},"image":{"@id":"https:\/\/estadocomarte.pt\/site\/2025\/11\/26\/festival-literario-utopia-juntou-mais-de-26-mil-pessoas-em-braga\/#primaryimage"},"thumbnailUrl":"https:\/\/estadocomarte.pt\/site\/wp-content\/uploads\/2025\/11\/Braga.png","keywords":["Braga","Festival da Utopia"],"articleSection":["Cultura","Isto Para N\u00f3s"],"inLanguage":"pt-PT","potentialAction":[{"@type":"CommentAction","name":"Comment","target":["https:\/\/estadocomarte.pt\/site\/2025\/11\/26\/festival-literario-utopia-juntou-mais-de-26-mil-pessoas-em-braga\/#respond"]}]},{"@type":"WebPage","@id":"https:\/\/estadocomarte.pt\/site\/2025\/11\/26\/festival-literario-utopia-juntou-mais-de-26-mil-pessoas-em-braga\/","url":"https:\/\/estadocomarte.pt\/site\/2025\/11\/26\/festival-literario-utopia-juntou-mais-de-26-mil-pessoas-em-braga\/","name":"Festival Liter\u00e1rio Utopia juntou mais de 26 mil pessoas em Braga - Estado com Arte","isPartOf":{"@id":"https:\/\/estadocomarte.pt\/site\/#website"},"primaryImageOfPage":{"@id":"https:\/\/estadocomarte.pt\/site\/2025\/11\/26\/festival-literario-utopia-juntou-mais-de-26-mil-pessoas-em-braga\/#primaryimage"},"image":{"@id":"https:\/\/estadocomarte.pt\/site\/2025\/11\/26\/festival-literario-utopia-juntou-mais-de-26-mil-pessoas-em-braga\/#primaryimage"},"thumbnailUrl":"https:\/\/estadocomarte.pt\/site\/wp-content\/uploads\/2025\/11\/Braga.png","datePublished":"2025-11-26T09:44:41+00:00","breadcrumb":{"@id":"https:\/\/estadocomarte.pt\/site\/2025\/11\/26\/festival-literario-utopia-juntou-mais-de-26-mil-pessoas-em-braga\/#breadcrumb"},"inLanguage":"pt-PT","potentialAction":[{"@type":"ReadAction","target":["https:\/\/estadocomarte.pt\/site\/2025\/11\/26\/festival-literario-utopia-juntou-mais-de-26-mil-pessoas-em-braga\/"]}]},{"@type":"ImageObject","inLanguage":"pt-PT","@id":"https:\/\/estadocomarte.pt\/site\/2025\/11\/26\/festival-literario-utopia-juntou-mais-de-26-mil-pessoas-em-braga\/#primaryimage","url":"https:\/\/estadocomarte.pt\/site\/wp-content\/uploads\/2025\/11\/Braga.png","contentUrl":"https:\/\/estadocomarte.pt\/site\/wp-content\/uploads\/2025\/11\/Braga.png","width":904,"height":295},{"@type":"BreadcrumbList","@id":"https:\/\/estadocomarte.pt\/site\/2025\/11\/26\/festival-literario-utopia-juntou-mais-de-26-mil-pessoas-em-braga\/#breadcrumb","itemListElement":[{"@type":"ListItem","position":1,"name":"In\u00edcio","item":"https:\/\/estadocomarte.pt\/site\/"},{"@type":"ListItem","position":2,"name":"Festival Liter\u00e1rio Utopia juntou mais de 26 mil pessoas em Braga"}]},{"@type":"WebSite","@id":"https:\/\/estadocomarte.pt\/site\/#website","url":"https:\/\/estadocomarte.pt\/site\/","name":"Estado com Arte Magazine","description":"Magazine","publisher":{"@id":"https:\/\/estadocomarte.pt\/site\/#organization"},"alternateName":"Magazine semanal sobre pol\u00edtica e cultura, com autores, opini\u00e3o e cr\u00edticas.","potentialAction":[{"@type":"SearchAction","target":{"@type":"EntryPoint","urlTemplate":"https:\/\/estadocomarte.pt\/site\/?s={search_term_string}"},"query-input":{"@type":"PropertyValueSpecification","valueRequired":true,"valueName":"search_term_string"}}],"inLanguage":"pt-PT"},{"@type":"Organization","@id":"https:\/\/estadocomarte.pt\/site\/#organization","name":"Estado com Arte Magazine","alternateName":"Magazine semanal sobre pol\u00edtica e cultura, com autores, opini\u00e3o e cr\u00edticas.","url":"https:\/\/estadocomarte.pt\/site\/","logo":{"@type":"ImageObject","inLanguage":"pt-PT","@id":"https:\/\/estadocomarte.pt\/site\/#\/schema\/logo\/image\/","url":"https:\/\/estadocomarte.pt\/site\/wp-content\/uploads\/2023\/06\/cropped-cropped-Prancheta-2@2x-100.jpg","contentUrl":"https:\/\/estadocomarte.pt\/site\/wp-content\/uploads\/2023\/06\/cropped-cropped-Prancheta-2@2x-100.jpg","width":1777,"height":592,"caption":"Estado com Arte Magazine"},"image":{"@id":"https:\/\/estadocomarte.pt\/site\/#\/schema\/logo\/image\/"},"sameAs":["https:\/\/www.instagram.com\/estadocomartemagazine"]},{"@type":"Person","@id":"https:\/\/estadocomarte.pt\/site\/#\/schema\/person\/c0943a071216c1e5b21f85304151e4ba","name":"admin","image":{"@type":"ImageObject","inLanguage":"pt-PT","@id":"https:\/\/estadocomarte.pt\/site\/#\/schema\/person\/image\/","url":"https:\/\/secure.gravatar.com\/avatar\/e6f378fd6914c8505d3e1d40f51fa953b21bab0f3a5658a33bc84cb5bda780f9?s=96&d=mm&r=g","contentUrl":"https:\/\/secure.gravatar.com\/avatar\/e6f378fd6914c8505d3e1d40f51fa953b21bab0f3a5658a33bc84cb5bda780f9?s=96&d=mm&r=g","caption":"admin"},"sameAs":["https:\/\/estadocomarte.pt\/site"],"url":"https:\/\/estadocomarte.pt\/site\/author\/admin\/"}]}},"_links":{"self":[{"href":"https:\/\/estadocomarte.pt\/site\/wp-json\/wp\/v2\/posts\/11495","targetHints":{"allow":["GET"]}}],"collection":[{"href":"https:\/\/estadocomarte.pt\/site\/wp-json\/wp\/v2\/posts"}],"about":[{"href":"https:\/\/estadocomarte.pt\/site\/wp-json\/wp\/v2\/types\/post"}],"author":[{"embeddable":true,"href":"https:\/\/estadocomarte.pt\/site\/wp-json\/wp\/v2\/users\/1"}],"replies":[{"embeddable":true,"href":"https:\/\/estadocomarte.pt\/site\/wp-json\/wp\/v2\/comments?post=11495"}],"version-history":[{"count":1,"href":"https:\/\/estadocomarte.pt\/site\/wp-json\/wp\/v2\/posts\/11495\/revisions"}],"predecessor-version":[{"id":11497,"href":"https:\/\/estadocomarte.pt\/site\/wp-json\/wp\/v2\/posts\/11495\/revisions\/11497"}],"wp:featuredmedia":[{"embeddable":true,"href":"https:\/\/estadocomarte.pt\/site\/wp-json\/wp\/v2\/media\/11496"}],"wp:attachment":[{"href":"https:\/\/estadocomarte.pt\/site\/wp-json\/wp\/v2\/media?parent=11495"}],"wp:term":[{"taxonomy":"category","embeddable":true,"href":"https:\/\/estadocomarte.pt\/site\/wp-json\/wp\/v2\/categories?post=11495"},{"taxonomy":"post_tag","embeddable":true,"href":"https:\/\/estadocomarte.pt\/site\/wp-json\/wp\/v2\/tags?post=11495"}],"curies":[{"name":"wp","href":"https:\/\/api.w.org\/{rel}","templated":true}]}}