{"id":11498,"date":"2025-11-26T21:15:14","date_gmt":"2025-11-26T21:15:14","guid":{"rendered":"https:\/\/estadocomarte.pt\/site\/?p=11498"},"modified":"2025-12-01T11:11:14","modified_gmt":"2025-12-01T11:11:14","slug":"rocha-vieira-o-ultimo-governador-ultramarino-de-portugal","status":"publish","type":"post","link":"https:\/\/estadocomarte.pt\/site\/2025\/11\/26\/rocha-vieira-o-ultimo-governador-ultramarino-de-portugal\/","title":{"rendered":"Rocha Vieira. O \u00faltimo governador ultramarino de Portugal"},"content":{"rendered":"<p><strong>Homenagem a Coronel Rocha Vieira ( 1939-2025) decorreu esta quarta-feira no encerramento do ciclo 50 anos do 25 de Novembro no Pal\u00e1cio da Independ\u00eancia,\u00a0 organizado pela Sociedade Hist\u00f3rica da Independ\u00eancia de Portugal.<\/strong><\/p>\n<p>&#8220;Sei que o General teria gostado muito deste nosso Ciclo sobre os 50 anos do 25 de Novembro e, se pudesse ter estado presente, n\u00e3o teria deixado de intervir&#8221;, diz Jos\u00e9 Ribeiro e Castro, advogado e Presidente da Sociedade de Independ\u00eancia Hist\u00f3rica ao Estado com Arte Magazine.<\/p>\n<p>Vasco Joaquim Rocha Vieira, General do Ex\u00e9rcito Portugu\u00eas, foi militar e pol\u00edtico, que exerceu as fun\u00e7\u00f5es de Ministro da Rep\u00fablica dos A\u00e7ores e foi o \u00faltimo Governador de Macau. Publicou o livro \u00abO 25 de Novembro e a Democratiza\u00e7\u00e3o Portuguesa\u00bb conjuntamente com Ant\u00f3nio Barreto editado pela editora Gradiva, em 1916.<\/p>\n<p>Sobre a personalidade de Rocha Vieira e a rela\u00e7\u00e3o com as comemora\u00e7\u00f5es dos 50 anos do 25 de novembro organizado pela Sociedade Hist\u00f3rica da Independ\u00eancia de Portugal, Ribeiro e Castro comenta que &#8220;a verdade \u00e9 que esteve sempre presente: inspirou-nos! Este \u00e9 o primeiro agradecimento que lhe quero deixar: obrigado por ser uma pessoa capaz de inspirar. E n\u00e3o uma inspira\u00e7\u00e3o qualquer: a inspira\u00e7\u00e3o para os valores certos e para ideias e sentimentos que valem a pena. Obrigado.\u201d<\/p>\n<p>O General Vasco Rocha Vieira &#8220;\u00e9 um dos grandes de Portugal&#8221;, segundo o advogado. &#8220;N\u00e3o foi s\u00f3 o \u00faltimo governador de Macau, o que seria j\u00e1 suficientemente importante. Ele foi o \u00faltimo governador ultramarino de Portugal, o \u00faltimo a governar por Portugal em terras distantes, encerrando uma gesta portuguesa muito longa e por variad\u00edssimas paragens, come\u00e7ada em 1415, na conquista de Ceuta,\u201d sublinha o Presidente da Sociedade Hist\u00f3rica da Independ\u00eancia de Portugal sobre a homenagem a Rocha Vieira esta tarde no Pal\u00e1cio da Independ\u00eancia em Lisboa.<\/p>\n<p>Vasco Rocha Vieira nasceu em Lagoa, distrito de Faro, em 1939. Foi chefe do Estado-maior Territorial Independente de Macau entre 1973 e 1974, ano em que volta a Portugal por causa do 25 de Abril. Tornou-se depois o chefe do Estado-Maior do Ex\u00e9rcito entre 1976 e 1978. Foi membro do Conselho da Revolu\u00e7\u00e3o na altura em que Otelo Saraiva de Carvalho, um dos estrategas da Revolu\u00e7\u00e3o dos Cravos, foi colocado na reserva compulsiva.<\/p>\n<p>Rocha Vieira assumiu ainda o cargo de ministro da Rep\u00fablica nos A\u00e7ores entre 1986 e 1991, antes de voltar a Macau entre 1991 e 1999 para ser governador do territ\u00f3rio portugu\u00eas \u2014 o \u00faltimo antes de passar a estar sob a administra\u00e7\u00e3o da China.<\/p>\n<p>Cerca de dois anos depois, o tenente-general passou \u00e0 reserva. Entre 2006 e 2016, foi chanceler do Conselho das Antigas Ordens Militares por indica\u00e7\u00e3o de Ramalho Eanes. Nesse ano, publicou o livro &#8220;O 25 de Novembro e a Democratiza\u00e7\u00e3o Portuguesa&#8221; em co-autoria com o soci\u00f3logo Ant\u00f3nio Barreto.<\/p>\n","protected":false},"excerpt":{"rendered":"<p>Marta Roque<\/p>\n","protected":false},"author":1,"featured_media":11499,"comment_status":"open","ping_status":"open","sticky":false,"template":"","format":"standard","meta":{"site-sidebar-layout":"default","site-content-layout":"default","ast-global-header-display":"","ast-banner-title-visibility":"","ast-main-header-display":"","ast-hfb-above-header-display":"","ast-hfb-below-header-display":"","ast-hfb-mobile-header-display":"","site-post-title":"","ast-breadcrumbs-content":"","ast-featured-img":"","footer-sml-layout":"","theme-transparent-header-meta":"default","adv-header-id-meta":"","stick-header-meta":"","header-above-stick-meta":"","header-main-stick-meta":"","header-below-stick-meta":"","footnotes":""},"categories":[4],"tags":[371,2283,2282],"class_list":["post-11498","post","type-post","status-publish","format-standard","has-post-thumbnail","hentry","category-politica","tag-homenagem","tag-o-25-de-novembro-e-a-democratizacao-portuguesa","tag-rocha-vieira"],"yoast_head":"<!-- This site is optimized with the Yoast SEO plugin v25.1 - https:\/\/yoast.com\/wordpress\/plugins\/seo\/ -->\n<title>Rocha Vieira. O \u00faltimo governador ultramarino de Portugal - Estado com Arte<\/title>\n<meta name=\"robots\" content=\"index, follow, max-snippet:-1, max-image-preview:large, max-video-preview:-1\" \/>\n<link rel=\"canonical\" href=\"https:\/\/estadocomarte.pt\/site\/2025\/11\/26\/rocha-vieira-o-ultimo-governador-ultramarino-de-portugal\/\" \/>\n<meta property=\"og:locale\" content=\"pt_PT\" \/>\n<meta property=\"og:type\" content=\"article\" \/>\n<meta property=\"og:title\" content=\"Rocha Vieira. O \u00faltimo governador ultramarino de Portugal - Estado com Arte\" \/>\n<meta property=\"og:description\" content=\"Marta Roque\" \/>\n<meta property=\"og:url\" content=\"https:\/\/estadocomarte.pt\/site\/2025\/11\/26\/rocha-vieira-o-ultimo-governador-ultramarino-de-portugal\/\" \/>\n<meta property=\"og:site_name\" content=\"Estado com Arte\" \/>\n<meta property=\"article:published_time\" content=\"2025-11-26T21:15:14+00:00\" \/>\n<meta property=\"article:modified_time\" content=\"2025-12-01T11:11:14+00:00\" \/>\n<meta property=\"og:image\" content=\"https:\/\/estadocomarte.pt\/site\/wp-content\/uploads\/2025\/11\/Rocha-Vieira.jpg\" \/>\n\t<meta property=\"og:image:width\" content=\"430\" \/>\n\t<meta property=\"og:image:height\" content=\"310\" \/>\n\t<meta property=\"og:image:type\" content=\"image\/jpeg\" \/>\n<meta name=\"author\" content=\"admin\" \/>\n<meta name=\"twitter:card\" content=\"summary_large_image\" \/>\n<meta name=\"twitter:label1\" content=\"Escrito por\" \/>\n\t<meta name=\"twitter:data1\" content=\"admin\" \/>\n\t<meta name=\"twitter:label2\" content=\"Tempo estimado de leitura\" \/>\n\t<meta name=\"twitter:data2\" content=\"3 minutos\" \/>\n<script type=\"application\/ld+json\" class=\"yoast-schema-graph\">{\"@context\":\"https:\/\/schema.org\",\"@graph\":[{\"@type\":\"Article\",\"@id\":\"https:\/\/estadocomarte.pt\/site\/2025\/11\/26\/rocha-vieira-o-ultimo-governador-ultramarino-de-portugal\/#article\",\"isPartOf\":{\"@id\":\"https:\/\/estadocomarte.pt\/site\/2025\/11\/26\/rocha-vieira-o-ultimo-governador-ultramarino-de-portugal\/\"},\"author\":{\"name\":\"admin\",\"@id\":\"https:\/\/estadocomarte.pt\/site\/#\/schema\/person\/c0943a071216c1e5b21f85304151e4ba\"},\"headline\":\"Rocha Vieira. O \u00faltimo governador ultramarino de Portugal\",\"datePublished\":\"2025-11-26T21:15:14+00:00\",\"dateModified\":\"2025-12-01T11:11:14+00:00\",\"mainEntityOfPage\":{\"@id\":\"https:\/\/estadocomarte.pt\/site\/2025\/11\/26\/rocha-vieira-o-ultimo-governador-ultramarino-de-portugal\/\"},\"wordCount\":478,\"commentCount\":0,\"publisher\":{\"@id\":\"https:\/\/estadocomarte.pt\/site\/#organization\"},\"image\":{\"@id\":\"https:\/\/estadocomarte.pt\/site\/2025\/11\/26\/rocha-vieira-o-ultimo-governador-ultramarino-de-portugal\/#primaryimage\"},\"thumbnailUrl\":\"https:\/\/estadocomarte.pt\/site\/wp-content\/uploads\/2025\/11\/Rocha-Vieira.jpg\",\"keywords\":[\"homenagem\",\"O 25 de Novembro e a Democratiza\u00e7\u00e3o Portuguesa\u00bb\",\"Rocha Vieira\"],\"articleSection\":[\"Pol\u00edtica\"],\"inLanguage\":\"pt-PT\",\"potentialAction\":[{\"@type\":\"CommentAction\",\"name\":\"Comment\",\"target\":[\"https:\/\/estadocomarte.pt\/site\/2025\/11\/26\/rocha-vieira-o-ultimo-governador-ultramarino-de-portugal\/#respond\"]}]},{\"@type\":\"WebPage\",\"@id\":\"https:\/\/estadocomarte.pt\/site\/2025\/11\/26\/rocha-vieira-o-ultimo-governador-ultramarino-de-portugal\/\",\"url\":\"https:\/\/estadocomarte.pt\/site\/2025\/11\/26\/rocha-vieira-o-ultimo-governador-ultramarino-de-portugal\/\",\"name\":\"Rocha Vieira. O \u00faltimo governador ultramarino de Portugal - Estado com Arte\",\"isPartOf\":{\"@id\":\"https:\/\/estadocomarte.pt\/site\/#website\"},\"primaryImageOfPage\":{\"@id\":\"https:\/\/estadocomarte.pt\/site\/2025\/11\/26\/rocha-vieira-o-ultimo-governador-ultramarino-de-portugal\/#primaryimage\"},\"image\":{\"@id\":\"https:\/\/estadocomarte.pt\/site\/2025\/11\/26\/rocha-vieira-o-ultimo-governador-ultramarino-de-portugal\/#primaryimage\"},\"thumbnailUrl\":\"https:\/\/estadocomarte.pt\/site\/wp-content\/uploads\/2025\/11\/Rocha-Vieira.jpg\",\"datePublished\":\"2025-11-26T21:15:14+00:00\",\"dateModified\":\"2025-12-01T11:11:14+00:00\",\"breadcrumb\":{\"@id\":\"https:\/\/estadocomarte.pt\/site\/2025\/11\/26\/rocha-vieira-o-ultimo-governador-ultramarino-de-portugal\/#breadcrumb\"},\"inLanguage\":\"pt-PT\",\"potentialAction\":[{\"@type\":\"ReadAction\",\"target\":[\"https:\/\/estadocomarte.pt\/site\/2025\/11\/26\/rocha-vieira-o-ultimo-governador-ultramarino-de-portugal\/\"]}]},{\"@type\":\"ImageObject\",\"inLanguage\":\"pt-PT\",\"@id\":\"https:\/\/estadocomarte.pt\/site\/2025\/11\/26\/rocha-vieira-o-ultimo-governador-ultramarino-de-portugal\/#primaryimage\",\"url\":\"https:\/\/estadocomarte.pt\/site\/wp-content\/uploads\/2025\/11\/Rocha-Vieira.jpg\",\"contentUrl\":\"https:\/\/estadocomarte.pt\/site\/wp-content\/uploads\/2025\/11\/Rocha-Vieira.jpg\",\"width\":430,\"height\":310},{\"@type\":\"BreadcrumbList\",\"@id\":\"https:\/\/estadocomarte.pt\/site\/2025\/11\/26\/rocha-vieira-o-ultimo-governador-ultramarino-de-portugal\/#breadcrumb\",\"itemListElement\":[{\"@type\":\"ListItem\",\"position\":1,\"name\":\"In\u00edcio\",\"item\":\"https:\/\/estadocomarte.pt\/site\/\"},{\"@type\":\"ListItem\",\"position\":2,\"name\":\"Rocha Vieira. O \u00faltimo governador ultramarino de Portugal\"}]},{\"@type\":\"WebSite\",\"@id\":\"https:\/\/estadocomarte.pt\/site\/#website\",\"url\":\"https:\/\/estadocomarte.pt\/site\/\",\"name\":\"Estado com Arte Magazine\",\"description\":\"Magazine\",\"publisher\":{\"@id\":\"https:\/\/estadocomarte.pt\/site\/#organization\"},\"alternateName\":\"Magazine semanal sobre pol\u00edtica e cultura, com autores, opini\u00e3o e cr\u00edticas.\",\"potentialAction\":[{\"@type\":\"SearchAction\",\"target\":{\"@type\":\"EntryPoint\",\"urlTemplate\":\"https:\/\/estadocomarte.pt\/site\/?s={search_term_string}\"},\"query-input\":{\"@type\":\"PropertyValueSpecification\",\"valueRequired\":true,\"valueName\":\"search_term_string\"}}],\"inLanguage\":\"pt-PT\"},{\"@type\":\"Organization\",\"@id\":\"https:\/\/estadocomarte.pt\/site\/#organization\",\"name\":\"Estado com Arte Magazine\",\"alternateName\":\"Magazine semanal sobre pol\u00edtica e cultura, com autores, opini\u00e3o e cr\u00edticas.\",\"url\":\"https:\/\/estadocomarte.pt\/site\/\",\"logo\":{\"@type\":\"ImageObject\",\"inLanguage\":\"pt-PT\",\"@id\":\"https:\/\/estadocomarte.pt\/site\/#\/schema\/logo\/image\/\",\"url\":\"https:\/\/estadocomarte.pt\/site\/wp-content\/uploads\/2023\/06\/cropped-cropped-Prancheta-2@2x-100.jpg\",\"contentUrl\":\"https:\/\/estadocomarte.pt\/site\/wp-content\/uploads\/2023\/06\/cropped-cropped-Prancheta-2@2x-100.jpg\",\"width\":1777,\"height\":592,\"caption\":\"Estado com Arte Magazine\"},\"image\":{\"@id\":\"https:\/\/estadocomarte.pt\/site\/#\/schema\/logo\/image\/\"},\"sameAs\":[\"https:\/\/www.instagram.com\/estadocomartemagazine\"]},{\"@type\":\"Person\",\"@id\":\"https:\/\/estadocomarte.pt\/site\/#\/schema\/person\/c0943a071216c1e5b21f85304151e4ba\",\"name\":\"admin\",\"image\":{\"@type\":\"ImageObject\",\"inLanguage\":\"pt-PT\",\"@id\":\"https:\/\/estadocomarte.pt\/site\/#\/schema\/person\/image\/\",\"url\":\"https:\/\/secure.gravatar.com\/avatar\/e6f378fd6914c8505d3e1d40f51fa953b21bab0f3a5658a33bc84cb5bda780f9?s=96&d=mm&r=g\",\"contentUrl\":\"https:\/\/secure.gravatar.com\/avatar\/e6f378fd6914c8505d3e1d40f51fa953b21bab0f3a5658a33bc84cb5bda780f9?s=96&d=mm&r=g\",\"caption\":\"admin\"},\"sameAs\":[\"https:\/\/estadocomarte.pt\/site\"],\"url\":\"https:\/\/estadocomarte.pt\/site\/author\/admin\/\"}]}<\/script>\n<!-- \/ Yoast SEO plugin. -->","yoast_head_json":{"title":"Rocha Vieira. O \u00faltimo governador ultramarino de Portugal - Estado com Arte","robots":{"index":"index","follow":"follow","max-snippet":"max-snippet:-1","max-image-preview":"max-image-preview:large","max-video-preview":"max-video-preview:-1"},"canonical":"https:\/\/estadocomarte.pt\/site\/2025\/11\/26\/rocha-vieira-o-ultimo-governador-ultramarino-de-portugal\/","og_locale":"pt_PT","og_type":"article","og_title":"Rocha Vieira. O \u00faltimo governador ultramarino de Portugal - Estado com Arte","og_description":"Marta Roque","og_url":"https:\/\/estadocomarte.pt\/site\/2025\/11\/26\/rocha-vieira-o-ultimo-governador-ultramarino-de-portugal\/","og_site_name":"Estado com Arte","article_published_time":"2025-11-26T21:15:14+00:00","article_modified_time":"2025-12-01T11:11:14+00:00","og_image":[{"width":430,"height":310,"url":"https:\/\/estadocomarte.pt\/site\/wp-content\/uploads\/2025\/11\/Rocha-Vieira.jpg","type":"image\/jpeg"}],"author":"admin","twitter_card":"summary_large_image","twitter_misc":{"Escrito por":"admin","Tempo estimado de leitura":"3 minutos"},"schema":{"@context":"https:\/\/schema.org","@graph":[{"@type":"Article","@id":"https:\/\/estadocomarte.pt\/site\/2025\/11\/26\/rocha-vieira-o-ultimo-governador-ultramarino-de-portugal\/#article","isPartOf":{"@id":"https:\/\/estadocomarte.pt\/site\/2025\/11\/26\/rocha-vieira-o-ultimo-governador-ultramarino-de-portugal\/"},"author":{"name":"admin","@id":"https:\/\/estadocomarte.pt\/site\/#\/schema\/person\/c0943a071216c1e5b21f85304151e4ba"},"headline":"Rocha Vieira. O \u00faltimo governador ultramarino de Portugal","datePublished":"2025-11-26T21:15:14+00:00","dateModified":"2025-12-01T11:11:14+00:00","mainEntityOfPage":{"@id":"https:\/\/estadocomarte.pt\/site\/2025\/11\/26\/rocha-vieira-o-ultimo-governador-ultramarino-de-portugal\/"},"wordCount":478,"commentCount":0,"publisher":{"@id":"https:\/\/estadocomarte.pt\/site\/#organization"},"image":{"@id":"https:\/\/estadocomarte.pt\/site\/2025\/11\/26\/rocha-vieira-o-ultimo-governador-ultramarino-de-portugal\/#primaryimage"},"thumbnailUrl":"https:\/\/estadocomarte.pt\/site\/wp-content\/uploads\/2025\/11\/Rocha-Vieira.jpg","keywords":["homenagem","O 25 de Novembro e a Democratiza\u00e7\u00e3o Portuguesa\u00bb","Rocha Vieira"],"articleSection":["Pol\u00edtica"],"inLanguage":"pt-PT","potentialAction":[{"@type":"CommentAction","name":"Comment","target":["https:\/\/estadocomarte.pt\/site\/2025\/11\/26\/rocha-vieira-o-ultimo-governador-ultramarino-de-portugal\/#respond"]}]},{"@type":"WebPage","@id":"https:\/\/estadocomarte.pt\/site\/2025\/11\/26\/rocha-vieira-o-ultimo-governador-ultramarino-de-portugal\/","url":"https:\/\/estadocomarte.pt\/site\/2025\/11\/26\/rocha-vieira-o-ultimo-governador-ultramarino-de-portugal\/","name":"Rocha Vieira. O \u00faltimo governador ultramarino de Portugal - Estado com Arte","isPartOf":{"@id":"https:\/\/estadocomarte.pt\/site\/#website"},"primaryImageOfPage":{"@id":"https:\/\/estadocomarte.pt\/site\/2025\/11\/26\/rocha-vieira-o-ultimo-governador-ultramarino-de-portugal\/#primaryimage"},"image":{"@id":"https:\/\/estadocomarte.pt\/site\/2025\/11\/26\/rocha-vieira-o-ultimo-governador-ultramarino-de-portugal\/#primaryimage"},"thumbnailUrl":"https:\/\/estadocomarte.pt\/site\/wp-content\/uploads\/2025\/11\/Rocha-Vieira.jpg","datePublished":"2025-11-26T21:15:14+00:00","dateModified":"2025-12-01T11:11:14+00:00","breadcrumb":{"@id":"https:\/\/estadocomarte.pt\/site\/2025\/11\/26\/rocha-vieira-o-ultimo-governador-ultramarino-de-portugal\/#breadcrumb"},"inLanguage":"pt-PT","potentialAction":[{"@type":"ReadAction","target":["https:\/\/estadocomarte.pt\/site\/2025\/11\/26\/rocha-vieira-o-ultimo-governador-ultramarino-de-portugal\/"]}]},{"@type":"ImageObject","inLanguage":"pt-PT","@id":"https:\/\/estadocomarte.pt\/site\/2025\/11\/26\/rocha-vieira-o-ultimo-governador-ultramarino-de-portugal\/#primaryimage","url":"https:\/\/estadocomarte.pt\/site\/wp-content\/uploads\/2025\/11\/Rocha-Vieira.jpg","contentUrl":"https:\/\/estadocomarte.pt\/site\/wp-content\/uploads\/2025\/11\/Rocha-Vieira.jpg","width":430,"height":310},{"@type":"BreadcrumbList","@id":"https:\/\/estadocomarte.pt\/site\/2025\/11\/26\/rocha-vieira-o-ultimo-governador-ultramarino-de-portugal\/#breadcrumb","itemListElement":[{"@type":"ListItem","position":1,"name":"In\u00edcio","item":"https:\/\/estadocomarte.pt\/site\/"},{"@type":"ListItem","position":2,"name":"Rocha Vieira. O \u00faltimo governador ultramarino de Portugal"}]},{"@type":"WebSite","@id":"https:\/\/estadocomarte.pt\/site\/#website","url":"https:\/\/estadocomarte.pt\/site\/","name":"Estado com Arte Magazine","description":"Magazine","publisher":{"@id":"https:\/\/estadocomarte.pt\/site\/#organization"},"alternateName":"Magazine semanal sobre pol\u00edtica e cultura, com autores, opini\u00e3o e cr\u00edticas.","potentialAction":[{"@type":"SearchAction","target":{"@type":"EntryPoint","urlTemplate":"https:\/\/estadocomarte.pt\/site\/?s={search_term_string}"},"query-input":{"@type":"PropertyValueSpecification","valueRequired":true,"valueName":"search_term_string"}}],"inLanguage":"pt-PT"},{"@type":"Organization","@id":"https:\/\/estadocomarte.pt\/site\/#organization","name":"Estado com Arte Magazine","alternateName":"Magazine semanal sobre pol\u00edtica e cultura, com autores, opini\u00e3o e cr\u00edticas.","url":"https:\/\/estadocomarte.pt\/site\/","logo":{"@type":"ImageObject","inLanguage":"pt-PT","@id":"https:\/\/estadocomarte.pt\/site\/#\/schema\/logo\/image\/","url":"https:\/\/estadocomarte.pt\/site\/wp-content\/uploads\/2023\/06\/cropped-cropped-Prancheta-2@2x-100.jpg","contentUrl":"https:\/\/estadocomarte.pt\/site\/wp-content\/uploads\/2023\/06\/cropped-cropped-Prancheta-2@2x-100.jpg","width":1777,"height":592,"caption":"Estado com Arte Magazine"},"image":{"@id":"https:\/\/estadocomarte.pt\/site\/#\/schema\/logo\/image\/"},"sameAs":["https:\/\/www.instagram.com\/estadocomartemagazine"]},{"@type":"Person","@id":"https:\/\/estadocomarte.pt\/site\/#\/schema\/person\/c0943a071216c1e5b21f85304151e4ba","name":"admin","image":{"@type":"ImageObject","inLanguage":"pt-PT","@id":"https:\/\/estadocomarte.pt\/site\/#\/schema\/person\/image\/","url":"https:\/\/secure.gravatar.com\/avatar\/e6f378fd6914c8505d3e1d40f51fa953b21bab0f3a5658a33bc84cb5bda780f9?s=96&d=mm&r=g","contentUrl":"https:\/\/secure.gravatar.com\/avatar\/e6f378fd6914c8505d3e1d40f51fa953b21bab0f3a5658a33bc84cb5bda780f9?s=96&d=mm&r=g","caption":"admin"},"sameAs":["https:\/\/estadocomarte.pt\/site"],"url":"https:\/\/estadocomarte.pt\/site\/author\/admin\/"}]}},"_links":{"self":[{"href":"https:\/\/estadocomarte.pt\/site\/wp-json\/wp\/v2\/posts\/11498","targetHints":{"allow":["GET"]}}],"collection":[{"href":"https:\/\/estadocomarte.pt\/site\/wp-json\/wp\/v2\/posts"}],"about":[{"href":"https:\/\/estadocomarte.pt\/site\/wp-json\/wp\/v2\/types\/post"}],"author":[{"embeddable":true,"href":"https:\/\/estadocomarte.pt\/site\/wp-json\/wp\/v2\/users\/1"}],"replies":[{"embeddable":true,"href":"https:\/\/estadocomarte.pt\/site\/wp-json\/wp\/v2\/comments?post=11498"}],"version-history":[{"count":5,"href":"https:\/\/estadocomarte.pt\/site\/wp-json\/wp\/v2\/posts\/11498\/revisions"}],"predecessor-version":[{"id":11506,"href":"https:\/\/estadocomarte.pt\/site\/wp-json\/wp\/v2\/posts\/11498\/revisions\/11506"}],"wp:featuredmedia":[{"embeddable":true,"href":"https:\/\/estadocomarte.pt\/site\/wp-json\/wp\/v2\/media\/11499"}],"wp:attachment":[{"href":"https:\/\/estadocomarte.pt\/site\/wp-json\/wp\/v2\/media?parent=11498"}],"wp:term":[{"taxonomy":"category","embeddable":true,"href":"https:\/\/estadocomarte.pt\/site\/wp-json\/wp\/v2\/categories?post=11498"},{"taxonomy":"post_tag","embeddable":true,"href":"https:\/\/estadocomarte.pt\/site\/wp-json\/wp\/v2\/tags?post=11498"}],"curies":[{"name":"wp","href":"https:\/\/api.w.org\/{rel}","templated":true}]}}