{"id":11508,"date":"2025-11-27T10:58:53","date_gmt":"2025-11-27T10:58:53","guid":{"rendered":"https:\/\/estadocomarte.pt\/site\/?p=11508"},"modified":"2025-11-27T10:59:52","modified_gmt":"2025-11-27T10:59:52","slug":"exposicao-colecao-de-natal-na-galeria-bohio-creative-ate-18-de-dezembro","status":"publish","type":"post","link":"https:\/\/estadocomarte.pt\/site\/2025\/11\/27\/exposicao-colecao-de-natal-na-galeria-bohio-creative-ate-18-de-dezembro\/","title":{"rendered":"Exposi\u00e7\u00e3o. Cole\u00e7\u00e3o de Natal na Galeria Bohio Creative at\u00e9 18 de dezembro"},"content":{"rendered":"<p><strong>A Galeria Bohio Creative apresenta a Exposi\u00e7\u00e3o Cole\u00e7\u00e3o de Natal com uma colectiva de artistas na sua maioria residentes no Hub Creativo Ceres Caldas da Rainha, at\u00e9 18 de dezembro, na cidade caldense. A Mostra tem a curadoria de Franchesca Melendez. Este s\u00e1bado vai ter lugar uma recep\u00e7\u00e3o pelas 18 horas aberta ao p\u00fablico.<\/strong><\/p>\n<p><img decoding=\"async\" class=\"alignnone wp-image-11510\" src=\"https:\/\/estadocomarte.pt\/site\/wp-content\/uploads\/2025\/11\/Captura-de-ecra_27-11-2025_103523_-300x50.jpeg\" alt=\"\" width=\"384\" height=\"64\" srcset=\"https:\/\/estadocomarte.pt\/site\/wp-content\/uploads\/2025\/11\/Captura-de-ecra_27-11-2025_103523_-300x50.jpeg 300w, https:\/\/estadocomarte.pt\/site\/wp-content\/uploads\/2025\/11\/Captura-de-ecra_27-11-2025_103523_-1024x172.jpeg 1024w, https:\/\/estadocomarte.pt\/site\/wp-content\/uploads\/2025\/11\/Captura-de-ecra_27-11-2025_103523_-768x129.jpeg 768w, https:\/\/estadocomarte.pt\/site\/wp-content\/uploads\/2025\/11\/Captura-de-ecra_27-11-2025_103523_.jpeg 1247w\" sizes=\"(max-width: 384px) 100vw, 384px\" \/><\/p>\n<p>A colectiva da Cole\u00e7\u00e3o de Natal da Galeria Bohio Creative apresenta uma variedade de artistas com diferentes origens\u00a0 e uma multiplicidade de materiais art\u00edsticos em exposi\u00e7\u00e3o.<\/p>\n<p>Ana Sincu, atrav\u00e9s dos seus objetos de uso quotidiano feitos \u00e0 m\u00e3o, procura reconectar-se com as tradi\u00e7\u00f5es ancestrais, celebrando a beleza dos pequenos rituais di\u00e1rios e a satisfa\u00e7\u00e3o serena encontrada nos momentos simples.\u00a0 Nascida na Mold\u00e1via em 1992, Ana Sincu \u00e9 licenciada em Ci\u00eancias da Arte e do Patrim\u00f3nio pela Faculdade de Belas Artes de Lisboa. Atualmente radicada nas Caldas da Rainha, explora as possibilidades<br \/>\nexpressivas da madeira e da cer\u00e2mica, trabalhando sobretudo em est\u00fadio.<\/p>\n<p>Patr\u00edcia Reis encontra a verdade e a liberdade atrav\u00e9s da arte. Depois de anos em cer\u00e2mica e restauro de patrim\u00f3nio, redescobriu a pintura como um caminho de cura e auto-descoberta, deixando uma carreira est\u00e1vel para seguir a sua voca\u00e7\u00e3o criativa.<br \/>\nA cole\u00e7\u00e3o Herbal Infusion surgiu durante dias tranquilos no norte de Portugal, onde infundiu ervas e flores naturais no papel. Atrav\u00e9s de manchas org\u00e2nicas e marcas delicadas, celebra a poesia da natureza &#8211; transformando a simplicidade, a transpar\u00eancia e a emo\u00e7\u00e3o em composi\u00e7\u00f5es on\u00edricas enraizadas na autenticidade e na renova\u00e7\u00e3o.<\/p>\n<p>Nascida em Toronto em 1972, Cristina Mateus vive e trabalha na Foz do Arelho, Caldas da Rainha.<br \/>\nFormada em cer\u00e2mica pela Escola Rafael Bordalo Pinheiro, dedica-se \u00e0 pintura art\u00edstica em azulejo desde 1992 e trabalha com a HD Digital Ceramic nas Caldas da Rainha. A sua pr\u00e1tica de aguarela reflecte uma<br \/>\nabordagem leve e intuitiva \u2013 captando lugares, temas e momentos atrav\u00e9s de pinceladas soltas e transparentes que deixam a \u00e1gua e o pigmento fluir livremente, revelando a beleza tranquila da simplicidade.<\/p>\n<p>Kat Stachura nascida numa pequena cidade no nordeste da Pol\u00f3nia, Kat passou os seus anos de forma\u00e7\u00e3o na Irlanda, trabalhando como artista 3D em filmes premiados e estudando escultura com Alan Clarke, auxiliando em grandes projetos. Desde 2023, vive em Portugal, onde desenvolve a sua pr\u00e1tica cer\u00e2mica.<br \/>\nO seu trabalho \u2014 presente em cole\u00e7\u00f5es particulares na Irlanda, Portugal e Pol\u00f3nia \u2014 inspira-se no mundo animal para refletir sobre a nossa rela\u00e7\u00e3o com a natureza. Com sede em Marvila, Lisboa, cria e ministra workshops de escultura animal.<\/p>\n<p><img fetchpriority=\"high\" decoding=\"async\" class=\"alignnone size-medium wp-image-11509\" src=\"https:\/\/estadocomarte.pt\/site\/wp-content\/uploads\/2025\/11\/BohioCreativeNatal25-232x300.jpg\" alt=\"\" width=\"232\" height=\"300\" srcset=\"https:\/\/estadocomarte.pt\/site\/wp-content\/uploads\/2025\/11\/BohioCreativeNatal25-232x300.jpg 232w, https:\/\/estadocomarte.pt\/site\/wp-content\/uploads\/2025\/11\/BohioCreativeNatal25-791x1024.jpg 791w, https:\/\/estadocomarte.pt\/site\/wp-content\/uploads\/2025\/11\/BohioCreativeNatal25-768x995.jpg 768w, https:\/\/estadocomarte.pt\/site\/wp-content\/uploads\/2025\/11\/BohioCreativeNatal25.jpg 918w\" sizes=\"(max-width: 232px) 100vw, 232px\" \/><\/p>\n<p>Natalie Bourgogne formada pela Escola de Arte Penninghen, em Paris, Nathalie Bourgogne transita com fluidez entre disciplinas, inspirando-se no equil\u00edbrio, rigor e liberdade que encontrou na dan\u00e7a. O seu percurso levou-a a viajar pelo mundo, reunindo cores, emo\u00e7\u00f5es e encontros que moldam o seu trabalho criativo.<\/p>\n<p>Como designer de interiores e pintora, ela procura traduzir sonhos em espa\u00e7os harmoniosos e objetos expressivos, acreditando que o design, tal como o movimento, transporta emo\u00e7\u00e3o, conex\u00e3o e a vibra\u00e7\u00e3o silenciosa da experi\u00eancia vivida.<\/p>\n<p style=\"text-align: left;\">Teresa Alves, nascida em S\u00e1 da Bandeira, Angola, iniciou a sua forma\u00e7\u00e3o em cer\u00e2mica em 1992 no CENCAL, em Caldas da Rainha. Mais tarde, formou-se em Design e Tecnologias para Cer\u00e2mica na ESAD.CR, continuando os seus estudos em cer\u00e2mica criativa e azulejaria contempor\u00e2nea.<br \/>\nDepois de trabalhar em cer\u00e2mica industrial, criou o seu pr\u00f3prio est\u00fadio no Hub Criativo Ceres, em 2013. Inspirada pelos ritmos org\u00e2nicos e viscerais da vida, o seu trabalho explora o movimento, a textura e a cor.\u00a0 Tem exposto amplamente, incluindo um mural cer\u00e2mico privado de 26 m\u00b2.<\/p>\n<p>Una e a Alexandra partilham a paix\u00e3o por transformar materiais reciclados em arte com prop\u00f3sito. Unidas por uma vis\u00e3o de sustentabilidade, criam almofadas a partir de restos de estofos de barcos, mostrando que o descartado pode ganhar nova vida. Una, designer de interiores, desenvolve os designs; Alexandra, engenheira t\u00eaxtil, d\u00e1-lhes forma.<br \/>\nJuntas, combinam imagina\u00e7\u00e3o e artesanato. Este ano, evitaram que mais de 100 kg de res\u00edduos fossem para aterro. Convidamo-lo a apoiar esta miss\u00e3o de transformar desperd\u00edcio em pe\u00e7as belas e funcionais.<\/p>\n<p>Z\u00e9lia \u00c9vora, nascida no Canad\u00e1 em 1969, mudou-se para Portugal aos dez anos de idade, tendo crescido em Foz do Arelho e Caldas da Rainha. Ap\u00f3s 24 anos como contabilista, um chap\u00e9u perdido desencadeou um novo caminho, levando-a \u00e0 arte t\u00eaxtil.<br \/>\nH\u00e1 dezoito meses, descobriu a gravura em lin\u00f3leo, um ref\u00fagio inesperado, e desde ent\u00e3o tem-se dedicado \u00e0 linogravura. Inspirada por mem\u00f3rias e pessoas, imprime hist\u00f3rias que ecoam ao longo da sua vida, convidando os espectadores a fazer uma pausa, olhar atentamente e sentir as suas pr\u00f3prias mem\u00f3rias despertar.<\/p>\n<p>A trajet\u00f3ria criativa de Orly Shemesh come\u00e7ou na d\u00e9cada de 1980, passando pela moda, fotografia e serigrafia, expandindo-se posteriormente para a impress\u00e3o offset ap\u00f3s se mudar para a Holanda em 1992, onde descobriu o barro \u2014 um material expressivo que moldou o seu trabalho por quase tr\u00eas d\u00e9cadas.<br \/>\nGuiada pelas mem\u00f3rias da liberdade da inf\u00e2ncia em campos repletos de flores, a artista busca pureza e beleza natural nas suas formas. Para Orly, a arte &#8220;\u00e9 uma necessidade instintiva de transformar o mundo&#8221;, convidando outras pessoas a sentir essa mesma resson\u00e2ncia silenciosa.<\/p>\n<p>Ana Cabral formou-se em Design e Tecnologias para Cer\u00e2mica pela ESAD CR em 2001 e abriu o seu primeiro est\u00fadio nesse mesmo ano. Continuou a sua forma\u00e7\u00e3o atrav\u00e9s de v\u00e1rios cursos no CENCAL e trabalhou como designer para a Ceramivela e a Luz e Aroma, participando em exposi\u00e7\u00f5es nacionais e internacionais e produzindo cer\u00e2micas exclusivas.<br \/>\nDepois de se mudar para a B\u00e9lgica em 2015, estudou na D\u00e9 Acad\u00e9mie at\u00e9 2023. De regresso a Portugal em 2024, fundou a anacabral_ceramics, onde desenvolve projetos cer\u00e2micos \u00fanicos.<\/p>\n<p>Dila Moniz nascida em Angola em 1974 e criada em Portugal, formou-se em Belas Artes \u2013 Pintura pela ESAD-CR em Caldas da Rainha. Artista visual, retratista e professora de desenho e pintura, exp\u00f4s nacional e internacionalmente, com obras em cole\u00e7\u00f5es particulares em todo o mundo.<br \/>\nExplorando diversos materiais, cria um universo pessoal que reflete a luz, a sombra e a for\u00e7a da beleza feminina, revelada atrav\u00e9s de olhares expressivos.<br \/>\nTamb\u00e9m desenha joias contempor\u00e2neas feitas \u00e0 m\u00e3o, inspiradas na sua heran\u00e7a africana e europeia.<\/p>\n<p>Monique, conhecida artisticamente como mokazaga, cria pe\u00e7as de cer\u00e2mica artesanais que combinam a tradi\u00e7\u00e3o regional com uma sensibilidade contempor\u00e2nea. Originalmente formada em ourivesaria, mais tarde estudou Belas Artes na ESAD-CR, descobrindo na cer\u00e2mica o meio ideal para unir t\u00e9cnica e express\u00e3o.<br \/>\nTrabalha com argilas naturais e os seus pr\u00f3prios esmaltes, ela explora a cer\u00e2mica, o raku e a queima em saggar, criando pe\u00e7as moldadas pela intui\u00e7\u00e3o e pelo artesanato. Al\u00e9m da sua pr\u00e1tica em est\u00fadio, ela ministra workshops e desenvolve trabalhos sob encomenda, convidando outras pessoas a experimentar a beleza tranquila do trabalho artesanal.<\/p>\n<p>Kasia Pawlak origin\u00e1ria de Vars\u00f3via, Pol\u00f3nia, \u00e9 uma artista sediada em Singapura e Portugal, cujo fasc\u00ednio pela pintura come\u00e7ou quando observava a sua m\u00e3e a criar. Depois de se estabelecer em Singapura, descobriu os acr\u00edlicos &#8211; o seu meio preferido &#8211; e desenvolveu uma pr\u00e1tica vibrante e intuitiva.<\/p>\n<p>O seu trabalho abrange paisagens, c\u00e9us, abstractos e paisagens urbanas, explorando a luz, a sombra e harmonias inesperadas de cores. Guiada pela espontaneidade, cada pintura desenrola-se naturalmente, reflectindo a sua profunda curiosidade e sentido de descoberta. Os seus originais e impress\u00f5es s\u00e3o coleccionados em todo o mundo.<\/p>\n<p>Lu\u00edsa Henriques iniciou o seu percurso como decoradora de azulejos, explorando v\u00e1rias \u00e1reas criativas ao longo do caminho. Trabalhou tamb\u00e9m na \u00e1rea social com pessoas com dificuldades de aprendizagem, desenvolvendo projectos art\u00edsticos que refor\u00e7aram o seu interesse pela express\u00e3o visual.<br \/>\nAo longo dos anos, aprendeu e aperfei\u00e7oou diversas t\u00e9cnicas, descobrindo na ilustra\u00e7\u00e3o a sua verdadeira paix\u00e3o. Em 2021, decidiu dedicar-se inteiramente a esta arte, aprofundando uma linguagem pr\u00f3pria, sens\u00edvel e profundamente criativa.<\/p>\n","protected":false},"excerpt":{"rendered":"<p>Estado com Arte Magazine<\/p>\n","protected":false},"author":1,"featured_media":11509,"comment_status":"open","ping_status":"open","sticky":false,"template":"","format":"standard","meta":{"site-sidebar-layout":"default","site-content-layout":"default","ast-global-header-display":"","ast-banner-title-visibility":"","ast-main-header-display":"","ast-hfb-above-header-display":"","ast-hfb-below-header-display":"","ast-hfb-mobile-header-display":"","site-post-title":"","ast-breadcrumbs-content":"","ast-featured-img":"","footer-sml-layout":"","theme-transparent-header-meta":"default","adv-header-id-meta":"","stick-header-meta":"","header-above-stick-meta":"","header-main-stick-meta":"","header-below-stick-meta":"","footnotes":""},"categories":[7,64],"tags":[849,14,959],"class_list":["post-11508","post","type-post","status-publish","format-standard","has-post-thumbnail","hentry","category-cultura","category-isto-para-nos","tag-bohio-creative","tag-caldas-da-rainha","tag-galeria-de-arte"],"yoast_head":"<!-- This site is optimized with the Yoast SEO plugin v25.1 - https:\/\/yoast.com\/wordpress\/plugins\/seo\/ -->\n<title>Exposi\u00e7\u00e3o. Cole\u00e7\u00e3o de Natal na Galeria Bohio Creative at\u00e9 18 de dezembro - Estado com Arte<\/title>\n<meta name=\"robots\" content=\"index, follow, max-snippet:-1, max-image-preview:large, max-video-preview:-1\" \/>\n<link rel=\"canonical\" href=\"https:\/\/estadocomarte.pt\/site\/2025\/11\/27\/exposicao-colecao-de-natal-na-galeria-bohio-creative-ate-18-de-dezembro\/\" \/>\n<meta property=\"og:locale\" content=\"pt_PT\" \/>\n<meta property=\"og:type\" content=\"article\" \/>\n<meta property=\"og:title\" content=\"Exposi\u00e7\u00e3o. Cole\u00e7\u00e3o de Natal na Galeria Bohio Creative at\u00e9 18 de dezembro - Estado com Arte\" \/>\n<meta property=\"og:description\" content=\"Estado com Arte Magazine\" \/>\n<meta property=\"og:url\" content=\"https:\/\/estadocomarte.pt\/site\/2025\/11\/27\/exposicao-colecao-de-natal-na-galeria-bohio-creative-ate-18-de-dezembro\/\" \/>\n<meta property=\"og:site_name\" content=\"Estado com Arte\" \/>\n<meta property=\"article:published_time\" content=\"2025-11-27T10:58:53+00:00\" \/>\n<meta property=\"article:modified_time\" content=\"2025-11-27T10:59:52+00:00\" \/>\n<meta property=\"og:image\" content=\"https:\/\/estadocomarte.pt\/site\/wp-content\/uploads\/2025\/11\/BohioCreativeNatal25.jpg\" \/>\n\t<meta property=\"og:image:width\" content=\"918\" \/>\n\t<meta property=\"og:image:height\" content=\"1189\" \/>\n\t<meta property=\"og:image:type\" content=\"image\/jpeg\" \/>\n<meta name=\"author\" content=\"admin\" \/>\n<meta name=\"twitter:card\" content=\"summary_large_image\" \/>\n<meta name=\"twitter:label1\" content=\"Escrito por\" \/>\n\t<meta name=\"twitter:data1\" content=\"admin\" \/>\n\t<meta name=\"twitter:label2\" content=\"Tempo estimado de leitura\" \/>\n\t<meta name=\"twitter:data2\" content=\"8 minutos\" \/>\n<script type=\"application\/ld+json\" class=\"yoast-schema-graph\">{\"@context\":\"https:\/\/schema.org\",\"@graph\":[{\"@type\":\"Article\",\"@id\":\"https:\/\/estadocomarte.pt\/site\/2025\/11\/27\/exposicao-colecao-de-natal-na-galeria-bohio-creative-ate-18-de-dezembro\/#article\",\"isPartOf\":{\"@id\":\"https:\/\/estadocomarte.pt\/site\/2025\/11\/27\/exposicao-colecao-de-natal-na-galeria-bohio-creative-ate-18-de-dezembro\/\"},\"author\":{\"name\":\"admin\",\"@id\":\"https:\/\/estadocomarte.pt\/site\/#\/schema\/person\/c0943a071216c1e5b21f85304151e4ba\"},\"headline\":\"Exposi\u00e7\u00e3o. Cole\u00e7\u00e3o de Natal na Galeria Bohio Creative at\u00e9 18 de dezembro\",\"datePublished\":\"2025-11-27T10:58:53+00:00\",\"dateModified\":\"2025-11-27T10:59:52+00:00\",\"mainEntityOfPage\":{\"@id\":\"https:\/\/estadocomarte.pt\/site\/2025\/11\/27\/exposicao-colecao-de-natal-na-galeria-bohio-creative-ate-18-de-dezembro\/\"},\"wordCount\":1402,\"commentCount\":0,\"publisher\":{\"@id\":\"https:\/\/estadocomarte.pt\/site\/#organization\"},\"image\":{\"@id\":\"https:\/\/estadocomarte.pt\/site\/2025\/11\/27\/exposicao-colecao-de-natal-na-galeria-bohio-creative-ate-18-de-dezembro\/#primaryimage\"},\"thumbnailUrl\":\"https:\/\/estadocomarte.pt\/site\/wp-content\/uploads\/2025\/11\/BohioCreativeNatal25.jpg\",\"keywords\":[\"Boh\u00edo Creative\",\"caldas da rainha\",\"galeria de arte\"],\"articleSection\":[\"Cultura\",\"Isto Para N\u00f3s\"],\"inLanguage\":\"pt-PT\",\"potentialAction\":[{\"@type\":\"CommentAction\",\"name\":\"Comment\",\"target\":[\"https:\/\/estadocomarte.pt\/site\/2025\/11\/27\/exposicao-colecao-de-natal-na-galeria-bohio-creative-ate-18-de-dezembro\/#respond\"]}]},{\"@type\":\"WebPage\",\"@id\":\"https:\/\/estadocomarte.pt\/site\/2025\/11\/27\/exposicao-colecao-de-natal-na-galeria-bohio-creative-ate-18-de-dezembro\/\",\"url\":\"https:\/\/estadocomarte.pt\/site\/2025\/11\/27\/exposicao-colecao-de-natal-na-galeria-bohio-creative-ate-18-de-dezembro\/\",\"name\":\"Exposi\u00e7\u00e3o. Cole\u00e7\u00e3o de Natal na Galeria Bohio Creative at\u00e9 18 de dezembro - Estado com Arte\",\"isPartOf\":{\"@id\":\"https:\/\/estadocomarte.pt\/site\/#website\"},\"primaryImageOfPage\":{\"@id\":\"https:\/\/estadocomarte.pt\/site\/2025\/11\/27\/exposicao-colecao-de-natal-na-galeria-bohio-creative-ate-18-de-dezembro\/#primaryimage\"},\"image\":{\"@id\":\"https:\/\/estadocomarte.pt\/site\/2025\/11\/27\/exposicao-colecao-de-natal-na-galeria-bohio-creative-ate-18-de-dezembro\/#primaryimage\"},\"thumbnailUrl\":\"https:\/\/estadocomarte.pt\/site\/wp-content\/uploads\/2025\/11\/BohioCreativeNatal25.jpg\",\"datePublished\":\"2025-11-27T10:58:53+00:00\",\"dateModified\":\"2025-11-27T10:59:52+00:00\",\"breadcrumb\":{\"@id\":\"https:\/\/estadocomarte.pt\/site\/2025\/11\/27\/exposicao-colecao-de-natal-na-galeria-bohio-creative-ate-18-de-dezembro\/#breadcrumb\"},\"inLanguage\":\"pt-PT\",\"potentialAction\":[{\"@type\":\"ReadAction\",\"target\":[\"https:\/\/estadocomarte.pt\/site\/2025\/11\/27\/exposicao-colecao-de-natal-na-galeria-bohio-creative-ate-18-de-dezembro\/\"]}]},{\"@type\":\"ImageObject\",\"inLanguage\":\"pt-PT\",\"@id\":\"https:\/\/estadocomarte.pt\/site\/2025\/11\/27\/exposicao-colecao-de-natal-na-galeria-bohio-creative-ate-18-de-dezembro\/#primaryimage\",\"url\":\"https:\/\/estadocomarte.pt\/site\/wp-content\/uploads\/2025\/11\/BohioCreativeNatal25.jpg\",\"contentUrl\":\"https:\/\/estadocomarte.pt\/site\/wp-content\/uploads\/2025\/11\/BohioCreativeNatal25.jpg\",\"width\":918,\"height\":1189},{\"@type\":\"BreadcrumbList\",\"@id\":\"https:\/\/estadocomarte.pt\/site\/2025\/11\/27\/exposicao-colecao-de-natal-na-galeria-bohio-creative-ate-18-de-dezembro\/#breadcrumb\",\"itemListElement\":[{\"@type\":\"ListItem\",\"position\":1,\"name\":\"In\u00edcio\",\"item\":\"https:\/\/estadocomarte.pt\/site\/\"},{\"@type\":\"ListItem\",\"position\":2,\"name\":\"Exposi\u00e7\u00e3o. Cole\u00e7\u00e3o de Natal na Galeria Bohio Creative at\u00e9 18 de dezembro\"}]},{\"@type\":\"WebSite\",\"@id\":\"https:\/\/estadocomarte.pt\/site\/#website\",\"url\":\"https:\/\/estadocomarte.pt\/site\/\",\"name\":\"Estado com Arte Magazine\",\"description\":\"Magazine\",\"publisher\":{\"@id\":\"https:\/\/estadocomarte.pt\/site\/#organization\"},\"alternateName\":\"Magazine semanal sobre pol\u00edtica e cultura, com autores, opini\u00e3o e cr\u00edticas.\",\"potentialAction\":[{\"@type\":\"SearchAction\",\"target\":{\"@type\":\"EntryPoint\",\"urlTemplate\":\"https:\/\/estadocomarte.pt\/site\/?s={search_term_string}\"},\"query-input\":{\"@type\":\"PropertyValueSpecification\",\"valueRequired\":true,\"valueName\":\"search_term_string\"}}],\"inLanguage\":\"pt-PT\"},{\"@type\":\"Organization\",\"@id\":\"https:\/\/estadocomarte.pt\/site\/#organization\",\"name\":\"Estado com Arte Magazine\",\"alternateName\":\"Magazine semanal sobre pol\u00edtica e cultura, com autores, opini\u00e3o e cr\u00edticas.\",\"url\":\"https:\/\/estadocomarte.pt\/site\/\",\"logo\":{\"@type\":\"ImageObject\",\"inLanguage\":\"pt-PT\",\"@id\":\"https:\/\/estadocomarte.pt\/site\/#\/schema\/logo\/image\/\",\"url\":\"https:\/\/estadocomarte.pt\/site\/wp-content\/uploads\/2023\/06\/cropped-cropped-Prancheta-2@2x-100.jpg\",\"contentUrl\":\"https:\/\/estadocomarte.pt\/site\/wp-content\/uploads\/2023\/06\/cropped-cropped-Prancheta-2@2x-100.jpg\",\"width\":1777,\"height\":592,\"caption\":\"Estado com Arte Magazine\"},\"image\":{\"@id\":\"https:\/\/estadocomarte.pt\/site\/#\/schema\/logo\/image\/\"},\"sameAs\":[\"https:\/\/www.instagram.com\/estadocomartemagazine\"]},{\"@type\":\"Person\",\"@id\":\"https:\/\/estadocomarte.pt\/site\/#\/schema\/person\/c0943a071216c1e5b21f85304151e4ba\",\"name\":\"admin\",\"image\":{\"@type\":\"ImageObject\",\"inLanguage\":\"pt-PT\",\"@id\":\"https:\/\/estadocomarte.pt\/site\/#\/schema\/person\/image\/\",\"url\":\"https:\/\/secure.gravatar.com\/avatar\/e6f378fd6914c8505d3e1d40f51fa953b21bab0f3a5658a33bc84cb5bda780f9?s=96&d=mm&r=g\",\"contentUrl\":\"https:\/\/secure.gravatar.com\/avatar\/e6f378fd6914c8505d3e1d40f51fa953b21bab0f3a5658a33bc84cb5bda780f9?s=96&d=mm&r=g\",\"caption\":\"admin\"},\"sameAs\":[\"https:\/\/estadocomarte.pt\/site\"],\"url\":\"https:\/\/estadocomarte.pt\/site\/author\/admin\/\"}]}<\/script>\n<!-- \/ Yoast SEO plugin. -->","yoast_head_json":{"title":"Exposi\u00e7\u00e3o. Cole\u00e7\u00e3o de Natal na Galeria Bohio Creative at\u00e9 18 de dezembro - Estado com Arte","robots":{"index":"index","follow":"follow","max-snippet":"max-snippet:-1","max-image-preview":"max-image-preview:large","max-video-preview":"max-video-preview:-1"},"canonical":"https:\/\/estadocomarte.pt\/site\/2025\/11\/27\/exposicao-colecao-de-natal-na-galeria-bohio-creative-ate-18-de-dezembro\/","og_locale":"pt_PT","og_type":"article","og_title":"Exposi\u00e7\u00e3o. Cole\u00e7\u00e3o de Natal na Galeria Bohio Creative at\u00e9 18 de dezembro - Estado com Arte","og_description":"Estado com Arte Magazine","og_url":"https:\/\/estadocomarte.pt\/site\/2025\/11\/27\/exposicao-colecao-de-natal-na-galeria-bohio-creative-ate-18-de-dezembro\/","og_site_name":"Estado com Arte","article_published_time":"2025-11-27T10:58:53+00:00","article_modified_time":"2025-11-27T10:59:52+00:00","og_image":[{"width":918,"height":1189,"url":"https:\/\/estadocomarte.pt\/site\/wp-content\/uploads\/2025\/11\/BohioCreativeNatal25.jpg","type":"image\/jpeg"}],"author":"admin","twitter_card":"summary_large_image","twitter_misc":{"Escrito por":"admin","Tempo estimado de leitura":"8 minutos"},"schema":{"@context":"https:\/\/schema.org","@graph":[{"@type":"Article","@id":"https:\/\/estadocomarte.pt\/site\/2025\/11\/27\/exposicao-colecao-de-natal-na-galeria-bohio-creative-ate-18-de-dezembro\/#article","isPartOf":{"@id":"https:\/\/estadocomarte.pt\/site\/2025\/11\/27\/exposicao-colecao-de-natal-na-galeria-bohio-creative-ate-18-de-dezembro\/"},"author":{"name":"admin","@id":"https:\/\/estadocomarte.pt\/site\/#\/schema\/person\/c0943a071216c1e5b21f85304151e4ba"},"headline":"Exposi\u00e7\u00e3o. Cole\u00e7\u00e3o de Natal na Galeria Bohio Creative at\u00e9 18 de dezembro","datePublished":"2025-11-27T10:58:53+00:00","dateModified":"2025-11-27T10:59:52+00:00","mainEntityOfPage":{"@id":"https:\/\/estadocomarte.pt\/site\/2025\/11\/27\/exposicao-colecao-de-natal-na-galeria-bohio-creative-ate-18-de-dezembro\/"},"wordCount":1402,"commentCount":0,"publisher":{"@id":"https:\/\/estadocomarte.pt\/site\/#organization"},"image":{"@id":"https:\/\/estadocomarte.pt\/site\/2025\/11\/27\/exposicao-colecao-de-natal-na-galeria-bohio-creative-ate-18-de-dezembro\/#primaryimage"},"thumbnailUrl":"https:\/\/estadocomarte.pt\/site\/wp-content\/uploads\/2025\/11\/BohioCreativeNatal25.jpg","keywords":["Boh\u00edo Creative","caldas da rainha","galeria de arte"],"articleSection":["Cultura","Isto Para N\u00f3s"],"inLanguage":"pt-PT","potentialAction":[{"@type":"CommentAction","name":"Comment","target":["https:\/\/estadocomarte.pt\/site\/2025\/11\/27\/exposicao-colecao-de-natal-na-galeria-bohio-creative-ate-18-de-dezembro\/#respond"]}]},{"@type":"WebPage","@id":"https:\/\/estadocomarte.pt\/site\/2025\/11\/27\/exposicao-colecao-de-natal-na-galeria-bohio-creative-ate-18-de-dezembro\/","url":"https:\/\/estadocomarte.pt\/site\/2025\/11\/27\/exposicao-colecao-de-natal-na-galeria-bohio-creative-ate-18-de-dezembro\/","name":"Exposi\u00e7\u00e3o. Cole\u00e7\u00e3o de Natal na Galeria Bohio Creative at\u00e9 18 de dezembro - Estado com Arte","isPartOf":{"@id":"https:\/\/estadocomarte.pt\/site\/#website"},"primaryImageOfPage":{"@id":"https:\/\/estadocomarte.pt\/site\/2025\/11\/27\/exposicao-colecao-de-natal-na-galeria-bohio-creative-ate-18-de-dezembro\/#primaryimage"},"image":{"@id":"https:\/\/estadocomarte.pt\/site\/2025\/11\/27\/exposicao-colecao-de-natal-na-galeria-bohio-creative-ate-18-de-dezembro\/#primaryimage"},"thumbnailUrl":"https:\/\/estadocomarte.pt\/site\/wp-content\/uploads\/2025\/11\/BohioCreativeNatal25.jpg","datePublished":"2025-11-27T10:58:53+00:00","dateModified":"2025-11-27T10:59:52+00:00","breadcrumb":{"@id":"https:\/\/estadocomarte.pt\/site\/2025\/11\/27\/exposicao-colecao-de-natal-na-galeria-bohio-creative-ate-18-de-dezembro\/#breadcrumb"},"inLanguage":"pt-PT","potentialAction":[{"@type":"ReadAction","target":["https:\/\/estadocomarte.pt\/site\/2025\/11\/27\/exposicao-colecao-de-natal-na-galeria-bohio-creative-ate-18-de-dezembro\/"]}]},{"@type":"ImageObject","inLanguage":"pt-PT","@id":"https:\/\/estadocomarte.pt\/site\/2025\/11\/27\/exposicao-colecao-de-natal-na-galeria-bohio-creative-ate-18-de-dezembro\/#primaryimage","url":"https:\/\/estadocomarte.pt\/site\/wp-content\/uploads\/2025\/11\/BohioCreativeNatal25.jpg","contentUrl":"https:\/\/estadocomarte.pt\/site\/wp-content\/uploads\/2025\/11\/BohioCreativeNatal25.jpg","width":918,"height":1189},{"@type":"BreadcrumbList","@id":"https:\/\/estadocomarte.pt\/site\/2025\/11\/27\/exposicao-colecao-de-natal-na-galeria-bohio-creative-ate-18-de-dezembro\/#breadcrumb","itemListElement":[{"@type":"ListItem","position":1,"name":"In\u00edcio","item":"https:\/\/estadocomarte.pt\/site\/"},{"@type":"ListItem","position":2,"name":"Exposi\u00e7\u00e3o. Cole\u00e7\u00e3o de Natal na Galeria Bohio Creative at\u00e9 18 de dezembro"}]},{"@type":"WebSite","@id":"https:\/\/estadocomarte.pt\/site\/#website","url":"https:\/\/estadocomarte.pt\/site\/","name":"Estado com Arte Magazine","description":"Magazine","publisher":{"@id":"https:\/\/estadocomarte.pt\/site\/#organization"},"alternateName":"Magazine semanal sobre pol\u00edtica e cultura, com autores, opini\u00e3o e cr\u00edticas.","potentialAction":[{"@type":"SearchAction","target":{"@type":"EntryPoint","urlTemplate":"https:\/\/estadocomarte.pt\/site\/?s={search_term_string}"},"query-input":{"@type":"PropertyValueSpecification","valueRequired":true,"valueName":"search_term_string"}}],"inLanguage":"pt-PT"},{"@type":"Organization","@id":"https:\/\/estadocomarte.pt\/site\/#organization","name":"Estado com Arte Magazine","alternateName":"Magazine semanal sobre pol\u00edtica e cultura, com autores, opini\u00e3o e cr\u00edticas.","url":"https:\/\/estadocomarte.pt\/site\/","logo":{"@type":"ImageObject","inLanguage":"pt-PT","@id":"https:\/\/estadocomarte.pt\/site\/#\/schema\/logo\/image\/","url":"https:\/\/estadocomarte.pt\/site\/wp-content\/uploads\/2023\/06\/cropped-cropped-Prancheta-2@2x-100.jpg","contentUrl":"https:\/\/estadocomarte.pt\/site\/wp-content\/uploads\/2023\/06\/cropped-cropped-Prancheta-2@2x-100.jpg","width":1777,"height":592,"caption":"Estado com Arte Magazine"},"image":{"@id":"https:\/\/estadocomarte.pt\/site\/#\/schema\/logo\/image\/"},"sameAs":["https:\/\/www.instagram.com\/estadocomartemagazine"]},{"@type":"Person","@id":"https:\/\/estadocomarte.pt\/site\/#\/schema\/person\/c0943a071216c1e5b21f85304151e4ba","name":"admin","image":{"@type":"ImageObject","inLanguage":"pt-PT","@id":"https:\/\/estadocomarte.pt\/site\/#\/schema\/person\/image\/","url":"https:\/\/secure.gravatar.com\/avatar\/e6f378fd6914c8505d3e1d40f51fa953b21bab0f3a5658a33bc84cb5bda780f9?s=96&d=mm&r=g","contentUrl":"https:\/\/secure.gravatar.com\/avatar\/e6f378fd6914c8505d3e1d40f51fa953b21bab0f3a5658a33bc84cb5bda780f9?s=96&d=mm&r=g","caption":"admin"},"sameAs":["https:\/\/estadocomarte.pt\/site"],"url":"https:\/\/estadocomarte.pt\/site\/author\/admin\/"}]}},"_links":{"self":[{"href":"https:\/\/estadocomarte.pt\/site\/wp-json\/wp\/v2\/posts\/11508","targetHints":{"allow":["GET"]}}],"collection":[{"href":"https:\/\/estadocomarte.pt\/site\/wp-json\/wp\/v2\/posts"}],"about":[{"href":"https:\/\/estadocomarte.pt\/site\/wp-json\/wp\/v2\/types\/post"}],"author":[{"embeddable":true,"href":"https:\/\/estadocomarte.pt\/site\/wp-json\/wp\/v2\/users\/1"}],"replies":[{"embeddable":true,"href":"https:\/\/estadocomarte.pt\/site\/wp-json\/wp\/v2\/comments?post=11508"}],"version-history":[{"count":2,"href":"https:\/\/estadocomarte.pt\/site\/wp-json\/wp\/v2\/posts\/11508\/revisions"}],"predecessor-version":[{"id":11514,"href":"https:\/\/estadocomarte.pt\/site\/wp-json\/wp\/v2\/posts\/11508\/revisions\/11514"}],"wp:featuredmedia":[{"embeddable":true,"href":"https:\/\/estadocomarte.pt\/site\/wp-json\/wp\/v2\/media\/11509"}],"wp:attachment":[{"href":"https:\/\/estadocomarte.pt\/site\/wp-json\/wp\/v2\/media?parent=11508"}],"wp:term":[{"taxonomy":"category","embeddable":true,"href":"https:\/\/estadocomarte.pt\/site\/wp-json\/wp\/v2\/categories?post=11508"},{"taxonomy":"post_tag","embeddable":true,"href":"https:\/\/estadocomarte.pt\/site\/wp-json\/wp\/v2\/tags?post=11508"}],"curies":[{"name":"wp","href":"https:\/\/api.w.org\/{rel}","templated":true}]}}