{"id":11515,"date":"2025-11-27T19:43:35","date_gmt":"2025-11-27T19:43:35","guid":{"rendered":"https:\/\/estadocomarte.pt\/site\/?p=11515"},"modified":"2025-11-27T21:09:19","modified_gmt":"2025-11-27T21:09:19","slug":"exposicao-de-12-artistas-do-mercado-pla-arte-no-palacio-galveias","status":"publish","type":"post","link":"https:\/\/estadocomarte.pt\/site\/2025\/11\/27\/exposicao-de-12-artistas-do-mercado-pla-arte-no-palacio-galveias\/","title":{"rendered":"Exposi\u00e7\u00e3o de 12 artistas do Mercado P&#8217;la Arte no Pal\u00e1cio Galveias"},"content":{"rendered":"<p style=\"text-align: left;\"><strong>12 artistas contempor\u00e2neos integrados no Mercado P\u2019LA ARTE participam em exposi\u00e7\u00e3o Interse\u00e7\u00f5es P&#8217;la Arte no dia 1 de dezembro, na Biblioteca do Pal\u00e1cio Galveias. Com a curadoria de Carlos Moura-Carvalho.<\/strong><\/p>\n<p>A exposi\u00e7\u00e3o \u00e9 uma sele\u00e7\u00e3o de obras adquiridas pelo colecionador Miguel Castro a 12 artistas contempor\u00e2neos que t\u00eam participado no Mercado P\u2019LA ARTE \u2014 uma iniciativa mensal, sem fins lucrativos, criada em 2021 no parque de estacionamento do Prata Riverside Village, na zona da Fabrica Bra\u00e7o de Prata.<\/p>\n<p>&#8220;\u00c9 com muito gosto que aceitei fazer a curadoria desta exposi\u00e7\u00e3o que \u00e9 uma feliz e estimulante conjuga\u00e7\u00e3o de projetos valiosos e bonitos,&#8221; comenta o curador da exposi\u00e7\u00e3o.<\/p>\n<p>&#8220;O local \u00e9 especial para mim e \u00e9 perfeito para esta intercess\u00e3o,&#8221; admite\u00a0 Carlos Moura-Carvalho sobre a exposi\u00e7\u00e3o dos 12 artistas na Biblioteca no Pal\u00e1cio Galveias no dia 1 de dezembro.<\/p>\n<p>Um convite a &#8220;reconhecer o valor dos circuitos alternativos de difus\u00e3o art\u00edstica e o impacto concreto que colecionadores, espa\u00e7os p\u00fablicos como uma biblioteca e plataformas independentes podem ter no fortalecimento do ecossistema cultural.&#8221;<\/p>\n<p>Fica a sugest\u00e3o cultural para dia 1 de dezembro, \u00e0s 17:00, na Biblioteca Pal\u00e1cio Galveias.<\/p>\n","protected":false},"excerpt":{"rendered":"<p>Estado com Arte Magazine<\/p>\n","protected":false},"author":1,"featured_media":11519,"comment_status":"open","ping_status":"open","sticky":false,"template":"","format":"standard","meta":{"site-sidebar-layout":"default","site-content-layout":"default","ast-global-header-display":"","ast-banner-title-visibility":"","ast-main-header-display":"","ast-hfb-above-header-display":"","ast-hfb-below-header-display":"","ast-hfb-mobile-header-display":"","site-post-title":"","ast-breadcrumbs-content":"","ast-featured-img":"","footer-sml-layout":"","theme-transparent-header-meta":"default","adv-header-id-meta":"","stick-header-meta":"","header-above-stick-meta":"","header-main-stick-meta":"","header-below-stick-meta":"","footnotes":""},"categories":[7],"tags":[726,2284],"class_list":["post-11515","post","type-post","status-publish","format-standard","has-post-thumbnail","hentry","category-cultura","tag-exposicao","tag-palacio-galveias"],"yoast_head":"<!-- This site is optimized with the Yoast SEO plugin v25.1 - https:\/\/yoast.com\/wordpress\/plugins\/seo\/ -->\n<title>Exposi\u00e7\u00e3o de 12 artistas do Mercado P&#039;la Arte no Pal\u00e1cio Galveias - Estado com Arte<\/title>\n<meta name=\"robots\" content=\"index, follow, max-snippet:-1, max-image-preview:large, max-video-preview:-1\" \/>\n<link rel=\"canonical\" href=\"https:\/\/estadocomarte.pt\/site\/2025\/11\/27\/exposicao-de-12-artistas-do-mercado-pla-arte-no-palacio-galveias\/\" \/>\n<meta property=\"og:locale\" content=\"pt_PT\" \/>\n<meta property=\"og:type\" content=\"article\" \/>\n<meta property=\"og:title\" content=\"Exposi\u00e7\u00e3o de 12 artistas do Mercado P&#039;la Arte no Pal\u00e1cio Galveias - Estado com Arte\" \/>\n<meta property=\"og:description\" content=\"Estado com Arte Magazine\" \/>\n<meta property=\"og:url\" content=\"https:\/\/estadocomarte.pt\/site\/2025\/11\/27\/exposicao-de-12-artistas-do-mercado-pla-arte-no-palacio-galveias\/\" \/>\n<meta property=\"og:site_name\" content=\"Estado com Arte\" \/>\n<meta property=\"article:published_time\" content=\"2025-11-27T19:43:35+00:00\" \/>\n<meta property=\"article:modified_time\" content=\"2025-11-27T21:09:19+00:00\" \/>\n<meta property=\"og:image\" content=\"https:\/\/estadocomarte.pt\/site\/wp-content\/uploads\/2025\/11\/IMG-20251126-WA0018.jpg\" \/>\n\t<meta property=\"og:image:width\" content=\"900\" \/>\n\t<meta property=\"og:image:height\" content=\"1600\" \/>\n\t<meta property=\"og:image:type\" content=\"image\/jpeg\" \/>\n<meta name=\"author\" content=\"admin\" \/>\n<meta name=\"twitter:card\" content=\"summary_large_image\" \/>\n<meta name=\"twitter:label1\" content=\"Escrito por\" \/>\n\t<meta name=\"twitter:data1\" content=\"admin\" \/>\n\t<meta name=\"twitter:label2\" content=\"Tempo estimado de leitura\" \/>\n\t<meta name=\"twitter:data2\" content=\"2 minutos\" \/>\n<script type=\"application\/ld+json\" class=\"yoast-schema-graph\">{\"@context\":\"https:\/\/schema.org\",\"@graph\":[{\"@type\":\"Article\",\"@id\":\"https:\/\/estadocomarte.pt\/site\/2025\/11\/27\/exposicao-de-12-artistas-do-mercado-pla-arte-no-palacio-galveias\/#article\",\"isPartOf\":{\"@id\":\"https:\/\/estadocomarte.pt\/site\/2025\/11\/27\/exposicao-de-12-artistas-do-mercado-pla-arte-no-palacio-galveias\/\"},\"author\":{\"name\":\"admin\",\"@id\":\"https:\/\/estadocomarte.pt\/site\/#\/schema\/person\/c0943a071216c1e5b21f85304151e4ba\"},\"headline\":\"Exposi\u00e7\u00e3o de 12 artistas do Mercado P&#8217;la Arte no Pal\u00e1cio Galveias\",\"datePublished\":\"2025-11-27T19:43:35+00:00\",\"dateModified\":\"2025-11-27T21:09:19+00:00\",\"mainEntityOfPage\":{\"@id\":\"https:\/\/estadocomarte.pt\/site\/2025\/11\/27\/exposicao-de-12-artistas-do-mercado-pla-arte-no-palacio-galveias\/\"},\"wordCount\":208,\"commentCount\":0,\"publisher\":{\"@id\":\"https:\/\/estadocomarte.pt\/site\/#organization\"},\"image\":{\"@id\":\"https:\/\/estadocomarte.pt\/site\/2025\/11\/27\/exposicao-de-12-artistas-do-mercado-pla-arte-no-palacio-galveias\/#primaryimage\"},\"thumbnailUrl\":\"https:\/\/estadocomarte.pt\/site\/wp-content\/uploads\/2025\/11\/IMG-20251126-WA0018.jpg\",\"keywords\":[\"exposi\u00e7\u00e3o\",\"palacio galveias\"],\"articleSection\":[\"Cultura\"],\"inLanguage\":\"pt-PT\",\"potentialAction\":[{\"@type\":\"CommentAction\",\"name\":\"Comment\",\"target\":[\"https:\/\/estadocomarte.pt\/site\/2025\/11\/27\/exposicao-de-12-artistas-do-mercado-pla-arte-no-palacio-galveias\/#respond\"]}]},{\"@type\":\"WebPage\",\"@id\":\"https:\/\/estadocomarte.pt\/site\/2025\/11\/27\/exposicao-de-12-artistas-do-mercado-pla-arte-no-palacio-galveias\/\",\"url\":\"https:\/\/estadocomarte.pt\/site\/2025\/11\/27\/exposicao-de-12-artistas-do-mercado-pla-arte-no-palacio-galveias\/\",\"name\":\"Exposi\u00e7\u00e3o de 12 artistas do Mercado P'la Arte no Pal\u00e1cio Galveias - Estado com Arte\",\"isPartOf\":{\"@id\":\"https:\/\/estadocomarte.pt\/site\/#website\"},\"primaryImageOfPage\":{\"@id\":\"https:\/\/estadocomarte.pt\/site\/2025\/11\/27\/exposicao-de-12-artistas-do-mercado-pla-arte-no-palacio-galveias\/#primaryimage\"},\"image\":{\"@id\":\"https:\/\/estadocomarte.pt\/site\/2025\/11\/27\/exposicao-de-12-artistas-do-mercado-pla-arte-no-palacio-galveias\/#primaryimage\"},\"thumbnailUrl\":\"https:\/\/estadocomarte.pt\/site\/wp-content\/uploads\/2025\/11\/IMG-20251126-WA0018.jpg\",\"datePublished\":\"2025-11-27T19:43:35+00:00\",\"dateModified\":\"2025-11-27T21:09:19+00:00\",\"breadcrumb\":{\"@id\":\"https:\/\/estadocomarte.pt\/site\/2025\/11\/27\/exposicao-de-12-artistas-do-mercado-pla-arte-no-palacio-galveias\/#breadcrumb\"},\"inLanguage\":\"pt-PT\",\"potentialAction\":[{\"@type\":\"ReadAction\",\"target\":[\"https:\/\/estadocomarte.pt\/site\/2025\/11\/27\/exposicao-de-12-artistas-do-mercado-pla-arte-no-palacio-galveias\/\"]}]},{\"@type\":\"ImageObject\",\"inLanguage\":\"pt-PT\",\"@id\":\"https:\/\/estadocomarte.pt\/site\/2025\/11\/27\/exposicao-de-12-artistas-do-mercado-pla-arte-no-palacio-galveias\/#primaryimage\",\"url\":\"https:\/\/estadocomarte.pt\/site\/wp-content\/uploads\/2025\/11\/IMG-20251126-WA0018.jpg\",\"contentUrl\":\"https:\/\/estadocomarte.pt\/site\/wp-content\/uploads\/2025\/11\/IMG-20251126-WA0018.jpg\",\"width\":900,\"height\":1600},{\"@type\":\"BreadcrumbList\",\"@id\":\"https:\/\/estadocomarte.pt\/site\/2025\/11\/27\/exposicao-de-12-artistas-do-mercado-pla-arte-no-palacio-galveias\/#breadcrumb\",\"itemListElement\":[{\"@type\":\"ListItem\",\"position\":1,\"name\":\"In\u00edcio\",\"item\":\"https:\/\/estadocomarte.pt\/site\/\"},{\"@type\":\"ListItem\",\"position\":2,\"name\":\"Exposi\u00e7\u00e3o de 12 artistas do Mercado P&#8217;la Arte no Pal\u00e1cio Galveias\"}]},{\"@type\":\"WebSite\",\"@id\":\"https:\/\/estadocomarte.pt\/site\/#website\",\"url\":\"https:\/\/estadocomarte.pt\/site\/\",\"name\":\"Estado com Arte Magazine\",\"description\":\"Magazine\",\"publisher\":{\"@id\":\"https:\/\/estadocomarte.pt\/site\/#organization\"},\"alternateName\":\"Magazine semanal sobre pol\u00edtica e cultura, com autores, opini\u00e3o e cr\u00edticas.\",\"potentialAction\":[{\"@type\":\"SearchAction\",\"target\":{\"@type\":\"EntryPoint\",\"urlTemplate\":\"https:\/\/estadocomarte.pt\/site\/?s={search_term_string}\"},\"query-input\":{\"@type\":\"PropertyValueSpecification\",\"valueRequired\":true,\"valueName\":\"search_term_string\"}}],\"inLanguage\":\"pt-PT\"},{\"@type\":\"Organization\",\"@id\":\"https:\/\/estadocomarte.pt\/site\/#organization\",\"name\":\"Estado com Arte Magazine\",\"alternateName\":\"Magazine semanal sobre pol\u00edtica e cultura, com autores, opini\u00e3o e cr\u00edticas.\",\"url\":\"https:\/\/estadocomarte.pt\/site\/\",\"logo\":{\"@type\":\"ImageObject\",\"inLanguage\":\"pt-PT\",\"@id\":\"https:\/\/estadocomarte.pt\/site\/#\/schema\/logo\/image\/\",\"url\":\"https:\/\/estadocomarte.pt\/site\/wp-content\/uploads\/2023\/06\/cropped-cropped-Prancheta-2@2x-100.jpg\",\"contentUrl\":\"https:\/\/estadocomarte.pt\/site\/wp-content\/uploads\/2023\/06\/cropped-cropped-Prancheta-2@2x-100.jpg\",\"width\":1777,\"height\":592,\"caption\":\"Estado com Arte Magazine\"},\"image\":{\"@id\":\"https:\/\/estadocomarte.pt\/site\/#\/schema\/logo\/image\/\"},\"sameAs\":[\"https:\/\/www.instagram.com\/estadocomartemagazine\"]},{\"@type\":\"Person\",\"@id\":\"https:\/\/estadocomarte.pt\/site\/#\/schema\/person\/c0943a071216c1e5b21f85304151e4ba\",\"name\":\"admin\",\"image\":{\"@type\":\"ImageObject\",\"inLanguage\":\"pt-PT\",\"@id\":\"https:\/\/estadocomarte.pt\/site\/#\/schema\/person\/image\/\",\"url\":\"https:\/\/secure.gravatar.com\/avatar\/e6f378fd6914c8505d3e1d40f51fa953b21bab0f3a5658a33bc84cb5bda780f9?s=96&d=mm&r=g\",\"contentUrl\":\"https:\/\/secure.gravatar.com\/avatar\/e6f378fd6914c8505d3e1d40f51fa953b21bab0f3a5658a33bc84cb5bda780f9?s=96&d=mm&r=g\",\"caption\":\"admin\"},\"sameAs\":[\"https:\/\/estadocomarte.pt\/site\"],\"url\":\"https:\/\/estadocomarte.pt\/site\/author\/admin\/\"}]}<\/script>\n<!-- \/ Yoast SEO plugin. -->","yoast_head_json":{"title":"Exposi\u00e7\u00e3o de 12 artistas do Mercado P'la Arte no Pal\u00e1cio Galveias - Estado com Arte","robots":{"index":"index","follow":"follow","max-snippet":"max-snippet:-1","max-image-preview":"max-image-preview:large","max-video-preview":"max-video-preview:-1"},"canonical":"https:\/\/estadocomarte.pt\/site\/2025\/11\/27\/exposicao-de-12-artistas-do-mercado-pla-arte-no-palacio-galveias\/","og_locale":"pt_PT","og_type":"article","og_title":"Exposi\u00e7\u00e3o de 12 artistas do Mercado P'la Arte no Pal\u00e1cio Galveias - Estado com Arte","og_description":"Estado com Arte Magazine","og_url":"https:\/\/estadocomarte.pt\/site\/2025\/11\/27\/exposicao-de-12-artistas-do-mercado-pla-arte-no-palacio-galveias\/","og_site_name":"Estado com Arte","article_published_time":"2025-11-27T19:43:35+00:00","article_modified_time":"2025-11-27T21:09:19+00:00","og_image":[{"width":900,"height":1600,"url":"https:\/\/estadocomarte.pt\/site\/wp-content\/uploads\/2025\/11\/IMG-20251126-WA0018.jpg","type":"image\/jpeg"}],"author":"admin","twitter_card":"summary_large_image","twitter_misc":{"Escrito por":"admin","Tempo estimado de leitura":"2 minutos"},"schema":{"@context":"https:\/\/schema.org","@graph":[{"@type":"Article","@id":"https:\/\/estadocomarte.pt\/site\/2025\/11\/27\/exposicao-de-12-artistas-do-mercado-pla-arte-no-palacio-galveias\/#article","isPartOf":{"@id":"https:\/\/estadocomarte.pt\/site\/2025\/11\/27\/exposicao-de-12-artistas-do-mercado-pla-arte-no-palacio-galveias\/"},"author":{"name":"admin","@id":"https:\/\/estadocomarte.pt\/site\/#\/schema\/person\/c0943a071216c1e5b21f85304151e4ba"},"headline":"Exposi\u00e7\u00e3o de 12 artistas do Mercado P&#8217;la Arte no Pal\u00e1cio Galveias","datePublished":"2025-11-27T19:43:35+00:00","dateModified":"2025-11-27T21:09:19+00:00","mainEntityOfPage":{"@id":"https:\/\/estadocomarte.pt\/site\/2025\/11\/27\/exposicao-de-12-artistas-do-mercado-pla-arte-no-palacio-galveias\/"},"wordCount":208,"commentCount":0,"publisher":{"@id":"https:\/\/estadocomarte.pt\/site\/#organization"},"image":{"@id":"https:\/\/estadocomarte.pt\/site\/2025\/11\/27\/exposicao-de-12-artistas-do-mercado-pla-arte-no-palacio-galveias\/#primaryimage"},"thumbnailUrl":"https:\/\/estadocomarte.pt\/site\/wp-content\/uploads\/2025\/11\/IMG-20251126-WA0018.jpg","keywords":["exposi\u00e7\u00e3o","palacio galveias"],"articleSection":["Cultura"],"inLanguage":"pt-PT","potentialAction":[{"@type":"CommentAction","name":"Comment","target":["https:\/\/estadocomarte.pt\/site\/2025\/11\/27\/exposicao-de-12-artistas-do-mercado-pla-arte-no-palacio-galveias\/#respond"]}]},{"@type":"WebPage","@id":"https:\/\/estadocomarte.pt\/site\/2025\/11\/27\/exposicao-de-12-artistas-do-mercado-pla-arte-no-palacio-galveias\/","url":"https:\/\/estadocomarte.pt\/site\/2025\/11\/27\/exposicao-de-12-artistas-do-mercado-pla-arte-no-palacio-galveias\/","name":"Exposi\u00e7\u00e3o de 12 artistas do Mercado P'la Arte no Pal\u00e1cio Galveias - Estado com Arte","isPartOf":{"@id":"https:\/\/estadocomarte.pt\/site\/#website"},"primaryImageOfPage":{"@id":"https:\/\/estadocomarte.pt\/site\/2025\/11\/27\/exposicao-de-12-artistas-do-mercado-pla-arte-no-palacio-galveias\/#primaryimage"},"image":{"@id":"https:\/\/estadocomarte.pt\/site\/2025\/11\/27\/exposicao-de-12-artistas-do-mercado-pla-arte-no-palacio-galveias\/#primaryimage"},"thumbnailUrl":"https:\/\/estadocomarte.pt\/site\/wp-content\/uploads\/2025\/11\/IMG-20251126-WA0018.jpg","datePublished":"2025-11-27T19:43:35+00:00","dateModified":"2025-11-27T21:09:19+00:00","breadcrumb":{"@id":"https:\/\/estadocomarte.pt\/site\/2025\/11\/27\/exposicao-de-12-artistas-do-mercado-pla-arte-no-palacio-galveias\/#breadcrumb"},"inLanguage":"pt-PT","potentialAction":[{"@type":"ReadAction","target":["https:\/\/estadocomarte.pt\/site\/2025\/11\/27\/exposicao-de-12-artistas-do-mercado-pla-arte-no-palacio-galveias\/"]}]},{"@type":"ImageObject","inLanguage":"pt-PT","@id":"https:\/\/estadocomarte.pt\/site\/2025\/11\/27\/exposicao-de-12-artistas-do-mercado-pla-arte-no-palacio-galveias\/#primaryimage","url":"https:\/\/estadocomarte.pt\/site\/wp-content\/uploads\/2025\/11\/IMG-20251126-WA0018.jpg","contentUrl":"https:\/\/estadocomarte.pt\/site\/wp-content\/uploads\/2025\/11\/IMG-20251126-WA0018.jpg","width":900,"height":1600},{"@type":"BreadcrumbList","@id":"https:\/\/estadocomarte.pt\/site\/2025\/11\/27\/exposicao-de-12-artistas-do-mercado-pla-arte-no-palacio-galveias\/#breadcrumb","itemListElement":[{"@type":"ListItem","position":1,"name":"In\u00edcio","item":"https:\/\/estadocomarte.pt\/site\/"},{"@type":"ListItem","position":2,"name":"Exposi\u00e7\u00e3o de 12 artistas do Mercado P&#8217;la Arte no Pal\u00e1cio Galveias"}]},{"@type":"WebSite","@id":"https:\/\/estadocomarte.pt\/site\/#website","url":"https:\/\/estadocomarte.pt\/site\/","name":"Estado com Arte Magazine","description":"Magazine","publisher":{"@id":"https:\/\/estadocomarte.pt\/site\/#organization"},"alternateName":"Magazine semanal sobre pol\u00edtica e cultura, com autores, opini\u00e3o e cr\u00edticas.","potentialAction":[{"@type":"SearchAction","target":{"@type":"EntryPoint","urlTemplate":"https:\/\/estadocomarte.pt\/site\/?s={search_term_string}"},"query-input":{"@type":"PropertyValueSpecification","valueRequired":true,"valueName":"search_term_string"}}],"inLanguage":"pt-PT"},{"@type":"Organization","@id":"https:\/\/estadocomarte.pt\/site\/#organization","name":"Estado com Arte Magazine","alternateName":"Magazine semanal sobre pol\u00edtica e cultura, com autores, opini\u00e3o e cr\u00edticas.","url":"https:\/\/estadocomarte.pt\/site\/","logo":{"@type":"ImageObject","inLanguage":"pt-PT","@id":"https:\/\/estadocomarte.pt\/site\/#\/schema\/logo\/image\/","url":"https:\/\/estadocomarte.pt\/site\/wp-content\/uploads\/2023\/06\/cropped-cropped-Prancheta-2@2x-100.jpg","contentUrl":"https:\/\/estadocomarte.pt\/site\/wp-content\/uploads\/2023\/06\/cropped-cropped-Prancheta-2@2x-100.jpg","width":1777,"height":592,"caption":"Estado com Arte Magazine"},"image":{"@id":"https:\/\/estadocomarte.pt\/site\/#\/schema\/logo\/image\/"},"sameAs":["https:\/\/www.instagram.com\/estadocomartemagazine"]},{"@type":"Person","@id":"https:\/\/estadocomarte.pt\/site\/#\/schema\/person\/c0943a071216c1e5b21f85304151e4ba","name":"admin","image":{"@type":"ImageObject","inLanguage":"pt-PT","@id":"https:\/\/estadocomarte.pt\/site\/#\/schema\/person\/image\/","url":"https:\/\/secure.gravatar.com\/avatar\/e6f378fd6914c8505d3e1d40f51fa953b21bab0f3a5658a33bc84cb5bda780f9?s=96&d=mm&r=g","contentUrl":"https:\/\/secure.gravatar.com\/avatar\/e6f378fd6914c8505d3e1d40f51fa953b21bab0f3a5658a33bc84cb5bda780f9?s=96&d=mm&r=g","caption":"admin"},"sameAs":["https:\/\/estadocomarte.pt\/site"],"url":"https:\/\/estadocomarte.pt\/site\/author\/admin\/"}]}},"_links":{"self":[{"href":"https:\/\/estadocomarte.pt\/site\/wp-json\/wp\/v2\/posts\/11515","targetHints":{"allow":["GET"]}}],"collection":[{"href":"https:\/\/estadocomarte.pt\/site\/wp-json\/wp\/v2\/posts"}],"about":[{"href":"https:\/\/estadocomarte.pt\/site\/wp-json\/wp\/v2\/types\/post"}],"author":[{"embeddable":true,"href":"https:\/\/estadocomarte.pt\/site\/wp-json\/wp\/v2\/users\/1"}],"replies":[{"embeddable":true,"href":"https:\/\/estadocomarte.pt\/site\/wp-json\/wp\/v2\/comments?post=11515"}],"version-history":[{"count":8,"href":"https:\/\/estadocomarte.pt\/site\/wp-json\/wp\/v2\/posts\/11515\/revisions"}],"predecessor-version":[{"id":11525,"href":"https:\/\/estadocomarte.pt\/site\/wp-json\/wp\/v2\/posts\/11515\/revisions\/11525"}],"wp:featuredmedia":[{"embeddable":true,"href":"https:\/\/estadocomarte.pt\/site\/wp-json\/wp\/v2\/media\/11519"}],"wp:attachment":[{"href":"https:\/\/estadocomarte.pt\/site\/wp-json\/wp\/v2\/media?parent=11515"}],"wp:term":[{"taxonomy":"category","embeddable":true,"href":"https:\/\/estadocomarte.pt\/site\/wp-json\/wp\/v2\/categories?post=11515"},{"taxonomy":"post_tag","embeddable":true,"href":"https:\/\/estadocomarte.pt\/site\/wp-json\/wp\/v2\/tags?post=11515"}],"curies":[{"name":"wp","href":"https:\/\/api.w.org\/{rel}","templated":true}]}}