{"id":11527,"date":"2025-11-29T14:41:10","date_gmt":"2025-11-29T14:41:10","guid":{"rendered":"https:\/\/estadocomarte.pt\/site\/?p=11527"},"modified":"2025-11-29T16:24:14","modified_gmt":"2025-11-29T16:24:14","slug":"grupo-de-teatro-apriori-deixar-que-a-arte-potencialize-um-mundo-melhor","status":"publish","type":"post","link":"https:\/\/estadocomarte.pt\/site\/2025\/11\/29\/grupo-de-teatro-apriori-deixar-que-a-arte-potencialize-um-mundo-melhor\/","title":{"rendered":"Grupo de Teatro \u00c0Priori. &#8220;Deixar que a arte potencialize um mundo melhor&#8221;"},"content":{"rendered":"<p><strong>A comunidade de Teatro \u00c0priori, fundada em 2017, acredita que &#8220;muito antes do palco come\u00e7a a curiosidade, a auto reflex\u00e3o e o desenvolvimento individual e comunit\u00e1rio.&#8221;\u00a0<\/strong><strong>Come\u00e7aram com o espet\u00e1culo original &#8211; \u201cMarilyn, O Musical\u201d,\u00a0 a partir deste primeiro sucesso cresceu a vontade em &#8220;explorar todo o processo envolvente&#8221; na produ\u00e7\u00e3o de teatro musical.<\/strong><\/p>\n<p><strong>A grande aposta desta comunidade de actores \u00e9 a diversidade de idades, bem como a forma\u00e7\u00e3o de teatro em escolas atingindo actualmente\u00a0 600 alunos na Grande Lisboa.<\/strong><\/p>\n<p><strong>O espect\u00e1culo musical Hairspray tem estreia\u00a0 marcada em mar\u00e7o, no Parque Mayer. <\/strong><\/p>\n<p><strong>Como come\u00e7ou o vosso sonho?<\/strong><br \/>\nO nosso sonho come\u00e7ou em 2017. \u00c9ramos quatro jovens que partilhavam o desejo comum de serem atores e de estrear um espet\u00e1culo original. Esse impulso materializou-se em &#8220;Marilyn, O Musical&#8221;, que marcou n\u00e3o s\u00f3 a nossa estreia como companhia, mas tamb\u00e9m o in\u00edcio de uma vis\u00e3o maior: criar um espa\u00e7o onde o teatro pudesse ser vivido, ensinado e partilhado de forma acess\u00edvel \u00e0 comunidade. Com um grande acolhimento por parte da Cooperativa &#8220;A Sacavenense&#8221;, esse sonho ganhou vida.<\/p>\n<p><strong>Falem-nos um pouco sobre a vossa &#8220;trupe&#8221;&#8230;<\/strong><br \/>\nMais do que uma companhia, somos uma equipa movida pela partilha, pelo cuidado e pela entrega. A comunidade do Teatro \u00c0priori \u00e9 feita de produtores, professores, alunos, pais criadores, e t\u00e9cnicos que crescem lado a lado, num ambiente onde a forma\u00e7\u00e3o, a auto-descoberta e o esp\u00edrito de equipa s\u00e3o pilares fundamentais. A nossa diversidade \u00e9 a nossa for\u00e7a: diferentes percursos, idades e linguagens unem-se num mesmo prop\u00f3sito: deixar que a arte potencialize um mundo melhor.<\/p>\n<p><img fetchpriority=\"high\" decoding=\"async\" class=\"alignnone size-medium wp-image-11539\" src=\"https:\/\/estadocomarte.pt\/site\/wp-content\/uploads\/2025\/11\/apriori-3-240x300.jpg\" alt=\"\" width=\"240\" height=\"300\" srcset=\"https:\/\/estadocomarte.pt\/site\/wp-content\/uploads\/2025\/11\/apriori-3-240x300.jpg 240w, https:\/\/estadocomarte.pt\/site\/wp-content\/uploads\/2025\/11\/apriori-3-819x1024.jpg 819w, https:\/\/estadocomarte.pt\/site\/wp-content\/uploads\/2025\/11\/apriori-3-768x960.jpg 768w, https:\/\/estadocomarte.pt\/site\/wp-content\/uploads\/2025\/11\/apriori-3-1229x1536.jpg 1229w, https:\/\/estadocomarte.pt\/site\/wp-content\/uploads\/2025\/11\/apriori-3.jpg 1440w\" sizes=\"(max-width: 240px) 100vw, 240px\" \/><\/p>\n<p><strong>Como v\u00eaem os musicais aqui e l\u00e1 fora?<\/strong><br \/>\nO Teatro Musical em Portugal est\u00e1 em r\u00e1pida expans\u00e3o, mas ainda enfrenta desafios estruturais, sobretudo no acesso a financiamento e reconhecimento institucional. L\u00e1 fora, s\u00e3o entendidos como grandes plataformas de express\u00e3o art\u00edstica, com forte investimento e valoriza\u00e7\u00e3o empresarial. Aqui, acreditamos que estamos a construir esse caminho, formando p\u00fablicos e artistas mais conscientes e preparados.<\/p>\n<p><strong>Porqu\u00ea a escolha da etimologia &#8220;\u00c0priori&#8221;?<\/strong><br \/>\n&#8220;\u00c0priori&#8221; remete para aquilo que existe antes da experi\u00eancia, aquilo que nasce do pensamento, da intui\u00e7\u00e3o e da ess\u00eancia. Escolhemos este nome porque acreditamos que o teatro come\u00e7a muito antes do palco: come\u00e7a com a curiosidade, a auto reflex\u00e3o e o desenvolvimento individual e comunit\u00e1rio. \u00c9 um lugar de origem, de reflex\u00e3o e de consci\u00eancia art\u00edstica.<\/p>\n<p><strong>O que fariam diferente se voltassem ao km 0?<\/strong><br \/>\nTalvez tiv\u00e9ssemos procurado, desde in\u00edcio, um maior apoio estrutural e estrat\u00e9gico para sustentar o crescimento. Mas cada dificuldade moldou quem somos hoje. O percurso, com todas as suas imperfei\u00e7\u00f5es, construiu a nossa identidade resiliente e profundamente enraizada na comunidade.<\/p>\n<p><strong>O que vos inspirou para seguirem a carreira de atores \/ atrizes?<\/strong><br \/>\nFoi sem d\u00favida o desejo de criar uma comunidade de apoio, para que juntos pud\u00e9ssemos contar hist\u00f3rias, dar voz \u00e0s nossas pr\u00f3prias emo\u00e7\u00f5es e de deixar o mundo num lugar melhor. O palco sempre foi um lugar de liberdade, de verdade e de encontro. O teatro permite uma comunica\u00e7\u00e3o humana e emp\u00e1tica com o p\u00fablico, o que abre espa\u00e7o a di\u00e1logo algo estrutural para o desenvolvimento de uma sociedade justa.<\/p>\n<p><img decoding=\"async\" class=\"alignnone size-medium wp-image-11541\" src=\"https:\/\/estadocomarte.pt\/site\/wp-content\/uploads\/2025\/11\/apriori2-240x300.jpg\" alt=\"\" width=\"240\" height=\"300\" srcset=\"https:\/\/estadocomarte.pt\/site\/wp-content\/uploads\/2025\/11\/apriori2-240x300.jpg 240w, https:\/\/estadocomarte.pt\/site\/wp-content\/uploads\/2025\/11\/apriori2-819x1024.jpg 819w, https:\/\/estadocomarte.pt\/site\/wp-content\/uploads\/2025\/11\/apriori2-768x960.jpg 768w, https:\/\/estadocomarte.pt\/site\/wp-content\/uploads\/2025\/11\/apriori2-1229x1536.jpg 1229w, https:\/\/estadocomarte.pt\/site\/wp-content\/uploads\/2025\/11\/apriori2.jpg 1440w\" sizes=\"(max-width: 240px) 100vw, 240px\" \/><\/p>\n<p><strong>Qual o maior desafio at\u00e9 agora?<\/strong><br \/>\nManter a sustentabilidade da companhia sem comprometer os nossos valores. Ser uma estrutura independente, sem apoios fixos, \u00e9 um ato constante de resili\u00eancia.<\/p>\n<p><strong>Como abordam a cria\u00e7\u00e3o das personagens?<\/strong><br \/>\nPartimos sempre da verdade individual, do seu percurso de vida at\u00e9 ao momento da a\u00e7\u00e3o. A dire\u00e7\u00e3o de atores assume um papel estruturante. Estudamos o contexto, exploramos o corpo, a voz e a inten\u00e7\u00e3o, procurando compreender n\u00e3o s\u00f3 quem \u00e9 a personagem, mas por que existe e o que representa na narrativa.<\/p>\n<p><strong>Houve algum momento constrangedor?<\/strong><br \/>\nO teatro \u00e9 feito de imprevistos: falhas t\u00e9cnicas, entradas trocadas, adere\u00e7os que desaparecem em cena. S\u00e3o momentos que testam a nossa capacidade de adapta\u00e7\u00e3o e que, mais tarde, se transformam em hist\u00f3rias contadas com grandes risadas.<\/p>\n<p><strong>O que pensam do futuro do teatro e de todo o processo criativo?<\/strong><br \/>\nAcreditamos que nos vamos transformar numa grande estrutura, desenvolvida para servir comunidades e p\u00fablicos diversos. Queremos tirar a arte de um pedestal e queremos introduzi-la, de diversas formas, ao dia a dia dos portugueses. A nossa presen\u00e7a nas escolas, onde temos mais de 600 alunos, \u00e9 um reflexo dessa pr\u00e1tica. Queremos um teatro e um espa\u00e7o que dialoga com o presente, que se reinventa sem perder a sua ess\u00eancia e que continua a ser espa\u00e7o de reflex\u00e3o e transforma\u00e7\u00e3o.<\/p>\n<p><strong>Que conselhos desejam partilhar com os jovens que iniciam agora?<\/strong><br \/>\nPersistam. Escutem. Aprendam. Sonhem. O teatro \u00e9 disciplina, mas tamb\u00e9m amor. N\u00e3o tenham medo de falhar, porque \u00e9 nesse espa\u00e7o que nasce o crescimento. E n\u00e3o tenham medo de sonhar em grande.<\/p>\n<p><img decoding=\"async\" class=\"alignnone size-medium wp-image-11544\" src=\"https:\/\/estadocomarte.pt\/site\/wp-content\/uploads\/2025\/11\/Teatro3-240x300.jpg\" alt=\"\" width=\"240\" height=\"300\" srcset=\"https:\/\/estadocomarte.pt\/site\/wp-content\/uploads\/2025\/11\/Teatro3-240x300.jpg 240w, https:\/\/estadocomarte.pt\/site\/wp-content\/uploads\/2025\/11\/Teatro3-819x1024.jpg 819w, https:\/\/estadocomarte.pt\/site\/wp-content\/uploads\/2025\/11\/Teatro3-768x960.jpg 768w, https:\/\/estadocomarte.pt\/site\/wp-content\/uploads\/2025\/11\/Teatro3-1229x1536.jpg 1229w, https:\/\/estadocomarte.pt\/site\/wp-content\/uploads\/2025\/11\/Teatro3.jpg 1440w\" sizes=\"(max-width: 240px) 100vw, 240px\" \/><\/p>\n<p><strong>O que mais vos d\u00e1 alento no processo de cria\u00e7\u00e3o de um espet\u00e1culo?<\/strong><br \/>\nVer a transforma\u00e7\u00e3o: das equipas, das ideias, do vazio que se enche de sentido. O momento em que tudo ganha vida em palco \u00e9 profundamente recompensador, mas mais que isso, \u00e9 olhar \u00e0 volta e ver que a vida de centenas de pessoas recebeu um impacto positivo. Esse \u00e9 um dos grandes poderes da arte.<\/p>\n<p><strong>A mensagem que transmitem \u00e9 mais subliminar do que realista?<\/strong><br \/>\nDepende sempre de cada espet\u00e1culo. Por exemplo, o Hairspray que vamos estrear em mar\u00e7o no Parque Mayer, carrega consigo uma profunda reflex\u00e3o social, acompanhado de muita com\u00e9dia. Em espet\u00e1culos como a Marilyn, o exerc\u00edcio era maior. Gostamos sempre de inovar e surpreender com cada proposta que damos ao p\u00fablico.<\/p>\n<p><strong>\u00c9 uma arte t\u00e3o visual como auditiva?<\/strong><br \/>\nSem d\u00favida. O teatro musical, em particular, vive da fus\u00e3o do que vemos, escutamos e sentimos, sendo no fundo uma mistura de est\u00edmulos. Cremos que a nossa arte \u00e9 das experi\u00eancias sensoriais mais completas.<\/p>\n","protected":false},"excerpt":{"rendered":"<p>Pedro Gaspar<\/p>\n","protected":false},"author":1,"featured_media":11530,"comment_status":"open","ping_status":"open","sticky":false,"template":"","format":"standard","meta":{"site-sidebar-layout":"default","site-content-layout":"default","ast-global-header-display":"","ast-banner-title-visibility":"","ast-main-header-display":"","ast-hfb-above-header-display":"","ast-hfb-below-header-display":"","ast-hfb-mobile-header-display":"","site-post-title":"","ast-breadcrumbs-content":"","ast-featured-img":"","footer-sml-layout":"","theme-transparent-header-meta":"default","adv-header-id-meta":"","stick-header-meta":"","header-above-stick-meta":"","header-main-stick-meta":"","header-below-stick-meta":"","footnotes":""},"categories":[7,64],"tags":[968,2285],"class_list":["post-11527","post","type-post","status-publish","format-standard","has-post-thumbnail","hentry","category-cultura","category-isto-para-nos","tag-pedro-gaspar","tag-teatro-apriori"],"yoast_head":"<!-- This site is optimized with the Yoast SEO plugin v25.1 - https:\/\/yoast.com\/wordpress\/plugins\/seo\/ -->\n<title>Grupo de Teatro \u00c0Priori. &quot;Deixar que a arte potencialize um mundo melhor&quot; - Estado com Arte<\/title>\n<meta name=\"robots\" content=\"index, follow, max-snippet:-1, max-image-preview:large, max-video-preview:-1\" \/>\n<link rel=\"canonical\" href=\"https:\/\/estadocomarte.pt\/site\/2025\/11\/29\/grupo-de-teatro-apriori-deixar-que-a-arte-potencialize-um-mundo-melhor\/\" \/>\n<meta property=\"og:locale\" content=\"pt_PT\" \/>\n<meta property=\"og:type\" content=\"article\" \/>\n<meta property=\"og:title\" content=\"Grupo de Teatro \u00c0Priori. &quot;Deixar que a arte potencialize um mundo melhor&quot; - Estado com Arte\" \/>\n<meta property=\"og:description\" content=\"Pedro Gaspar\" \/>\n<meta property=\"og:url\" content=\"https:\/\/estadocomarte.pt\/site\/2025\/11\/29\/grupo-de-teatro-apriori-deixar-que-a-arte-potencialize-um-mundo-melhor\/\" \/>\n<meta property=\"og:site_name\" content=\"Estado com Arte\" \/>\n<meta property=\"article:published_time\" content=\"2025-11-29T14:41:10+00:00\" \/>\n<meta property=\"article:modified_time\" content=\"2025-11-29T16:24:14+00:00\" \/>\n<meta property=\"og:image\" content=\"https:\/\/estadocomarte.pt\/site\/wp-content\/uploads\/2025\/11\/teatroapriori.jpg\" \/>\n\t<meta property=\"og:image:width\" content=\"1080\" \/>\n\t<meta property=\"og:image:height\" content=\"725\" \/>\n\t<meta property=\"og:image:type\" content=\"image\/jpeg\" \/>\n<meta name=\"author\" content=\"admin\" \/>\n<meta name=\"twitter:card\" content=\"summary_large_image\" \/>\n<meta name=\"twitter:label1\" content=\"Escrito por\" \/>\n\t<meta name=\"twitter:data1\" content=\"admin\" \/>\n\t<meta name=\"twitter:label2\" content=\"Tempo estimado de leitura\" \/>\n\t<meta name=\"twitter:data2\" content=\"6 minutos\" \/>\n<script type=\"application\/ld+json\" class=\"yoast-schema-graph\">{\"@context\":\"https:\/\/schema.org\",\"@graph\":[{\"@type\":\"Article\",\"@id\":\"https:\/\/estadocomarte.pt\/site\/2025\/11\/29\/grupo-de-teatro-apriori-deixar-que-a-arte-potencialize-um-mundo-melhor\/#article\",\"isPartOf\":{\"@id\":\"https:\/\/estadocomarte.pt\/site\/2025\/11\/29\/grupo-de-teatro-apriori-deixar-que-a-arte-potencialize-um-mundo-melhor\/\"},\"author\":{\"name\":\"admin\",\"@id\":\"https:\/\/estadocomarte.pt\/site\/#\/schema\/person\/c0943a071216c1e5b21f85304151e4ba\"},\"headline\":\"Grupo de Teatro \u00c0Priori. &#8220;Deixar que a arte potencialize um mundo melhor&#8221;\",\"datePublished\":\"2025-11-29T14:41:10+00:00\",\"dateModified\":\"2025-11-29T16:24:14+00:00\",\"mainEntityOfPage\":{\"@id\":\"https:\/\/estadocomarte.pt\/site\/2025\/11\/29\/grupo-de-teatro-apriori-deixar-que-a-arte-potencialize-um-mundo-melhor\/\"},\"wordCount\":1023,\"commentCount\":0,\"publisher\":{\"@id\":\"https:\/\/estadocomarte.pt\/site\/#organization\"},\"image\":{\"@id\":\"https:\/\/estadocomarte.pt\/site\/2025\/11\/29\/grupo-de-teatro-apriori-deixar-que-a-arte-potencialize-um-mundo-melhor\/#primaryimage\"},\"thumbnailUrl\":\"https:\/\/estadocomarte.pt\/site\/wp-content\/uploads\/2025\/11\/teatroapriori.jpg\",\"keywords\":[\"Pedro Gaspar\",\"Teatro Apriori\"],\"articleSection\":[\"Cultura\",\"Isto Para N\u00f3s\"],\"inLanguage\":\"pt-PT\",\"potentialAction\":[{\"@type\":\"CommentAction\",\"name\":\"Comment\",\"target\":[\"https:\/\/estadocomarte.pt\/site\/2025\/11\/29\/grupo-de-teatro-apriori-deixar-que-a-arte-potencialize-um-mundo-melhor\/#respond\"]}]},{\"@type\":\"WebPage\",\"@id\":\"https:\/\/estadocomarte.pt\/site\/2025\/11\/29\/grupo-de-teatro-apriori-deixar-que-a-arte-potencialize-um-mundo-melhor\/\",\"url\":\"https:\/\/estadocomarte.pt\/site\/2025\/11\/29\/grupo-de-teatro-apriori-deixar-que-a-arte-potencialize-um-mundo-melhor\/\",\"name\":\"Grupo de Teatro \u00c0Priori. \\\"Deixar que a arte potencialize um mundo melhor\\\" - Estado com Arte\",\"isPartOf\":{\"@id\":\"https:\/\/estadocomarte.pt\/site\/#website\"},\"primaryImageOfPage\":{\"@id\":\"https:\/\/estadocomarte.pt\/site\/2025\/11\/29\/grupo-de-teatro-apriori-deixar-que-a-arte-potencialize-um-mundo-melhor\/#primaryimage\"},\"image\":{\"@id\":\"https:\/\/estadocomarte.pt\/site\/2025\/11\/29\/grupo-de-teatro-apriori-deixar-que-a-arte-potencialize-um-mundo-melhor\/#primaryimage\"},\"thumbnailUrl\":\"https:\/\/estadocomarte.pt\/site\/wp-content\/uploads\/2025\/11\/teatroapriori.jpg\",\"datePublished\":\"2025-11-29T14:41:10+00:00\",\"dateModified\":\"2025-11-29T16:24:14+00:00\",\"breadcrumb\":{\"@id\":\"https:\/\/estadocomarte.pt\/site\/2025\/11\/29\/grupo-de-teatro-apriori-deixar-que-a-arte-potencialize-um-mundo-melhor\/#breadcrumb\"},\"inLanguage\":\"pt-PT\",\"potentialAction\":[{\"@type\":\"ReadAction\",\"target\":[\"https:\/\/estadocomarte.pt\/site\/2025\/11\/29\/grupo-de-teatro-apriori-deixar-que-a-arte-potencialize-um-mundo-melhor\/\"]}]},{\"@type\":\"ImageObject\",\"inLanguage\":\"pt-PT\",\"@id\":\"https:\/\/estadocomarte.pt\/site\/2025\/11\/29\/grupo-de-teatro-apriori-deixar-que-a-arte-potencialize-um-mundo-melhor\/#primaryimage\",\"url\":\"https:\/\/estadocomarte.pt\/site\/wp-content\/uploads\/2025\/11\/teatroapriori.jpg\",\"contentUrl\":\"https:\/\/estadocomarte.pt\/site\/wp-content\/uploads\/2025\/11\/teatroapriori.jpg\",\"width\":1080,\"height\":725},{\"@type\":\"BreadcrumbList\",\"@id\":\"https:\/\/estadocomarte.pt\/site\/2025\/11\/29\/grupo-de-teatro-apriori-deixar-que-a-arte-potencialize-um-mundo-melhor\/#breadcrumb\",\"itemListElement\":[{\"@type\":\"ListItem\",\"position\":1,\"name\":\"In\u00edcio\",\"item\":\"https:\/\/estadocomarte.pt\/site\/\"},{\"@type\":\"ListItem\",\"position\":2,\"name\":\"Grupo de Teatro \u00c0Priori. &#8220;Deixar que a arte potencialize um mundo melhor&#8221;\"}]},{\"@type\":\"WebSite\",\"@id\":\"https:\/\/estadocomarte.pt\/site\/#website\",\"url\":\"https:\/\/estadocomarte.pt\/site\/\",\"name\":\"Estado com Arte Magazine\",\"description\":\"Magazine\",\"publisher\":{\"@id\":\"https:\/\/estadocomarte.pt\/site\/#organization\"},\"alternateName\":\"Magazine semanal sobre pol\u00edtica e cultura, com autores, opini\u00e3o e cr\u00edticas.\",\"potentialAction\":[{\"@type\":\"SearchAction\",\"target\":{\"@type\":\"EntryPoint\",\"urlTemplate\":\"https:\/\/estadocomarte.pt\/site\/?s={search_term_string}\"},\"query-input\":{\"@type\":\"PropertyValueSpecification\",\"valueRequired\":true,\"valueName\":\"search_term_string\"}}],\"inLanguage\":\"pt-PT\"},{\"@type\":\"Organization\",\"@id\":\"https:\/\/estadocomarte.pt\/site\/#organization\",\"name\":\"Estado com Arte Magazine\",\"alternateName\":\"Magazine semanal sobre pol\u00edtica e cultura, com autores, opini\u00e3o e cr\u00edticas.\",\"url\":\"https:\/\/estadocomarte.pt\/site\/\",\"logo\":{\"@type\":\"ImageObject\",\"inLanguage\":\"pt-PT\",\"@id\":\"https:\/\/estadocomarte.pt\/site\/#\/schema\/logo\/image\/\",\"url\":\"https:\/\/estadocomarte.pt\/site\/wp-content\/uploads\/2023\/06\/cropped-cropped-Prancheta-2@2x-100.jpg\",\"contentUrl\":\"https:\/\/estadocomarte.pt\/site\/wp-content\/uploads\/2023\/06\/cropped-cropped-Prancheta-2@2x-100.jpg\",\"width\":1777,\"height\":592,\"caption\":\"Estado com Arte Magazine\"},\"image\":{\"@id\":\"https:\/\/estadocomarte.pt\/site\/#\/schema\/logo\/image\/\"},\"sameAs\":[\"https:\/\/www.instagram.com\/estadocomartemagazine\"]},{\"@type\":\"Person\",\"@id\":\"https:\/\/estadocomarte.pt\/site\/#\/schema\/person\/c0943a071216c1e5b21f85304151e4ba\",\"name\":\"admin\",\"image\":{\"@type\":\"ImageObject\",\"inLanguage\":\"pt-PT\",\"@id\":\"https:\/\/estadocomarte.pt\/site\/#\/schema\/person\/image\/\",\"url\":\"https:\/\/secure.gravatar.com\/avatar\/e6f378fd6914c8505d3e1d40f51fa953b21bab0f3a5658a33bc84cb5bda780f9?s=96&d=mm&r=g\",\"contentUrl\":\"https:\/\/secure.gravatar.com\/avatar\/e6f378fd6914c8505d3e1d40f51fa953b21bab0f3a5658a33bc84cb5bda780f9?s=96&d=mm&r=g\",\"caption\":\"admin\"},\"sameAs\":[\"https:\/\/estadocomarte.pt\/site\"],\"url\":\"https:\/\/estadocomarte.pt\/site\/author\/admin\/\"}]}<\/script>\n<!-- \/ Yoast SEO plugin. -->","yoast_head_json":{"title":"Grupo de Teatro \u00c0Priori. \"Deixar que a arte potencialize um mundo melhor\" - Estado com Arte","robots":{"index":"index","follow":"follow","max-snippet":"max-snippet:-1","max-image-preview":"max-image-preview:large","max-video-preview":"max-video-preview:-1"},"canonical":"https:\/\/estadocomarte.pt\/site\/2025\/11\/29\/grupo-de-teatro-apriori-deixar-que-a-arte-potencialize-um-mundo-melhor\/","og_locale":"pt_PT","og_type":"article","og_title":"Grupo de Teatro \u00c0Priori. \"Deixar que a arte potencialize um mundo melhor\" - Estado com Arte","og_description":"Pedro Gaspar","og_url":"https:\/\/estadocomarte.pt\/site\/2025\/11\/29\/grupo-de-teatro-apriori-deixar-que-a-arte-potencialize-um-mundo-melhor\/","og_site_name":"Estado com Arte","article_published_time":"2025-11-29T14:41:10+00:00","article_modified_time":"2025-11-29T16:24:14+00:00","og_image":[{"width":1080,"height":725,"url":"https:\/\/estadocomarte.pt\/site\/wp-content\/uploads\/2025\/11\/teatroapriori.jpg","type":"image\/jpeg"}],"author":"admin","twitter_card":"summary_large_image","twitter_misc":{"Escrito por":"admin","Tempo estimado de leitura":"6 minutos"},"schema":{"@context":"https:\/\/schema.org","@graph":[{"@type":"Article","@id":"https:\/\/estadocomarte.pt\/site\/2025\/11\/29\/grupo-de-teatro-apriori-deixar-que-a-arte-potencialize-um-mundo-melhor\/#article","isPartOf":{"@id":"https:\/\/estadocomarte.pt\/site\/2025\/11\/29\/grupo-de-teatro-apriori-deixar-que-a-arte-potencialize-um-mundo-melhor\/"},"author":{"name":"admin","@id":"https:\/\/estadocomarte.pt\/site\/#\/schema\/person\/c0943a071216c1e5b21f85304151e4ba"},"headline":"Grupo de Teatro \u00c0Priori. &#8220;Deixar que a arte potencialize um mundo melhor&#8221;","datePublished":"2025-11-29T14:41:10+00:00","dateModified":"2025-11-29T16:24:14+00:00","mainEntityOfPage":{"@id":"https:\/\/estadocomarte.pt\/site\/2025\/11\/29\/grupo-de-teatro-apriori-deixar-que-a-arte-potencialize-um-mundo-melhor\/"},"wordCount":1023,"commentCount":0,"publisher":{"@id":"https:\/\/estadocomarte.pt\/site\/#organization"},"image":{"@id":"https:\/\/estadocomarte.pt\/site\/2025\/11\/29\/grupo-de-teatro-apriori-deixar-que-a-arte-potencialize-um-mundo-melhor\/#primaryimage"},"thumbnailUrl":"https:\/\/estadocomarte.pt\/site\/wp-content\/uploads\/2025\/11\/teatroapriori.jpg","keywords":["Pedro Gaspar","Teatro Apriori"],"articleSection":["Cultura","Isto Para N\u00f3s"],"inLanguage":"pt-PT","potentialAction":[{"@type":"CommentAction","name":"Comment","target":["https:\/\/estadocomarte.pt\/site\/2025\/11\/29\/grupo-de-teatro-apriori-deixar-que-a-arte-potencialize-um-mundo-melhor\/#respond"]}]},{"@type":"WebPage","@id":"https:\/\/estadocomarte.pt\/site\/2025\/11\/29\/grupo-de-teatro-apriori-deixar-que-a-arte-potencialize-um-mundo-melhor\/","url":"https:\/\/estadocomarte.pt\/site\/2025\/11\/29\/grupo-de-teatro-apriori-deixar-que-a-arte-potencialize-um-mundo-melhor\/","name":"Grupo de Teatro \u00c0Priori. \"Deixar que a arte potencialize um mundo melhor\" - Estado com Arte","isPartOf":{"@id":"https:\/\/estadocomarte.pt\/site\/#website"},"primaryImageOfPage":{"@id":"https:\/\/estadocomarte.pt\/site\/2025\/11\/29\/grupo-de-teatro-apriori-deixar-que-a-arte-potencialize-um-mundo-melhor\/#primaryimage"},"image":{"@id":"https:\/\/estadocomarte.pt\/site\/2025\/11\/29\/grupo-de-teatro-apriori-deixar-que-a-arte-potencialize-um-mundo-melhor\/#primaryimage"},"thumbnailUrl":"https:\/\/estadocomarte.pt\/site\/wp-content\/uploads\/2025\/11\/teatroapriori.jpg","datePublished":"2025-11-29T14:41:10+00:00","dateModified":"2025-11-29T16:24:14+00:00","breadcrumb":{"@id":"https:\/\/estadocomarte.pt\/site\/2025\/11\/29\/grupo-de-teatro-apriori-deixar-que-a-arte-potencialize-um-mundo-melhor\/#breadcrumb"},"inLanguage":"pt-PT","potentialAction":[{"@type":"ReadAction","target":["https:\/\/estadocomarte.pt\/site\/2025\/11\/29\/grupo-de-teatro-apriori-deixar-que-a-arte-potencialize-um-mundo-melhor\/"]}]},{"@type":"ImageObject","inLanguage":"pt-PT","@id":"https:\/\/estadocomarte.pt\/site\/2025\/11\/29\/grupo-de-teatro-apriori-deixar-que-a-arte-potencialize-um-mundo-melhor\/#primaryimage","url":"https:\/\/estadocomarte.pt\/site\/wp-content\/uploads\/2025\/11\/teatroapriori.jpg","contentUrl":"https:\/\/estadocomarte.pt\/site\/wp-content\/uploads\/2025\/11\/teatroapriori.jpg","width":1080,"height":725},{"@type":"BreadcrumbList","@id":"https:\/\/estadocomarte.pt\/site\/2025\/11\/29\/grupo-de-teatro-apriori-deixar-que-a-arte-potencialize-um-mundo-melhor\/#breadcrumb","itemListElement":[{"@type":"ListItem","position":1,"name":"In\u00edcio","item":"https:\/\/estadocomarte.pt\/site\/"},{"@type":"ListItem","position":2,"name":"Grupo de Teatro \u00c0Priori. &#8220;Deixar que a arte potencialize um mundo melhor&#8221;"}]},{"@type":"WebSite","@id":"https:\/\/estadocomarte.pt\/site\/#website","url":"https:\/\/estadocomarte.pt\/site\/","name":"Estado com Arte Magazine","description":"Magazine","publisher":{"@id":"https:\/\/estadocomarte.pt\/site\/#organization"},"alternateName":"Magazine semanal sobre pol\u00edtica e cultura, com autores, opini\u00e3o e cr\u00edticas.","potentialAction":[{"@type":"SearchAction","target":{"@type":"EntryPoint","urlTemplate":"https:\/\/estadocomarte.pt\/site\/?s={search_term_string}"},"query-input":{"@type":"PropertyValueSpecification","valueRequired":true,"valueName":"search_term_string"}}],"inLanguage":"pt-PT"},{"@type":"Organization","@id":"https:\/\/estadocomarte.pt\/site\/#organization","name":"Estado com Arte Magazine","alternateName":"Magazine semanal sobre pol\u00edtica e cultura, com autores, opini\u00e3o e cr\u00edticas.","url":"https:\/\/estadocomarte.pt\/site\/","logo":{"@type":"ImageObject","inLanguage":"pt-PT","@id":"https:\/\/estadocomarte.pt\/site\/#\/schema\/logo\/image\/","url":"https:\/\/estadocomarte.pt\/site\/wp-content\/uploads\/2023\/06\/cropped-cropped-Prancheta-2@2x-100.jpg","contentUrl":"https:\/\/estadocomarte.pt\/site\/wp-content\/uploads\/2023\/06\/cropped-cropped-Prancheta-2@2x-100.jpg","width":1777,"height":592,"caption":"Estado com Arte Magazine"},"image":{"@id":"https:\/\/estadocomarte.pt\/site\/#\/schema\/logo\/image\/"},"sameAs":["https:\/\/www.instagram.com\/estadocomartemagazine"]},{"@type":"Person","@id":"https:\/\/estadocomarte.pt\/site\/#\/schema\/person\/c0943a071216c1e5b21f85304151e4ba","name":"admin","image":{"@type":"ImageObject","inLanguage":"pt-PT","@id":"https:\/\/estadocomarte.pt\/site\/#\/schema\/person\/image\/","url":"https:\/\/secure.gravatar.com\/avatar\/e6f378fd6914c8505d3e1d40f51fa953b21bab0f3a5658a33bc84cb5bda780f9?s=96&d=mm&r=g","contentUrl":"https:\/\/secure.gravatar.com\/avatar\/e6f378fd6914c8505d3e1d40f51fa953b21bab0f3a5658a33bc84cb5bda780f9?s=96&d=mm&r=g","caption":"admin"},"sameAs":["https:\/\/estadocomarte.pt\/site"],"url":"https:\/\/estadocomarte.pt\/site\/author\/admin\/"}]}},"_links":{"self":[{"href":"https:\/\/estadocomarte.pt\/site\/wp-json\/wp\/v2\/posts\/11527","targetHints":{"allow":["GET"]}}],"collection":[{"href":"https:\/\/estadocomarte.pt\/site\/wp-json\/wp\/v2\/posts"}],"about":[{"href":"https:\/\/estadocomarte.pt\/site\/wp-json\/wp\/v2\/types\/post"}],"author":[{"embeddable":true,"href":"https:\/\/estadocomarte.pt\/site\/wp-json\/wp\/v2\/users\/1"}],"replies":[{"embeddable":true,"href":"https:\/\/estadocomarte.pt\/site\/wp-json\/wp\/v2\/comments?post=11527"}],"version-history":[{"count":5,"href":"https:\/\/estadocomarte.pt\/site\/wp-json\/wp\/v2\/posts\/11527\/revisions"}],"predecessor-version":[{"id":11550,"href":"https:\/\/estadocomarte.pt\/site\/wp-json\/wp\/v2\/posts\/11527\/revisions\/11550"}],"wp:featuredmedia":[{"embeddable":true,"href":"https:\/\/estadocomarte.pt\/site\/wp-json\/wp\/v2\/media\/11530"}],"wp:attachment":[{"href":"https:\/\/estadocomarte.pt\/site\/wp-json\/wp\/v2\/media?parent=11527"}],"wp:term":[{"taxonomy":"category","embeddable":true,"href":"https:\/\/estadocomarte.pt\/site\/wp-json\/wp\/v2\/categories?post=11527"},{"taxonomy":"post_tag","embeddable":true,"href":"https:\/\/estadocomarte.pt\/site\/wp-json\/wp\/v2\/tags?post=11527"}],"curies":[{"name":"wp","href":"https:\/\/api.w.org\/{rel}","templated":true}]}}