{"id":11532,"date":"2025-11-29T15:52:02","date_gmt":"2025-11-29T15:52:02","guid":{"rendered":"https:\/\/estadocomarte.pt\/site\/?p=11532"},"modified":"2025-11-29T15:53:50","modified_gmt":"2025-11-29T15:53:50","slug":"cultura-e-humanismo-o-que-ha-de-bom-na-vida","status":"publish","type":"post","link":"https:\/\/estadocomarte.pt\/site\/2025\/11\/29\/cultura-e-humanismo-o-que-ha-de-bom-na-vida\/","title":{"rendered":"CULTURA E HUMANISMO. \u201cO QUE H\u00c1 DE BOM NA VIDA\u201d"},"content":{"rendered":"<p><strong>CULTURA E HUMANISMO, de Juan Luis Lorda, com a chancela da editora Encontro da Escrita, nesta segunda edi\u00e7\u00e3o recentemente lan\u00e7ada, \u00e9 uma leitura que nos envolve, acaricia e nos conduz ao imenso tesouro do cultivo do nosso esp\u00edrito, sabendo que esta atitude n\u00e3o \u00e9 somente um bem pessoal, mas um servi\u00e7o que prestamos \u00e0 sociedade.<\/strong><\/p>\n<p>\u00abO interior de qualquer homem \u00e9 um espa\u00e7o de dimens\u00f5es insond\u00e1veis. \u201cN\u00e3o haveria nos nossos dicion\u00e1rios palavras suficientes para exprimir aquilo que acontece durante um dia no esp\u00edrito do homem\u201d.<br \/>\nMas n\u00e3o \u00e9 poss\u00edvel abarc\u00e1-lo. N\u00e3o s\u00f3 porque acontecem muitas coisas, mas tamb\u00e9m porque, em grande parte, o nosso interior nos \u00e9 t\u00e3o desconhecido como uma floresta inexplorada\u00bb. Este espa\u00e7o \u00e9 a nossa mente. O mundo do esp\u00edrito tem um vocabul\u00e1rio espec\u00edfico e tamb\u00e9m leis pr\u00f3prias e distintas das da mat\u00e9ria. E o objectivo do livro <strong>CULTURA E HUMANISMO, <\/strong>de Juan Luis Lorda \u00e9 ajudar a cultivar o esp\u00edrito, cultivar a alma.<\/p>\n<p>A maturidade humana \u00e9 fruto de um longo processo que afeta todos os estratos da personalidade. A nossa vida espiritual cresce com mais lentid\u00e3o do que a vida biol\u00f3gica, o esp\u00edrito humano precisa de ser despertado da sua letargia. Temos capacidade para pensar, mas necessitamos de um alimento especial que desperte o nosso esp\u00edrito, o eduque e o alimente.<\/p>\n<p>\u00abAo logo da hist\u00f3ria, n\u00f3s, os seres humanos, acumul\u00e1mos a experi\u00eancia que nos serve para viver de modo humano. Esse dep\u00f3sito, fundamentalmente imaterial, \u00e9 a \u201ccultura\u201d. \u00c9 importante clarificar o termo, porque sem uma ideia medianamente clara do que \u00e9 a cultura \u2013 ou seja, o cultivo do homem \u2013 n\u00e3o h\u00e1 educa\u00e7\u00e3o\u00bb.<\/p>\n<p>Parece ter-se perdido o valor humanizador e pessoal da cultura.<br \/>\n\u201cO esquecimento e at\u00e9 mesmo a rejei\u00e7\u00e3o da sabedoria foi t\u00e3o longe que a grande maioria dos nossos intelectuais n\u00e3o t\u00eam sequer uma ideia vaga do significado desta palavra. Por isso \u00e9 t\u00e3o importante manter vivo e sentido humanizador e pessoal da cultura. \u201cHumanismo \u00e9 isso\u201d. Os que criaram a l\u00edngua latina usaram adequadamente a palavra \u201chumanidade\u201d (\u2026) para dizer o mesmo que os gregos chamam \u201cpaideia\u201d, e n\u00f3s erudi\u00e7\u00e3o ou educa\u00e7\u00e3o nas boas artes, nessas que sinceramente desejam e comprazem os que s\u00e3o sobremaneira humanos. \u00c9 exatamente o que nos interessa. A cultura, no sentido humanista, comp\u00f5e-se de todos os saberes te\u00f3ricos e pr\u00e1ticos que permitem ao homem humanizar-se e viver dignamente como um ser humano. Ser homem implica aprendizagem; n\u00e3o \u00e9 fruto de uma casualidade: o corpo cresce, mas o esp\u00edrito cultiva-se:\u201d n\u00e3o se nasce feito; a pessoa vai-se aperfei\u00e7oando cada dia, \u00e0 for\u00e7a de praticar as artes humanas\u201d, estas s\u00e3o como que a musculatura da alma. Nela se joga a qualidade das pessoas humanas; nela se joga a sua rela\u00e7\u00e3o com a verdade, a beleza, o bem, a justi\u00e7a e o amor.\u00bb<\/p>\n<p>&#8220;CULTURA E HUMANISMO&#8221;, de Juan Luis Lorda, com a chancela da editora <strong>Encontro da Escrita<\/strong>, nesta segunda edi\u00e7\u00e3o recentemente lan\u00e7ada, \u00e9 uma leitura que nos envolve, acaricia e nos conduz ao imenso tesouro do cultivo do nosso esp\u00edrito, sabendo que esta atitude n\u00e3o \u00e9 somente um bem pessoal, mas um servi\u00e7o que prestamos \u00e0 sociedade, ao todo em que estamos inseridos, pois nenhum de n\u00f3s \u00e9 uma ilha isolada, mas vivemos, crescemos e nos movemos numa atmosfera complexa de interdepend\u00eancia, de partilha e de ajuda na constru\u00e7\u00e3o dum bem comum equilibrado, harmonioso e cada dia mais humano no sentido integral e amplo do termo.<\/p>\n<p>&nbsp;<\/p>\n","protected":false},"excerpt":{"rendered":"<p>Susana Mexia,<br \/>\nProfessora de Filosofia<\/p>\n","protected":false},"author":1,"featured_media":11533,"comment_status":"open","ping_status":"open","sticky":false,"template":"","format":"standard","meta":{"site-sidebar-layout":"default","site-content-layout":"default","ast-global-header-display":"","ast-banner-title-visibility":"","ast-main-header-display":"","ast-hfb-above-header-display":"","ast-hfb-below-header-display":"","ast-hfb-mobile-header-display":"","site-post-title":"","ast-breadcrumbs-content":"","ast-featured-img":"","footer-sml-layout":"","theme-transparent-header-meta":"default","adv-header-id-meta":"","stick-header-meta":"","header-above-stick-meta":"","header-main-stick-meta":"","header-below-stick-meta":"","footnotes":""},"categories":[7,64],"tags":[452],"class_list":["post-11532","post","type-post","status-publish","format-standard","has-post-thumbnail","hentry","category-cultura","category-isto-para-nos","tag-susana-mexia"],"yoast_head":"<!-- This site is optimized with the Yoast SEO plugin v25.1 - https:\/\/yoast.com\/wordpress\/plugins\/seo\/ -->\n<title>CULTURA E HUMANISMO. \u201cO QUE H\u00c1 DE BOM NA VIDA\u201d - Estado com Arte<\/title>\n<meta name=\"robots\" content=\"index, follow, max-snippet:-1, max-image-preview:large, max-video-preview:-1\" \/>\n<link rel=\"canonical\" href=\"https:\/\/estadocomarte.pt\/site\/2025\/11\/29\/cultura-e-humanismo-o-que-ha-de-bom-na-vida\/\" \/>\n<meta property=\"og:locale\" content=\"pt_PT\" \/>\n<meta property=\"og:type\" content=\"article\" \/>\n<meta property=\"og:title\" content=\"CULTURA E HUMANISMO. \u201cO QUE H\u00c1 DE BOM NA VIDA\u201d - Estado com Arte\" \/>\n<meta property=\"og:description\" content=\"Susana Mexia, Professora de Filosofia\" \/>\n<meta property=\"og:url\" content=\"https:\/\/estadocomarte.pt\/site\/2025\/11\/29\/cultura-e-humanismo-o-que-ha-de-bom-na-vida\/\" \/>\n<meta property=\"og:site_name\" content=\"Estado com Arte\" \/>\n<meta property=\"article:published_time\" content=\"2025-11-29T15:52:02+00:00\" \/>\n<meta property=\"article:modified_time\" content=\"2025-11-29T15:53:50+00:00\" \/>\n<meta property=\"og:image\" content=\"https:\/\/estadocomarte.pt\/site\/wp-content\/uploads\/2023\/07\/cropped-Captura-de-ecra-2023-07-28-as-15.44.44.png\" \/>\n\t<meta property=\"og:image:width\" content=\"512\" \/>\n\t<meta property=\"og:image:height\" content=\"512\" \/>\n\t<meta property=\"og:image:type\" content=\"image\/png\" \/>\n<meta name=\"author\" content=\"admin\" \/>\n<meta name=\"twitter:card\" content=\"summary_large_image\" \/>\n<meta name=\"twitter:label1\" content=\"Escrito por\" \/>\n\t<meta name=\"twitter:data1\" content=\"admin\" \/>\n\t<meta name=\"twitter:label2\" content=\"Tempo estimado de leitura\" \/>\n\t<meta name=\"twitter:data2\" content=\"4 minutos\" \/>\n<script type=\"application\/ld+json\" class=\"yoast-schema-graph\">{\"@context\":\"https:\/\/schema.org\",\"@graph\":[{\"@type\":\"Article\",\"@id\":\"https:\/\/estadocomarte.pt\/site\/2025\/11\/29\/cultura-e-humanismo-o-que-ha-de-bom-na-vida\/#article\",\"isPartOf\":{\"@id\":\"https:\/\/estadocomarte.pt\/site\/2025\/11\/29\/cultura-e-humanismo-o-que-ha-de-bom-na-vida\/\"},\"author\":{\"name\":\"admin\",\"@id\":\"https:\/\/estadocomarte.pt\/site\/#\/schema\/person\/c0943a071216c1e5b21f85304151e4ba\"},\"headline\":\"CULTURA E HUMANISMO. \u201cO QUE H\u00c1 DE BOM NA VIDA\u201d\",\"datePublished\":\"2025-11-29T15:52:02+00:00\",\"dateModified\":\"2025-11-29T15:53:50+00:00\",\"mainEntityOfPage\":{\"@id\":\"https:\/\/estadocomarte.pt\/site\/2025\/11\/29\/cultura-e-humanismo-o-que-ha-de-bom-na-vida\/\"},\"wordCount\":620,\"commentCount\":0,\"publisher\":{\"@id\":\"https:\/\/estadocomarte.pt\/site\/#organization\"},\"image\":{\"@id\":\"https:\/\/estadocomarte.pt\/site\/2025\/11\/29\/cultura-e-humanismo-o-que-ha-de-bom-na-vida\/#primaryimage\"},\"thumbnailUrl\":\"https:\/\/estadocomarte.pt\/site\/wp-content\/uploads\/2025\/11\/6_Cultura_humanismo-1.avif\",\"keywords\":[\"susana mexia\"],\"articleSection\":[\"Cultura\",\"Isto Para N\u00f3s\"],\"inLanguage\":\"pt-PT\",\"potentialAction\":[{\"@type\":\"CommentAction\",\"name\":\"Comment\",\"target\":[\"https:\/\/estadocomarte.pt\/site\/2025\/11\/29\/cultura-e-humanismo-o-que-ha-de-bom-na-vida\/#respond\"]}]},{\"@type\":\"WebPage\",\"@id\":\"https:\/\/estadocomarte.pt\/site\/2025\/11\/29\/cultura-e-humanismo-o-que-ha-de-bom-na-vida\/\",\"url\":\"https:\/\/estadocomarte.pt\/site\/2025\/11\/29\/cultura-e-humanismo-o-que-ha-de-bom-na-vida\/\",\"name\":\"CULTURA E HUMANISMO. \u201cO QUE H\u00c1 DE BOM NA VIDA\u201d - Estado com Arte\",\"isPartOf\":{\"@id\":\"https:\/\/estadocomarte.pt\/site\/#website\"},\"primaryImageOfPage\":{\"@id\":\"https:\/\/estadocomarte.pt\/site\/2025\/11\/29\/cultura-e-humanismo-o-que-ha-de-bom-na-vida\/#primaryimage\"},\"image\":{\"@id\":\"https:\/\/estadocomarte.pt\/site\/2025\/11\/29\/cultura-e-humanismo-o-que-ha-de-bom-na-vida\/#primaryimage\"},\"thumbnailUrl\":\"https:\/\/estadocomarte.pt\/site\/wp-content\/uploads\/2025\/11\/6_Cultura_humanismo-1.avif\",\"datePublished\":\"2025-11-29T15:52:02+00:00\",\"dateModified\":\"2025-11-29T15:53:50+00:00\",\"breadcrumb\":{\"@id\":\"https:\/\/estadocomarte.pt\/site\/2025\/11\/29\/cultura-e-humanismo-o-que-ha-de-bom-na-vida\/#breadcrumb\"},\"inLanguage\":\"pt-PT\",\"potentialAction\":[{\"@type\":\"ReadAction\",\"target\":[\"https:\/\/estadocomarte.pt\/site\/2025\/11\/29\/cultura-e-humanismo-o-que-ha-de-bom-na-vida\/\"]}]},{\"@type\":\"ImageObject\",\"inLanguage\":\"pt-PT\",\"@id\":\"https:\/\/estadocomarte.pt\/site\/2025\/11\/29\/cultura-e-humanismo-o-que-ha-de-bom-na-vida\/#primaryimage\",\"url\":\"https:\/\/estadocomarte.pt\/site\/wp-content\/uploads\/2025\/11\/6_Cultura_humanismo-1.avif\",\"contentUrl\":\"https:\/\/estadocomarte.pt\/site\/wp-content\/uploads\/2025\/11\/6_Cultura_humanismo-1.avif\",\"width\":234,\"height\":367},{\"@type\":\"BreadcrumbList\",\"@id\":\"https:\/\/estadocomarte.pt\/site\/2025\/11\/29\/cultura-e-humanismo-o-que-ha-de-bom-na-vida\/#breadcrumb\",\"itemListElement\":[{\"@type\":\"ListItem\",\"position\":1,\"name\":\"In\u00edcio\",\"item\":\"https:\/\/estadocomarte.pt\/site\/\"},{\"@type\":\"ListItem\",\"position\":2,\"name\":\"CULTURA E HUMANISMO. \u201cO QUE H\u00c1 DE BOM NA VIDA\u201d\"}]},{\"@type\":\"WebSite\",\"@id\":\"https:\/\/estadocomarte.pt\/site\/#website\",\"url\":\"https:\/\/estadocomarte.pt\/site\/\",\"name\":\"Estado com Arte Magazine\",\"description\":\"Magazine\",\"publisher\":{\"@id\":\"https:\/\/estadocomarte.pt\/site\/#organization\"},\"alternateName\":\"Magazine semanal sobre pol\u00edtica e cultura, com autores, opini\u00e3o e cr\u00edticas.\",\"potentialAction\":[{\"@type\":\"SearchAction\",\"target\":{\"@type\":\"EntryPoint\",\"urlTemplate\":\"https:\/\/estadocomarte.pt\/site\/?s={search_term_string}\"},\"query-input\":{\"@type\":\"PropertyValueSpecification\",\"valueRequired\":true,\"valueName\":\"search_term_string\"}}],\"inLanguage\":\"pt-PT\"},{\"@type\":\"Organization\",\"@id\":\"https:\/\/estadocomarte.pt\/site\/#organization\",\"name\":\"Estado com Arte Magazine\",\"alternateName\":\"Magazine semanal sobre pol\u00edtica e cultura, com autores, opini\u00e3o e cr\u00edticas.\",\"url\":\"https:\/\/estadocomarte.pt\/site\/\",\"logo\":{\"@type\":\"ImageObject\",\"inLanguage\":\"pt-PT\",\"@id\":\"https:\/\/estadocomarte.pt\/site\/#\/schema\/logo\/image\/\",\"url\":\"https:\/\/estadocomarte.pt\/site\/wp-content\/uploads\/2023\/06\/cropped-cropped-Prancheta-2@2x-100.jpg\",\"contentUrl\":\"https:\/\/estadocomarte.pt\/site\/wp-content\/uploads\/2023\/06\/cropped-cropped-Prancheta-2@2x-100.jpg\",\"width\":1777,\"height\":592,\"caption\":\"Estado com Arte Magazine\"},\"image\":{\"@id\":\"https:\/\/estadocomarte.pt\/site\/#\/schema\/logo\/image\/\"},\"sameAs\":[\"https:\/\/www.instagram.com\/estadocomartemagazine\"]},{\"@type\":\"Person\",\"@id\":\"https:\/\/estadocomarte.pt\/site\/#\/schema\/person\/c0943a071216c1e5b21f85304151e4ba\",\"name\":\"admin\",\"image\":{\"@type\":\"ImageObject\",\"inLanguage\":\"pt-PT\",\"@id\":\"https:\/\/estadocomarte.pt\/site\/#\/schema\/person\/image\/\",\"url\":\"https:\/\/secure.gravatar.com\/avatar\/e6f378fd6914c8505d3e1d40f51fa953b21bab0f3a5658a33bc84cb5bda780f9?s=96&d=mm&r=g\",\"contentUrl\":\"https:\/\/secure.gravatar.com\/avatar\/e6f378fd6914c8505d3e1d40f51fa953b21bab0f3a5658a33bc84cb5bda780f9?s=96&d=mm&r=g\",\"caption\":\"admin\"},\"sameAs\":[\"https:\/\/estadocomarte.pt\/site\"],\"url\":\"https:\/\/estadocomarte.pt\/site\/author\/admin\/\"}]}<\/script>\n<!-- \/ Yoast SEO plugin. -->","yoast_head_json":{"title":"CULTURA E HUMANISMO. \u201cO QUE H\u00c1 DE BOM NA VIDA\u201d - Estado com Arte","robots":{"index":"index","follow":"follow","max-snippet":"max-snippet:-1","max-image-preview":"max-image-preview:large","max-video-preview":"max-video-preview:-1"},"canonical":"https:\/\/estadocomarte.pt\/site\/2025\/11\/29\/cultura-e-humanismo-o-que-ha-de-bom-na-vida\/","og_locale":"pt_PT","og_type":"article","og_title":"CULTURA E HUMANISMO. \u201cO QUE H\u00c1 DE BOM NA VIDA\u201d - Estado com Arte","og_description":"Susana Mexia, Professora de Filosofia","og_url":"https:\/\/estadocomarte.pt\/site\/2025\/11\/29\/cultura-e-humanismo-o-que-ha-de-bom-na-vida\/","og_site_name":"Estado com Arte","article_published_time":"2025-11-29T15:52:02+00:00","article_modified_time":"2025-11-29T15:53:50+00:00","og_image":[{"width":512,"height":512,"url":"https:\/\/estadocomarte.pt\/site\/wp-content\/uploads\/2023\/07\/cropped-Captura-de-ecra-2023-07-28-as-15.44.44.png","type":"image\/png"}],"author":"admin","twitter_card":"summary_large_image","twitter_misc":{"Escrito por":"admin","Tempo estimado de leitura":"4 minutos"},"schema":{"@context":"https:\/\/schema.org","@graph":[{"@type":"Article","@id":"https:\/\/estadocomarte.pt\/site\/2025\/11\/29\/cultura-e-humanismo-o-que-ha-de-bom-na-vida\/#article","isPartOf":{"@id":"https:\/\/estadocomarte.pt\/site\/2025\/11\/29\/cultura-e-humanismo-o-que-ha-de-bom-na-vida\/"},"author":{"name":"admin","@id":"https:\/\/estadocomarte.pt\/site\/#\/schema\/person\/c0943a071216c1e5b21f85304151e4ba"},"headline":"CULTURA E HUMANISMO. \u201cO QUE H\u00c1 DE BOM NA VIDA\u201d","datePublished":"2025-11-29T15:52:02+00:00","dateModified":"2025-11-29T15:53:50+00:00","mainEntityOfPage":{"@id":"https:\/\/estadocomarte.pt\/site\/2025\/11\/29\/cultura-e-humanismo-o-que-ha-de-bom-na-vida\/"},"wordCount":620,"commentCount":0,"publisher":{"@id":"https:\/\/estadocomarte.pt\/site\/#organization"},"image":{"@id":"https:\/\/estadocomarte.pt\/site\/2025\/11\/29\/cultura-e-humanismo-o-que-ha-de-bom-na-vida\/#primaryimage"},"thumbnailUrl":"https:\/\/estadocomarte.pt\/site\/wp-content\/uploads\/2025\/11\/6_Cultura_humanismo-1.avif","keywords":["susana mexia"],"articleSection":["Cultura","Isto Para N\u00f3s"],"inLanguage":"pt-PT","potentialAction":[{"@type":"CommentAction","name":"Comment","target":["https:\/\/estadocomarte.pt\/site\/2025\/11\/29\/cultura-e-humanismo-o-que-ha-de-bom-na-vida\/#respond"]}]},{"@type":"WebPage","@id":"https:\/\/estadocomarte.pt\/site\/2025\/11\/29\/cultura-e-humanismo-o-que-ha-de-bom-na-vida\/","url":"https:\/\/estadocomarte.pt\/site\/2025\/11\/29\/cultura-e-humanismo-o-que-ha-de-bom-na-vida\/","name":"CULTURA E HUMANISMO. \u201cO QUE H\u00c1 DE BOM NA VIDA\u201d - Estado com Arte","isPartOf":{"@id":"https:\/\/estadocomarte.pt\/site\/#website"},"primaryImageOfPage":{"@id":"https:\/\/estadocomarte.pt\/site\/2025\/11\/29\/cultura-e-humanismo-o-que-ha-de-bom-na-vida\/#primaryimage"},"image":{"@id":"https:\/\/estadocomarte.pt\/site\/2025\/11\/29\/cultura-e-humanismo-o-que-ha-de-bom-na-vida\/#primaryimage"},"thumbnailUrl":"https:\/\/estadocomarte.pt\/site\/wp-content\/uploads\/2025\/11\/6_Cultura_humanismo-1.avif","datePublished":"2025-11-29T15:52:02+00:00","dateModified":"2025-11-29T15:53:50+00:00","breadcrumb":{"@id":"https:\/\/estadocomarte.pt\/site\/2025\/11\/29\/cultura-e-humanismo-o-que-ha-de-bom-na-vida\/#breadcrumb"},"inLanguage":"pt-PT","potentialAction":[{"@type":"ReadAction","target":["https:\/\/estadocomarte.pt\/site\/2025\/11\/29\/cultura-e-humanismo-o-que-ha-de-bom-na-vida\/"]}]},{"@type":"ImageObject","inLanguage":"pt-PT","@id":"https:\/\/estadocomarte.pt\/site\/2025\/11\/29\/cultura-e-humanismo-o-que-ha-de-bom-na-vida\/#primaryimage","url":"https:\/\/estadocomarte.pt\/site\/wp-content\/uploads\/2025\/11\/6_Cultura_humanismo-1.avif","contentUrl":"https:\/\/estadocomarte.pt\/site\/wp-content\/uploads\/2025\/11\/6_Cultura_humanismo-1.avif","width":234,"height":367},{"@type":"BreadcrumbList","@id":"https:\/\/estadocomarte.pt\/site\/2025\/11\/29\/cultura-e-humanismo-o-que-ha-de-bom-na-vida\/#breadcrumb","itemListElement":[{"@type":"ListItem","position":1,"name":"In\u00edcio","item":"https:\/\/estadocomarte.pt\/site\/"},{"@type":"ListItem","position":2,"name":"CULTURA E HUMANISMO. \u201cO QUE H\u00c1 DE BOM NA VIDA\u201d"}]},{"@type":"WebSite","@id":"https:\/\/estadocomarte.pt\/site\/#website","url":"https:\/\/estadocomarte.pt\/site\/","name":"Estado com Arte Magazine","description":"Magazine","publisher":{"@id":"https:\/\/estadocomarte.pt\/site\/#organization"},"alternateName":"Magazine semanal sobre pol\u00edtica e cultura, com autores, opini\u00e3o e cr\u00edticas.","potentialAction":[{"@type":"SearchAction","target":{"@type":"EntryPoint","urlTemplate":"https:\/\/estadocomarte.pt\/site\/?s={search_term_string}"},"query-input":{"@type":"PropertyValueSpecification","valueRequired":true,"valueName":"search_term_string"}}],"inLanguage":"pt-PT"},{"@type":"Organization","@id":"https:\/\/estadocomarte.pt\/site\/#organization","name":"Estado com Arte Magazine","alternateName":"Magazine semanal sobre pol\u00edtica e cultura, com autores, opini\u00e3o e cr\u00edticas.","url":"https:\/\/estadocomarte.pt\/site\/","logo":{"@type":"ImageObject","inLanguage":"pt-PT","@id":"https:\/\/estadocomarte.pt\/site\/#\/schema\/logo\/image\/","url":"https:\/\/estadocomarte.pt\/site\/wp-content\/uploads\/2023\/06\/cropped-cropped-Prancheta-2@2x-100.jpg","contentUrl":"https:\/\/estadocomarte.pt\/site\/wp-content\/uploads\/2023\/06\/cropped-cropped-Prancheta-2@2x-100.jpg","width":1777,"height":592,"caption":"Estado com Arte Magazine"},"image":{"@id":"https:\/\/estadocomarte.pt\/site\/#\/schema\/logo\/image\/"},"sameAs":["https:\/\/www.instagram.com\/estadocomartemagazine"]},{"@type":"Person","@id":"https:\/\/estadocomarte.pt\/site\/#\/schema\/person\/c0943a071216c1e5b21f85304151e4ba","name":"admin","image":{"@type":"ImageObject","inLanguage":"pt-PT","@id":"https:\/\/estadocomarte.pt\/site\/#\/schema\/person\/image\/","url":"https:\/\/secure.gravatar.com\/avatar\/e6f378fd6914c8505d3e1d40f51fa953b21bab0f3a5658a33bc84cb5bda780f9?s=96&d=mm&r=g","contentUrl":"https:\/\/secure.gravatar.com\/avatar\/e6f378fd6914c8505d3e1d40f51fa953b21bab0f3a5658a33bc84cb5bda780f9?s=96&d=mm&r=g","caption":"admin"},"sameAs":["https:\/\/estadocomarte.pt\/site"],"url":"https:\/\/estadocomarte.pt\/site\/author\/admin\/"}]}},"_links":{"self":[{"href":"https:\/\/estadocomarte.pt\/site\/wp-json\/wp\/v2\/posts\/11532","targetHints":{"allow":["GET"]}}],"collection":[{"href":"https:\/\/estadocomarte.pt\/site\/wp-json\/wp\/v2\/posts"}],"about":[{"href":"https:\/\/estadocomarte.pt\/site\/wp-json\/wp\/v2\/types\/post"}],"author":[{"embeddable":true,"href":"https:\/\/estadocomarte.pt\/site\/wp-json\/wp\/v2\/users\/1"}],"replies":[{"embeddable":true,"href":"https:\/\/estadocomarte.pt\/site\/wp-json\/wp\/v2\/comments?post=11532"}],"version-history":[{"count":3,"href":"https:\/\/estadocomarte.pt\/site\/wp-json\/wp\/v2\/posts\/11532\/revisions"}],"predecessor-version":[{"id":11536,"href":"https:\/\/estadocomarte.pt\/site\/wp-json\/wp\/v2\/posts\/11532\/revisions\/11536"}],"wp:featuredmedia":[{"embeddable":true,"href":"https:\/\/estadocomarte.pt\/site\/wp-json\/wp\/v2\/media\/11533"}],"wp:attachment":[{"href":"https:\/\/estadocomarte.pt\/site\/wp-json\/wp\/v2\/media?parent=11532"}],"wp:term":[{"taxonomy":"category","embeddable":true,"href":"https:\/\/estadocomarte.pt\/site\/wp-json\/wp\/v2\/categories?post=11532"},{"taxonomy":"post_tag","embeddable":true,"href":"https:\/\/estadocomarte.pt\/site\/wp-json\/wp\/v2\/tags?post=11532"}],"curies":[{"name":"wp","href":"https:\/\/api.w.org\/{rel}","templated":true}]}}