{"id":11548,"date":"2025-11-29T19:18:13","date_gmt":"2025-11-29T19:18:13","guid":{"rendered":"https:\/\/estadocomarte.pt\/site\/?p=11548"},"modified":"2025-11-29T19:29:31","modified_gmt":"2025-11-29T19:29:31","slug":"sexteto-de-mario-laginha-traz-digressao-dos-40-anos-aos-dias-do-jazz-no-centro-cultural-caldas-da-rainha","status":"publish","type":"post","link":"https:\/\/estadocomarte.pt\/site\/2025\/11\/29\/sexteto-de-mario-laginha-traz-digressao-dos-40-anos-aos-dias-do-jazz-no-centro-cultural-caldas-da-rainha\/","title":{"rendered":"Sexteto de M\u00e1rio Laginha traz digress\u00e3o dos 40 anos aos Dias do Jazz no Centro Cultural Caldas da Rainha"},"content":{"rendered":"<p><strong>M\u00e1rio Laginha e o Sexteto De Jazz de Lisboa marcaram presen\u00e7a nos Dias de Jazz, a 7 novembro, no Grande Audit\u00f3rio do CCC, num grande concerto da banda de jazz para celebrar os 40 anos do Sexteto, que apresenta uma sonoridade marcadamente contempor\u00e2nea.<\/strong><\/p>\n<p>O Sexteto de Jazz de luxo veio \u00e0 cidade das Caldas da Rainha comemorar os 4o anos da banda: M\u00e1rio Laginha, no piano; M\u00e1rio Barreiros na bateria; Tom\u00e1s Pimentel no Trompete; Edgar Caramelo e Ricardo Toscano no Saxofone e Francisco Brito no Contrabaixo.<\/p>\n<p>Uma noite de homenagem \u00e0 hist\u00f3ria viva do jazz em Portugal. Naquele que foi o segundo concerto da digress\u00e3o comemorativa dos 40 anos do mais antigo ensemble de jazz portugu\u00eas em actividade.<\/p>\n<p>O Sexteto De Jazz de Lisboa (SJL) nasceu em 1984, com uma forma\u00e7\u00e3o inicial e que faziam parte Tom\u00e1s Pimentel, M\u00e1rio Laginha, Edgar Caramelo, Carlos Martins, David Gausden e Carlos Vieira, afirmam-se como um dos mais not\u00e1veis grupos de Jazz portugueses e percursor na cena jazz\u00edstica nacional.<\/p>\n<figure id=\"attachment_11552\" aria-describedby=\"caption-attachment-11552\" style=\"width: 300px\" class=\"wp-caption alignnone\"><img fetchpriority=\"high\" decoding=\"async\" class=\"wp-image-11552 size-medium\" src=\"https:\/\/estadocomarte.pt\/site\/wp-content\/uploads\/2025\/11\/lagina-no-CCC-300x169.jpg\" alt=\"\" width=\"300\" height=\"169\" srcset=\"https:\/\/estadocomarte.pt\/site\/wp-content\/uploads\/2025\/11\/lagina-no-CCC-300x169.jpg 300w, https:\/\/estadocomarte.pt\/site\/wp-content\/uploads\/2025\/11\/lagina-no-CCC-1024x576.jpg 1024w, https:\/\/estadocomarte.pt\/site\/wp-content\/uploads\/2025\/11\/lagina-no-CCC-768x432.jpg 768w, https:\/\/estadocomarte.pt\/site\/wp-content\/uploads\/2025\/11\/lagina-no-CCC-1536x864.jpg 1536w, https:\/\/estadocomarte.pt\/site\/wp-content\/uploads\/2025\/11\/lagina-no-CCC.jpg 1600w\" sizes=\"(max-width: 300px) 100vw, 300px\" \/><figcaption id=\"caption-attachment-11552\" class=\"wp-caption-text\">Sexteto de Jazz de Lisboa em final de concerto a comemorar os 40 anos no CCC<\/figcaption><\/figure>\n<div class=\"ast-oembed-container\" style=\"height: 100%;\"><iframe title=\"Digress\u00e3o Nacional SEXTETO DE JAZZ DE LISBOA, 40 anos - 2025-2026\" width=\"500\" height=\"281\" src=\"https:\/\/www.youtube.com\/embed\/m-8N7a-e1R0?feature=oembed\" frameborder=\"0\" allow=\"accelerometer; autoplay; clipboard-write; encrypted-media; gyroscope; picture-in-picture; web-share\" referrerpolicy=\"strict-origin-when-cross-origin\" allowfullscreen><\/iframe><\/div>\n<p>Ao longo dos anos sofreu algumas transforma\u00e7\u00f5es, mas sempre\u00a0 com alguns nomes do jazz em Portugal.<\/p>\n<figure id=\"attachment_11553\" aria-describedby=\"caption-attachment-11553\" style=\"width: 300px\" class=\"wp-caption alignnone\"><img decoding=\"async\" class=\"wp-image-11553 size-medium\" src=\"https:\/\/estadocomarte.pt\/site\/wp-content\/uploads\/2025\/11\/laginha-no-CCC-300x225.jpg\" alt=\"\" width=\"300\" height=\"225\" srcset=\"https:\/\/estadocomarte.pt\/site\/wp-content\/uploads\/2025\/11\/laginha-no-CCC-300x225.jpg 300w, https:\/\/estadocomarte.pt\/site\/wp-content\/uploads\/2025\/11\/laginha-no-CCC-1024x768.jpg 1024w, https:\/\/estadocomarte.pt\/site\/wp-content\/uploads\/2025\/11\/laginha-no-CCC-768x576.jpg 768w, https:\/\/estadocomarte.pt\/site\/wp-content\/uploads\/2025\/11\/laginha-no-CCC-1536x1152.jpg 1536w, https:\/\/estadocomarte.pt\/site\/wp-content\/uploads\/2025\/11\/laginha-no-CCC.jpg 1600w\" sizes=\"(max-width: 300px) 100vw, 300px\" \/><figcaption id=\"caption-attachment-11553\" class=\"wp-caption-text\">M\u00e1rio Laginha e o Sexteto de Lisboa no bar do Centro Cultural das Caldas nos Dias do Jazz, a 7 de novembro<\/figcaption><\/figure>\n<p>Por onde quer que passem apresentam uma sonoridade marcadamente contempor\u00e2nea que encontra uma boa recep\u00e7\u00e3o por parte da cr\u00edtica musical de Jazz e que tem levado Sexteto de Laginha e companhia a alguns dos mais importantes festivais e palcos nacionais.<\/p>\n<p>Uma excelente op\u00e7\u00e3o para ouvir tranquilamente o melhor do Jazz portugu\u00eas, em dias de outono\u00a0 e numa reuni\u00e3o de amigos.<\/p>\n","protected":false},"excerpt":{"rendered":"<p>Marta Roque<\/p>\n","protected":false},"author":1,"featured_media":11551,"comment_status":"open","ping_status":"open","sticky":false,"template":"","format":"standard","meta":{"site-sidebar-layout":"default","site-content-layout":"default","ast-global-header-display":"","ast-banner-title-visibility":"","ast-main-header-display":"","ast-hfb-above-header-display":"","ast-hfb-below-header-display":"","ast-hfb-mobile-header-display":"","site-post-title":"","ast-breadcrumbs-content":"","ast-featured-img":"","footer-sml-layout":"","theme-transparent-header-meta":"default","adv-header-id-meta":"","stick-header-meta":"","header-above-stick-meta":"","header-main-stick-meta":"","header-below-stick-meta":"","footnotes":""},"categories":[7,64],"tags":[],"class_list":["post-11548","post","type-post","status-publish","format-standard","has-post-thumbnail","hentry","category-cultura","category-isto-para-nos"],"yoast_head":"<!-- This site is optimized with the Yoast SEO plugin v25.1 - https:\/\/yoast.com\/wordpress\/plugins\/seo\/ -->\n<title>Sexteto de M\u00e1rio Laginha traz digress\u00e3o dos 40 anos aos Dias do Jazz no Centro Cultural Caldas da Rainha - Estado com Arte<\/title>\n<meta name=\"robots\" content=\"index, follow, max-snippet:-1, max-image-preview:large, max-video-preview:-1\" \/>\n<link rel=\"canonical\" href=\"https:\/\/estadocomarte.pt\/site\/2025\/11\/29\/sexteto-de-mario-laginha-traz-digressao-dos-40-anos-aos-dias-do-jazz-no-centro-cultural-caldas-da-rainha\/\" \/>\n<meta property=\"og:locale\" content=\"pt_PT\" \/>\n<meta property=\"og:type\" content=\"article\" \/>\n<meta property=\"og:title\" content=\"Sexteto de M\u00e1rio Laginha traz digress\u00e3o dos 40 anos aos Dias do Jazz no Centro Cultural Caldas da Rainha - Estado com Arte\" \/>\n<meta property=\"og:description\" content=\"Marta Roque\" \/>\n<meta property=\"og:url\" content=\"https:\/\/estadocomarte.pt\/site\/2025\/11\/29\/sexteto-de-mario-laginha-traz-digressao-dos-40-anos-aos-dias-do-jazz-no-centro-cultural-caldas-da-rainha\/\" \/>\n<meta property=\"og:site_name\" content=\"Estado com Arte\" \/>\n<meta property=\"article:published_time\" content=\"2025-11-29T19:18:13+00:00\" \/>\n<meta property=\"article:modified_time\" content=\"2025-11-29T19:29:31+00:00\" \/>\n<meta property=\"og:image\" content=\"https:\/\/estadocomarte.pt\/site\/wp-content\/uploads\/2025\/11\/Captura-de-ecra_29-11-2025_19720_.jpeg\" \/>\n\t<meta property=\"og:image:width\" content=\"526\" \/>\n\t<meta property=\"og:image:height\" content=\"548\" \/>\n\t<meta property=\"og:image:type\" content=\"image\/jpeg\" \/>\n<meta name=\"author\" content=\"admin\" \/>\n<meta name=\"twitter:card\" content=\"summary_large_image\" \/>\n<meta name=\"twitter:label1\" content=\"Escrito por\" \/>\n\t<meta name=\"twitter:data1\" content=\"admin\" \/>\n\t<meta name=\"twitter:label2\" content=\"Tempo estimado de leitura\" \/>\n\t<meta name=\"twitter:data2\" content=\"3 minutos\" \/>\n<script type=\"application\/ld+json\" class=\"yoast-schema-graph\">{\"@context\":\"https:\/\/schema.org\",\"@graph\":[{\"@type\":\"Article\",\"@id\":\"https:\/\/estadocomarte.pt\/site\/2025\/11\/29\/sexteto-de-mario-laginha-traz-digressao-dos-40-anos-aos-dias-do-jazz-no-centro-cultural-caldas-da-rainha\/#article\",\"isPartOf\":{\"@id\":\"https:\/\/estadocomarte.pt\/site\/2025\/11\/29\/sexteto-de-mario-laginha-traz-digressao-dos-40-anos-aos-dias-do-jazz-no-centro-cultural-caldas-da-rainha\/\"},\"author\":{\"name\":\"admin\",\"@id\":\"https:\/\/estadocomarte.pt\/site\/#\/schema\/person\/c0943a071216c1e5b21f85304151e4ba\"},\"headline\":\"Sexteto de M\u00e1rio Laginha traz digress\u00e3o dos 40 anos aos Dias do Jazz no Centro Cultural Caldas da Rainha\",\"datePublished\":\"2025-11-29T19:18:13+00:00\",\"dateModified\":\"2025-11-29T19:29:31+00:00\",\"mainEntityOfPage\":{\"@id\":\"https:\/\/estadocomarte.pt\/site\/2025\/11\/29\/sexteto-de-mario-laginha-traz-digressao-dos-40-anos-aos-dias-do-jazz-no-centro-cultural-caldas-da-rainha\/\"},\"wordCount\":347,\"commentCount\":0,\"publisher\":{\"@id\":\"https:\/\/estadocomarte.pt\/site\/#organization\"},\"image\":{\"@id\":\"https:\/\/estadocomarte.pt\/site\/2025\/11\/29\/sexteto-de-mario-laginha-traz-digressao-dos-40-anos-aos-dias-do-jazz-no-centro-cultural-caldas-da-rainha\/#primaryimage\"},\"thumbnailUrl\":\"https:\/\/estadocomarte.pt\/site\/wp-content\/uploads\/2025\/11\/Captura-de-ecra_29-11-2025_19720_.jpeg\",\"articleSection\":[\"Cultura\",\"Isto Para N\u00f3s\"],\"inLanguage\":\"pt-PT\",\"potentialAction\":[{\"@type\":\"CommentAction\",\"name\":\"Comment\",\"target\":[\"https:\/\/estadocomarte.pt\/site\/2025\/11\/29\/sexteto-de-mario-laginha-traz-digressao-dos-40-anos-aos-dias-do-jazz-no-centro-cultural-caldas-da-rainha\/#respond\"]}]},{\"@type\":\"WebPage\",\"@id\":\"https:\/\/estadocomarte.pt\/site\/2025\/11\/29\/sexteto-de-mario-laginha-traz-digressao-dos-40-anos-aos-dias-do-jazz-no-centro-cultural-caldas-da-rainha\/\",\"url\":\"https:\/\/estadocomarte.pt\/site\/2025\/11\/29\/sexteto-de-mario-laginha-traz-digressao-dos-40-anos-aos-dias-do-jazz-no-centro-cultural-caldas-da-rainha\/\",\"name\":\"Sexteto de M\u00e1rio Laginha traz digress\u00e3o dos 40 anos aos Dias do Jazz no Centro Cultural Caldas da Rainha - Estado com Arte\",\"isPartOf\":{\"@id\":\"https:\/\/estadocomarte.pt\/site\/#website\"},\"primaryImageOfPage\":{\"@id\":\"https:\/\/estadocomarte.pt\/site\/2025\/11\/29\/sexteto-de-mario-laginha-traz-digressao-dos-40-anos-aos-dias-do-jazz-no-centro-cultural-caldas-da-rainha\/#primaryimage\"},\"image\":{\"@id\":\"https:\/\/estadocomarte.pt\/site\/2025\/11\/29\/sexteto-de-mario-laginha-traz-digressao-dos-40-anos-aos-dias-do-jazz-no-centro-cultural-caldas-da-rainha\/#primaryimage\"},\"thumbnailUrl\":\"https:\/\/estadocomarte.pt\/site\/wp-content\/uploads\/2025\/11\/Captura-de-ecra_29-11-2025_19720_.jpeg\",\"datePublished\":\"2025-11-29T19:18:13+00:00\",\"dateModified\":\"2025-11-29T19:29:31+00:00\",\"breadcrumb\":{\"@id\":\"https:\/\/estadocomarte.pt\/site\/2025\/11\/29\/sexteto-de-mario-laginha-traz-digressao-dos-40-anos-aos-dias-do-jazz-no-centro-cultural-caldas-da-rainha\/#breadcrumb\"},\"inLanguage\":\"pt-PT\",\"potentialAction\":[{\"@type\":\"ReadAction\",\"target\":[\"https:\/\/estadocomarte.pt\/site\/2025\/11\/29\/sexteto-de-mario-laginha-traz-digressao-dos-40-anos-aos-dias-do-jazz-no-centro-cultural-caldas-da-rainha\/\"]}]},{\"@type\":\"ImageObject\",\"inLanguage\":\"pt-PT\",\"@id\":\"https:\/\/estadocomarte.pt\/site\/2025\/11\/29\/sexteto-de-mario-laginha-traz-digressao-dos-40-anos-aos-dias-do-jazz-no-centro-cultural-caldas-da-rainha\/#primaryimage\",\"url\":\"https:\/\/estadocomarte.pt\/site\/wp-content\/uploads\/2025\/11\/Captura-de-ecra_29-11-2025_19720_.jpeg\",\"contentUrl\":\"https:\/\/estadocomarte.pt\/site\/wp-content\/uploads\/2025\/11\/Captura-de-ecra_29-11-2025_19720_.jpeg\",\"width\":526,\"height\":548},{\"@type\":\"BreadcrumbList\",\"@id\":\"https:\/\/estadocomarte.pt\/site\/2025\/11\/29\/sexteto-de-mario-laginha-traz-digressao-dos-40-anos-aos-dias-do-jazz-no-centro-cultural-caldas-da-rainha\/#breadcrumb\",\"itemListElement\":[{\"@type\":\"ListItem\",\"position\":1,\"name\":\"In\u00edcio\",\"item\":\"https:\/\/estadocomarte.pt\/site\/\"},{\"@type\":\"ListItem\",\"position\":2,\"name\":\"Sexteto de M\u00e1rio Laginha traz digress\u00e3o dos 40 anos aos Dias do Jazz no Centro Cultural Caldas da Rainha\"}]},{\"@type\":\"WebSite\",\"@id\":\"https:\/\/estadocomarte.pt\/site\/#website\",\"url\":\"https:\/\/estadocomarte.pt\/site\/\",\"name\":\"Estado com Arte Magazine\",\"description\":\"Magazine\",\"publisher\":{\"@id\":\"https:\/\/estadocomarte.pt\/site\/#organization\"},\"alternateName\":\"Magazine semanal sobre pol\u00edtica e cultura, com autores, opini\u00e3o e cr\u00edticas.\",\"potentialAction\":[{\"@type\":\"SearchAction\",\"target\":{\"@type\":\"EntryPoint\",\"urlTemplate\":\"https:\/\/estadocomarte.pt\/site\/?s={search_term_string}\"},\"query-input\":{\"@type\":\"PropertyValueSpecification\",\"valueRequired\":true,\"valueName\":\"search_term_string\"}}],\"inLanguage\":\"pt-PT\"},{\"@type\":\"Organization\",\"@id\":\"https:\/\/estadocomarte.pt\/site\/#organization\",\"name\":\"Estado com Arte Magazine\",\"alternateName\":\"Magazine semanal sobre pol\u00edtica e cultura, com autores, opini\u00e3o e cr\u00edticas.\",\"url\":\"https:\/\/estadocomarte.pt\/site\/\",\"logo\":{\"@type\":\"ImageObject\",\"inLanguage\":\"pt-PT\",\"@id\":\"https:\/\/estadocomarte.pt\/site\/#\/schema\/logo\/image\/\",\"url\":\"https:\/\/estadocomarte.pt\/site\/wp-content\/uploads\/2023\/06\/cropped-cropped-Prancheta-2@2x-100.jpg\",\"contentUrl\":\"https:\/\/estadocomarte.pt\/site\/wp-content\/uploads\/2023\/06\/cropped-cropped-Prancheta-2@2x-100.jpg\",\"width\":1777,\"height\":592,\"caption\":\"Estado com Arte Magazine\"},\"image\":{\"@id\":\"https:\/\/estadocomarte.pt\/site\/#\/schema\/logo\/image\/\"},\"sameAs\":[\"https:\/\/www.instagram.com\/estadocomartemagazine\"]},{\"@type\":\"Person\",\"@id\":\"https:\/\/estadocomarte.pt\/site\/#\/schema\/person\/c0943a071216c1e5b21f85304151e4ba\",\"name\":\"admin\",\"image\":{\"@type\":\"ImageObject\",\"inLanguage\":\"pt-PT\",\"@id\":\"https:\/\/estadocomarte.pt\/site\/#\/schema\/person\/image\/\",\"url\":\"https:\/\/secure.gravatar.com\/avatar\/e6f378fd6914c8505d3e1d40f51fa953b21bab0f3a5658a33bc84cb5bda780f9?s=96&d=mm&r=g\",\"contentUrl\":\"https:\/\/secure.gravatar.com\/avatar\/e6f378fd6914c8505d3e1d40f51fa953b21bab0f3a5658a33bc84cb5bda780f9?s=96&d=mm&r=g\",\"caption\":\"admin\"},\"sameAs\":[\"https:\/\/estadocomarte.pt\/site\"],\"url\":\"https:\/\/estadocomarte.pt\/site\/author\/admin\/\"}]}<\/script>\n<!-- \/ Yoast SEO plugin. -->","yoast_head_json":{"title":"Sexteto de M\u00e1rio Laginha traz digress\u00e3o dos 40 anos aos Dias do Jazz no Centro Cultural Caldas da Rainha - Estado com Arte","robots":{"index":"index","follow":"follow","max-snippet":"max-snippet:-1","max-image-preview":"max-image-preview:large","max-video-preview":"max-video-preview:-1"},"canonical":"https:\/\/estadocomarte.pt\/site\/2025\/11\/29\/sexteto-de-mario-laginha-traz-digressao-dos-40-anos-aos-dias-do-jazz-no-centro-cultural-caldas-da-rainha\/","og_locale":"pt_PT","og_type":"article","og_title":"Sexteto de M\u00e1rio Laginha traz digress\u00e3o dos 40 anos aos Dias do Jazz no Centro Cultural Caldas da Rainha - Estado com Arte","og_description":"Marta Roque","og_url":"https:\/\/estadocomarte.pt\/site\/2025\/11\/29\/sexteto-de-mario-laginha-traz-digressao-dos-40-anos-aos-dias-do-jazz-no-centro-cultural-caldas-da-rainha\/","og_site_name":"Estado com Arte","article_published_time":"2025-11-29T19:18:13+00:00","article_modified_time":"2025-11-29T19:29:31+00:00","og_image":[{"width":526,"height":548,"url":"https:\/\/estadocomarte.pt\/site\/wp-content\/uploads\/2025\/11\/Captura-de-ecra_29-11-2025_19720_.jpeg","type":"image\/jpeg"}],"author":"admin","twitter_card":"summary_large_image","twitter_misc":{"Escrito por":"admin","Tempo estimado de leitura":"3 minutos"},"schema":{"@context":"https:\/\/schema.org","@graph":[{"@type":"Article","@id":"https:\/\/estadocomarte.pt\/site\/2025\/11\/29\/sexteto-de-mario-laginha-traz-digressao-dos-40-anos-aos-dias-do-jazz-no-centro-cultural-caldas-da-rainha\/#article","isPartOf":{"@id":"https:\/\/estadocomarte.pt\/site\/2025\/11\/29\/sexteto-de-mario-laginha-traz-digressao-dos-40-anos-aos-dias-do-jazz-no-centro-cultural-caldas-da-rainha\/"},"author":{"name":"admin","@id":"https:\/\/estadocomarte.pt\/site\/#\/schema\/person\/c0943a071216c1e5b21f85304151e4ba"},"headline":"Sexteto de M\u00e1rio Laginha traz digress\u00e3o dos 40 anos aos Dias do Jazz no Centro Cultural Caldas da Rainha","datePublished":"2025-11-29T19:18:13+00:00","dateModified":"2025-11-29T19:29:31+00:00","mainEntityOfPage":{"@id":"https:\/\/estadocomarte.pt\/site\/2025\/11\/29\/sexteto-de-mario-laginha-traz-digressao-dos-40-anos-aos-dias-do-jazz-no-centro-cultural-caldas-da-rainha\/"},"wordCount":347,"commentCount":0,"publisher":{"@id":"https:\/\/estadocomarte.pt\/site\/#organization"},"image":{"@id":"https:\/\/estadocomarte.pt\/site\/2025\/11\/29\/sexteto-de-mario-laginha-traz-digressao-dos-40-anos-aos-dias-do-jazz-no-centro-cultural-caldas-da-rainha\/#primaryimage"},"thumbnailUrl":"https:\/\/estadocomarte.pt\/site\/wp-content\/uploads\/2025\/11\/Captura-de-ecra_29-11-2025_19720_.jpeg","articleSection":["Cultura","Isto Para N\u00f3s"],"inLanguage":"pt-PT","potentialAction":[{"@type":"CommentAction","name":"Comment","target":["https:\/\/estadocomarte.pt\/site\/2025\/11\/29\/sexteto-de-mario-laginha-traz-digressao-dos-40-anos-aos-dias-do-jazz-no-centro-cultural-caldas-da-rainha\/#respond"]}]},{"@type":"WebPage","@id":"https:\/\/estadocomarte.pt\/site\/2025\/11\/29\/sexteto-de-mario-laginha-traz-digressao-dos-40-anos-aos-dias-do-jazz-no-centro-cultural-caldas-da-rainha\/","url":"https:\/\/estadocomarte.pt\/site\/2025\/11\/29\/sexteto-de-mario-laginha-traz-digressao-dos-40-anos-aos-dias-do-jazz-no-centro-cultural-caldas-da-rainha\/","name":"Sexteto de M\u00e1rio Laginha traz digress\u00e3o dos 40 anos aos Dias do Jazz no Centro Cultural Caldas da Rainha - Estado com Arte","isPartOf":{"@id":"https:\/\/estadocomarte.pt\/site\/#website"},"primaryImageOfPage":{"@id":"https:\/\/estadocomarte.pt\/site\/2025\/11\/29\/sexteto-de-mario-laginha-traz-digressao-dos-40-anos-aos-dias-do-jazz-no-centro-cultural-caldas-da-rainha\/#primaryimage"},"image":{"@id":"https:\/\/estadocomarte.pt\/site\/2025\/11\/29\/sexteto-de-mario-laginha-traz-digressao-dos-40-anos-aos-dias-do-jazz-no-centro-cultural-caldas-da-rainha\/#primaryimage"},"thumbnailUrl":"https:\/\/estadocomarte.pt\/site\/wp-content\/uploads\/2025\/11\/Captura-de-ecra_29-11-2025_19720_.jpeg","datePublished":"2025-11-29T19:18:13+00:00","dateModified":"2025-11-29T19:29:31+00:00","breadcrumb":{"@id":"https:\/\/estadocomarte.pt\/site\/2025\/11\/29\/sexteto-de-mario-laginha-traz-digressao-dos-40-anos-aos-dias-do-jazz-no-centro-cultural-caldas-da-rainha\/#breadcrumb"},"inLanguage":"pt-PT","potentialAction":[{"@type":"ReadAction","target":["https:\/\/estadocomarte.pt\/site\/2025\/11\/29\/sexteto-de-mario-laginha-traz-digressao-dos-40-anos-aos-dias-do-jazz-no-centro-cultural-caldas-da-rainha\/"]}]},{"@type":"ImageObject","inLanguage":"pt-PT","@id":"https:\/\/estadocomarte.pt\/site\/2025\/11\/29\/sexteto-de-mario-laginha-traz-digressao-dos-40-anos-aos-dias-do-jazz-no-centro-cultural-caldas-da-rainha\/#primaryimage","url":"https:\/\/estadocomarte.pt\/site\/wp-content\/uploads\/2025\/11\/Captura-de-ecra_29-11-2025_19720_.jpeg","contentUrl":"https:\/\/estadocomarte.pt\/site\/wp-content\/uploads\/2025\/11\/Captura-de-ecra_29-11-2025_19720_.jpeg","width":526,"height":548},{"@type":"BreadcrumbList","@id":"https:\/\/estadocomarte.pt\/site\/2025\/11\/29\/sexteto-de-mario-laginha-traz-digressao-dos-40-anos-aos-dias-do-jazz-no-centro-cultural-caldas-da-rainha\/#breadcrumb","itemListElement":[{"@type":"ListItem","position":1,"name":"In\u00edcio","item":"https:\/\/estadocomarte.pt\/site\/"},{"@type":"ListItem","position":2,"name":"Sexteto de M\u00e1rio Laginha traz digress\u00e3o dos 40 anos aos Dias do Jazz no Centro Cultural Caldas da Rainha"}]},{"@type":"WebSite","@id":"https:\/\/estadocomarte.pt\/site\/#website","url":"https:\/\/estadocomarte.pt\/site\/","name":"Estado com Arte Magazine","description":"Magazine","publisher":{"@id":"https:\/\/estadocomarte.pt\/site\/#organization"},"alternateName":"Magazine semanal sobre pol\u00edtica e cultura, com autores, opini\u00e3o e cr\u00edticas.","potentialAction":[{"@type":"SearchAction","target":{"@type":"EntryPoint","urlTemplate":"https:\/\/estadocomarte.pt\/site\/?s={search_term_string}"},"query-input":{"@type":"PropertyValueSpecification","valueRequired":true,"valueName":"search_term_string"}}],"inLanguage":"pt-PT"},{"@type":"Organization","@id":"https:\/\/estadocomarte.pt\/site\/#organization","name":"Estado com Arte Magazine","alternateName":"Magazine semanal sobre pol\u00edtica e cultura, com autores, opini\u00e3o e cr\u00edticas.","url":"https:\/\/estadocomarte.pt\/site\/","logo":{"@type":"ImageObject","inLanguage":"pt-PT","@id":"https:\/\/estadocomarte.pt\/site\/#\/schema\/logo\/image\/","url":"https:\/\/estadocomarte.pt\/site\/wp-content\/uploads\/2023\/06\/cropped-cropped-Prancheta-2@2x-100.jpg","contentUrl":"https:\/\/estadocomarte.pt\/site\/wp-content\/uploads\/2023\/06\/cropped-cropped-Prancheta-2@2x-100.jpg","width":1777,"height":592,"caption":"Estado com Arte Magazine"},"image":{"@id":"https:\/\/estadocomarte.pt\/site\/#\/schema\/logo\/image\/"},"sameAs":["https:\/\/www.instagram.com\/estadocomartemagazine"]},{"@type":"Person","@id":"https:\/\/estadocomarte.pt\/site\/#\/schema\/person\/c0943a071216c1e5b21f85304151e4ba","name":"admin","image":{"@type":"ImageObject","inLanguage":"pt-PT","@id":"https:\/\/estadocomarte.pt\/site\/#\/schema\/person\/image\/","url":"https:\/\/secure.gravatar.com\/avatar\/e6f378fd6914c8505d3e1d40f51fa953b21bab0f3a5658a33bc84cb5bda780f9?s=96&d=mm&r=g","contentUrl":"https:\/\/secure.gravatar.com\/avatar\/e6f378fd6914c8505d3e1d40f51fa953b21bab0f3a5658a33bc84cb5bda780f9?s=96&d=mm&r=g","caption":"admin"},"sameAs":["https:\/\/estadocomarte.pt\/site"],"url":"https:\/\/estadocomarte.pt\/site\/author\/admin\/"}]}},"_links":{"self":[{"href":"https:\/\/estadocomarte.pt\/site\/wp-json\/wp\/v2\/posts\/11548","targetHints":{"allow":["GET"]}}],"collection":[{"href":"https:\/\/estadocomarte.pt\/site\/wp-json\/wp\/v2\/posts"}],"about":[{"href":"https:\/\/estadocomarte.pt\/site\/wp-json\/wp\/v2\/types\/post"}],"author":[{"embeddable":true,"href":"https:\/\/estadocomarte.pt\/site\/wp-json\/wp\/v2\/users\/1"}],"replies":[{"embeddable":true,"href":"https:\/\/estadocomarte.pt\/site\/wp-json\/wp\/v2\/comments?post=11548"}],"version-history":[{"count":7,"href":"https:\/\/estadocomarte.pt\/site\/wp-json\/wp\/v2\/posts\/11548\/revisions"}],"predecessor-version":[{"id":11562,"href":"https:\/\/estadocomarte.pt\/site\/wp-json\/wp\/v2\/posts\/11548\/revisions\/11562"}],"wp:featuredmedia":[{"embeddable":true,"href":"https:\/\/estadocomarte.pt\/site\/wp-json\/wp\/v2\/media\/11551"}],"wp:attachment":[{"href":"https:\/\/estadocomarte.pt\/site\/wp-json\/wp\/v2\/media?parent=11548"}],"wp:term":[{"taxonomy":"category","embeddable":true,"href":"https:\/\/estadocomarte.pt\/site\/wp-json\/wp\/v2\/categories?post=11548"},{"taxonomy":"post_tag","embeddable":true,"href":"https:\/\/estadocomarte.pt\/site\/wp-json\/wp\/v2\/tags?post=11548"}],"curies":[{"name":"wp","href":"https:\/\/api.w.org\/{rel}","templated":true}]}}