{"id":11563,"date":"2025-11-30T16:53:33","date_gmt":"2025-11-30T16:53:33","guid":{"rendered":"https:\/\/estadocomarte.pt\/site\/?p=11563"},"modified":"2025-12-01T11:10:22","modified_gmt":"2025-12-01T11:10:22","slug":"um-presidente-para-a-segunda-metade-destes-anos-20","status":"publish","type":"post","link":"https:\/\/estadocomarte.pt\/site\/2025\/11\/30\/um-presidente-para-a-segunda-metade-destes-anos-20\/","title":{"rendered":"Um Presidente para a segunda metade destes anos 20"},"content":{"rendered":"<p><strong>Ser\u00e1 bom que os Portugueses v\u00e3o votar e o fa\u00e7am na consci\u00eancia da relev\u00e2ncia da sua escolha, pois disso depender\u00e1 a situa\u00e7\u00e3o em que o Pa\u00eds ficar\u00e1, se for preciso dar resposta a situa\u00e7\u00f5es mais desafiantes do que as que t\u00eam sido as habituais.<\/strong><\/p>\n<p>Perante a atualidade pol\u00edtica internacional que vemos, com vontade de expans\u00e3o, dom\u00ednio e imposi\u00e7\u00e3o de alguns pa\u00edses sobre outros, insinuando a amea\u00e7a ou efetivando a insanidade da guerra, as nossas elei\u00e7\u00f5es presidenciais de dia 18 de janeiro tornam-se ainda mais significativas.<\/p>\n<p>\u00c9 necess\u00e1rio eleger um Presidente com vis\u00e3o e capacidade para orientar os destinos nacionais por caminhos saud\u00e1veis.<\/p>\n<p>Quer relativamente \u00e0s op\u00e7\u00f5es das pol\u00edticas nacionais que ser\u00e1 preciso tomar, no futuro pr\u00f3ximo e menos pr\u00f3ximo, por um lado. Quer, por outro lado, relativamente \u00e0 condu\u00e7\u00e3o das posi\u00e7\u00f5es portuguesas face \u00e0 situa\u00e7\u00e3o internacional, particularmente na Europa.<\/p>\n<p>Ser\u00e1 bom que os Portugueses v\u00e3o votar e o fa\u00e7am na consci\u00eancia da relev\u00e2ncia da sua escolha, pois disso depender\u00e1 a situa\u00e7\u00e3o em que o Pa\u00eds ficar\u00e1 se for preciso dar resposta a situa\u00e7\u00f5es mais desafiantes do que as que t\u00eam sido as habituais.<\/p>\n<p>Os tempos pedem menos exuber\u00e2ncia, muita lucidez. Menos ataques ao que foi feito e mais clareza quanto ao que \u00e9 preciso fazer.<\/p>\n<p>Cabe aos cidad\u00e3os contribuir com mais reflex\u00e3o e menos preconceitos no momento de escolher.<\/p>\n","protected":false},"excerpt":{"rendered":"<p>Guiomar Macedo,<br \/>\nFadista e Escritora<\/p>\n","protected":false},"author":1,"featured_media":3261,"comment_status":"open","ping_status":"open","sticky":false,"template":"","format":"standard","meta":{"site-sidebar-layout":"default","site-content-layout":"default","ast-global-header-display":"","ast-banner-title-visibility":"","ast-main-header-display":"","ast-hfb-above-header-display":"","ast-hfb-below-header-display":"","ast-hfb-mobile-header-display":"","site-post-title":"","ast-breadcrumbs-content":"","ast-featured-img":"","footer-sml-layout":"","theme-transparent-header-meta":"default","adv-header-id-meta":"","stick-header-meta":"","header-above-stick-meta":"","header-main-stick-meta":"","header-below-stick-meta":"","footnotes":""},"categories":[11],"tags":[2286,2287],"class_list":["post-11563","post","type-post","status-publish","format-standard","has-post-thumbnail","hentry","category-opiniao","tag-guiomar-macedo","tag-presidenciais26"],"yoast_head":"<!-- This site is optimized with the Yoast SEO plugin v25.1 - https:\/\/yoast.com\/wordpress\/plugins\/seo\/ -->\n<title>Um Presidente para a segunda metade destes anos 20 - Estado com Arte<\/title>\n<meta name=\"robots\" content=\"index, follow, max-snippet:-1, max-image-preview:large, max-video-preview:-1\" \/>\n<link rel=\"canonical\" href=\"https:\/\/estadocomarte.pt\/site\/2025\/11\/30\/um-presidente-para-a-segunda-metade-destes-anos-20\/\" \/>\n<meta property=\"og:locale\" content=\"pt_PT\" \/>\n<meta property=\"og:type\" content=\"article\" \/>\n<meta property=\"og:title\" content=\"Um Presidente para a segunda metade destes anos 20 - Estado com Arte\" \/>\n<meta property=\"og:description\" content=\"Guiomar Macedo, Fadista e Escritora\" \/>\n<meta property=\"og:url\" content=\"https:\/\/estadocomarte.pt\/site\/2025\/11\/30\/um-presidente-para-a-segunda-metade-destes-anos-20\/\" \/>\n<meta property=\"og:site_name\" content=\"Estado com Arte\" \/>\n<meta property=\"article:published_time\" content=\"2025-11-30T16:53:33+00:00\" \/>\n<meta property=\"article:modified_time\" content=\"2025-12-01T11:10:22+00:00\" \/>\n<meta property=\"og:image\" content=\"https:\/\/estadocomarte.pt\/site\/wp-content\/uploads\/2023\/11\/Guiomar.jpg\" \/>\n\t<meta property=\"og:image:width\" content=\"274\" \/>\n\t<meta property=\"og:image:height\" content=\"274\" \/>\n\t<meta property=\"og:image:type\" content=\"image\/jpeg\" \/>\n<meta name=\"author\" content=\"admin\" \/>\n<meta name=\"twitter:card\" content=\"summary_large_image\" \/>\n<meta name=\"twitter:label1\" content=\"Escrito por\" \/>\n\t<meta name=\"twitter:data1\" content=\"admin\" \/>\n\t<meta name=\"twitter:label2\" content=\"Tempo estimado de leitura\" \/>\n\t<meta name=\"twitter:data2\" content=\"2 minutos\" \/>\n<script type=\"application\/ld+json\" class=\"yoast-schema-graph\">{\"@context\":\"https:\/\/schema.org\",\"@graph\":[{\"@type\":\"Article\",\"@id\":\"https:\/\/estadocomarte.pt\/site\/2025\/11\/30\/um-presidente-para-a-segunda-metade-destes-anos-20\/#article\",\"isPartOf\":{\"@id\":\"https:\/\/estadocomarte.pt\/site\/2025\/11\/30\/um-presidente-para-a-segunda-metade-destes-anos-20\/\"},\"author\":{\"name\":\"admin\",\"@id\":\"https:\/\/estadocomarte.pt\/site\/#\/schema\/person\/c0943a071216c1e5b21f85304151e4ba\"},\"headline\":\"Um Presidente para a segunda metade destes anos 20\",\"datePublished\":\"2025-11-30T16:53:33+00:00\",\"dateModified\":\"2025-12-01T11:10:22+00:00\",\"mainEntityOfPage\":{\"@id\":\"https:\/\/estadocomarte.pt\/site\/2025\/11\/30\/um-presidente-para-a-segunda-metade-destes-anos-20\/\"},\"wordCount\":258,\"commentCount\":0,\"publisher\":{\"@id\":\"https:\/\/estadocomarte.pt\/site\/#organization\"},\"image\":{\"@id\":\"https:\/\/estadocomarte.pt\/site\/2025\/11\/30\/um-presidente-para-a-segunda-metade-destes-anos-20\/#primaryimage\"},\"thumbnailUrl\":\"https:\/\/estadocomarte.pt\/site\/wp-content\/uploads\/2023\/11\/Guiomar.jpg\",\"keywords\":[\"Guiomar Macedo\",\"Presidenciais26\"],\"articleSection\":[\"Opini\u00e3o\"],\"inLanguage\":\"pt-PT\",\"potentialAction\":[{\"@type\":\"CommentAction\",\"name\":\"Comment\",\"target\":[\"https:\/\/estadocomarte.pt\/site\/2025\/11\/30\/um-presidente-para-a-segunda-metade-destes-anos-20\/#respond\"]}]},{\"@type\":\"WebPage\",\"@id\":\"https:\/\/estadocomarte.pt\/site\/2025\/11\/30\/um-presidente-para-a-segunda-metade-destes-anos-20\/\",\"url\":\"https:\/\/estadocomarte.pt\/site\/2025\/11\/30\/um-presidente-para-a-segunda-metade-destes-anos-20\/\",\"name\":\"Um Presidente para a segunda metade destes anos 20 - Estado com Arte\",\"isPartOf\":{\"@id\":\"https:\/\/estadocomarte.pt\/site\/#website\"},\"primaryImageOfPage\":{\"@id\":\"https:\/\/estadocomarte.pt\/site\/2025\/11\/30\/um-presidente-para-a-segunda-metade-destes-anos-20\/#primaryimage\"},\"image\":{\"@id\":\"https:\/\/estadocomarte.pt\/site\/2025\/11\/30\/um-presidente-para-a-segunda-metade-destes-anos-20\/#primaryimage\"},\"thumbnailUrl\":\"https:\/\/estadocomarte.pt\/site\/wp-content\/uploads\/2023\/11\/Guiomar.jpg\",\"datePublished\":\"2025-11-30T16:53:33+00:00\",\"dateModified\":\"2025-12-01T11:10:22+00:00\",\"breadcrumb\":{\"@id\":\"https:\/\/estadocomarte.pt\/site\/2025\/11\/30\/um-presidente-para-a-segunda-metade-destes-anos-20\/#breadcrumb\"},\"inLanguage\":\"pt-PT\",\"potentialAction\":[{\"@type\":\"ReadAction\",\"target\":[\"https:\/\/estadocomarte.pt\/site\/2025\/11\/30\/um-presidente-para-a-segunda-metade-destes-anos-20\/\"]}]},{\"@type\":\"ImageObject\",\"inLanguage\":\"pt-PT\",\"@id\":\"https:\/\/estadocomarte.pt\/site\/2025\/11\/30\/um-presidente-para-a-segunda-metade-destes-anos-20\/#primaryimage\",\"url\":\"https:\/\/estadocomarte.pt\/site\/wp-content\/uploads\/2023\/11\/Guiomar.jpg\",\"contentUrl\":\"https:\/\/estadocomarte.pt\/site\/wp-content\/uploads\/2023\/11\/Guiomar.jpg\",\"width\":274,\"height\":274},{\"@type\":\"BreadcrumbList\",\"@id\":\"https:\/\/estadocomarte.pt\/site\/2025\/11\/30\/um-presidente-para-a-segunda-metade-destes-anos-20\/#breadcrumb\",\"itemListElement\":[{\"@type\":\"ListItem\",\"position\":1,\"name\":\"In\u00edcio\",\"item\":\"https:\/\/estadocomarte.pt\/site\/\"},{\"@type\":\"ListItem\",\"position\":2,\"name\":\"Um Presidente para a segunda metade destes anos 20\"}]},{\"@type\":\"WebSite\",\"@id\":\"https:\/\/estadocomarte.pt\/site\/#website\",\"url\":\"https:\/\/estadocomarte.pt\/site\/\",\"name\":\"Estado com Arte Magazine\",\"description\":\"Magazine\",\"publisher\":{\"@id\":\"https:\/\/estadocomarte.pt\/site\/#organization\"},\"alternateName\":\"Magazine semanal sobre pol\u00edtica e cultura, com autores, opini\u00e3o e cr\u00edticas.\",\"potentialAction\":[{\"@type\":\"SearchAction\",\"target\":{\"@type\":\"EntryPoint\",\"urlTemplate\":\"https:\/\/estadocomarte.pt\/site\/?s={search_term_string}\"},\"query-input\":{\"@type\":\"PropertyValueSpecification\",\"valueRequired\":true,\"valueName\":\"search_term_string\"}}],\"inLanguage\":\"pt-PT\"},{\"@type\":\"Organization\",\"@id\":\"https:\/\/estadocomarte.pt\/site\/#organization\",\"name\":\"Estado com Arte Magazine\",\"alternateName\":\"Magazine semanal sobre pol\u00edtica e cultura, com autores, opini\u00e3o e cr\u00edticas.\",\"url\":\"https:\/\/estadocomarte.pt\/site\/\",\"logo\":{\"@type\":\"ImageObject\",\"inLanguage\":\"pt-PT\",\"@id\":\"https:\/\/estadocomarte.pt\/site\/#\/schema\/logo\/image\/\",\"url\":\"https:\/\/estadocomarte.pt\/site\/wp-content\/uploads\/2023\/06\/cropped-cropped-Prancheta-2@2x-100.jpg\",\"contentUrl\":\"https:\/\/estadocomarte.pt\/site\/wp-content\/uploads\/2023\/06\/cropped-cropped-Prancheta-2@2x-100.jpg\",\"width\":1777,\"height\":592,\"caption\":\"Estado com Arte Magazine\"},\"image\":{\"@id\":\"https:\/\/estadocomarte.pt\/site\/#\/schema\/logo\/image\/\"},\"sameAs\":[\"https:\/\/www.instagram.com\/estadocomartemagazine\"]},{\"@type\":\"Person\",\"@id\":\"https:\/\/estadocomarte.pt\/site\/#\/schema\/person\/c0943a071216c1e5b21f85304151e4ba\",\"name\":\"admin\",\"image\":{\"@type\":\"ImageObject\",\"inLanguage\":\"pt-PT\",\"@id\":\"https:\/\/estadocomarte.pt\/site\/#\/schema\/person\/image\/\",\"url\":\"https:\/\/secure.gravatar.com\/avatar\/e6f378fd6914c8505d3e1d40f51fa953b21bab0f3a5658a33bc84cb5bda780f9?s=96&d=mm&r=g\",\"contentUrl\":\"https:\/\/secure.gravatar.com\/avatar\/e6f378fd6914c8505d3e1d40f51fa953b21bab0f3a5658a33bc84cb5bda780f9?s=96&d=mm&r=g\",\"caption\":\"admin\"},\"sameAs\":[\"https:\/\/estadocomarte.pt\/site\"],\"url\":\"https:\/\/estadocomarte.pt\/site\/author\/admin\/\"}]}<\/script>\n<!-- \/ Yoast SEO plugin. -->","yoast_head_json":{"title":"Um Presidente para a segunda metade destes anos 20 - Estado com Arte","robots":{"index":"index","follow":"follow","max-snippet":"max-snippet:-1","max-image-preview":"max-image-preview:large","max-video-preview":"max-video-preview:-1"},"canonical":"https:\/\/estadocomarte.pt\/site\/2025\/11\/30\/um-presidente-para-a-segunda-metade-destes-anos-20\/","og_locale":"pt_PT","og_type":"article","og_title":"Um Presidente para a segunda metade destes anos 20 - Estado com Arte","og_description":"Guiomar Macedo, Fadista e Escritora","og_url":"https:\/\/estadocomarte.pt\/site\/2025\/11\/30\/um-presidente-para-a-segunda-metade-destes-anos-20\/","og_site_name":"Estado com Arte","article_published_time":"2025-11-30T16:53:33+00:00","article_modified_time":"2025-12-01T11:10:22+00:00","og_image":[{"width":274,"height":274,"url":"https:\/\/estadocomarte.pt\/site\/wp-content\/uploads\/2023\/11\/Guiomar.jpg","type":"image\/jpeg"}],"author":"admin","twitter_card":"summary_large_image","twitter_misc":{"Escrito por":"admin","Tempo estimado de leitura":"2 minutos"},"schema":{"@context":"https:\/\/schema.org","@graph":[{"@type":"Article","@id":"https:\/\/estadocomarte.pt\/site\/2025\/11\/30\/um-presidente-para-a-segunda-metade-destes-anos-20\/#article","isPartOf":{"@id":"https:\/\/estadocomarte.pt\/site\/2025\/11\/30\/um-presidente-para-a-segunda-metade-destes-anos-20\/"},"author":{"name":"admin","@id":"https:\/\/estadocomarte.pt\/site\/#\/schema\/person\/c0943a071216c1e5b21f85304151e4ba"},"headline":"Um Presidente para a segunda metade destes anos 20","datePublished":"2025-11-30T16:53:33+00:00","dateModified":"2025-12-01T11:10:22+00:00","mainEntityOfPage":{"@id":"https:\/\/estadocomarte.pt\/site\/2025\/11\/30\/um-presidente-para-a-segunda-metade-destes-anos-20\/"},"wordCount":258,"commentCount":0,"publisher":{"@id":"https:\/\/estadocomarte.pt\/site\/#organization"},"image":{"@id":"https:\/\/estadocomarte.pt\/site\/2025\/11\/30\/um-presidente-para-a-segunda-metade-destes-anos-20\/#primaryimage"},"thumbnailUrl":"https:\/\/estadocomarte.pt\/site\/wp-content\/uploads\/2023\/11\/Guiomar.jpg","keywords":["Guiomar Macedo","Presidenciais26"],"articleSection":["Opini\u00e3o"],"inLanguage":"pt-PT","potentialAction":[{"@type":"CommentAction","name":"Comment","target":["https:\/\/estadocomarte.pt\/site\/2025\/11\/30\/um-presidente-para-a-segunda-metade-destes-anos-20\/#respond"]}]},{"@type":"WebPage","@id":"https:\/\/estadocomarte.pt\/site\/2025\/11\/30\/um-presidente-para-a-segunda-metade-destes-anos-20\/","url":"https:\/\/estadocomarte.pt\/site\/2025\/11\/30\/um-presidente-para-a-segunda-metade-destes-anos-20\/","name":"Um Presidente para a segunda metade destes anos 20 - Estado com Arte","isPartOf":{"@id":"https:\/\/estadocomarte.pt\/site\/#website"},"primaryImageOfPage":{"@id":"https:\/\/estadocomarte.pt\/site\/2025\/11\/30\/um-presidente-para-a-segunda-metade-destes-anos-20\/#primaryimage"},"image":{"@id":"https:\/\/estadocomarte.pt\/site\/2025\/11\/30\/um-presidente-para-a-segunda-metade-destes-anos-20\/#primaryimage"},"thumbnailUrl":"https:\/\/estadocomarte.pt\/site\/wp-content\/uploads\/2023\/11\/Guiomar.jpg","datePublished":"2025-11-30T16:53:33+00:00","dateModified":"2025-12-01T11:10:22+00:00","breadcrumb":{"@id":"https:\/\/estadocomarte.pt\/site\/2025\/11\/30\/um-presidente-para-a-segunda-metade-destes-anos-20\/#breadcrumb"},"inLanguage":"pt-PT","potentialAction":[{"@type":"ReadAction","target":["https:\/\/estadocomarte.pt\/site\/2025\/11\/30\/um-presidente-para-a-segunda-metade-destes-anos-20\/"]}]},{"@type":"ImageObject","inLanguage":"pt-PT","@id":"https:\/\/estadocomarte.pt\/site\/2025\/11\/30\/um-presidente-para-a-segunda-metade-destes-anos-20\/#primaryimage","url":"https:\/\/estadocomarte.pt\/site\/wp-content\/uploads\/2023\/11\/Guiomar.jpg","contentUrl":"https:\/\/estadocomarte.pt\/site\/wp-content\/uploads\/2023\/11\/Guiomar.jpg","width":274,"height":274},{"@type":"BreadcrumbList","@id":"https:\/\/estadocomarte.pt\/site\/2025\/11\/30\/um-presidente-para-a-segunda-metade-destes-anos-20\/#breadcrumb","itemListElement":[{"@type":"ListItem","position":1,"name":"In\u00edcio","item":"https:\/\/estadocomarte.pt\/site\/"},{"@type":"ListItem","position":2,"name":"Um Presidente para a segunda metade destes anos 20"}]},{"@type":"WebSite","@id":"https:\/\/estadocomarte.pt\/site\/#website","url":"https:\/\/estadocomarte.pt\/site\/","name":"Estado com Arte Magazine","description":"Magazine","publisher":{"@id":"https:\/\/estadocomarte.pt\/site\/#organization"},"alternateName":"Magazine semanal sobre pol\u00edtica e cultura, com autores, opini\u00e3o e cr\u00edticas.","potentialAction":[{"@type":"SearchAction","target":{"@type":"EntryPoint","urlTemplate":"https:\/\/estadocomarte.pt\/site\/?s={search_term_string}"},"query-input":{"@type":"PropertyValueSpecification","valueRequired":true,"valueName":"search_term_string"}}],"inLanguage":"pt-PT"},{"@type":"Organization","@id":"https:\/\/estadocomarte.pt\/site\/#organization","name":"Estado com Arte Magazine","alternateName":"Magazine semanal sobre pol\u00edtica e cultura, com autores, opini\u00e3o e cr\u00edticas.","url":"https:\/\/estadocomarte.pt\/site\/","logo":{"@type":"ImageObject","inLanguage":"pt-PT","@id":"https:\/\/estadocomarte.pt\/site\/#\/schema\/logo\/image\/","url":"https:\/\/estadocomarte.pt\/site\/wp-content\/uploads\/2023\/06\/cropped-cropped-Prancheta-2@2x-100.jpg","contentUrl":"https:\/\/estadocomarte.pt\/site\/wp-content\/uploads\/2023\/06\/cropped-cropped-Prancheta-2@2x-100.jpg","width":1777,"height":592,"caption":"Estado com Arte Magazine"},"image":{"@id":"https:\/\/estadocomarte.pt\/site\/#\/schema\/logo\/image\/"},"sameAs":["https:\/\/www.instagram.com\/estadocomartemagazine"]},{"@type":"Person","@id":"https:\/\/estadocomarte.pt\/site\/#\/schema\/person\/c0943a071216c1e5b21f85304151e4ba","name":"admin","image":{"@type":"ImageObject","inLanguage":"pt-PT","@id":"https:\/\/estadocomarte.pt\/site\/#\/schema\/person\/image\/","url":"https:\/\/secure.gravatar.com\/avatar\/e6f378fd6914c8505d3e1d40f51fa953b21bab0f3a5658a33bc84cb5bda780f9?s=96&d=mm&r=g","contentUrl":"https:\/\/secure.gravatar.com\/avatar\/e6f378fd6914c8505d3e1d40f51fa953b21bab0f3a5658a33bc84cb5bda780f9?s=96&d=mm&r=g","caption":"admin"},"sameAs":["https:\/\/estadocomarte.pt\/site"],"url":"https:\/\/estadocomarte.pt\/site\/author\/admin\/"}]}},"_links":{"self":[{"href":"https:\/\/estadocomarte.pt\/site\/wp-json\/wp\/v2\/posts\/11563","targetHints":{"allow":["GET"]}}],"collection":[{"href":"https:\/\/estadocomarte.pt\/site\/wp-json\/wp\/v2\/posts"}],"about":[{"href":"https:\/\/estadocomarte.pt\/site\/wp-json\/wp\/v2\/types\/post"}],"author":[{"embeddable":true,"href":"https:\/\/estadocomarte.pt\/site\/wp-json\/wp\/v2\/users\/1"}],"replies":[{"embeddable":true,"href":"https:\/\/estadocomarte.pt\/site\/wp-json\/wp\/v2\/comments?post=11563"}],"version-history":[{"count":1,"href":"https:\/\/estadocomarte.pt\/site\/wp-json\/wp\/v2\/posts\/11563\/revisions"}],"predecessor-version":[{"id":11564,"href":"https:\/\/estadocomarte.pt\/site\/wp-json\/wp\/v2\/posts\/11563\/revisions\/11564"}],"wp:featuredmedia":[{"embeddable":true,"href":"https:\/\/estadocomarte.pt\/site\/wp-json\/wp\/v2\/media\/3261"}],"wp:attachment":[{"href":"https:\/\/estadocomarte.pt\/site\/wp-json\/wp\/v2\/media?parent=11563"}],"wp:term":[{"taxonomy":"category","embeddable":true,"href":"https:\/\/estadocomarte.pt\/site\/wp-json\/wp\/v2\/categories?post=11563"},{"taxonomy":"post_tag","embeddable":true,"href":"https:\/\/estadocomarte.pt\/site\/wp-json\/wp\/v2\/tags?post=11563"}],"curies":[{"name":"wp","href":"https:\/\/api.w.org\/{rel}","templated":true}]}}