{"id":11565,"date":"2025-12-01T10:49:38","date_gmt":"2025-12-01T10:49:38","guid":{"rendered":"https:\/\/estadocomarte.pt\/site\/?p=11565"},"modified":"2025-12-01T22:16:47","modified_gmt":"2025-12-01T22:16:47","slug":"conto-carta-ao-pai-natal","status":"publish","type":"post","link":"https:\/\/estadocomarte.pt\/site\/2025\/12\/01\/conto-carta-ao-pai-natal\/","title":{"rendered":"Conto. Carta ao Pai Natal"},"content":{"rendered":"<p>Ol\u00e1 Pai Natal. Acho que te chamas S. Nicolau. Eu sou o Jo\u00e3o e fiz agora oito anos. Sou o mais velho dos meus tr\u00eas irm\u00e3os. Olha ainda \u00e9 de noite, mas eu sa\u00ed da cama sem fazer barulho de prop\u00f3sito porque aqui em casa ainda dormem e eu n\u00e3o quero que eles leiam esta carta. Escrevo-te sentado na casa de banho s\u00f3 com a luz da lanterna que me trouxeste no ano passado e que foi o meu presente preferido. N\u00e3o quero acender a luz para n\u00e3o acordar ningu\u00e9m. N\u00f3s estamos quase nas f\u00e9rias de Natal e isso \u00e9 muito bom.<\/p>\n<p>Fomos ontem depois das aulas com a nossa professora \u00e0 Baixa de autocarro e vimos as ruas cheias de luzes as lojas todas enfeitadas, pres\u00e9pios iluminados, uma \u00e1rvore de Natal gigante e vimos os mercados e a feira de Natal com uma roda gigante e muitas brincadeiras para n\u00f3s as crian\u00e7as. Ouviam- se m\u00fasicas de Natal e vimos muitos doces nas pastelarias que cheiravam mesmo a bolos quentinhos e as pessoas nas ruas andavam a correr cheias de embrulhos e tinham um ar mais alegre do que \u00e9 costume.<\/p>\n<p>Foi um passeio giro, mas eu este ano n\u00e3o estou nada alegre e preciso muito de falar com o Menino Jesus quando Ele chegar \u00e0 nossa casa. Estou aqui a pensar que talvez tu possas falar primeiro porque isto \u00e9 muito urgente e tem de ser tratado antes do dia 25 de dezembro.<br \/>\nOlha eu vou-te contar o que se passa aqui em casa. A minha m\u00e3e teve um beb\u00e9 h\u00e1 uma semana \u00e9 o Chiquinho, mas os meus pais parece que j\u00e1 sabiam e como ele nasceu doente a minha m\u00e3e e ele v\u00e3o ficar mais uns tempos no hospital. Os meus irm\u00e3os e eu fomos v\u00ea-lo mas \u00e9 muito pequenino e coitadinho estava com uma cor esquisita a dormir dentro de uma caixa cheio de tubos e fios. O meu pai agora n\u00e3o tem ido ao trabalho passa a vida com a m\u00e3e e o beb\u00e9 e quando chega a casa vem com um ar muito preocupado s\u00f3 que n\u00e3o nos explicou o que tem o beb\u00e9.<br \/>\nA minha av\u00f3 Beatriz mudou-se c\u00e1 para casa para tomar conta de n\u00f3s enquanto a m\u00e3e estiver no hospital com o Chiquinho. N\u00f3s gostamos muito dela, mas n\u00e3o \u00e9 a mesma coisa quando a m\u00e3e n\u00e3o est\u00e1. Temos muitas saudades da m\u00e3e.<\/p>\n<p>A av\u00f3 disse-nos ontem para escrevermos uma carta ao Pai Natal a pedir os presentes que mais gost\u00e1vamos de receber que ela depois leva as cartas ao correio, mas disse para n\u00e3o pedirmos coisas caras tipo telem\u00f3veis ou videojogos porque o Pai Natal tem de arranjar presentes para muitos meninos tamb\u00e9m noutros pa\u00edses de todo o mundo e o dinheiro tem de chegar para todos. Amanh\u00e3 \u00e9 feriado e a av\u00f3 disse que vamos fazer o pres\u00e9pio mesmo sem a m\u00e3e estar em casa. Eu queria esperar porque \u00e9 muito melhor fazer tudo com o pai e a m\u00e3e. Eles t\u00eam sempre ideias giras e quando \u00edamos apanhar pinhas e musgo ao campo era um programa especial de Natal muito divertido. Este ano n\u00e3o pode ser.<\/p>\n<p>Olha eu estou aqui a tentar fazer uma lista de presentes, mas estou sempre a riscar e a apagar porque a av\u00f3 disse para pedirmos s\u00f3 tr\u00eas coisas cada um. A av\u00f3 esteve a rezar connosco pelas melhoras do Chiquinho e contou-nos que os santos vivem muito perto de Jesus e podem pedir- Lhe at\u00e9 milagres por isso como tu \u00e9s santo porque \u00e9s o S Nicolau ent\u00e3o vou- te pedir tr\u00eas coisas dif\u00edceis acho que s\u00e3o mesmo milagres dos maiores mas \u00e9 para leres devagarinho e com aten\u00e7\u00e3o ao Menino Jesus, sim? Diz-lhe que sou eu, o Jo\u00e3o, que lhe pe\u00e7o, sim? Diz-lhe:<br \/>\nOlha querido Menino Jesus por favor traz o Chiquinho depressa c\u00e1 para casa com a minha m\u00e3e antes do Teu dia de Natal.<br \/>\nE ajuda o meu colega Yuri que anda muito triste l\u00e1 na escola porque o pai dele est\u00e1 numa guerra horr\u00edvel l\u00e1 longe na terra dele h\u00e1 muito tempo. Achas que podes trazer o pai dele para c\u00e1 a tempo da festa de Natal? Ele diz que a m\u00e3e tem esperan\u00e7as de que a guerra acabe e o pai possa voltar depressa.<br \/>\nE tamb\u00e9m queria pedir-te para arranjares um quarto para o Sr. Djal\u00f3 que est\u00e1 ali na rua a dormir no ch\u00e3o ao frio e \u00e0 chuva. A m\u00e3e deu-lhe comida e roupas porque ele n\u00e3o est\u00e1 habituado a este frio, mas eu queria arranjar-lhe tamb\u00e9m uma casa e um trabalho e e n\u00e3o sei como isso se faz.<\/p>\n<p>Olha Pai Natal este ano prometo que n\u00e3o vou pedir-te mais nada porque j\u00e1 s\u00e3o tr\u00eas coisas muito dif\u00edceis, mas olha se puderes manda-me s\u00f3 um saquinho de gomas que eu depois divido com os meus irm\u00e3os. Obrigado, querido Pai Natal e por favor n\u00e3o te esque\u00e7as de falar com o Menino Jesus que eu fico \u00e0 espera da resposta. Podes escrever a resposta no c\u00e9u que eu vou \u00e0 janela todas as noites.<\/p>\n<p>Um grande abra\u00e7o do teu amigo<br \/>\nJo\u00e3o<\/p>\n<p>Obs. Texto vem propositadamente quase sem pontua\u00e7\u00e3o por ser escrito por\u00a0uma\u00a0crian\u00e7a.<\/p>\n","protected":false},"excerpt":{"rendered":"<p>F\u00e1tima Fonseca,<br \/>\nProfessora de L\u00ednguas,<br \/>\nEspecialista em Forma\u00e7\u00e3o Familiar<\/p>\n","protected":false},"author":1,"featured_media":2581,"comment_status":"open","ping_status":"open","sticky":false,"template":"","format":"standard","meta":{"site-sidebar-layout":"default","site-content-layout":"default","ast-global-header-display":"","ast-banner-title-visibility":"","ast-main-header-display":"","ast-hfb-above-header-display":"","ast-hfb-below-header-display":"","ast-hfb-mobile-header-display":"","site-post-title":"","ast-breadcrumbs-content":"","ast-featured-img":"","footer-sml-layout":"","theme-transparent-header-meta":"default","adv-header-id-meta":"","stick-header-meta":"","header-above-stick-meta":"","header-main-stick-meta":"","header-below-stick-meta":"","footnotes":""},"categories":[11],"tags":[84,156,2289,556,2288],"class_list":["post-11565","post","type-post","status-publish","format-standard","has-post-thumbnail","hentry","category-opiniao","tag-conto","tag-fatima-fonseca","tag-menino-jesus","tag-natal","tag-sao-nicolau"],"yoast_head":"<!-- This site is optimized with the Yoast SEO plugin v25.1 - https:\/\/yoast.com\/wordpress\/plugins\/seo\/ -->\n<title>Conto. Carta ao Pai Natal - Estado com Arte<\/title>\n<meta name=\"robots\" content=\"index, follow, max-snippet:-1, max-image-preview:large, max-video-preview:-1\" \/>\n<link rel=\"canonical\" href=\"https:\/\/estadocomarte.pt\/site\/2025\/12\/01\/conto-carta-ao-pai-natal\/\" \/>\n<meta property=\"og:locale\" content=\"pt_PT\" \/>\n<meta property=\"og:type\" content=\"article\" \/>\n<meta property=\"og:title\" content=\"Conto. Carta ao Pai Natal - Estado com Arte\" \/>\n<meta property=\"og:description\" content=\"F\u00e1tima Fonseca, Professora de L\u00ednguas, Especialista em Forma\u00e7\u00e3o Familiar\" \/>\n<meta property=\"og:url\" content=\"https:\/\/estadocomarte.pt\/site\/2025\/12\/01\/conto-carta-ao-pai-natal\/\" \/>\n<meta property=\"og:site_name\" content=\"Estado com Arte\" \/>\n<meta property=\"article:published_time\" content=\"2025-12-01T10:49:38+00:00\" \/>\n<meta property=\"article:modified_time\" content=\"2025-12-01T22:16:47+00:00\" \/>\n<meta property=\"og:image\" content=\"https:\/\/estadocomarte.pt\/site\/wp-content\/uploads\/2023\/09\/Fatima-Fonseca.jpg\" \/>\n\t<meta property=\"og:image:width\" content=\"319\" \/>\n\t<meta property=\"og:image:height\" content=\"432\" \/>\n\t<meta property=\"og:image:type\" content=\"image\/jpeg\" \/>\n<meta name=\"author\" content=\"admin\" \/>\n<meta name=\"twitter:card\" content=\"summary_large_image\" \/>\n<meta name=\"twitter:label1\" content=\"Escrito por\" \/>\n\t<meta name=\"twitter:data1\" content=\"admin\" \/>\n\t<meta name=\"twitter:label2\" content=\"Tempo estimado de leitura\" \/>\n\t<meta name=\"twitter:data2\" content=\"6 minutos\" \/>\n<script type=\"application\/ld+json\" class=\"yoast-schema-graph\">{\"@context\":\"https:\/\/schema.org\",\"@graph\":[{\"@type\":\"Article\",\"@id\":\"https:\/\/estadocomarte.pt\/site\/2025\/12\/01\/conto-carta-ao-pai-natal\/#article\",\"isPartOf\":{\"@id\":\"https:\/\/estadocomarte.pt\/site\/2025\/12\/01\/conto-carta-ao-pai-natal\/\"},\"author\":{\"name\":\"admin\",\"@id\":\"https:\/\/estadocomarte.pt\/site\/#\/schema\/person\/c0943a071216c1e5b21f85304151e4ba\"},\"headline\":\"Conto. Carta ao Pai Natal\",\"datePublished\":\"2025-12-01T10:49:38+00:00\",\"dateModified\":\"2025-12-01T22:16:47+00:00\",\"mainEntityOfPage\":{\"@id\":\"https:\/\/estadocomarte.pt\/site\/2025\/12\/01\/conto-carta-ao-pai-natal\/\"},\"wordCount\":928,\"commentCount\":0,\"publisher\":{\"@id\":\"https:\/\/estadocomarte.pt\/site\/#organization\"},\"image\":{\"@id\":\"https:\/\/estadocomarte.pt\/site\/2025\/12\/01\/conto-carta-ao-pai-natal\/#primaryimage\"},\"thumbnailUrl\":\"https:\/\/estadocomarte.pt\/site\/wp-content\/uploads\/2023\/09\/Fatima-Fonseca.jpg\",\"keywords\":[\"conto\",\"F\u00e1tima Fonseca\",\"Menino Jesus\",\"Natal\",\"S\u00e3o Nicolau\"],\"articleSection\":[\"Opini\u00e3o\"],\"inLanguage\":\"pt-PT\",\"potentialAction\":[{\"@type\":\"CommentAction\",\"name\":\"Comment\",\"target\":[\"https:\/\/estadocomarte.pt\/site\/2025\/12\/01\/conto-carta-ao-pai-natal\/#respond\"]}]},{\"@type\":\"WebPage\",\"@id\":\"https:\/\/estadocomarte.pt\/site\/2025\/12\/01\/conto-carta-ao-pai-natal\/\",\"url\":\"https:\/\/estadocomarte.pt\/site\/2025\/12\/01\/conto-carta-ao-pai-natal\/\",\"name\":\"Conto. Carta ao Pai Natal - Estado com Arte\",\"isPartOf\":{\"@id\":\"https:\/\/estadocomarte.pt\/site\/#website\"},\"primaryImageOfPage\":{\"@id\":\"https:\/\/estadocomarte.pt\/site\/2025\/12\/01\/conto-carta-ao-pai-natal\/#primaryimage\"},\"image\":{\"@id\":\"https:\/\/estadocomarte.pt\/site\/2025\/12\/01\/conto-carta-ao-pai-natal\/#primaryimage\"},\"thumbnailUrl\":\"https:\/\/estadocomarte.pt\/site\/wp-content\/uploads\/2023\/09\/Fatima-Fonseca.jpg\",\"datePublished\":\"2025-12-01T10:49:38+00:00\",\"dateModified\":\"2025-12-01T22:16:47+00:00\",\"breadcrumb\":{\"@id\":\"https:\/\/estadocomarte.pt\/site\/2025\/12\/01\/conto-carta-ao-pai-natal\/#breadcrumb\"},\"inLanguage\":\"pt-PT\",\"potentialAction\":[{\"@type\":\"ReadAction\",\"target\":[\"https:\/\/estadocomarte.pt\/site\/2025\/12\/01\/conto-carta-ao-pai-natal\/\"]}]},{\"@type\":\"ImageObject\",\"inLanguage\":\"pt-PT\",\"@id\":\"https:\/\/estadocomarte.pt\/site\/2025\/12\/01\/conto-carta-ao-pai-natal\/#primaryimage\",\"url\":\"https:\/\/estadocomarte.pt\/site\/wp-content\/uploads\/2023\/09\/Fatima-Fonseca.jpg\",\"contentUrl\":\"https:\/\/estadocomarte.pt\/site\/wp-content\/uploads\/2023\/09\/Fatima-Fonseca.jpg\",\"width\":319,\"height\":432},{\"@type\":\"BreadcrumbList\",\"@id\":\"https:\/\/estadocomarte.pt\/site\/2025\/12\/01\/conto-carta-ao-pai-natal\/#breadcrumb\",\"itemListElement\":[{\"@type\":\"ListItem\",\"position\":1,\"name\":\"In\u00edcio\",\"item\":\"https:\/\/estadocomarte.pt\/site\/\"},{\"@type\":\"ListItem\",\"position\":2,\"name\":\"Conto. Carta ao Pai Natal\"}]},{\"@type\":\"WebSite\",\"@id\":\"https:\/\/estadocomarte.pt\/site\/#website\",\"url\":\"https:\/\/estadocomarte.pt\/site\/\",\"name\":\"Estado com Arte Magazine\",\"description\":\"Magazine\",\"publisher\":{\"@id\":\"https:\/\/estadocomarte.pt\/site\/#organization\"},\"alternateName\":\"Magazine semanal sobre pol\u00edtica e cultura, com autores, opini\u00e3o e cr\u00edticas.\",\"potentialAction\":[{\"@type\":\"SearchAction\",\"target\":{\"@type\":\"EntryPoint\",\"urlTemplate\":\"https:\/\/estadocomarte.pt\/site\/?s={search_term_string}\"},\"query-input\":{\"@type\":\"PropertyValueSpecification\",\"valueRequired\":true,\"valueName\":\"search_term_string\"}}],\"inLanguage\":\"pt-PT\"},{\"@type\":\"Organization\",\"@id\":\"https:\/\/estadocomarte.pt\/site\/#organization\",\"name\":\"Estado com Arte Magazine\",\"alternateName\":\"Magazine semanal sobre pol\u00edtica e cultura, com autores, opini\u00e3o e cr\u00edticas.\",\"url\":\"https:\/\/estadocomarte.pt\/site\/\",\"logo\":{\"@type\":\"ImageObject\",\"inLanguage\":\"pt-PT\",\"@id\":\"https:\/\/estadocomarte.pt\/site\/#\/schema\/logo\/image\/\",\"url\":\"https:\/\/estadocomarte.pt\/site\/wp-content\/uploads\/2023\/06\/cropped-cropped-Prancheta-2@2x-100.jpg\",\"contentUrl\":\"https:\/\/estadocomarte.pt\/site\/wp-content\/uploads\/2023\/06\/cropped-cropped-Prancheta-2@2x-100.jpg\",\"width\":1777,\"height\":592,\"caption\":\"Estado com Arte Magazine\"},\"image\":{\"@id\":\"https:\/\/estadocomarte.pt\/site\/#\/schema\/logo\/image\/\"},\"sameAs\":[\"https:\/\/www.instagram.com\/estadocomartemagazine\"]},{\"@type\":\"Person\",\"@id\":\"https:\/\/estadocomarte.pt\/site\/#\/schema\/person\/c0943a071216c1e5b21f85304151e4ba\",\"name\":\"admin\",\"image\":{\"@type\":\"ImageObject\",\"inLanguage\":\"pt-PT\",\"@id\":\"https:\/\/estadocomarte.pt\/site\/#\/schema\/person\/image\/\",\"url\":\"https:\/\/secure.gravatar.com\/avatar\/e6f378fd6914c8505d3e1d40f51fa953b21bab0f3a5658a33bc84cb5bda780f9?s=96&d=mm&r=g\",\"contentUrl\":\"https:\/\/secure.gravatar.com\/avatar\/e6f378fd6914c8505d3e1d40f51fa953b21bab0f3a5658a33bc84cb5bda780f9?s=96&d=mm&r=g\",\"caption\":\"admin\"},\"sameAs\":[\"https:\/\/estadocomarte.pt\/site\"],\"url\":\"https:\/\/estadocomarte.pt\/site\/author\/admin\/\"}]}<\/script>\n<!-- \/ Yoast SEO plugin. -->","yoast_head_json":{"title":"Conto. Carta ao Pai Natal - Estado com Arte","robots":{"index":"index","follow":"follow","max-snippet":"max-snippet:-1","max-image-preview":"max-image-preview:large","max-video-preview":"max-video-preview:-1"},"canonical":"https:\/\/estadocomarte.pt\/site\/2025\/12\/01\/conto-carta-ao-pai-natal\/","og_locale":"pt_PT","og_type":"article","og_title":"Conto. Carta ao Pai Natal - Estado com Arte","og_description":"F\u00e1tima Fonseca, Professora de L\u00ednguas, Especialista em Forma\u00e7\u00e3o Familiar","og_url":"https:\/\/estadocomarte.pt\/site\/2025\/12\/01\/conto-carta-ao-pai-natal\/","og_site_name":"Estado com Arte","article_published_time":"2025-12-01T10:49:38+00:00","article_modified_time":"2025-12-01T22:16:47+00:00","og_image":[{"width":319,"height":432,"url":"https:\/\/estadocomarte.pt\/site\/wp-content\/uploads\/2023\/09\/Fatima-Fonseca.jpg","type":"image\/jpeg"}],"author":"admin","twitter_card":"summary_large_image","twitter_misc":{"Escrito por":"admin","Tempo estimado de leitura":"6 minutos"},"schema":{"@context":"https:\/\/schema.org","@graph":[{"@type":"Article","@id":"https:\/\/estadocomarte.pt\/site\/2025\/12\/01\/conto-carta-ao-pai-natal\/#article","isPartOf":{"@id":"https:\/\/estadocomarte.pt\/site\/2025\/12\/01\/conto-carta-ao-pai-natal\/"},"author":{"name":"admin","@id":"https:\/\/estadocomarte.pt\/site\/#\/schema\/person\/c0943a071216c1e5b21f85304151e4ba"},"headline":"Conto. Carta ao Pai Natal","datePublished":"2025-12-01T10:49:38+00:00","dateModified":"2025-12-01T22:16:47+00:00","mainEntityOfPage":{"@id":"https:\/\/estadocomarte.pt\/site\/2025\/12\/01\/conto-carta-ao-pai-natal\/"},"wordCount":928,"commentCount":0,"publisher":{"@id":"https:\/\/estadocomarte.pt\/site\/#organization"},"image":{"@id":"https:\/\/estadocomarte.pt\/site\/2025\/12\/01\/conto-carta-ao-pai-natal\/#primaryimage"},"thumbnailUrl":"https:\/\/estadocomarte.pt\/site\/wp-content\/uploads\/2023\/09\/Fatima-Fonseca.jpg","keywords":["conto","F\u00e1tima Fonseca","Menino Jesus","Natal","S\u00e3o Nicolau"],"articleSection":["Opini\u00e3o"],"inLanguage":"pt-PT","potentialAction":[{"@type":"CommentAction","name":"Comment","target":["https:\/\/estadocomarte.pt\/site\/2025\/12\/01\/conto-carta-ao-pai-natal\/#respond"]}]},{"@type":"WebPage","@id":"https:\/\/estadocomarte.pt\/site\/2025\/12\/01\/conto-carta-ao-pai-natal\/","url":"https:\/\/estadocomarte.pt\/site\/2025\/12\/01\/conto-carta-ao-pai-natal\/","name":"Conto. Carta ao Pai Natal - Estado com Arte","isPartOf":{"@id":"https:\/\/estadocomarte.pt\/site\/#website"},"primaryImageOfPage":{"@id":"https:\/\/estadocomarte.pt\/site\/2025\/12\/01\/conto-carta-ao-pai-natal\/#primaryimage"},"image":{"@id":"https:\/\/estadocomarte.pt\/site\/2025\/12\/01\/conto-carta-ao-pai-natal\/#primaryimage"},"thumbnailUrl":"https:\/\/estadocomarte.pt\/site\/wp-content\/uploads\/2023\/09\/Fatima-Fonseca.jpg","datePublished":"2025-12-01T10:49:38+00:00","dateModified":"2025-12-01T22:16:47+00:00","breadcrumb":{"@id":"https:\/\/estadocomarte.pt\/site\/2025\/12\/01\/conto-carta-ao-pai-natal\/#breadcrumb"},"inLanguage":"pt-PT","potentialAction":[{"@type":"ReadAction","target":["https:\/\/estadocomarte.pt\/site\/2025\/12\/01\/conto-carta-ao-pai-natal\/"]}]},{"@type":"ImageObject","inLanguage":"pt-PT","@id":"https:\/\/estadocomarte.pt\/site\/2025\/12\/01\/conto-carta-ao-pai-natal\/#primaryimage","url":"https:\/\/estadocomarte.pt\/site\/wp-content\/uploads\/2023\/09\/Fatima-Fonseca.jpg","contentUrl":"https:\/\/estadocomarte.pt\/site\/wp-content\/uploads\/2023\/09\/Fatima-Fonseca.jpg","width":319,"height":432},{"@type":"BreadcrumbList","@id":"https:\/\/estadocomarte.pt\/site\/2025\/12\/01\/conto-carta-ao-pai-natal\/#breadcrumb","itemListElement":[{"@type":"ListItem","position":1,"name":"In\u00edcio","item":"https:\/\/estadocomarte.pt\/site\/"},{"@type":"ListItem","position":2,"name":"Conto. Carta ao Pai Natal"}]},{"@type":"WebSite","@id":"https:\/\/estadocomarte.pt\/site\/#website","url":"https:\/\/estadocomarte.pt\/site\/","name":"Estado com Arte Magazine","description":"Magazine","publisher":{"@id":"https:\/\/estadocomarte.pt\/site\/#organization"},"alternateName":"Magazine semanal sobre pol\u00edtica e cultura, com autores, opini\u00e3o e cr\u00edticas.","potentialAction":[{"@type":"SearchAction","target":{"@type":"EntryPoint","urlTemplate":"https:\/\/estadocomarte.pt\/site\/?s={search_term_string}"},"query-input":{"@type":"PropertyValueSpecification","valueRequired":true,"valueName":"search_term_string"}}],"inLanguage":"pt-PT"},{"@type":"Organization","@id":"https:\/\/estadocomarte.pt\/site\/#organization","name":"Estado com Arte Magazine","alternateName":"Magazine semanal sobre pol\u00edtica e cultura, com autores, opini\u00e3o e cr\u00edticas.","url":"https:\/\/estadocomarte.pt\/site\/","logo":{"@type":"ImageObject","inLanguage":"pt-PT","@id":"https:\/\/estadocomarte.pt\/site\/#\/schema\/logo\/image\/","url":"https:\/\/estadocomarte.pt\/site\/wp-content\/uploads\/2023\/06\/cropped-cropped-Prancheta-2@2x-100.jpg","contentUrl":"https:\/\/estadocomarte.pt\/site\/wp-content\/uploads\/2023\/06\/cropped-cropped-Prancheta-2@2x-100.jpg","width":1777,"height":592,"caption":"Estado com Arte Magazine"},"image":{"@id":"https:\/\/estadocomarte.pt\/site\/#\/schema\/logo\/image\/"},"sameAs":["https:\/\/www.instagram.com\/estadocomartemagazine"]},{"@type":"Person","@id":"https:\/\/estadocomarte.pt\/site\/#\/schema\/person\/c0943a071216c1e5b21f85304151e4ba","name":"admin","image":{"@type":"ImageObject","inLanguage":"pt-PT","@id":"https:\/\/estadocomarte.pt\/site\/#\/schema\/person\/image\/","url":"https:\/\/secure.gravatar.com\/avatar\/e6f378fd6914c8505d3e1d40f51fa953b21bab0f3a5658a33bc84cb5bda780f9?s=96&d=mm&r=g","contentUrl":"https:\/\/secure.gravatar.com\/avatar\/e6f378fd6914c8505d3e1d40f51fa953b21bab0f3a5658a33bc84cb5bda780f9?s=96&d=mm&r=g","caption":"admin"},"sameAs":["https:\/\/estadocomarte.pt\/site"],"url":"https:\/\/estadocomarte.pt\/site\/author\/admin\/"}]}},"_links":{"self":[{"href":"https:\/\/estadocomarte.pt\/site\/wp-json\/wp\/v2\/posts\/11565","targetHints":{"allow":["GET"]}}],"collection":[{"href":"https:\/\/estadocomarte.pt\/site\/wp-json\/wp\/v2\/posts"}],"about":[{"href":"https:\/\/estadocomarte.pt\/site\/wp-json\/wp\/v2\/types\/post"}],"author":[{"embeddable":true,"href":"https:\/\/estadocomarte.pt\/site\/wp-json\/wp\/v2\/users\/1"}],"replies":[{"embeddable":true,"href":"https:\/\/estadocomarte.pt\/site\/wp-json\/wp\/v2\/comments?post=11565"}],"version-history":[{"count":4,"href":"https:\/\/estadocomarte.pt\/site\/wp-json\/wp\/v2\/posts\/11565\/revisions"}],"predecessor-version":[{"id":11581,"href":"https:\/\/estadocomarte.pt\/site\/wp-json\/wp\/v2\/posts\/11565\/revisions\/11581"}],"wp:featuredmedia":[{"embeddable":true,"href":"https:\/\/estadocomarte.pt\/site\/wp-json\/wp\/v2\/media\/2581"}],"wp:attachment":[{"href":"https:\/\/estadocomarte.pt\/site\/wp-json\/wp\/v2\/media?parent=11565"}],"wp:term":[{"taxonomy":"category","embeddable":true,"href":"https:\/\/estadocomarte.pt\/site\/wp-json\/wp\/v2\/categories?post=11565"},{"taxonomy":"post_tag","embeddable":true,"href":"https:\/\/estadocomarte.pt\/site\/wp-json\/wp\/v2\/tags?post=11565"}],"curies":[{"name":"wp","href":"https:\/\/api.w.org\/{rel}","templated":true}]}}