{"id":11844,"date":"2026-01-19T21:35:25","date_gmt":"2026-01-19T21:35:25","guid":{"rendered":"https:\/\/estadocomarte.pt\/site\/?p=11844"},"modified":"2026-01-21T12:36:34","modified_gmt":"2026-01-21T12:36:34","slug":"o-que-esta-em-causa-e-o-perfil-de-um-presidente","status":"publish","type":"post","link":"https:\/\/estadocomarte.pt\/site\/2026\/01\/19\/o-que-esta-em-causa-e-o-perfil-de-um-presidente\/","title":{"rendered":"O QUE EST\u00c1 EM CAUSA \u00c9 O PERFIL DE UM PRESIDENTE"},"content":{"rendered":"<p><strong>Desiludam-se os que pensam que Ant\u00f3nio Jos\u00e9 Seguro vai agregar todos os votos dos restantes candidatos agora derrotados, essa vai ser a estrat\u00e9gia, mas desenganem-se, muitos dos que votaram em Cotrim, no Almirante e em Marques Mendes, ir\u00e3o votar em Andr\u00e9 Ventura na segunda volta, os mais conscientes sabem o que tem custado ao pa\u00eds a manuten\u00e7\u00e3o do regime socialista\u2026. Com Seguro a obrig\u00e1-los (PS e PSD) a entenderem-se, em nome dessa coisa a que chamam \u201cestabilidade\u201d e a que eu chamo \u201cmarasmo profundo\u201d, com os mesmos esquemas, as mesmas negociatas, os mesmos conluios do \u201cbloco central\u201d, at\u00e9 um dia.<\/strong><\/p>\n<p>N\u00e3o h\u00e1 dificuldade em decifrar os vencedores e os derrotados desta primeira volta das presidenciais. Ant\u00f3nio Jos\u00e9 Seguro foi quem ganhou estas elei\u00e7\u00f5es, com uma vit\u00f3ria pessoal e diga-se de forma clara, contra o seu pr\u00f3prio partido, que n\u00e3o o apoiou por convic\u00e7\u00e3o, mas por obriga\u00e7\u00e3o e por falta de alternativa mais &#8220;geringoncista&#8221;.<\/p>\n<p>Nunca \u00e9 demais recordar o celebre epis\u00f3dio do seu abalroamento do partido, perpetrada por essa execr\u00e1vel e sinistra figura, de seu nome Ant\u00f3nio Costa, epis\u00f3dio esse que deixa sempre marcas que n\u00e3o se ultrapassam e o PS \u00e9 obviamente um dos derrotados da noite eleitoral, sendo escusado vir agora encavalitar-se na vit\u00f3ria que \u00e9 estritamente pessoal, repito, at\u00e9 porque teve muitos votos de gente da AD e ao inv\u00e9s, outros tantos que habitualmente votam PS, votaram agora em outros candidatos.<\/p>\n<p>Mas note-se, n\u00e3o \u00e9 s\u00f3 o PS que \u00e9 derrotado, a esquerda no seu todo teve cerca de dois milh\u00f5es de votos e em rela\u00e7\u00e3o \u00e0s legislativas ainda perdeu cerca de noventa mil votos, o que evidencia a continua\u00e7\u00e3o da derrapagem que esperamos que continue. Parab\u00e9ns, portanto, ao indubit\u00e1vel ganhador desta primeira volta.<\/p>\n<p>O outro vencedor \u00e9 obviamente Andr\u00e9 Ventura, vamos ser claros, este \u00e9 o homem que os beneficiados do \u201csistema\u201d vigente odeiam, os que vivem dos esquemas da pol\u00edtica e dos conluios formados na esfera do \u201cbloco central\u201d. O \u00fanico candidato que apoiado por um partido, manteve intacto o eleitorado do Chega, o tal milh\u00e3o e perto de quinhentos mil, depois de somados os votos dos emigrantes, tal como aqui vaticinei em agosto do passado ano, bem antes de se apesentar como candidato, grande foi a noite de ontem, tamb\u00e9m para Andr\u00e9 Ventura. Depois de comentadores e jornalistas passarem a noite a repetir que haveria uma suposta luta pelo segundo lugar com Cotrim de Figueiredo, quando j\u00e1 toda a gente percebia que n\u00e3o havia sombra de empate, acabando por se distanciar do terceiro lugar os mesmos 7,5% que o distanciou do vencedor. Frustra\u00e7\u00f5es e indigna\u00e7\u00f5es de jornalistas e comentadores \u00e0 parte, come\u00e7ou a corrida dos derrotados em est\u00fadio para o colinho do vencedor, com a turba de interessados a manifestarem o seu apoio na segunda volta ao candidato do \u201csistema\u201d e isto n\u00e3o \u00e9 uma critica, \u00e9 uma realidade afirmada pelo pr\u00f3prio Seguro durante a campanha.<\/p>\n<p>Os grandes derrotados s\u00e3o obviamente todos os outros, os ditos de \u201cdireita\u201d, que nunca o foram nem ser\u00e3o, Cotrim, Gouveia e Melo, Marques Mendes e essa enorme derrota de Lu\u00eds Montenegro, \u00e9 que esta coisa de apostar em cavalos errados, em pol\u00edtica tem consequ\u00eancias e Andr\u00e9 Ventura n\u00e3o vai largar a lideran\u00e7a da \u201cdireita\u201d e o primeiro-ministro que se cuide, porque nada vai ser como antes.<\/p>\n<p>Desiludam-se os que pensam que Ant\u00f3nio Jos\u00e9 Seguro vai agregar todos os votos dos restantes candidatos agora derrotados, essa vai ser a estrat\u00e9gia, mas desenganem-se, muitos dos que votaram em Cotrim, no Almirante e em Marques Mendes, ir\u00e3o votar em Andr\u00e9 Ventura na segunda volta, os mais conscientes sabem o que tem custado ao pa\u00eds a manuten\u00e7\u00e3o do regime socialista e urge afastar definitivamente o socialismo da esfera do poder.<\/p>\n<p>Apesar da previs\u00edvel vit\u00f3ria de Seguro, sejamos realistas e, diga-se de passagem, aqui que ningu\u00e9m nos ouve, que seria um desperd\u00edcio de talento e de coragem Ventura ser presidente da rep\u00fablica, se o l\u00edder do Chega alcan\u00e7ar um resultado entre os 35 e os 40%, ningu\u00e9m mais o vai segurar, ser\u00e1 o fim de Montenegro (que agora n\u00e3o pode mandar votar Seguro nem Ventura, porque sabe que os seus simpatizantes est\u00e3o divididos entre os dois e o partido n\u00e3o aguentava dois erros seguidos) e a grande travessia do deserto do PSD.<\/p>\n<p>E agora pode perguntar-se, mas vem algum mal ao mundo, por Ant\u00f3nio Jos\u00e9 Seguro vir a ser presidente da rep\u00fablica? N\u00e3o, nada disso, nada de mal nos acontecer\u00e1, at\u00e9 porque tudo continuar\u00e1 com antes. E Seguro \u00e9 ou n\u00e3o, uma personalidade s\u00e9ria, \u00edntegra, digno de confian\u00e7a? Mas com certeza que sim, isso n\u00e3o est\u00e1, nem julgo que venha a estar em causa, tal como Ventura tamb\u00e9m o \u00e9. Ent\u00e3o qual \u00e9 o problema? O problema \u00e9 esse mesmo, \u00e9 que tudo vai ficar na mesma, com o PSD e o PS nos bra\u00e7os um do outro durante mais tr\u00eas anos, com Seguro sonolentamente a obrig\u00e1-los a entenderem-se em nome dessa coisa a que chamam \u201cestabilidade\u201d e a que eu chamo \u201cmarasmo profundo\u201d, com os mesmos esquemas, as mesmas negociatas, os mesmos conluios do \u201cbloco central\u201d, at\u00e9 um dia.<\/p>\n<p>E o Chega a crescer e a crescer e a crescer&#8230;.<\/p>\n<p>E j\u00e1 agora parem l\u00e1 com essa patetice de estar em perigo a democracia se Ventura for presidente, que raio senhores, a estupidez tamb\u00e9m tem limites, fa\u00e7am l\u00e1 um esfor\u00e7o e apelem \u00e0 vossa sensatez.<\/p>\n","protected":false},"excerpt":{"rendered":"<p>Rui Gon\u00e7alves,<br \/>\nArquitecto<\/p>\n","protected":false},"author":1,"featured_media":2202,"comment_status":"open","ping_status":"open","sticky":false,"template":"","format":"standard","meta":{"site-sidebar-layout":"default","site-content-layout":"default","ast-global-header-display":"","ast-banner-title-visibility":"","ast-main-header-display":"","ast-hfb-above-header-display":"","ast-hfb-below-header-display":"","ast-hfb-mobile-header-display":"","site-post-title":"","ast-breadcrumbs-content":"","ast-featured-img":"","footer-sml-layout":"","theme-transparent-header-meta":"default","adv-header-id-meta":"","stick-header-meta":"","header-above-stick-meta":"","header-main-stick-meta":"","header-below-stick-meta":"","footnotes":""},"categories":[8],"tags":[233],"class_list":["post-11844","post","type-post","status-publish","format-standard","has-post-thumbnail","hentry","category-sociedade","tag-rui-goncalves"],"yoast_head":"<!-- This site is optimized with the Yoast SEO plugin v25.1 - https:\/\/yoast.com\/wordpress\/plugins\/seo\/ -->\n<title>O QUE EST\u00c1 EM CAUSA \u00c9 O PERFIL DE UM PRESIDENTE - Estado com Arte<\/title>\n<meta name=\"robots\" content=\"index, follow, max-snippet:-1, max-image-preview:large, max-video-preview:-1\" \/>\n<link rel=\"canonical\" href=\"https:\/\/estadocomarte.pt\/site\/2026\/01\/19\/o-que-esta-em-causa-e-o-perfil-de-um-presidente\/\" \/>\n<meta property=\"og:locale\" content=\"pt_PT\" \/>\n<meta property=\"og:type\" content=\"article\" \/>\n<meta property=\"og:title\" content=\"O QUE EST\u00c1 EM CAUSA \u00c9 O PERFIL DE UM PRESIDENTE - Estado com Arte\" \/>\n<meta property=\"og:description\" content=\"Rui Gon\u00e7alves,  Arquitecto\" \/>\n<meta property=\"og:url\" content=\"https:\/\/estadocomarte.pt\/site\/2026\/01\/19\/o-que-esta-em-causa-e-o-perfil-de-um-presidente\/\" \/>\n<meta property=\"og:site_name\" content=\"Estado com Arte\" \/>\n<meta property=\"article:published_time\" content=\"2026-01-19T21:35:25+00:00\" \/>\n<meta property=\"article:modified_time\" content=\"2026-01-21T12:36:34+00:00\" \/>\n<meta property=\"og:image\" content=\"https:\/\/estadocomarte.pt\/site\/wp-content\/uploads\/2023\/08\/Rui-Goncalves.jpg\" \/>\n\t<meta property=\"og:image:width\" content=\"536\" \/>\n\t<meta property=\"og:image:height\" content=\"632\" \/>\n\t<meta property=\"og:image:type\" content=\"image\/jpeg\" \/>\n<meta name=\"author\" content=\"admin\" \/>\n<meta name=\"twitter:card\" content=\"summary_large_image\" \/>\n<meta name=\"twitter:label1\" content=\"Escrito por\" \/>\n\t<meta name=\"twitter:data1\" content=\"admin\" \/>\n\t<meta name=\"twitter:label2\" content=\"Tempo estimado de leitura\" \/>\n\t<meta name=\"twitter:data2\" content=\"6 minutos\" \/>\n<script type=\"application\/ld+json\" class=\"yoast-schema-graph\">{\"@context\":\"https:\/\/schema.org\",\"@graph\":[{\"@type\":\"Article\",\"@id\":\"https:\/\/estadocomarte.pt\/site\/2026\/01\/19\/o-que-esta-em-causa-e-o-perfil-de-um-presidente\/#article\",\"isPartOf\":{\"@id\":\"https:\/\/estadocomarte.pt\/site\/2026\/01\/19\/o-que-esta-em-causa-e-o-perfil-de-um-presidente\/\"},\"author\":{\"name\":\"admin\",\"@id\":\"https:\/\/estadocomarte.pt\/site\/#\/schema\/person\/c0943a071216c1e5b21f85304151e4ba\"},\"headline\":\"O QUE EST\u00c1 EM CAUSA \u00c9 O PERFIL DE UM PRESIDENTE\",\"datePublished\":\"2026-01-19T21:35:25+00:00\",\"dateModified\":\"2026-01-21T12:36:34+00:00\",\"mainEntityOfPage\":{\"@id\":\"https:\/\/estadocomarte.pt\/site\/2026\/01\/19\/o-que-esta-em-causa-e-o-perfil-de-um-presidente\/\"},\"wordCount\":957,\"commentCount\":0,\"publisher\":{\"@id\":\"https:\/\/estadocomarte.pt\/site\/#organization\"},\"image\":{\"@id\":\"https:\/\/estadocomarte.pt\/site\/2026\/01\/19\/o-que-esta-em-causa-e-o-perfil-de-um-presidente\/#primaryimage\"},\"thumbnailUrl\":\"https:\/\/estadocomarte.pt\/site\/wp-content\/uploads\/2023\/08\/Rui-Goncalves.jpg\",\"keywords\":[\"rui gon\u00e7alves\"],\"articleSection\":[\"Sociedade\"],\"inLanguage\":\"pt-PT\",\"potentialAction\":[{\"@type\":\"CommentAction\",\"name\":\"Comment\",\"target\":[\"https:\/\/estadocomarte.pt\/site\/2026\/01\/19\/o-que-esta-em-causa-e-o-perfil-de-um-presidente\/#respond\"]}]},{\"@type\":\"WebPage\",\"@id\":\"https:\/\/estadocomarte.pt\/site\/2026\/01\/19\/o-que-esta-em-causa-e-o-perfil-de-um-presidente\/\",\"url\":\"https:\/\/estadocomarte.pt\/site\/2026\/01\/19\/o-que-esta-em-causa-e-o-perfil-de-um-presidente\/\",\"name\":\"O QUE EST\u00c1 EM CAUSA \u00c9 O PERFIL DE UM PRESIDENTE - Estado com Arte\",\"isPartOf\":{\"@id\":\"https:\/\/estadocomarte.pt\/site\/#website\"},\"primaryImageOfPage\":{\"@id\":\"https:\/\/estadocomarte.pt\/site\/2026\/01\/19\/o-que-esta-em-causa-e-o-perfil-de-um-presidente\/#primaryimage\"},\"image\":{\"@id\":\"https:\/\/estadocomarte.pt\/site\/2026\/01\/19\/o-que-esta-em-causa-e-o-perfil-de-um-presidente\/#primaryimage\"},\"thumbnailUrl\":\"https:\/\/estadocomarte.pt\/site\/wp-content\/uploads\/2023\/08\/Rui-Goncalves.jpg\",\"datePublished\":\"2026-01-19T21:35:25+00:00\",\"dateModified\":\"2026-01-21T12:36:34+00:00\",\"breadcrumb\":{\"@id\":\"https:\/\/estadocomarte.pt\/site\/2026\/01\/19\/o-que-esta-em-causa-e-o-perfil-de-um-presidente\/#breadcrumb\"},\"inLanguage\":\"pt-PT\",\"potentialAction\":[{\"@type\":\"ReadAction\",\"target\":[\"https:\/\/estadocomarte.pt\/site\/2026\/01\/19\/o-que-esta-em-causa-e-o-perfil-de-um-presidente\/\"]}]},{\"@type\":\"ImageObject\",\"inLanguage\":\"pt-PT\",\"@id\":\"https:\/\/estadocomarte.pt\/site\/2026\/01\/19\/o-que-esta-em-causa-e-o-perfil-de-um-presidente\/#primaryimage\",\"url\":\"https:\/\/estadocomarte.pt\/site\/wp-content\/uploads\/2023\/08\/Rui-Goncalves.jpg\",\"contentUrl\":\"https:\/\/estadocomarte.pt\/site\/wp-content\/uploads\/2023\/08\/Rui-Goncalves.jpg\",\"width\":536,\"height\":632,\"caption\":\"Rui Gon\u00e7alvez\"},{\"@type\":\"BreadcrumbList\",\"@id\":\"https:\/\/estadocomarte.pt\/site\/2026\/01\/19\/o-que-esta-em-causa-e-o-perfil-de-um-presidente\/#breadcrumb\",\"itemListElement\":[{\"@type\":\"ListItem\",\"position\":1,\"name\":\"In\u00edcio\",\"item\":\"https:\/\/estadocomarte.pt\/site\/\"},{\"@type\":\"ListItem\",\"position\":2,\"name\":\"O QUE EST\u00c1 EM CAUSA \u00c9 O PERFIL DE UM PRESIDENTE\"}]},{\"@type\":\"WebSite\",\"@id\":\"https:\/\/estadocomarte.pt\/site\/#website\",\"url\":\"https:\/\/estadocomarte.pt\/site\/\",\"name\":\"Estado com Arte Magazine\",\"description\":\"Magazine\",\"publisher\":{\"@id\":\"https:\/\/estadocomarte.pt\/site\/#organization\"},\"alternateName\":\"Magazine semanal sobre pol\u00edtica e cultura, com autores, opini\u00e3o e cr\u00edticas.\",\"potentialAction\":[{\"@type\":\"SearchAction\",\"target\":{\"@type\":\"EntryPoint\",\"urlTemplate\":\"https:\/\/estadocomarte.pt\/site\/?s={search_term_string}\"},\"query-input\":{\"@type\":\"PropertyValueSpecification\",\"valueRequired\":true,\"valueName\":\"search_term_string\"}}],\"inLanguage\":\"pt-PT\"},{\"@type\":\"Organization\",\"@id\":\"https:\/\/estadocomarte.pt\/site\/#organization\",\"name\":\"Estado com Arte Magazine\",\"alternateName\":\"Magazine semanal sobre pol\u00edtica e cultura, com autores, opini\u00e3o e cr\u00edticas.\",\"url\":\"https:\/\/estadocomarte.pt\/site\/\",\"logo\":{\"@type\":\"ImageObject\",\"inLanguage\":\"pt-PT\",\"@id\":\"https:\/\/estadocomarte.pt\/site\/#\/schema\/logo\/image\/\",\"url\":\"https:\/\/estadocomarte.pt\/site\/wp-content\/uploads\/2023\/06\/cropped-cropped-Prancheta-2@2x-100.jpg\",\"contentUrl\":\"https:\/\/estadocomarte.pt\/site\/wp-content\/uploads\/2023\/06\/cropped-cropped-Prancheta-2@2x-100.jpg\",\"width\":1777,\"height\":592,\"caption\":\"Estado com Arte Magazine\"},\"image\":{\"@id\":\"https:\/\/estadocomarte.pt\/site\/#\/schema\/logo\/image\/\"},\"sameAs\":[\"https:\/\/www.instagram.com\/estadocomartemagazine\"]},{\"@type\":\"Person\",\"@id\":\"https:\/\/estadocomarte.pt\/site\/#\/schema\/person\/c0943a071216c1e5b21f85304151e4ba\",\"name\":\"admin\",\"image\":{\"@type\":\"ImageObject\",\"inLanguage\":\"pt-PT\",\"@id\":\"https:\/\/estadocomarte.pt\/site\/#\/schema\/person\/image\/\",\"url\":\"https:\/\/secure.gravatar.com\/avatar\/e6f378fd6914c8505d3e1d40f51fa953b21bab0f3a5658a33bc84cb5bda780f9?s=96&d=mm&r=g\",\"contentUrl\":\"https:\/\/secure.gravatar.com\/avatar\/e6f378fd6914c8505d3e1d40f51fa953b21bab0f3a5658a33bc84cb5bda780f9?s=96&d=mm&r=g\",\"caption\":\"admin\"},\"sameAs\":[\"https:\/\/estadocomarte.pt\/site\"],\"url\":\"https:\/\/estadocomarte.pt\/site\/author\/admin\/\"}]}<\/script>\n<!-- \/ Yoast SEO plugin. -->","yoast_head_json":{"title":"O QUE EST\u00c1 EM CAUSA \u00c9 O PERFIL DE UM PRESIDENTE - Estado com Arte","robots":{"index":"index","follow":"follow","max-snippet":"max-snippet:-1","max-image-preview":"max-image-preview:large","max-video-preview":"max-video-preview:-1"},"canonical":"https:\/\/estadocomarte.pt\/site\/2026\/01\/19\/o-que-esta-em-causa-e-o-perfil-de-um-presidente\/","og_locale":"pt_PT","og_type":"article","og_title":"O QUE EST\u00c1 EM CAUSA \u00c9 O PERFIL DE UM PRESIDENTE - Estado com Arte","og_description":"Rui Gon\u00e7alves,  Arquitecto","og_url":"https:\/\/estadocomarte.pt\/site\/2026\/01\/19\/o-que-esta-em-causa-e-o-perfil-de-um-presidente\/","og_site_name":"Estado com Arte","article_published_time":"2026-01-19T21:35:25+00:00","article_modified_time":"2026-01-21T12:36:34+00:00","og_image":[{"width":536,"height":632,"url":"https:\/\/estadocomarte.pt\/site\/wp-content\/uploads\/2023\/08\/Rui-Goncalves.jpg","type":"image\/jpeg"}],"author":"admin","twitter_card":"summary_large_image","twitter_misc":{"Escrito por":"admin","Tempo estimado de leitura":"6 minutos"},"schema":{"@context":"https:\/\/schema.org","@graph":[{"@type":"Article","@id":"https:\/\/estadocomarte.pt\/site\/2026\/01\/19\/o-que-esta-em-causa-e-o-perfil-de-um-presidente\/#article","isPartOf":{"@id":"https:\/\/estadocomarte.pt\/site\/2026\/01\/19\/o-que-esta-em-causa-e-o-perfil-de-um-presidente\/"},"author":{"name":"admin","@id":"https:\/\/estadocomarte.pt\/site\/#\/schema\/person\/c0943a071216c1e5b21f85304151e4ba"},"headline":"O QUE EST\u00c1 EM CAUSA \u00c9 O PERFIL DE UM PRESIDENTE","datePublished":"2026-01-19T21:35:25+00:00","dateModified":"2026-01-21T12:36:34+00:00","mainEntityOfPage":{"@id":"https:\/\/estadocomarte.pt\/site\/2026\/01\/19\/o-que-esta-em-causa-e-o-perfil-de-um-presidente\/"},"wordCount":957,"commentCount":0,"publisher":{"@id":"https:\/\/estadocomarte.pt\/site\/#organization"},"image":{"@id":"https:\/\/estadocomarte.pt\/site\/2026\/01\/19\/o-que-esta-em-causa-e-o-perfil-de-um-presidente\/#primaryimage"},"thumbnailUrl":"https:\/\/estadocomarte.pt\/site\/wp-content\/uploads\/2023\/08\/Rui-Goncalves.jpg","keywords":["rui gon\u00e7alves"],"articleSection":["Sociedade"],"inLanguage":"pt-PT","potentialAction":[{"@type":"CommentAction","name":"Comment","target":["https:\/\/estadocomarte.pt\/site\/2026\/01\/19\/o-que-esta-em-causa-e-o-perfil-de-um-presidente\/#respond"]}]},{"@type":"WebPage","@id":"https:\/\/estadocomarte.pt\/site\/2026\/01\/19\/o-que-esta-em-causa-e-o-perfil-de-um-presidente\/","url":"https:\/\/estadocomarte.pt\/site\/2026\/01\/19\/o-que-esta-em-causa-e-o-perfil-de-um-presidente\/","name":"O QUE EST\u00c1 EM CAUSA \u00c9 O PERFIL DE UM PRESIDENTE - Estado com Arte","isPartOf":{"@id":"https:\/\/estadocomarte.pt\/site\/#website"},"primaryImageOfPage":{"@id":"https:\/\/estadocomarte.pt\/site\/2026\/01\/19\/o-que-esta-em-causa-e-o-perfil-de-um-presidente\/#primaryimage"},"image":{"@id":"https:\/\/estadocomarte.pt\/site\/2026\/01\/19\/o-que-esta-em-causa-e-o-perfil-de-um-presidente\/#primaryimage"},"thumbnailUrl":"https:\/\/estadocomarte.pt\/site\/wp-content\/uploads\/2023\/08\/Rui-Goncalves.jpg","datePublished":"2026-01-19T21:35:25+00:00","dateModified":"2026-01-21T12:36:34+00:00","breadcrumb":{"@id":"https:\/\/estadocomarte.pt\/site\/2026\/01\/19\/o-que-esta-em-causa-e-o-perfil-de-um-presidente\/#breadcrumb"},"inLanguage":"pt-PT","potentialAction":[{"@type":"ReadAction","target":["https:\/\/estadocomarte.pt\/site\/2026\/01\/19\/o-que-esta-em-causa-e-o-perfil-de-um-presidente\/"]}]},{"@type":"ImageObject","inLanguage":"pt-PT","@id":"https:\/\/estadocomarte.pt\/site\/2026\/01\/19\/o-que-esta-em-causa-e-o-perfil-de-um-presidente\/#primaryimage","url":"https:\/\/estadocomarte.pt\/site\/wp-content\/uploads\/2023\/08\/Rui-Goncalves.jpg","contentUrl":"https:\/\/estadocomarte.pt\/site\/wp-content\/uploads\/2023\/08\/Rui-Goncalves.jpg","width":536,"height":632,"caption":"Rui Gon\u00e7alvez"},{"@type":"BreadcrumbList","@id":"https:\/\/estadocomarte.pt\/site\/2026\/01\/19\/o-que-esta-em-causa-e-o-perfil-de-um-presidente\/#breadcrumb","itemListElement":[{"@type":"ListItem","position":1,"name":"In\u00edcio","item":"https:\/\/estadocomarte.pt\/site\/"},{"@type":"ListItem","position":2,"name":"O QUE EST\u00c1 EM CAUSA \u00c9 O PERFIL DE UM PRESIDENTE"}]},{"@type":"WebSite","@id":"https:\/\/estadocomarte.pt\/site\/#website","url":"https:\/\/estadocomarte.pt\/site\/","name":"Estado com Arte Magazine","description":"Magazine","publisher":{"@id":"https:\/\/estadocomarte.pt\/site\/#organization"},"alternateName":"Magazine semanal sobre pol\u00edtica e cultura, com autores, opini\u00e3o e cr\u00edticas.","potentialAction":[{"@type":"SearchAction","target":{"@type":"EntryPoint","urlTemplate":"https:\/\/estadocomarte.pt\/site\/?s={search_term_string}"},"query-input":{"@type":"PropertyValueSpecification","valueRequired":true,"valueName":"search_term_string"}}],"inLanguage":"pt-PT"},{"@type":"Organization","@id":"https:\/\/estadocomarte.pt\/site\/#organization","name":"Estado com Arte Magazine","alternateName":"Magazine semanal sobre pol\u00edtica e cultura, com autores, opini\u00e3o e cr\u00edticas.","url":"https:\/\/estadocomarte.pt\/site\/","logo":{"@type":"ImageObject","inLanguage":"pt-PT","@id":"https:\/\/estadocomarte.pt\/site\/#\/schema\/logo\/image\/","url":"https:\/\/estadocomarte.pt\/site\/wp-content\/uploads\/2023\/06\/cropped-cropped-Prancheta-2@2x-100.jpg","contentUrl":"https:\/\/estadocomarte.pt\/site\/wp-content\/uploads\/2023\/06\/cropped-cropped-Prancheta-2@2x-100.jpg","width":1777,"height":592,"caption":"Estado com Arte Magazine"},"image":{"@id":"https:\/\/estadocomarte.pt\/site\/#\/schema\/logo\/image\/"},"sameAs":["https:\/\/www.instagram.com\/estadocomartemagazine"]},{"@type":"Person","@id":"https:\/\/estadocomarte.pt\/site\/#\/schema\/person\/c0943a071216c1e5b21f85304151e4ba","name":"admin","image":{"@type":"ImageObject","inLanguage":"pt-PT","@id":"https:\/\/estadocomarte.pt\/site\/#\/schema\/person\/image\/","url":"https:\/\/secure.gravatar.com\/avatar\/e6f378fd6914c8505d3e1d40f51fa953b21bab0f3a5658a33bc84cb5bda780f9?s=96&d=mm&r=g","contentUrl":"https:\/\/secure.gravatar.com\/avatar\/e6f378fd6914c8505d3e1d40f51fa953b21bab0f3a5658a33bc84cb5bda780f9?s=96&d=mm&r=g","caption":"admin"},"sameAs":["https:\/\/estadocomarte.pt\/site"],"url":"https:\/\/estadocomarte.pt\/site\/author\/admin\/"}]}},"_links":{"self":[{"href":"https:\/\/estadocomarte.pt\/site\/wp-json\/wp\/v2\/posts\/11844","targetHints":{"allow":["GET"]}}],"collection":[{"href":"https:\/\/estadocomarte.pt\/site\/wp-json\/wp\/v2\/posts"}],"about":[{"href":"https:\/\/estadocomarte.pt\/site\/wp-json\/wp\/v2\/types\/post"}],"author":[{"embeddable":true,"href":"https:\/\/estadocomarte.pt\/site\/wp-json\/wp\/v2\/users\/1"}],"replies":[{"embeddable":true,"href":"https:\/\/estadocomarte.pt\/site\/wp-json\/wp\/v2\/comments?post=11844"}],"version-history":[{"count":2,"href":"https:\/\/estadocomarte.pt\/site\/wp-json\/wp\/v2\/posts\/11844\/revisions"}],"predecessor-version":[{"id":11847,"href":"https:\/\/estadocomarte.pt\/site\/wp-json\/wp\/v2\/posts\/11844\/revisions\/11847"}],"wp:featuredmedia":[{"embeddable":true,"href":"https:\/\/estadocomarte.pt\/site\/wp-json\/wp\/v2\/media\/2202"}],"wp:attachment":[{"href":"https:\/\/estadocomarte.pt\/site\/wp-json\/wp\/v2\/media?parent=11844"}],"wp:term":[{"taxonomy":"category","embeddable":true,"href":"https:\/\/estadocomarte.pt\/site\/wp-json\/wp\/v2\/categories?post=11844"},{"taxonomy":"post_tag","embeddable":true,"href":"https:\/\/estadocomarte.pt\/site\/wp-json\/wp\/v2\/tags?post=11844"}],"curies":[{"name":"wp","href":"https:\/\/api.w.org\/{rel}","templated":true}]}}