{"id":11866,"date":"2026-01-20T18:43:32","date_gmt":"2026-01-20T18:43:32","guid":{"rendered":"https:\/\/estadocomarte.pt\/site\/?p=11866"},"modified":"2026-01-20T20:36:27","modified_gmt":"2026-01-20T20:36:27","slug":"gronelandia-estas-dinamicas-ao-longo-da-historia-foram-mais-a-regra-do-que-a-excecao","status":"publish","type":"post","link":"https:\/\/estadocomarte.pt\/site\/2026\/01\/20\/gronelandia-estas-dinamicas-ao-longo-da-historia-foram-mais-a-regra-do-que-a-excecao\/","title":{"rendered":"Gronel\u00e2ndia. &#8220;Estas din\u00e2micas, ao longo da Hist\u00f3ria, foram mais a regra do que a exce\u00e7\u00e3o&#8221;"},"content":{"rendered":"<p><strong>Teresa Nogueira Pinto com Doutoramento em Estudos sobre a globaliza\u00e7\u00e3o <\/strong><strong>questionada pelo Estado com Arte Magazine sobre o interesse da Administra\u00e7\u00e3o Trump na zona territorial da Gronel\u00e2ndia considera que est\u00e1 em causa a &#8220;enorme relev\u00e2ncia, do ponto de vista geopol\u00edtico da Gronel\u00e2ndia&#8221;, incluindo em quest\u00f5es de seguran\u00e7a, o acesso ao \u00e1rtico, acesso a recursos que &#8220;ser\u00e3o decisivos na competi\u00e7\u00e3o econ\u00f3mica, e a rotas comerciais&#8221;.<\/strong><\/p>\n<p><strong>Desde Outubro de 2011 contribui regularmente para as plataforma de intelig\u00eancia Geopolitical Information<\/strong> <strong>Service (GIS) e World Review, como analista de assuntos africanos.\u00a0<\/strong><\/p>\n<p>A seu ver &#8220;nao existe, uma soberania europeia e ainda bem&#8221;. Enquanto os pa\u00edses soberanos que integram a UE n\u00e3o tiverem esse debate com abertura e seriedade, a Europa, e cada um dos pa\u00edses que a comp\u00f5em, continuar\u00e1 &#8220;a ser irrelevante&#8221; do ponto de vista geopol\u00edtico.<\/p>\n<p><strong>Donald Trump, conseguir\u00e1 for\u00e7ar a Gronel\u00e2ndia a mudar de soberania<\/strong>?<\/p>\n<p>O conceito de soberania, no caso da Gronel\u00e2ndia, \u00e9 dif\u00edcil de definir. A soberania define-se por aquele que decide em \u00faltima inst\u00e2ncia. Ora, no caso da Gronel\u00e2ndia, que \u00e9 um territ\u00f3rio aut\u00f3nomo, mas ainda dependente da Dinamarca, n\u00e3o \u00e9 claro onde essa soberania reside. Est\u00e1 estabelecido, no entanto, que o povo da Gronel\u00e2ndia, caso seja essa a sua vontade, tem direito \u00e0 independ\u00eancia (colocando-se aqui a hip\u00f3tese de um referendo).<\/p>\n<p>Creio que o interesse de Trump \u00e9 garantir que a Gronel\u00e2ndia se insere numa esfera de influ\u00eancia dos EUA, e tudo indica que utilizar\u00e1 todos os meios diplom\u00e1ticos, incluindo formas de coer\u00e7\u00e3o econ\u00f3mica, para garantir esse objetivo.<\/p>\n<p><strong>\u00c9 vi\u00e1vel? O que est\u00e1 em causa? Quais os verdadeiros interesses econ\u00f3micos de Trump?<\/strong><\/p>\n<p>Vi\u00e1vel \u00e9 certamente, a Hist\u00f3ria mostra-nos que tudo \u00e9 vi\u00e1vel. N\u00e3o sei quais os verdadeiros interesses econ\u00f3micos de Donald Trump. Parece-me que o que est\u00e1 em causa \u00e9 a enorme relev\u00e2ncia, do ponto de vista geopol\u00edtico, da Gronel\u00e2ndia, incluindo em quest\u00f5es de seguran\u00e7a, acesso ao \u00e1rtico, acesso a recursos que ser\u00e3o decisivos na competi\u00e7\u00e3o econ\u00f3mica, e a rotas comerciais. Essa relev\u00e2ncia deve ser lida no quadro de uma ordem internacional em mudan\u00e7a, marcada pela crise do multilateralismo, e pelo regresso de din\u00e2micas de competi\u00e7\u00e3o, entre grandes pot\u00eancias, por \u00e1reas de influ\u00eancia. Ser\u00e1 importante notar que estas din\u00e2micas, ao longo da Hist\u00f3ria, foram mais a regra do que a exce\u00e7\u00e3o.<\/p>\n<p><strong>Mas \u00e9 poss\u00edvel Trump estar a usar esta narrativa apenas para mostrar poder aos seus opositores R\u00fassia e a China?<\/strong><\/p>\n<p>N\u00e3o creio que se trate apenas de uma narrativa. Temos aqui, naturalmente, a forma disruptiva e diplomaticamente incorrecta, que \u00e9 uma marca de Trump. Mas do ponto de vista da seguran\u00e7a e defesa dos Estados Unidos, e tendo em conta que a R\u00fassia \u00e9 uma das pot\u00eancias rivais dos Estados Unidos, a import\u00e2ncia da Gronel\u00e2ndia \u00e9 \u00f3bvia &#8211; \u00e9 a via atrav\u00e9s da qual a R\u00fassia poderia atingir o territ\u00f3rio americano.<\/p>\n<p>Relativamente \u00e0 China, esta Administra\u00e7\u00e3o, que assenta a leitura e a estrat\u00e9gia internacional numa posi\u00e7\u00e3o de realismo transacional, entende ser fundamental garantir o controlo sobre a rota comercial do \u00c1rtico. E, claro, se n\u00e3o forem os Estados Unidos a assegurar esse controle, ser\u00e1 um dos seus rivais. Respondendo \u00e0 pergunta, \u00e9 uma quest\u00e3o de demonstra\u00e7\u00e3o de for\u00e7a num quadro de competi\u00e7\u00e3o entre grandes pot\u00eancias, mas que assenta numa leitura geopol\u00edtica e geoecon\u00f3mica.<\/p>\n<p><strong>Como deve responder a UE a este ataque a um territ\u00f3rio da Nato?<\/strong><\/p>\n<p>A Europa deveria esfor\u00e7ar-se por compreender o mundo tal como ele \u00e9. H\u00e1 um livro do Robert Kagan, de 2003, muito interessante e, num certo sentido, prof\u00e9tico ( Do Para\u00edso e do Poder: A Am\u00e9rica e a Europa na Nova Ordem Mundial). A Europa, tamb\u00e9m pela sua fraqueza militar, vive na ilus\u00e3o de um mundo Kantiano, regulado por normas e institui\u00e7\u00f5es. Mas o resto do mundo, incluindo a China, a R\u00fassia, e os Estados Unidos, n\u00e3o vivem de acordo com essa ilus\u00e3o.<\/p>\n<p>De pouco servir\u00e3o as indigna\u00e7\u00f5es ou a invoca\u00e7\u00e3o de uma ordem exausta (veja-se, por exemplo, a enorme crise de uma ONU afogada em contradi\u00e7\u00f5es). Mas o problema \u00e9 que a &#8220;Europa&#8221;, ao contr\u00e1rio da China ou dos Estados Unidos, \u00e9 um conceito essencialmente contest\u00e1vel. N\u00e3o existe, e ainda bem, no meu entender, uma soberania europeia. E enquanto os pa\u00edses soberanos que integram a UE n\u00e3o tiverem esse debate com abertura e seriedade, a Europa, e cada um dos pa\u00edses que a comp\u00f5em, continuar\u00e1 a ser irrelevante do ponto de vista geopol\u00edtico. A UE, e os pa\u00edses que a integram (com sensibilidades e alian\u00e7as muito distintas) ser\u00e1 cada vez mais colocada com o dilema da escolha.<\/p>\n","protected":false},"excerpt":{"rendered":"<p>Marta Roque<\/p>\n","protected":false},"author":1,"featured_media":11867,"comment_status":"open","ping_status":"open","sticky":false,"template":"","format":"standard","meta":{"site-sidebar-layout":"default","site-content-layout":"default","ast-global-header-display":"","ast-banner-title-visibility":"","ast-main-header-display":"","ast-hfb-above-header-display":"","ast-hfb-below-header-display":"","ast-hfb-mobile-header-display":"","site-post-title":"","ast-breadcrumbs-content":"","ast-featured-img":"","footer-sml-layout":"","theme-transparent-header-meta":"default","adv-header-id-meta":"","stick-header-meta":"","header-above-stick-meta":"","header-main-stick-meta":"","header-below-stick-meta":"","footnotes":""},"categories":[4],"tags":[2339,2337,380,2338],"class_list":["post-11866","post","type-post","status-publish","format-standard","has-post-thumbnail","hentry","category-politica","tag-greenland","tag-teresa-nogueira-pinto","tag-trump","tag-ue"],"yoast_head":"<!-- This site is optimized with the Yoast SEO plugin v25.1 - https:\/\/yoast.com\/wordpress\/plugins\/seo\/ -->\n<title>Gronel\u00e2ndia. &quot;Estas din\u00e2micas, ao longo da Hist\u00f3ria, foram mais a regra do que a exce\u00e7\u00e3o&quot; - Estado com Arte<\/title>\n<meta name=\"robots\" content=\"index, follow, max-snippet:-1, max-image-preview:large, max-video-preview:-1\" \/>\n<link rel=\"canonical\" href=\"https:\/\/estadocomarte.pt\/site\/2026\/01\/20\/gronelandia-estas-dinamicas-ao-longo-da-historia-foram-mais-a-regra-do-que-a-excecao\/\" \/>\n<meta property=\"og:locale\" content=\"pt_PT\" \/>\n<meta property=\"og:type\" content=\"article\" \/>\n<meta property=\"og:title\" content=\"Gronel\u00e2ndia. &quot;Estas din\u00e2micas, ao longo da Hist\u00f3ria, foram mais a regra do que a exce\u00e7\u00e3o&quot; - Estado com Arte\" \/>\n<meta property=\"og:description\" content=\"Marta Roque\" \/>\n<meta property=\"og:url\" content=\"https:\/\/estadocomarte.pt\/site\/2026\/01\/20\/gronelandia-estas-dinamicas-ao-longo-da-historia-foram-mais-a-regra-do-que-a-excecao\/\" \/>\n<meta property=\"og:site_name\" content=\"Estado com Arte\" \/>\n<meta property=\"article:published_time\" content=\"2026-01-20T18:43:32+00:00\" \/>\n<meta property=\"article:modified_time\" content=\"2026-01-20T20:36:27+00:00\" \/>\n<meta property=\"og:image\" content=\"https:\/\/estadocomarte.pt\/site\/wp-content\/uploads\/2026\/01\/teresa-nogueira-pinto-e1657978774238.jpg\" \/>\n\t<meta property=\"og:image:width\" content=\"350\" \/>\n\t<meta property=\"og:image:height\" content=\"260\" \/>\n\t<meta property=\"og:image:type\" content=\"image\/jpeg\" \/>\n<meta name=\"author\" content=\"admin\" \/>\n<meta name=\"twitter:card\" content=\"summary_large_image\" \/>\n<meta name=\"twitter:label1\" content=\"Escrito por\" \/>\n\t<meta name=\"twitter:data1\" content=\"admin\" \/>\n\t<meta name=\"twitter:label2\" content=\"Tempo estimado de leitura\" \/>\n\t<meta name=\"twitter:data2\" content=\"5 minutos\" \/>\n<script type=\"application\/ld+json\" class=\"yoast-schema-graph\">{\"@context\":\"https:\/\/schema.org\",\"@graph\":[{\"@type\":\"Article\",\"@id\":\"https:\/\/estadocomarte.pt\/site\/2026\/01\/20\/gronelandia-estas-dinamicas-ao-longo-da-historia-foram-mais-a-regra-do-que-a-excecao\/#article\",\"isPartOf\":{\"@id\":\"https:\/\/estadocomarte.pt\/site\/2026\/01\/20\/gronelandia-estas-dinamicas-ao-longo-da-historia-foram-mais-a-regra-do-que-a-excecao\/\"},\"author\":{\"name\":\"admin\",\"@id\":\"https:\/\/estadocomarte.pt\/site\/#\/schema\/person\/c0943a071216c1e5b21f85304151e4ba\"},\"headline\":\"Gronel\u00e2ndia. &#8220;Estas din\u00e2micas, ao longo da Hist\u00f3ria, foram mais a regra do que a exce\u00e7\u00e3o&#8221;\",\"datePublished\":\"2026-01-20T18:43:32+00:00\",\"dateModified\":\"2026-01-20T20:36:27+00:00\",\"mainEntityOfPage\":{\"@id\":\"https:\/\/estadocomarte.pt\/site\/2026\/01\/20\/gronelandia-estas-dinamicas-ao-longo-da-historia-foram-mais-a-regra-do-que-a-excecao\/\"},\"wordCount\":847,\"commentCount\":0,\"publisher\":{\"@id\":\"https:\/\/estadocomarte.pt\/site\/#organization\"},\"image\":{\"@id\":\"https:\/\/estadocomarte.pt\/site\/2026\/01\/20\/gronelandia-estas-dinamicas-ao-longo-da-historia-foram-mais-a-regra-do-que-a-excecao\/#primaryimage\"},\"thumbnailUrl\":\"https:\/\/estadocomarte.pt\/site\/wp-content\/uploads\/2026\/01\/teresa-nogueira-pinto-e1657978774238.jpg\",\"keywords\":[\"Greenland\",\"Teresa Nogueira Pinto\",\"TRump\",\"UE\"],\"articleSection\":[\"Pol\u00edtica\"],\"inLanguage\":\"pt-PT\",\"potentialAction\":[{\"@type\":\"CommentAction\",\"name\":\"Comment\",\"target\":[\"https:\/\/estadocomarte.pt\/site\/2026\/01\/20\/gronelandia-estas-dinamicas-ao-longo-da-historia-foram-mais-a-regra-do-que-a-excecao\/#respond\"]}]},{\"@type\":\"WebPage\",\"@id\":\"https:\/\/estadocomarte.pt\/site\/2026\/01\/20\/gronelandia-estas-dinamicas-ao-longo-da-historia-foram-mais-a-regra-do-que-a-excecao\/\",\"url\":\"https:\/\/estadocomarte.pt\/site\/2026\/01\/20\/gronelandia-estas-dinamicas-ao-longo-da-historia-foram-mais-a-regra-do-que-a-excecao\/\",\"name\":\"Gronel\u00e2ndia. \\\"Estas din\u00e2micas, ao longo da Hist\u00f3ria, foram mais a regra do que a exce\u00e7\u00e3o\\\" - Estado com Arte\",\"isPartOf\":{\"@id\":\"https:\/\/estadocomarte.pt\/site\/#website\"},\"primaryImageOfPage\":{\"@id\":\"https:\/\/estadocomarte.pt\/site\/2026\/01\/20\/gronelandia-estas-dinamicas-ao-longo-da-historia-foram-mais-a-regra-do-que-a-excecao\/#primaryimage\"},\"image\":{\"@id\":\"https:\/\/estadocomarte.pt\/site\/2026\/01\/20\/gronelandia-estas-dinamicas-ao-longo-da-historia-foram-mais-a-regra-do-que-a-excecao\/#primaryimage\"},\"thumbnailUrl\":\"https:\/\/estadocomarte.pt\/site\/wp-content\/uploads\/2026\/01\/teresa-nogueira-pinto-e1657978774238.jpg\",\"datePublished\":\"2026-01-20T18:43:32+00:00\",\"dateModified\":\"2026-01-20T20:36:27+00:00\",\"breadcrumb\":{\"@id\":\"https:\/\/estadocomarte.pt\/site\/2026\/01\/20\/gronelandia-estas-dinamicas-ao-longo-da-historia-foram-mais-a-regra-do-que-a-excecao\/#breadcrumb\"},\"inLanguage\":\"pt-PT\",\"potentialAction\":[{\"@type\":\"ReadAction\",\"target\":[\"https:\/\/estadocomarte.pt\/site\/2026\/01\/20\/gronelandia-estas-dinamicas-ao-longo-da-historia-foram-mais-a-regra-do-que-a-excecao\/\"]}]},{\"@type\":\"ImageObject\",\"inLanguage\":\"pt-PT\",\"@id\":\"https:\/\/estadocomarte.pt\/site\/2026\/01\/20\/gronelandia-estas-dinamicas-ao-longo-da-historia-foram-mais-a-regra-do-que-a-excecao\/#primaryimage\",\"url\":\"https:\/\/estadocomarte.pt\/site\/wp-content\/uploads\/2026\/01\/teresa-nogueira-pinto-e1657978774238.jpg\",\"contentUrl\":\"https:\/\/estadocomarte.pt\/site\/wp-content\/uploads\/2026\/01\/teresa-nogueira-pinto-e1657978774238.jpg\",\"width\":350,\"height\":260},{\"@type\":\"BreadcrumbList\",\"@id\":\"https:\/\/estadocomarte.pt\/site\/2026\/01\/20\/gronelandia-estas-dinamicas-ao-longo-da-historia-foram-mais-a-regra-do-que-a-excecao\/#breadcrumb\",\"itemListElement\":[{\"@type\":\"ListItem\",\"position\":1,\"name\":\"In\u00edcio\",\"item\":\"https:\/\/estadocomarte.pt\/site\/\"},{\"@type\":\"ListItem\",\"position\":2,\"name\":\"Gronel\u00e2ndia. &#8220;Estas din\u00e2micas, ao longo da Hist\u00f3ria, foram mais a regra do que a exce\u00e7\u00e3o&#8221;\"}]},{\"@type\":\"WebSite\",\"@id\":\"https:\/\/estadocomarte.pt\/site\/#website\",\"url\":\"https:\/\/estadocomarte.pt\/site\/\",\"name\":\"Estado com Arte Magazine\",\"description\":\"Magazine\",\"publisher\":{\"@id\":\"https:\/\/estadocomarte.pt\/site\/#organization\"},\"alternateName\":\"Magazine semanal sobre pol\u00edtica e cultura, com autores, opini\u00e3o e cr\u00edticas.\",\"potentialAction\":[{\"@type\":\"SearchAction\",\"target\":{\"@type\":\"EntryPoint\",\"urlTemplate\":\"https:\/\/estadocomarte.pt\/site\/?s={search_term_string}\"},\"query-input\":{\"@type\":\"PropertyValueSpecification\",\"valueRequired\":true,\"valueName\":\"search_term_string\"}}],\"inLanguage\":\"pt-PT\"},{\"@type\":\"Organization\",\"@id\":\"https:\/\/estadocomarte.pt\/site\/#organization\",\"name\":\"Estado com Arte Magazine\",\"alternateName\":\"Magazine semanal sobre pol\u00edtica e cultura, com autores, opini\u00e3o e cr\u00edticas.\",\"url\":\"https:\/\/estadocomarte.pt\/site\/\",\"logo\":{\"@type\":\"ImageObject\",\"inLanguage\":\"pt-PT\",\"@id\":\"https:\/\/estadocomarte.pt\/site\/#\/schema\/logo\/image\/\",\"url\":\"https:\/\/estadocomarte.pt\/site\/wp-content\/uploads\/2023\/06\/cropped-cropped-Prancheta-2@2x-100.jpg\",\"contentUrl\":\"https:\/\/estadocomarte.pt\/site\/wp-content\/uploads\/2023\/06\/cropped-cropped-Prancheta-2@2x-100.jpg\",\"width\":1777,\"height\":592,\"caption\":\"Estado com Arte Magazine\"},\"image\":{\"@id\":\"https:\/\/estadocomarte.pt\/site\/#\/schema\/logo\/image\/\"},\"sameAs\":[\"https:\/\/www.instagram.com\/estadocomartemagazine\"]},{\"@type\":\"Person\",\"@id\":\"https:\/\/estadocomarte.pt\/site\/#\/schema\/person\/c0943a071216c1e5b21f85304151e4ba\",\"name\":\"admin\",\"image\":{\"@type\":\"ImageObject\",\"inLanguage\":\"pt-PT\",\"@id\":\"https:\/\/estadocomarte.pt\/site\/#\/schema\/person\/image\/\",\"url\":\"https:\/\/secure.gravatar.com\/avatar\/e6f378fd6914c8505d3e1d40f51fa953b21bab0f3a5658a33bc84cb5bda780f9?s=96&d=mm&r=g\",\"contentUrl\":\"https:\/\/secure.gravatar.com\/avatar\/e6f378fd6914c8505d3e1d40f51fa953b21bab0f3a5658a33bc84cb5bda780f9?s=96&d=mm&r=g\",\"caption\":\"admin\"},\"sameAs\":[\"https:\/\/estadocomarte.pt\/site\"],\"url\":\"https:\/\/estadocomarte.pt\/site\/author\/admin\/\"}]}<\/script>\n<!-- \/ Yoast SEO plugin. -->","yoast_head_json":{"title":"Gronel\u00e2ndia. \"Estas din\u00e2micas, ao longo da Hist\u00f3ria, foram mais a regra do que a exce\u00e7\u00e3o\" - Estado com Arte","robots":{"index":"index","follow":"follow","max-snippet":"max-snippet:-1","max-image-preview":"max-image-preview:large","max-video-preview":"max-video-preview:-1"},"canonical":"https:\/\/estadocomarte.pt\/site\/2026\/01\/20\/gronelandia-estas-dinamicas-ao-longo-da-historia-foram-mais-a-regra-do-que-a-excecao\/","og_locale":"pt_PT","og_type":"article","og_title":"Gronel\u00e2ndia. \"Estas din\u00e2micas, ao longo da Hist\u00f3ria, foram mais a regra do que a exce\u00e7\u00e3o\" - Estado com Arte","og_description":"Marta Roque","og_url":"https:\/\/estadocomarte.pt\/site\/2026\/01\/20\/gronelandia-estas-dinamicas-ao-longo-da-historia-foram-mais-a-regra-do-que-a-excecao\/","og_site_name":"Estado com Arte","article_published_time":"2026-01-20T18:43:32+00:00","article_modified_time":"2026-01-20T20:36:27+00:00","og_image":[{"width":350,"height":260,"url":"https:\/\/estadocomarte.pt\/site\/wp-content\/uploads\/2026\/01\/teresa-nogueira-pinto-e1657978774238.jpg","type":"image\/jpeg"}],"author":"admin","twitter_card":"summary_large_image","twitter_misc":{"Escrito por":"admin","Tempo estimado de leitura":"5 minutos"},"schema":{"@context":"https:\/\/schema.org","@graph":[{"@type":"Article","@id":"https:\/\/estadocomarte.pt\/site\/2026\/01\/20\/gronelandia-estas-dinamicas-ao-longo-da-historia-foram-mais-a-regra-do-que-a-excecao\/#article","isPartOf":{"@id":"https:\/\/estadocomarte.pt\/site\/2026\/01\/20\/gronelandia-estas-dinamicas-ao-longo-da-historia-foram-mais-a-regra-do-que-a-excecao\/"},"author":{"name":"admin","@id":"https:\/\/estadocomarte.pt\/site\/#\/schema\/person\/c0943a071216c1e5b21f85304151e4ba"},"headline":"Gronel\u00e2ndia. &#8220;Estas din\u00e2micas, ao longo da Hist\u00f3ria, foram mais a regra do que a exce\u00e7\u00e3o&#8221;","datePublished":"2026-01-20T18:43:32+00:00","dateModified":"2026-01-20T20:36:27+00:00","mainEntityOfPage":{"@id":"https:\/\/estadocomarte.pt\/site\/2026\/01\/20\/gronelandia-estas-dinamicas-ao-longo-da-historia-foram-mais-a-regra-do-que-a-excecao\/"},"wordCount":847,"commentCount":0,"publisher":{"@id":"https:\/\/estadocomarte.pt\/site\/#organization"},"image":{"@id":"https:\/\/estadocomarte.pt\/site\/2026\/01\/20\/gronelandia-estas-dinamicas-ao-longo-da-historia-foram-mais-a-regra-do-que-a-excecao\/#primaryimage"},"thumbnailUrl":"https:\/\/estadocomarte.pt\/site\/wp-content\/uploads\/2026\/01\/teresa-nogueira-pinto-e1657978774238.jpg","keywords":["Greenland","Teresa Nogueira Pinto","TRump","UE"],"articleSection":["Pol\u00edtica"],"inLanguage":"pt-PT","potentialAction":[{"@type":"CommentAction","name":"Comment","target":["https:\/\/estadocomarte.pt\/site\/2026\/01\/20\/gronelandia-estas-dinamicas-ao-longo-da-historia-foram-mais-a-regra-do-que-a-excecao\/#respond"]}]},{"@type":"WebPage","@id":"https:\/\/estadocomarte.pt\/site\/2026\/01\/20\/gronelandia-estas-dinamicas-ao-longo-da-historia-foram-mais-a-regra-do-que-a-excecao\/","url":"https:\/\/estadocomarte.pt\/site\/2026\/01\/20\/gronelandia-estas-dinamicas-ao-longo-da-historia-foram-mais-a-regra-do-que-a-excecao\/","name":"Gronel\u00e2ndia. \"Estas din\u00e2micas, ao longo da Hist\u00f3ria, foram mais a regra do que a exce\u00e7\u00e3o\" - Estado com Arte","isPartOf":{"@id":"https:\/\/estadocomarte.pt\/site\/#website"},"primaryImageOfPage":{"@id":"https:\/\/estadocomarte.pt\/site\/2026\/01\/20\/gronelandia-estas-dinamicas-ao-longo-da-historia-foram-mais-a-regra-do-que-a-excecao\/#primaryimage"},"image":{"@id":"https:\/\/estadocomarte.pt\/site\/2026\/01\/20\/gronelandia-estas-dinamicas-ao-longo-da-historia-foram-mais-a-regra-do-que-a-excecao\/#primaryimage"},"thumbnailUrl":"https:\/\/estadocomarte.pt\/site\/wp-content\/uploads\/2026\/01\/teresa-nogueira-pinto-e1657978774238.jpg","datePublished":"2026-01-20T18:43:32+00:00","dateModified":"2026-01-20T20:36:27+00:00","breadcrumb":{"@id":"https:\/\/estadocomarte.pt\/site\/2026\/01\/20\/gronelandia-estas-dinamicas-ao-longo-da-historia-foram-mais-a-regra-do-que-a-excecao\/#breadcrumb"},"inLanguage":"pt-PT","potentialAction":[{"@type":"ReadAction","target":["https:\/\/estadocomarte.pt\/site\/2026\/01\/20\/gronelandia-estas-dinamicas-ao-longo-da-historia-foram-mais-a-regra-do-que-a-excecao\/"]}]},{"@type":"ImageObject","inLanguage":"pt-PT","@id":"https:\/\/estadocomarte.pt\/site\/2026\/01\/20\/gronelandia-estas-dinamicas-ao-longo-da-historia-foram-mais-a-regra-do-que-a-excecao\/#primaryimage","url":"https:\/\/estadocomarte.pt\/site\/wp-content\/uploads\/2026\/01\/teresa-nogueira-pinto-e1657978774238.jpg","contentUrl":"https:\/\/estadocomarte.pt\/site\/wp-content\/uploads\/2026\/01\/teresa-nogueira-pinto-e1657978774238.jpg","width":350,"height":260},{"@type":"BreadcrumbList","@id":"https:\/\/estadocomarte.pt\/site\/2026\/01\/20\/gronelandia-estas-dinamicas-ao-longo-da-historia-foram-mais-a-regra-do-que-a-excecao\/#breadcrumb","itemListElement":[{"@type":"ListItem","position":1,"name":"In\u00edcio","item":"https:\/\/estadocomarte.pt\/site\/"},{"@type":"ListItem","position":2,"name":"Gronel\u00e2ndia. &#8220;Estas din\u00e2micas, ao longo da Hist\u00f3ria, foram mais a regra do que a exce\u00e7\u00e3o&#8221;"}]},{"@type":"WebSite","@id":"https:\/\/estadocomarte.pt\/site\/#website","url":"https:\/\/estadocomarte.pt\/site\/","name":"Estado com Arte Magazine","description":"Magazine","publisher":{"@id":"https:\/\/estadocomarte.pt\/site\/#organization"},"alternateName":"Magazine semanal sobre pol\u00edtica e cultura, com autores, opini\u00e3o e cr\u00edticas.","potentialAction":[{"@type":"SearchAction","target":{"@type":"EntryPoint","urlTemplate":"https:\/\/estadocomarte.pt\/site\/?s={search_term_string}"},"query-input":{"@type":"PropertyValueSpecification","valueRequired":true,"valueName":"search_term_string"}}],"inLanguage":"pt-PT"},{"@type":"Organization","@id":"https:\/\/estadocomarte.pt\/site\/#organization","name":"Estado com Arte Magazine","alternateName":"Magazine semanal sobre pol\u00edtica e cultura, com autores, opini\u00e3o e cr\u00edticas.","url":"https:\/\/estadocomarte.pt\/site\/","logo":{"@type":"ImageObject","inLanguage":"pt-PT","@id":"https:\/\/estadocomarte.pt\/site\/#\/schema\/logo\/image\/","url":"https:\/\/estadocomarte.pt\/site\/wp-content\/uploads\/2023\/06\/cropped-cropped-Prancheta-2@2x-100.jpg","contentUrl":"https:\/\/estadocomarte.pt\/site\/wp-content\/uploads\/2023\/06\/cropped-cropped-Prancheta-2@2x-100.jpg","width":1777,"height":592,"caption":"Estado com Arte Magazine"},"image":{"@id":"https:\/\/estadocomarte.pt\/site\/#\/schema\/logo\/image\/"},"sameAs":["https:\/\/www.instagram.com\/estadocomartemagazine"]},{"@type":"Person","@id":"https:\/\/estadocomarte.pt\/site\/#\/schema\/person\/c0943a071216c1e5b21f85304151e4ba","name":"admin","image":{"@type":"ImageObject","inLanguage":"pt-PT","@id":"https:\/\/estadocomarte.pt\/site\/#\/schema\/person\/image\/","url":"https:\/\/secure.gravatar.com\/avatar\/e6f378fd6914c8505d3e1d40f51fa953b21bab0f3a5658a33bc84cb5bda780f9?s=96&d=mm&r=g","contentUrl":"https:\/\/secure.gravatar.com\/avatar\/e6f378fd6914c8505d3e1d40f51fa953b21bab0f3a5658a33bc84cb5bda780f9?s=96&d=mm&r=g","caption":"admin"},"sameAs":["https:\/\/estadocomarte.pt\/site"],"url":"https:\/\/estadocomarte.pt\/site\/author\/admin\/"}]}},"_links":{"self":[{"href":"https:\/\/estadocomarte.pt\/site\/wp-json\/wp\/v2\/posts\/11866","targetHints":{"allow":["GET"]}}],"collection":[{"href":"https:\/\/estadocomarte.pt\/site\/wp-json\/wp\/v2\/posts"}],"about":[{"href":"https:\/\/estadocomarte.pt\/site\/wp-json\/wp\/v2\/types\/post"}],"author":[{"embeddable":true,"href":"https:\/\/estadocomarte.pt\/site\/wp-json\/wp\/v2\/users\/1"}],"replies":[{"embeddable":true,"href":"https:\/\/estadocomarte.pt\/site\/wp-json\/wp\/v2\/comments?post=11866"}],"version-history":[{"count":6,"href":"https:\/\/estadocomarte.pt\/site\/wp-json\/wp\/v2\/posts\/11866\/revisions"}],"predecessor-version":[{"id":11873,"href":"https:\/\/estadocomarte.pt\/site\/wp-json\/wp\/v2\/posts\/11866\/revisions\/11873"}],"wp:featuredmedia":[{"embeddable":true,"href":"https:\/\/estadocomarte.pt\/site\/wp-json\/wp\/v2\/media\/11867"}],"wp:attachment":[{"href":"https:\/\/estadocomarte.pt\/site\/wp-json\/wp\/v2\/media?parent=11866"}],"wp:term":[{"taxonomy":"category","embeddable":true,"href":"https:\/\/estadocomarte.pt\/site\/wp-json\/wp\/v2\/categories?post=11866"},{"taxonomy":"post_tag","embeddable":true,"href":"https:\/\/estadocomarte.pt\/site\/wp-json\/wp\/v2\/tags?post=11866"}],"curies":[{"name":"wp","href":"https:\/\/api.w.org\/{rel}","templated":true}]}}