{"id":11874,"date":"2026-01-21T12:08:04","date_gmt":"2026-01-21T12:08:04","guid":{"rendered":"https:\/\/estadocomarte.pt\/site\/?p=11874"},"modified":"2026-01-21T12:08:04","modified_gmt":"2026-01-21T12:08:04","slug":"presidenciais-2026-1a-volta","status":"publish","type":"post","link":"https:\/\/estadocomarte.pt\/site\/2026\/01\/21\/presidenciais-2026-1a-volta\/","title":{"rendered":"Presidenciais 2026 (1\u00aa Volta)"},"content":{"rendered":"<p><strong>Ant\u00f3nio Jos\u00e9 Seguro foi o grande vencedor da primeira volta, n\u00e3o s\u00f3 por ter sido o mais votado, mas tamb\u00e9m por o ter feito com uma vantagem muito expressiva sobre o segundo candidato mais votado, numa elei\u00e7\u00e3o disputada contra m\u00faltiplos advers\u00e1rios. Sobretudo, quando o apoio do PS tardou a aparecer \u2013 at\u00e9 porque o anterior l\u00edder lhe era hostil \u2013 e muita gente n\u00e3o dava muito por Seguro como candidato.<\/strong><\/p>\n<p>Com esta vit\u00f3ria, Ant\u00f3nio Jos\u00e9 Seguro d\u00e1 ao PS uma vit\u00f3ria num ato eleitoral importante, a primeira volta destas presidenciais, calando os que j\u00e1 vaticinavam como certo o decl\u00ednio do PS. Pelo contr\u00e1rio, o partido mostra que quando \u00e9 liderado pela sua ala moderada, fiel \u00e0 sua tradi\u00e7\u00e3o democr\u00e1tica e n\u00e3o revolucion\u00e1ria, continua a ser um dos principais partidos portugueses.<\/p>\n<p>Andr\u00e9 Ventura \u00e9 outro dos grandes vencedores da noite. Sendo o segundo mais votado, ir\u00e1 com toda a probabilidade ser derrotado na segunda volta. Mas tamb\u00e9m isso ser\u00e1 motivo de j\u00fabilo para um candidato que, sabendo que ir\u00e1 perder a segunda volta, se ir\u00e1 vitimizar durante toda a campanha, exigindo aos partidos de centro-direita que o apoiem e acusando-os de entregar a presid\u00eancia \u00e0 esquerda, discurso que ir\u00e1 colher alguns frutos. Em suma, para Andr\u00e9 Ventura e para o Chega, todos os objetivos foram alcan\u00e7ados, e o caminho de crescimento do partido continua.<\/p>\n<p>Jo\u00e3o Cotrim de Figueiredo, mesmo n\u00e3o indo \u00e0 segunda volta, \u00e9 tamb\u00e9m um dos vencedores da noite eleitoral. Consegue um resultado muito superior ao da IL nas legislativas, bate claramente Marques Mendes e torna-se assim o candidato mais votado no centro-direita. O que \u00e9 um bom indicador para o partido, porque muito embora Cotrim valha mais do que o partido vale neste momento, a verdade \u00e9 que conseguiu este resultado defendendo ideias liberais, mostrando que as mesmas t\u00eam futuro em Portugal.<\/p>\n<p>No seu discurso, Cotrim de Figueiredo, declarou duas coisas importantes: em primeiro lugar, que n\u00e3o daria qualquer orienta\u00e7\u00e3o de voto aos seus apoiantes para a segunda volta, e em segundo lugar que responsabiliza pessoalmente Lu\u00eds Montenegro por, ao n\u00e3o ter correspondido ao seu pedido de apoio feito no final da campanha, permitir que a segunda volta seja disputada por um socialista e um populista, sem a presen\u00e7a de um candidato do centro-direita.<\/p>\n<p>Muito embora o racioc\u00ednio seja correto no sentido de que o apoio da AD teria permitido a Cotrim de Figueiredo passar \u00e0 segunda volta, isso apenas seria poss\u00edvel com uma desist\u00eancia de Marques Mendes, pois caso contr\u00e1rio, nenhum eleitor social democrata compreenderia que o PSD cortasse o apoio a um candidato do partido em plena campanha eleitoral. Isto mesmo tendo em conta os fraqu\u00edssimos resultados de Lu\u00eds Marques Mendes, que na altura n\u00e3o eram previs\u00edveis na sua magnitude. E claro que a derrota do seu candidato n\u00e3o s\u00f3 perante os candidatos do PS e do Chega, mas tamb\u00e9m da IL, \u00e9 um embara\u00e7o para o PSD.<\/p>\n<p>O Almirante Gouveia e Melo \u00e9 o mais votado dos derrotados da noite, come\u00e7ou como putativo e quase inquestion\u00e1vel vencedor, mas foi ao longo do tempo, e sobretudo ao longo da campanha, perdendo a sua vantagem inicial. A sua experi\u00eancia militar e geopol\u00edtica podia ser importante neste momento hist\u00f3rico, e a par da sua modera\u00e7\u00e3o ideol\u00f3gica faziam dele um bom candidato, mas a falta de experi\u00eancia noutros temas notou-se durante a campanha e penalizou-o.<\/p>\n<p>Marques Mendes \u00e9 o principal derrotado deste ato eleitoral, com aquele que poder\u00e1 ser o resultado mais baixo alguma vez registado para um candidato apoiado pelo PSD, fruto de uma campanha muito fraca. O principal problema \u00e9 que isso vai trazer grandes dificuldades ao PSD e ao Governo, que muito se esfor\u00e7aram para o apoiar, pois o partido saiu claramente enfraquecido com este resultado, precisamente porque muito se empenhou no apoio a este candidato.<\/p>\n<p>Nos seus discursos, tamb\u00e9m Marques Mendes e Lu\u00eds Montenegro tiveram o cuidado de declarar que n\u00e3o fazia recomenda\u00e7\u00e3o de voto para a segunda volta. Posi\u00e7\u00e3o normal do candidato da AD, j\u00e1 que o Governo, atento \u00e0 reparti\u00e7\u00e3o de mandatos na Assembleia da Rep\u00fablica, ter\u00e1 que negociar tanto com o Chega como com o PS ao longo da legislatura.<\/p>\n<p>Os candidatos \u00e0 esquerda do PS foram todos \u00abeliminados\u00bb pelo voto \u00fatil em Ant\u00f3nio Jos\u00e9 Seguro, face ao receio de uma segunda volta entre dois candidatos de direita, o que podia muito bem ter acontecido, como se v\u00ea somando os resultados dos candidatos de direita e de esquerda, que d\u00e3o \u00e0 primeira uma clara vantagem.<\/p>\n<p>Ao contr\u00e1rio do que sustenta Andr\u00e9 Ventura, no entanto, a segunda volta das elei\u00e7\u00f5es n\u00e3o ser\u00e1 entre direita e esquerda, mas entre radicalismo e modera\u00e7\u00e3o, entre um ativista pol\u00edtico e um verdadeiro estadista, pelo que a sua previs\u00edvel derrota n\u00e3o se dever\u00e1 a qualquer suposto esquerdismo das for\u00e7as de centro-direita, mas antes \u00e0 avers\u00e3o que essas for\u00e7as t\u00eam ao radicalismo pol\u00edtico.<\/p>\n<p>A posi\u00e7\u00e3o assumida pelos partidos do centro-direita de n\u00e3o darem orienta\u00e7\u00f5es de voto para a segunda volta, d\u00e1 a Ventura, no pr\u00f3prio dia, a resposta ao seu repto para que o apoiem, ou pelo menos n\u00e3o obstaculizarem, \u00e0 sua campanha para a segunda volta destas elei\u00e7\u00f5es presidenciais.<\/p>\n<p>Pelo menos institucionalmente, a AD e a IL n\u00e3o ir\u00e3o interferir no confronto entre Seguro e Ventura, o que favorecer\u00e1 tanto Seguro quanto Ventura: Seguro vencer\u00e1 mais facilmente, e Ventura poder\u00e1 vitimizar-se pela falta de apoio dos restantes partidos de direita, imputando-lhes a responsabilidade pela sua previs\u00edvel derrota, fazendo assim com AD e IL o que Cotrim de Figueiredo fez com Lu\u00eds Montenegro.<\/p>\n","protected":false},"excerpt":{"rendered":"<p>Nuno Lumbrales,<br \/>\nAdvogado<\/p>\n","protected":false},"author":1,"featured_media":3539,"comment_status":"open","ping_status":"open","sticky":false,"template":"","format":"standard","meta":{"site-sidebar-layout":"default","site-content-layout":"default","ast-global-header-display":"","ast-banner-title-visibility":"","ast-main-header-display":"","ast-hfb-above-header-display":"","ast-hfb-below-header-display":"","ast-hfb-mobile-header-display":"","site-post-title":"","ast-breadcrumbs-content":"","ast-featured-img":"","footer-sml-layout":"","theme-transparent-header-meta":"default","adv-header-id-meta":"","stick-header-meta":"","header-above-stick-meta":"","header-main-stick-meta":"","header-below-stick-meta":"","footnotes":""},"categories":[64,55],"tags":[2340],"class_list":["post-11874","post","type-post","status-publish","format-standard","has-post-thumbnail","hentry","category-isto-para-nos","category-vida-de-estado","tag-presidenciais-2026-1a-volta"],"yoast_head":"<!-- This site is optimized with the Yoast SEO plugin v25.1 - https:\/\/yoast.com\/wordpress\/plugins\/seo\/ -->\n<title>Presidenciais 2026 (1\u00aa Volta) - Estado com Arte<\/title>\n<meta name=\"robots\" content=\"index, follow, max-snippet:-1, max-image-preview:large, max-video-preview:-1\" \/>\n<link rel=\"canonical\" href=\"https:\/\/estadocomarte.pt\/site\/2026\/01\/21\/presidenciais-2026-1a-volta\/\" \/>\n<meta property=\"og:locale\" content=\"pt_PT\" \/>\n<meta property=\"og:type\" content=\"article\" \/>\n<meta property=\"og:title\" content=\"Presidenciais 2026 (1\u00aa Volta) - Estado com Arte\" \/>\n<meta property=\"og:description\" content=\"Nuno Lumbrales, Advogado\" \/>\n<meta property=\"og:url\" content=\"https:\/\/estadocomarte.pt\/site\/2026\/01\/21\/presidenciais-2026-1a-volta\/\" \/>\n<meta property=\"og:site_name\" content=\"Estado com Arte\" \/>\n<meta property=\"article:published_time\" content=\"2026-01-21T12:08:04+00:00\" \/>\n<meta property=\"og:image\" content=\"https:\/\/estadocomarte.pt\/site\/wp-content\/uploads\/2023\/12\/Nunolembralles.png\" \/>\n\t<meta property=\"og:image:width\" content=\"400\" \/>\n\t<meta property=\"og:image:height\" content=\"600\" \/>\n\t<meta property=\"og:image:type\" content=\"image\/png\" \/>\n<meta name=\"author\" content=\"admin\" \/>\n<meta name=\"twitter:card\" content=\"summary_large_image\" \/>\n<meta name=\"twitter:label1\" content=\"Escrito por\" \/>\n\t<meta name=\"twitter:data1\" content=\"admin\" \/>\n\t<meta name=\"twitter:label2\" content=\"Tempo estimado de leitura\" \/>\n\t<meta name=\"twitter:data2\" content=\"6 minutos\" \/>\n<script type=\"application\/ld+json\" class=\"yoast-schema-graph\">{\"@context\":\"https:\/\/schema.org\",\"@graph\":[{\"@type\":\"Article\",\"@id\":\"https:\/\/estadocomarte.pt\/site\/2026\/01\/21\/presidenciais-2026-1a-volta\/#article\",\"isPartOf\":{\"@id\":\"https:\/\/estadocomarte.pt\/site\/2026\/01\/21\/presidenciais-2026-1a-volta\/\"},\"author\":{\"name\":\"admin\",\"@id\":\"https:\/\/estadocomarte.pt\/site\/#\/schema\/person\/c0943a071216c1e5b21f85304151e4ba\"},\"headline\":\"Presidenciais 2026 (1\u00aa Volta)\",\"datePublished\":\"2026-01-21T12:08:04+00:00\",\"mainEntityOfPage\":{\"@id\":\"https:\/\/estadocomarte.pt\/site\/2026\/01\/21\/presidenciais-2026-1a-volta\/\"},\"wordCount\":977,\"commentCount\":0,\"publisher\":{\"@id\":\"https:\/\/estadocomarte.pt\/site\/#organization\"},\"image\":{\"@id\":\"https:\/\/estadocomarte.pt\/site\/2026\/01\/21\/presidenciais-2026-1a-volta\/#primaryimage\"},\"thumbnailUrl\":\"https:\/\/estadocomarte.pt\/site\/wp-content\/uploads\/2023\/12\/Nunolembralles.png\",\"keywords\":[\"presidenciais 2026 1a volta\"],\"articleSection\":[\"Isto Para N\u00f3s\",\"Vida de Estado\"],\"inLanguage\":\"pt-PT\",\"potentialAction\":[{\"@type\":\"CommentAction\",\"name\":\"Comment\",\"target\":[\"https:\/\/estadocomarte.pt\/site\/2026\/01\/21\/presidenciais-2026-1a-volta\/#respond\"]}]},{\"@type\":\"WebPage\",\"@id\":\"https:\/\/estadocomarte.pt\/site\/2026\/01\/21\/presidenciais-2026-1a-volta\/\",\"url\":\"https:\/\/estadocomarte.pt\/site\/2026\/01\/21\/presidenciais-2026-1a-volta\/\",\"name\":\"Presidenciais 2026 (1\u00aa Volta) - Estado com Arte\",\"isPartOf\":{\"@id\":\"https:\/\/estadocomarte.pt\/site\/#website\"},\"primaryImageOfPage\":{\"@id\":\"https:\/\/estadocomarte.pt\/site\/2026\/01\/21\/presidenciais-2026-1a-volta\/#primaryimage\"},\"image\":{\"@id\":\"https:\/\/estadocomarte.pt\/site\/2026\/01\/21\/presidenciais-2026-1a-volta\/#primaryimage\"},\"thumbnailUrl\":\"https:\/\/estadocomarte.pt\/site\/wp-content\/uploads\/2023\/12\/Nunolembralles.png\",\"datePublished\":\"2026-01-21T12:08:04+00:00\",\"breadcrumb\":{\"@id\":\"https:\/\/estadocomarte.pt\/site\/2026\/01\/21\/presidenciais-2026-1a-volta\/#breadcrumb\"},\"inLanguage\":\"pt-PT\",\"potentialAction\":[{\"@type\":\"ReadAction\",\"target\":[\"https:\/\/estadocomarte.pt\/site\/2026\/01\/21\/presidenciais-2026-1a-volta\/\"]}]},{\"@type\":\"ImageObject\",\"inLanguage\":\"pt-PT\",\"@id\":\"https:\/\/estadocomarte.pt\/site\/2026\/01\/21\/presidenciais-2026-1a-volta\/#primaryimage\",\"url\":\"https:\/\/estadocomarte.pt\/site\/wp-content\/uploads\/2023\/12\/Nunolembralles.png\",\"contentUrl\":\"https:\/\/estadocomarte.pt\/site\/wp-content\/uploads\/2023\/12\/Nunolembralles.png\",\"width\":400,\"height\":600},{\"@type\":\"BreadcrumbList\",\"@id\":\"https:\/\/estadocomarte.pt\/site\/2026\/01\/21\/presidenciais-2026-1a-volta\/#breadcrumb\",\"itemListElement\":[{\"@type\":\"ListItem\",\"position\":1,\"name\":\"In\u00edcio\",\"item\":\"https:\/\/estadocomarte.pt\/site\/\"},{\"@type\":\"ListItem\",\"position\":2,\"name\":\"Presidenciais 2026 (1\u00aa Volta)\"}]},{\"@type\":\"WebSite\",\"@id\":\"https:\/\/estadocomarte.pt\/site\/#website\",\"url\":\"https:\/\/estadocomarte.pt\/site\/\",\"name\":\"Estado com Arte Magazine\",\"description\":\"Magazine\",\"publisher\":{\"@id\":\"https:\/\/estadocomarte.pt\/site\/#organization\"},\"alternateName\":\"Magazine semanal sobre pol\u00edtica e cultura, com autores, opini\u00e3o e cr\u00edticas.\",\"potentialAction\":[{\"@type\":\"SearchAction\",\"target\":{\"@type\":\"EntryPoint\",\"urlTemplate\":\"https:\/\/estadocomarte.pt\/site\/?s={search_term_string}\"},\"query-input\":{\"@type\":\"PropertyValueSpecification\",\"valueRequired\":true,\"valueName\":\"search_term_string\"}}],\"inLanguage\":\"pt-PT\"},{\"@type\":\"Organization\",\"@id\":\"https:\/\/estadocomarte.pt\/site\/#organization\",\"name\":\"Estado com Arte Magazine\",\"alternateName\":\"Magazine semanal sobre pol\u00edtica e cultura, com autores, opini\u00e3o e cr\u00edticas.\",\"url\":\"https:\/\/estadocomarte.pt\/site\/\",\"logo\":{\"@type\":\"ImageObject\",\"inLanguage\":\"pt-PT\",\"@id\":\"https:\/\/estadocomarte.pt\/site\/#\/schema\/logo\/image\/\",\"url\":\"https:\/\/estadocomarte.pt\/site\/wp-content\/uploads\/2023\/06\/cropped-cropped-Prancheta-2@2x-100.jpg\",\"contentUrl\":\"https:\/\/estadocomarte.pt\/site\/wp-content\/uploads\/2023\/06\/cropped-cropped-Prancheta-2@2x-100.jpg\",\"width\":1777,\"height\":592,\"caption\":\"Estado com Arte Magazine\"},\"image\":{\"@id\":\"https:\/\/estadocomarte.pt\/site\/#\/schema\/logo\/image\/\"},\"sameAs\":[\"https:\/\/www.instagram.com\/estadocomartemagazine\"]},{\"@type\":\"Person\",\"@id\":\"https:\/\/estadocomarte.pt\/site\/#\/schema\/person\/c0943a071216c1e5b21f85304151e4ba\",\"name\":\"admin\",\"image\":{\"@type\":\"ImageObject\",\"inLanguage\":\"pt-PT\",\"@id\":\"https:\/\/estadocomarte.pt\/site\/#\/schema\/person\/image\/\",\"url\":\"https:\/\/secure.gravatar.com\/avatar\/e6f378fd6914c8505d3e1d40f51fa953b21bab0f3a5658a33bc84cb5bda780f9?s=96&d=mm&r=g\",\"contentUrl\":\"https:\/\/secure.gravatar.com\/avatar\/e6f378fd6914c8505d3e1d40f51fa953b21bab0f3a5658a33bc84cb5bda780f9?s=96&d=mm&r=g\",\"caption\":\"admin\"},\"sameAs\":[\"https:\/\/estadocomarte.pt\/site\"],\"url\":\"https:\/\/estadocomarte.pt\/site\/author\/admin\/\"}]}<\/script>\n<!-- \/ Yoast SEO plugin. -->","yoast_head_json":{"title":"Presidenciais 2026 (1\u00aa Volta) - Estado com Arte","robots":{"index":"index","follow":"follow","max-snippet":"max-snippet:-1","max-image-preview":"max-image-preview:large","max-video-preview":"max-video-preview:-1"},"canonical":"https:\/\/estadocomarte.pt\/site\/2026\/01\/21\/presidenciais-2026-1a-volta\/","og_locale":"pt_PT","og_type":"article","og_title":"Presidenciais 2026 (1\u00aa Volta) - Estado com Arte","og_description":"Nuno Lumbrales, Advogado","og_url":"https:\/\/estadocomarte.pt\/site\/2026\/01\/21\/presidenciais-2026-1a-volta\/","og_site_name":"Estado com Arte","article_published_time":"2026-01-21T12:08:04+00:00","og_image":[{"width":400,"height":600,"url":"https:\/\/estadocomarte.pt\/site\/wp-content\/uploads\/2023\/12\/Nunolembralles.png","type":"image\/png"}],"author":"admin","twitter_card":"summary_large_image","twitter_misc":{"Escrito por":"admin","Tempo estimado de leitura":"6 minutos"},"schema":{"@context":"https:\/\/schema.org","@graph":[{"@type":"Article","@id":"https:\/\/estadocomarte.pt\/site\/2026\/01\/21\/presidenciais-2026-1a-volta\/#article","isPartOf":{"@id":"https:\/\/estadocomarte.pt\/site\/2026\/01\/21\/presidenciais-2026-1a-volta\/"},"author":{"name":"admin","@id":"https:\/\/estadocomarte.pt\/site\/#\/schema\/person\/c0943a071216c1e5b21f85304151e4ba"},"headline":"Presidenciais 2026 (1\u00aa Volta)","datePublished":"2026-01-21T12:08:04+00:00","mainEntityOfPage":{"@id":"https:\/\/estadocomarte.pt\/site\/2026\/01\/21\/presidenciais-2026-1a-volta\/"},"wordCount":977,"commentCount":0,"publisher":{"@id":"https:\/\/estadocomarte.pt\/site\/#organization"},"image":{"@id":"https:\/\/estadocomarte.pt\/site\/2026\/01\/21\/presidenciais-2026-1a-volta\/#primaryimage"},"thumbnailUrl":"https:\/\/estadocomarte.pt\/site\/wp-content\/uploads\/2023\/12\/Nunolembralles.png","keywords":["presidenciais 2026 1a volta"],"articleSection":["Isto Para N\u00f3s","Vida de Estado"],"inLanguage":"pt-PT","potentialAction":[{"@type":"CommentAction","name":"Comment","target":["https:\/\/estadocomarte.pt\/site\/2026\/01\/21\/presidenciais-2026-1a-volta\/#respond"]}]},{"@type":"WebPage","@id":"https:\/\/estadocomarte.pt\/site\/2026\/01\/21\/presidenciais-2026-1a-volta\/","url":"https:\/\/estadocomarte.pt\/site\/2026\/01\/21\/presidenciais-2026-1a-volta\/","name":"Presidenciais 2026 (1\u00aa Volta) - Estado com Arte","isPartOf":{"@id":"https:\/\/estadocomarte.pt\/site\/#website"},"primaryImageOfPage":{"@id":"https:\/\/estadocomarte.pt\/site\/2026\/01\/21\/presidenciais-2026-1a-volta\/#primaryimage"},"image":{"@id":"https:\/\/estadocomarte.pt\/site\/2026\/01\/21\/presidenciais-2026-1a-volta\/#primaryimage"},"thumbnailUrl":"https:\/\/estadocomarte.pt\/site\/wp-content\/uploads\/2023\/12\/Nunolembralles.png","datePublished":"2026-01-21T12:08:04+00:00","breadcrumb":{"@id":"https:\/\/estadocomarte.pt\/site\/2026\/01\/21\/presidenciais-2026-1a-volta\/#breadcrumb"},"inLanguage":"pt-PT","potentialAction":[{"@type":"ReadAction","target":["https:\/\/estadocomarte.pt\/site\/2026\/01\/21\/presidenciais-2026-1a-volta\/"]}]},{"@type":"ImageObject","inLanguage":"pt-PT","@id":"https:\/\/estadocomarte.pt\/site\/2026\/01\/21\/presidenciais-2026-1a-volta\/#primaryimage","url":"https:\/\/estadocomarte.pt\/site\/wp-content\/uploads\/2023\/12\/Nunolembralles.png","contentUrl":"https:\/\/estadocomarte.pt\/site\/wp-content\/uploads\/2023\/12\/Nunolembralles.png","width":400,"height":600},{"@type":"BreadcrumbList","@id":"https:\/\/estadocomarte.pt\/site\/2026\/01\/21\/presidenciais-2026-1a-volta\/#breadcrumb","itemListElement":[{"@type":"ListItem","position":1,"name":"In\u00edcio","item":"https:\/\/estadocomarte.pt\/site\/"},{"@type":"ListItem","position":2,"name":"Presidenciais 2026 (1\u00aa Volta)"}]},{"@type":"WebSite","@id":"https:\/\/estadocomarte.pt\/site\/#website","url":"https:\/\/estadocomarte.pt\/site\/","name":"Estado com Arte Magazine","description":"Magazine","publisher":{"@id":"https:\/\/estadocomarte.pt\/site\/#organization"},"alternateName":"Magazine semanal sobre pol\u00edtica e cultura, com autores, opini\u00e3o e cr\u00edticas.","potentialAction":[{"@type":"SearchAction","target":{"@type":"EntryPoint","urlTemplate":"https:\/\/estadocomarte.pt\/site\/?s={search_term_string}"},"query-input":{"@type":"PropertyValueSpecification","valueRequired":true,"valueName":"search_term_string"}}],"inLanguage":"pt-PT"},{"@type":"Organization","@id":"https:\/\/estadocomarte.pt\/site\/#organization","name":"Estado com Arte Magazine","alternateName":"Magazine semanal sobre pol\u00edtica e cultura, com autores, opini\u00e3o e cr\u00edticas.","url":"https:\/\/estadocomarte.pt\/site\/","logo":{"@type":"ImageObject","inLanguage":"pt-PT","@id":"https:\/\/estadocomarte.pt\/site\/#\/schema\/logo\/image\/","url":"https:\/\/estadocomarte.pt\/site\/wp-content\/uploads\/2023\/06\/cropped-cropped-Prancheta-2@2x-100.jpg","contentUrl":"https:\/\/estadocomarte.pt\/site\/wp-content\/uploads\/2023\/06\/cropped-cropped-Prancheta-2@2x-100.jpg","width":1777,"height":592,"caption":"Estado com Arte Magazine"},"image":{"@id":"https:\/\/estadocomarte.pt\/site\/#\/schema\/logo\/image\/"},"sameAs":["https:\/\/www.instagram.com\/estadocomartemagazine"]},{"@type":"Person","@id":"https:\/\/estadocomarte.pt\/site\/#\/schema\/person\/c0943a071216c1e5b21f85304151e4ba","name":"admin","image":{"@type":"ImageObject","inLanguage":"pt-PT","@id":"https:\/\/estadocomarte.pt\/site\/#\/schema\/person\/image\/","url":"https:\/\/secure.gravatar.com\/avatar\/e6f378fd6914c8505d3e1d40f51fa953b21bab0f3a5658a33bc84cb5bda780f9?s=96&d=mm&r=g","contentUrl":"https:\/\/secure.gravatar.com\/avatar\/e6f378fd6914c8505d3e1d40f51fa953b21bab0f3a5658a33bc84cb5bda780f9?s=96&d=mm&r=g","caption":"admin"},"sameAs":["https:\/\/estadocomarte.pt\/site"],"url":"https:\/\/estadocomarte.pt\/site\/author\/admin\/"}]}},"_links":{"self":[{"href":"https:\/\/estadocomarte.pt\/site\/wp-json\/wp\/v2\/posts\/11874","targetHints":{"allow":["GET"]}}],"collection":[{"href":"https:\/\/estadocomarte.pt\/site\/wp-json\/wp\/v2\/posts"}],"about":[{"href":"https:\/\/estadocomarte.pt\/site\/wp-json\/wp\/v2\/types\/post"}],"author":[{"embeddable":true,"href":"https:\/\/estadocomarte.pt\/site\/wp-json\/wp\/v2\/users\/1"}],"replies":[{"embeddable":true,"href":"https:\/\/estadocomarte.pt\/site\/wp-json\/wp\/v2\/comments?post=11874"}],"version-history":[{"count":1,"href":"https:\/\/estadocomarte.pt\/site\/wp-json\/wp\/v2\/posts\/11874\/revisions"}],"predecessor-version":[{"id":11875,"href":"https:\/\/estadocomarte.pt\/site\/wp-json\/wp\/v2\/posts\/11874\/revisions\/11875"}],"wp:featuredmedia":[{"embeddable":true,"href":"https:\/\/estadocomarte.pt\/site\/wp-json\/wp\/v2\/media\/3539"}],"wp:attachment":[{"href":"https:\/\/estadocomarte.pt\/site\/wp-json\/wp\/v2\/media?parent=11874"}],"wp:term":[{"taxonomy":"category","embeddable":true,"href":"https:\/\/estadocomarte.pt\/site\/wp-json\/wp\/v2\/categories?post=11874"},{"taxonomy":"post_tag","embeddable":true,"href":"https:\/\/estadocomarte.pt\/site\/wp-json\/wp\/v2\/tags?post=11874"}],"curies":[{"name":"wp","href":"https:\/\/api.w.org\/{rel}","templated":true}]}}