{"id":11910,"date":"2026-01-23T16:09:09","date_gmt":"2026-01-23T16:09:09","guid":{"rendered":"https:\/\/estadocomarte.pt\/site\/?p=11910"},"modified":"2026-01-23T16:09:09","modified_gmt":"2026-01-23T16:09:09","slug":"joao-pedro-gomes-a-minha-historia-com-a-investigacao-da-alimentacao-e-genetica","status":"publish","type":"post","link":"https:\/\/estadocomarte.pt\/site\/2026\/01\/23\/joao-pedro-gomes-a-minha-historia-com-a-investigacao-da-alimentacao-e-genetica\/","title":{"rendered":"Jo\u00e3o Pedro Gomes. &#8220;A minha hist\u00f3ria com a investiga\u00e7\u00e3o da alimenta\u00e7\u00e3o \u00e9 gen\u00e9tica&#8221;."},"content":{"rendered":"<p><strong>A Tert\u00falia Arte &amp; Do\u00e7aria, encontro cultural organizado em dezembro pela pintora Maria Sobral Mendon\u00e7a reuniu um painel de especialistas de do\u00e7aria e de comunica\u00e7\u00e3o desta arte, na emblem\u00e1tica Pastelaria Benard. O Estado com Arte Magazine foi Media Partner do evento.<\/strong><\/p>\n<p>Jo\u00e3o Pedro Gomes, Investigador em Patrim\u00f3nios Alimentares, autor do livro \u00abDo\u00e7aria Portuguesa &#8211; Das origens ao S\u00e9culo XVIII\u00bb explora a evolu\u00e7\u00e3o da do\u00e7aria em Portugal, colocando em evid\u00eancia o papel do a\u00e7\u00facar e dos doces na cultura e na alimenta\u00e7\u00e3o nacionais ao longo de mais de seis s\u00e9culos, constituindo, atualmente, componente incontest\u00e1vel da identidade e patrim\u00f3nio alimentar portugu\u00eas.<\/p>\n<p><iframe title=\"Jo\u00e3o Pedro Gomes.&quot;A minha hist\u00f3ria com a investiga\u00e7\u00e3o da alimenta\u00e7\u00e3o \u00e9 gen\u00e9tica&quot;. by Estado com Arte\" width=\"500\" height=\"400\" scrolling=\"no\" frameborder=\"no\" src=\"https:\/\/w.soundcloud.com\/player\/?visual=true&#038;url=https%3A%2F%2Fapi.soundcloud.com%2Ftracks%2F2244578255&#038;show_artwork=true&#038;maxheight=750&#038;maxwidth=500\"><\/iframe><\/p>\n<p>&nbsp;<\/p>\n<p>Participaram na Tert\u00falia Frederico Duarte, Curador Designer @frederico.s.duarte, Paulo Lima, Fot\u00f3grafo e Maria Sobral Mendon\u00e7a, Artista visual @mariasobralmendonza. A Modera\u00e7\u00e3o foi de Marta Roque, Editora e Jornalista do Magazine Estado com Arte.<\/p>\n<p>Uma oportunidade imperd\u00edvel para redescobrir a do\u00e7aria portuguesa como um patrim\u00f3nio vivo, onde sabores, mem\u00f3rias e saberes ancestrais se encontram num di\u00e1logo cultural irresist\u00edvel.<\/p>\n","protected":false},"excerpt":{"rendered":"<p>Marta Roque<\/p>\n","protected":false},"author":1,"featured_media":11912,"comment_status":"open","ping_status":"open","sticky":false,"template":"","format":"standard","meta":{"site-sidebar-layout":"default","site-content-layout":"default","ast-global-header-display":"","ast-banner-title-visibility":"","ast-main-header-display":"","ast-hfb-above-header-display":"","ast-hfb-below-header-display":"","ast-hfb-mobile-header-display":"","site-post-title":"","ast-breadcrumbs-content":"","ast-featured-img":"","footer-sml-layout":"","theme-transparent-header-meta":"default","adv-header-id-meta":"","stick-header-meta":"","header-above-stick-meta":"","header-main-stick-meta":"","header-below-stick-meta":"","footnotes":""},"categories":[64,10],"tags":[2350,2349,2351],"class_list":["post-11910","post","type-post","status-publish","format-standard","has-post-thumbnail","hentry","category-isto-para-nos","category-podcast","tag-benard","tag-tertulia-arte-docaria","tag-tertulias-joao-pedro-gomes"],"yoast_head":"<!-- This site is optimized with the Yoast SEO plugin v25.1 - https:\/\/yoast.com\/wordpress\/plugins\/seo\/ -->\n<title>Jo\u00e3o Pedro Gomes. &quot;A minha hist\u00f3ria com a investiga\u00e7\u00e3o da alimenta\u00e7\u00e3o \u00e9 gen\u00e9tica&quot;. - Estado com Arte<\/title>\n<meta name=\"robots\" content=\"index, follow, max-snippet:-1, max-image-preview:large, max-video-preview:-1\" \/>\n<link rel=\"canonical\" href=\"https:\/\/estadocomarte.pt\/site\/2026\/01\/23\/joao-pedro-gomes-a-minha-historia-com-a-investigacao-da-alimentacao-e-genetica\/\" \/>\n<meta property=\"og:locale\" content=\"pt_PT\" \/>\n<meta property=\"og:type\" content=\"article\" \/>\n<meta property=\"og:title\" content=\"Jo\u00e3o Pedro Gomes. &quot;A minha hist\u00f3ria com a investiga\u00e7\u00e3o da alimenta\u00e7\u00e3o \u00e9 gen\u00e9tica&quot;. - Estado com Arte\" \/>\n<meta property=\"og:description\" content=\"Marta Roque\" \/>\n<meta property=\"og:url\" content=\"https:\/\/estadocomarte.pt\/site\/2026\/01\/23\/joao-pedro-gomes-a-minha-historia-com-a-investigacao-da-alimentacao-e-genetica\/\" \/>\n<meta property=\"og:site_name\" content=\"Estado com Arte\" \/>\n<meta property=\"article:published_time\" content=\"2026-01-23T16:09:09+00:00\" \/>\n<meta property=\"og:image\" content=\"https:\/\/estadocomarte.pt\/site\/wp-content\/uploads\/2026\/01\/joaopedrogomes.jpeg\" \/>\n\t<meta property=\"og:image:width\" content=\"1600\" \/>\n\t<meta property=\"og:image:height\" content=\"900\" \/>\n\t<meta property=\"og:image:type\" content=\"image\/jpeg\" \/>\n<meta name=\"author\" content=\"admin\" \/>\n<meta name=\"twitter:card\" content=\"summary_large_image\" \/>\n<meta name=\"twitter:label1\" content=\"Escrito por\" \/>\n\t<meta name=\"twitter:data1\" content=\"admin\" \/>\n\t<meta name=\"twitter:label2\" content=\"Tempo estimado de leitura\" \/>\n\t<meta name=\"twitter:data2\" content=\"2 minutos\" \/>\n<script type=\"application\/ld+json\" class=\"yoast-schema-graph\">{\"@context\":\"https:\/\/schema.org\",\"@graph\":[{\"@type\":\"Article\",\"@id\":\"https:\/\/estadocomarte.pt\/site\/2026\/01\/23\/joao-pedro-gomes-a-minha-historia-com-a-investigacao-da-alimentacao-e-genetica\/#article\",\"isPartOf\":{\"@id\":\"https:\/\/estadocomarte.pt\/site\/2026\/01\/23\/joao-pedro-gomes-a-minha-historia-com-a-investigacao-da-alimentacao-e-genetica\/\"},\"author\":{\"name\":\"admin\",\"@id\":\"https:\/\/estadocomarte.pt\/site\/#\/schema\/person\/c0943a071216c1e5b21f85304151e4ba\"},\"headline\":\"Jo\u00e3o Pedro Gomes. &#8220;A minha hist\u00f3ria com a investiga\u00e7\u00e3o da alimenta\u00e7\u00e3o \u00e9 gen\u00e9tica&#8221;.\",\"datePublished\":\"2026-01-23T16:09:09+00:00\",\"mainEntityOfPage\":{\"@id\":\"https:\/\/estadocomarte.pt\/site\/2026\/01\/23\/joao-pedro-gomes-a-minha-historia-com-a-investigacao-da-alimentacao-e-genetica\/\"},\"wordCount\":230,\"commentCount\":0,\"publisher\":{\"@id\":\"https:\/\/estadocomarte.pt\/site\/#organization\"},\"image\":{\"@id\":\"https:\/\/estadocomarte.pt\/site\/2026\/01\/23\/joao-pedro-gomes-a-minha-historia-com-a-investigacao-da-alimentacao-e-genetica\/#primaryimage\"},\"thumbnailUrl\":\"https:\/\/estadocomarte.pt\/site\/wp-content\/uploads\/2026\/01\/joaopedrogomes.jpeg\",\"keywords\":[\"Benard\",\"Tertulia Arte &amp;Do\u00e7aria\",\"Tertulias. Jo\u00e3o Pedro Gomes\"],\"articleSection\":[\"Isto Para N\u00f3s\",\"Podcast\"],\"inLanguage\":\"pt-PT\",\"potentialAction\":[{\"@type\":\"CommentAction\",\"name\":\"Comment\",\"target\":[\"https:\/\/estadocomarte.pt\/site\/2026\/01\/23\/joao-pedro-gomes-a-minha-historia-com-a-investigacao-da-alimentacao-e-genetica\/#respond\"]}]},{\"@type\":\"WebPage\",\"@id\":\"https:\/\/estadocomarte.pt\/site\/2026\/01\/23\/joao-pedro-gomes-a-minha-historia-com-a-investigacao-da-alimentacao-e-genetica\/\",\"url\":\"https:\/\/estadocomarte.pt\/site\/2026\/01\/23\/joao-pedro-gomes-a-minha-historia-com-a-investigacao-da-alimentacao-e-genetica\/\",\"name\":\"Jo\u00e3o Pedro Gomes. \\\"A minha hist\u00f3ria com a investiga\u00e7\u00e3o da alimenta\u00e7\u00e3o \u00e9 gen\u00e9tica\\\". - Estado com Arte\",\"isPartOf\":{\"@id\":\"https:\/\/estadocomarte.pt\/site\/#website\"},\"primaryImageOfPage\":{\"@id\":\"https:\/\/estadocomarte.pt\/site\/2026\/01\/23\/joao-pedro-gomes-a-minha-historia-com-a-investigacao-da-alimentacao-e-genetica\/#primaryimage\"},\"image\":{\"@id\":\"https:\/\/estadocomarte.pt\/site\/2026\/01\/23\/joao-pedro-gomes-a-minha-historia-com-a-investigacao-da-alimentacao-e-genetica\/#primaryimage\"},\"thumbnailUrl\":\"https:\/\/estadocomarte.pt\/site\/wp-content\/uploads\/2026\/01\/joaopedrogomes.jpeg\",\"datePublished\":\"2026-01-23T16:09:09+00:00\",\"breadcrumb\":{\"@id\":\"https:\/\/estadocomarte.pt\/site\/2026\/01\/23\/joao-pedro-gomes-a-minha-historia-com-a-investigacao-da-alimentacao-e-genetica\/#breadcrumb\"},\"inLanguage\":\"pt-PT\",\"potentialAction\":[{\"@type\":\"ReadAction\",\"target\":[\"https:\/\/estadocomarte.pt\/site\/2026\/01\/23\/joao-pedro-gomes-a-minha-historia-com-a-investigacao-da-alimentacao-e-genetica\/\"]}]},{\"@type\":\"ImageObject\",\"inLanguage\":\"pt-PT\",\"@id\":\"https:\/\/estadocomarte.pt\/site\/2026\/01\/23\/joao-pedro-gomes-a-minha-historia-com-a-investigacao-da-alimentacao-e-genetica\/#primaryimage\",\"url\":\"https:\/\/estadocomarte.pt\/site\/wp-content\/uploads\/2026\/01\/joaopedrogomes.jpeg\",\"contentUrl\":\"https:\/\/estadocomarte.pt\/site\/wp-content\/uploads\/2026\/01\/joaopedrogomes.jpeg\",\"width\":1600,\"height\":900},{\"@type\":\"BreadcrumbList\",\"@id\":\"https:\/\/estadocomarte.pt\/site\/2026\/01\/23\/joao-pedro-gomes-a-minha-historia-com-a-investigacao-da-alimentacao-e-genetica\/#breadcrumb\",\"itemListElement\":[{\"@type\":\"ListItem\",\"position\":1,\"name\":\"In\u00edcio\",\"item\":\"https:\/\/estadocomarte.pt\/site\/\"},{\"@type\":\"ListItem\",\"position\":2,\"name\":\"Jo\u00e3o Pedro Gomes. &#8220;A minha hist\u00f3ria com a investiga\u00e7\u00e3o da alimenta\u00e7\u00e3o \u00e9 gen\u00e9tica&#8221;.\"}]},{\"@type\":\"WebSite\",\"@id\":\"https:\/\/estadocomarte.pt\/site\/#website\",\"url\":\"https:\/\/estadocomarte.pt\/site\/\",\"name\":\"Estado com Arte Magazine\",\"description\":\"Magazine\",\"publisher\":{\"@id\":\"https:\/\/estadocomarte.pt\/site\/#organization\"},\"alternateName\":\"Magazine semanal sobre pol\u00edtica e cultura, com autores, opini\u00e3o e cr\u00edticas.\",\"potentialAction\":[{\"@type\":\"SearchAction\",\"target\":{\"@type\":\"EntryPoint\",\"urlTemplate\":\"https:\/\/estadocomarte.pt\/site\/?s={search_term_string}\"},\"query-input\":{\"@type\":\"PropertyValueSpecification\",\"valueRequired\":true,\"valueName\":\"search_term_string\"}}],\"inLanguage\":\"pt-PT\"},{\"@type\":\"Organization\",\"@id\":\"https:\/\/estadocomarte.pt\/site\/#organization\",\"name\":\"Estado com Arte Magazine\",\"alternateName\":\"Magazine semanal sobre pol\u00edtica e cultura, com autores, opini\u00e3o e cr\u00edticas.\",\"url\":\"https:\/\/estadocomarte.pt\/site\/\",\"logo\":{\"@type\":\"ImageObject\",\"inLanguage\":\"pt-PT\",\"@id\":\"https:\/\/estadocomarte.pt\/site\/#\/schema\/logo\/image\/\",\"url\":\"https:\/\/estadocomarte.pt\/site\/wp-content\/uploads\/2023\/06\/cropped-cropped-Prancheta-2@2x-100.jpg\",\"contentUrl\":\"https:\/\/estadocomarte.pt\/site\/wp-content\/uploads\/2023\/06\/cropped-cropped-Prancheta-2@2x-100.jpg\",\"width\":1777,\"height\":592,\"caption\":\"Estado com Arte Magazine\"},\"image\":{\"@id\":\"https:\/\/estadocomarte.pt\/site\/#\/schema\/logo\/image\/\"},\"sameAs\":[\"https:\/\/www.instagram.com\/estadocomartemagazine\"]},{\"@type\":\"Person\",\"@id\":\"https:\/\/estadocomarte.pt\/site\/#\/schema\/person\/c0943a071216c1e5b21f85304151e4ba\",\"name\":\"admin\",\"image\":{\"@type\":\"ImageObject\",\"inLanguage\":\"pt-PT\",\"@id\":\"https:\/\/estadocomarte.pt\/site\/#\/schema\/person\/image\/\",\"url\":\"https:\/\/secure.gravatar.com\/avatar\/e6f378fd6914c8505d3e1d40f51fa953b21bab0f3a5658a33bc84cb5bda780f9?s=96&d=mm&r=g\",\"contentUrl\":\"https:\/\/secure.gravatar.com\/avatar\/e6f378fd6914c8505d3e1d40f51fa953b21bab0f3a5658a33bc84cb5bda780f9?s=96&d=mm&r=g\",\"caption\":\"admin\"},\"sameAs\":[\"https:\/\/estadocomarte.pt\/site\"],\"url\":\"https:\/\/estadocomarte.pt\/site\/author\/admin\/\"}]}<\/script>\n<!-- \/ Yoast SEO plugin. -->","yoast_head_json":{"title":"Jo\u00e3o Pedro Gomes. \"A minha hist\u00f3ria com a investiga\u00e7\u00e3o da alimenta\u00e7\u00e3o \u00e9 gen\u00e9tica\". - Estado com Arte","robots":{"index":"index","follow":"follow","max-snippet":"max-snippet:-1","max-image-preview":"max-image-preview:large","max-video-preview":"max-video-preview:-1"},"canonical":"https:\/\/estadocomarte.pt\/site\/2026\/01\/23\/joao-pedro-gomes-a-minha-historia-com-a-investigacao-da-alimentacao-e-genetica\/","og_locale":"pt_PT","og_type":"article","og_title":"Jo\u00e3o Pedro Gomes. \"A minha hist\u00f3ria com a investiga\u00e7\u00e3o da alimenta\u00e7\u00e3o \u00e9 gen\u00e9tica\". - Estado com Arte","og_description":"Marta Roque","og_url":"https:\/\/estadocomarte.pt\/site\/2026\/01\/23\/joao-pedro-gomes-a-minha-historia-com-a-investigacao-da-alimentacao-e-genetica\/","og_site_name":"Estado com Arte","article_published_time":"2026-01-23T16:09:09+00:00","og_image":[{"width":1600,"height":900,"url":"https:\/\/estadocomarte.pt\/site\/wp-content\/uploads\/2026\/01\/joaopedrogomes.jpeg","type":"image\/jpeg"}],"author":"admin","twitter_card":"summary_large_image","twitter_misc":{"Escrito por":"admin","Tempo estimado de leitura":"2 minutos"},"schema":{"@context":"https:\/\/schema.org","@graph":[{"@type":"Article","@id":"https:\/\/estadocomarte.pt\/site\/2026\/01\/23\/joao-pedro-gomes-a-minha-historia-com-a-investigacao-da-alimentacao-e-genetica\/#article","isPartOf":{"@id":"https:\/\/estadocomarte.pt\/site\/2026\/01\/23\/joao-pedro-gomes-a-minha-historia-com-a-investigacao-da-alimentacao-e-genetica\/"},"author":{"name":"admin","@id":"https:\/\/estadocomarte.pt\/site\/#\/schema\/person\/c0943a071216c1e5b21f85304151e4ba"},"headline":"Jo\u00e3o Pedro Gomes. &#8220;A minha hist\u00f3ria com a investiga\u00e7\u00e3o da alimenta\u00e7\u00e3o \u00e9 gen\u00e9tica&#8221;.","datePublished":"2026-01-23T16:09:09+00:00","mainEntityOfPage":{"@id":"https:\/\/estadocomarte.pt\/site\/2026\/01\/23\/joao-pedro-gomes-a-minha-historia-com-a-investigacao-da-alimentacao-e-genetica\/"},"wordCount":230,"commentCount":0,"publisher":{"@id":"https:\/\/estadocomarte.pt\/site\/#organization"},"image":{"@id":"https:\/\/estadocomarte.pt\/site\/2026\/01\/23\/joao-pedro-gomes-a-minha-historia-com-a-investigacao-da-alimentacao-e-genetica\/#primaryimage"},"thumbnailUrl":"https:\/\/estadocomarte.pt\/site\/wp-content\/uploads\/2026\/01\/joaopedrogomes.jpeg","keywords":["Benard","Tertulia Arte &amp;Do\u00e7aria","Tertulias. Jo\u00e3o Pedro Gomes"],"articleSection":["Isto Para N\u00f3s","Podcast"],"inLanguage":"pt-PT","potentialAction":[{"@type":"CommentAction","name":"Comment","target":["https:\/\/estadocomarte.pt\/site\/2026\/01\/23\/joao-pedro-gomes-a-minha-historia-com-a-investigacao-da-alimentacao-e-genetica\/#respond"]}]},{"@type":"WebPage","@id":"https:\/\/estadocomarte.pt\/site\/2026\/01\/23\/joao-pedro-gomes-a-minha-historia-com-a-investigacao-da-alimentacao-e-genetica\/","url":"https:\/\/estadocomarte.pt\/site\/2026\/01\/23\/joao-pedro-gomes-a-minha-historia-com-a-investigacao-da-alimentacao-e-genetica\/","name":"Jo\u00e3o Pedro Gomes. \"A minha hist\u00f3ria com a investiga\u00e7\u00e3o da alimenta\u00e7\u00e3o \u00e9 gen\u00e9tica\". - Estado com Arte","isPartOf":{"@id":"https:\/\/estadocomarte.pt\/site\/#website"},"primaryImageOfPage":{"@id":"https:\/\/estadocomarte.pt\/site\/2026\/01\/23\/joao-pedro-gomes-a-minha-historia-com-a-investigacao-da-alimentacao-e-genetica\/#primaryimage"},"image":{"@id":"https:\/\/estadocomarte.pt\/site\/2026\/01\/23\/joao-pedro-gomes-a-minha-historia-com-a-investigacao-da-alimentacao-e-genetica\/#primaryimage"},"thumbnailUrl":"https:\/\/estadocomarte.pt\/site\/wp-content\/uploads\/2026\/01\/joaopedrogomes.jpeg","datePublished":"2026-01-23T16:09:09+00:00","breadcrumb":{"@id":"https:\/\/estadocomarte.pt\/site\/2026\/01\/23\/joao-pedro-gomes-a-minha-historia-com-a-investigacao-da-alimentacao-e-genetica\/#breadcrumb"},"inLanguage":"pt-PT","potentialAction":[{"@type":"ReadAction","target":["https:\/\/estadocomarte.pt\/site\/2026\/01\/23\/joao-pedro-gomes-a-minha-historia-com-a-investigacao-da-alimentacao-e-genetica\/"]}]},{"@type":"ImageObject","inLanguage":"pt-PT","@id":"https:\/\/estadocomarte.pt\/site\/2026\/01\/23\/joao-pedro-gomes-a-minha-historia-com-a-investigacao-da-alimentacao-e-genetica\/#primaryimage","url":"https:\/\/estadocomarte.pt\/site\/wp-content\/uploads\/2026\/01\/joaopedrogomes.jpeg","contentUrl":"https:\/\/estadocomarte.pt\/site\/wp-content\/uploads\/2026\/01\/joaopedrogomes.jpeg","width":1600,"height":900},{"@type":"BreadcrumbList","@id":"https:\/\/estadocomarte.pt\/site\/2026\/01\/23\/joao-pedro-gomes-a-minha-historia-com-a-investigacao-da-alimentacao-e-genetica\/#breadcrumb","itemListElement":[{"@type":"ListItem","position":1,"name":"In\u00edcio","item":"https:\/\/estadocomarte.pt\/site\/"},{"@type":"ListItem","position":2,"name":"Jo\u00e3o Pedro Gomes. &#8220;A minha hist\u00f3ria com a investiga\u00e7\u00e3o da alimenta\u00e7\u00e3o \u00e9 gen\u00e9tica&#8221;."}]},{"@type":"WebSite","@id":"https:\/\/estadocomarte.pt\/site\/#website","url":"https:\/\/estadocomarte.pt\/site\/","name":"Estado com Arte Magazine","description":"Magazine","publisher":{"@id":"https:\/\/estadocomarte.pt\/site\/#organization"},"alternateName":"Magazine semanal sobre pol\u00edtica e cultura, com autores, opini\u00e3o e cr\u00edticas.","potentialAction":[{"@type":"SearchAction","target":{"@type":"EntryPoint","urlTemplate":"https:\/\/estadocomarte.pt\/site\/?s={search_term_string}"},"query-input":{"@type":"PropertyValueSpecification","valueRequired":true,"valueName":"search_term_string"}}],"inLanguage":"pt-PT"},{"@type":"Organization","@id":"https:\/\/estadocomarte.pt\/site\/#organization","name":"Estado com Arte Magazine","alternateName":"Magazine semanal sobre pol\u00edtica e cultura, com autores, opini\u00e3o e cr\u00edticas.","url":"https:\/\/estadocomarte.pt\/site\/","logo":{"@type":"ImageObject","inLanguage":"pt-PT","@id":"https:\/\/estadocomarte.pt\/site\/#\/schema\/logo\/image\/","url":"https:\/\/estadocomarte.pt\/site\/wp-content\/uploads\/2023\/06\/cropped-cropped-Prancheta-2@2x-100.jpg","contentUrl":"https:\/\/estadocomarte.pt\/site\/wp-content\/uploads\/2023\/06\/cropped-cropped-Prancheta-2@2x-100.jpg","width":1777,"height":592,"caption":"Estado com Arte Magazine"},"image":{"@id":"https:\/\/estadocomarte.pt\/site\/#\/schema\/logo\/image\/"},"sameAs":["https:\/\/www.instagram.com\/estadocomartemagazine"]},{"@type":"Person","@id":"https:\/\/estadocomarte.pt\/site\/#\/schema\/person\/c0943a071216c1e5b21f85304151e4ba","name":"admin","image":{"@type":"ImageObject","inLanguage":"pt-PT","@id":"https:\/\/estadocomarte.pt\/site\/#\/schema\/person\/image\/","url":"https:\/\/secure.gravatar.com\/avatar\/e6f378fd6914c8505d3e1d40f51fa953b21bab0f3a5658a33bc84cb5bda780f9?s=96&d=mm&r=g","contentUrl":"https:\/\/secure.gravatar.com\/avatar\/e6f378fd6914c8505d3e1d40f51fa953b21bab0f3a5658a33bc84cb5bda780f9?s=96&d=mm&r=g","caption":"admin"},"sameAs":["https:\/\/estadocomarte.pt\/site"],"url":"https:\/\/estadocomarte.pt\/site\/author\/admin\/"}]}},"_links":{"self":[{"href":"https:\/\/estadocomarte.pt\/site\/wp-json\/wp\/v2\/posts\/11910","targetHints":{"allow":["GET"]}}],"collection":[{"href":"https:\/\/estadocomarte.pt\/site\/wp-json\/wp\/v2\/posts"}],"about":[{"href":"https:\/\/estadocomarte.pt\/site\/wp-json\/wp\/v2\/types\/post"}],"author":[{"embeddable":true,"href":"https:\/\/estadocomarte.pt\/site\/wp-json\/wp\/v2\/users\/1"}],"replies":[{"embeddable":true,"href":"https:\/\/estadocomarte.pt\/site\/wp-json\/wp\/v2\/comments?post=11910"}],"version-history":[{"count":1,"href":"https:\/\/estadocomarte.pt\/site\/wp-json\/wp\/v2\/posts\/11910\/revisions"}],"predecessor-version":[{"id":11913,"href":"https:\/\/estadocomarte.pt\/site\/wp-json\/wp\/v2\/posts\/11910\/revisions\/11913"}],"wp:featuredmedia":[{"embeddable":true,"href":"https:\/\/estadocomarte.pt\/site\/wp-json\/wp\/v2\/media\/11912"}],"wp:attachment":[{"href":"https:\/\/estadocomarte.pt\/site\/wp-json\/wp\/v2\/media?parent=11910"}],"wp:term":[{"taxonomy":"category","embeddable":true,"href":"https:\/\/estadocomarte.pt\/site\/wp-json\/wp\/v2\/categories?post=11910"},{"taxonomy":"post_tag","embeddable":true,"href":"https:\/\/estadocomarte.pt\/site\/wp-json\/wp\/v2\/tags?post=11910"}],"curies":[{"name":"wp","href":"https:\/\/api.w.org\/{rel}","templated":true}]}}