{"id":11993,"date":"2026-02-03T14:05:33","date_gmt":"2026-02-03T14:05:33","guid":{"rendered":"https:\/\/estadocomarte.pt\/site\/?p=11993"},"modified":"2026-02-06T11:57:18","modified_gmt":"2026-02-06T11:57:18","slug":"nacoes-unidas-regressam-ao-porto-para-debater-o-futuro","status":"publish","type":"post","link":"https:\/\/estadocomarte.pt\/site\/2026\/02\/03\/nacoes-unidas-regressam-ao-porto-para-debater-o-futuro\/","title":{"rendered":"NA\u00c7\u00d5ES UNIDAS REGRESSAM AO PORTO PARA DEBATER O FUTURO"},"content":{"rendered":"<p><strong>OPOMUN 2026 re\u00fane cerca de 250 jovens de escolas internacionais para debater os grandes desafios globais, de\u00a0 4 a 6 de fevereiro, . <\/strong><strong>O Porto afirma-se como palco de diplomacia jovem e pensamento estrat\u00e9gico internacional. A i<\/strong><strong>niciativa ter\u00e1 sess\u00f5es no HF Ipanema Park e no\u00a0CLIP \u2013 Oporto International School,<\/strong><\/p>\n<p>O OPOMUN \u2013 Oporto Model United Nations, que decorre entre 4 e 6 de fevereiro de 2026, chega \u00e0 sua 19.\u00aa edi\u00e7\u00e3o, reunindo cerca de 250 jovens delegados de escolas internacionais, num exerc\u00edcio de diplomacia, lideran\u00e7a e negocia\u00e7\u00e3o que recria, com elevado rigor, o funcionamento das Na\u00e7\u00f5es Unidas.<\/p>\n<p>Para Pedro Silva, Secret\u00e1rio-Geral do OPOMUN 2026, &#8220;o dia de sexta-feira traduz o esp\u00edrito do OPOMUN: pensamento cr\u00edtico, confronto de ideias e constru\u00e7\u00e3o de solu\u00e7\u00f5es para um mundo em permanente tens\u00e3o&#8221;.<\/p>\n<p>Na pr\u00f3xima sexta-feira, 6 de fevereiro, o Porto volta a assumir-se como palco de uma Assembleia Geral \u00e0 escala global, com a realiza\u00e7\u00e3o das sess\u00f5es finais do OPOMUN 2026, momento que concentra os principais debates, negocia\u00e7\u00f5es e decis\u00f5es da confer\u00eancia e que contar\u00e1 com a presen\u00e7a da comunica\u00e7\u00e3o social para acompanhar os trabalhos.<\/p>\n<p>Organizado pelo CLIP \u2013 Oporto International School, o OPOMUN assume-se como uma das mais relevantes simula\u00e7\u00f5es acad\u00e9micas das Na\u00e7\u00f5es Unidas realizadas em Portugal. A sexta-feira representa o momento culminante da confer\u00eancia, com os debates finais dos comit\u00e9s, a aprova\u00e7\u00e3o de resolu\u00e7\u00f5es e a Cerim\u00f3nia de Encerramento, agendada para as 16h30, no campus do CLIP.<\/p>\n<p>Ao longo dos tr\u00eas dias, os participantes trabalham em nove comit\u00e9s, incluindo o Conselho de Seguran\u00e7a, a Assembleia Geral, a Organiza\u00e7\u00e3o Mundial de Sa\u00fade e o Conselho dos Direitos Humanos, debatendo temas como conflitos geopol\u00edticos, crises humanit\u00e1rias, seguran\u00e7a internacional, tr\u00e1fico de armas, altera\u00e7\u00f5es clim\u00e1ticas, resist\u00eancia antimicrobiana e desequil\u00edbrios econ\u00f3micos globais, refletindo os principais desafios da agenda internacional contempor\u00e2nea.<\/p>\n<p>A confer\u00eancia tem in\u00edcio amanh\u00e3, 4 de fevereiro, com a sess\u00e3o de abertura no HF Ipanema Park, e integra ainda um momento de conv\u00edvio internacional no Hard Club, refor\u00e7ando a dimens\u00e3o cultural e cosmopolita do evento.<\/p>\n<p>O OPOMUN 2026 conta com o apoio da C\u00e2mara Municipal do Porto, atrav\u00e9s do programa Study in Porto e da Divis\u00e3o da Juventude, sublinhando a aposta do Porto na educa\u00e7\u00e3o internacional, na juventude e na forma\u00e7\u00e3o de cidad\u00e3os globais.<\/p>\n<p>Com 19 anos de hist\u00f3ria, o OPOMUN continua a afirmar-se como uma plataforma de excel\u00eancia para a diplomacia jovem, projetando o Porto como cidade aberta ao mundo, ao di\u00e1logo e ao futuro.<\/p>\n<p><strong>CLIP \u2013 Oporto International School<\/strong><\/p>\n<p>O CLIP \u00e9 uma institui\u00e7\u00e3o educativa comprometida com a excel\u00eancia acad\u00e9mica e o desenvolvimento integral dos seus alunos. Com uma abordagem internacional, prepara os estudantes para os desafios do mundo globalizado, incentivando a curiosidade intelectual, a responsabilidade social e a cidadania ativa.<\/p>\n","protected":false},"excerpt":{"rendered":"<p>Estado com Arte Magazine<\/p>\n","protected":false},"author":1,"featured_media":11995,"comment_status":"open","ping_status":"open","sticky":false,"template":"","format":"standard","meta":{"site-sidebar-layout":"default","site-content-layout":"default","ast-global-header-display":"","ast-banner-title-visibility":"","ast-main-header-display":"","ast-hfb-above-header-display":"","ast-hfb-below-header-display":"","ast-hfb-mobile-header-display":"","site-post-title":"","ast-breadcrumbs-content":"","ast-featured-img":"","footer-sml-layout":"","theme-transparent-header-meta":"default","adv-header-id-meta":"","stick-header-meta":"","header-above-stick-meta":"","header-main-stick-meta":"","header-below-stick-meta":"","footnotes":""},"categories":[8],"tags":[2366],"class_list":["post-11993","post","type-post","status-publish","format-standard","has-post-thumbnail","hentry","category-sociedade","tag-opmundo26"],"yoast_head":"<!-- This site is optimized with the Yoast SEO plugin v25.1 - https:\/\/yoast.com\/wordpress\/plugins\/seo\/ -->\n<title>NA\u00c7\u00d5ES UNIDAS REGRESSAM AO PORTO PARA DEBATER O FUTURO - Estado com Arte<\/title>\n<meta name=\"robots\" content=\"index, follow, max-snippet:-1, max-image-preview:large, max-video-preview:-1\" \/>\n<link rel=\"canonical\" href=\"https:\/\/estadocomarte.pt\/site\/2026\/02\/03\/nacoes-unidas-regressam-ao-porto-para-debater-o-futuro\/\" \/>\n<meta property=\"og:locale\" content=\"pt_PT\" \/>\n<meta property=\"og:type\" content=\"article\" \/>\n<meta property=\"og:title\" content=\"NA\u00c7\u00d5ES UNIDAS REGRESSAM AO PORTO PARA DEBATER O FUTURO - Estado com Arte\" \/>\n<meta property=\"og:description\" content=\"Estado com Arte Magazine\" \/>\n<meta property=\"og:url\" content=\"https:\/\/estadocomarte.pt\/site\/2026\/02\/03\/nacoes-unidas-regressam-ao-porto-para-debater-o-futuro\/\" \/>\n<meta property=\"og:site_name\" content=\"Estado com Arte\" \/>\n<meta property=\"article:published_time\" content=\"2026-02-03T14:05:33+00:00\" \/>\n<meta property=\"article:modified_time\" content=\"2026-02-06T11:57:18+00:00\" \/>\n<meta property=\"og:image\" content=\"https:\/\/estadocomarte.pt\/site\/wp-content\/uploads\/2026\/02\/opmundo26.jpg\" \/>\n\t<meta property=\"og:image:width\" content=\"2560\" \/>\n\t<meta property=\"og:image:height\" content=\"1707\" \/>\n\t<meta property=\"og:image:type\" content=\"image\/jpeg\" \/>\n<meta name=\"author\" content=\"admin\" \/>\n<meta name=\"twitter:card\" content=\"summary_large_image\" \/>\n<meta name=\"twitter:label1\" content=\"Escrito por\" \/>\n\t<meta name=\"twitter:data1\" content=\"admin\" \/>\n\t<meta name=\"twitter:label2\" content=\"Tempo estimado de leitura\" \/>\n\t<meta name=\"twitter:data2\" content=\"3 minutos\" \/>\n<script type=\"application\/ld+json\" class=\"yoast-schema-graph\">{\"@context\":\"https:\/\/schema.org\",\"@graph\":[{\"@type\":\"Article\",\"@id\":\"https:\/\/estadocomarte.pt\/site\/2026\/02\/03\/nacoes-unidas-regressam-ao-porto-para-debater-o-futuro\/#article\",\"isPartOf\":{\"@id\":\"https:\/\/estadocomarte.pt\/site\/2026\/02\/03\/nacoes-unidas-regressam-ao-porto-para-debater-o-futuro\/\"},\"author\":{\"name\":\"admin\",\"@id\":\"https:\/\/estadocomarte.pt\/site\/#\/schema\/person\/c0943a071216c1e5b21f85304151e4ba\"},\"headline\":\"NA\u00c7\u00d5ES UNIDAS REGRESSAM AO PORTO PARA DEBATER O FUTURO\",\"datePublished\":\"2026-02-03T14:05:33+00:00\",\"dateModified\":\"2026-02-06T11:57:18+00:00\",\"mainEntityOfPage\":{\"@id\":\"https:\/\/estadocomarte.pt\/site\/2026\/02\/03\/nacoes-unidas-regressam-ao-porto-para-debater-o-futuro\/\"},\"wordCount\":499,\"commentCount\":0,\"publisher\":{\"@id\":\"https:\/\/estadocomarte.pt\/site\/#organization\"},\"image\":{\"@id\":\"https:\/\/estadocomarte.pt\/site\/2026\/02\/03\/nacoes-unidas-regressam-ao-porto-para-debater-o-futuro\/#primaryimage\"},\"thumbnailUrl\":\"https:\/\/estadocomarte.pt\/site\/wp-content\/uploads\/2026\/02\/opmundo26.jpg\",\"keywords\":[\"opmundo26\"],\"articleSection\":[\"Sociedade\"],\"inLanguage\":\"pt-PT\",\"potentialAction\":[{\"@type\":\"CommentAction\",\"name\":\"Comment\",\"target\":[\"https:\/\/estadocomarte.pt\/site\/2026\/02\/03\/nacoes-unidas-regressam-ao-porto-para-debater-o-futuro\/#respond\"]}]},{\"@type\":\"WebPage\",\"@id\":\"https:\/\/estadocomarte.pt\/site\/2026\/02\/03\/nacoes-unidas-regressam-ao-porto-para-debater-o-futuro\/\",\"url\":\"https:\/\/estadocomarte.pt\/site\/2026\/02\/03\/nacoes-unidas-regressam-ao-porto-para-debater-o-futuro\/\",\"name\":\"NA\u00c7\u00d5ES UNIDAS REGRESSAM AO PORTO PARA DEBATER O FUTURO - Estado com Arte\",\"isPartOf\":{\"@id\":\"https:\/\/estadocomarte.pt\/site\/#website\"},\"primaryImageOfPage\":{\"@id\":\"https:\/\/estadocomarte.pt\/site\/2026\/02\/03\/nacoes-unidas-regressam-ao-porto-para-debater-o-futuro\/#primaryimage\"},\"image\":{\"@id\":\"https:\/\/estadocomarte.pt\/site\/2026\/02\/03\/nacoes-unidas-regressam-ao-porto-para-debater-o-futuro\/#primaryimage\"},\"thumbnailUrl\":\"https:\/\/estadocomarte.pt\/site\/wp-content\/uploads\/2026\/02\/opmundo26.jpg\",\"datePublished\":\"2026-02-03T14:05:33+00:00\",\"dateModified\":\"2026-02-06T11:57:18+00:00\",\"breadcrumb\":{\"@id\":\"https:\/\/estadocomarte.pt\/site\/2026\/02\/03\/nacoes-unidas-regressam-ao-porto-para-debater-o-futuro\/#breadcrumb\"},\"inLanguage\":\"pt-PT\",\"potentialAction\":[{\"@type\":\"ReadAction\",\"target\":[\"https:\/\/estadocomarte.pt\/site\/2026\/02\/03\/nacoes-unidas-regressam-ao-porto-para-debater-o-futuro\/\"]}]},{\"@type\":\"ImageObject\",\"inLanguage\":\"pt-PT\",\"@id\":\"https:\/\/estadocomarte.pt\/site\/2026\/02\/03\/nacoes-unidas-regressam-ao-porto-para-debater-o-futuro\/#primaryimage\",\"url\":\"https:\/\/estadocomarte.pt\/site\/wp-content\/uploads\/2026\/02\/opmundo26.jpg\",\"contentUrl\":\"https:\/\/estadocomarte.pt\/site\/wp-content\/uploads\/2026\/02\/opmundo26.jpg\",\"width\":2560,\"height\":1707},{\"@type\":\"BreadcrumbList\",\"@id\":\"https:\/\/estadocomarte.pt\/site\/2026\/02\/03\/nacoes-unidas-regressam-ao-porto-para-debater-o-futuro\/#breadcrumb\",\"itemListElement\":[{\"@type\":\"ListItem\",\"position\":1,\"name\":\"In\u00edcio\",\"item\":\"https:\/\/estadocomarte.pt\/site\/\"},{\"@type\":\"ListItem\",\"position\":2,\"name\":\"NA\u00c7\u00d5ES UNIDAS REGRESSAM AO PORTO PARA DEBATER O FUTURO\"}]},{\"@type\":\"WebSite\",\"@id\":\"https:\/\/estadocomarte.pt\/site\/#website\",\"url\":\"https:\/\/estadocomarte.pt\/site\/\",\"name\":\"Estado com Arte Magazine\",\"description\":\"Magazine\",\"publisher\":{\"@id\":\"https:\/\/estadocomarte.pt\/site\/#organization\"},\"alternateName\":\"Magazine semanal sobre pol\u00edtica e cultura, com autores, opini\u00e3o e cr\u00edticas.\",\"potentialAction\":[{\"@type\":\"SearchAction\",\"target\":{\"@type\":\"EntryPoint\",\"urlTemplate\":\"https:\/\/estadocomarte.pt\/site\/?s={search_term_string}\"},\"query-input\":{\"@type\":\"PropertyValueSpecification\",\"valueRequired\":true,\"valueName\":\"search_term_string\"}}],\"inLanguage\":\"pt-PT\"},{\"@type\":\"Organization\",\"@id\":\"https:\/\/estadocomarte.pt\/site\/#organization\",\"name\":\"Estado com Arte Magazine\",\"alternateName\":\"Magazine semanal sobre pol\u00edtica e cultura, com autores, opini\u00e3o e cr\u00edticas.\",\"url\":\"https:\/\/estadocomarte.pt\/site\/\",\"logo\":{\"@type\":\"ImageObject\",\"inLanguage\":\"pt-PT\",\"@id\":\"https:\/\/estadocomarte.pt\/site\/#\/schema\/logo\/image\/\",\"url\":\"https:\/\/estadocomarte.pt\/site\/wp-content\/uploads\/2023\/06\/cropped-cropped-Prancheta-2@2x-100.jpg\",\"contentUrl\":\"https:\/\/estadocomarte.pt\/site\/wp-content\/uploads\/2023\/06\/cropped-cropped-Prancheta-2@2x-100.jpg\",\"width\":1777,\"height\":592,\"caption\":\"Estado com Arte Magazine\"},\"image\":{\"@id\":\"https:\/\/estadocomarte.pt\/site\/#\/schema\/logo\/image\/\"},\"sameAs\":[\"https:\/\/www.instagram.com\/estadocomartemagazine\"]},{\"@type\":\"Person\",\"@id\":\"https:\/\/estadocomarte.pt\/site\/#\/schema\/person\/c0943a071216c1e5b21f85304151e4ba\",\"name\":\"admin\",\"image\":{\"@type\":\"ImageObject\",\"inLanguage\":\"pt-PT\",\"@id\":\"https:\/\/estadocomarte.pt\/site\/#\/schema\/person\/image\/\",\"url\":\"https:\/\/secure.gravatar.com\/avatar\/e6f378fd6914c8505d3e1d40f51fa953b21bab0f3a5658a33bc84cb5bda780f9?s=96&d=mm&r=g\",\"contentUrl\":\"https:\/\/secure.gravatar.com\/avatar\/e6f378fd6914c8505d3e1d40f51fa953b21bab0f3a5658a33bc84cb5bda780f9?s=96&d=mm&r=g\",\"caption\":\"admin\"},\"sameAs\":[\"https:\/\/estadocomarte.pt\/site\"],\"url\":\"https:\/\/estadocomarte.pt\/site\/author\/admin\/\"}]}<\/script>\n<!-- \/ Yoast SEO plugin. -->","yoast_head_json":{"title":"NA\u00c7\u00d5ES UNIDAS REGRESSAM AO PORTO PARA DEBATER O FUTURO - Estado com Arte","robots":{"index":"index","follow":"follow","max-snippet":"max-snippet:-1","max-image-preview":"max-image-preview:large","max-video-preview":"max-video-preview:-1"},"canonical":"https:\/\/estadocomarte.pt\/site\/2026\/02\/03\/nacoes-unidas-regressam-ao-porto-para-debater-o-futuro\/","og_locale":"pt_PT","og_type":"article","og_title":"NA\u00c7\u00d5ES UNIDAS REGRESSAM AO PORTO PARA DEBATER O FUTURO - Estado com Arte","og_description":"Estado com Arte Magazine","og_url":"https:\/\/estadocomarte.pt\/site\/2026\/02\/03\/nacoes-unidas-regressam-ao-porto-para-debater-o-futuro\/","og_site_name":"Estado com Arte","article_published_time":"2026-02-03T14:05:33+00:00","article_modified_time":"2026-02-06T11:57:18+00:00","og_image":[{"width":2560,"height":1707,"url":"https:\/\/estadocomarte.pt\/site\/wp-content\/uploads\/2026\/02\/opmundo26.jpg","type":"image\/jpeg"}],"author":"admin","twitter_card":"summary_large_image","twitter_misc":{"Escrito por":"admin","Tempo estimado de leitura":"3 minutos"},"schema":{"@context":"https:\/\/schema.org","@graph":[{"@type":"Article","@id":"https:\/\/estadocomarte.pt\/site\/2026\/02\/03\/nacoes-unidas-regressam-ao-porto-para-debater-o-futuro\/#article","isPartOf":{"@id":"https:\/\/estadocomarte.pt\/site\/2026\/02\/03\/nacoes-unidas-regressam-ao-porto-para-debater-o-futuro\/"},"author":{"name":"admin","@id":"https:\/\/estadocomarte.pt\/site\/#\/schema\/person\/c0943a071216c1e5b21f85304151e4ba"},"headline":"NA\u00c7\u00d5ES UNIDAS REGRESSAM AO PORTO PARA DEBATER O FUTURO","datePublished":"2026-02-03T14:05:33+00:00","dateModified":"2026-02-06T11:57:18+00:00","mainEntityOfPage":{"@id":"https:\/\/estadocomarte.pt\/site\/2026\/02\/03\/nacoes-unidas-regressam-ao-porto-para-debater-o-futuro\/"},"wordCount":499,"commentCount":0,"publisher":{"@id":"https:\/\/estadocomarte.pt\/site\/#organization"},"image":{"@id":"https:\/\/estadocomarte.pt\/site\/2026\/02\/03\/nacoes-unidas-regressam-ao-porto-para-debater-o-futuro\/#primaryimage"},"thumbnailUrl":"https:\/\/estadocomarte.pt\/site\/wp-content\/uploads\/2026\/02\/opmundo26.jpg","keywords":["opmundo26"],"articleSection":["Sociedade"],"inLanguage":"pt-PT","potentialAction":[{"@type":"CommentAction","name":"Comment","target":["https:\/\/estadocomarte.pt\/site\/2026\/02\/03\/nacoes-unidas-regressam-ao-porto-para-debater-o-futuro\/#respond"]}]},{"@type":"WebPage","@id":"https:\/\/estadocomarte.pt\/site\/2026\/02\/03\/nacoes-unidas-regressam-ao-porto-para-debater-o-futuro\/","url":"https:\/\/estadocomarte.pt\/site\/2026\/02\/03\/nacoes-unidas-regressam-ao-porto-para-debater-o-futuro\/","name":"NA\u00c7\u00d5ES UNIDAS REGRESSAM AO PORTO PARA DEBATER O FUTURO - Estado com Arte","isPartOf":{"@id":"https:\/\/estadocomarte.pt\/site\/#website"},"primaryImageOfPage":{"@id":"https:\/\/estadocomarte.pt\/site\/2026\/02\/03\/nacoes-unidas-regressam-ao-porto-para-debater-o-futuro\/#primaryimage"},"image":{"@id":"https:\/\/estadocomarte.pt\/site\/2026\/02\/03\/nacoes-unidas-regressam-ao-porto-para-debater-o-futuro\/#primaryimage"},"thumbnailUrl":"https:\/\/estadocomarte.pt\/site\/wp-content\/uploads\/2026\/02\/opmundo26.jpg","datePublished":"2026-02-03T14:05:33+00:00","dateModified":"2026-02-06T11:57:18+00:00","breadcrumb":{"@id":"https:\/\/estadocomarte.pt\/site\/2026\/02\/03\/nacoes-unidas-regressam-ao-porto-para-debater-o-futuro\/#breadcrumb"},"inLanguage":"pt-PT","potentialAction":[{"@type":"ReadAction","target":["https:\/\/estadocomarte.pt\/site\/2026\/02\/03\/nacoes-unidas-regressam-ao-porto-para-debater-o-futuro\/"]}]},{"@type":"ImageObject","inLanguage":"pt-PT","@id":"https:\/\/estadocomarte.pt\/site\/2026\/02\/03\/nacoes-unidas-regressam-ao-porto-para-debater-o-futuro\/#primaryimage","url":"https:\/\/estadocomarte.pt\/site\/wp-content\/uploads\/2026\/02\/opmundo26.jpg","contentUrl":"https:\/\/estadocomarte.pt\/site\/wp-content\/uploads\/2026\/02\/opmundo26.jpg","width":2560,"height":1707},{"@type":"BreadcrumbList","@id":"https:\/\/estadocomarte.pt\/site\/2026\/02\/03\/nacoes-unidas-regressam-ao-porto-para-debater-o-futuro\/#breadcrumb","itemListElement":[{"@type":"ListItem","position":1,"name":"In\u00edcio","item":"https:\/\/estadocomarte.pt\/site\/"},{"@type":"ListItem","position":2,"name":"NA\u00c7\u00d5ES UNIDAS REGRESSAM AO PORTO PARA DEBATER O FUTURO"}]},{"@type":"WebSite","@id":"https:\/\/estadocomarte.pt\/site\/#website","url":"https:\/\/estadocomarte.pt\/site\/","name":"Estado com Arte Magazine","description":"Magazine","publisher":{"@id":"https:\/\/estadocomarte.pt\/site\/#organization"},"alternateName":"Magazine semanal sobre pol\u00edtica e cultura, com autores, opini\u00e3o e cr\u00edticas.","potentialAction":[{"@type":"SearchAction","target":{"@type":"EntryPoint","urlTemplate":"https:\/\/estadocomarte.pt\/site\/?s={search_term_string}"},"query-input":{"@type":"PropertyValueSpecification","valueRequired":true,"valueName":"search_term_string"}}],"inLanguage":"pt-PT"},{"@type":"Organization","@id":"https:\/\/estadocomarte.pt\/site\/#organization","name":"Estado com Arte Magazine","alternateName":"Magazine semanal sobre pol\u00edtica e cultura, com autores, opini\u00e3o e cr\u00edticas.","url":"https:\/\/estadocomarte.pt\/site\/","logo":{"@type":"ImageObject","inLanguage":"pt-PT","@id":"https:\/\/estadocomarte.pt\/site\/#\/schema\/logo\/image\/","url":"https:\/\/estadocomarte.pt\/site\/wp-content\/uploads\/2023\/06\/cropped-cropped-Prancheta-2@2x-100.jpg","contentUrl":"https:\/\/estadocomarte.pt\/site\/wp-content\/uploads\/2023\/06\/cropped-cropped-Prancheta-2@2x-100.jpg","width":1777,"height":592,"caption":"Estado com Arte Magazine"},"image":{"@id":"https:\/\/estadocomarte.pt\/site\/#\/schema\/logo\/image\/"},"sameAs":["https:\/\/www.instagram.com\/estadocomartemagazine"]},{"@type":"Person","@id":"https:\/\/estadocomarte.pt\/site\/#\/schema\/person\/c0943a071216c1e5b21f85304151e4ba","name":"admin","image":{"@type":"ImageObject","inLanguage":"pt-PT","@id":"https:\/\/estadocomarte.pt\/site\/#\/schema\/person\/image\/","url":"https:\/\/secure.gravatar.com\/avatar\/e6f378fd6914c8505d3e1d40f51fa953b21bab0f3a5658a33bc84cb5bda780f9?s=96&d=mm&r=g","contentUrl":"https:\/\/secure.gravatar.com\/avatar\/e6f378fd6914c8505d3e1d40f51fa953b21bab0f3a5658a33bc84cb5bda780f9?s=96&d=mm&r=g","caption":"admin"},"sameAs":["https:\/\/estadocomarte.pt\/site"],"url":"https:\/\/estadocomarte.pt\/site\/author\/admin\/"}]}},"_links":{"self":[{"href":"https:\/\/estadocomarte.pt\/site\/wp-json\/wp\/v2\/posts\/11993","targetHints":{"allow":["GET"]}}],"collection":[{"href":"https:\/\/estadocomarte.pt\/site\/wp-json\/wp\/v2\/posts"}],"about":[{"href":"https:\/\/estadocomarte.pt\/site\/wp-json\/wp\/v2\/types\/post"}],"author":[{"embeddable":true,"href":"https:\/\/estadocomarte.pt\/site\/wp-json\/wp\/v2\/users\/1"}],"replies":[{"embeddable":true,"href":"https:\/\/estadocomarte.pt\/site\/wp-json\/wp\/v2\/comments?post=11993"}],"version-history":[{"count":2,"href":"https:\/\/estadocomarte.pt\/site\/wp-json\/wp\/v2\/posts\/11993\/revisions"}],"predecessor-version":[{"id":12034,"href":"https:\/\/estadocomarte.pt\/site\/wp-json\/wp\/v2\/posts\/11993\/revisions\/12034"}],"wp:featuredmedia":[{"embeddable":true,"href":"https:\/\/estadocomarte.pt\/site\/wp-json\/wp\/v2\/media\/11995"}],"wp:attachment":[{"href":"https:\/\/estadocomarte.pt\/site\/wp-json\/wp\/v2\/media?parent=11993"}],"wp:term":[{"taxonomy":"category","embeddable":true,"href":"https:\/\/estadocomarte.pt\/site\/wp-json\/wp\/v2\/categories?post=11993"},{"taxonomy":"post_tag","embeddable":true,"href":"https:\/\/estadocomarte.pt\/site\/wp-json\/wp\/v2\/tags?post=11993"}],"curies":[{"name":"wp","href":"https:\/\/api.w.org\/{rel}","templated":true}]}}