{"id":12035,"date":"2026-02-06T11:55:13","date_gmt":"2026-02-06T11:55:13","guid":{"rendered":"https:\/\/estadocomarte.pt\/site\/?p=12035"},"modified":"2026-02-06T11:56:31","modified_gmt":"2026-02-06T11:56:31","slug":"e-quem-e-que-nos-acode-no-meio-de-tanta-incompetencia","status":"publish","type":"post","link":"https:\/\/estadocomarte.pt\/site\/2026\/02\/06\/e-quem-e-que-nos-acode-no-meio-de-tanta-incompetencia\/","title":{"rendered":"E QUEM \u00c9 QUE NOS ACODE, NO MEIO DE TANTA INCOMPET\u00caNCIA?"},"content":{"rendered":"<p><strong>O nosso maior problema \u00e9 que na pr\u00f3xima tempestade, tudo ser\u00e1 como agora, a mesma falta de meios, a mesma inefic\u00e1cia, a mesma incompet\u00eancia, o mesmo caos e as pessoas continuar\u00e3o sem luz e sem \u00e1gua, com o mesmo sofrimento a que, entretanto, se v\u00e3o habituando. Sim, garantidamente nada vai mudar.\u201d<\/strong><\/p>\n<p>Por acaso, o &#8220;tuf\u00e3o&#8221; que varreu o territ\u00f3rio nacional, com especial e dram\u00e1tica incid\u00eancia na regi\u00e3o de Leiria, ocorreu em plena madrugada e por isso e s\u00f3 por isso, \u00e9 que fez cinco v\u00edtimas mortais, tivesse acontecido durante o dia e nada, nem Deus, evitaria que tivessem sido muitas mais. Depois, na sequ\u00eancia do rescaldo, mais v\u00edtimas vieram a sucumbir, alguns casos por quedas de telhados que desesperadamente tentavam reparar. Paz \u00e0 sua alma.<\/p>\n<p>Como sempre acontece nestas circunst\u00e2ncias, e veja-se os casos dos inc\u00eandios, em que n\u00e3o corrigimos nada depois de 2017, nunca temos a capacidade de sermos pr\u00f3-ativos, em Portugal, somos sempre reativos, n\u00e3o temos a capacidade de nos prepararmos para o que a\u00ed vem, de nos anteciparmos, mesmo quando sabemos exatamente o que a\u00ed vem e neste caso sab\u00edamos, porque os meteorologistas avisaram. E temos v\u00e1rios n\u00edveis de responsabilidades, a come\u00e7ar tamb\u00e9m pela nossa forma de estar, somos por norma desleixados, n\u00e3o estamos habituados a este tipo de fen\u00f3menos, felizmente, e facilitamos ou ignoramos mesmo os avisos, porque achamos sempre que a coisa acaba por passar ao lado, mas desta vez n\u00e3o passou e arrasou.<\/p>\n<p>Depois h\u00e1 responsabilidades das autarquias, algumas n\u00e3o t\u00eam sequer o respetivo Plano Municipal de Emerg\u00eancia, coisa obrigat\u00f3ria h\u00e1 muito, outros n\u00e3o est\u00e3o atualizados e das que o t\u00eam, era interessante saber quantos foram acionados previamente e n\u00e3o a posterior, sabendo-se o que a\u00ed vinha, mas arriscaria adivinhar que nenhum. E j\u00e1 agora, se torram tantos milhares de euros em festaria, ou em &#8220;anima\u00e7\u00e3o&#8221;, como lhe chamam, por que raz\u00e3o n\u00e3o se apetrecham com geradores que permitam garantir o abastecimento de \u00e1gua, mesmo sem eletricidade? Ah\u2026\u00e9 isso, n\u00e3o se v\u00ea e n\u00e3o d\u00e1 votos, mas \u00e9 inaceit\u00e1vel.<\/p>\n<p>Mas e o Estado central, a partir do qual as entidades com responsabilidades na mat\u00e9ria se atropelam e se sobrep\u00f5em, numa perfeita e repetitiva desorganiza\u00e7\u00e3o, sem uma lideran\u00e7a \u00fanica eficaz, porque ningu\u00e9m admite perder o pedestal e o protagonismo, o importante \u00e9 exibir as fardas vistosas, e as viaturas 4 x 4, bastante estilosas, diga-se de passagem e depois de meses sem nada de facto para fazer, nem se d\u00e3o ao trabalho de se prepararem para darem respostas eficazes e atempadas, quando se deparam com aquilo para que existem.<\/p>\n<p>Os egos dos dirigentes das v\u00e1rias entidades sobrep\u00f5em-se aos interesses das popula\u00e7\u00f5es, sempre assim foi e a Prote\u00e7\u00e3o Civil n\u00e3o pode servir apenas para dar uns empregos aos amigos, militantes e simpatizantes. Mas podemos subir na tutela e a quest\u00e3o \u00e9 a que todos colocaram, por onde andou a incapaz ministra da Administra\u00e7\u00e3o Interna, a quem competia tomar a lideran\u00e7a de todo este processo? Pois, ningu\u00e9m sabe, porque ela tamb\u00e9m n\u00e3o sabe, o jeito e a voca\u00e7\u00e3o para o cargo \u00e9 nenhum, mas l\u00e1 continua, quase uma semana depois, a ocupar o cargo e a fazer de conta que \u00e9 ministra de qualquer coisa.<\/p>\n<p>O ministro da Defesa, tamb\u00e9m fez o seu n\u00famero para o &#8220;show off&#8221;, como se fosse necess\u00e1ria a presen\u00e7a do ministro para a montagem de uma tenda das For\u00e7as Armadas, tenham paci\u00eancia. E j\u00e1 agora, teria sido importante, face \u00e0 gravidade dos acontecimentos e porque se sabia exatamente o que \u00eda acontecer, que o primeiro-ministro tivesse feito uma comunica\u00e7\u00e3o ao pa\u00eds, pelo impacto que teria na opini\u00e3o p\u00fablica, mas n\u00e3o, nada, porque vive numa bolha, uma bolha que n\u00e3o lhe permite perceber que tem um impacto profundamente negativo junto da popula\u00e7\u00e3o, exibir uma frota de sete autom\u00f3veis de alta cilindrada, num cen\u00e1rio de cat\u00e1strofe, cada ministro no seu carro. E isto quer dizer que ele deveria andar de Fiat 600? N\u00e3o, quer dizer que devia ser contido e perceber que n\u00e3o o pode fazer. No final o governo vai fazer o que sempre faz, despejar dinheiro em cima do assunto, sem se saber ainda bem como.<\/p>\n<p>O dinheiro que se gasta nas infind\u00e1veis e desnecess\u00e1rias estruturas do estado, com aumentos de pessoal todos os dias, \u00e9 o que n\u00e3o \u00e9 investido em meios que minimizem os efeitos das cat\u00e1strofes, como por exemplo com a instala\u00e7\u00e3o de geradores. E certamente j\u00e1 todos repar\u00e1mos que ap\u00f3s estas trag\u00e9dias, agora, tal como no passado, nunca houve uma demiss\u00e3o, nem volunt\u00e1ria, nem for\u00e7ada, tal \u00e9 a dimens\u00e3o da incompet\u00eancia.<\/p>\n<p>Depois temos a principal respons\u00e1vel de muito do drama vivido pelas popula\u00e7\u00f5es, a EDP, que sendo uma empresa chinesa, \u00e9 sin\u00f3nimo de m\u00e1 qualidade, \u00e9 certo, neste caso, dos servi\u00e7os p\u00e9ssimos que s\u00e3o prestados, ou que deviam ser e n\u00e3o s\u00e3o prestados. Esta \u00e9 a empresa que utiliza tecnologia de ponta no que respeita ao controlo de consumos e de cobran\u00e7a aos clientes, e uso meios da \u00e9poca medieval no que respeita aos servi\u00e7os prestados e aos direitos desses clientes, que ignora por completo.<\/p>\n<p>Como \u00e9 que \u00e9 poss\u00edvel no ano de 2026 DC, vir a p\u00fablico anunciar que haver\u00e1 povoa\u00e7\u00f5es onde a energia el\u00e9trica s\u00f3 ser\u00e1 restabelecida para o final de fevereiro, um m\u00eas depois? E pronto, fica assim, sem que o presidente seja chamado a dar explica\u00e7\u00f5es, porque esta \u00e9 uma empresa sempre protegida pelos governos, sejam eles do PS ou do PSD, farinha do mesmo saco.<\/p>\n<p>No meio de tudo isto, ainda h\u00e1 por a\u00ed quem tenha o descaramento de continuar a apregoar esse embuste da chamada \u201ctransi\u00e7\u00e3o energ\u00e9tica\u201d, a quererem convencer o povo a passar tudo para el\u00e9trico, \u00e9 que com o g\u00e1s, ao menos era poss\u00edvel confecionar comida. Tenham pudor. Que se lixe isso da \u201ctransi\u00e7\u00e3o energ\u00e9tica\u201d.<\/p>\n<p>E a economia? Ningu\u00e9m est\u00e1 a falar nas empresas que estar\u00e3o encerradas durante meses e muitas provavelmente n\u00e3o ter\u00e3o condi\u00e7\u00f5es para resistir e encerrar\u00e3o definitivamente, com o desemprego resultante, numa regi\u00e3o das mais din\u00e2micas do pa\u00eds e das que mais contribuem para as exporta\u00e7\u00f5es.<\/p>\n<p>O nosso maior problema \u00e9 que na pr\u00f3xima tempestade, tudo ser\u00e1 como agora, a mesma falta de meios, a mesma inefic\u00e1cia, a mesma incompet\u00eancia, o mesmo caos e as pessoas continuar\u00e3o sem luz e sem \u00e1gua, com o mesmo sofrimento a que, entretanto, se v\u00e3o habituando. Sim, garantidamente nada vai mudar.<\/p>\n<p>Nota: S\u00f3 uma visita \u00e0 regi\u00e3o poder\u00e1 dar uma ideia aproximada do flagelo que aquele povo est\u00e1 a sofrer, nenhuma imagem ou reportagem consegue mostrar o que l\u00e1 se passa, \u00e0 quarta visita que fiz a amigos e familiares, h\u00e1 sempre pior para ver.<\/p>\n","protected":false},"excerpt":{"rendered":"<p>Rui Gon\u00e7alves,<br \/>\nArquitecto<\/p>\n","protected":false},"author":1,"featured_media":2202,"comment_status":"open","ping_status":"open","sticky":false,"template":"","format":"standard","meta":{"site-sidebar-layout":"default","site-content-layout":"default","ast-global-header-display":"","ast-banner-title-visibility":"","ast-main-header-display":"","ast-hfb-above-header-display":"","ast-hfb-below-header-display":"","ast-hfb-mobile-header-display":"","site-post-title":"","ast-breadcrumbs-content":"","ast-featured-img":"","footer-sml-layout":"","theme-transparent-header-meta":"default","adv-header-id-meta":"","stick-header-meta":"","header-above-stick-meta":"","header-main-stick-meta":"","header-below-stick-meta":"","footnotes":""},"categories":[54,64],"tags":[2373,233,2356],"class_list":["post-12035","post","type-post","status-publish","format-standard","has-post-thumbnail","hentry","category-bolha-mediatica","category-isto-para-nos","tag-regiao-oeste","tag-rui-goncalves","tag-tempestade-kristin"],"yoast_head":"<!-- This site is optimized with the Yoast SEO plugin v25.1 - https:\/\/yoast.com\/wordpress\/plugins\/seo\/ -->\n<title>E QUEM \u00c9 QUE NOS ACODE, NO MEIO DE TANTA INCOMPET\u00caNCIA? - Estado com Arte<\/title>\n<meta name=\"robots\" content=\"index, follow, max-snippet:-1, max-image-preview:large, max-video-preview:-1\" \/>\n<link rel=\"canonical\" href=\"https:\/\/estadocomarte.pt\/site\/2026\/02\/06\/e-quem-e-que-nos-acode-no-meio-de-tanta-incompetencia\/\" \/>\n<meta property=\"og:locale\" content=\"pt_PT\" \/>\n<meta property=\"og:type\" content=\"article\" \/>\n<meta property=\"og:title\" content=\"E QUEM \u00c9 QUE NOS ACODE, NO MEIO DE TANTA INCOMPET\u00caNCIA? - Estado com Arte\" \/>\n<meta property=\"og:description\" content=\"Rui Gon\u00e7alves, Arquitecto\" \/>\n<meta property=\"og:url\" content=\"https:\/\/estadocomarte.pt\/site\/2026\/02\/06\/e-quem-e-que-nos-acode-no-meio-de-tanta-incompetencia\/\" \/>\n<meta property=\"og:site_name\" content=\"Estado com Arte\" \/>\n<meta property=\"article:published_time\" content=\"2026-02-06T11:55:13+00:00\" \/>\n<meta property=\"article:modified_time\" content=\"2026-02-06T11:56:31+00:00\" \/>\n<meta property=\"og:image\" content=\"https:\/\/estadocomarte.pt\/site\/wp-content\/uploads\/2023\/08\/Rui-Goncalves.jpg\" \/>\n\t<meta property=\"og:image:width\" content=\"536\" \/>\n\t<meta property=\"og:image:height\" content=\"632\" \/>\n\t<meta property=\"og:image:type\" content=\"image\/jpeg\" \/>\n<meta name=\"author\" content=\"admin\" \/>\n<meta name=\"twitter:card\" content=\"summary_large_image\" \/>\n<meta name=\"twitter:label1\" content=\"Escrito por\" \/>\n\t<meta name=\"twitter:data1\" content=\"admin\" \/>\n\t<meta name=\"twitter:label2\" content=\"Tempo estimado de leitura\" \/>\n\t<meta name=\"twitter:data2\" content=\"7 minutos\" \/>\n<script type=\"application\/ld+json\" class=\"yoast-schema-graph\">{\"@context\":\"https:\/\/schema.org\",\"@graph\":[{\"@type\":\"Article\",\"@id\":\"https:\/\/estadocomarte.pt\/site\/2026\/02\/06\/e-quem-e-que-nos-acode-no-meio-de-tanta-incompetencia\/#article\",\"isPartOf\":{\"@id\":\"https:\/\/estadocomarte.pt\/site\/2026\/02\/06\/e-quem-e-que-nos-acode-no-meio-de-tanta-incompetencia\/\"},\"author\":{\"name\":\"admin\",\"@id\":\"https:\/\/estadocomarte.pt\/site\/#\/schema\/person\/c0943a071216c1e5b21f85304151e4ba\"},\"headline\":\"E QUEM \u00c9 QUE NOS ACODE, NO MEIO DE TANTA INCOMPET\u00caNCIA?\",\"datePublished\":\"2026-02-06T11:55:13+00:00\",\"dateModified\":\"2026-02-06T11:56:31+00:00\",\"mainEntityOfPage\":{\"@id\":\"https:\/\/estadocomarte.pt\/site\/2026\/02\/06\/e-quem-e-que-nos-acode-no-meio-de-tanta-incompetencia\/\"},\"wordCount\":1206,\"commentCount\":0,\"publisher\":{\"@id\":\"https:\/\/estadocomarte.pt\/site\/#organization\"},\"image\":{\"@id\":\"https:\/\/estadocomarte.pt\/site\/2026\/02\/06\/e-quem-e-que-nos-acode-no-meio-de-tanta-incompetencia\/#primaryimage\"},\"thumbnailUrl\":\"https:\/\/estadocomarte.pt\/site\/wp-content\/uploads\/2023\/08\/Rui-Goncalves.jpg\",\"keywords\":[\"Regi\u00e3o Oeste\",\"rui gon\u00e7alves\",\"Tempestade Kristin\"],\"articleSection\":[\"Bolha Medi\u00e1tica\",\"Isto Para N\u00f3s\"],\"inLanguage\":\"pt-PT\",\"potentialAction\":[{\"@type\":\"CommentAction\",\"name\":\"Comment\",\"target\":[\"https:\/\/estadocomarte.pt\/site\/2026\/02\/06\/e-quem-e-que-nos-acode-no-meio-de-tanta-incompetencia\/#respond\"]}]},{\"@type\":\"WebPage\",\"@id\":\"https:\/\/estadocomarte.pt\/site\/2026\/02\/06\/e-quem-e-que-nos-acode-no-meio-de-tanta-incompetencia\/\",\"url\":\"https:\/\/estadocomarte.pt\/site\/2026\/02\/06\/e-quem-e-que-nos-acode-no-meio-de-tanta-incompetencia\/\",\"name\":\"E QUEM \u00c9 QUE NOS ACODE, NO MEIO DE TANTA INCOMPET\u00caNCIA? - Estado com Arte\",\"isPartOf\":{\"@id\":\"https:\/\/estadocomarte.pt\/site\/#website\"},\"primaryImageOfPage\":{\"@id\":\"https:\/\/estadocomarte.pt\/site\/2026\/02\/06\/e-quem-e-que-nos-acode-no-meio-de-tanta-incompetencia\/#primaryimage\"},\"image\":{\"@id\":\"https:\/\/estadocomarte.pt\/site\/2026\/02\/06\/e-quem-e-que-nos-acode-no-meio-de-tanta-incompetencia\/#primaryimage\"},\"thumbnailUrl\":\"https:\/\/estadocomarte.pt\/site\/wp-content\/uploads\/2023\/08\/Rui-Goncalves.jpg\",\"datePublished\":\"2026-02-06T11:55:13+00:00\",\"dateModified\":\"2026-02-06T11:56:31+00:00\",\"breadcrumb\":{\"@id\":\"https:\/\/estadocomarte.pt\/site\/2026\/02\/06\/e-quem-e-que-nos-acode-no-meio-de-tanta-incompetencia\/#breadcrumb\"},\"inLanguage\":\"pt-PT\",\"potentialAction\":[{\"@type\":\"ReadAction\",\"target\":[\"https:\/\/estadocomarte.pt\/site\/2026\/02\/06\/e-quem-e-que-nos-acode-no-meio-de-tanta-incompetencia\/\"]}]},{\"@type\":\"ImageObject\",\"inLanguage\":\"pt-PT\",\"@id\":\"https:\/\/estadocomarte.pt\/site\/2026\/02\/06\/e-quem-e-que-nos-acode-no-meio-de-tanta-incompetencia\/#primaryimage\",\"url\":\"https:\/\/estadocomarte.pt\/site\/wp-content\/uploads\/2023\/08\/Rui-Goncalves.jpg\",\"contentUrl\":\"https:\/\/estadocomarte.pt\/site\/wp-content\/uploads\/2023\/08\/Rui-Goncalves.jpg\",\"width\":536,\"height\":632,\"caption\":\"Rui Gon\u00e7alvez\"},{\"@type\":\"BreadcrumbList\",\"@id\":\"https:\/\/estadocomarte.pt\/site\/2026\/02\/06\/e-quem-e-que-nos-acode-no-meio-de-tanta-incompetencia\/#breadcrumb\",\"itemListElement\":[{\"@type\":\"ListItem\",\"position\":1,\"name\":\"In\u00edcio\",\"item\":\"https:\/\/estadocomarte.pt\/site\/\"},{\"@type\":\"ListItem\",\"position\":2,\"name\":\"E QUEM \u00c9 QUE NOS ACODE, NO MEIO DE TANTA INCOMPET\u00caNCIA?\"}]},{\"@type\":\"WebSite\",\"@id\":\"https:\/\/estadocomarte.pt\/site\/#website\",\"url\":\"https:\/\/estadocomarte.pt\/site\/\",\"name\":\"Estado com Arte Magazine\",\"description\":\"Magazine\",\"publisher\":{\"@id\":\"https:\/\/estadocomarte.pt\/site\/#organization\"},\"alternateName\":\"Magazine semanal sobre pol\u00edtica e cultura, com autores, opini\u00e3o e cr\u00edticas.\",\"potentialAction\":[{\"@type\":\"SearchAction\",\"target\":{\"@type\":\"EntryPoint\",\"urlTemplate\":\"https:\/\/estadocomarte.pt\/site\/?s={search_term_string}\"},\"query-input\":{\"@type\":\"PropertyValueSpecification\",\"valueRequired\":true,\"valueName\":\"search_term_string\"}}],\"inLanguage\":\"pt-PT\"},{\"@type\":\"Organization\",\"@id\":\"https:\/\/estadocomarte.pt\/site\/#organization\",\"name\":\"Estado com Arte Magazine\",\"alternateName\":\"Magazine semanal sobre pol\u00edtica e cultura, com autores, opini\u00e3o e cr\u00edticas.\",\"url\":\"https:\/\/estadocomarte.pt\/site\/\",\"logo\":{\"@type\":\"ImageObject\",\"inLanguage\":\"pt-PT\",\"@id\":\"https:\/\/estadocomarte.pt\/site\/#\/schema\/logo\/image\/\",\"url\":\"https:\/\/estadocomarte.pt\/site\/wp-content\/uploads\/2023\/06\/cropped-cropped-Prancheta-2@2x-100.jpg\",\"contentUrl\":\"https:\/\/estadocomarte.pt\/site\/wp-content\/uploads\/2023\/06\/cropped-cropped-Prancheta-2@2x-100.jpg\",\"width\":1777,\"height\":592,\"caption\":\"Estado com Arte Magazine\"},\"image\":{\"@id\":\"https:\/\/estadocomarte.pt\/site\/#\/schema\/logo\/image\/\"},\"sameAs\":[\"https:\/\/www.instagram.com\/estadocomartemagazine\"]},{\"@type\":\"Person\",\"@id\":\"https:\/\/estadocomarte.pt\/site\/#\/schema\/person\/c0943a071216c1e5b21f85304151e4ba\",\"name\":\"admin\",\"image\":{\"@type\":\"ImageObject\",\"inLanguage\":\"pt-PT\",\"@id\":\"https:\/\/estadocomarte.pt\/site\/#\/schema\/person\/image\/\",\"url\":\"https:\/\/secure.gravatar.com\/avatar\/e6f378fd6914c8505d3e1d40f51fa953b21bab0f3a5658a33bc84cb5bda780f9?s=96&d=mm&r=g\",\"contentUrl\":\"https:\/\/secure.gravatar.com\/avatar\/e6f378fd6914c8505d3e1d40f51fa953b21bab0f3a5658a33bc84cb5bda780f9?s=96&d=mm&r=g\",\"caption\":\"admin\"},\"sameAs\":[\"https:\/\/estadocomarte.pt\/site\"],\"url\":\"https:\/\/estadocomarte.pt\/site\/author\/admin\/\"}]}<\/script>\n<!-- \/ Yoast SEO plugin. -->","yoast_head_json":{"title":"E QUEM \u00c9 QUE NOS ACODE, NO MEIO DE TANTA INCOMPET\u00caNCIA? - Estado com Arte","robots":{"index":"index","follow":"follow","max-snippet":"max-snippet:-1","max-image-preview":"max-image-preview:large","max-video-preview":"max-video-preview:-1"},"canonical":"https:\/\/estadocomarte.pt\/site\/2026\/02\/06\/e-quem-e-que-nos-acode-no-meio-de-tanta-incompetencia\/","og_locale":"pt_PT","og_type":"article","og_title":"E QUEM \u00c9 QUE NOS ACODE, NO MEIO DE TANTA INCOMPET\u00caNCIA? - Estado com Arte","og_description":"Rui Gon\u00e7alves, Arquitecto","og_url":"https:\/\/estadocomarte.pt\/site\/2026\/02\/06\/e-quem-e-que-nos-acode-no-meio-de-tanta-incompetencia\/","og_site_name":"Estado com Arte","article_published_time":"2026-02-06T11:55:13+00:00","article_modified_time":"2026-02-06T11:56:31+00:00","og_image":[{"width":536,"height":632,"url":"https:\/\/estadocomarte.pt\/site\/wp-content\/uploads\/2023\/08\/Rui-Goncalves.jpg","type":"image\/jpeg"}],"author":"admin","twitter_card":"summary_large_image","twitter_misc":{"Escrito por":"admin","Tempo estimado de leitura":"7 minutos"},"schema":{"@context":"https:\/\/schema.org","@graph":[{"@type":"Article","@id":"https:\/\/estadocomarte.pt\/site\/2026\/02\/06\/e-quem-e-que-nos-acode-no-meio-de-tanta-incompetencia\/#article","isPartOf":{"@id":"https:\/\/estadocomarte.pt\/site\/2026\/02\/06\/e-quem-e-que-nos-acode-no-meio-de-tanta-incompetencia\/"},"author":{"name":"admin","@id":"https:\/\/estadocomarte.pt\/site\/#\/schema\/person\/c0943a071216c1e5b21f85304151e4ba"},"headline":"E QUEM \u00c9 QUE NOS ACODE, NO MEIO DE TANTA INCOMPET\u00caNCIA?","datePublished":"2026-02-06T11:55:13+00:00","dateModified":"2026-02-06T11:56:31+00:00","mainEntityOfPage":{"@id":"https:\/\/estadocomarte.pt\/site\/2026\/02\/06\/e-quem-e-que-nos-acode-no-meio-de-tanta-incompetencia\/"},"wordCount":1206,"commentCount":0,"publisher":{"@id":"https:\/\/estadocomarte.pt\/site\/#organization"},"image":{"@id":"https:\/\/estadocomarte.pt\/site\/2026\/02\/06\/e-quem-e-que-nos-acode-no-meio-de-tanta-incompetencia\/#primaryimage"},"thumbnailUrl":"https:\/\/estadocomarte.pt\/site\/wp-content\/uploads\/2023\/08\/Rui-Goncalves.jpg","keywords":["Regi\u00e3o Oeste","rui gon\u00e7alves","Tempestade Kristin"],"articleSection":["Bolha Medi\u00e1tica","Isto Para N\u00f3s"],"inLanguage":"pt-PT","potentialAction":[{"@type":"CommentAction","name":"Comment","target":["https:\/\/estadocomarte.pt\/site\/2026\/02\/06\/e-quem-e-que-nos-acode-no-meio-de-tanta-incompetencia\/#respond"]}]},{"@type":"WebPage","@id":"https:\/\/estadocomarte.pt\/site\/2026\/02\/06\/e-quem-e-que-nos-acode-no-meio-de-tanta-incompetencia\/","url":"https:\/\/estadocomarte.pt\/site\/2026\/02\/06\/e-quem-e-que-nos-acode-no-meio-de-tanta-incompetencia\/","name":"E QUEM \u00c9 QUE NOS ACODE, NO MEIO DE TANTA INCOMPET\u00caNCIA? - Estado com Arte","isPartOf":{"@id":"https:\/\/estadocomarte.pt\/site\/#website"},"primaryImageOfPage":{"@id":"https:\/\/estadocomarte.pt\/site\/2026\/02\/06\/e-quem-e-que-nos-acode-no-meio-de-tanta-incompetencia\/#primaryimage"},"image":{"@id":"https:\/\/estadocomarte.pt\/site\/2026\/02\/06\/e-quem-e-que-nos-acode-no-meio-de-tanta-incompetencia\/#primaryimage"},"thumbnailUrl":"https:\/\/estadocomarte.pt\/site\/wp-content\/uploads\/2023\/08\/Rui-Goncalves.jpg","datePublished":"2026-02-06T11:55:13+00:00","dateModified":"2026-02-06T11:56:31+00:00","breadcrumb":{"@id":"https:\/\/estadocomarte.pt\/site\/2026\/02\/06\/e-quem-e-que-nos-acode-no-meio-de-tanta-incompetencia\/#breadcrumb"},"inLanguage":"pt-PT","potentialAction":[{"@type":"ReadAction","target":["https:\/\/estadocomarte.pt\/site\/2026\/02\/06\/e-quem-e-que-nos-acode-no-meio-de-tanta-incompetencia\/"]}]},{"@type":"ImageObject","inLanguage":"pt-PT","@id":"https:\/\/estadocomarte.pt\/site\/2026\/02\/06\/e-quem-e-que-nos-acode-no-meio-de-tanta-incompetencia\/#primaryimage","url":"https:\/\/estadocomarte.pt\/site\/wp-content\/uploads\/2023\/08\/Rui-Goncalves.jpg","contentUrl":"https:\/\/estadocomarte.pt\/site\/wp-content\/uploads\/2023\/08\/Rui-Goncalves.jpg","width":536,"height":632,"caption":"Rui Gon\u00e7alvez"},{"@type":"BreadcrumbList","@id":"https:\/\/estadocomarte.pt\/site\/2026\/02\/06\/e-quem-e-que-nos-acode-no-meio-de-tanta-incompetencia\/#breadcrumb","itemListElement":[{"@type":"ListItem","position":1,"name":"In\u00edcio","item":"https:\/\/estadocomarte.pt\/site\/"},{"@type":"ListItem","position":2,"name":"E QUEM \u00c9 QUE NOS ACODE, NO MEIO DE TANTA INCOMPET\u00caNCIA?"}]},{"@type":"WebSite","@id":"https:\/\/estadocomarte.pt\/site\/#website","url":"https:\/\/estadocomarte.pt\/site\/","name":"Estado com Arte Magazine","description":"Magazine","publisher":{"@id":"https:\/\/estadocomarte.pt\/site\/#organization"},"alternateName":"Magazine semanal sobre pol\u00edtica e cultura, com autores, opini\u00e3o e cr\u00edticas.","potentialAction":[{"@type":"SearchAction","target":{"@type":"EntryPoint","urlTemplate":"https:\/\/estadocomarte.pt\/site\/?s={search_term_string}"},"query-input":{"@type":"PropertyValueSpecification","valueRequired":true,"valueName":"search_term_string"}}],"inLanguage":"pt-PT"},{"@type":"Organization","@id":"https:\/\/estadocomarte.pt\/site\/#organization","name":"Estado com Arte Magazine","alternateName":"Magazine semanal sobre pol\u00edtica e cultura, com autores, opini\u00e3o e cr\u00edticas.","url":"https:\/\/estadocomarte.pt\/site\/","logo":{"@type":"ImageObject","inLanguage":"pt-PT","@id":"https:\/\/estadocomarte.pt\/site\/#\/schema\/logo\/image\/","url":"https:\/\/estadocomarte.pt\/site\/wp-content\/uploads\/2023\/06\/cropped-cropped-Prancheta-2@2x-100.jpg","contentUrl":"https:\/\/estadocomarte.pt\/site\/wp-content\/uploads\/2023\/06\/cropped-cropped-Prancheta-2@2x-100.jpg","width":1777,"height":592,"caption":"Estado com Arte Magazine"},"image":{"@id":"https:\/\/estadocomarte.pt\/site\/#\/schema\/logo\/image\/"},"sameAs":["https:\/\/www.instagram.com\/estadocomartemagazine"]},{"@type":"Person","@id":"https:\/\/estadocomarte.pt\/site\/#\/schema\/person\/c0943a071216c1e5b21f85304151e4ba","name":"admin","image":{"@type":"ImageObject","inLanguage":"pt-PT","@id":"https:\/\/estadocomarte.pt\/site\/#\/schema\/person\/image\/","url":"https:\/\/secure.gravatar.com\/avatar\/e6f378fd6914c8505d3e1d40f51fa953b21bab0f3a5658a33bc84cb5bda780f9?s=96&d=mm&r=g","contentUrl":"https:\/\/secure.gravatar.com\/avatar\/e6f378fd6914c8505d3e1d40f51fa953b21bab0f3a5658a33bc84cb5bda780f9?s=96&d=mm&r=g","caption":"admin"},"sameAs":["https:\/\/estadocomarte.pt\/site"],"url":"https:\/\/estadocomarte.pt\/site\/author\/admin\/"}]}},"_links":{"self":[{"href":"https:\/\/estadocomarte.pt\/site\/wp-json\/wp\/v2\/posts\/12035","targetHints":{"allow":["GET"]}}],"collection":[{"href":"https:\/\/estadocomarte.pt\/site\/wp-json\/wp\/v2\/posts"}],"about":[{"href":"https:\/\/estadocomarte.pt\/site\/wp-json\/wp\/v2\/types\/post"}],"author":[{"embeddable":true,"href":"https:\/\/estadocomarte.pt\/site\/wp-json\/wp\/v2\/users\/1"}],"replies":[{"embeddable":true,"href":"https:\/\/estadocomarte.pt\/site\/wp-json\/wp\/v2\/comments?post=12035"}],"version-history":[{"count":1,"href":"https:\/\/estadocomarte.pt\/site\/wp-json\/wp\/v2\/posts\/12035\/revisions"}],"predecessor-version":[{"id":12036,"href":"https:\/\/estadocomarte.pt\/site\/wp-json\/wp\/v2\/posts\/12035\/revisions\/12036"}],"wp:featuredmedia":[{"embeddable":true,"href":"https:\/\/estadocomarte.pt\/site\/wp-json\/wp\/v2\/media\/2202"}],"wp:attachment":[{"href":"https:\/\/estadocomarte.pt\/site\/wp-json\/wp\/v2\/media?parent=12035"}],"wp:term":[{"taxonomy":"category","embeddable":true,"href":"https:\/\/estadocomarte.pt\/site\/wp-json\/wp\/v2\/categories?post=12035"},{"taxonomy":"post_tag","embeddable":true,"href":"https:\/\/estadocomarte.pt\/site\/wp-json\/wp\/v2\/tags?post=12035"}],"curies":[{"name":"wp","href":"https:\/\/api.w.org\/{rel}","templated":true}]}}